{"id":208211,"date":"2026-03-13T21:30:35","date_gmt":"2026-03-14T00:30:35","guid":{"rendered":"https:\/\/www.correiobraziliense.com.br\/cbradar\/?p=208211"},"modified":"2026-03-13T21:30:38","modified_gmt":"2026-03-14T00:30:38","slug":"mary-wollstonecraft-filosofa-eu-nao-nasci-para-seguir-um-caminho-ja-marcado","status":"publish","type":"post","link":"https:\/\/www.correiobraziliense.com.br\/cbradar\/mary-wollstonecraft-filosofa-eu-nao-nasci-para-seguir-um-caminho-ja-marcado\/","title":{"rendered":"Mary Wollstonecraft, fil\u00f3sofa, \u201cEu n\u00e3o nasci para seguir um caminho j\u00e1 marcado\u201d"},"content":{"rendered":"\n<p>A cita\u00e7\u00e3o de <strong>Mary Wollstonecraft<\/strong> reflete o desejo profundo por autonomia intelectual e liberdade individual em uma sociedade marcada por restri\u00e7\u00f5es. Ao recusar trilhas pr\u00e9-estabelecidas, a pensadora fundamentou as bases do feminismo moderno e da igualdade civil. Sua coragem de questionar tradi\u00e7\u00f5es r\u00edgidas transformou a percep\u00e7\u00e3o global sobre o papel feminino.<\/p>\n\n\n\n<h2 class=\"wp-block-heading\">Como a busca pela autonomia intelectual redefine o destino pessoal?<\/h2>\n\n\n\n<p>Rejeitar um destino imposto exige uma for\u00e7a interna que desafia as normas culturais vigentes em qualquer \u00e9poca da hist\u00f3ria. Quando um indiv\u00edduo decide trilhar seu pr\u00f3prio caminho, ele expande as fronteiras da possibilidade para todos ao seu redor. Essa busca incessante por autenticidade \u00e9 o que permite o florescimento de ideias inovadoras e de uma identidade verdadeiramente s\u00f3lida.<\/p>\n\n\n\n<p>A <strong><a href=\"https:\/\/www.correiobraziliense.com.br\/cbradar\/o-que-significa-amor-fati-a-filosofia-de-nietzsche-que-ensina-a-aceitar-o-destino\/\" target=\"_blank\" rel=\"noreferrer noopener\">fil\u00f3sofa <\/a><\/strong>argumentava que a educa\u00e7\u00e3o era a ferramenta essencial para que as mulheres conquistassem sua independ\u00eancia e dignidade. Ao desenvolverem a raz\u00e3o, as pessoas tornam-se capazes de governar suas pr\u00f3prias vidas sem depender de valida\u00e7\u00f5es externas ou de caminhos limitantes. Esse processo de emancipa\u00e7\u00e3o mental \u00e9 o <strong>alicerce para uma sociedade mais justa<\/strong> e genuinamente igualit\u00e1ria.<\/p>\n\n\n\n<figure class=\"wp-block-image size-full\"><img decoding=\"async\" width=\"1280\" height=\"720\" src=\"https:\/\/www.correiobraziliense.com.br\/cbradar\/wp-content\/uploads\/2026\/03\/Gemini_Generated_Image_1e4rkh1e4rkh1e4r-1-1.png\" alt=\"Mary Wollstonecraft, fil\u00f3sofa, \u201cEu n\u00e3o nasci para seguir um caminho j\u00e1 marcado\u201d\" class=\"wp-image-208218\" srcset=\"https:\/\/www.correiobraziliense.com.br\/cbradar\/wp-content\/uploads\/2026\/03\/Gemini_Generated_Image_1e4rkh1e4rkh1e4r-1-1.png 1280w, https:\/\/www.correiobraziliense.com.br\/cbradar\/wp-content\/uploads\/2026\/03\/Gemini_Generated_Image_1e4rkh1e4rkh1e4r-1-1-300x169.png 300w, https:\/\/www.correiobraziliense.com.br\/cbradar\/wp-content\/uploads\/2026\/03\/Gemini_Generated_Image_1e4rkh1e4rkh1e4r-1-1-768x432.png 768w, https:\/\/www.correiobraziliense.com.br\/cbradar\/wp-content\/uploads\/2026\/03\/Gemini_Generated_Image_1e4rkh1e4rkh1e4r-1-1-750x422.png 750w, https:\/\/www.correiobraziliense.com.br\/cbradar\/wp-content\/uploads\/2026\/03\/Gemini_Generated_Image_1e4rkh1e4rkh1e4r-1-1-1140x641.png 1140w\" sizes=\"(max-width: 1280px) 100vw, 1280px\" \/><figcaption class=\"wp-element-caption\">Mary Wollstonecraft mostrou que escolher o pr\u00f3prio caminho \u00e9 um ato de liberdade e coragem intelectual<\/figcaption><\/figure>\n\n\n\n<h2 class=\"wp-block-heading\">Por que a coragem de divergir das massas gera inova\u00e7\u00e3o social?<\/h2>\n\n\n\n<p>Seguir padr\u00f5es tradicionais muitas vezes impede que solu\u00e7\u00f5es criativas surjam para resolver problemas complexos da conviv\u00eancia humana atual. A diverg\u00eancia construtiva permite que novas perspectivas sejam exploradas, resultando em avan\u00e7os significativos nos direitos humanos e na \u00e9tica coletiva. Indiv\u00edduos que ousam pensar de maneira diferente s\u00e3o os verdadeiros catalisadores das mudan\u00e7as estruturais que moldam o nosso futuro comum.<\/p>\n\n\n\n<p>A resist\u00eancia \u00e0s expectativas sociais fortalece a resili\u00eancia e a capacidade de lideran\u00e7a em contextos desafiadores e competitivos. Ao abra\u00e7ar a incerteza de um caminho n\u00e3o marcado, a pessoa desenvolve compet\u00eancias \u00fanicas que a diferenciam na vida p\u00fablica e privada. Essa postura de vanguarda intelectual \u00e9 o que garante que a humanidade continue evoluindo em dire\u00e7\u00e3o \u00e0 liberdade plena.<\/p>\n\n\n\n<h2 class=\"wp-block-heading\">Quais virtudes s\u00e3o necess\u00e1rias para construir uma trajet\u00f3ria aut\u00eantica e independente?<\/h2>\n\n\n\n<p>Construir uma vida baseada em princ\u00edpios pr\u00f3prios exige uma combina\u00e7\u00e3o de integridade, perseveran\u00e7a e um compromisso inabal\u00e1vel com a verdade. \u00c9 preciso encarar as cr\u00edticas externas com serenidade e manter o foco nos objetivos de longo prazo definidos pela pr\u00f3pria consci\u00eancia. A autenticidade transforma o modo como interagimos com o mundo e como deixamos o nosso legado pessoal.<\/p>\n\n\n\n<p>Para compreender os pilares que sustentam uma caminhada guiada pela raz\u00e3o e pelo desejo de liberdade, observe as seguintes qualidades essenciais:<\/p>\n\n\n\n<figure class=\"wp-block-table\"><table class=\"has-fixed-layout\"><thead><tr><td><strong>Virtude<\/strong><\/td><td><strong>Ess\u00eancia do Atuar<\/strong><\/td><\/tr><\/thead><tbody><tr><td><strong>Pensamento Cr\u00edtico<\/strong><\/td><td>Questionamento constante de dogmas e constructos sociais preestabelecidos.<\/td><\/tr><tr><td><strong>Progresso Educacional<\/strong><\/td><td>A educa\u00e7\u00e3o vista n\u00e3o como t\u00edtulo, mas como a \u00fanica alavanca real de evolu\u00e7\u00e3o.<\/td><\/tr><tr><td><strong>Soberania L\u00f3gica<\/strong><\/td><td>Tomada de decis\u00e3o filtrada pela raz\u00e3o, minimizando ru\u00eddos emocionais impulsivos.<\/td><\/tr><tr><td><strong>Resili\u00eancia \u00c9tica<\/strong><\/td><td>Blindagem emocional e firmeza de car\u00e1ter perante o julgamento de terceiros.<\/td><\/tr><tr><td><strong>Humanismo Universal<\/strong><\/td><td>Compromisso inegoci\u00e1vel com a igualdade e a dignidade de direitos para todos.<\/td><\/tr><\/tbody><\/table><\/figure>\n\n\n\n<h2 class=\"wp-block-heading\">De que maneira o legado de Wollstonecraft influencia os direitos modernos?<\/h2>\n\n\n\n<p>As ideias contidas em suas obras principais serviram como fa\u00edsca para movimentos que lutaram pelo sufr\u00e1gio e pela igualdade jur\u00eddica. O impacto de suas palavras ecoa nas leis contempor\u00e2neas que protegem a autonomia e garantem oportunidades equitativas para todos os g\u00eaneros. Sem a sua voz pioneira, o progresso em dire\u00e7\u00e3o \u00e0 justi\u00e7a social seria significativamente mais lento e dif\u00edcil.<\/p>\n\n\n\n<p>Hoje percebemos que a liberdade individual \u00e9 um valor inalien\u00e1vel que deve ser defendido contra qualquer forma de opress\u00e3o institucional. A heran\u00e7a intelectual deixada pela fil\u00f3sofa nos ensina que a vigil\u00e2ncia constante \u00e9 necess\u00e1ria para manter os direitos conquistados ao longo de s\u00e9culos. A <strong>autonomia \u00e9 a maior conquista<\/strong> de um ser humano consciente de seu papel social.<\/p>\n\n\n\n<figure class=\"wp-block-image size-full\"><img decoding=\"async\" width=\"1280\" height=\"720\" src=\"https:\/\/www.correiobraziliense.com.br\/cbradar\/wp-content\/uploads\/2026\/03\/Gemini_Generated_Image_sg9djesg9djesg9d-1-1.png\" alt=\"Mary Wollstonecraft, fil\u00f3sofa, \u201cEu n\u00e3o nasci para seguir um caminho j\u00e1 marcado\u201d\" class=\"wp-image-208219\" srcset=\"https:\/\/www.correiobraziliense.com.br\/cbradar\/wp-content\/uploads\/2026\/03\/Gemini_Generated_Image_sg9djesg9djesg9d-1-1.png 1280w, https:\/\/www.correiobraziliense.com.br\/cbradar\/wp-content\/uploads\/2026\/03\/Gemini_Generated_Image_sg9djesg9djesg9d-1-1-300x169.png 300w, https:\/\/www.correiobraziliense.com.br\/cbradar\/wp-content\/uploads\/2026\/03\/Gemini_Generated_Image_sg9djesg9djesg9d-1-1-768x432.png 768w, https:\/\/www.correiobraziliense.com.br\/cbradar\/wp-content\/uploads\/2026\/03\/Gemini_Generated_Image_sg9djesg9djesg9d-1-1-750x422.png 750w, https:\/\/www.correiobraziliense.com.br\/cbradar\/wp-content\/uploads\/2026\/03\/Gemini_Generated_Image_sg9djesg9djesg9d-1-1-1140x641.png 1140w\" sizes=\"(max-width: 1280px) 100vw, 1280px\" \/><figcaption class=\"wp-element-caption\">Mary Wollstonecraft mostrou que escolher o pr\u00f3prio caminho \u00e9 um ato de liberdade e coragem intelectual<\/figcaption><\/figure>\n\n\n\n<h2 class=\"wp-block-heading\">Como a filosofia da liberta\u00e7\u00e3o mental transforma o aprendizado acad\u00eamico hoje?<\/h2>\n\n\n\n<p>O ensino moderno valoriza cada vez mais o pensamento independente e a capacidade de questionar fontes de informa\u00e7\u00e3o duvidosas. Incentivar os jovens a encontrarem suas pr\u00f3prias vozes \u00e9 o segredo para formar l\u00edderes preparados para os desafios do s\u00e9culo vinte e um. Essa educa\u00e7\u00e3o voltada para a liberdade \u00e9 o que impede a repeti\u00e7\u00e3o de erros hist\u00f3ricos graves.<\/p>\n\n\n\n<p>A busca por refer\u00eancias hist\u00f3ricas s\u00f3lidas permite que as novas gera\u00e7\u00f5es compreendam a evolu\u00e7\u00e3o das lutas por dignidade e respeito m\u00fatuo. Para explorar o impacto das obras de <strong>Mary Wollstonecraft<\/strong> na hist\u00f3ria do pensamento ocidental, consulte os registros da <strong><a target=\"_blank\" rel=\"noreferrer noopener\" href=\"https:\/\/plato.stanford.edu\/entries\/wollstonecraft\/\">Stanford Encyclopedia of Philosophy<\/a><\/strong>. Ter acesso a esses documentos oficiais \u00e9 fundamental para fundamentar qualquer debate sobre liberdade e justi\u00e7a na nossa sociedade global.<\/p>\n","protected":false},"excerpt":{"rendered":"<p>A cita\u00e7\u00e3o de Mary Wollstonecraft reflete o desejo profundo por autonomia intelectual e liberdade individual em uma sociedade marcada por restri\u00e7\u00f5es. Ao recusar trilhas pr\u00e9-estabelecidas, a pensadora fundamentou as bases do feminismo moderno e da igualdade civil. Sua coragem de questionar tradi\u00e7\u00f5es r\u00edgidas transformou a percep\u00e7\u00e3o global sobre o papel feminino. Como a busca pela [&hellip;]<\/p>\n","protected":false},"author":21,"featured_media":208216,"comment_status":"open","ping_status":"open","sticky":false,"template":"","format":"standard","meta":{"_yoast_wpseo_focuskw":"frase de mary wollstonecraft sobre liberdade","_yoast_wpseo_title":"","_yoast_wpseo_metadesc":"A frase de Mary Wollstonecraft revela uma reflex\u00e3o poderosa sobre liberdade, autonomia e o direito de escolher o pr\u00f3prio caminho.","jnews-multi-image_gallery":[],"jnews_single_post":{"format":"standard"},"jnews_primary_category":[],"jnews_social_meta":[],"jnews_override_counter":[],"footnotes":""},"categories":[112],"tags":[16115,15472,5078,16114],"class_list":["post-208211","post","type-post","status-publish","format-standard","has-post-thumbnail","hentry","category-curiosidades","tag-caminho","tag-filosofa-2","tag-filosofia","tag-mary-wollstonecraft"],"yoast_head":"<!-- This site is optimized with the Yoast SEO plugin v24.6 - https:\/\/yoast.com\/wordpress\/plugins\/seo\/ -->\n<title>Mary Wollstonecraft, fil\u00f3sofa, \u201cEu n\u00e3o nasci para seguir um caminho j\u00e1 marcado\u201d - Correio Braziliense - Radar<\/title>\n<meta name=\"description\" content=\"A frase de Mary Wollstonecraft revela uma reflex\u00e3o poderosa sobre liberdade, autonomia e o direito de escolher o pr\u00f3prio caminho.\" \/>\n<meta name=\"robots\" content=\"index, follow, max-snippet:-1, max-image-preview:large, max-video-preview:-1\" \/>\n<link rel=\"canonical\" href=\"https:\/\/www.correiobraziliense.com.br\/cbradar\/mary-wollstonecraft-filosofa-eu-nao-nasci-para-seguir-um-caminho-ja-marcado\/\" \/>\n<meta property=\"og:locale\" content=\"pt_BR\" \/>\n<meta property=\"og:type\" content=\"article\" \/>\n<meta property=\"og:title\" content=\"Mary Wollstonecraft, fil\u00f3sofa, \u201cEu n\u00e3o nasci para seguir um caminho j\u00e1 marcado\u201d - Correio Braziliense - Radar\" \/>\n<meta property=\"og:description\" content=\"A frase de Mary Wollstonecraft revela uma reflex\u00e3o poderosa sobre liberdade, autonomia e o direito de escolher o pr\u00f3prio caminho.\" \/>\n<meta property=\"og:url\" content=\"https:\/\/www.correiobraziliense.com.br\/cbradar\/mary-wollstonecraft-filosofa-eu-nao-nasci-para-seguir-um-caminho-ja-marcado\/\" \/>\n<meta property=\"og:site_name\" content=\"Correio Braziliense - Radar\" \/>\n<meta property=\"article:published_time\" content=\"2026-03-14T00:30:35+00:00\" \/>\n<meta property=\"article:modified_time\" content=\"2026-03-14T00:30:38+00:00\" \/>\n<meta property=\"og:image\" content=\"https:\/\/www.correiobraziliense.com.br\/cbradar\/wp-content\/uploads\/2026\/03\/Gemini_Generated_Image_54b7ck54b7ck54b7-1-1.png\" \/>\n\t<meta property=\"og:image:width\" content=\"1280\" \/>\n\t<meta property=\"og:image:height\" content=\"720\" \/>\n\t<meta property=\"og:image:type\" content=\"image\/png\" \/>\n<meta name=\"author\" content=\"Patrick Silva\" \/>\n<meta name=\"twitter:card\" content=\"summary_large_image\" \/>\n<meta name=\"twitter:label1\" content=\"Escrito por\" \/>\n\t<meta name=\"twitter:data1\" content=\"Patrick Silva\" \/>\n\t<meta name=\"twitter:label2\" content=\"Est. tempo de leitura\" \/>\n\t<meta name=\"twitter:data2\" content=\"5 minutos\" \/>\n<!-- \/ Yoast SEO plugin. -->","yoast_head_json":{"title":"Mary Wollstonecraft, fil\u00f3sofa, \u201cEu n\u00e3o nasci para seguir um caminho j\u00e1 marcado\u201d - Correio Braziliense - Radar","description":"A frase de Mary Wollstonecraft revela uma reflex\u00e3o poderosa sobre liberdade, autonomia e o direito de escolher o pr\u00f3prio caminho.","robots":{"index":"index","follow":"follow","max-snippet":"max-snippet:-1","max-image-preview":"max-image-preview:large","max-video-preview":"max-video-preview:-1"},"canonical":"https:\/\/www.correiobraziliense.com.br\/cbradar\/mary-wollstonecraft-filosofa-eu-nao-nasci-para-seguir-um-caminho-ja-marcado\/","og_locale":"pt_BR","og_type":"article","og_title":"Mary Wollstonecraft, fil\u00f3sofa, \u201cEu n\u00e3o nasci para seguir um caminho j\u00e1 marcado\u201d - Correio Braziliense - Radar","og_description":"A frase de Mary Wollstonecraft revela uma reflex\u00e3o poderosa sobre liberdade, autonomia e o direito de escolher o pr\u00f3prio caminho.","og_url":"https:\/\/www.correiobraziliense.com.br\/cbradar\/mary-wollstonecraft-filosofa-eu-nao-nasci-para-seguir-um-caminho-ja-marcado\/","og_site_name":"Correio Braziliense - Radar","article_published_time":"2026-03-14T00:30:35+00:00","article_modified_time":"2026-03-14T00:30:38+00:00","og_image":[{"width":1280,"height":720,"url":"https:\/\/www.correiobraziliense.com.br\/cbradar\/wp-content\/uploads\/2026\/03\/Gemini_Generated_Image_54b7ck54b7ck54b7-1-1.png","type":"image\/png"}],"author":"Patrick Silva","twitter_card":"summary_large_image","twitter_misc":{"Escrito por":"Patrick Silva","Est. tempo de leitura":"5 minutos"},"schema":{"@context":"https:\/\/schema.org","@graph":[{"@type":"WebPage","@id":"https:\/\/www.correiobraziliense.com.br\/cbradar\/mary-wollstonecraft-filosofa-eu-nao-nasci-para-seguir-um-caminho-ja-marcado\/","url":"https:\/\/www.correiobraziliense.com.br\/cbradar\/mary-wollstonecraft-filosofa-eu-nao-nasci-para-seguir-um-caminho-ja-marcado\/","name":"Mary Wollstonecraft, fil\u00f3sofa, \u201cEu n\u00e3o nasci para seguir um caminho j\u00e1 marcado\u201d - Correio Braziliense - Radar","isPartOf":{"@id":"https:\/\/www.correiobraziliense.com.br\/cbradar\/#website"},"primaryImageOfPage":{"@id":"https:\/\/www.correiobraziliense.com.br\/cbradar\/mary-wollstonecraft-filosofa-eu-nao-nasci-para-seguir-um-caminho-ja-marcado\/#primaryimage"},"image":{"@id":"https:\/\/www.correiobraziliense.com.br\/cbradar\/mary-wollstonecraft-filosofa-eu-nao-nasci-para-seguir-um-caminho-ja-marcado\/#primaryimage"},"thumbnailUrl":"https:\/\/www.correiobraziliense.com.br\/cbradar\/wp-content\/uploads\/2026\/03\/Gemini_Generated_Image_54b7ck54b7ck54b7-1-1.png","datePublished":"2026-03-14T00:30:35+00:00","dateModified":"2026-03-14T00:30:38+00:00","author":{"@id":"https:\/\/www.correiobraziliense.com.br\/cbradar\/#\/schema\/person\/5440b72be9c7eb74f446c846479dc4da"},"description":"A frase de Mary Wollstonecraft revela uma reflex\u00e3o poderosa sobre liberdade, autonomia e o direito de escolher o pr\u00f3prio caminho.","breadcrumb":{"@id":"https:\/\/www.correiobraziliense.com.br\/cbradar\/mary-wollstonecraft-filosofa-eu-nao-nasci-para-seguir-um-caminho-ja-marcado\/#breadcrumb"},"inLanguage":"pt-BR","potentialAction":[{"@type":"ReadAction","target":["https:\/\/www.correiobraziliense.com.br\/cbradar\/mary-wollstonecraft-filosofa-eu-nao-nasci-para-seguir-um-caminho-ja-marcado\/"]}]},{"@type":"ImageObject","inLanguage":"pt-BR","@id":"https:\/\/www.correiobraziliense.com.br\/cbradar\/mary-wollstonecraft-filosofa-eu-nao-nasci-para-seguir-um-caminho-ja-marcado\/#primaryimage","url":"https:\/\/www.correiobraziliense.com.br\/cbradar\/wp-content\/uploads\/2026\/03\/Gemini_Generated_Image_54b7ck54b7ck54b7-1-1.png","contentUrl":"https:\/\/www.correiobraziliense.com.br\/cbradar\/wp-content\/uploads\/2026\/03\/Gemini_Generated_Image_54b7ck54b7ck54b7-1-1.png","width":1280,"height":720,"caption":"Mary Wollstonecraft mostrou que escolher o pr\u00f3prio caminho \u00e9 um ato de liberdade e coragem intelectual"},{"@type":"BreadcrumbList","@id":"https:\/\/www.correiobraziliense.com.br\/cbradar\/mary-wollstonecraft-filosofa-eu-nao-nasci-para-seguir-um-caminho-ja-marcado\/#breadcrumb","itemListElement":[{"@type":"ListItem","position":1,"name":"In\u00edcio","item":"https:\/\/www.correiobraziliense.com.br\/cbradar\/"},{"@type":"ListItem","position":2,"name":"Mary Wollstonecraft, fil\u00f3sofa, \u201cEu n\u00e3o nasci para seguir um caminho j\u00e1 marcado\u201d"}]},{"@type":"WebSite","@id":"https:\/\/www.correiobraziliense.com.br\/cbradar\/#website","url":"https:\/\/www.correiobraziliense.com.br\/cbradar\/","name":"Correio Braziliense - Radar","description":"Acompanhe as \u00faltimas not\u00edcias e fique bem informado sobre tudo o que acontece no Brasil e no mundo.","potentialAction":[{"@type":"SearchAction","target":{"@type":"EntryPoint","urlTemplate":"https:\/\/www.correiobraziliense.com.br\/cbradar\/?s={search_term_string}"},"query-input":{"@type":"PropertyValueSpecification","valueRequired":true,"valueName":"search_term_string"}}],"inLanguage":"pt-BR"},{"@type":"Person","@id":"https:\/\/www.correiobraziliense.com.br\/cbradar\/#\/schema\/person\/5440b72be9c7eb74f446c846479dc4da","name":"Patrick Silva","image":{"@type":"ImageObject","inLanguage":"pt-BR","@id":"https:\/\/www.correiobraziliense.com.br\/cbradar\/#\/schema\/person\/image\/","url":"https:\/\/secure.gravatar.com\/avatar\/944109df296fc087785c9715fd5f80b2?s=96&d=mm&r=g","contentUrl":"https:\/\/secure.gravatar.com\/avatar\/944109df296fc087785c9715fd5f80b2?s=96&d=mm&r=g","caption":"Patrick Silva"},"sameAs":["https:\/\/www.correiobraziliense.com.br\/cbradar\/"],"url":"https:\/\/www.correiobraziliense.com.br\/cbradar\/author\/patrick-silva\/"}]}},"_links":{"self":[{"href":"https:\/\/www.correiobraziliense.com.br\/cbradar\/wp-json\/wp\/v2\/posts\/208211","targetHints":{"allow":["GET"]}}],"collection":[{"href":"https:\/\/www.correiobraziliense.com.br\/cbradar\/wp-json\/wp\/v2\/posts"}],"about":[{"href":"https:\/\/www.correiobraziliense.com.br\/cbradar\/wp-json\/wp\/v2\/types\/post"}],"author":[{"embeddable":true,"href":"https:\/\/www.correiobraziliense.com.br\/cbradar\/wp-json\/wp\/v2\/users\/21"}],"replies":[{"embeddable":true,"href":"https:\/\/www.correiobraziliense.com.br\/cbradar\/wp-json\/wp\/v2\/comments?post=208211"}],"version-history":[{"count":3,"href":"https:\/\/www.correiobraziliense.com.br\/cbradar\/wp-json\/wp\/v2\/posts\/208211\/revisions"}],"predecessor-version":[{"id":208221,"href":"https:\/\/www.correiobraziliense.com.br\/cbradar\/wp-json\/wp\/v2\/posts\/208211\/revisions\/208221"}],"wp:featuredmedia":[{"embeddable":true,"href":"https:\/\/www.correiobraziliense.com.br\/cbradar\/wp-json\/wp\/v2\/media\/208216"}],"wp:attachment":[{"href":"https:\/\/www.correiobraziliense.com.br\/cbradar\/wp-json\/wp\/v2\/media?parent=208211"}],"wp:term":[{"taxonomy":"category","embeddable":true,"href":"https:\/\/www.correiobraziliense.com.br\/cbradar\/wp-json\/wp\/v2\/categories?post=208211"},{"taxonomy":"post_tag","embeddable":true,"href":"https:\/\/www.correiobraziliense.com.br\/cbradar\/wp-json\/wp\/v2\/tags?post=208211"}],"curies":[{"name":"wp","href":"https:\/\/api.w.org\/{rel}","templated":true}]}}