{"id":208238,"date":"2026-03-13T21:51:11","date_gmt":"2026-03-14T00:51:11","guid":{"rendered":"https:\/\/www.correiobraziliense.com.br\/cbradar\/?p=208238"},"modified":"2026-03-13T21:51:14","modified_gmt":"2026-03-14T00:51:14","slug":"6-habitos-de-autocuidado-que-fazem-voce-se-sentir-mais-bonita-sem-maquiagem","status":"publish","type":"post","link":"https:\/\/www.correiobraziliense.com.br\/cbradar\/6-habitos-de-autocuidado-que-fazem-voce-se-sentir-mais-bonita-sem-maquiagem\/","title":{"rendered":"6 h\u00e1bitos de autocuidado que fazem voc\u00ea se sentir mais bonita sem maquiagem"},"content":{"rendered":"\n<p>Priorizar o autocuidado \u00e9 o primeiro passo para elevar a autoestima e ressaltar a beleza natural sem depender de cosm\u00e9ticos pesados. Pequenas mudan\u00e7as na rotina di\u00e1ria promovem uma pele saud\u00e1vel, um olhar descansado e uma confian\u00e7a genu\u00edna que irradia de dentro para fora. Cuidar do corpo e da mente \u00e9 essencial para todos.<\/p>\n\n\n\n<h2 class=\"wp-block-heading\">Como o sono de qualidade transforma o seu semblante matinal?<\/h2>\n\n\n\n<p>Dormir o tempo necess\u00e1rio permite que o organismo realize a repara\u00e7\u00e3o celular de forma eficiente durante toda a noite. O sono profundo reduz a produ\u00e7\u00e3o de cortisol e evita o aparecimento de olheiras profundas e incha\u00e7o indesejado no rosto. Ter um repouso adequado \u00e9 uma <strong>ferramenta indispens\u00e1vel para a beleza<\/strong> e para a sa\u00fade mental.<\/p>\n\n\n\n<p>Estabelecer um hor\u00e1rio fixo para descansar ajuda a regular o ritmo circadiano e melhora a oxigena\u00e7\u00e3o dos tecidos cut\u00e2neos. Quando voc\u00ea descansa bem, a pele ganha um brilho natural e uma textura muito mais suave ao toque. Essa pr\u00e1tica simples elimina a necessidade de corretivos para disfar\u00e7ar o cansa\u00e7o acumulado diariamente no trabalho produtivo e cansativo.<\/p>\n\n\n\n<figure class=\"wp-block-image size-full\"><img decoding=\"async\" width=\"1280\" height=\"720\" src=\"https:\/\/www.correiobraziliense.com.br\/cbradar\/wp-content\/uploads\/2026\/03\/Gemini_Generated_Image_rnph8arnph8arnph-1-1.png\" alt=\"6 h\u00e1bitos de autocuidado que fazem voc\u00ea se sentir mais bonita sem maquiagem\" class=\"wp-image-208248\" srcset=\"https:\/\/www.correiobraziliense.com.br\/cbradar\/wp-content\/uploads\/2026\/03\/Gemini_Generated_Image_rnph8arnph8arnph-1-1.png 1280w, https:\/\/www.correiobraziliense.com.br\/cbradar\/wp-content\/uploads\/2026\/03\/Gemini_Generated_Image_rnph8arnph8arnph-1-1-300x169.png 300w, https:\/\/www.correiobraziliense.com.br\/cbradar\/wp-content\/uploads\/2026\/03\/Gemini_Generated_Image_rnph8arnph8arnph-1-1-768x432.png 768w, https:\/\/www.correiobraziliense.com.br\/cbradar\/wp-content\/uploads\/2026\/03\/Gemini_Generated_Image_rnph8arnph8arnph-1-1-750x422.png 750w, https:\/\/www.correiobraziliense.com.br\/cbradar\/wp-content\/uploads\/2026\/03\/Gemini_Generated_Image_rnph8arnph8arnph-1-1-1140x641.png 1140w\" sizes=\"(max-width: 1280px) 100vw, 1280px\" \/><figcaption class=\"wp-element-caption\">Pequenos h\u00e1bitos de autocuidado ajudam a revelar uma beleza natural saud\u00e1vel e confiante todos os dias<\/figcaption><\/figure>\n\n\n\n<h2 class=\"wp-block-heading\">Por que a hidrata\u00e7\u00e3o constante \u00e9 vital para o brilho da derme?<\/h2>\n\n\n\n<p>Beber \u00e1gua regularmente mant\u00e9m as c\u00e9lulas hidratadas e auxilia na elimina\u00e7\u00e3o de toxinas prejudiciais ao equil\u00edbrio do nosso corpo. A falta de l\u00edquidos torna a pele opaca, seca e propensa ao surgimento de rugas finas precoces. Uma hidrata\u00e7\u00e3o interna adequada reflete diretamente na elasticidade e no vi\u00e7o natural do rosto feminino e masculino tamb\u00e9m.<\/p>\n\n\n\n<p>Aplicar um bom hidratante logo ap\u00f3s o banho ajuda a selar a umidade natural e protege contra agentes externos agressivos. Esse h\u00e1bito di\u00e1rio fortalece a barreira cut\u00e2nea e previne irrita\u00e7\u00f5es que podem comprometer a apar\u00eancia saud\u00e1vel da pele. Manter-se hidratada \u00e9 um <strong>investimento de baixo custo<\/strong> que gera resultados vis\u00edveis e muito duradouros para todos os indiv\u00edduos.<\/p>\n\n\n\n<h2 class=\"wp-block-heading\">Quais rituais b\u00e1sicos garantem uma apar\u00eancia renovada todos os dias?<\/h2>\n\n\n\n<p>Limpar o rosto com produtos adequados para o seu tipo de pele remove impurezas e excesso de oleosidade acumulada. Essa higiene b\u00e1sica previne o surgimento de cravos e espinhas, que costumam abalar a confian\u00e7a de quem prefere n\u00e3o usar <a href=\"https:\/\/www.correiobraziliense.com.br\/cbradar\/o-que-significa-parar-de-usar-maquiagem-depois-de-certa-idade-segundo-a-psicologia\/\" target=\"_blank\" rel=\"noreferrer noopener\">maquiagem <\/a>e quer se sentir bem. A const\u00e2ncia nos cuidados garante uma face sempre limpa e radiante.<\/p>\n\n\n\n<figure class=\"wp-block-image size-large\"><img decoding=\"async\" width=\"1182\" height=\"720\" src=\"https:\/\/www.correiobraziliense.com.br\/cbradar\/wp-content\/uploads\/2026\/03\/convertido-45-1182x720.jpg\" alt=\"\" class=\"wp-image-208246\" srcset=\"https:\/\/www.correiobraziliense.com.br\/cbradar\/wp-content\/uploads\/2026\/03\/convertido-45-1182x720.jpg 1182w, https:\/\/www.correiobraziliense.com.br\/cbradar\/wp-content\/uploads\/2026\/03\/convertido-45-300x183.jpg 300w, https:\/\/www.correiobraziliense.com.br\/cbradar\/wp-content\/uploads\/2026\/03\/convertido-45-768x468.jpg 768w, https:\/\/www.correiobraziliense.com.br\/cbradar\/wp-content\/uploads\/2026\/03\/convertido-45-750x457.jpg 750w, https:\/\/www.correiobraziliense.com.br\/cbradar\/wp-content\/uploads\/2026\/03\/convertido-45-1140x695.jpg 1140w, https:\/\/www.correiobraziliense.com.br\/cbradar\/wp-content\/uploads\/2026\/03\/convertido-45.jpg 1280w\" sizes=\"(max-width: 1182px) 100vw, 1182px\" \/><\/figure>\n\n\n\n<h2 class=\"wp-block-heading\">De que maneira a alimenta\u00e7\u00e3o influencia a sa\u00fade dos seus cabelos?<\/h2>\n\n\n\n<p>Consumir alimentos ricos em vitaminas e minerais fortalece os fios desde a raiz e proporciona um brilho natural incr\u00edvel. Prote\u00ednas e gorduras saud\u00e1veis s\u00e3o essenciais para manter a estrutura capilar resistente contra a quebra e o frizz constante. Uma dieta equilibrada \u00e9 o segredo para ter cabelos deslumbrantes sem precisar de produtos qu\u00edmicos ou tratamentos caros.<\/p>\n\n\n\n<p>Evitar o consumo excessivo de a\u00e7\u00facar e alimentos processados ajuda a reduzir inflama\u00e7\u00f5es que afetam a sa\u00fade do couro cabeludo. Quando nutrimos o corpo corretamente, os resultados aparecem na vitalidade dos cabelos e na for\u00e7a das unhas. A nutri\u00e7\u00e3o adequada \u00e9 a <strong>base para uma est\u00e9tica impec\u00e1vel<\/strong> e cheia de vigor juvenil em qualquer fase da vida.<\/p>\n\n\n\n<figure class=\"wp-block-image size-full\"><img decoding=\"async\" width=\"1280\" height=\"720\" src=\"https:\/\/www.correiobraziliense.com.br\/cbradar\/wp-content\/uploads\/2026\/03\/Gemini_Generated_Image_slb5spslb5spslb5-1-1.png\" alt=\"6 h\u00e1bitos de autocuidado que fazem voc\u00ea se sentir mais bonita sem maquiagem\" class=\"wp-image-208241\" srcset=\"https:\/\/www.correiobraziliense.com.br\/cbradar\/wp-content\/uploads\/2026\/03\/Gemini_Generated_Image_slb5spslb5spslb5-1-1.png 1280w, https:\/\/www.correiobraziliense.com.br\/cbradar\/wp-content\/uploads\/2026\/03\/Gemini_Generated_Image_slb5spslb5spslb5-1-1-300x169.png 300w, https:\/\/www.correiobraziliense.com.br\/cbradar\/wp-content\/uploads\/2026\/03\/Gemini_Generated_Image_slb5spslb5spslb5-1-1-768x432.png 768w, https:\/\/www.correiobraziliense.com.br\/cbradar\/wp-content\/uploads\/2026\/03\/Gemini_Generated_Image_slb5spslb5spslb5-1-1-750x422.png 750w, https:\/\/www.correiobraziliense.com.br\/cbradar\/wp-content\/uploads\/2026\/03\/Gemini_Generated_Image_slb5spslb5spslb5-1-1-1140x641.png 1140w\" sizes=\"(max-width: 1280px) 100vw, 1280px\" \/><figcaption class=\"wp-element-caption\">Pequenos h\u00e1bitos de autocuidado ajudam a revelar uma beleza natural saud\u00e1vel e confiante todos os dias<\/figcaption><\/figure>\n\n\n\n<h2 class=\"wp-block-heading\">Qual o papel da prote\u00e7\u00e3o solar na preserva\u00e7\u00e3o da juventude facial?<\/h2>\n\n\n\n<p>O uso di\u00e1rio de filtro solar impede que os raios ultravioletas causem danos profundos \u00e0s fibras de col\u00e1geno e elastina. Essa prote\u00e7\u00e3o \u00e9 fundamental para evitar manchas senis e manter a uniformidade do tom da pele por muito mais tempo. Proteger-se do sol \u00e9 a maneira mais eficaz de prevenir o envelhecimento precoce hoje em todo mundo.<\/p>\n\n\n\n<p>Manter a pele protegida reduz drasticamente o risco de desenvolver doen\u00e7as graves e mant\u00e9m a integridade da barreira protetora do rosto. Para entender a import\u00e2ncia desses cuidados preventivos, consulte as orienta\u00e7\u00f5es oficiais da <strong><a target=\"_blank\" rel=\"noreferrer noopener\" href=\"https:\/\/www.aad.org\/public\/everyday-care\/sun-protection\/shade-clothing-sunscreen\/sunscreen-faqs\">American Academy of Dermatology<\/a><\/strong>. Estar atenta a esses detalhes \u00e9 essencial para garantir uma apar\u00eancia sempre jovem, saud\u00e1vel e muito bonita em qualquer idade.<\/p>\n","protected":false},"excerpt":{"rendered":"<p>Priorizar o autocuidado \u00e9 o primeiro passo para elevar a autoestima e ressaltar a beleza natural sem depender de cosm\u00e9ticos pesados. Pequenas mudan\u00e7as na rotina di\u00e1ria promovem uma pele saud\u00e1vel, um olhar descansado e uma confian\u00e7a genu\u00edna que irradia de dentro para fora. Cuidar do corpo e da mente \u00e9 essencial para todos. Como o [&hellip;]<\/p>\n","protected":false},"author":21,"featured_media":208243,"comment_status":"open","ping_status":"open","sticky":false,"template":"","format":"standard","meta":{"_yoast_wpseo_focuskw":"h\u00e1bitos de autocuidado para beleza natural","_yoast_wpseo_title":"","_yoast_wpseo_metadesc":"Pequenos h\u00e1bitos de autocuidado podem transformar a apar\u00eancia natural da pele, cabelo e sorriso sem depender de maquiagem.","jnews-multi-image_gallery":[],"jnews_single_post":{"format":"standard"},"jnews_primary_category":[],"jnews_social_meta":[],"jnews_override_counter":[],"footnotes":""},"categories":[124],"tags":[1385,403,3370,1572],"class_list":["post-208238","post","type-post","status-publish","format-standard","has-post-thumbnail","hentry","category-beleza","tag-autocuidado","tag-autoestima","tag-maquiagem","tag-mulheres"],"yoast_head":"<!-- This site is optimized with the Yoast SEO plugin v24.6 - https:\/\/yoast.com\/wordpress\/plugins\/seo\/ -->\n<title>6 h\u00e1bitos de autocuidado que fazem voc\u00ea se sentir mais bonita sem maquiagem - Correio Braziliense - Radar<\/title>\n<meta name=\"description\" content=\"Pequenos h\u00e1bitos de autocuidado podem transformar a apar\u00eancia natural da pele, cabelo e sorriso sem depender de maquiagem.\" \/>\n<meta name=\"robots\" content=\"index, follow, max-snippet:-1, max-image-preview:large, max-video-preview:-1\" \/>\n<link rel=\"canonical\" href=\"https:\/\/www.correiobraziliense.com.br\/cbradar\/6-habitos-de-autocuidado-que-fazem-voce-se-sentir-mais-bonita-sem-maquiagem\/\" \/>\n<meta property=\"og:locale\" content=\"pt_BR\" \/>\n<meta property=\"og:type\" content=\"article\" \/>\n<meta property=\"og:title\" content=\"6 h\u00e1bitos de autocuidado que fazem voc\u00ea se sentir mais bonita sem maquiagem - Correio Braziliense - Radar\" \/>\n<meta property=\"og:description\" content=\"Pequenos h\u00e1bitos de autocuidado podem transformar a apar\u00eancia natural da pele, cabelo e sorriso sem depender de maquiagem.\" \/>\n<meta property=\"og:url\" content=\"https:\/\/www.correiobraziliense.com.br\/cbradar\/6-habitos-de-autocuidado-que-fazem-voce-se-sentir-mais-bonita-sem-maquiagem\/\" \/>\n<meta property=\"og:site_name\" content=\"Correio Braziliense - Radar\" \/>\n<meta property=\"article:published_time\" content=\"2026-03-14T00:51:11+00:00\" \/>\n<meta property=\"article:modified_time\" content=\"2026-03-14T00:51:14+00:00\" \/>\n<meta property=\"og:image\" content=\"https:\/\/www.correiobraziliense.com.br\/cbradar\/wp-content\/uploads\/2026\/03\/Gemini_Generated_Image_dp9zztdp9zztdp9z-1-1.png\" \/>\n\t<meta property=\"og:image:width\" content=\"1280\" \/>\n\t<meta property=\"og:image:height\" content=\"720\" \/>\n\t<meta property=\"og:image:type\" content=\"image\/png\" \/>\n<meta name=\"author\" content=\"Patrick Silva\" \/>\n<meta name=\"twitter:card\" content=\"summary_large_image\" \/>\n<meta name=\"twitter:label1\" content=\"Escrito por\" \/>\n\t<meta name=\"twitter:data1\" content=\"Patrick Silva\" \/>\n\t<meta name=\"twitter:label2\" content=\"Est. tempo de leitura\" \/>\n\t<meta name=\"twitter:data2\" content=\"5 minutos\" \/>\n<!-- \/ Yoast SEO plugin. -->","yoast_head_json":{"title":"6 h\u00e1bitos de autocuidado que fazem voc\u00ea se sentir mais bonita sem maquiagem - Correio Braziliense - Radar","description":"Pequenos h\u00e1bitos de autocuidado podem transformar a apar\u00eancia natural da pele, cabelo e sorriso sem depender de maquiagem.","robots":{"index":"index","follow":"follow","max-snippet":"max-snippet:-1","max-image-preview":"max-image-preview:large","max-video-preview":"max-video-preview:-1"},"canonical":"https:\/\/www.correiobraziliense.com.br\/cbradar\/6-habitos-de-autocuidado-que-fazem-voce-se-sentir-mais-bonita-sem-maquiagem\/","og_locale":"pt_BR","og_type":"article","og_title":"6 h\u00e1bitos de autocuidado que fazem voc\u00ea se sentir mais bonita sem maquiagem - Correio Braziliense - Radar","og_description":"Pequenos h\u00e1bitos de autocuidado podem transformar a apar\u00eancia natural da pele, cabelo e sorriso sem depender de maquiagem.","og_url":"https:\/\/www.correiobraziliense.com.br\/cbradar\/6-habitos-de-autocuidado-que-fazem-voce-se-sentir-mais-bonita-sem-maquiagem\/","og_site_name":"Correio Braziliense - Radar","article_published_time":"2026-03-14T00:51:11+00:00","article_modified_time":"2026-03-14T00:51:14+00:00","og_image":[{"width":1280,"height":720,"url":"https:\/\/www.correiobraziliense.com.br\/cbradar\/wp-content\/uploads\/2026\/03\/Gemini_Generated_Image_dp9zztdp9zztdp9z-1-1.png","type":"image\/png"}],"author":"Patrick Silva","twitter_card":"summary_large_image","twitter_misc":{"Escrito por":"Patrick Silva","Est. tempo de leitura":"5 minutos"},"schema":{"@context":"https:\/\/schema.org","@graph":[{"@type":"WebPage","@id":"https:\/\/www.correiobraziliense.com.br\/cbradar\/6-habitos-de-autocuidado-que-fazem-voce-se-sentir-mais-bonita-sem-maquiagem\/","url":"https:\/\/www.correiobraziliense.com.br\/cbradar\/6-habitos-de-autocuidado-que-fazem-voce-se-sentir-mais-bonita-sem-maquiagem\/","name":"6 h\u00e1bitos de autocuidado que fazem voc\u00ea se sentir mais bonita sem maquiagem - Correio Braziliense - Radar","isPartOf":{"@id":"https:\/\/www.correiobraziliense.com.br\/cbradar\/#website"},"primaryImageOfPage":{"@id":"https:\/\/www.correiobraziliense.com.br\/cbradar\/6-habitos-de-autocuidado-que-fazem-voce-se-sentir-mais-bonita-sem-maquiagem\/#primaryimage"},"image":{"@id":"https:\/\/www.correiobraziliense.com.br\/cbradar\/6-habitos-de-autocuidado-que-fazem-voce-se-sentir-mais-bonita-sem-maquiagem\/#primaryimage"},"thumbnailUrl":"https:\/\/www.correiobraziliense.com.br\/cbradar\/wp-content\/uploads\/2026\/03\/Gemini_Generated_Image_dp9zztdp9zztdp9z-1-1.png","datePublished":"2026-03-14T00:51:11+00:00","dateModified":"2026-03-14T00:51:14+00:00","author":{"@id":"https:\/\/www.correiobraziliense.com.br\/cbradar\/#\/schema\/person\/5440b72be9c7eb74f446c846479dc4da"},"description":"Pequenos h\u00e1bitos de autocuidado podem transformar a apar\u00eancia natural da pele, cabelo e sorriso sem depender de maquiagem.","breadcrumb":{"@id":"https:\/\/www.correiobraziliense.com.br\/cbradar\/6-habitos-de-autocuidado-que-fazem-voce-se-sentir-mais-bonita-sem-maquiagem\/#breadcrumb"},"inLanguage":"pt-BR","potentialAction":[{"@type":"ReadAction","target":["https:\/\/www.correiobraziliense.com.br\/cbradar\/6-habitos-de-autocuidado-que-fazem-voce-se-sentir-mais-bonita-sem-maquiagem\/"]}]},{"@type":"ImageObject","inLanguage":"pt-BR","@id":"https:\/\/www.correiobraziliense.com.br\/cbradar\/6-habitos-de-autocuidado-que-fazem-voce-se-sentir-mais-bonita-sem-maquiagem\/#primaryimage","url":"https:\/\/www.correiobraziliense.com.br\/cbradar\/wp-content\/uploads\/2026\/03\/Gemini_Generated_Image_dp9zztdp9zztdp9z-1-1.png","contentUrl":"https:\/\/www.correiobraziliense.com.br\/cbradar\/wp-content\/uploads\/2026\/03\/Gemini_Generated_Image_dp9zztdp9zztdp9z-1-1.png","width":1280,"height":720,"caption":"Pequenos h\u00e1bitos de autocuidado ajudam a revelar uma beleza natural saud\u00e1vel e confiante todos os dias"},{"@type":"BreadcrumbList","@id":"https:\/\/www.correiobraziliense.com.br\/cbradar\/6-habitos-de-autocuidado-que-fazem-voce-se-sentir-mais-bonita-sem-maquiagem\/#breadcrumb","itemListElement":[{"@type":"ListItem","position":1,"name":"In\u00edcio","item":"https:\/\/www.correiobraziliense.com.br\/cbradar\/"},{"@type":"ListItem","position":2,"name":"6 h\u00e1bitos de autocuidado que fazem voc\u00ea se sentir mais bonita sem maquiagem"}]},{"@type":"WebSite","@id":"https:\/\/www.correiobraziliense.com.br\/cbradar\/#website","url":"https:\/\/www.correiobraziliense.com.br\/cbradar\/","name":"Correio Braziliense - Radar","description":"Acompanhe as \u00faltimas not\u00edcias e fique bem informado sobre tudo o que acontece no Brasil e no mundo.","potentialAction":[{"@type":"SearchAction","target":{"@type":"EntryPoint","urlTemplate":"https:\/\/www.correiobraziliense.com.br\/cbradar\/?s={search_term_string}"},"query-input":{"@type":"PropertyValueSpecification","valueRequired":true,"valueName":"search_term_string"}}],"inLanguage":"pt-BR"},{"@type":"Person","@id":"https:\/\/www.correiobraziliense.com.br\/cbradar\/#\/schema\/person\/5440b72be9c7eb74f446c846479dc4da","name":"Patrick Silva","image":{"@type":"ImageObject","inLanguage":"pt-BR","@id":"https:\/\/www.correiobraziliense.com.br\/cbradar\/#\/schema\/person\/image\/","url":"https:\/\/secure.gravatar.com\/avatar\/944109df296fc087785c9715fd5f80b2?s=96&d=mm&r=g","contentUrl":"https:\/\/secure.gravatar.com\/avatar\/944109df296fc087785c9715fd5f80b2?s=96&d=mm&r=g","caption":"Patrick Silva"},"sameAs":["https:\/\/www.correiobraziliense.com.br\/cbradar\/"],"url":"https:\/\/www.correiobraziliense.com.br\/cbradar\/author\/patrick-silva\/"}]}},"_links":{"self":[{"href":"https:\/\/www.correiobraziliense.com.br\/cbradar\/wp-json\/wp\/v2\/posts\/208238","targetHints":{"allow":["GET"]}}],"collection":[{"href":"https:\/\/www.correiobraziliense.com.br\/cbradar\/wp-json\/wp\/v2\/posts"}],"about":[{"href":"https:\/\/www.correiobraziliense.com.br\/cbradar\/wp-json\/wp\/v2\/types\/post"}],"author":[{"embeddable":true,"href":"https:\/\/www.correiobraziliense.com.br\/cbradar\/wp-json\/wp\/v2\/users\/21"}],"replies":[{"embeddable":true,"href":"https:\/\/www.correiobraziliense.com.br\/cbradar\/wp-json\/wp\/v2\/comments?post=208238"}],"version-history":[{"count":7,"href":"https:\/\/www.correiobraziliense.com.br\/cbradar\/wp-json\/wp\/v2\/posts\/208238\/revisions"}],"predecessor-version":[{"id":208249,"href":"https:\/\/www.correiobraziliense.com.br\/cbradar\/wp-json\/wp\/v2\/posts\/208238\/revisions\/208249"}],"wp:featuredmedia":[{"embeddable":true,"href":"https:\/\/www.correiobraziliense.com.br\/cbradar\/wp-json\/wp\/v2\/media\/208243"}],"wp:attachment":[{"href":"https:\/\/www.correiobraziliense.com.br\/cbradar\/wp-json\/wp\/v2\/media?parent=208238"}],"wp:term":[{"taxonomy":"category","embeddable":true,"href":"https:\/\/www.correiobraziliense.com.br\/cbradar\/wp-json\/wp\/v2\/categories?post=208238"},{"taxonomy":"post_tag","embeddable":true,"href":"https:\/\/www.correiobraziliense.com.br\/cbradar\/wp-json\/wp\/v2\/tags?post=208238"}],"curies":[{"name":"wp","href":"https:\/\/api.w.org\/{rel}","templated":true}]}}