{"id":208258,"date":"2026-03-15T17:25:00","date_gmt":"2026-03-15T20:25:00","guid":{"rendered":"https:\/\/www.correiobraziliense.com.br\/cbradar\/?p=208258"},"modified":"2026-03-13T16:06:13","modified_gmt":"2026-03-13T19:06:13","slug":"5-exercicios-que-ajudam-a-melhorar-o-condicionamento-fisico-antes-de-uma-viagem-de-praia","status":"publish","type":"post","link":"https:\/\/www.correiobraziliense.com.br\/cbradar\/5-exercicios-que-ajudam-a-melhorar-o-condicionamento-fisico-antes-de-uma-viagem-de-praia\/","title":{"rendered":"5 exerc\u00edcios que ajudam a melhorar o condicionamento f\u00edsico antes de uma viagem de praia"},"content":{"rendered":"\n<p>Preparar o corpo para aproveitar ao m\u00e1ximo os dias de sol exige foco em atividades que aumentam a resist\u00eancia e a mobilidade. Ao adotar uma rotina de exerc\u00edcios funcionais, voc\u00ea garante energia extra para nadar e caminhar na areia sem fadiga. Essa prepara\u00e7\u00e3o antecipada transforma sua experi\u00eancia de lazer em algo muito revigorante e saud\u00e1vel.<\/p>\n\n\n\n<h2 class=\"wp-block-heading\">Como aumentar a resist\u00eancia cardiovascular para longas caminhadas na orla?<\/h2>\n\n\n\n<p>Para melhorar o f\u00f4lego antes de encarar o calor litor\u00e2neo, investir em caminhadas r\u00e1pidas ou trotes leves \u00e9 essencial para fortalecer o cora\u00e7\u00e3o. Essas atividades aer\u00f3bicas preparam o sistema circulat\u00f3rio para o esfor\u00e7o f\u00edsico sob temperaturas mais elevadas. A pr\u00e1tica regular garante que voc\u00ea aproveite cada momento da viagem com muito mais vigor f\u00edsico e disposi\u00e7\u00e3o constante.<\/p>\n\n\n\n<p>Manter a consist\u00eancia nos treinos cardiovasculares ajuda a reduzir a percep\u00e7\u00e3o de esfor\u00e7o durante as atividades recreativas t\u00edpicas de ambientes praianos. O condicionamento pr\u00e9vio permite que o corpo se adapte melhor \u00e0s varia\u00e7\u00f5es de clima e altitude comuns em roteiros tur\u00edsticos. Focar na respira\u00e7\u00e3o correta durante o exerc\u00edcio \u00e9 uma <strong>estrat\u00e9gia fundamental para o sucesso<\/strong> do seu treinamento.<\/p>\n\n\n\n<figure class=\"wp-block-image size-full\"><img decoding=\"async\" width=\"1280\" height=\"720\" src=\"https:\/\/www.correiobraziliense.com.br\/cbradar\/wp-content\/uploads\/2026\/03\/Gemini_Generated_Image_7ccsc67ccsc67ccs-1-1.png\" alt=\"5 exerc\u00edcios que ajudam a melhorar o condicionamento f\u00edsico antes de uma viagem de praia\" class=\"wp-image-208259\" srcset=\"https:\/\/www.correiobraziliense.com.br\/cbradar\/wp-content\/uploads\/2026\/03\/Gemini_Generated_Image_7ccsc67ccsc67ccs-1-1.png 1280w, https:\/\/www.correiobraziliense.com.br\/cbradar\/wp-content\/uploads\/2026\/03\/Gemini_Generated_Image_7ccsc67ccsc67ccs-1-1-300x169.png 300w, https:\/\/www.correiobraziliense.com.br\/cbradar\/wp-content\/uploads\/2026\/03\/Gemini_Generated_Image_7ccsc67ccsc67ccs-1-1-768x432.png 768w, https:\/\/www.correiobraziliense.com.br\/cbradar\/wp-content\/uploads\/2026\/03\/Gemini_Generated_Image_7ccsc67ccsc67ccs-1-1-750x422.png 750w, https:\/\/www.correiobraziliense.com.br\/cbradar\/wp-content\/uploads\/2026\/03\/Gemini_Generated_Image_7ccsc67ccsc67ccs-1-1-1140x641.png 1140w\" sizes=\"(max-width: 1280px) 100vw, 1280px\" \/><figcaption class=\"wp-element-caption\">Exerc\u00edcios funcionais ajudam a preparar o corpo para caminhar nadar e praticar esportes na praia com mais energia<\/figcaption><\/figure>\n\n\n\n<h2 class=\"wp-block-heading\">Quais movimentos fortalecem as pernas para vencer a resist\u00eancia da areia fofa?<\/h2>\n\n\n\n<p>Exercitar os membros inferiores com agachamentos e afundos \u00e9 a melhor maneira de preparar os m\u00fasculos para o terreno inst\u00e1vel das praias. Esses movimentos aumentam a estabilidade das articula\u00e7\u00f5es e previnem dores comuns ap\u00f3s longos per\u00edodos de lazer em superf\u00edcies irregulares. A for\u00e7a muscular desenvolvida proporciona seguran\u00e7a e equil\u00edbrio para realizar todas as trilhas litor\u00e2neas com total confian\u00e7a absoluta.<\/p>\n\n\n\n<p>Treinar em superf\u00edcies que simulam a instabilidade pode ser um diferencial importante para quem busca performance e prote\u00e7\u00e3o contra les\u00f5es nos tornozelos. O fortalecimento dos quadr\u00edceps e gl\u00fateos melhora a postura e facilita a locomo\u00e7\u00e3o em dunas ou encostas \u00edngremes. Essa prepara\u00e7\u00e3o f\u00edsica robusta garante que o seu per\u00edodo de descanso seja livre de desconfortos musculares chatos e muito cansativos.<\/p>\n\n\n\n<h2 class=\"wp-block-heading\">De que maneira os exerc\u00edcios funcionais melhoram a agilidade em esportes de praia?<\/h2>\n\n\n\n<p>Atividades que utilizam o peso do pr\u00f3prio corpo promovem uma coordena\u00e7\u00e3o motora refinada e uma consci\u00eancia corporal muito mais precisa e eficiente. Ao integrar saltos e deslocamentos laterais na rotina, voc\u00ea prepara os reflexos para partidas de frescobol ou v\u00f4lei de areia. Essa agilidade \u00e9 o que permite uma intera\u00e7\u00e3o social divertida e competitiva durante as suas f\u00e9rias inesquec\u00edveis.<\/p>\n\n\n\n<p>Existem padr\u00f5es de movimento que voc\u00ea pode praticar agora para garantir que sua coordena\u00e7\u00e3o motora esteja afiada para os dias de divers\u00e3o sob o sol:<\/p>\n\n\n\n<figure class=\"wp-block-image size-large\"><img decoding=\"async\" width=\"1232\" height=\"720\" src=\"https:\/\/www.correiobraziliense.com.br\/cbradar\/wp-content\/uploads\/2026\/03\/convertido-47-1232x720.jpg\" alt=\"\" class=\"wp-image-208265\" srcset=\"https:\/\/www.correiobraziliense.com.br\/cbradar\/wp-content\/uploads\/2026\/03\/convertido-47-1232x720.jpg 1232w, https:\/\/www.correiobraziliense.com.br\/cbradar\/wp-content\/uploads\/2026\/03\/convertido-47-300x175.jpg 300w, https:\/\/www.correiobraziliense.com.br\/cbradar\/wp-content\/uploads\/2026\/03\/convertido-47-768x449.jpg 768w, https:\/\/www.correiobraziliense.com.br\/cbradar\/wp-content\/uploads\/2026\/03\/convertido-47-750x438.jpg 750w, https:\/\/www.correiobraziliense.com.br\/cbradar\/wp-content\/uploads\/2026\/03\/convertido-47-1140x666.jpg 1140w, https:\/\/www.correiobraziliense.com.br\/cbradar\/wp-content\/uploads\/2026\/03\/convertido-47.jpg 1280w\" sizes=\"(max-width: 1232px) 100vw, 1232px\" \/><\/figure>\n\n\n\n<h2 class=\"wp-block-heading\">Por que a mobilidade articular \u00e9 decisiva para evitar dores durante a viagem?<\/h2>\n\n\n\n<p>Realizar alongamentos din\u00e2micos antes e depois das sess\u00f5es de treino ajuda a manter a amplitude de movimento necess\u00e1ria para nadar livremente. A falta de flexibilidade pode causar tens\u00f5es musculares que prejudicam o relaxamento profundo esperado em um destino paradis\u00edaco. Investir em <a href=\"https:\/\/www.correiobraziliense.com.br\/cbradar\/5-exercicios-em-casa-que-queimam-mais-calorias-que-a-academia\/\" target=\"_blank\" rel=\"noreferrer noopener\">exerc\u00edcios <\/a>de mobilidade para o quadril e ombros garante um corpo livre de amarras e tens\u00f5es desnecess\u00e1rias hoje.<\/p>\n\n\n\n<p>A pr\u00e1tica constante de yoga ou pilates pode ser uma excelente aliada na prepara\u00e7\u00e3o do corpo para suportar longas horas de atividades f\u00edsicas. Essas modalidades fortalecem os tecidos conectivos e melhoram a circula\u00e7\u00e3o sangu\u00ednea em todo o organismo humano. Manter a musculatura relaxada e pronta para o esfor\u00e7o \u00e9 a <strong>chave para uma viagem inesquec\u00edvel<\/strong> e cheia de sa\u00fade.<\/p>\n\n\n\n<figure class=\"wp-block-image size-full\"><img decoding=\"async\" width=\"1280\" height=\"720\" src=\"https:\/\/www.correiobraziliense.com.br\/cbradar\/wp-content\/uploads\/2026\/03\/Gemini_Generated_Image_9cwvjc9cwvjc9cwv-1-1.png\" alt=\"5 exerc\u00edcios que ajudam a melhorar o condicionamento f\u00edsico antes de uma viagem de praia\" class=\"wp-image-208262\" srcset=\"https:\/\/www.correiobraziliense.com.br\/cbradar\/wp-content\/uploads\/2026\/03\/Gemini_Generated_Image_9cwvjc9cwvjc9cwv-1-1.png 1280w, https:\/\/www.correiobraziliense.com.br\/cbradar\/wp-content\/uploads\/2026\/03\/Gemini_Generated_Image_9cwvjc9cwvjc9cwv-1-1-300x169.png 300w, https:\/\/www.correiobraziliense.com.br\/cbradar\/wp-content\/uploads\/2026\/03\/Gemini_Generated_Image_9cwvjc9cwvjc9cwv-1-1-768x432.png 768w, https:\/\/www.correiobraziliense.com.br\/cbradar\/wp-content\/uploads\/2026\/03\/Gemini_Generated_Image_9cwvjc9cwvjc9cwv-1-1-750x422.png 750w, https:\/\/www.correiobraziliense.com.br\/cbradar\/wp-content\/uploads\/2026\/03\/Gemini_Generated_Image_9cwvjc9cwvjc9cwv-1-1-1140x641.png 1140w\" sizes=\"(max-width: 1280px) 100vw, 1280px\" \/><figcaption class=\"wp-element-caption\">Exerc\u00edcios funcionais ajudam a preparar o corpo para caminhar nadar e praticar esportes na praia com mais energia<\/figcaption><\/figure>\n\n\n\n<h2 class=\"wp-block-heading\">Como a hidrata\u00e7\u00e3o correta potencializa os resultados do seu treinamento pr\u00e9-viagem?<\/h2>\n\n\n\n<p>Beber \u00e1gua de forma adequada mant\u00e9m o metabolismo ativo e auxilia na recupera\u00e7\u00e3o muscular ap\u00f3s os treinos intensos de prepara\u00e7\u00e3o f\u00edsica. A desidrata\u00e7\u00e3o prejudica a performance e pode causar c\u00e3ibras que interrompem o seu cronograma de exerc\u00edcios importantes. Monitorar a ingest\u00e3o de l\u00edquidos \u00e9 uma tarefa simples que garante o funcionamento perfeito de todos os sistemas biol\u00f3gicos do seu corpo.<\/p>\n\n\n\n<p>Para compreender as diretrizes globais sobre o n\u00edvel ideal de atividade f\u00edsica necess\u00e1ria para manter o condicionamento e a sa\u00fade, consulte o portal da <strong><a target=\"_blank\" rel=\"noreferrer noopener\" href=\"https:\/\/www.who.int\/news-room\/fact-sheets\/detail\/physical-activity\">World Health Organization<\/a><\/strong>. Seguir recomenda\u00e7\u00f5es oficiais assegura que voc\u00ea est\u00e1 no caminho certo para conquistar a melhor forma f\u00edsica poss\u00edvel. O equil\u00edbrio entre esfor\u00e7o e descanso \u00e9 o que define o sucesso de qualquer plano de treinamento moderno.<\/p>\n","protected":false},"excerpt":{"rendered":"<p>Preparar o corpo para aproveitar ao m\u00e1ximo os dias de sol exige foco em atividades que aumentam a resist\u00eancia e a mobilidade. Ao adotar uma rotina de exerc\u00edcios funcionais, voc\u00ea garante energia extra para nadar e caminhar na areia sem fadiga. Essa prepara\u00e7\u00e3o antecipada transforma sua experi\u00eancia de lazer em algo muito revigorante e saud\u00e1vel. [&hellip;]<\/p>\n","protected":false},"author":21,"featured_media":208264,"comment_status":"open","ping_status":"open","sticky":false,"template":"","format":"standard","meta":{"_yoast_wpseo_focuskw":"treinos para ganhar resist\u00eancia na praia","_yoast_wpseo_title":"","_yoast_wpseo_metadesc":"Preparar o corpo antes de dias de praia ajuda a ganhar resist\u00eancia, energia e mobilidade para aproveitar o sol com mais disposi\u00e7\u00e3o.","jnews-multi-image_gallery":[],"jnews_single_post":{"format":"standard"},"jnews_primary_category":[],"jnews_social_meta":[],"jnews_override_counter":[],"footnotes":""},"categories":[119],"tags":[16116,1317,14163,319],"class_list":["post-208258","post","type-post","status-publish","format-standard","has-post-thumbnail","hentry","category-bem-estar","tag-condicionamento","tag-exercicios","tag-fisico","tag-praia"],"yoast_head":"<!-- This site is optimized with the Yoast SEO plugin v24.6 - https:\/\/yoast.com\/wordpress\/plugins\/seo\/ -->\n<title>5 exerc\u00edcios que ajudam a melhorar o condicionamento f\u00edsico antes de uma viagem de praia - Correio Braziliense - Radar<\/title>\n<meta name=\"description\" content=\"Preparar o corpo antes de dias de praia ajuda a ganhar resist\u00eancia, energia e mobilidade para aproveitar o sol com mais disposi\u00e7\u00e3o.\" \/>\n<meta name=\"robots\" content=\"index, follow, max-snippet:-1, max-image-preview:large, max-video-preview:-1\" \/>\n<link rel=\"canonical\" href=\"https:\/\/www.correiobraziliense.com.br\/cbradar\/5-exercicios-que-ajudam-a-melhorar-o-condicionamento-fisico-antes-de-uma-viagem-de-praia\/\" \/>\n<meta property=\"og:locale\" content=\"pt_BR\" \/>\n<meta property=\"og:type\" content=\"article\" \/>\n<meta property=\"og:title\" content=\"5 exerc\u00edcios que ajudam a melhorar o condicionamento f\u00edsico antes de uma viagem de praia - Correio Braziliense - Radar\" \/>\n<meta property=\"og:description\" content=\"Preparar o corpo antes de dias de praia ajuda a ganhar resist\u00eancia, energia e mobilidade para aproveitar o sol com mais disposi\u00e7\u00e3o.\" \/>\n<meta property=\"og:url\" content=\"https:\/\/www.correiobraziliense.com.br\/cbradar\/5-exercicios-que-ajudam-a-melhorar-o-condicionamento-fisico-antes-de-uma-viagem-de-praia\/\" \/>\n<meta property=\"og:site_name\" content=\"Correio Braziliense - Radar\" \/>\n<meta property=\"article:published_time\" content=\"2026-03-15T20:25:00+00:00\" \/>\n<meta property=\"og:image\" content=\"https:\/\/www.correiobraziliense.com.br\/cbradar\/wp-content\/uploads\/2026\/03\/Gemini_Generated_Image_61lqjj61lqjj61lq-1-1.png\" \/>\n\t<meta property=\"og:image:width\" content=\"1280\" \/>\n\t<meta property=\"og:image:height\" content=\"720\" \/>\n\t<meta property=\"og:image:type\" content=\"image\/png\" \/>\n<meta name=\"author\" content=\"Patrick Silva\" \/>\n<meta name=\"twitter:card\" content=\"summary_large_image\" \/>\n<meta name=\"twitter:label1\" content=\"Escrito por\" \/>\n\t<meta name=\"twitter:data1\" content=\"Patrick Silva\" \/>\n\t<meta name=\"twitter:label2\" content=\"Est. tempo de leitura\" \/>\n\t<meta name=\"twitter:data2\" content=\"5 minutos\" \/>\n<!-- \/ Yoast SEO plugin. -->","yoast_head_json":{"title":"5 exerc\u00edcios que ajudam a melhorar o condicionamento f\u00edsico antes de uma viagem de praia - Correio Braziliense - Radar","description":"Preparar o corpo antes de dias de praia ajuda a ganhar resist\u00eancia, energia e mobilidade para aproveitar o sol com mais disposi\u00e7\u00e3o.","robots":{"index":"index","follow":"follow","max-snippet":"max-snippet:-1","max-image-preview":"max-image-preview:large","max-video-preview":"max-video-preview:-1"},"canonical":"https:\/\/www.correiobraziliense.com.br\/cbradar\/5-exercicios-que-ajudam-a-melhorar-o-condicionamento-fisico-antes-de-uma-viagem-de-praia\/","og_locale":"pt_BR","og_type":"article","og_title":"5 exerc\u00edcios que ajudam a melhorar o condicionamento f\u00edsico antes de uma viagem de praia - Correio Braziliense - Radar","og_description":"Preparar o corpo antes de dias de praia ajuda a ganhar resist\u00eancia, energia e mobilidade para aproveitar o sol com mais disposi\u00e7\u00e3o.","og_url":"https:\/\/www.correiobraziliense.com.br\/cbradar\/5-exercicios-que-ajudam-a-melhorar-o-condicionamento-fisico-antes-de-uma-viagem-de-praia\/","og_site_name":"Correio Braziliense - Radar","article_published_time":"2026-03-15T20:25:00+00:00","og_image":[{"width":1280,"height":720,"url":"https:\/\/www.correiobraziliense.com.br\/cbradar\/wp-content\/uploads\/2026\/03\/Gemini_Generated_Image_61lqjj61lqjj61lq-1-1.png","type":"image\/png"}],"author":"Patrick Silva","twitter_card":"summary_large_image","twitter_misc":{"Escrito por":"Patrick Silva","Est. tempo de leitura":"5 minutos"},"schema":{"@context":"https:\/\/schema.org","@graph":[{"@type":"WebPage","@id":"https:\/\/www.correiobraziliense.com.br\/cbradar\/5-exercicios-que-ajudam-a-melhorar-o-condicionamento-fisico-antes-de-uma-viagem-de-praia\/","url":"https:\/\/www.correiobraziliense.com.br\/cbradar\/5-exercicios-que-ajudam-a-melhorar-o-condicionamento-fisico-antes-de-uma-viagem-de-praia\/","name":"5 exerc\u00edcios que ajudam a melhorar o condicionamento f\u00edsico antes de uma viagem de praia - Correio Braziliense - Radar","isPartOf":{"@id":"https:\/\/www.correiobraziliense.com.br\/cbradar\/#website"},"primaryImageOfPage":{"@id":"https:\/\/www.correiobraziliense.com.br\/cbradar\/5-exercicios-que-ajudam-a-melhorar-o-condicionamento-fisico-antes-de-uma-viagem-de-praia\/#primaryimage"},"image":{"@id":"https:\/\/www.correiobraziliense.com.br\/cbradar\/5-exercicios-que-ajudam-a-melhorar-o-condicionamento-fisico-antes-de-uma-viagem-de-praia\/#primaryimage"},"thumbnailUrl":"https:\/\/www.correiobraziliense.com.br\/cbradar\/wp-content\/uploads\/2026\/03\/Gemini_Generated_Image_61lqjj61lqjj61lq-1-1.png","datePublished":"2026-03-15T20:25:00+00:00","author":{"@id":"https:\/\/www.correiobraziliense.com.br\/cbradar\/#\/schema\/person\/5440b72be9c7eb74f446c846479dc4da"},"description":"Preparar o corpo antes de dias de praia ajuda a ganhar resist\u00eancia, energia e mobilidade para aproveitar o sol com mais disposi\u00e7\u00e3o.","breadcrumb":{"@id":"https:\/\/www.correiobraziliense.com.br\/cbradar\/5-exercicios-que-ajudam-a-melhorar-o-condicionamento-fisico-antes-de-uma-viagem-de-praia\/#breadcrumb"},"inLanguage":"pt-BR","potentialAction":[{"@type":"ReadAction","target":["https:\/\/www.correiobraziliense.com.br\/cbradar\/5-exercicios-que-ajudam-a-melhorar-o-condicionamento-fisico-antes-de-uma-viagem-de-praia\/"]}]},{"@type":"ImageObject","inLanguage":"pt-BR","@id":"https:\/\/www.correiobraziliense.com.br\/cbradar\/5-exercicios-que-ajudam-a-melhorar-o-condicionamento-fisico-antes-de-uma-viagem-de-praia\/#primaryimage","url":"https:\/\/www.correiobraziliense.com.br\/cbradar\/wp-content\/uploads\/2026\/03\/Gemini_Generated_Image_61lqjj61lqjj61lq-1-1.png","contentUrl":"https:\/\/www.correiobraziliense.com.br\/cbradar\/wp-content\/uploads\/2026\/03\/Gemini_Generated_Image_61lqjj61lqjj61lq-1-1.png","width":1280,"height":720,"caption":"Exerc\u00edcios funcionais ajudam a preparar o corpo para caminhar nadar e praticar esportes na praia com mais energia"},{"@type":"BreadcrumbList","@id":"https:\/\/www.correiobraziliense.com.br\/cbradar\/5-exercicios-que-ajudam-a-melhorar-o-condicionamento-fisico-antes-de-uma-viagem-de-praia\/#breadcrumb","itemListElement":[{"@type":"ListItem","position":1,"name":"In\u00edcio","item":"https:\/\/www.correiobraziliense.com.br\/cbradar\/"},{"@type":"ListItem","position":2,"name":"5 exerc\u00edcios que ajudam a melhorar o condicionamento f\u00edsico antes de uma viagem de praia"}]},{"@type":"WebSite","@id":"https:\/\/www.correiobraziliense.com.br\/cbradar\/#website","url":"https:\/\/www.correiobraziliense.com.br\/cbradar\/","name":"Correio Braziliense - Radar","description":"Acompanhe as \u00faltimas not\u00edcias e fique bem informado sobre tudo o que acontece no Brasil e no mundo.","potentialAction":[{"@type":"SearchAction","target":{"@type":"EntryPoint","urlTemplate":"https:\/\/www.correiobraziliense.com.br\/cbradar\/?s={search_term_string}"},"query-input":{"@type":"PropertyValueSpecification","valueRequired":true,"valueName":"search_term_string"}}],"inLanguage":"pt-BR"},{"@type":"Person","@id":"https:\/\/www.correiobraziliense.com.br\/cbradar\/#\/schema\/person\/5440b72be9c7eb74f446c846479dc4da","name":"Patrick Silva","image":{"@type":"ImageObject","inLanguage":"pt-BR","@id":"https:\/\/www.correiobraziliense.com.br\/cbradar\/#\/schema\/person\/image\/","url":"https:\/\/secure.gravatar.com\/avatar\/944109df296fc087785c9715fd5f80b2?s=96&d=mm&r=g","contentUrl":"https:\/\/secure.gravatar.com\/avatar\/944109df296fc087785c9715fd5f80b2?s=96&d=mm&r=g","caption":"Patrick Silva"},"sameAs":["https:\/\/www.correiobraziliense.com.br\/cbradar\/"],"url":"https:\/\/www.correiobraziliense.com.br\/cbradar\/author\/patrick-silva\/"}]}},"_links":{"self":[{"href":"https:\/\/www.correiobraziliense.com.br\/cbradar\/wp-json\/wp\/v2\/posts\/208258","targetHints":{"allow":["GET"]}}],"collection":[{"href":"https:\/\/www.correiobraziliense.com.br\/cbradar\/wp-json\/wp\/v2\/posts"}],"about":[{"href":"https:\/\/www.correiobraziliense.com.br\/cbradar\/wp-json\/wp\/v2\/types\/post"}],"author":[{"embeddable":true,"href":"https:\/\/www.correiobraziliense.com.br\/cbradar\/wp-json\/wp\/v2\/users\/21"}],"replies":[{"embeddable":true,"href":"https:\/\/www.correiobraziliense.com.br\/cbradar\/wp-json\/wp\/v2\/comments?post=208258"}],"version-history":[{"count":4,"href":"https:\/\/www.correiobraziliense.com.br\/cbradar\/wp-json\/wp\/v2\/posts\/208258\/revisions"}],"predecessor-version":[{"id":208266,"href":"https:\/\/www.correiobraziliense.com.br\/cbradar\/wp-json\/wp\/v2\/posts\/208258\/revisions\/208266"}],"wp:featuredmedia":[{"embeddable":true,"href":"https:\/\/www.correiobraziliense.com.br\/cbradar\/wp-json\/wp\/v2\/media\/208264"}],"wp:attachment":[{"href":"https:\/\/www.correiobraziliense.com.br\/cbradar\/wp-json\/wp\/v2\/media?parent=208258"}],"wp:term":[{"taxonomy":"category","embeddable":true,"href":"https:\/\/www.correiobraziliense.com.br\/cbradar\/wp-json\/wp\/v2\/categories?post=208258"},{"taxonomy":"post_tag","embeddable":true,"href":"https:\/\/www.correiobraziliense.com.br\/cbradar\/wp-json\/wp\/v2\/tags?post=208258"}],"curies":[{"name":"wp","href":"https:\/\/api.w.org\/{rel}","templated":true}]}}