{"id":208274,"date":"2026-03-15T11:35:00","date_gmt":"2026-03-15T14:35:00","guid":{"rendered":"https:\/\/www.correiobraziliense.com.br\/cbradar\/?p=208274"},"modified":"2026-03-13T15:43:21","modified_gmt":"2026-03-13T18:43:21","slug":"para-que-serve-enxaguar-o-cabelo-com-cha-de-camomila-uma-vez-por-semana-nao-e-apenas-para-clarear","status":"publish","type":"post","link":"https:\/\/www.correiobraziliense.com.br\/cbradar\/para-que-serve-enxaguar-o-cabelo-com-cha-de-camomila-uma-vez-por-semana-nao-e-apenas-para-clarear\/","title":{"rendered":"Para que serve enxaguar o cabelo com ch\u00e1 de camomila uma vez por semana (n\u00e3o \u00e9 apenas para clarear)"},"content":{"rendered":"\n<p>O enx\u00e1gue com ch\u00e1 de camomila \u00e9 um recurso milenar utilizado para acalmar a derme e promover a sa\u00fade dos fios. Al\u00e9m do efeito clareador, essa erva oferece benef\u00edcios anti-inflamat\u00f3rios que auxiliam no equil\u00edbrio do couro cabeludo e na prote\u00e7\u00e3o da fibra capilar contra danos ambientais e qu\u00edmicos intensos no cotidiano.<\/p>\n\n\n\n<h2 class=\"wp-block-heading\">Como a camomila atua na sa\u00fade do couro cabeludo sens\u00edvel?<\/h2>\n\n\n\n<p>A infus\u00e3o de <a href=\"https:\/\/www.correiobraziliense.com.br\/cbradar\/por-que-lavar-o-cabelo-com-cha-de-camomila-e-para-que-serve\/\" target=\"_blank\" rel=\"noreferrer noopener\">camomila <\/a>possui propriedades calmantes que ajudam a reduzir irrita\u00e7\u00f5es e coceiras causadas por agentes externos ou produtos qu\u00edmicos agressivos. Ao aplicar o ch\u00e1 frio no couro cabeludo, voc\u00ea acalma a derme e promove um ambiente saud\u00e1vel para o crescimento dos fios novos. Esse h\u00e1bito semanal previne descama\u00e7\u00f5es e melhora a sa\u00fade da raiz.<\/p>\n\n\n\n<p>Al\u00e9m de aliviar a sensibilidade, os flavonoides presentes na planta combatem a oleosidade excessiva de forma suave e equilibrada no dia a dia. O uso regular do enx\u00e1gue controla a prolifera\u00e7\u00e3o de fungos e bact\u00e9rias que podem prejudicar a vitalidade capilar de homens e mulheres. \u00c9 uma solu\u00e7\u00e3o pr\u00e1tica e natural para manter o <strong>equil\u00edbrio seb\u00e1ceo de forma eficiente<\/strong>.<\/p>\n\n\n\n<p>Muitas receitas naturais prometem clarear o cabelo de forma simples, e a camomila \u00e9 uma das mais citadas. Mas ser\u00e1 que esse efeito realmente acontece? No conte\u00fado do <strong>Dr Lucas Fustinoni<\/strong>, com 3,2 milh\u00f5es de inscritos, voc\u00ea descobre:<\/p>\n\n\n\n<figure class=\"wp-block-embed is-type-video is-provider-youtube wp-block-embed-youtube wp-embed-aspect-16-9 wp-has-aspect-ratio\"><div class=\"wp-block-embed__wrapper\">\n<div class=\"jeg_video_container jeg_video_content\"><iframe loading=\"lazy\" title=\"CH\u00c1 DE CAMOMILA CLAREIA O CABELO? - Dr Lucas Fustinoni - CRMPR 30155\" width=\"500\" height=\"281\" src=\"https:\/\/www.youtube.com\/embed\/5zD2P0Ozvn8?feature=oembed\" frameborder=\"0\" allow=\"accelerometer; autoplay; clipboard-write; encrypted-media; gyroscope; picture-in-picture; web-share\" referrerpolicy=\"strict-origin-when-cross-origin\" allowfullscreen><\/iframe><\/div>\n<\/div><\/figure>\n\n\n\n<h2 class=\"wp-block-heading\">Quais s\u00e3o os benef\u00edcios antioxidantes para a fibra capilar fragilizada?<\/h2>\n\n\n\n<p>Os componentes ativos da camomila protegem os fios contra os danos causados pelos radicais livres e pela polui\u00e7\u00e3o das grandes cidades modernas. Essa barreira natural preserva a integridade da queratina, evitando que o cabelo fique quebradi\u00e7o ou sem vida com o passar do tempo. \u00c9 um tratamento preventivo fundamental para quem busca manter a sa\u00fade capilar.<\/p>\n\n\n\n<p>A aplica\u00e7\u00e3o semanal do ch\u00e1 sela as cut\u00edculas suavemente, garantindo um brilho espelhado e uma textura muito mais macia ao toque constante. Esse processo de selagem reduz o frizz e facilita o desembara\u00e7o dos fios ap\u00f3s a lavagem comum com shampoos tradicionais. \u00c9 uma forma eficaz de nutrir a estrutura capilar sem utilizar <strong>\u00f3leos pesados e caros<\/strong> no processo.<\/p>\n\n\n\n<h2 class=\"wp-block-heading\">De que forma esse ritual semanal melhora a apar\u00eancia dos fios opacos?<\/h2>\n\n\n\n<p>O enx\u00e1gue com a erva real\u00e7a os reflexos naturais de todas as cores de cabelo, n\u00e3o apenas dos tons mais claros e dourados. Ao remover res\u00edduos minerais acumulados na lavagem, a camomila devolve a luminosidade perdida devido ao uso frequente de secadores e pranchas quentes. O resultado \u00e9 um cabelo visivelmente mais saud\u00e1vel, vibrante e muito male\u00e1vel.<\/p>\n\n\n\n<p>Existem benef\u00edcios espec\u00edficos que voc\u00ea pode notar ao integrar essa pr\u00e1tica simples na sua rotina de cuidados pessoais frequentes e produtivos:<\/p>\n\n\n\n<figure class=\"wp-block-image size-large\"><img decoding=\"async\" width=\"1152\" height=\"720\" src=\"https:\/\/www.correiobraziliense.com.br\/cbradar\/wp-content\/uploads\/2026\/03\/convertido-48-1152x720.jpg\" alt=\"\" class=\"wp-image-208278\" srcset=\"https:\/\/www.correiobraziliense.com.br\/cbradar\/wp-content\/uploads\/2026\/03\/convertido-48-1152x720.jpg 1152w, https:\/\/www.correiobraziliense.com.br\/cbradar\/wp-content\/uploads\/2026\/03\/convertido-48-300x188.jpg 300w, https:\/\/www.correiobraziliense.com.br\/cbradar\/wp-content\/uploads\/2026\/03\/convertido-48-768x480.jpg 768w, https:\/\/www.correiobraziliense.com.br\/cbradar\/wp-content\/uploads\/2026\/03\/convertido-48-750x469.jpg 750w, https:\/\/www.correiobraziliense.com.br\/cbradar\/wp-content\/uploads\/2026\/03\/convertido-48-1140x713.jpg 1140w, https:\/\/www.correiobraziliense.com.br\/cbradar\/wp-content\/uploads\/2026\/03\/convertido-48.jpg 1280w\" sizes=\"(max-width: 1152px) 100vw, 1152px\" \/><\/figure>\n\n\n\n<h2 class=\"wp-block-heading\">O ch\u00e1 de camomila pode ajudar a controlar a queda de cabelo?<\/h2>\n\n\n\n<p>Embora n\u00e3o seja um tratamento m\u00e9dico direto, o uso da camomila fortalece o fol\u00edculo atrav\u00e9s da melhora na circula\u00e7\u00e3o sangu\u00ednea local e redu\u00e7\u00e3o inflamat\u00f3ria. Um couro cabeludo livre de inflama\u00e7\u00f5es \u00e9 a base necess\u00e1ria para que o ciclo de crescimento ocorra de maneira plena e vigorosa. \u00c9 um suporte complementar valioso para manter a <strong>densidade capilar saud\u00e1vel<\/strong> e resistente.<\/p>\n\n\n\n<p>A planta ajuda a desobstruir os poros do couro cabeludo, permitindo que os nutrientes cheguem com mais facilidade \u00e0 raiz do cabelo crescido. Ao reduzir o estresse oxidativo na regi\u00e3o, o enx\u00e1gue minimiza o enfraquecimento precoce dos fios que costuma causar preocupa\u00e7\u00e3o est\u00e9tica constante. \u00c9 uma pr\u00e1tica segura que beneficia a <strong>estrutura f\u00edsica do bulbo capilar<\/strong> de modo integral.<\/p>\n\n\n\n<figure class=\"wp-block-image size-full\"><img decoding=\"async\" width=\"1280\" height=\"720\" src=\"https:\/\/www.correiobraziliense.com.br\/cbradar\/wp-content\/uploads\/2026\/03\/Gemini_Generated_Image_hx3cxlhx3cxlhx3c-1-1.png\" alt=\"Para que serve enxaguar o cabelo com ch\u00e1 de camomila uma vez por semana (n\u00e3o \u00e9 apenas para clarear)\" class=\"wp-image-208281\" srcset=\"https:\/\/www.correiobraziliense.com.br\/cbradar\/wp-content\/uploads\/2026\/03\/Gemini_Generated_Image_hx3cxlhx3cxlhx3c-1-1.png 1280w, https:\/\/www.correiobraziliense.com.br\/cbradar\/wp-content\/uploads\/2026\/03\/Gemini_Generated_Image_hx3cxlhx3cxlhx3c-1-1-300x169.png 300w, https:\/\/www.correiobraziliense.com.br\/cbradar\/wp-content\/uploads\/2026\/03\/Gemini_Generated_Image_hx3cxlhx3cxlhx3c-1-1-768x432.png 768w, https:\/\/www.correiobraziliense.com.br\/cbradar\/wp-content\/uploads\/2026\/03\/Gemini_Generated_Image_hx3cxlhx3cxlhx3c-1-1-750x422.png 750w, https:\/\/www.correiobraziliense.com.br\/cbradar\/wp-content\/uploads\/2026\/03\/Gemini_Generated_Image_hx3cxlhx3cxlhx3c-1-1-1140x641.png 1140w\" sizes=\"(max-width: 1280px) 100vw, 1280px\" \/><figcaption class=\"wp-element-caption\">Um ritual simples com camomila pode transformar a apar\u00eancia dos cabelos de forma natural e surpreendente<\/figcaption><\/figure>\n\n\n\n<h2 class=\"wp-block-heading\">Existem contraindica\u00e7\u00f5es para o uso frequente de ervas nos cabelos?<\/h2>\n\n\n\n<p>A maioria das pessoas pode utilizar a camomila sem problemas, mas \u00e9 importante realizar um teste de mecha para descartar alergias espec\u00edficas. O uso de infus\u00f5es naturais deve ser equilibrado para evitar o ac\u00famulo de res\u00edduos org\u00e2nicos que podem tornar os fios pesados ou r\u00edgidos. Manter a altern\u00e2ncia com hidrata\u00e7\u00f5es profundas garante resultados est\u00e9ticos superiores e duradouros hoje.<\/p>\n\n\n\n<p>Para compreender os efeitos fitoter\u00e1picos e a seguran\u00e7a do uso de plantas medicinais em tratamentos t\u00f3picos, consulte as evid\u00eancias cient\u00edficas documentadas no portal da <strong><a target=\"_blank\" rel=\"noreferrer noopener\" href=\"https:\/\/pubmed.ncbi.nlm.nih.gov\/21132119\/\">National Library of Medicine<\/a><\/strong>. Seguir fontes de autoridade garante que sua rotina de beleza seja baseada em fatos comprovados e seguros para o organismo. A ci\u00eancia valida o <strong>poder das ervas<\/strong> no cuidado di\u00e1rio da sa\u00fade.<\/p>\n","protected":false},"excerpt":{"rendered":"<p>O enx\u00e1gue com ch\u00e1 de camomila \u00e9 um recurso milenar utilizado para acalmar a derme e promover a sa\u00fade dos fios. Al\u00e9m do efeito clareador, essa erva oferece benef\u00edcios anti-inflamat\u00f3rios que auxiliam no equil\u00edbrio do couro cabeludo e na prote\u00e7\u00e3o da fibra capilar contra danos ambientais e qu\u00edmicos intensos no cotidiano. Como a camomila atua [&hellip;]<\/p>\n","protected":false},"author":21,"featured_media":208282,"comment_status":"open","ping_status":"open","sticky":false,"template":"","format":"standard","meta":{"_yoast_wpseo_focuskw":"ch\u00e1 de camomila para cabelo benef\u00edcios","_yoast_wpseo_title":"","_yoast_wpseo_metadesc":"Um ritual simples com uma erva muito conhecida pode transformar a sa\u00fade dos cabelos de forma surpreendente.","jnews-multi-image_gallery":[],"jnews_single_post":{"format":"standard"},"jnews_primary_category":[],"jnews_social_meta":[],"jnews_override_counter":[],"footnotes":""},"categories":[112],"post_tag":[126,6908],"class_list":["post-208274","post","type-post","status-publish","format-standard","has-post-thumbnail","hentry","category-curiosidades","tag-cabelo","tag-cha-de-camomila"],"yoast_head":"<!-- This site is optimized with the Yoast SEO plugin v24.6 - https:\/\/yoast.com\/wordpress\/plugins\/seo\/ -->\n<title>Para que serve enxaguar o cabelo com ch\u00e1 de camomila uma vez por semana (n\u00e3o \u00e9 apenas para clarear) - Correio Braziliense - Radar<\/title>\n<meta name=\"description\" content=\"Um ritual simples com uma erva muito conhecida pode transformar a sa\u00fade dos cabelos de forma surpreendente.\" \/>\n<meta name=\"robots\" content=\"index, follow, max-snippet:-1, max-image-preview:large, max-video-preview:-1\" \/>\n<link rel=\"canonical\" href=\"https:\/\/www.correiobraziliense.com.br\/cbradar\/para-que-serve-enxaguar-o-cabelo-com-cha-de-camomila-uma-vez-por-semana-nao-e-apenas-para-clarear\/\" \/>\n<meta property=\"og:locale\" content=\"pt_BR\" \/>\n<meta property=\"og:type\" content=\"article\" \/>\n<meta property=\"og:title\" content=\"Para que serve enxaguar o cabelo com ch\u00e1 de camomila uma vez por semana (n\u00e3o \u00e9 apenas para clarear) - Correio Braziliense - Radar\" \/>\n<meta property=\"og:description\" content=\"Um ritual simples com uma erva muito conhecida pode transformar a sa\u00fade dos cabelos de forma surpreendente.\" \/>\n<meta property=\"og:url\" content=\"https:\/\/www.correiobraziliense.com.br\/cbradar\/para-que-serve-enxaguar-o-cabelo-com-cha-de-camomila-uma-vez-por-semana-nao-e-apenas-para-clarear\/\" \/>\n<meta property=\"og:site_name\" content=\"Correio Braziliense - Radar\" \/>\n<meta property=\"article:published_time\" content=\"2026-03-15T14:35:00+00:00\" \/>\n<meta property=\"og:image\" content=\"https:\/\/www.correiobraziliense.com.br\/cbradar\/wp-content\/uploads\/2026\/03\/Gemini_Generated_Image_wgny6dwgny6dwgny-2-1.png\" \/>\n\t<meta property=\"og:image:width\" content=\"1280\" \/>\n\t<meta property=\"og:image:height\" content=\"720\" \/>\n\t<meta property=\"og:image:type\" content=\"image\/png\" \/>\n<meta name=\"author\" content=\"Patrick Silva\" \/>\n<meta name=\"twitter:card\" content=\"summary_large_image\" \/>\n<meta name=\"twitter:label1\" content=\"Escrito por\" \/>\n\t<meta name=\"twitter:data1\" content=\"Patrick Silva\" \/>\n\t<meta name=\"twitter:label2\" content=\"Est. tempo de leitura\" \/>\n\t<meta name=\"twitter:data2\" content=\"5 minutos\" \/>\n<!-- \/ Yoast SEO plugin. -->","yoast_head_json":{"title":"Para que serve enxaguar o cabelo com ch\u00e1 de camomila uma vez por semana (n\u00e3o \u00e9 apenas para clarear) - Correio Braziliense - Radar","description":"Um ritual simples com uma erva muito conhecida pode transformar a sa\u00fade dos cabelos de forma surpreendente.","robots":{"index":"index","follow":"follow","max-snippet":"max-snippet:-1","max-image-preview":"max-image-preview:large","max-video-preview":"max-video-preview:-1"},"canonical":"https:\/\/www.correiobraziliense.com.br\/cbradar\/para-que-serve-enxaguar-o-cabelo-com-cha-de-camomila-uma-vez-por-semana-nao-e-apenas-para-clarear\/","og_locale":"pt_BR","og_type":"article","og_title":"Para que serve enxaguar o cabelo com ch\u00e1 de camomila uma vez por semana (n\u00e3o \u00e9 apenas para clarear) - Correio Braziliense - Radar","og_description":"Um ritual simples com uma erva muito conhecida pode transformar a sa\u00fade dos cabelos de forma surpreendente.","og_url":"https:\/\/www.correiobraziliense.com.br\/cbradar\/para-que-serve-enxaguar-o-cabelo-com-cha-de-camomila-uma-vez-por-semana-nao-e-apenas-para-clarear\/","og_site_name":"Correio Braziliense - Radar","article_published_time":"2026-03-15T14:35:00+00:00","og_image":[{"width":1280,"height":720,"url":"https:\/\/www.correiobraziliense.com.br\/cbradar\/wp-content\/uploads\/2026\/03\/Gemini_Generated_Image_wgny6dwgny6dwgny-2-1.png","type":"image\/png"}],"author":"Patrick Silva","twitter_card":"summary_large_image","twitter_misc":{"Escrito por":"Patrick Silva","Est. tempo de leitura":"5 minutos"},"schema":{"@context":"https:\/\/schema.org","@graph":[{"@type":"WebPage","@id":"https:\/\/www.correiobraziliense.com.br\/cbradar\/para-que-serve-enxaguar-o-cabelo-com-cha-de-camomila-uma-vez-por-semana-nao-e-apenas-para-clarear\/","url":"https:\/\/www.correiobraziliense.com.br\/cbradar\/para-que-serve-enxaguar-o-cabelo-com-cha-de-camomila-uma-vez-por-semana-nao-e-apenas-para-clarear\/","name":"Para que serve enxaguar o cabelo com ch\u00e1 de camomila uma vez por semana (n\u00e3o \u00e9 apenas para clarear) - Correio Braziliense - Radar","isPartOf":{"@id":"https:\/\/www.correiobraziliense.com.br\/cbradar\/#website"},"primaryImageOfPage":{"@id":"https:\/\/www.correiobraziliense.com.br\/cbradar\/para-que-serve-enxaguar-o-cabelo-com-cha-de-camomila-uma-vez-por-semana-nao-e-apenas-para-clarear\/#primaryimage"},"image":{"@id":"https:\/\/www.correiobraziliense.com.br\/cbradar\/para-que-serve-enxaguar-o-cabelo-com-cha-de-camomila-uma-vez-por-semana-nao-e-apenas-para-clarear\/#primaryimage"},"thumbnailUrl":"https:\/\/www.correiobraziliense.com.br\/cbradar\/wp-content\/uploads\/2026\/03\/Gemini_Generated_Image_wgny6dwgny6dwgny-2-1.png","datePublished":"2026-03-15T14:35:00+00:00","author":{"@id":"https:\/\/www.correiobraziliense.com.br\/cbradar\/#\/schema\/person\/5440b72be9c7eb74f446c846479dc4da"},"description":"Um ritual simples com uma erva muito conhecida pode transformar a sa\u00fade dos cabelos de forma surpreendente.","breadcrumb":{"@id":"https:\/\/www.correiobraziliense.com.br\/cbradar\/para-que-serve-enxaguar-o-cabelo-com-cha-de-camomila-uma-vez-por-semana-nao-e-apenas-para-clarear\/#breadcrumb"},"inLanguage":"pt-BR","potentialAction":[{"@type":"ReadAction","target":["https:\/\/www.correiobraziliense.com.br\/cbradar\/para-que-serve-enxaguar-o-cabelo-com-cha-de-camomila-uma-vez-por-semana-nao-e-apenas-para-clarear\/"]}]},{"@type":"ImageObject","inLanguage":"pt-BR","@id":"https:\/\/www.correiobraziliense.com.br\/cbradar\/para-que-serve-enxaguar-o-cabelo-com-cha-de-camomila-uma-vez-por-semana-nao-e-apenas-para-clarear\/#primaryimage","url":"https:\/\/www.correiobraziliense.com.br\/cbradar\/wp-content\/uploads\/2026\/03\/Gemini_Generated_Image_wgny6dwgny6dwgny-2-1.png","contentUrl":"https:\/\/www.correiobraziliense.com.br\/cbradar\/wp-content\/uploads\/2026\/03\/Gemini_Generated_Image_wgny6dwgny6dwgny-2-1.png","width":1280,"height":720,"caption":"Um ritual simples com camomila pode transformar a apar\u00eancia dos cabelos de forma natural e surpreendente"},{"@type":"BreadcrumbList","@id":"https:\/\/www.correiobraziliense.com.br\/cbradar\/para-que-serve-enxaguar-o-cabelo-com-cha-de-camomila-uma-vez-por-semana-nao-e-apenas-para-clarear\/#breadcrumb","itemListElement":[{"@type":"ListItem","position":1,"name":"In\u00edcio","item":"https:\/\/www.correiobraziliense.com.br\/cbradar\/"},{"@type":"ListItem","position":2,"name":"Para que serve enxaguar o cabelo com ch\u00e1 de camomila uma vez por semana (n\u00e3o \u00e9 apenas para clarear)"}]},{"@type":"WebSite","@id":"https:\/\/www.correiobraziliense.com.br\/cbradar\/#website","url":"https:\/\/www.correiobraziliense.com.br\/cbradar\/","name":"Correio Braziliense - Radar","description":"Acompanhe as \u00faltimas not\u00edcias e fique bem informado sobre tudo o que acontece no Brasil e no mundo.","potentialAction":[{"@type":"SearchAction","target":{"@type":"EntryPoint","urlTemplate":"https:\/\/www.correiobraziliense.com.br\/cbradar\/?s={search_term_string}"},"query-input":{"@type":"PropertyValueSpecification","valueRequired":true,"valueName":"search_term_string"}}],"inLanguage":"pt-BR"},{"@type":"Person","@id":"https:\/\/www.correiobraziliense.com.br\/cbradar\/#\/schema\/person\/5440b72be9c7eb74f446c846479dc4da","name":"Patrick Silva","image":{"@type":"ImageObject","inLanguage":"pt-BR","@id":"https:\/\/www.correiobraziliense.com.br\/cbradar\/#\/schema\/person\/image\/","url":"https:\/\/secure.gravatar.com\/avatar\/944109df296fc087785c9715fd5f80b2?s=96&d=mm&r=g","contentUrl":"https:\/\/secure.gravatar.com\/avatar\/944109df296fc087785c9715fd5f80b2?s=96&d=mm&r=g","caption":"Patrick Silva"},"sameAs":["https:\/\/www.correiobraziliense.com.br\/cbradar\/"],"url":"https:\/\/www.correiobraziliense.com.br\/cbradar\/author\/patrick-silva\/"}]}},"_links":{"self":[{"href":"https:\/\/www.correiobraziliense.com.br\/cbradar\/wp-json\/wp\/v2\/posts\/208274","targetHints":{"allow":["GET"]}}],"collection":[{"href":"https:\/\/www.correiobraziliense.com.br\/cbradar\/wp-json\/wp\/v2\/posts"}],"about":[{"href":"https:\/\/www.correiobraziliense.com.br\/cbradar\/wp-json\/wp\/v2\/types\/post"}],"author":[{"embeddable":true,"href":"https:\/\/www.correiobraziliense.com.br\/cbradar\/wp-json\/wp\/v2\/users\/21"}],"replies":[{"embeddable":true,"href":"https:\/\/www.correiobraziliense.com.br\/cbradar\/wp-json\/wp\/v2\/comments?post=208274"}],"version-history":[{"count":4,"href":"https:\/\/www.correiobraziliense.com.br\/cbradar\/wp-json\/wp\/v2\/posts\/208274\/revisions"}],"predecessor-version":[{"id":208285,"href":"https:\/\/www.correiobraziliense.com.br\/cbradar\/wp-json\/wp\/v2\/posts\/208274\/revisions\/208285"}],"wp:featuredmedia":[{"embeddable":true,"href":"https:\/\/www.correiobraziliense.com.br\/cbradar\/wp-json\/wp\/v2\/media\/208282"}],"wp:attachment":[{"href":"https:\/\/www.correiobraziliense.com.br\/cbradar\/wp-json\/wp\/v2\/media?parent=208274"}],"wp:term":[{"taxonomy":"category","embeddable":true,"href":"https:\/\/www.correiobraziliense.com.br\/cbradar\/wp-json\/wp\/v2\/categories?post=208274"},{"taxonomy":"post_tag","embeddable":true,"href":"https:\/\/www.correiobraziliense.com.br\/cbradar\/wp-json\/wp\/v2\/post_tag?post=208274"}],"curies":[{"name":"wp","href":"https:\/\/api.w.org\/{rel}","templated":true}]}}