{"id":20829,"date":"2025-04-09T08:50:00","date_gmt":"2025-04-09T11:50:00","guid":{"rendered":"https:\/\/www.correiobraziliense.com.br\/cbradar\/?p=20829"},"modified":"2025-04-08T19:40:12","modified_gmt":"2025-04-08T22:40:12","slug":"entenda-o-motivo-de-alguns-episodios-de-bob-esponja-terem-sido-banidos","status":"publish","type":"post","link":"https:\/\/www.correiobraziliense.com.br\/cbradar\/entenda-o-motivo-de-alguns-episodios-de-bob-esponja-terem-sido-banidos\/","title":{"rendered":"Entenda o motivo de alguns epis\u00f3dios de Bob Esponja terem sido banidos"},"content":{"rendered":"\n<p>Desde sua estreia em 1999,&nbsp;<strong>Bob Esponja Cal\u00e7a Quadrada<\/strong>&nbsp;tornou-se uma das anima\u00e7\u00f5es mais ic\u00f4nicas da televis\u00e3o. Com um humor peculiar e personagens cativantes, a s\u00e9rie conquistou tanto crian\u00e7as quanto adultos. O desenho \u00e9 conhecido por incluir piadas sutis que, embora direcionadas ao p\u00fablico infantil, tamb\u00e9m agradam os mais velhos, criando um v\u00ednculo intergeracional.<\/p>\n\n\n\n<p>O sucesso de Bob Esponja se deve, em parte, \u00e0 sua capacidade de abordar temas universais de maneira leve e divertida. Mesmo quando toca em assuntos mais complexos, a s\u00e9rie mant\u00e9m um tom acess\u00edvel, permitindo que diferentes faixas et\u00e1rias apreciem o conte\u00fado. Isso \u00e9 evidenciado por epis\u00f3dios que, apesar de pol\u00eamicos, s\u00e3o lembrados por sua ousadia e criatividade.<\/p>\n\n\n\n<h2 class=\"wp-block-heading\"><strong>Por que alguns epis\u00f3dios de Bob Esponja foram banidos?<\/strong><\/h2>\n\n\n\n<p>Embora a s\u00e9rie seja amplamente celebrada, alguns epis\u00f3dios de&nbsp;<em>Bob Esponja<\/em>&nbsp;enfrentaram cr\u00edticas e foram retirados do ar. Um exemplo not\u00e1vel \u00e9 o epis\u00f3dio &#8220;Kwarantined Crab&#8221;, que foi temporariamente suspenso durante a pandemia devido ao seu tema sens\u00edvel. O epis\u00f3dio retrata um surto de &#8220;Gripe das Ostras&#8221; na Fenda do Biqu\u00edni, abordando quest\u00f5es de quarentena e paranoia.<\/p>\n\n\n\n<figure class=\"wp-block-image size-large\"><img decoding=\"async\" width=\"1024\" height=\"576\" src=\"https:\/\/www.correiobraziliense.com.br\/cbradar\/wp-content\/uploads\/2025\/04\/maria_banner-1024x576.jpg\" alt=\"O Impacto Cultural de Bob Esponja Cal\u00e7a Quadrada\" class=\"wp-image-20839\" srcset=\"https:\/\/www.correiobraziliense.com.br\/cbradar\/wp-content\/uploads\/2025\/04\/maria_banner-1024x576.jpg 1024w, https:\/\/www.correiobraziliense.com.br\/cbradar\/wp-content\/uploads\/2025\/04\/maria_banner-300x169.jpg 300w, https:\/\/www.correiobraziliense.com.br\/cbradar\/wp-content\/uploads\/2025\/04\/maria_banner-768x432.jpg 768w, https:\/\/www.correiobraziliense.com.br\/cbradar\/wp-content\/uploads\/2025\/04\/maria_banner-750x422.jpg 750w, https:\/\/www.correiobraziliense.com.br\/cbradar\/wp-content\/uploads\/2025\/04\/maria_banner-1140x641.jpg 1140w, https:\/\/www.correiobraziliense.com.br\/cbradar\/wp-content\/uploads\/2025\/04\/maria_banner.jpg 1280w\" sizes=\"(max-width: 1024px) 100vw, 1024px\" \/><figcaption class=\"wp-element-caption\">Bob esponja. Fonte: Paramount Pictures<\/figcaption><\/figure>\n\n\n\n<p>Apesar de ter sido produzido antes da pandemia, a Nickelodeon optou por remov\u00ea-lo temporariamente, temendo que o conte\u00fado pudesse ser considerado inadequado no contexto da crise global de sa\u00fade. No entanto, o epis\u00f3dio foi reintegrado ao cat\u00e1logo em 2022, ap\u00f3s uma reavalia\u00e7\u00e3o do seu impacto.<\/p>\n\n\n\n<h2 class=\"wp-block-heading\"><strong>Qual \u00e9 a controv\u00e9rsia em torno do epis\u00f3dio &#8220;Mid-Life Crustacean&#8221;?<\/strong><\/h2>\n\n\n\n<p>Outro epis\u00f3dio que gerou controv\u00e9rsia \u00e9 &#8220;Mid-Life Crustacean&#8221;, que permanece banido desde 2018. Nele, o Sr. Siriguejo enfrenta uma crise de meia-idade e busca rejuvenescimento com a ajuda de Bob Esponja e Patrick. A trama culmina em uma cena onde os personagens invadem uma casa para roubar um item \u00edntimo, o que foi considerado inapropriado para o p\u00fablico infantil.<\/p>\n\n\n\n<p>A sequ\u00eancia foi criticada por tratar de um tema adulto de forma leviana, levando a Nickelodeon a remover o epis\u00f3dio da programa\u00e7\u00e3o. A decis\u00e3o reflete a preocupa\u00e7\u00e3o com o impacto que certos conte\u00fados podem ter sobre crian\u00e7as, mesmo em um contexto de humor.<\/p>\n\n\n\n<h2 class=\"wp-block-heading\"><strong>Como Bob Esponja mant\u00e9m sua relev\u00e2ncia ao longo dos anos?<\/strong><\/h2>\n\n\n\n<p>Apesar das controv\u00e9rsias,&nbsp;<strong>Bob Esponja Cal\u00e7a Quadrada<\/strong>&nbsp;continua a ser uma presen\u00e7a constante na cultura pop. A s\u00e9rie se adapta \u00e0s mudan\u00e7as sociais e culturais, garantindo que seu conte\u00fado permane\u00e7a relevante e divertido. Al\u00e9m disso, a capacidade de se conectar com diferentes gera\u00e7\u00f5es \u00e9 um dos fatores que contribuem para sua longevidade.<\/p>\n\n\n\n<p>Com novos epis\u00f3dios e filmes sendo lan\u00e7ados, Bob Esponja continua a encantar e entreter p\u00fablicos ao redor do mundo. A s\u00e9rie n\u00e3o apenas sobrevive ao teste do tempo, mas tamb\u00e9m evolui, mantendo-se fiel ao seu esp\u00edrito original de humor e criatividade.<\/p>\n","protected":false},"excerpt":{"rendered":"<p>Explorando o impacto de Bob Esponja Square Pants na cultura pop, seu apelo universal e controv\u00e9rsias.<\/p>\n","protected":false},"author":3,"featured_media":20838,"comment_status":"open","ping_status":"open","sticky":false,"template":"","format":"standard","meta":{"_yoast_wpseo_focuskw":"bob esponja","_yoast_wpseo_title":"%%title%%","_yoast_wpseo_metadesc":"Explorando o impacto de Bob Esponja Square Pants na cultura pop, seu apelo universal e controv\u00e9rsias.","jnews-multi-image_gallery":[],"jnews_single_post":{"format":"standard"},"jnews_primary_category":[],"jnews_social_meta":[],"jnews_override_counter":[],"footnotes":""},"categories":[140],"post_tag":[3038,568],"class_list":["post-20829","post","type-post","status-publish","format-standard","has-post-thumbnail","hentry","category-entretenimento","tag-bob-esponja","tag-series-e-filmes"],"yoast_head":"<!-- This site is optimized with the Yoast SEO plugin v24.6 - https:\/\/yoast.com\/wordpress\/plugins\/seo\/ -->\n<title>Entenda o motivo de alguns epis\u00f3dios de Bob Esponja terem sido banidos<\/title>\n<meta name=\"description\" content=\"Explorando o impacto de Bob Esponja Square Pants na cultura pop, seu apelo universal e controv\u00e9rsias.\" \/>\n<meta name=\"robots\" content=\"index, follow, max-snippet:-1, max-image-preview:large, max-video-preview:-1\" \/>\n<link rel=\"canonical\" href=\"https:\/\/www.correiobraziliense.com.br\/cbradar\/entenda-o-motivo-de-alguns-episodios-de-bob-esponja-terem-sido-banidos\/\" \/>\n<meta property=\"og:locale\" content=\"pt_BR\" \/>\n<meta property=\"og:type\" content=\"article\" \/>\n<meta property=\"og:title\" content=\"Entenda o motivo de alguns epis\u00f3dios de Bob Esponja terem sido banidos\" \/>\n<meta property=\"og:description\" content=\"Explorando o impacto de Bob Esponja Square Pants na cultura pop, seu apelo universal e controv\u00e9rsias.\" \/>\n<meta property=\"og:url\" content=\"https:\/\/www.correiobraziliense.com.br\/cbradar\/entenda-o-motivo-de-alguns-episodios-de-bob-esponja-terem-sido-banidos\/\" \/>\n<meta property=\"og:site_name\" content=\"Correio Braziliense - Radar\" \/>\n<meta property=\"article:published_time\" content=\"2025-04-09T11:50:00+00:00\" \/>\n<meta property=\"og:image\" content=\"https:\/\/www.correiobraziliense.com.br\/cbradar\/wp-content\/uploads\/2025\/04\/mari_banner.jpg\" \/>\n\t<meta property=\"og:image:width\" content=\"1280\" \/>\n\t<meta property=\"og:image:height\" content=\"720\" \/>\n\t<meta property=\"og:image:type\" content=\"image\/jpeg\" \/>\n<meta name=\"author\" content=\"Larissa Carvalho\" \/>\n<meta name=\"twitter:card\" content=\"summary_large_image\" \/>\n<meta name=\"twitter:label1\" content=\"Escrito por\" \/>\n\t<meta name=\"twitter:data1\" content=\"Larissa Carvalho\" \/>\n\t<meta name=\"twitter:label2\" content=\"Est. tempo de leitura\" \/>\n\t<meta name=\"twitter:data2\" content=\"3 minutos\" \/>\n<!-- \/ Yoast SEO plugin. -->","yoast_head_json":{"title":"Entenda o motivo de alguns epis\u00f3dios de Bob Esponja terem sido banidos","description":"Explorando o impacto de Bob Esponja Square Pants na cultura pop, seu apelo universal e controv\u00e9rsias.","robots":{"index":"index","follow":"follow","max-snippet":"max-snippet:-1","max-image-preview":"max-image-preview:large","max-video-preview":"max-video-preview:-1"},"canonical":"https:\/\/www.correiobraziliense.com.br\/cbradar\/entenda-o-motivo-de-alguns-episodios-de-bob-esponja-terem-sido-banidos\/","og_locale":"pt_BR","og_type":"article","og_title":"Entenda o motivo de alguns epis\u00f3dios de Bob Esponja terem sido banidos","og_description":"Explorando o impacto de Bob Esponja Square Pants na cultura pop, seu apelo universal e controv\u00e9rsias.","og_url":"https:\/\/www.correiobraziliense.com.br\/cbradar\/entenda-o-motivo-de-alguns-episodios-de-bob-esponja-terem-sido-banidos\/","og_site_name":"Correio Braziliense - Radar","article_published_time":"2025-04-09T11:50:00+00:00","og_image":[{"width":1280,"height":720,"url":"https:\/\/www.correiobraziliense.com.br\/cbradar\/wp-content\/uploads\/2025\/04\/mari_banner.jpg","type":"image\/jpeg"}],"author":"Larissa Carvalho","twitter_card":"summary_large_image","twitter_misc":{"Escrito por":"Larissa Carvalho","Est. tempo de leitura":"3 minutos"},"schema":{"@context":"https:\/\/schema.org","@graph":[{"@type":"WebPage","@id":"https:\/\/www.correiobraziliense.com.br\/cbradar\/entenda-o-motivo-de-alguns-episodios-de-bob-esponja-terem-sido-banidos\/","url":"https:\/\/www.correiobraziliense.com.br\/cbradar\/entenda-o-motivo-de-alguns-episodios-de-bob-esponja-terem-sido-banidos\/","name":"Entenda o motivo de alguns epis\u00f3dios de Bob Esponja terem sido banidos","isPartOf":{"@id":"https:\/\/www.correiobraziliense.com.br\/cbradar\/#website"},"primaryImageOfPage":{"@id":"https:\/\/www.correiobraziliense.com.br\/cbradar\/entenda-o-motivo-de-alguns-episodios-de-bob-esponja-terem-sido-banidos\/#primaryimage"},"image":{"@id":"https:\/\/www.correiobraziliense.com.br\/cbradar\/entenda-o-motivo-de-alguns-episodios-de-bob-esponja-terem-sido-banidos\/#primaryimage"},"thumbnailUrl":"https:\/\/www.correiobraziliense.com.br\/cbradar\/wp-content\/uploads\/2025\/04\/mari_banner.jpg","datePublished":"2025-04-09T11:50:00+00:00","author":{"@id":"https:\/\/www.correiobraziliense.com.br\/cbradar\/#\/schema\/person\/58422787644df994b53a19d3e56c1513"},"description":"Explorando o impacto de Bob Esponja Square Pants na cultura pop, seu apelo universal e controv\u00e9rsias.","breadcrumb":{"@id":"https:\/\/www.correiobraziliense.com.br\/cbradar\/entenda-o-motivo-de-alguns-episodios-de-bob-esponja-terem-sido-banidos\/#breadcrumb"},"inLanguage":"pt-BR","potentialAction":[{"@type":"ReadAction","target":["https:\/\/www.correiobraziliense.com.br\/cbradar\/entenda-o-motivo-de-alguns-episodios-de-bob-esponja-terem-sido-banidos\/"]}]},{"@type":"ImageObject","inLanguage":"pt-BR","@id":"https:\/\/www.correiobraziliense.com.br\/cbradar\/entenda-o-motivo-de-alguns-episodios-de-bob-esponja-terem-sido-banidos\/#primaryimage","url":"https:\/\/www.correiobraziliense.com.br\/cbradar\/wp-content\/uploads\/2025\/04\/mari_banner.jpg","contentUrl":"https:\/\/www.correiobraziliense.com.br\/cbradar\/wp-content\/uploads\/2025\/04\/mari_banner.jpg","width":1280,"height":720,"caption":"Bob esponja. Fonte: Paramount Pictures"},{"@type":"BreadcrumbList","@id":"https:\/\/www.correiobraziliense.com.br\/cbradar\/entenda-o-motivo-de-alguns-episodios-de-bob-esponja-terem-sido-banidos\/#breadcrumb","itemListElement":[{"@type":"ListItem","position":1,"name":"In\u00edcio","item":"https:\/\/www.correiobraziliense.com.br\/cbradar\/"},{"@type":"ListItem","position":2,"name":"Entenda o motivo de alguns epis\u00f3dios de Bob Esponja terem sido banidos"}]},{"@type":"WebSite","@id":"https:\/\/www.correiobraziliense.com.br\/cbradar\/#website","url":"https:\/\/www.correiobraziliense.com.br\/cbradar\/","name":"Correio Braziliense - Radar","description":"Acompanhe as \u00faltimas not\u00edcias e fique bem informado sobre tudo o que acontece no Brasil e no mundo.","potentialAction":[{"@type":"SearchAction","target":{"@type":"EntryPoint","urlTemplate":"https:\/\/www.correiobraziliense.com.br\/cbradar\/?s={search_term_string}"},"query-input":{"@type":"PropertyValueSpecification","valueRequired":true,"valueName":"search_term_string"}}],"inLanguage":"pt-BR"},{"@type":"Person","@id":"https:\/\/www.correiobraziliense.com.br\/cbradar\/#\/schema\/person\/58422787644df994b53a19d3e56c1513","name":"Larissa Carvalho","image":{"@type":"ImageObject","inLanguage":"pt-BR","@id":"https:\/\/www.correiobraziliense.com.br\/cbradar\/#\/schema\/person\/image\/","url":"https:\/\/secure.gravatar.com\/avatar\/fe4f91a0de32b52a838d0d612abdc1aa?s=96&d=mm&r=g","contentUrl":"https:\/\/secure.gravatar.com\/avatar\/fe4f91a0de32b52a838d0d612abdc1aa?s=96&d=mm&r=g","caption":"Larissa Carvalho"},"url":"https:\/\/www.correiobraziliense.com.br\/cbradar\/author\/larissamyth\/"}]}},"_links":{"self":[{"href":"https:\/\/www.correiobraziliense.com.br\/cbradar\/wp-json\/wp\/v2\/posts\/20829","targetHints":{"allow":["GET"]}}],"collection":[{"href":"https:\/\/www.correiobraziliense.com.br\/cbradar\/wp-json\/wp\/v2\/posts"}],"about":[{"href":"https:\/\/www.correiobraziliense.com.br\/cbradar\/wp-json\/wp\/v2\/types\/post"}],"author":[{"embeddable":true,"href":"https:\/\/www.correiobraziliense.com.br\/cbradar\/wp-json\/wp\/v2\/users\/3"}],"replies":[{"embeddable":true,"href":"https:\/\/www.correiobraziliense.com.br\/cbradar\/wp-json\/wp\/v2\/comments?post=20829"}],"version-history":[{"count":2,"href":"https:\/\/www.correiobraziliense.com.br\/cbradar\/wp-json\/wp\/v2\/posts\/20829\/revisions"}],"predecessor-version":[{"id":20973,"href":"https:\/\/www.correiobraziliense.com.br\/cbradar\/wp-json\/wp\/v2\/posts\/20829\/revisions\/20973"}],"wp:featuredmedia":[{"embeddable":true,"href":"https:\/\/www.correiobraziliense.com.br\/cbradar\/wp-json\/wp\/v2\/media\/20838"}],"wp:attachment":[{"href":"https:\/\/www.correiobraziliense.com.br\/cbradar\/wp-json\/wp\/v2\/media?parent=20829"}],"wp:term":[{"taxonomy":"category","embeddable":true,"href":"https:\/\/www.correiobraziliense.com.br\/cbradar\/wp-json\/wp\/v2\/categories?post=20829"},{"taxonomy":"post_tag","embeddable":true,"href":"https:\/\/www.correiobraziliense.com.br\/cbradar\/wp-json\/wp\/v2\/post_tag?post=20829"}],"curies":[{"name":"wp","href":"https:\/\/api.w.org\/{rel}","templated":true}]}}