{"id":208304,"date":"2026-03-15T01:35:00","date_gmt":"2026-03-15T04:35:00","guid":{"rendered":"https:\/\/www.correiobraziliense.com.br\/cbradar\/?p=208304"},"modified":"2026-03-14T21:51:10","modified_gmt":"2026-03-15T00:51:10","slug":"a-planta-do-interior-que-quase-nao-precisa-de-agua-e-rende-remedios-naturais","status":"publish","type":"post","link":"https:\/\/www.correiobraziliense.com.br\/cbradar\/a-planta-do-interior-que-quase-nao-precisa-de-agua-e-rende-remedios-naturais\/","title":{"rendered":"A planta do interior que quase n\u00e3o precisa de \u00e1gua e rende rem\u00e9dios naturais"},"content":{"rendered":"\n<p>A <strong>Babosa<\/strong> \u00e9 amplamente reconhecida pela sua resist\u00eancia impressionante em climas \u00e1ridos e solos pouco f\u00e9rteis do interior. Esta planta suculenta armazena grandes quantidades de \u00e1gua em suas folhas, permitindo que sobreviva a longos per\u00edodos de seca extrema. Suas propriedades medicinais s\u00e3o valorizadas por gera\u00e7\u00f5es que buscam solu\u00e7\u00f5es naturais e realmente eficazes.<\/p>\n\n\n\n<h2 class=\"wp-block-heading\">Por que esta suculenta consegue sobreviver com t\u00e3o pouca umidade?<\/h2>\n\n\n\n<p>A estrutura biol\u00f3gica desta esp\u00e9cie permite que ela feche seus poros durante o dia para evitar a perda excessiva de l\u00edquido. Esse mecanismo de adapta\u00e7\u00e3o \u00e9 vital para a sobreviv\u00eancia em regi\u00f5es onde a chuva \u00e9 escassa e o sol \u00e9 muito intenso. As folhas espessas funcionam como reservat\u00f3rios estrat\u00e9gicos de nutrientes essenciais para a manuten\u00e7\u00e3o da planta.<\/p>\n\n\n\n<p>O sistema radicular da <a href=\"https:\/\/www.correiobraziliense.com.br\/cbradar\/a-hortela-cresce-em-quase-qualquer-lugar-mas-e-melhor-nao-planta-la-perto-desta-erva-onde-cultivar-e-como-usar-na-cozinha\/\" target=\"_blank\" rel=\"noreferrer noopener\">planta <\/a>\u00e9 superficial e se espalha rapidamente para captar qualquer resqu\u00edcio de orvalho ou garoa passageira no solo. Essa efici\u00eancia na absor\u00e7\u00e3o garante que o vegetal mantenha sua vitalidade mesmo em condi\u00e7\u00f5es adversas que matariam outras esp\u00e9cies mais sens\u00edveis. \u00c9 uma escolha inteligente para quem deseja praticidade e sa\u00fade sem exigir regas constantes.<\/p>\n\n\n\n<figure class=\"wp-block-image size-full\"><img decoding=\"async\" width=\"1280\" height=\"720\" src=\"https:\/\/www.correiobraziliense.com.br\/cbradar\/wp-content\/uploads\/2026\/03\/Gemini_Generated_Image_3w5y7e3w5y7e3w5y-1-1.png\" alt=\"A planta do interior que quase n\u00e3o precisa de \u00e1gua e rende rem\u00e9dios naturais\" class=\"wp-image-208309\" srcset=\"https:\/\/www.correiobraziliense.com.br\/cbradar\/wp-content\/uploads\/2026\/03\/Gemini_Generated_Image_3w5y7e3w5y7e3w5y-1-1.png 1280w, https:\/\/www.correiobraziliense.com.br\/cbradar\/wp-content\/uploads\/2026\/03\/Gemini_Generated_Image_3w5y7e3w5y7e3w5y-1-1-300x169.png 300w, https:\/\/www.correiobraziliense.com.br\/cbradar\/wp-content\/uploads\/2026\/03\/Gemini_Generated_Image_3w5y7e3w5y7e3w5y-1-1-768x432.png 768w, https:\/\/www.correiobraziliense.com.br\/cbradar\/wp-content\/uploads\/2026\/03\/Gemini_Generated_Image_3w5y7e3w5y7e3w5y-1-1-750x422.png 750w, https:\/\/www.correiobraziliense.com.br\/cbradar\/wp-content\/uploads\/2026\/03\/Gemini_Generated_Image_3w5y7e3w5y7e3w5y-1-1-1140x641.png 1140w\" sizes=\"(max-width: 1280px) 100vw, 1280px\" \/><figcaption class=\"wp-element-caption\">Uma planta resistente presente em muitos quintais guarda um costume antigo que atravessa gera\u00e7\u00f5es<\/figcaption><\/figure>\n\n\n\n<h2 class=\"wp-block-heading\">Quais s\u00e3o as propriedades curativas ocultas dentro do gel das folhas?<\/h2>\n\n\n\n<p>O gel transparente encontrado no interior da folha \u00e9 rico em vitaminas, minerais e enzimas que aceleram a cicatriza\u00e7\u00e3o de feridas. Sua aplica\u00e7\u00e3o t\u00f3pica \u00e9 um m\u00e9todo tradicional muito eficiente para tratar queimaduras leves e inflama\u00e7\u00f5es cut\u00e2neas sem recorrer a produtos qu\u00edmicos agressivos. A ci\u00eancia moderna valida esse uso milenar como uma <strong>ferramenta indispens\u00e1vel para o cuidado pessoal<\/strong>.<\/p>\n\n\n\n<p>Al\u00e9m dos benef\u00edcios externos, a ingest\u00e3o controlada de extratos espec\u00edficos pode auxiliar no equil\u00edbrio do sistema digestivo humano e no fortalecimento imunol\u00f3gico. O gel atua como um t\u00f4nico natural que desintoxica o organismo e melhora a absor\u00e7\u00e3o de nutrientes fundamentais para a sa\u00fade. Ter este recurso no quintal representa uma economia real e um ganho de vitalidade.<\/p>\n\n\n\n<h2 class=\"wp-block-heading\">Como utilizar os extratos vegetais para melhorar a sa\u00fade da pele?<\/h2>\n\n\n\n<p>A aplica\u00e7\u00e3o direta do conte\u00fado interno da folha sobre a derme proporciona uma hidrata\u00e7\u00e3o profunda e duradoura para todos os indiv\u00edduos. Este processo natural acalma irrita\u00e7\u00f5es causadas pelo sol e previne o envelhecimento precoce das c\u00e9lulas de forma muito segura e pr\u00e1tica. A simplicidade deste h\u00e1bito garante resultados vis\u00edveis e uma textura de pele muito mais saud\u00e1vel.<\/p>\n\n\n\n<figure class=\"wp-block-image size-large\"><img decoding=\"async\" width=\"1182\" height=\"720\" src=\"https:\/\/www.correiobraziliense.com.br\/cbradar\/wp-content\/uploads\/2026\/03\/convertido-51-1182x720.jpg\" alt=\"\" class=\"wp-image-208310\" srcset=\"https:\/\/www.correiobraziliense.com.br\/cbradar\/wp-content\/uploads\/2026\/03\/convertido-51-1182x720.jpg 1182w, https:\/\/www.correiobraziliense.com.br\/cbradar\/wp-content\/uploads\/2026\/03\/convertido-51-300x183.jpg 300w, https:\/\/www.correiobraziliense.com.br\/cbradar\/wp-content\/uploads\/2026\/03\/convertido-51-768x468.jpg 768w, https:\/\/www.correiobraziliense.com.br\/cbradar\/wp-content\/uploads\/2026\/03\/convertido-51-750x457.jpg 750w, https:\/\/www.correiobraziliense.com.br\/cbradar\/wp-content\/uploads\/2026\/03\/convertido-51-1140x695.jpg 1140w, https:\/\/www.correiobraziliense.com.br\/cbradar\/wp-content\/uploads\/2026\/03\/convertido-51.jpg 1280w\" sizes=\"(max-width: 1182px) 100vw, 1182px\" \/><\/figure>\n\n\n\n<h2 class=\"wp-block-heading\">De que maneira o cultivo dom\u00e9stico favorece a sustentabilidade ambiental local?<\/h2>\n\n\n\n<p>Manter uma horta de ervas medicinais reduz a depend\u00eancia de f\u00e1rmacos industriais e promove a biodiversidade dentro dos espa\u00e7os urbanos e rurais. Esta pr\u00e1tica incentiva o contato direto com a natureza e o aprendizado sobre os ciclos de crescimento das esp\u00e9cies bot\u00e2nicas mais resistentes. O cultivo sustent\u00e1vel \u00e9 um ato de responsabilidade que beneficia o meio ambiente global.<\/p>\n\n\n\n<p>A planta exige pouqu\u00edssimos insumos qu\u00edmicos para se desenvolver, o que preserva a pureza do solo e evita a contamina\u00e7\u00e3o dos len\u00e7\u00f3is fre\u00e1ticos. Ao optar por solu\u00e7\u00f5es naturais encontradas no pr\u00f3prio quintal, o indiv\u00edduo contribui para a redu\u00e7\u00e3o do lixo pl\u00e1stico gerado pelas embalagens de cosm\u00e9ticos tradicionais. \u00c9 um <strong>estilo de vida consciente e extremamente pr\u00e1tico<\/strong> para todos.<\/p>\n\n\n\n<p>A babosa \u00e9 conhecida h\u00e1 muito tempo por suas propriedades naturais e pelo uso em cuidados com pele, cabelo e bem-estar. Seus nutrientes despertam curiosidade sobre seus reais benef\u00edcios. No conte\u00fado da <strong>Angela Xavier<\/strong>, com 3,93 milh\u00f5es de inscritos, voc\u00ea descobre mais:<\/p>\n\n\n\n<figure class=\"wp-block-embed is-type-video is-provider-youtube wp-block-embed-youtube wp-embed-aspect-16-9 wp-has-aspect-ratio\"><div class=\"wp-block-embed__wrapper\">\n<div class=\"jeg_video_container jeg_video_content\"><iframe loading=\"lazy\" title=\"Benef\u00edcios incr\u00edveis da babosa!!\" width=\"500\" height=\"281\" src=\"https:\/\/www.youtube.com\/embed\/KxfxGlqSF8o?feature=oembed\" frameborder=\"0\" allow=\"accelerometer; autoplay; clipboard-write; encrypted-media; gyroscope; picture-in-picture; web-share\" referrerpolicy=\"strict-origin-when-cross-origin\" allowfullscreen><\/iframe><\/div>\n<\/div><\/figure>\n\n\n\n<h2 class=\"wp-block-heading\">Qual a base cient\u00edfica para o uso terap\u00eautico desta esp\u00e9cie milenar?<\/h2>\n\n\n\n<p>Estudos bioqu\u00edmicos demonstram que os polissacar\u00eddeos presentes no gel estimulam a produ\u00e7\u00e3o de col\u00e1geno e a regenera\u00e7\u00e3o dos tecidos moles danificados. A a\u00e7\u00e3o antioxidante combate os radicais livres, protegendo as c\u00e9lulas contra danos oxidativos que podem levar a doen\u00e7as graves no futuro. A compreens\u00e3o t\u00e9cnica deste vegetal permite um uso muito mais seguro e eficaz para o bem-estar humano.<\/p>\n\n\n\n<p>Para compreender as diretrizes oficiais sobre o uso seguro de plantas medicinais e seus benef\u00edcios comprovados, consulte os dados detalhados fornecidos pela <strong><a href=\"https:\/\/iris.who.int\/handle\/10665\/42052\" target=\"_blank\" rel=\"noreferrer noopener\">Organiza\u00e7\u00e3o Mundial da Sa\u00fade<\/a><\/strong>. O acesso a informa\u00e7\u00f5es validadas \u00e9 fundamental para garantir que os tratamentos naturais sejam realizados de forma respons\u00e1vel. O conhecimento acad\u00eamico s\u00f3lido \u00e9 o que diferencia o uso amador da terapia bot\u00e2nica real.<\/p>\n","protected":false},"excerpt":{"rendered":"<p>A Babosa \u00e9 amplamente reconhecida pela sua resist\u00eancia impressionante em climas \u00e1ridos e solos pouco f\u00e9rteis do interior. Esta planta suculenta armazena grandes quantidades de \u00e1gua em suas folhas, permitindo que sobreviva a longos per\u00edodos de seca extrema. Suas propriedades medicinais s\u00e3o valorizadas por gera\u00e7\u00f5es que buscam solu\u00e7\u00f5es naturais e realmente eficazes. Por que esta [&hellip;]<\/p>\n","protected":false},"author":21,"featured_media":208312,"comment_status":"open","ping_status":"open","sticky":false,"template":"","format":"standard","meta":{"_yoast_wpseo_focuskw":"babosa planta resistente usos naturais","_yoast_wpseo_title":"","_yoast_wpseo_metadesc":"Uma planta comum em muitos quintais guarda um segredo antigo que atravessa gera\u00e7\u00f5es e continua sendo valorizado.","jnews-multi-image_gallery":[],"jnews_single_post":{"format":"standard"},"jnews_primary_category":[],"jnews_social_meta":[],"jnews_override_counter":[],"footnotes":""},"categories":[136,4404],"tags":[1167,1362,866,3299],"class_list":["post-208304","post","type-post","status-publish","format-standard","has-post-thumbnail","hentry","category-jardinagem","category-saude","tag-agua","tag-babosa","tag-planta","tag-remedios-naturais"],"yoast_head":"<!-- This site is optimized with the Yoast SEO plugin v24.6 - https:\/\/yoast.com\/wordpress\/plugins\/seo\/ -->\n<title>A planta do interior que quase n\u00e3o precisa de \u00e1gua e rende rem\u00e9dios naturais - Correio Braziliense - Radar<\/title>\n<meta name=\"description\" content=\"Uma planta comum em muitos quintais guarda um segredo antigo que atravessa gera\u00e7\u00f5es e continua sendo valorizado.\" \/>\n<meta name=\"robots\" content=\"index, follow, max-snippet:-1, max-image-preview:large, max-video-preview:-1\" \/>\n<link rel=\"canonical\" href=\"https:\/\/www.correiobraziliense.com.br\/cbradar\/a-planta-do-interior-que-quase-nao-precisa-de-agua-e-rende-remedios-naturais\/\" \/>\n<meta property=\"og:locale\" content=\"pt_BR\" \/>\n<meta property=\"og:type\" content=\"article\" \/>\n<meta property=\"og:title\" content=\"A planta do interior que quase n\u00e3o precisa de \u00e1gua e rende rem\u00e9dios naturais - Correio Braziliense - Radar\" \/>\n<meta property=\"og:description\" content=\"Uma planta comum em muitos quintais guarda um segredo antigo que atravessa gera\u00e7\u00f5es e continua sendo valorizado.\" \/>\n<meta property=\"og:url\" content=\"https:\/\/www.correiobraziliense.com.br\/cbradar\/a-planta-do-interior-que-quase-nao-precisa-de-agua-e-rende-remedios-naturais\/\" \/>\n<meta property=\"og:site_name\" content=\"Correio Braziliense - Radar\" \/>\n<meta property=\"article:published_time\" content=\"2026-03-15T04:35:00+00:00\" \/>\n<meta property=\"og:image\" content=\"https:\/\/www.correiobraziliense.com.br\/cbradar\/wp-content\/uploads\/2026\/03\/Gemini_Generated_Image_nlujn2nlujn2nluj-1-1.png\" \/>\n\t<meta property=\"og:image:width\" content=\"1280\" \/>\n\t<meta property=\"og:image:height\" content=\"720\" \/>\n\t<meta property=\"og:image:type\" content=\"image\/png\" \/>\n<meta name=\"author\" content=\"Patrick Silva\" \/>\n<meta name=\"twitter:card\" content=\"summary_large_image\" \/>\n<meta name=\"twitter:label1\" content=\"Escrito por\" \/>\n\t<meta name=\"twitter:data1\" content=\"Patrick Silva\" \/>\n\t<meta name=\"twitter:label2\" content=\"Est. tempo de leitura\" \/>\n\t<meta name=\"twitter:data2\" content=\"5 minutos\" \/>\n<!-- \/ Yoast SEO plugin. -->","yoast_head_json":{"title":"A planta do interior que quase n\u00e3o precisa de \u00e1gua e rende rem\u00e9dios naturais - Correio Braziliense - Radar","description":"Uma planta comum em muitos quintais guarda um segredo antigo que atravessa gera\u00e7\u00f5es e continua sendo valorizado.","robots":{"index":"index","follow":"follow","max-snippet":"max-snippet:-1","max-image-preview":"max-image-preview:large","max-video-preview":"max-video-preview:-1"},"canonical":"https:\/\/www.correiobraziliense.com.br\/cbradar\/a-planta-do-interior-que-quase-nao-precisa-de-agua-e-rende-remedios-naturais\/","og_locale":"pt_BR","og_type":"article","og_title":"A planta do interior que quase n\u00e3o precisa de \u00e1gua e rende rem\u00e9dios naturais - Correio Braziliense - Radar","og_description":"Uma planta comum em muitos quintais guarda um segredo antigo que atravessa gera\u00e7\u00f5es e continua sendo valorizado.","og_url":"https:\/\/www.correiobraziliense.com.br\/cbradar\/a-planta-do-interior-que-quase-nao-precisa-de-agua-e-rende-remedios-naturais\/","og_site_name":"Correio Braziliense - Radar","article_published_time":"2026-03-15T04:35:00+00:00","og_image":[{"width":1280,"height":720,"url":"https:\/\/www.correiobraziliense.com.br\/cbradar\/wp-content\/uploads\/2026\/03\/Gemini_Generated_Image_nlujn2nlujn2nluj-1-1.png","type":"image\/png"}],"author":"Patrick Silva","twitter_card":"summary_large_image","twitter_misc":{"Escrito por":"Patrick Silva","Est. tempo de leitura":"5 minutos"},"schema":{"@context":"https:\/\/schema.org","@graph":[{"@type":"WebPage","@id":"https:\/\/www.correiobraziliense.com.br\/cbradar\/a-planta-do-interior-que-quase-nao-precisa-de-agua-e-rende-remedios-naturais\/","url":"https:\/\/www.correiobraziliense.com.br\/cbradar\/a-planta-do-interior-que-quase-nao-precisa-de-agua-e-rende-remedios-naturais\/","name":"A planta do interior que quase n\u00e3o precisa de \u00e1gua e rende rem\u00e9dios naturais - Correio Braziliense - Radar","isPartOf":{"@id":"https:\/\/www.correiobraziliense.com.br\/cbradar\/#website"},"primaryImageOfPage":{"@id":"https:\/\/www.correiobraziliense.com.br\/cbradar\/a-planta-do-interior-que-quase-nao-precisa-de-agua-e-rende-remedios-naturais\/#primaryimage"},"image":{"@id":"https:\/\/www.correiobraziliense.com.br\/cbradar\/a-planta-do-interior-que-quase-nao-precisa-de-agua-e-rende-remedios-naturais\/#primaryimage"},"thumbnailUrl":"https:\/\/www.correiobraziliense.com.br\/cbradar\/wp-content\/uploads\/2026\/03\/Gemini_Generated_Image_nlujn2nlujn2nluj-1-1.png","datePublished":"2026-03-15T04:35:00+00:00","author":{"@id":"https:\/\/www.correiobraziliense.com.br\/cbradar\/#\/schema\/person\/5440b72be9c7eb74f446c846479dc4da"},"description":"Uma planta comum em muitos quintais guarda um segredo antigo que atravessa gera\u00e7\u00f5es e continua sendo valorizado.","breadcrumb":{"@id":"https:\/\/www.correiobraziliense.com.br\/cbradar\/a-planta-do-interior-que-quase-nao-precisa-de-agua-e-rende-remedios-naturais\/#breadcrumb"},"inLanguage":"pt-BR","potentialAction":[{"@type":"ReadAction","target":["https:\/\/www.correiobraziliense.com.br\/cbradar\/a-planta-do-interior-que-quase-nao-precisa-de-agua-e-rende-remedios-naturais\/"]}]},{"@type":"ImageObject","inLanguage":"pt-BR","@id":"https:\/\/www.correiobraziliense.com.br\/cbradar\/a-planta-do-interior-que-quase-nao-precisa-de-agua-e-rende-remedios-naturais\/#primaryimage","url":"https:\/\/www.correiobraziliense.com.br\/cbradar\/wp-content\/uploads\/2026\/03\/Gemini_Generated_Image_nlujn2nlujn2nluj-1-1.png","contentUrl":"https:\/\/www.correiobraziliense.com.br\/cbradar\/wp-content\/uploads\/2026\/03\/Gemini_Generated_Image_nlujn2nlujn2nluj-1-1.png","width":1280,"height":720,"caption":"Uma planta resistente presente em muitos quintais guarda um costume antigo que atravessa gera\u00e7\u00f5es"},{"@type":"BreadcrumbList","@id":"https:\/\/www.correiobraziliense.com.br\/cbradar\/a-planta-do-interior-que-quase-nao-precisa-de-agua-e-rende-remedios-naturais\/#breadcrumb","itemListElement":[{"@type":"ListItem","position":1,"name":"In\u00edcio","item":"https:\/\/www.correiobraziliense.com.br\/cbradar\/"},{"@type":"ListItem","position":2,"name":"A planta do interior que quase n\u00e3o precisa de \u00e1gua e rende rem\u00e9dios naturais"}]},{"@type":"WebSite","@id":"https:\/\/www.correiobraziliense.com.br\/cbradar\/#website","url":"https:\/\/www.correiobraziliense.com.br\/cbradar\/","name":"Correio Braziliense - Radar","description":"Acompanhe as \u00faltimas not\u00edcias e fique bem informado sobre tudo o que acontece no Brasil e no mundo.","potentialAction":[{"@type":"SearchAction","target":{"@type":"EntryPoint","urlTemplate":"https:\/\/www.correiobraziliense.com.br\/cbradar\/?s={search_term_string}"},"query-input":{"@type":"PropertyValueSpecification","valueRequired":true,"valueName":"search_term_string"}}],"inLanguage":"pt-BR"},{"@type":"Person","@id":"https:\/\/www.correiobraziliense.com.br\/cbradar\/#\/schema\/person\/5440b72be9c7eb74f446c846479dc4da","name":"Patrick Silva","image":{"@type":"ImageObject","inLanguage":"pt-BR","@id":"https:\/\/www.correiobraziliense.com.br\/cbradar\/#\/schema\/person\/image\/","url":"https:\/\/secure.gravatar.com\/avatar\/944109df296fc087785c9715fd5f80b2?s=96&d=mm&r=g","contentUrl":"https:\/\/secure.gravatar.com\/avatar\/944109df296fc087785c9715fd5f80b2?s=96&d=mm&r=g","caption":"Patrick Silva"},"sameAs":["https:\/\/www.correiobraziliense.com.br\/cbradar\/"],"url":"https:\/\/www.correiobraziliense.com.br\/cbradar\/author\/patrick-silva\/"}]}},"_links":{"self":[{"href":"https:\/\/www.correiobraziliense.com.br\/cbradar\/wp-json\/wp\/v2\/posts\/208304","targetHints":{"allow":["GET"]}}],"collection":[{"href":"https:\/\/www.correiobraziliense.com.br\/cbradar\/wp-json\/wp\/v2\/posts"}],"about":[{"href":"https:\/\/www.correiobraziliense.com.br\/cbradar\/wp-json\/wp\/v2\/types\/post"}],"author":[{"embeddable":true,"href":"https:\/\/www.correiobraziliense.com.br\/cbradar\/wp-json\/wp\/v2\/users\/21"}],"replies":[{"embeddable":true,"href":"https:\/\/www.correiobraziliense.com.br\/cbradar\/wp-json\/wp\/v2\/comments?post=208304"}],"version-history":[{"count":6,"href":"https:\/\/www.correiobraziliense.com.br\/cbradar\/wp-json\/wp\/v2\/posts\/208304\/revisions"}],"predecessor-version":[{"id":208313,"href":"https:\/\/www.correiobraziliense.com.br\/cbradar\/wp-json\/wp\/v2\/posts\/208304\/revisions\/208313"}],"wp:featuredmedia":[{"embeddable":true,"href":"https:\/\/www.correiobraziliense.com.br\/cbradar\/wp-json\/wp\/v2\/media\/208312"}],"wp:attachment":[{"href":"https:\/\/www.correiobraziliense.com.br\/cbradar\/wp-json\/wp\/v2\/media?parent=208304"}],"wp:term":[{"taxonomy":"category","embeddable":true,"href":"https:\/\/www.correiobraziliense.com.br\/cbradar\/wp-json\/wp\/v2\/categories?post=208304"},{"taxonomy":"post_tag","embeddable":true,"href":"https:\/\/www.correiobraziliense.com.br\/cbradar\/wp-json\/wp\/v2\/tags?post=208304"}],"curies":[{"name":"wp","href":"https:\/\/api.w.org\/{rel}","templated":true}]}}