{"id":208322,"date":"2026-03-16T12:15:00","date_gmt":"2026-03-16T15:15:00","guid":{"rendered":"https:\/\/www.correiobraziliense.com.br\/cbradar\/?p=208322"},"modified":"2026-03-14T16:53:30","modified_gmt":"2026-03-14T19:53:30","slug":"o-que-significa-deixar-a-louca-para-depois-de-comer","status":"publish","type":"post","link":"https:\/\/www.correiobraziliense.com.br\/cbradar\/o-que-significa-deixar-a-louca-para-depois-de-comer\/","title":{"rendered":"O que significa deixar a lou\u00e7a para depois de comer"},"content":{"rendered":"\n<p>Ap\u00f3s as refei\u00e7\u00f5es, muitas pessoas optam por deixar a lou\u00e7a para lavar em outro momento. Esse h\u00e1bito pode parecer apenas uma escolha pr\u00e1tica do cotidiano, mas tamb\u00e9m envolve fatores comportamentais e emocionais. A forma como cada pessoa lida com tarefas dom\u00e9sticas reflete rotinas, n\u00edveis de cansa\u00e7o e at\u00e9 padr\u00f5es de organiza\u00e7\u00e3o presentes na vida di\u00e1ria.<\/p>\n\n\n\n<h2 class=\"wp-block-heading\">Por que algumas pessoas preferem deixar a lou\u00e7a para depois?<\/h2>\n\n\n\n<p>Ap\u00f3s uma refei\u00e7\u00e3o, \u00e9 comum que o corpo entre em um estado de relaxamento. O processo digestivo direciona energia para o <a href=\"https:\/\/www.correiobraziliense.com.br\/cbradar\/a-pitada-desse-po-dourado-na-comida-diaria-ajuda-a-desintoxicar-o-organismo-e-proteger-as-celulas\/\" target=\"_blank\" rel=\"noreferrer noopener\">organismo<\/a>, o que pode gerar sensa\u00e7\u00e3o de cansa\u00e7o ou menor disposi\u00e7\u00e3o para tarefas dom\u00e9sticas imediatas.<\/p>\n\n\n\n<p>Nesse contexto, adiar a lavagem da lou\u00e7a pode representar uma tentativa de prolongar o momento de descanso. Muitas pessoas preferem aproveitar alguns minutos de pausa antes de retomar atividades relacionadas \u00e0 organiza\u00e7\u00e3o da casa.<\/p>\n\n\n\n<figure class=\"wp-block-image size-large\"><img decoding=\"async\" width=\"1278\" height=\"720\" src=\"https:\/\/www.correiobraziliense.com.br\/cbradar\/wp-content\/uploads\/2026\/03\/pessoa-comendo-com-pia-ao-fundo-1-1278x720.png\" alt=\"O que significa deixar a lou\u00e7a para depois de comer\" class=\"wp-image-208324\" srcset=\"https:\/\/www.correiobraziliense.com.br\/cbradar\/wp-content\/uploads\/2026\/03\/pessoa-comendo-com-pia-ao-fundo-1-1278x720.png 1278w, https:\/\/www.correiobraziliense.com.br\/cbradar\/wp-content\/uploads\/2026\/03\/pessoa-comendo-com-pia-ao-fundo-1-300x169.png 300w, https:\/\/www.correiobraziliense.com.br\/cbradar\/wp-content\/uploads\/2026\/03\/pessoa-comendo-com-pia-ao-fundo-1-768x433.png 768w, https:\/\/www.correiobraziliense.com.br\/cbradar\/wp-content\/uploads\/2026\/03\/pessoa-comendo-com-pia-ao-fundo-1-750x422.png 750w, https:\/\/www.correiobraziliense.com.br\/cbradar\/wp-content\/uploads\/2026\/03\/pessoa-comendo-com-pia-ao-fundo-1-1140x642.png 1140w, https:\/\/www.correiobraziliense.com.br\/cbradar\/wp-content\/uploads\/2026\/03\/pessoa-comendo-com-pia-ao-fundo-1.png 1280w\" sizes=\"(max-width: 1278px) 100vw, 1278px\" \/><figcaption class=\"wp-element-caption\">Por que muitas pessoas preferem lavar a lou\u00e7a mais tarde<\/figcaption><\/figure>\n\n\n\n<h2 class=\"wp-block-heading\">Esse h\u00e1bito est\u00e1 relacionado \u00e0 rotina do dia a dia?<\/h2>\n\n\n\n<p>A decis\u00e3o de lavar a lou\u00e7a imediatamente ou deixar para depois muitas vezes est\u00e1 ligada \u00e0 rotina di\u00e1ria. Pessoas com agendas intensas podem priorizar outras tarefas ap\u00f3s as refei\u00e7\u00f5es, especialmente quando h\u00e1 compromissos profissionais ou familiares em sequ\u00eancia.<\/p>\n\n\n\n<p>Al\u00e9m disso, h\u00e1bitos dom\u00e9sticos costumam se desenvolver ao longo do tempo dentro de cada casa. Em alguns ambientes familiares, deixar a lou\u00e7a acumulada por um per\u00edodo curto pode ser considerado uma pr\u00e1tica comum e socialmente aceita.<\/p>\n\n\n\n<h2 class=\"wp-block-heading\">Quais fatores influenciam essa decis\u00e3o no cotidiano?<\/h2>\n\n\n\n<p>Diversos elementos podem influenciar o comportamento de adiar a lavagem da lou\u00e7a ap\u00f3s as refei\u00e7\u00f5es. Esses fatores geralmente est\u00e3o ligados ao estilo de vida, ao n\u00edvel de cansa\u00e7o acumulado e \u00e0s prioridades estabelecidas ao longo da rotina dom\u00e9stica.<\/p>\n\n\n\n<p>Entre os fatores mais comuns est\u00e3o:<\/p>\n\n\n\n<ul class=\"wp-block-list\">\n<li><strong>Cansa\u00e7o ap\u00f3s refei\u00e7\u00f5es ou ap\u00f3s um dia de trabalho<\/strong><\/li>\n\n\n\n<li><strong>Prioridade para descanso ou lazer ap\u00f3s comer<\/strong><\/li>\n\n\n\n<li><strong>Divis\u00e3o de tarefas dom\u00e9sticas entre moradores da casa<\/strong><\/li>\n\n\n\n<li><strong>Rotina com hor\u00e1rios apertados ao longo do dia<\/strong><\/li>\n\n\n\n<li><strong>Prefer\u00eancia por acumular tarefas para realiz\u00e1-las de uma vez<\/strong><\/li>\n<\/ul>\n\n\n\n<h2 class=\"wp-block-heading\">Existe impacto na organiza\u00e7\u00e3o da cozinha?<\/h2>\n\n\n\n<p>Deixar a lou\u00e7a acumulada por muito tempo pode gerar impactos na organiza\u00e7\u00e3o da cozinha. Restos de alimentos podem endurecer nos utens\u00edlios, tornando a limpeza mais trabalhosa posteriormente e contribuindo para a sensa\u00e7\u00e3o de desordem no ambiente.<\/p>\n\n\n\n<p>Por outro lado, quando o adiamento ocorre por um per\u00edodo curto, muitas pessoas conseguem manter a organiza\u00e7\u00e3o geral da cozinha sem grandes preju\u00edzos. O equil\u00edbrio entre descanso e manuten\u00e7\u00e3o do ambiente dom\u00e9stico tende a ser o fator mais relevante.<\/p>\n\n\n\n<p>Se voc\u00ea quer tornar sua cozinha mais pr\u00e1tica e funcional no dia a dia, este v\u00eddeo do canal <strong><a href=\"https:\/\/www.youtube.com\/@canalamazonsat\" target=\"_blank\" rel=\"noreferrer noopener\">Amazon Sat<\/a><\/strong>, com 541 mil inscritos, foi escolhido para voc\u00ea. Nele, voc\u00ea confere dicas simples para organizar a cozinha e manter cada item no lugar, facilitando a rotina da casa.<\/p>\n\n\n\n<figure class=\"wp-block-embed is-type-video is-provider-youtube wp-block-embed-youtube wp-embed-aspect-16-9 wp-has-aspect-ratio\"><div class=\"wp-block-embed__wrapper\">\n<div class=\"jeg_video_container jeg_video_content\"><iframe loading=\"lazy\" title=\"Estilo de Vida| Saiba como deixar sua cozinha organizada\" width=\"500\" height=\"281\" src=\"https:\/\/www.youtube.com\/embed\/T-bB1JKRJ-Y?feature=oembed\" frameborder=\"0\" allow=\"accelerometer; autoplay; clipboard-write; encrypted-media; gyroscope; picture-in-picture; web-share\" referrerpolicy=\"strict-origin-when-cross-origin\" allowfullscreen><\/iframe><\/div>\n<\/div><\/figure>\n\n\n\n<h2 class=\"wp-block-heading\">Qual \u00e9 o equil\u00edbrio ideal entre descanso e organiza\u00e7\u00e3o?<\/h2>\n\n\n\n<p>Manter equil\u00edbrio entre descanso e tarefas dom\u00e9sticas pode contribuir para uma rotina mais saud\u00e1vel. Pequenos ajustes, como retirar restos de comida ou enxaguar utens\u00edlios antes de deix\u00e1-los na pia, ajudam a facilitar a limpeza posterior.<\/p>\n\n\n\n<p>Ao mesmo tempo, respeitar momentos de pausa ap\u00f3s as refei\u00e7\u00f5es pode ser importante para o bem-estar. Cada pessoa tende a desenvolver estrat\u00e9gias pr\u00f3prias para organizar o ambiente dom\u00e9stico sem comprometer o conforto no dia a dia.<\/p>\n","protected":false},"excerpt":{"rendered":"<p>Saiba por que algumas pessoas adiam a lavagem da lou\u00e7a e como isso se relaciona com descanso e organiza\u00e7\u00e3o da casa<\/p>\n","protected":false},"author":23,"featured_media":208323,"comment_status":"open","ping_status":"open","sticky":false,"template":"","format":"standard","meta":{"_yoast_wpseo_focuskw":"Deixar a lou\u00e7a para depois","_yoast_wpseo_title":"","_yoast_wpseo_metadesc":"Saiba por que algumas pessoas adiam a lavagem da lou\u00e7a e como isso se relaciona com descanso e organiza\u00e7\u00e3o da casa","jnews-multi-image_gallery":[],"jnews_single_post":{"format":"standard"},"jnews_primary_category":[],"jnews_social_meta":[],"jnews_override_counter":[],"footnotes":""},"categories":[112],"tags":[144,16120,8687],"class_list":["post-208322","post","type-post","status-publish","format-standard","has-post-thumbnail","hentry","category-curiosidades","tag-curiosidades","tag-lavar-a-louca","tag-o-que-significa"],"yoast_head":"<!-- This site is optimized with the Yoast SEO plugin v24.6 - https:\/\/yoast.com\/wordpress\/plugins\/seo\/ -->\n<title>O que significa deixar a lou\u00e7a para depois de comer - Correio Braziliense - Radar<\/title>\n<meta name=\"description\" content=\"Saiba por que algumas pessoas adiam a lavagem da lou\u00e7a e como isso se relaciona com descanso e organiza\u00e7\u00e3o da casa\" \/>\n<meta name=\"robots\" content=\"index, follow, max-snippet:-1, max-image-preview:large, max-video-preview:-1\" \/>\n<link rel=\"canonical\" href=\"https:\/\/www.correiobraziliense.com.br\/cbradar\/o-que-significa-deixar-a-louca-para-depois-de-comer\/\" \/>\n<meta property=\"og:locale\" content=\"pt_BR\" \/>\n<meta property=\"og:type\" content=\"article\" \/>\n<meta property=\"og:title\" content=\"O que significa deixar a lou\u00e7a para depois de comer - Correio Braziliense - Radar\" \/>\n<meta property=\"og:description\" content=\"Saiba por que algumas pessoas adiam a lavagem da lou\u00e7a e como isso se relaciona com descanso e organiza\u00e7\u00e3o da casa\" \/>\n<meta property=\"og:url\" content=\"https:\/\/www.correiobraziliense.com.br\/cbradar\/o-que-significa-deixar-a-louca-para-depois-de-comer\/\" \/>\n<meta property=\"og:site_name\" content=\"Correio Braziliense - Radar\" \/>\n<meta property=\"article:published_time\" content=\"2026-03-16T15:15:00+00:00\" \/>\n<meta property=\"og:image\" content=\"https:\/\/www.correiobraziliense.com.br\/cbradar\/wp-content\/uploads\/2026\/03\/louca-na-pia-1.png\" \/>\n\t<meta property=\"og:image:width\" content=\"1280\" \/>\n\t<meta property=\"og:image:height\" content=\"720\" \/>\n\t<meta property=\"og:image:type\" content=\"image\/png\" \/>\n<meta name=\"author\" content=\"Nicolas Otto\" \/>\n<meta name=\"twitter:card\" content=\"summary_large_image\" \/>\n<meta name=\"twitter:label1\" content=\"Escrito por\" \/>\n\t<meta name=\"twitter:data1\" content=\"Nicolas Otto\" \/>\n\t<meta name=\"twitter:label2\" content=\"Est. tempo de leitura\" \/>\n\t<meta name=\"twitter:data2\" content=\"4 minutos\" \/>\n<!-- \/ Yoast SEO plugin. -->","yoast_head_json":{"title":"O que significa deixar a lou\u00e7a para depois de comer - Correio Braziliense - Radar","description":"Saiba por que algumas pessoas adiam a lavagem da lou\u00e7a e como isso se relaciona com descanso e organiza\u00e7\u00e3o da casa","robots":{"index":"index","follow":"follow","max-snippet":"max-snippet:-1","max-image-preview":"max-image-preview:large","max-video-preview":"max-video-preview:-1"},"canonical":"https:\/\/www.correiobraziliense.com.br\/cbradar\/o-que-significa-deixar-a-louca-para-depois-de-comer\/","og_locale":"pt_BR","og_type":"article","og_title":"O que significa deixar a lou\u00e7a para depois de comer - Correio Braziliense - Radar","og_description":"Saiba por que algumas pessoas adiam a lavagem da lou\u00e7a e como isso se relaciona com descanso e organiza\u00e7\u00e3o da casa","og_url":"https:\/\/www.correiobraziliense.com.br\/cbradar\/o-que-significa-deixar-a-louca-para-depois-de-comer\/","og_site_name":"Correio Braziliense - Radar","article_published_time":"2026-03-16T15:15:00+00:00","og_image":[{"width":1280,"height":720,"url":"https:\/\/www.correiobraziliense.com.br\/cbradar\/wp-content\/uploads\/2026\/03\/louca-na-pia-1.png","type":"image\/png"}],"author":"Nicolas Otto","twitter_card":"summary_large_image","twitter_misc":{"Escrito por":"Nicolas Otto","Est. tempo de leitura":"4 minutos"},"schema":{"@context":"https:\/\/schema.org","@graph":[{"@type":"WebPage","@id":"https:\/\/www.correiobraziliense.com.br\/cbradar\/o-que-significa-deixar-a-louca-para-depois-de-comer\/","url":"https:\/\/www.correiobraziliense.com.br\/cbradar\/o-que-significa-deixar-a-louca-para-depois-de-comer\/","name":"O que significa deixar a lou\u00e7a para depois de comer - Correio Braziliense - Radar","isPartOf":{"@id":"https:\/\/www.correiobraziliense.com.br\/cbradar\/#website"},"primaryImageOfPage":{"@id":"https:\/\/www.correiobraziliense.com.br\/cbradar\/o-que-significa-deixar-a-louca-para-depois-de-comer\/#primaryimage"},"image":{"@id":"https:\/\/www.correiobraziliense.com.br\/cbradar\/o-que-significa-deixar-a-louca-para-depois-de-comer\/#primaryimage"},"thumbnailUrl":"https:\/\/www.correiobraziliense.com.br\/cbradar\/wp-content\/uploads\/2026\/03\/louca-na-pia-1.png","datePublished":"2026-03-16T15:15:00+00:00","author":{"@id":"https:\/\/www.correiobraziliense.com.br\/cbradar\/#\/schema\/person\/3221b250518e74ac52c442d1c1236aaa"},"description":"Saiba por que algumas pessoas adiam a lavagem da lou\u00e7a e como isso se relaciona com descanso e organiza\u00e7\u00e3o da casa","breadcrumb":{"@id":"https:\/\/www.correiobraziliense.com.br\/cbradar\/o-que-significa-deixar-a-louca-para-depois-de-comer\/#breadcrumb"},"inLanguage":"pt-BR","potentialAction":[{"@type":"ReadAction","target":["https:\/\/www.correiobraziliense.com.br\/cbradar\/o-que-significa-deixar-a-louca-para-depois-de-comer\/"]}]},{"@type":"ImageObject","inLanguage":"pt-BR","@id":"https:\/\/www.correiobraziliense.com.br\/cbradar\/o-que-significa-deixar-a-louca-para-depois-de-comer\/#primaryimage","url":"https:\/\/www.correiobraziliense.com.br\/cbradar\/wp-content\/uploads\/2026\/03\/louca-na-pia-1.png","contentUrl":"https:\/\/www.correiobraziliense.com.br\/cbradar\/wp-content\/uploads\/2026\/03\/louca-na-pia-1.png","width":1280,"height":720,"caption":"O que significa sentir vontade de organizar tudo quando est\u00e1 estressado"},{"@type":"BreadcrumbList","@id":"https:\/\/www.correiobraziliense.com.br\/cbradar\/o-que-significa-deixar-a-louca-para-depois-de-comer\/#breadcrumb","itemListElement":[{"@type":"ListItem","position":1,"name":"In\u00edcio","item":"https:\/\/www.correiobraziliense.com.br\/cbradar\/"},{"@type":"ListItem","position":2,"name":"O que significa deixar a lou\u00e7a para depois de comer"}]},{"@type":"WebSite","@id":"https:\/\/www.correiobraziliense.com.br\/cbradar\/#website","url":"https:\/\/www.correiobraziliense.com.br\/cbradar\/","name":"Correio Braziliense - Radar","description":"Acompanhe as \u00faltimas not\u00edcias e fique bem informado sobre tudo o que acontece no Brasil e no mundo.","potentialAction":[{"@type":"SearchAction","target":{"@type":"EntryPoint","urlTemplate":"https:\/\/www.correiobraziliense.com.br\/cbradar\/?s={search_term_string}"},"query-input":{"@type":"PropertyValueSpecification","valueRequired":true,"valueName":"search_term_string"}}],"inLanguage":"pt-BR"},{"@type":"Person","@id":"https:\/\/www.correiobraziliense.com.br\/cbradar\/#\/schema\/person\/3221b250518e74ac52c442d1c1236aaa","name":"Nicolas Otto","image":{"@type":"ImageObject","inLanguage":"pt-BR","@id":"https:\/\/www.correiobraziliense.com.br\/cbradar\/#\/schema\/person\/image\/","url":"https:\/\/secure.gravatar.com\/avatar\/05925f730d72f0ea0df144f236adfb18?s=96&d=mm&r=g","contentUrl":"https:\/\/secure.gravatar.com\/avatar\/05925f730d72f0ea0df144f236adfb18?s=96&d=mm&r=g","caption":"Nicolas Otto"},"sameAs":["https:\/\/www.correiobraziliense.com.br\/cbradar\/"],"url":"https:\/\/www.correiobraziliense.com.br\/cbradar\/author\/nicolas-otto\/"}]}},"_links":{"self":[{"href":"https:\/\/www.correiobraziliense.com.br\/cbradar\/wp-json\/wp\/v2\/posts\/208322","targetHints":{"allow":["GET"]}}],"collection":[{"href":"https:\/\/www.correiobraziliense.com.br\/cbradar\/wp-json\/wp\/v2\/posts"}],"about":[{"href":"https:\/\/www.correiobraziliense.com.br\/cbradar\/wp-json\/wp\/v2\/types\/post"}],"author":[{"embeddable":true,"href":"https:\/\/www.correiobraziliense.com.br\/cbradar\/wp-json\/wp\/v2\/users\/23"}],"replies":[{"embeddable":true,"href":"https:\/\/www.correiobraziliense.com.br\/cbradar\/wp-json\/wp\/v2\/comments?post=208322"}],"version-history":[{"count":3,"href":"https:\/\/www.correiobraziliense.com.br\/cbradar\/wp-json\/wp\/v2\/posts\/208322\/revisions"}],"predecessor-version":[{"id":208746,"href":"https:\/\/www.correiobraziliense.com.br\/cbradar\/wp-json\/wp\/v2\/posts\/208322\/revisions\/208746"}],"wp:featuredmedia":[{"embeddable":true,"href":"https:\/\/www.correiobraziliense.com.br\/cbradar\/wp-json\/wp\/v2\/media\/208323"}],"wp:attachment":[{"href":"https:\/\/www.correiobraziliense.com.br\/cbradar\/wp-json\/wp\/v2\/media?parent=208322"}],"wp:term":[{"taxonomy":"category","embeddable":true,"href":"https:\/\/www.correiobraziliense.com.br\/cbradar\/wp-json\/wp\/v2\/categories?post=208322"},{"taxonomy":"post_tag","embeddable":true,"href":"https:\/\/www.correiobraziliense.com.br\/cbradar\/wp-json\/wp\/v2\/tags?post=208322"}],"curies":[{"name":"wp","href":"https:\/\/api.w.org\/{rel}","templated":true}]}}