{"id":208430,"date":"2026-03-14T11:45:00","date_gmt":"2026-03-14T14:45:00","guid":{"rendered":"https:\/\/www.correiobraziliense.com.br\/cbradar\/?p=208430"},"modified":"2026-03-14T07:41:42","modified_gmt":"2026-03-14T10:41:42","slug":"com-a-qualidade-de-vida-do-momento-essa-cidade-oferece-20-minutos-de-transito-e-custo-de-vida-baixo-atraindo-moradores-de-todo-o-brasil","status":"publish","type":"post","link":"https:\/\/www.correiobraziliense.com.br\/cbradar\/com-a-qualidade-de-vida-do-momento-essa-cidade-oferece-20-minutos-de-transito-e-custo-de-vida-baixo-atraindo-moradores-de-todo-o-brasil\/","title":{"rendered":"Com a qualidade de vida do momento, essa cidade oferece 20 minutos de tr\u00e2nsito e custo de vida baixo atraindo moradores de todo o Brasil"},"content":{"rendered":"\n<p>Em <strong>1917<\/strong>, o coronel <strong>Francisco de Paula Goulart<\/strong> abriu a primeira clareira onde hoje se cruzam as avenidas Brasil e Washington Luiz. Dois anos depois, do outro lado da linha f\u00e9rrea, o coronel <strong>Jos\u00e9 Soares Marcondes<\/strong> fundou sua pr\u00f3pria vila com uma empresa colonizadora. Os dois rivais disputaram poder e eleitores, mas juntos fizeram nascer <strong>Presidente Prudente<\/strong>, a capital do Oeste Paulista que lidera em qualidade de vida.<\/p>\n\n\n\n<h2 class=\"wp-block-heading\">A cidade que j\u00e1 foi maior que muitos pa\u00edses europeus<\/h2>\n\n\n\n<p><strong>Quando emancipada em 1921, Presidente Prudente ocupava mais de 15 mil km\u00b2 de territ\u00f3rio<\/strong>, \u00e1rea maior que a de pa\u00edses como Montenegro ou Jamaica. Desse imenso munic\u00edpio, desmembraram-se dezenas de cidades ao longo das d\u00e9cadas seguintes. O nome homenageia <strong>Prudente de Morais<\/strong>, primeiro presidente civil do <strong>Brasil<\/strong> e ex-governador de <strong>S\u00e3o Paulo<\/strong>.<\/p>\n\n\n\n<p>A ferrovia da <strong>Estrada de Ferro Sorocabana<\/strong>, inaugurada em 1919, foi o motor do crescimento. O caf\u00e9 atraiu imigrantes e capitais. A pecu\u00e1ria substituiu as lavouras a partir dos anos 1940, e o com\u00e9rcio se consolidou como a principal atividade econ\u00f4mica da regi\u00e3o. Hoje, a cidade \u00e9 sede da 10\u00aa Regi\u00e3o Administrativa do estado, atendendo mais de 50 munic\u00edpios vizinhos.<\/p>\n\n\n<div class=\"wp-block-image\">\n<figure class=\"aligncenter size-large\"><img decoding=\"async\" width=\"1024\" height=\"576\" src=\"https:\/\/www.correiobraziliense.com.br\/cbradar\/wp-content\/uploads\/2025\/05\/Edicoes-45-1024x576.png\" alt=\"Onde o tr\u00e2nsito n\u00e3o passa de 20 minutos e a qualidade de alto padr\u00e3o de sa\u00fade conquista novos moradores do extremo oeste de S\u00e3o Paulo\" class=\"wp-image-45116\" srcset=\"https:\/\/www.correiobraziliense.com.br\/cbradar\/wp-content\/uploads\/2025\/05\/Edicoes-45-1024x576.png 1024w, https:\/\/www.correiobraziliense.com.br\/cbradar\/wp-content\/uploads\/2025\/05\/Edicoes-45-300x169.png 300w, https:\/\/www.correiobraziliense.com.br\/cbradar\/wp-content\/uploads\/2025\/05\/Edicoes-45-768x432.png 768w, https:\/\/www.correiobraziliense.com.br\/cbradar\/wp-content\/uploads\/2025\/05\/Edicoes-45-750x422.png 750w, https:\/\/www.correiobraziliense.com.br\/cbradar\/wp-content\/uploads\/2025\/05\/Edicoes-45-1140x641.png 1140w, https:\/\/www.correiobraziliense.com.br\/cbradar\/wp-content\/uploads\/2025\/05\/Edicoes-45.png 1280w\" sizes=\"(max-width: 1024px) 100vw, 1024px\" \/><figcaption class=\"wp-element-caption\">Moderna e acolhedora, Presidente Prudente mostra que \u00e9 poss\u00edvel viver bem sem abrir m\u00e3o da tranquilidade. \/\/ Reprodu\u00e7\u00e3o: Wikip\u00e9dia<\/figcaption><\/figure><\/div>\n\n\n<h2 class=\"wp-block-heading\">Como \u00e9 morar na Capital do Oeste Paulista?<\/h2>\n\n\n\n<p>Presidente Prudente tem 225 mil habitantes e um <strong>IDH<\/strong> de 0,806, considerado alto pelo <a href=\"https:\/\/jundiai.sp.gov.br\/noticias\/2024\/11\/05\/estudo-nacional-aponta-jundiai-como-a-3a-melhor-cidade-do-pais-para-se-viver\/\" target=\"_blank\" rel=\"noreferrer noopener\"><strong>PNUD<\/strong><\/a>. A taxa de urbaniza\u00e7\u00e3o passa de 98%, e a cidade funciona como refer\u00eancia macrorregional em sa\u00fade e educa\u00e7\u00e3o. O <strong>Hospital Regional<\/strong> atende casos de alta complexidade de todo o Pontal do Paranapanema.<\/p>\n\n\n\n<p><strong>O tr\u00e2nsito raramente passa de 20 minutos entre os pontos mais distantes da zona urbana. <\/strong>O custo de vida \u00e9 mais acess\u00edvel que o de capitais vizinhas, e o ritmo urbano permite resolver a maioria dos deslocamentos sem pressa. A presen\u00e7a de universidades como a <strong>UNESP<\/strong> e a <strong>Unoeste<\/strong> injeta mais de 40 mil estudantes na economia local, movimentando o mercado de alugu\u00e9is, a gastronomia e a vida noturna.<\/p>\n\n\n\n<p><strong>Veja o que faz de Presidente Prudente a pr\u00f3spera &#8220;Capital do Oeste Paulista&#8221;. <\/strong>O v\u00eddeo \u00e9 do canal <strong>Cidades do Interior<\/strong>, que conta com mais de <strong>73 mil inscritos<\/strong>, e detalha o forte polo universit\u00e1rio, a infraestrutura hospitalar de refer\u00eancia e op\u00e7\u00f5es de lazer como o Parque do Povo:<\/p>\n\n\n\n<figure class=\"wp-block-embed aligncenter is-type-video is-provider-youtube wp-block-embed-youtube wp-embed-aspect-16-9 wp-has-aspect-ratio\"><div class=\"wp-block-embed__wrapper\">\n<div class=\"jeg_video_container jeg_video_content\"><iframe loading=\"lazy\" title=\"VALE A PENA MORAR EM PRESIDENTE PRUDENTE - SP? | DESCUBRA como \u00e9 morar na CAPITAL DO OESTE PAULISTA!\" width=\"500\" height=\"281\" src=\"https:\/\/www.youtube.com\/embed\/iumXwZ3wRnY?feature=oembed\" frameborder=\"0\" allow=\"accelerometer; autoplay; clipboard-write; encrypted-media; gyroscope; picture-in-picture; web-share\" referrerpolicy=\"strict-origin-when-cross-origin\" allowfullscreen><\/iframe><\/div>\n<\/div><\/figure>\n\n\n\n<h2 class=\"wp-block-heading\">O que o morador faz no tempo livre?<\/h2>\n\n\n\n<p>O lazer em Presidente Prudente gira em torno de parques generosos e uma cena cultural alimentada pelo p\u00fablico universit\u00e1rio.<\/p>\n\n\n\n<ul class=\"wp-block-list\">\n<li><strong>Parque do Povo<\/strong>: inaugurado em 1982, tem 47 hectares com pistas de caminhada, quadras esportivas, quiosques e bares. \u00c9 o ponto de encontro da cidade nas noites quentes.<\/li>\n\n\n\n<li><strong>Cidade da Crian\u00e7a<\/strong>: complexo de 172 hectares, com 84 de Mata Atl\u00e2ntica preservada. Abriga zool\u00f3gico com mais de 200 animais, planet\u00e1rio, observat\u00f3rio astron\u00f4mico, parque aqu\u00e1tico e kart\u00f3dromo.<\/li>\n\n\n\n<li><strong>Centro Cultural Matarazzo<\/strong>: instalado na antiga sede das <strong>Ind\u00fastrias Reunidas F\u00e1bricas Matarazzo<\/strong>, oferece teatro, cinema, biblioteca e escola de artes. \u00c9 considerado o maior centro cultural do interior do estado.<\/li>\n\n\n\n<li><strong>Sesc Thermas<\/strong>: complexo com piscinas aquecidas, quadras e programa\u00e7\u00e3o cultural aberta ao p\u00fablico.<\/li>\n<\/ul>\n\n\n<div class=\"wp-block-image\">\n<figure class=\"aligncenter size-large\"><img decoding=\"async\" width=\"1024\" height=\"576\" src=\"https:\/\/www.correiobraziliense.com.br\/cbradar\/wp-content\/uploads\/2025\/07\/presidentepurdente-1024x576.jpg\" alt=\"Com muitas oportunidades, a Capital do Oeste Paulista atrai profissionais que desejam crescer e viver com seguran\u00e7a refor\u00e7ada\" class=\"wp-image-78339\" srcset=\"https:\/\/www.correiobraziliense.com.br\/cbradar\/wp-content\/uploads\/2025\/07\/presidentepurdente-1024x576.jpg 1024w, https:\/\/www.correiobraziliense.com.br\/cbradar\/wp-content\/uploads\/2025\/07\/presidentepurdente-300x169.jpg 300w, https:\/\/www.correiobraziliense.com.br\/cbradar\/wp-content\/uploads\/2025\/07\/presidentepurdente-768x432.jpg 768w, https:\/\/www.correiobraziliense.com.br\/cbradar\/wp-content\/uploads\/2025\/07\/presidentepurdente-750x422.jpg 750w, https:\/\/www.correiobraziliense.com.br\/cbradar\/wp-content\/uploads\/2025\/07\/presidentepurdente-1140x641.jpg 1140w, https:\/\/www.correiobraziliense.com.br\/cbradar\/wp-content\/uploads\/2025\/07\/presidentepurdente.jpg 1280w\" sizes=\"(max-width: 1024px) 100vw, 1024px\" \/><figcaption class=\"wp-element-caption\">Presidente Prudente \u00e9 um dos principais polos urbanos e econ\u00f4micos do oeste paulista, com alto padr\u00e3o de vida. \/\/ Cr\u00e9ditos: YouTube @BronisDrones<\/figcaption><\/figure><\/div>\n\n\n<h2 class=\"wp-block-heading\">Espetinhos de rua e sorveterias para enfrentar o calor<\/h2>\n\n\n\n<p><strong>O calor intenso moldou os h\u00e1bitos gastron\u00f4micos da cidade. As noites s\u00e3o o momento de socializar:<\/strong> bares e sorveterias ficam lotados at\u00e9 tarde, impulsionados pela popula\u00e7\u00e3o universit\u00e1ria. Os espetinhos de rua s\u00e3o tradi\u00e7\u00e3o prudentina, vendidos em carrinhos espalhados pelas avenidas centrais.<\/p>\n\n\n\n<p>O centro comercial se concentra no cal\u00e7ad\u00e3o da <strong>Rua Nicolau Maffei<\/strong> e nas avenidas Brasil, Manoel Goulart e Coronel Jos\u00e9 Soares Marcondes. S\u00e3o cerca de 650 lojas nesse quadril\u00e1tero, atraindo compradores de cidades vizinhas e at\u00e9 de outros estados, como <strong>Paran\u00e1<\/strong> e <strong>Mato Grosso do Sul<\/strong>.<\/p>\n\n\n\n<p><strong>Leia tamb\u00e9m: <a href=\"https:\/\/www.correiobraziliense.com.br\/cbradar\/a-quantidade-de-passos-por-dia-recomendada-para-aumentar-o-condicionamento-fisico-segundo-estudos\/\" target=\"_blank\" rel=\"noreferrer noopener\">A quantidade de passos por dia recomendada para aumentar o condicionamento f\u00edsico, segundo estudos.<\/a><\/strong><\/p>\n\n\n\n<h2 class=\"wp-block-heading\">Quando o calor d\u00e1 tr\u00e9gua no oeste paulista?<\/h2>\n\n\n\n<p><strong>O clima \u00e9 tropical, com ver\u00e3o quente e chuvoso e inverno seco. <\/strong>Temperaturas acima de 35\u00b0C s\u00e3o comuns entre outubro e mar\u00e7o. O inverno seco \u00e9 a esta\u00e7\u00e3o mais confort\u00e1vel para atividades ao ar livre.<\/p>\n\n\n\n<div class=\"google-auto-ads-ignore\" style=\"font-family: 'Segoe UI', Roboto, -apple-system, sans-serif; max-width: 850px; margin: 20px auto; box-sizing: border-box; background-color: #ffffff; -webkit-font-smoothing: antialiased; text-rendering: optimizeLegibility;\">\n    \n    <div style=\"background: #fffcfc; border-radius: 20px; overflow: hidden; border: 1px solid #bae6fd; display: flex; flex-direction: column; box-shadow: 0 4px 15px rgba(2, 132, 199, 0.05);\">\n        \n        <div style=\"background: linear-gradient(135deg, #38bdf8 0%, #0284c7 100%); padding: 20px 30px; text-align: left;\">\n            <div style=\"font-size: 24px; font-weight: 800; color: #ffffff; letter-spacing: -0.5px; line-height: 1.2;\">\n                Sazonalidade e condi\u00e7\u00f5es para atividades\n            <\/div>\n            <div style=\"font-size: 14px; color: #e0f2fe; margin-top: 4px; font-weight: 500; opacity: 0.9;\">\n                An\u00e1lise clim\u00e1tica detalhada para planejamento de viagem e roteiros urbanos em Presidente Prudente\n            <\/div>\n        <\/div>\n\n        <div style=\"padding: 15px;\">\n            <div style=\"display: grid; width: 100%; grid-template-columns: 0.8fr 0.7fr 1fr 0.7fr 1.8fr; gap: 1px; background-color: #7dd3fc; border-radius: 12px; border: 1px solid #7dd3fc; overflow: hidden;\">\n                \n                <div style=\"background: #f0f9ff; padding: 10px; font-weight: 800; font-size: 11px; text-transform: uppercase; color: #0c4a6e; text-align: center;\">Esta\u00e7\u00e3o<\/div>\n                <div style=\"background: #f0f9ff; padding: 10px; font-weight: 800; font-size: 11px; text-transform: uppercase; color: #0c4a6e; text-align: center;\">Meses<\/div>\n                <div style=\"background: #f0f9ff; padding: 10px; font-weight: 800; font-size: 11px; text-transform: uppercase; color: #0c4a6e; text-align: center;\">Temperatura<\/div>\n                <div style=\"background: #f0f9ff; padding: 10px; font-weight: 800; font-size: 11px; text-transform: uppercase; color: #0c4a6e; text-align: center;\">Chuva<\/div>\n                <div style=\"background: #f0f9ff; padding: 10px; font-weight: 800; font-size: 11px; text-transform: uppercase; color: #0c4a6e; text-align: center;\">O que fazer<\/div>\n\n                <div style=\"background: #ffffff; padding: 12px; font-weight: 800; color: #0284c7; font-size: 14px; display: flex; align-items: center; justify-content: center;\">Ver\u00e3o<\/div>\n                <div style=\"background: #ffffff; padding: 12px; font-size: 13px; color: #1e293b; font-weight: 600; display: flex; align-items: center; justify-content: center;\">Dez-Fev<\/div>\n                <div style=\"background: #ffffff; padding: 12px; display: flex; align-items: center; justify-content: center; gap: 6px;\">\n                    <span style=\"font-size: 13px; font-weight: 700; color: #1e293b;\">22-35\u00b0C<\/span>\n                    <span style=\"font-size: 14px;\">\u2600\ufe0f<\/span>\n                <\/div>\n                <div style=\"background: #ffffff; padding: 12px; font-size: 13px; color: #4b5563; font-weight: 600; display: flex; align-items: center; justify-content: center;\">Alta<\/div>\n                <div style=\"background: #ffffff; padding: 12px; font-size: 13px; line-height: 1.4; color: #1e293b; display: flex; align-items: center;\">Parque aqu\u00e1tico e noites no Parque do Povo.<\/div>\n\n                <div style=\"background: #f8fafc; padding: 12px; font-weight: 800; color: #0284c7; font-size: 14px; display: flex; align-items: center; justify-content: center;\">Outono<\/div>\n                <div style=\"background: #f8fafc; padding: 12px; font-size: 13px; color: #1e293b; font-weight: 600; display: flex; align-items: center; justify-content: center;\">Mar-Mai<\/div>\n                <div style=\"background: #f8fafc; padding: 12px; display: flex; align-items: center; justify-content: center; gap: 6px;\">\n                    <span style=\"font-size: 13px; font-weight: 700; color: #1e293b;\">18-30\u00b0C<\/span>\n                    <span style=\"font-size: 14px;\">\ud83c\udf42<\/span>\n                <\/div>\n                <div style=\"background: #f8fafc; padding: 12px; font-size: 13px; color: #4b5563; font-weight: 600; display: flex; align-items: center; justify-content: center;\">M\u00e9dia<\/div>\n                <div style=\"background: #f8fafc; padding: 12px; font-size: 13px; line-height: 1.4; color: #1e293b; display: flex; align-items: center;\">Caminhadas e feiras culturais.<\/div>\n\n                <div style=\"background: #ffffff; padding: 12px; font-weight: 800; color: #0284c7; font-size: 14px; display: flex; align-items: center; justify-content: center;\">Inverno<\/div>\n                <div style=\"background: #ffffff; padding: 12px; font-size: 13px; color: #1e293b; font-weight: 600; display: flex; align-items: center; justify-content: center;\">Jun-Ago<\/div>\n                <div style=\"background: #ffffff; padding: 12px; display: flex; align-items: center; justify-content: center; gap: 6px;\">\n                    <span style=\"font-size: 13px; font-weight: 700; color: #1e293b;\">13-27\u00b0C<\/span>\n                    <span style=\"font-size: 14px;\">\u2744\ufe0f<\/span>\n                <\/div>\n                <div style=\"background: #ffffff; padding: 12px; font-size: 13px; color: #4b5563; font-weight: 600; display: flex; align-items: center; justify-content: center;\">Baixa<\/div>\n                <div style=\"background: #ffffff; padding: 12px; font-size: 13px; line-height: 1.4; color: #1e293b; display: flex; align-items: center;\">Expo Prudente e eventos no Matarazzo.<\/div>\n\n                <div style=\"background: #f8fafc; padding: 12px; font-weight: 800; color: #0284c7; font-size: 14px; display: flex; align-items: center; justify-content: center;\">Primavera<\/div>\n                <div style=\"background: #f8fafc; padding: 12px; font-size: 13px; color: #1e293b; font-weight: 600; display: flex; align-items: center; justify-content: center;\">Set-Nov<\/div>\n                <div style=\"background: #f8fafc; padding: 12px; display: flex; align-items: center; justify-content: center; gap: 6px;\">\n                    <span style=\"font-size: 13px; font-weight: 700; color: #1e293b;\">18-33\u00b0C<\/span>\n                    <span style=\"font-size: 14px;\">\ud83c\udf3a<\/span>\n                <\/div>\n                <div style=\"background: #f8fafc; padding: 12px; font-size: 13px; color: #4b5563; font-weight: 600; display: flex; align-items: center; justify-content: center;\">M\u00e9dia<\/div>\n                <div style=\"background: #f8fafc; padding: 12px; font-size: 13px; line-height: 1.4; color: #1e293b; display: flex; align-items: center;\">Cidade da Crian\u00e7a e ciclovias.<\/div>\n            <\/div>\n        <\/div>\n\n        <div style=\"padding: 10px 30px; background: #f0f9ff; border-top: 1px solid #bae6fd; font-size: 12px; color: #0c4a6e; font-style: italic; display: flex; align-items: center; gap: 8px; font-weight: 600;\">\n            <div style=\"width: 6px; height: 6px; background: #0284c7; border-radius: 50%;\"><\/div>\n            Informa\u00e7\u00e3o: O inverno \u00e9 o per\u00edodo ideal para aproveitar a Expo Prudente e a programa\u00e7\u00e3o cultural do Centro Matarazzo.\n        <\/div>\n        \n    <\/div>\n<\/div>\n\n\n\n<p><em>Temperaturas aproximadas com base no <a href=\"https:\/\/www.climatempo.com.br\/previsao-do-tempo\/cidade\/513\/presidenteprudente-sp\" target=\"_blank\" rel=\"noreferrer noopener\"><strong>Climatempo<\/strong><\/a>. Condi\u00e7\u00f5es podem variar.<\/em><\/p>\n\n\n<div class=\"wp-block-image\">\n<figure class=\"aligncenter size-large\"><img decoding=\"async\" width=\"1024\" height=\"576\" src=\"https:\/\/www.correiobraziliense.com.br\/cbradar\/wp-content\/uploads\/2025\/05\/Edicoes-46-1024x576.png\" alt=\"Um lugar onde viver bem n\u00e3o \u00e9 promessa, \u00e9 realidade comprovada\" class=\"wp-image-45115\" srcset=\"https:\/\/www.correiobraziliense.com.br\/cbradar\/wp-content\/uploads\/2025\/05\/Edicoes-46-1024x576.png 1024w, https:\/\/www.correiobraziliense.com.br\/cbradar\/wp-content\/uploads\/2025\/05\/Edicoes-46-300x169.png 300w, https:\/\/www.correiobraziliense.com.br\/cbradar\/wp-content\/uploads\/2025\/05\/Edicoes-46-768x432.png 768w, https:\/\/www.correiobraziliense.com.br\/cbradar\/wp-content\/uploads\/2025\/05\/Edicoes-46-750x422.png 750w, https:\/\/www.correiobraziliense.com.br\/cbradar\/wp-content\/uploads\/2025\/05\/Edicoes-46-1140x641.png 1140w, https:\/\/www.correiobraziliense.com.br\/cbradar\/wp-content\/uploads\/2025\/05\/Edicoes-46.png 1280w\" sizes=\"(max-width: 1024px) 100vw, 1024px\" \/><figcaption class=\"wp-element-caption\">Com infraestrutura s\u00f3lida e destaque em educa\u00e7\u00e3o e sa\u00fade, Presidente Prudente cresce de forma sustent\u00e1vel. \/\/ Reprodu\u00e7\u00e3o: Wikip\u00e9dia<\/figcaption><\/figure><\/div>\n\n\n<h2 class=\"wp-block-heading\">Como chegar \u00e0 capital do Oeste?<\/h2>\n\n\n\n<p>Presidente Prudente fica a 558 km de S\u00e3o Paulo pela <strong>Rodovia Raposo Tavares<\/strong> (SP-270), cerca de 6 horas de carro. O <strong>Aeroporto Estadual<\/strong> recebe voos di\u00e1rios para S\u00e3o Paulo e Campinas, com tempo de voo de aproximadamente 1 hora. De \u00f4nibus, h\u00e1 partidas frequentes a partir do <a href=\"https:\/\/turismopp.sp.gov.br\/presidente-prudente\/\" target=\"_blank\" rel=\"noreferrer noopener\"><strong>Terminal Rodovi\u00e1rio Jos\u00e9 Alves<\/strong><\/a>.<\/p>\n\n\n\n<h2 class=\"wp-block-heading\">O oeste que dois coron\u00e9is constru\u00edram<\/h2>\n\n\n\n<p><strong>Presidente Prudente \u00e9 a prova de que uma rivalidade pode fundar algo maior do que seus protagonistas<\/strong>. O calor forte, o tr\u00e2nsito curto e as noites ao ar livre no Parque do Povo definem um estilo de vida que mistura a tranquilidade do interior com a infraestrutura de um centro regional que atende mais de um milh\u00e3o de pessoas.<\/p>\n\n\n\n<p>Se voc\u00ea procura uma cidade onde estudar, trabalhar e criar filhos sem a correria das capitais, Prudente merece a sua aten\u00e7\u00e3o e pelo menos uma visita ao p\u00f4r do sol no Parque do Povo.<\/p>\n","protected":false},"excerpt":{"rendered":"<p>Em 1917, o coronel Francisco de Paula Goulart abriu a primeira clareira onde hoje se cruzam as avenidas Brasil e Washington Luiz. Dois anos depois, do outro lado da linha f\u00e9rrea, o coronel Jos\u00e9 Soares Marcondes fundou sua pr\u00f3pria vila com uma empresa colonizadora. Os dois rivais disputaram poder e eleitores, mas juntos fizeram nascer [&hellip;]<\/p>\n","protected":false},"author":8,"featured_media":208449,"comment_status":"open","ping_status":"open","sticky":false,"template":"","format":"standard","meta":{"_yoast_wpseo_focuskw":"qualidade de vida","_yoast_wpseo_title":"","_yoast_wpseo_metadesc":"Com tr\u00e2nsito de cerca de 20 minutos, qualidade de vida e custo mais baixo, essa cidade brasileira tem atra\u00eddo moradores de todo o pa\u00eds.","jnews-multi-image_gallery":[],"jnews_single_post":{"format":"standard"},"jnews_primary_category":[],"jnews_social_meta":[],"jnews_override_counter":[],"footnotes":""},"categories":[108,111],"tags":[5643,278],"class_list":["post-208430","post","type-post","status-publish","format-standard","has-post-thumbnail","hentry","category-cidades","category-turismo","tag-presidente-prudente","tag-sao-paulo"],"yoast_head":"<!-- This site is optimized with the Yoast SEO plugin v24.6 - https:\/\/yoast.com\/wordpress\/plugins\/seo\/ -->\n<title>Com a qualidade de vida do momento, essa cidade oferece 20 minutos de tr\u00e2nsito e custo de vida baixo atraindo moradores de todo o Brasil - Correio Braziliense - Radar<\/title>\n<meta name=\"description\" content=\"Com tr\u00e2nsito de cerca de 20 minutos, qualidade de vida e custo mais baixo, essa cidade brasileira tem atra\u00eddo moradores de todo o pa\u00eds.\" \/>\n<meta name=\"robots\" content=\"index, follow, max-snippet:-1, max-image-preview:large, max-video-preview:-1\" \/>\n<link rel=\"canonical\" href=\"https:\/\/www.correiobraziliense.com.br\/cbradar\/com-a-qualidade-de-vida-do-momento-essa-cidade-oferece-20-minutos-de-transito-e-custo-de-vida-baixo-atraindo-moradores-de-todo-o-brasil\/\" \/>\n<meta property=\"og:locale\" content=\"pt_BR\" \/>\n<meta property=\"og:type\" content=\"article\" \/>\n<meta property=\"og:title\" content=\"Com a qualidade de vida do momento, essa cidade oferece 20 minutos de tr\u00e2nsito e custo de vida baixo atraindo moradores de todo o Brasil - Correio Braziliense - Radar\" \/>\n<meta property=\"og:description\" content=\"Com tr\u00e2nsito de cerca de 20 minutos, qualidade de vida e custo mais baixo, essa cidade brasileira tem atra\u00eddo moradores de todo o pa\u00eds.\" \/>\n<meta property=\"og:url\" content=\"https:\/\/www.correiobraziliense.com.br\/cbradar\/com-a-qualidade-de-vida-do-momento-essa-cidade-oferece-20-minutos-de-transito-e-custo-de-vida-baixo-atraindo-moradores-de-todo-o-brasil\/\" \/>\n<meta property=\"og:site_name\" content=\"Correio Braziliense - Radar\" \/>\n<meta property=\"article:published_time\" content=\"2026-03-14T14:45:00+00:00\" \/>\n<meta property=\"og:image\" content=\"https:\/\/www.correiobraziliense.com.br\/cbradar\/wp-content\/uploads\/2026\/03\/aaa-5.png\" \/>\n\t<meta property=\"og:image:width\" content=\"1280\" \/>\n\t<meta property=\"og:image:height\" content=\"720\" \/>\n\t<meta property=\"og:image:type\" content=\"image\/png\" \/>\n<meta name=\"author\" content=\"Maura Pereira\" \/>\n<meta name=\"twitter:card\" content=\"summary_large_image\" \/>\n<meta name=\"twitter:label1\" content=\"Escrito por\" \/>\n\t<meta name=\"twitter:data1\" content=\"Maura Pereira\" \/>\n\t<meta name=\"twitter:label2\" content=\"Est. tempo de leitura\" \/>\n\t<meta name=\"twitter:data2\" content=\"7 minutos\" \/>\n<!-- \/ Yoast SEO plugin. -->","yoast_head_json":{"title":"Com a qualidade de vida do momento, essa cidade oferece 20 minutos de tr\u00e2nsito e custo de vida baixo atraindo moradores de todo o Brasil - Correio Braziliense - Radar","description":"Com tr\u00e2nsito de cerca de 20 minutos, qualidade de vida e custo mais baixo, essa cidade brasileira tem atra\u00eddo moradores de todo o pa\u00eds.","robots":{"index":"index","follow":"follow","max-snippet":"max-snippet:-1","max-image-preview":"max-image-preview:large","max-video-preview":"max-video-preview:-1"},"canonical":"https:\/\/www.correiobraziliense.com.br\/cbradar\/com-a-qualidade-de-vida-do-momento-essa-cidade-oferece-20-minutos-de-transito-e-custo-de-vida-baixo-atraindo-moradores-de-todo-o-brasil\/","og_locale":"pt_BR","og_type":"article","og_title":"Com a qualidade de vida do momento, essa cidade oferece 20 minutos de tr\u00e2nsito e custo de vida baixo atraindo moradores de todo o Brasil - Correio Braziliense - Radar","og_description":"Com tr\u00e2nsito de cerca de 20 minutos, qualidade de vida e custo mais baixo, essa cidade brasileira tem atra\u00eddo moradores de todo o pa\u00eds.","og_url":"https:\/\/www.correiobraziliense.com.br\/cbradar\/com-a-qualidade-de-vida-do-momento-essa-cidade-oferece-20-minutos-de-transito-e-custo-de-vida-baixo-atraindo-moradores-de-todo-o-brasil\/","og_site_name":"Correio Braziliense - Radar","article_published_time":"2026-03-14T14:45:00+00:00","og_image":[{"width":1280,"height":720,"url":"https:\/\/www.correiobraziliense.com.br\/cbradar\/wp-content\/uploads\/2026\/03\/aaa-5.png","type":"image\/png"}],"author":"Maura Pereira","twitter_card":"summary_large_image","twitter_misc":{"Escrito por":"Maura Pereira","Est. tempo de leitura":"7 minutos"},"schema":{"@context":"https:\/\/schema.org","@graph":[{"@type":"WebPage","@id":"https:\/\/www.correiobraziliense.com.br\/cbradar\/com-a-qualidade-de-vida-do-momento-essa-cidade-oferece-20-minutos-de-transito-e-custo-de-vida-baixo-atraindo-moradores-de-todo-o-brasil\/","url":"https:\/\/www.correiobraziliense.com.br\/cbradar\/com-a-qualidade-de-vida-do-momento-essa-cidade-oferece-20-minutos-de-transito-e-custo-de-vida-baixo-atraindo-moradores-de-todo-o-brasil\/","name":"Com a qualidade de vida do momento, essa cidade oferece 20 minutos de tr\u00e2nsito e custo de vida baixo atraindo moradores de todo o Brasil - Correio Braziliense - Radar","isPartOf":{"@id":"https:\/\/www.correiobraziliense.com.br\/cbradar\/#website"},"primaryImageOfPage":{"@id":"https:\/\/www.correiobraziliense.com.br\/cbradar\/com-a-qualidade-de-vida-do-momento-essa-cidade-oferece-20-minutos-de-transito-e-custo-de-vida-baixo-atraindo-moradores-de-todo-o-brasil\/#primaryimage"},"image":{"@id":"https:\/\/www.correiobraziliense.com.br\/cbradar\/com-a-qualidade-de-vida-do-momento-essa-cidade-oferece-20-minutos-de-transito-e-custo-de-vida-baixo-atraindo-moradores-de-todo-o-brasil\/#primaryimage"},"thumbnailUrl":"https:\/\/www.correiobraziliense.com.br\/cbradar\/wp-content\/uploads\/2026\/03\/aaa-5.png","datePublished":"2026-03-14T14:45:00+00:00","author":{"@id":"https:\/\/www.correiobraziliense.com.br\/cbradar\/#\/schema\/person\/4053c651a9bfc785afc6f4cbc9032fd3"},"description":"Com tr\u00e2nsito de cerca de 20 minutos, qualidade de vida e custo mais baixo, essa cidade brasileira tem atra\u00eddo moradores de todo o pa\u00eds.","breadcrumb":{"@id":"https:\/\/www.correiobraziliense.com.br\/cbradar\/com-a-qualidade-de-vida-do-momento-essa-cidade-oferece-20-minutos-de-transito-e-custo-de-vida-baixo-atraindo-moradores-de-todo-o-brasil\/#breadcrumb"},"inLanguage":"pt-BR","potentialAction":[{"@type":"ReadAction","target":["https:\/\/www.correiobraziliense.com.br\/cbradar\/com-a-qualidade-de-vida-do-momento-essa-cidade-oferece-20-minutos-de-transito-e-custo-de-vida-baixo-atraindo-moradores-de-todo-o-brasil\/"]}]},{"@type":"ImageObject","inLanguage":"pt-BR","@id":"https:\/\/www.correiobraziliense.com.br\/cbradar\/com-a-qualidade-de-vida-do-momento-essa-cidade-oferece-20-minutos-de-transito-e-custo-de-vida-baixo-atraindo-moradores-de-todo-o-brasil\/#primaryimage","url":"https:\/\/www.correiobraziliense.com.br\/cbradar\/wp-content\/uploads\/2026\/03\/aaa-5.png","contentUrl":"https:\/\/www.correiobraziliense.com.br\/cbradar\/wp-content\/uploads\/2026\/03\/aaa-5.png","width":1280,"height":720},{"@type":"BreadcrumbList","@id":"https:\/\/www.correiobraziliense.com.br\/cbradar\/com-a-qualidade-de-vida-do-momento-essa-cidade-oferece-20-minutos-de-transito-e-custo-de-vida-baixo-atraindo-moradores-de-todo-o-brasil\/#breadcrumb","itemListElement":[{"@type":"ListItem","position":1,"name":"In\u00edcio","item":"https:\/\/www.correiobraziliense.com.br\/cbradar\/"},{"@type":"ListItem","position":2,"name":"Com a qualidade de vida do momento, essa cidade oferece 20 minutos de tr\u00e2nsito e custo de vida baixo atraindo moradores de todo o Brasil"}]},{"@type":"WebSite","@id":"https:\/\/www.correiobraziliense.com.br\/cbradar\/#website","url":"https:\/\/www.correiobraziliense.com.br\/cbradar\/","name":"Correio Braziliense - Radar","description":"Acompanhe as \u00faltimas not\u00edcias e fique bem informado sobre tudo o que acontece no Brasil e no mundo.","potentialAction":[{"@type":"SearchAction","target":{"@type":"EntryPoint","urlTemplate":"https:\/\/www.correiobraziliense.com.br\/cbradar\/?s={search_term_string}"},"query-input":{"@type":"PropertyValueSpecification","valueRequired":true,"valueName":"search_term_string"}}],"inLanguage":"pt-BR"},{"@type":"Person","@id":"https:\/\/www.correiobraziliense.com.br\/cbradar\/#\/schema\/person\/4053c651a9bfc785afc6f4cbc9032fd3","name":"Maura Pereira","image":{"@type":"ImageObject","inLanguage":"pt-BR","@id":"https:\/\/www.correiobraziliense.com.br\/cbradar\/#\/schema\/person\/image\/","url":"https:\/\/secure.gravatar.com\/avatar\/3effd6bdadfa447f15089c7f7144eaa6?s=96&d=mm&r=g","contentUrl":"https:\/\/secure.gravatar.com\/avatar\/3effd6bdadfa447f15089c7f7144eaa6?s=96&d=mm&r=g","caption":"Maura Pereira"},"sameAs":["https:\/\/www.correiobraziliense.com.br\/"],"url":"https:\/\/www.correiobraziliense.com.br\/cbradar\/author\/mauramyth\/"}]}},"_links":{"self":[{"href":"https:\/\/www.correiobraziliense.com.br\/cbradar\/wp-json\/wp\/v2\/posts\/208430","targetHints":{"allow":["GET"]}}],"collection":[{"href":"https:\/\/www.correiobraziliense.com.br\/cbradar\/wp-json\/wp\/v2\/posts"}],"about":[{"href":"https:\/\/www.correiobraziliense.com.br\/cbradar\/wp-json\/wp\/v2\/types\/post"}],"author":[{"embeddable":true,"href":"https:\/\/www.correiobraziliense.com.br\/cbradar\/wp-json\/wp\/v2\/users\/8"}],"replies":[{"embeddable":true,"href":"https:\/\/www.correiobraziliense.com.br\/cbradar\/wp-json\/wp\/v2\/comments?post=208430"}],"version-history":[{"count":11,"href":"https:\/\/www.correiobraziliense.com.br\/cbradar\/wp-json\/wp\/v2\/posts\/208430\/revisions"}],"predecessor-version":[{"id":208450,"href":"https:\/\/www.correiobraziliense.com.br\/cbradar\/wp-json\/wp\/v2\/posts\/208430\/revisions\/208450"}],"wp:featuredmedia":[{"embeddable":true,"href":"https:\/\/www.correiobraziliense.com.br\/cbradar\/wp-json\/wp\/v2\/media\/208449"}],"wp:attachment":[{"href":"https:\/\/www.correiobraziliense.com.br\/cbradar\/wp-json\/wp\/v2\/media?parent=208430"}],"wp:term":[{"taxonomy":"category","embeddable":true,"href":"https:\/\/www.correiobraziliense.com.br\/cbradar\/wp-json\/wp\/v2\/categories?post=208430"},{"taxonomy":"post_tag","embeddable":true,"href":"https:\/\/www.correiobraziliense.com.br\/cbradar\/wp-json\/wp\/v2\/tags?post=208430"}],"curies":[{"name":"wp","href":"https:\/\/api.w.org\/{rel}","templated":true}]}}