{"id":208432,"date":"2026-03-14T14:05:00","date_gmt":"2026-03-14T17:05:00","guid":{"rendered":"https:\/\/www.correiobraziliense.com.br\/cbradar\/?p=208432"},"modified":"2026-03-14T08:40:11","modified_gmt":"2026-03-14T11:40:11","slug":"um-deserto-que-chove-com-36-mil-lagoas-no-brasil-foi-eleito-o-2o-parque-nacional-mais-bonito-do-mundo","status":"publish","type":"post","link":"https:\/\/www.correiobraziliense.com.br\/cbradar\/um-deserto-que-chove-com-36-mil-lagoas-no-brasil-foi-eleito-o-2o-parque-nacional-mais-bonito-do-mundo\/","title":{"rendered":"Um &#8220;Deserto que Chove&#8221; com 36 mil lagoas no Brasil foi eleito o 2\u00ba parque nacional mais bonito do mundo"},"content":{"rendered":"\n<p>Um mar de dunas brancas se estende por 155 mil hectares no litoral do <strong>Maranh\u00e3o<\/strong>, mas a paisagem engana: aqui chove o suficiente para encher milhares de lagoas de \u00e1gua doce entre janeiro e julho. O <strong>Parque Nacional dos Len\u00e7\u00f3is Maranhenses<\/strong> \u00e9 o maior campo de dunas do <strong>Brasil<\/strong> e, desde julho de 2024, <strong>Patrim\u00f4nio Natural da Humanidade<\/strong> pela <strong>UNESCO<\/strong>.<\/p>\n\n\n\n<h2 class=\"wp-block-heading\">O deserto que a chuva transforma a cada esta\u00e7\u00e3o<\/h2>\n\n\n\n<p><strong>Apesar da apar\u00eancia de deserto, a regi\u00e3o recebe cerca de 1.600 mm de chuva por ano. <\/strong>Entre janeiro e julho, a \u00e1gua se acumula nos vales entre as dunas e forma lagoas interdunares que podem passar de 36 mil na \u00e9poca de cheias. O len\u00e7ol fre\u00e1tico \u00e9 t\u00e3o superficial que, cavando 2 a 3 metros na areia, j\u00e1 se encontra \u00e1gua pot\u00e1vel.<\/p>\n\n\n\n<p><strong>Quando a esta\u00e7\u00e3o seca avan\u00e7a, entre agosto e dezembro, as lagoas come\u00e7am a encolher. <\/strong>Os peixes da esp\u00e9cie tra\u00edra se enterram em camadas \u00famidas de lama e permanecem adormecidos at\u00e9 as chuvas voltarem. Essa capacidade de sobreviv\u00eancia torna o ecossistema dos Len\u00e7\u00f3is um fen\u00f4meno \u00fanico, reconhecido pela <a href=\"https:\/\/www.gov.br\/turismo\/pt-br\/assuntos\/noticias\/parque-nacional-dos-lencois-maranhenses-e-reconhecido-como-patrimonio-natural-da-humanidade\" target=\"_blank\" rel=\"noreferrer noopener\"><strong>UNESCO<\/strong><\/a> como &#8220;beleza excepcional e fen\u00f4meno natural sem equivalente no planeta&#8221;.<\/p>\n\n\n<div class=\"wp-block-image\">\n<figure class=\"aligncenter size-large\"><img decoding=\"async\" width=\"1024\" height=\"576\" src=\"https:\/\/www.correiobraziliense.com.br\/cbradar\/wp-content\/uploads\/2025\/12\/Lencois-Maranhenses_1767162991480-1024x576.jpg\" alt=\"O destino brasileiro com dunas brancas infinitas que parece te levar a outro planeta com lagoas cristalinas\" class=\"wp-image-166128\" srcset=\"https:\/\/www.correiobraziliense.com.br\/cbradar\/wp-content\/uploads\/2025\/12\/Lencois-Maranhenses_1767162991480-1024x576.jpg 1024w, https:\/\/www.correiobraziliense.com.br\/cbradar\/wp-content\/uploads\/2025\/12\/Lencois-Maranhenses_1767162991480-300x169.jpg 300w, https:\/\/www.correiobraziliense.com.br\/cbradar\/wp-content\/uploads\/2025\/12\/Lencois-Maranhenses_1767162991480-768x432.jpg 768w, https:\/\/www.correiobraziliense.com.br\/cbradar\/wp-content\/uploads\/2025\/12\/Lencois-Maranhenses_1767162991480-750x422.jpg 750w, https:\/\/www.correiobraziliense.com.br\/cbradar\/wp-content\/uploads\/2025\/12\/Lencois-Maranhenses_1767162991480-1140x641.jpg 1140w, https:\/\/www.correiobraziliense.com.br\/cbradar\/wp-content\/uploads\/2025\/12\/Lencois-Maranhenses_1767162991480.jpg 1280w\" sizes=\"(max-width: 1024px) 100vw, 1024px\" \/><figcaption class=\"wp-element-caption\">Parque Nacional dos Len\u00e7\u00f3is Maranhenses exibe dunas brancas de 40m e lagoas cristalinas. \/\/ Cr\u00e9ditos: depositphotos.com \/ Cristian_Lourenco<\/figcaption><\/figure><\/div>\n\n\n<h2 class=\"wp-block-heading\">O que fazer nos 155 mil hectares de dunas e lagoas?<\/h2>\n\n\n\n<p>O parque est\u00e1 distribu\u00eddo pelos munic\u00edpios de <strong>Barreirinhas<\/strong>, <strong>Santo Amaro do Maranh\u00e3o<\/strong> e <strong>Primeira Cruz<\/strong>. Cada base oferece experi\u00eancias diferentes, e a entrada \u00e9 gratuita.<\/p>\n\n\n\n<ul class=\"wp-block-list\">\n<li><strong>Circuito da Lagoa Azul<\/strong>: o mais famoso, a partir de Barreirinhas. Acesso em ve\u00edculo 4&#215;4 at\u00e9 o topo das dunas, com mergulho em lagoas de \u00e1gua cristalina.<\/li>\n\n\n\n<li><strong>Circuito da Lagoa Bonita<\/strong>: vista panor\u00e2mica do campo de dunas. O p\u00f4r do sol daqui \u00e9 considerado o mais bonito do parque.<\/li>\n\n\n\n<li><strong>Santo Amaro do Maranh\u00e3o<\/strong>: lagoas maiores, dunas mais altas e menos visitantes. \u00c9 poss\u00edvel chegar a algumas lagoas a p\u00e9, direto da cidade.<\/li>\n\n\n\n<li><strong>Atins<\/strong>: povoado entre o mar e o parque, com ruas de areia e pousadas de charme. Virou refer\u00eancia de kitesurf no Nordeste.<\/li>\n\n\n\n<li><strong>Rio Pregui\u00e7as<\/strong>: passeio de barco que atravessa manguezais, passa pelo farol de <strong>Mandacaru<\/strong> (54 m de altura) e termina em <strong>Cabur\u00e9<\/strong>, onde rio e mar se encontram.<\/li>\n\n\n\n<li><strong>Revoada dos Guar\u00e1s<\/strong>: ao entardecer, centenas de aves vermelhas voltam aos manguezais do rio Pregui\u00e7as. O espet\u00e1culo acontece melhor entre junho e setembro.<\/li>\n<\/ul>\n\n\n\n<p><strong>Prepare-se para viver uma experi\u00eancia cinematogr\u00e1fica nos Len\u00e7\u00f3is Maranhenses, um dos destinos mais \u00fanicos e impactantes do Brasil. <\/strong>O v\u00eddeo \u00e9 do canal<strong> Viagens Cine<\/strong>, que conta com mais de <strong>317 mil inscritos<\/strong>, e detalha o roteiro ideal pelas bases de Barreirinhas, Atins e Santo Amaro, incluindo o inesquec\u00edvel caf\u00e9 da manh\u00e3 no nascer do sol nas dunas:<\/p>\n\n\n\n<figure class=\"wp-block-embed aligncenter is-type-video is-provider-youtube wp-block-embed-youtube wp-embed-aspect-16-9 wp-has-aspect-ratio\"><div class=\"wp-block-embed__wrapper\">\n<div class=\"jeg_video_container jeg_video_content\"><iframe loading=\"lazy\" title=\"O que fazer nos LEN\u00c7\u00d3IS MARANHENSES, Brasil: Top 7 Melhores Passeios - Barreirinhas, Maranh\u00e3o\" width=\"500\" height=\"281\" src=\"https:\/\/www.youtube.com\/embed\/-R3iCfVn_bM?feature=oembed\" frameborder=\"0\" allow=\"accelerometer; autoplay; clipboard-write; encrypted-media; gyroscope; picture-in-picture; web-share\" referrerpolicy=\"strict-origin-when-cross-origin\" allowfullscreen><\/iframe><\/div>\n<\/div><\/figure>\n\n\n\n<h2 class=\"wp-block-heading\">O segundo parque nacional mais bonito do mundo<\/h2>\n\n\n\n<p>Um estudo da empresa Bounce, citado pelo <a href=\"https:\/\/www.gov.br\/turismo\/pt-br\/assuntos\/noticias\/parque-nacional-dos-lencois-maranhenses-e-o-segundo-mais-bonito-do-mundo-diz-pesquisa\" target=\"_blank\" rel=\"noreferrer noopener\"><strong>Minist\u00e9rio do Turismo<\/strong><\/a>, classificou os Len\u00e7\u00f3is Maranhenses como o segundo parque nacional mais bonito do planeta, atr\u00e1s apenas do Kruger, na \u00c1frica do Sul. O parque obteve nota 4,9 de 5 nas avalia\u00e7\u00f5es do Google e acumulou mais de 292 milh\u00f5es de visualiza\u00e7\u00f5es no TikTok.<\/p>\n\n\n\n<p>Os Len\u00e7\u00f3is tamb\u00e9m integram a <strong>Rota das Emo\u00e7\u00f5es<\/strong>, roteiro tur\u00edstico que conecta tr\u00eas unidades de conserva\u00e7\u00e3o federais: o <strong>Parque Nacional de Jericoacoara<\/strong> (Cear\u00e1), a <strong>APA do Delta do Parna\u00edba<\/strong> (Piau\u00ed) e os Len\u00e7\u00f3is Maranhenses. O trajeto completo pode levar de 7 a 10 dias e cruza praias, dunas e manguezais de tr\u00eas estados.<\/p>\n\n\n\n<p><strong>Leia tamb\u00e9m: <a href=\"https:\/\/www.correiobraziliense.com.br\/cbradar\/a-quantidade-de-passos-por-dia-recomendada-para-aumentar-o-condicionamento-fisico-segundo-estudos\/\" target=\"_blank\" rel=\"noreferrer noopener\">A quantidade de passos por dia recomendada para aumentar o condicionamento f\u00edsico, segundo estudos.<\/a><\/strong><\/p>\n\n\n\n<h2 class=\"wp-block-heading\">Quando as lagoas est\u00e3o cheias?<\/h2>\n\n\n\n<p>A esta\u00e7\u00e3o chuvosa vai de janeiro a julho. As lagoas atingem o pico entre junho e agosto. A partir de setembro, come\u00e7am a baixar. Entre novembro e janeiro, muitas secam completamente.<\/p>\n\n\n\n<div class=\"google-auto-ads-ignore\" style=\"font-family: 'Segoe UI', Roboto, -apple-system, sans-serif; max-width: 850px; margin: 20px auto; box-sizing: border-box; background-color: #ffffff; -webkit-font-smoothing: antialiased; text-rendering: optimizeLegibility;\">\n    \n    <div style=\"background: #fffcfc; border-radius: 20px; overflow: hidden; border: 1px solid #bae6fd; display: flex; flex-direction: column; box-shadow: 0 4px 15px rgba(2, 132, 199, 0.05);\">\n        \n        <div style=\"background: linear-gradient(135deg, #38bdf8 0%, #0284c7 100%); padding: 20px 30px; text-align: left;\">\n            <div style=\"font-size: 24px; font-weight: 800; color: #ffffff; letter-spacing: -0.5px; line-height: 1.2;\">\n                Sazonalidade e condi\u00e7\u00f5es para atividades\n            <\/div>\n            <div style=\"font-size: 14px; color: #e0f2fe; margin-top: 4px; font-weight: 500; opacity: 0.9;\">\n                An\u00e1lise clim\u00e1tica detalhada para planejamento de viagem e roteiros n\u00e1uticos e naturais\n            <\/div>\n        <\/div>\n\n        <div style=\"padding: 15px;\">\n            <div style=\"display: grid; width: 100%; grid-template-columns: 0.8fr 0.7fr 1fr 0.7fr 1.8fr; gap: 1px; background-color: #7dd3fc; border-radius: 12px; border: 1px solid #7dd3fc; overflow: hidden;\">\n                \n                <div style=\"background: #f0f9ff; padding: 10px; font-weight: 800; font-size: 11px; text-transform: uppercase; color: #0c4a6e; text-align: center;\">Per\u00edodo<\/div>\n                <div style=\"background: #f0f9ff; padding: 10px; font-weight: 800; font-size: 11px; text-transform: uppercase; color: #0c4a6e; text-align: center;\">Meses<\/div>\n                <div style=\"background: #f0f9ff; padding: 10px; font-weight: 800; font-size: 11px; text-transform: uppercase; color: #0c4a6e; text-align: center;\">Temperatura<\/div>\n                <div style=\"background: #f0f9ff; padding: 10px; font-weight: 800; font-size: 11px; text-transform: uppercase; color: #0c4a6e; text-align: center;\">Chuva<\/div>\n                <div style=\"background: #f0f9ff; padding: 10px; font-weight: 800; font-size: 11px; text-transform: uppercase; color: #0c4a6e; text-align: center;\">O que esperar<\/div>\n\n                <div style=\"background: #ffffff; padding: 12px; font-weight: 800; color: #0284c7; font-size: 14px; display: flex; align-items: center; justify-content: center;\">Chuvas<\/div>\n                <div style=\"background: #ffffff; padding: 12px; font-size: 13px; color: #1e293b; font-weight: 600; display: flex; align-items: center; justify-content: center;\">Jan-Abr<\/div>\n                <div style=\"background: #ffffff; padding: 12px; display: flex; align-items: center; justify-content: center; gap: 6px;\">\n                    <span style=\"font-size: 13px; font-weight: 700; color: #1e293b;\">24-31\u00b0C<\/span>\n                    <span style=\"font-size: 14px;\">\ud83c\udf27\ufe0f<\/span>\n                <\/div>\n                <div style=\"background: #ffffff; padding: 12px; font-size: 13px; color: #4b5563; font-weight: 600; display: flex; align-items: center; justify-content: center;\">Alta<\/div>\n                <div style=\"background: #ffffff; padding: 12px; font-size: 13px; line-height: 1.4; color: #1e293b; display: flex; align-items: center;\">Lagoas enchendo e acesso restrito a algumas \u00e1reas.<\/div>\n\n                <div style=\"background: #f8fafc; padding: 12px; font-weight: 800; color: #0284c7; font-size: 14px; display: flex; align-items: center; justify-content: center;\">Cheias<\/div>\n                <div style=\"background: #f8fafc; padding: 12px; font-size: 13px; color: #1e293b; font-weight: 600; display: flex; align-items: center; justify-content: center;\">Mai-Set<\/div>\n                <div style=\"background: #f8fafc; padding: 12px; display: flex; align-items: center; justify-content: center; gap: 6px;\">\n                    <span style=\"font-size: 13px; font-weight: 700; color: #1e293b;\">24-33\u00b0C<\/span>\n                    <span style=\"font-size: 14px;\">\ud83c\udfdd\ufe0f<\/span>\n                <\/div>\n                <div style=\"background: #f8fafc; padding: 12px; font-size: 13px; color: #4b5563; font-weight: 600; display: flex; align-items: center; justify-content: center;\">M\u00e9dia\/B.<\/div>\n                <div style=\"background: #f8fafc; padding: 12px; font-size: 13px; line-height: 1.4; color: #1e293b; display: flex; align-items: center;\">Melhor \u00e9poca: lagoas no auge e sol firme garantido.<\/div>\n\n                <div style=\"background: #ffffff; padding: 12px; font-weight: 800; color: #0284c7; font-size: 14px; display: flex; align-items: center; justify-content: center;\">Seca<\/div>\n                <div style=\"background: #ffffff; padding: 12px; font-size: 13px; color: #1e293b; font-weight: 600; display: flex; align-items: center; justify-content: center;\">Out-Dez<\/div>\n                <div style=\"background: #ffffff; padding: 12px; display: flex; align-items: center; justify-content: center; gap: 6px;\">\n                    <span style=\"font-size: 13px; font-weight: 700; color: #1e293b;\">26-35\u00b0C<\/span>\n                    <span style=\"font-size: 14px;\">\u2600\ufe0f<\/span>\n                <\/div>\n                <div style=\"background: #ffffff; padding: 12px; font-size: 13px; color: #4b5563; font-weight: 600; display: flex; align-items: center; justify-content: center;\">M. Baixa<\/div>\n                <div style=\"background: #ffffff; padding: 12px; font-size: 13px; line-height: 1.4; color: #1e293b; display: flex; align-items: center;\">Lagoas baixas, dunas secas e calor mais intenso.<\/div>\n            <\/div>\n        <\/div>\n\n        <div style=\"padding: 10px 30px; background: #f0f9ff; border-top: 1px solid #bae6fd; font-size: 12px; color: #0c4a6e; font-style: italic; display: flex; align-items: center; gap: 8px; font-weight: 600;\">\n            <div style=\"width: 6px; height: 6px; background: #0284c7; border-radius: 50%;\"><\/div>\n            Informa\u00e7\u00e3o: O per\u00edodo entre maio e setembro \u00e9 considerado a alta temporada para quem busca o cen\u00e1rio cl\u00e1ssico das lagoas cristalinas.\n        <\/div>\n        \n    <\/div>\n<\/div>\n\n\n\n<p><em>Temperaturas aproximadas com base no <a href=\"https:\/\/www.climatempo.com.br\/previsao-do-tempo\/cidade\/2082\/barreirinhas-ma\" target=\"_blank\" rel=\"noreferrer noopener\"><strong>Climatempo<\/strong><\/a> para Barreirinhas. Condi\u00e7\u00f5es podem variar conforme a localiza\u00e7\u00e3o no parque.<\/em><\/p>\n\n\n<div class=\"wp-block-image\">\n<figure class=\"aligncenter size-large\"><img decoding=\"async\" width=\"1024\" height=\"576\" src=\"https:\/\/www.correiobraziliense.com.br\/cbradar\/wp-content\/uploads\/2025\/12\/Lencois-Maranhenses_1767163270112-1024x576.jpg\" alt=\"\" class=\"wp-image-166137\" srcset=\"https:\/\/www.correiobraziliense.com.br\/cbradar\/wp-content\/uploads\/2025\/12\/Lencois-Maranhenses_1767163270112-1024x576.jpg 1024w, https:\/\/www.correiobraziliense.com.br\/cbradar\/wp-content\/uploads\/2025\/12\/Lencois-Maranhenses_1767163270112-300x169.jpg 300w, https:\/\/www.correiobraziliense.com.br\/cbradar\/wp-content\/uploads\/2025\/12\/Lencois-Maranhenses_1767163270112-768x432.jpg 768w, https:\/\/www.correiobraziliense.com.br\/cbradar\/wp-content\/uploads\/2025\/12\/Lencois-Maranhenses_1767163270112-750x422.jpg 750w, https:\/\/www.correiobraziliense.com.br\/cbradar\/wp-content\/uploads\/2025\/12\/Lencois-Maranhenses_1767163270112-1140x641.jpg 1140w, https:\/\/www.correiobraziliense.com.br\/cbradar\/wp-content\/uploads\/2025\/12\/Lencois-Maranhenses_1767163270112.jpg 1280w\" sizes=\"(max-width: 1024px) 100vw, 1024px\" \/><figcaption class=\"wp-element-caption\">Deslize pelas dunas dos Len\u00e7\u00f3is Maranhenses e encontre o\u00e1sis de \u00e1guas cristalinas que renovam alma e esp\u00edrito aventureiro. \/\/ Cr\u00e9ditos: depositphotos.com \/ Cristian_Lourenco<\/figcaption><\/figure><\/div>\n\n\n<h2 class=\"wp-block-heading\">Como chegar ao maior campo de dunas do Brasil?<\/h2>\n\n\n\n<p>A principal base \u00e9 <strong>Barreirinhas<\/strong>, a 260 km de <strong>S\u00e3o Lu\u00eds<\/strong> pelas rodovias <strong>BR-135<\/strong> e <strong>MA-402<\/strong>, cerca de 4 horas de carro. \u00d4nibus partem diariamente do terminal da capital. O aeroporto de refer\u00eancia \u00e9 o <strong>Marechal Cunha Machado<\/strong>, em S\u00e3o Lu\u00eds, com voos de todo o Brasil. Para quem vem pela Rota das Emo\u00e7\u00f5es, o <a href=\"https:\/\/turismo.ma.gov.br\/programas-ou-campanhas\/lencois-maranhenses\" target=\"_blank\" rel=\"noreferrer noopener\"><strong>acesso por Paulino Neves<\/strong><\/a> fica a 147 km do Aeroporto de Parna\u00edba (PI).<\/p>\n\n\n\n<h2 class=\"wp-block-heading\">O len\u00e7ol branco que a chuva pinta de azul<\/h2>\n\n\n\n<p><strong>Os Len\u00e7\u00f3is Maranhenses s\u00e3o o tipo de paisagem que parece imposs\u00edvel at\u00e9 a gente pisar na areia. <\/strong>Um deserto que chove, um campo de dunas com milhares de piscinas naturais e um ecossistema onde peixes dormem na lama esperando a pr\u00f3xima esta\u00e7\u00e3o. Nenhuma foto prepara para a escala real do que se v\u00ea do topo da primeira duna.<\/p>\n\n\n\n<p>Voc\u00ea precisa tirar os sapatos, subir a areia branca e olhar o horizonte onde dunas e lagoas se repetem at\u00e9 sumir de vista. Esse \u00e9 o tipo de lugar que muda a forma como a gente enxerga o Brasil.<\/p>\n","protected":false},"excerpt":{"rendered":"<p>Um mar de dunas brancas se estende por 155 mil hectares no litoral do Maranh\u00e3o, mas a paisagem engana: aqui chove o suficiente para encher milhares de lagoas de \u00e1gua doce entre janeiro e julho. O Parque Nacional dos Len\u00e7\u00f3is Maranhenses \u00e9 o maior campo de dunas do Brasil e, desde julho de 2024, Patrim\u00f4nio [&hellip;]<\/p>\n","protected":false},"author":8,"featured_media":208472,"comment_status":"open","ping_status":"open","sticky":false,"template":"","format":"standard","meta":{"_yoast_wpseo_focuskw":"parque nacional","_yoast_wpseo_title":"","_yoast_wpseo_metadesc":"Um \u201cDeserto que Chove\u201d \u00e9 um parque nacional brasileiro ao reunir cerca de 36 mil lagoas entre dunas e foi eleito 2\u00ba mais bonito do mundo.","jnews-multi-image_gallery":[],"jnews_single_post":{"format":"standard"},"jnews_primary_category":[],"jnews_social_meta":[],"jnews_override_counter":[],"footnotes":""},"categories":[108,111],"tags":[227,8505],"class_list":["post-208432","post","type-post","status-publish","format-standard","has-post-thumbnail","hentry","category-cidades","category-turismo","tag-lencois-maranhenses","tag-maranhao"],"yoast_head":"<!-- This site is optimized with the Yoast SEO plugin v24.6 - https:\/\/yoast.com\/wordpress\/plugins\/seo\/ -->\n<title>Um &quot;Deserto que Chove&quot; com 36 mil lagoas no Brasil foi eleito o 2\u00ba parque nacional mais bonito do mundo - Correio Braziliense - Radar<\/title>\n<meta name=\"description\" content=\"Um \u201cDeserto que Chove\u201d \u00e9 um parque nacional brasileiro ao reunir cerca de 36 mil lagoas entre dunas e foi eleito 2\u00ba mais bonito do mundo.\" \/>\n<meta name=\"robots\" content=\"index, follow, max-snippet:-1, max-image-preview:large, max-video-preview:-1\" \/>\n<link rel=\"canonical\" href=\"https:\/\/www.correiobraziliense.com.br\/cbradar\/um-deserto-que-chove-com-36-mil-lagoas-no-brasil-foi-eleito-o-2o-parque-nacional-mais-bonito-do-mundo\/\" \/>\n<meta property=\"og:locale\" content=\"pt_BR\" \/>\n<meta property=\"og:type\" content=\"article\" \/>\n<meta property=\"og:title\" content=\"Um &quot;Deserto que Chove&quot; com 36 mil lagoas no Brasil foi eleito o 2\u00ba parque nacional mais bonito do mundo - Correio Braziliense - Radar\" \/>\n<meta property=\"og:description\" content=\"Um \u201cDeserto que Chove\u201d \u00e9 um parque nacional brasileiro ao reunir cerca de 36 mil lagoas entre dunas e foi eleito 2\u00ba mais bonito do mundo.\" \/>\n<meta property=\"og:url\" content=\"https:\/\/www.correiobraziliense.com.br\/cbradar\/um-deserto-que-chove-com-36-mil-lagoas-no-brasil-foi-eleito-o-2o-parque-nacional-mais-bonito-do-mundo\/\" \/>\n<meta property=\"og:site_name\" content=\"Correio Braziliense - Radar\" \/>\n<meta property=\"article:published_time\" content=\"2026-03-14T17:05:00+00:00\" \/>\n<meta property=\"og:image\" content=\"https:\/\/www.correiobraziliense.com.br\/cbradar\/wp-content\/uploads\/2026\/03\/aaa-7.png\" \/>\n\t<meta property=\"og:image:width\" content=\"1280\" \/>\n\t<meta property=\"og:image:height\" content=\"720\" \/>\n\t<meta property=\"og:image:type\" content=\"image\/png\" \/>\n<meta name=\"author\" content=\"Maura Pereira\" \/>\n<meta name=\"twitter:card\" content=\"summary_large_image\" \/>\n<meta name=\"twitter:label1\" content=\"Escrito por\" \/>\n\t<meta name=\"twitter:data1\" content=\"Maura Pereira\" \/>\n\t<meta name=\"twitter:label2\" content=\"Est. tempo de leitura\" \/>\n\t<meta name=\"twitter:data2\" content=\"6 minutos\" \/>\n<!-- \/ Yoast SEO plugin. -->","yoast_head_json":{"title":"Um \"Deserto que Chove\" com 36 mil lagoas no Brasil foi eleito o 2\u00ba parque nacional mais bonito do mundo - Correio Braziliense - Radar","description":"Um \u201cDeserto que Chove\u201d \u00e9 um parque nacional brasileiro ao reunir cerca de 36 mil lagoas entre dunas e foi eleito 2\u00ba mais bonito do mundo.","robots":{"index":"index","follow":"follow","max-snippet":"max-snippet:-1","max-image-preview":"max-image-preview:large","max-video-preview":"max-video-preview:-1"},"canonical":"https:\/\/www.correiobraziliense.com.br\/cbradar\/um-deserto-que-chove-com-36-mil-lagoas-no-brasil-foi-eleito-o-2o-parque-nacional-mais-bonito-do-mundo\/","og_locale":"pt_BR","og_type":"article","og_title":"Um \"Deserto que Chove\" com 36 mil lagoas no Brasil foi eleito o 2\u00ba parque nacional mais bonito do mundo - Correio Braziliense - Radar","og_description":"Um \u201cDeserto que Chove\u201d \u00e9 um parque nacional brasileiro ao reunir cerca de 36 mil lagoas entre dunas e foi eleito 2\u00ba mais bonito do mundo.","og_url":"https:\/\/www.correiobraziliense.com.br\/cbradar\/um-deserto-que-chove-com-36-mil-lagoas-no-brasil-foi-eleito-o-2o-parque-nacional-mais-bonito-do-mundo\/","og_site_name":"Correio Braziliense - Radar","article_published_time":"2026-03-14T17:05:00+00:00","og_image":[{"width":1280,"height":720,"url":"https:\/\/www.correiobraziliense.com.br\/cbradar\/wp-content\/uploads\/2026\/03\/aaa-7.png","type":"image\/png"}],"author":"Maura Pereira","twitter_card":"summary_large_image","twitter_misc":{"Escrito por":"Maura Pereira","Est. tempo de leitura":"6 minutos"},"schema":{"@context":"https:\/\/schema.org","@graph":[{"@type":"WebPage","@id":"https:\/\/www.correiobraziliense.com.br\/cbradar\/um-deserto-que-chove-com-36-mil-lagoas-no-brasil-foi-eleito-o-2o-parque-nacional-mais-bonito-do-mundo\/","url":"https:\/\/www.correiobraziliense.com.br\/cbradar\/um-deserto-que-chove-com-36-mil-lagoas-no-brasil-foi-eleito-o-2o-parque-nacional-mais-bonito-do-mundo\/","name":"Um \"Deserto que Chove\" com 36 mil lagoas no Brasil foi eleito o 2\u00ba parque nacional mais bonito do mundo - Correio Braziliense - Radar","isPartOf":{"@id":"https:\/\/www.correiobraziliense.com.br\/cbradar\/#website"},"primaryImageOfPage":{"@id":"https:\/\/www.correiobraziliense.com.br\/cbradar\/um-deserto-que-chove-com-36-mil-lagoas-no-brasil-foi-eleito-o-2o-parque-nacional-mais-bonito-do-mundo\/#primaryimage"},"image":{"@id":"https:\/\/www.correiobraziliense.com.br\/cbradar\/um-deserto-que-chove-com-36-mil-lagoas-no-brasil-foi-eleito-o-2o-parque-nacional-mais-bonito-do-mundo\/#primaryimage"},"thumbnailUrl":"https:\/\/www.correiobraziliense.com.br\/cbradar\/wp-content\/uploads\/2026\/03\/aaa-7.png","datePublished":"2026-03-14T17:05:00+00:00","author":{"@id":"https:\/\/www.correiobraziliense.com.br\/cbradar\/#\/schema\/person\/4053c651a9bfc785afc6f4cbc9032fd3"},"description":"Um \u201cDeserto que Chove\u201d \u00e9 um parque nacional brasileiro ao reunir cerca de 36 mil lagoas entre dunas e foi eleito 2\u00ba mais bonito do mundo.","breadcrumb":{"@id":"https:\/\/www.correiobraziliense.com.br\/cbradar\/um-deserto-que-chove-com-36-mil-lagoas-no-brasil-foi-eleito-o-2o-parque-nacional-mais-bonito-do-mundo\/#breadcrumb"},"inLanguage":"pt-BR","potentialAction":[{"@type":"ReadAction","target":["https:\/\/www.correiobraziliense.com.br\/cbradar\/um-deserto-que-chove-com-36-mil-lagoas-no-brasil-foi-eleito-o-2o-parque-nacional-mais-bonito-do-mundo\/"]}]},{"@type":"ImageObject","inLanguage":"pt-BR","@id":"https:\/\/www.correiobraziliense.com.br\/cbradar\/um-deserto-que-chove-com-36-mil-lagoas-no-brasil-foi-eleito-o-2o-parque-nacional-mais-bonito-do-mundo\/#primaryimage","url":"https:\/\/www.correiobraziliense.com.br\/cbradar\/wp-content\/uploads\/2026\/03\/aaa-7.png","contentUrl":"https:\/\/www.correiobraziliense.com.br\/cbradar\/wp-content\/uploads\/2026\/03\/aaa-7.png","width":1280,"height":720,"caption":"Os Len\u00e7\u00f3is Maranhenses s\u00e3o o segundo parque nacional mais bonito do planeta. \/ Imagem ilustrativa"},{"@type":"BreadcrumbList","@id":"https:\/\/www.correiobraziliense.com.br\/cbradar\/um-deserto-que-chove-com-36-mil-lagoas-no-brasil-foi-eleito-o-2o-parque-nacional-mais-bonito-do-mundo\/#breadcrumb","itemListElement":[{"@type":"ListItem","position":1,"name":"In\u00edcio","item":"https:\/\/www.correiobraziliense.com.br\/cbradar\/"},{"@type":"ListItem","position":2,"name":"Um &#8220;Deserto que Chove&#8221; com 36 mil lagoas no Brasil foi eleito o 2\u00ba parque nacional mais bonito do mundo"}]},{"@type":"WebSite","@id":"https:\/\/www.correiobraziliense.com.br\/cbradar\/#website","url":"https:\/\/www.correiobraziliense.com.br\/cbradar\/","name":"Correio Braziliense - Radar","description":"Acompanhe as \u00faltimas not\u00edcias e fique bem informado sobre tudo o que acontece no Brasil e no mundo.","potentialAction":[{"@type":"SearchAction","target":{"@type":"EntryPoint","urlTemplate":"https:\/\/www.correiobraziliense.com.br\/cbradar\/?s={search_term_string}"},"query-input":{"@type":"PropertyValueSpecification","valueRequired":true,"valueName":"search_term_string"}}],"inLanguage":"pt-BR"},{"@type":"Person","@id":"https:\/\/www.correiobraziliense.com.br\/cbradar\/#\/schema\/person\/4053c651a9bfc785afc6f4cbc9032fd3","name":"Maura Pereira","image":{"@type":"ImageObject","inLanguage":"pt-BR","@id":"https:\/\/www.correiobraziliense.com.br\/cbradar\/#\/schema\/person\/image\/","url":"https:\/\/secure.gravatar.com\/avatar\/3effd6bdadfa447f15089c7f7144eaa6?s=96&d=mm&r=g","contentUrl":"https:\/\/secure.gravatar.com\/avatar\/3effd6bdadfa447f15089c7f7144eaa6?s=96&d=mm&r=g","caption":"Maura Pereira"},"sameAs":["https:\/\/www.correiobraziliense.com.br\/"],"url":"https:\/\/www.correiobraziliense.com.br\/cbradar\/author\/mauramyth\/"}]}},"_links":{"self":[{"href":"https:\/\/www.correiobraziliense.com.br\/cbradar\/wp-json\/wp\/v2\/posts\/208432","targetHints":{"allow":["GET"]}}],"collection":[{"href":"https:\/\/www.correiobraziliense.com.br\/cbradar\/wp-json\/wp\/v2\/posts"}],"about":[{"href":"https:\/\/www.correiobraziliense.com.br\/cbradar\/wp-json\/wp\/v2\/types\/post"}],"author":[{"embeddable":true,"href":"https:\/\/www.correiobraziliense.com.br\/cbradar\/wp-json\/wp\/v2\/users\/8"}],"replies":[{"embeddable":true,"href":"https:\/\/www.correiobraziliense.com.br\/cbradar\/wp-json\/wp\/v2\/comments?post=208432"}],"version-history":[{"count":9,"href":"https:\/\/www.correiobraziliense.com.br\/cbradar\/wp-json\/wp\/v2\/posts\/208432\/revisions"}],"predecessor-version":[{"id":208477,"href":"https:\/\/www.correiobraziliense.com.br\/cbradar\/wp-json\/wp\/v2\/posts\/208432\/revisions\/208477"}],"wp:featuredmedia":[{"embeddable":true,"href":"https:\/\/www.correiobraziliense.com.br\/cbradar\/wp-json\/wp\/v2\/media\/208472"}],"wp:attachment":[{"href":"https:\/\/www.correiobraziliense.com.br\/cbradar\/wp-json\/wp\/v2\/media?parent=208432"}],"wp:term":[{"taxonomy":"category","embeddable":true,"href":"https:\/\/www.correiobraziliense.com.br\/cbradar\/wp-json\/wp\/v2\/categories?post=208432"},{"taxonomy":"post_tag","embeddable":true,"href":"https:\/\/www.correiobraziliense.com.br\/cbradar\/wp-json\/wp\/v2\/tags?post=208432"}],"curies":[{"name":"wp","href":"https:\/\/api.w.org\/{rel}","templated":true}]}}