{"id":208433,"date":"2026-03-14T15:25:00","date_gmt":"2026-03-14T18:25:00","guid":{"rendered":"https:\/\/www.correiobraziliense.com.br\/cbradar\/?p=208433"},"modified":"2026-03-14T08:55:00","modified_gmt":"2026-03-14T11:55:00","slug":"unica-capital-fundada-por-franceses-no-brasil-a-jamaica-brasileira-preserva-o-maior-acervo-de-azulejos-da-america-latina","status":"publish","type":"post","link":"https:\/\/www.correiobraziliense.com.br\/cbradar\/unica-capital-fundada-por-franceses-no-brasil-a-jamaica-brasileira-preserva-o-maior-acervo-de-azulejos-da-america-latina\/","title":{"rendered":"\u00danica capital fundada por franceses no Brasil, a &#8220;Jamaica Brasileira&#8221; preserva o maior acervo de azulejos da Am\u00e9rica Latina"},"content":{"rendered":"\n<p>O reflexo do sol nos azulejos portugueses ilumina as ladeiras de pedra enquanto o grave de uma radiola de reggae sobe por entre os casar\u00f5es coloniais. <strong>S\u00e3o Lu\u00eds<\/strong>, capital do <strong>Maranh\u00e3o<\/strong>, \u00e9 a \u00fanica do <strong>Brasil<\/strong> fundada por franceses, preserva o maior acervo de azulejos portugueses da <strong>Am\u00e9rica Latina<\/strong> e ainda ostenta o t\u00edtulo de Jamaica Brasileira.<\/p>\n\n\n\n<h2 class=\"wp-block-heading\">Tr\u00eas colonizadores em uma s\u00f3 ilha<\/h2>\n\n\n\n<p>Em <strong>8 de setembro de 1612<\/strong>, a expedi\u00e7\u00e3o de <strong>Daniel de La Touche<\/strong> ergueu o Forte de Saint-Louis na ilha de <strong>Upaon-A\u00e7u<\/strong>, em homenagem ao rei Lu\u00eds XIII. Tr\u00eas anos depois, os portugueses retomaram o territ\u00f3rio. Em 1641, os holandeses de <strong>Maur\u00edcio de Nassau<\/strong> ocuparam a cidade por tr\u00eas anos. Essa sucess\u00e3o de colonizadores moldou o tra\u00e7ado urbano e a identidade cultural que persiste at\u00e9 hoje.<\/p>\n\n\n\n<p>No s\u00e9culo XIX, a riqueza do algod\u00e3o financiou uma gera\u00e7\u00e3o de escritores que colocou S\u00e3o Lu\u00eds no centro da literatura nacional. Nomes como <strong>Gon\u00e7alves Dias<\/strong>, <strong>Alu\u00edsio Azevedo<\/strong> e <strong>Gra\u00e7a Aranha<\/strong> renderam \u00e0 cidade o apelido de <strong>Atenas Brasileira<\/strong>. O centro hist\u00f3rico, tombado pelo <a href=\"http:\/\/portal.iphan.gov.br\/pagina\/detalhes\/346\/\" target=\"_blank\" rel=\"noreferrer noopener\"><strong>IPHAN<\/strong><\/a> em 1974 e pela <strong>UNESCO<\/strong> em 1997, re\u00fane cerca de 4 mil im\u00f3veis em 220 hectares.<\/p>\n\n\n<div class=\"wp-block-image\">\n<figure class=\"aligncenter size-full\"><img decoding=\"async\" width=\"1280\" height=\"720\" src=\"https:\/\/www.correiobraziliense.com.br\/cbradar\/wp-content\/uploads\/2026\/03\/Sao-Luis-maranhao_1773488703398.jpg\" alt=\"\u00danica capital fundada por franceses no Brasil, a &quot;Jamaica Brasileira&quot; preserva o maior acervo de azulejos da Am\u00e9rica Latina\" class=\"wp-image-208482\" srcset=\"https:\/\/www.correiobraziliense.com.br\/cbradar\/wp-content\/uploads\/2026\/03\/Sao-Luis-maranhao_1773488703398.jpg 1280w, https:\/\/www.correiobraziliense.com.br\/cbradar\/wp-content\/uploads\/2026\/03\/Sao-Luis-maranhao_1773488703398-300x169.jpg 300w, https:\/\/www.correiobraziliense.com.br\/cbradar\/wp-content\/uploads\/2026\/03\/Sao-Luis-maranhao_1773488703398-768x432.jpg 768w, https:\/\/www.correiobraziliense.com.br\/cbradar\/wp-content\/uploads\/2026\/03\/Sao-Luis-maranhao_1773488703398-750x422.jpg 750w, https:\/\/www.correiobraziliense.com.br\/cbradar\/wp-content\/uploads\/2026\/03\/Sao-Luis-maranhao_1773488703398-1140x641.jpg 1140w\" sizes=\"(max-width: 1280px) 100vw, 1280px\" \/><figcaption class=\"wp-element-caption\">O centro hist\u00f3rico de S\u00e3o Lu\u00eds guarda quatro s\u00e9culos de arquitetura intacta.  Cr\u00e9ditos: depositphotos.com \/ Fotoember<\/figcaption><\/figure><\/div>\n\n\n<h2 class=\"wp-block-heading\">O que visitar na Cidade dos Azulejos?<\/h2>\n\n\n\n<p><strong>Os casar\u00f5es do centro hist\u00f3rico exibem mais de 80 padr\u00f5es de azulejos catalogados, vindos de Portugal, Fran\u00e7a e Holanda. <\/strong>A fun\u00e7\u00e3o original era pr\u00e1tica: as superf\u00edcies vitrificadas refletiam o sol e protegiam as paredes da umidade tropical.<\/p>\n\n\n\n<ul class=\"wp-block-list\">\n<li><strong>Rua Portugal e Rua do Giz<\/strong>: as mais bonitas da \u00e1rea tombada, com sobrados de fachadas azulejadas, bares e caf\u00e9s que formam o centro da boemia ludovicense.<\/li>\n\n\n\n<li><strong>Pal\u00e1cio dos Le\u00f5es<\/strong>: sede do governo estadual, com decora\u00e7\u00e3o original francesa dos s\u00e9culos XVIII e XIX e vista para a <strong>Ba\u00eda de S\u00e3o Marcos<\/strong>.<\/li>\n\n\n\n<li><strong>Teatro Arthur Azevedo<\/strong>: um dos mais antigos do pa\u00eds, s\u00edmbolo da tradi\u00e7\u00e3o liter\u00e1ria da Atenas Brasileira.<\/li>\n\n\n\n<li><strong>Casa do Maranh\u00e3o<\/strong>: museu gratuito na Praia Grande, com exposi\u00e7\u00f5es sobre o Bumba Meu Boi e as tradi\u00e7\u00f5es populares do estado.<\/li>\n\n\n\n<li><strong>Beco Catarina Mina<\/strong>: escadaria de 35 degraus com pedras de lioz do s\u00e9culo XVII, batizada em homenagem a uma mulher negra da Costa da Mina que conquistou fortuna e libertou escravizados.<\/li>\n\n\n\n<li><strong>Museu do Reggae<\/strong>: inaugurado em 2018, \u00e9 o \u00fanico do g\u00eanero fora da Jamaica.<\/li>\n<\/ul>\n\n\n\n<p><strong>Encante-se com S\u00e3o Lu\u00eds, a &#8220;P\u00e9rola do Nordeste&#8221; e a \u00fanica capital brasileira fundada por franceses.<\/strong> O v\u00eddeo \u00e9 do canal <strong>Coisas do Mundo<\/strong>, que conta com mais de <strong>370 mil inscritos<\/strong>, e detalha o centro hist\u00f3rico reconhecido pela UNESCO, a riqueza da cultura ludovicense e o t\u00edtulo de capital nordestina com a menor taxa de crimes violentos:<\/p>\n\n\n\n<figure class=\"wp-block-embed aligncenter is-type-video is-provider-youtube wp-block-embed-youtube wp-embed-aspect-16-9 wp-has-aspect-ratio\"><div class=\"wp-block-embed__wrapper\">\n<div class=\"jeg_video_container jeg_video_content\"><iframe loading=\"lazy\" title=\"S\u00c3O LU\u00cdS (Maranh\u00e3o) - A p\u00e9rola do Nordeste!\" width=\"500\" height=\"281\" src=\"https:\/\/www.youtube.com\/embed\/ucfYoGHDV54?feature=oembed\" frameborder=\"0\" allow=\"accelerometer; autoplay; clipboard-write; encrypted-media; gyroscope; picture-in-picture; web-share\" referrerpolicy=\"strict-origin-when-cross-origin\" allowfullscreen><\/iframe><\/div>\n<\/div><\/figure>\n\n\n\n<h2 class=\"wp-block-heading\">Bumba Meu Boi: patrim\u00f4nio que dan\u00e7a nas ruas<\/h2>\n\n\n\n<p>O <strong>Bumba Meu Boi do Maranh\u00e3o<\/strong> foi reconhecido pela <a href=\"https:\/\/www.gov.br\/turismo\/pt-br\/assuntos\/noticias\/parque-nacional-dos-lencois-maranhenses-e-reconhecido-como-patrimonio-natural-da-humanidade\" target=\"_blank\" rel=\"noreferrer noopener\"><strong>UNESCO<\/strong><\/a> como Patrim\u00f4nio Cultural Imaterial da Humanidade em 2019. A festa acontece entre junho e julho, dividida em cinco sotaques: matraca, zabumba, orquestra, baixada e costa de m\u00e3o. Cada grupo tem coreografia, instrumentos e bordados pr\u00f3prios.<\/p>\n\n\n\n<p>O <strong>Tambor de Crioula<\/strong>, dan\u00e7a de matriz africana em que as mulheres se revezam na roda com a &#8220;punga&#8221; (toque de barriga), \u00e9 Patrim\u00f4nio Imaterial nacional desde 2007. S\u00e3o Lu\u00eds \u00e9 rara no Brasil porque carrega os dois reconhecimentos da UNESCO ao mesmo tempo: centro hist\u00f3rico como Patrim\u00f4nio Mundial e Bumba Meu Boi como Patrim\u00f4nio Imaterial.<\/p>\n\n\n\n<h2 class=\"wp-block-heading\">Arroz de cux\u00e1 e guaran\u00e1 cor-de-rosa<\/h2>\n\n\n\n<p>A gastronomia ludovicense mistura heran\u00e7as ind\u00edgenas, africanas e portuguesas com ingredientes que s\u00f3 existem na regi\u00e3o.<\/p>\n\n\n\n<ul class=\"wp-block-list\">\n<li><strong>Arroz de cux\u00e1<\/strong>: prato-s\u00edmbolo feito com vinagreira (folha do hibiscus, trazida por africanos), camar\u00e3o seco e gergelim torrado.<\/li>\n\n\n\n<li><strong>Torta de camar\u00e3o<\/strong>: receita junina com ovos, batata e recheio farto de camar\u00e3o ou caranguejo.<\/li>\n\n\n\n<li><strong>Ju\u00e7ara<\/strong>: o a\u00e7a\u00ed maranhense, mais aveludado, servido gelado com farinha de tapioca e peixe frito.<\/li>\n\n\n\n<li><strong>Guaran\u00e1 Jesus<\/strong>: refrigerante cor-de-rosa exclusivo do Maranh\u00e3o, com aroma de cravo e canela, criado h\u00e1 mais de um s\u00e9culo.<\/li>\n<\/ul>\n\n\n\n<p><strong>Leia tamb\u00e9m: <a href=\"https:\/\/www.correiobraziliense.com.br\/cbradar\/a-quantidade-de-passos-por-dia-recomendada-para-aumentar-o-condicionamento-fisico-segundo-estudos\/\" target=\"_blank\" rel=\"noreferrer noopener\">A quantidade de passos por dia recomendada para aumentar o condicionamento f\u00edsico, segundo estudos.<\/a><\/strong><\/p>\n\n\n<div class=\"wp-block-image\">\n<figure class=\"aligncenter size-full\"><img decoding=\"async\" width=\"1280\" height=\"720\" src=\"https:\/\/www.correiobraziliense.com.br\/cbradar\/wp-content\/uploads\/2026\/03\/Sao-Luis-maranhao_1773488498254.jpg\" alt=\"\u00danica capital fundada por franceses no Brasil, a &quot;Jamaica Brasileira&quot; preserva o maior acervo de azulejos da Am\u00e9rica Latina\" class=\"wp-image-208478\" srcset=\"https:\/\/www.correiobraziliense.com.br\/cbradar\/wp-content\/uploads\/2026\/03\/Sao-Luis-maranhao_1773488498254.jpg 1280w, https:\/\/www.correiobraziliense.com.br\/cbradar\/wp-content\/uploads\/2026\/03\/Sao-Luis-maranhao_1773488498254-300x169.jpg 300w, https:\/\/www.correiobraziliense.com.br\/cbradar\/wp-content\/uploads\/2026\/03\/Sao-Luis-maranhao_1773488498254-768x432.jpg 768w, https:\/\/www.correiobraziliense.com.br\/cbradar\/wp-content\/uploads\/2026\/03\/Sao-Luis-maranhao_1773488498254-750x422.jpg 750w, https:\/\/www.correiobraziliense.com.br\/cbradar\/wp-content\/uploads\/2026\/03\/Sao-Luis-maranhao_1773488498254-1140x641.jpg 1140w\" sizes=\"(max-width: 1280px) 100vw, 1280px\" \/><figcaption class=\"wp-element-caption\">S\u00e3o Lu\u00eds \u00e9 a cidade onde o azulejo portugu\u00eas divide a parede com o rosto pintado de Bob Marley. \/ Cr\u00e9ditos: depositphotos.com \/ Elena Skalovskaia<\/figcaption><\/figure><\/div>\n\n\n<h2 class=\"wp-block-heading\">Quando o Bumba Meu Boi toma as ladeiras?<\/h2>\n\n\n\n<p><strong>O clima \u00e9 tropical \u00famido, com calor o ano inteiro. A esta\u00e7\u00e3o chuvosa vai de janeiro a junho. <\/strong>O per\u00edodo ideal para visitar \u00e9 entre julho e dezembro, quando o sol firma e as festas juninas colorem as ruas.<\/p>\n\n\n\n<div class=\"google-auto-ads-ignore\" style=\"font-family: 'Segoe UI', Roboto, -apple-system, sans-serif; max-width: 850px; margin: 20px auto; box-sizing: border-box; background-color: #ffffff; -webkit-font-smoothing: antialiased; text-rendering: optimizeLegibility;\">\n    \n    <div style=\"background: #fffcfc; border-radius: 20px; overflow: hidden; border: 1px solid #bae6fd; display: flex; flex-direction: column; box-shadow: 0 4px 15px rgba(2, 132, 199, 0.05);\">\n        \n        <div style=\"background: linear-gradient(135deg, #38bdf8 0%, #0284c7 100%); padding: 20px 30px; text-align: left;\">\n            <div style=\"font-size: 24px; font-weight: 800; color: #ffffff; letter-spacing: -0.5px; line-height: 1.2;\">\n                Sazonalidade e condi\u00e7\u00f5es para atividades\n            <\/div>\n            <div style=\"font-size: 14px; color: #e0f2fe; margin-top: 4px; font-weight: 500; opacity: 0.9;\">\n                An\u00e1lise clim\u00e1tica detalhada para planejamento de viagem e roteiros culturais e praianos\n            <\/div>\n        <\/div>\n\n        <div style=\"padding: 15px;\">\n            <div style=\"display: grid; width: 100%; grid-template-columns: 0.8fr 0.7fr 1fr 0.7fr 1.8fr; gap: 1px; background-color: #7dd3fc; border-radius: 12px; border: 1px solid #7dd3fc; overflow: hidden;\">\n                \n                <div style=\"background: #f0f9ff; padding: 10px; font-weight: 800; font-size: 11px; text-transform: uppercase; color: #0c4a6e; text-align: center;\">Esta\u00e7\u00e3o<\/div>\n                <div style=\"background: #f0f9ff; padding: 10px; font-weight: 800; font-size: 11px; text-transform: uppercase; color: #0c4a6e; text-align: center;\">Meses<\/div>\n                <div style=\"background: #f0f9ff; padding: 10px; font-weight: 800; font-size: 11px; text-transform: uppercase; color: #0c4a6e; text-align: center;\">Temperatura<\/div>\n                <div style=\"background: #f0f9ff; padding: 10px; font-weight: 800; font-size: 11px; text-transform: uppercase; color: #0c4a6e; text-align: center;\">Chuva<\/div>\n                <div style=\"background: #f0f9ff; padding: 10px; font-weight: 800; font-size: 11px; text-transform: uppercase; color: #0c4a6e; text-align: center;\">O que fazer<\/div>\n\n                <div style=\"background: #ffffff; padding: 12px; font-weight: 800; color: #0284c7; font-size: 14px; display: flex; align-items: center; justify-content: center;\">Chuvoso<\/div>\n                <div style=\"background: #ffffff; padding: 12px; font-size: 13px; color: #1e293b; font-weight: 600; display: flex; align-items: center; justify-content: center;\">Jan-Jun<\/div>\n                <div style=\"background: #ffffff; padding: 12px; display: flex; align-items: center; justify-content: center; gap: 6px;\">\n                    <span style=\"font-size: 13px; font-weight: 700; color: #1e293b;\">24-31\u00b0C<\/span>\n                    <span style=\"font-size: 14px;\">\ud83c\udf27\ufe0f<\/span>\n                <\/div>\n                <div style=\"background: #ffffff; padding: 12px; font-size: 13px; color: #4b5563; font-weight: 600; display: flex; align-items: center; justify-content: center;\">Alta<\/div>\n                <div style=\"background: #ffffff; padding: 12px; font-size: 13px; line-height: 1.4; color: #1e293b; display: flex; align-items: center;\">Museus e Centro Hist\u00f3rico pela manh\u00e3.<\/div>\n\n                <div style=\"background: #f8fafc; padding: 12px; font-weight: 800; color: #0284c7; font-size: 14px; display: flex; align-items: center; justify-content: center;\">Juninas<\/div>\n                <div style=\"background: #f8fafc; padding: 12px; font-size: 13px; color: #1e293b; font-weight: 600; display: flex; align-items: center; justify-content: center;\">Jun-Jul<\/div>\n                <div style=\"background: #f8fafc; padding: 12px; display: flex; align-items: center; justify-content: center; gap: 6px;\">\n                    <span style=\"font-size: 13px; font-weight: 700; color: #1e293b;\">24-32\u00b0C<\/span>\n                    <span style=\"font-size: 14px;\">\ud83c\udfee<\/span>\n                <\/div>\n                <div style=\"background: #f8fafc; padding: 12px; font-size: 13px; color: #4b5563; font-weight: 600; display: flex; align-items: center; justify-content: center;\">M\u00e9dia<\/div>\n                <div style=\"background: #f8fafc; padding: 12px; font-size: 13px; line-height: 1.4; color: #1e293b; display: flex; align-items: center;\">Bumba Meu Boi e grandes arraiais locais.<\/div>\n\n                <div style=\"background: #ffffff; padding: 12px; font-weight: 800; color: #0284c7; font-size: 14px; display: flex; align-items: center; justify-content: center;\">Seco<\/div>\n                <div style=\"background: #ffffff; padding: 12px; font-size: 13px; color: #1e293b; font-weight: 600; display: flex; align-items: center; justify-content: center;\">Jul-Dez<\/div>\n                <div style=\"background: #ffffff; padding: 12px; display: flex; align-items: center; justify-content: center; gap: 6px;\">\n                    <span style=\"font-size: 13px; font-weight: 700; color: #1e293b;\">25-33\u00b0C<\/span>\n                    <span style=\"font-size: 14px;\">\ud83c\udfc4<\/span>\n                <\/div>\n                <div style=\"background: #ffffff; padding: 12px; font-size: 13px; color: #4b5563; font-weight: 600; display: flex; align-items: center; justify-content: center;\">Baixa<\/div>\n                <div style=\"background: #ffffff; padding: 12px; font-size: 13px; line-height: 1.4; color: #1e293b; display: flex; align-items: center;\">Praias, kitesurf e reggae ao anoitecer.<\/div>\n            <\/div>\n        <\/div>\n\n        <div style=\"padding: 10px 30px; background: #f0f9ff; border-top: 1px solid #bae6fd; font-size: 12px; color: #0c4a6e; font-style: italic; display: flex; align-items: center; gap: 8px; font-weight: 600;\">\n            <div style=\"width: 6px; height: 6px; background: #0284c7; border-radius: 50%;\"><\/div>\n            Informa\u00e7\u00e3o: O per\u00edodo entre junho e julho \u00e9 a \u00e9poca de ouro para vivenciar a maior manifesta\u00e7\u00e3o cultural da regi\u00e3o.\n        <\/div>\n        \n    <\/div>\n<\/div>\n\n\n\n<p><em>Temperaturas aproximadas com base no <a href=\"https:\/\/www.climatempo.com.br\/previsao-do-tempo\/cidade\/2041\/saoluis-ma\" target=\"_blank\" rel=\"noreferrer noopener\"><strong>Climatempo<\/strong><\/a>. Condi\u00e7\u00f5es podem variar.<\/em><\/p>\n\n\n\n<h2 class=\"wp-block-heading\">Como chegar \u00e0 Ilha do Amor?<\/h2>\n\n\n\n<p>O <strong>Aeroporto Internacional Marechal Cunha Machado<\/strong> fica a 12 km do centro hist\u00f3rico e recebe voos diretos de S\u00e3o Paulo, Bras\u00edlia, Fortaleza e Bel\u00e9m. Por terra, a <strong>BR-135<\/strong> \u00e9 o principal acesso rodovi\u00e1rio. De <strong>Teresina<\/strong>, s\u00e3o 446 km pela <strong>BR-316<\/strong>. S\u00e3o Lu\u00eds tamb\u00e9m \u00e9 a porta de entrada para os <strong>Len\u00e7\u00f3is Maranhenses<\/strong>, a 260 km pela MA-402.<\/p>\n\n\n\n<h2 class=\"wp-block-heading\">Suba as ladeiras ao som de uma radiola<\/h2>\n\n\n\n<p><strong>S\u00e3o Lu\u00eds \u00e9 a cidade onde o azulejo portugu\u00eas divide a parede com o rosto pintado de Bob Marley. <\/strong>O centro hist\u00f3rico guarda quatro s\u00e9culos de arquitetura intacta, o Bumba Meu Boi transforma junho em espet\u00e1culo e o arroz de cux\u00e1 resume numa colherada a mistura de povos que construiu a ilha.<\/p>\n\n\n\n<p>Voc\u00ea precisa subir as ladeiras da Praia Grande ao entardecer e provar o cux\u00e1 em um casar\u00e3o de 200 anos para entender por que S\u00e3o Lu\u00eds se chama Ilha do Amor.<\/p>\n","protected":false},"excerpt":{"rendered":"<p>O reflexo do sol nos azulejos portugueses ilumina as ladeiras de pedra enquanto o grave de uma radiola de reggae sobe por entre os casar\u00f5es coloniais. S\u00e3o Lu\u00eds, capital do Maranh\u00e3o, \u00e9 a \u00fanica do Brasil fundada por franceses, preserva o maior acervo de azulejos portugueses da Am\u00e9rica Latina e ainda ostenta o t\u00edtulo de [&hellip;]<\/p>\n","protected":false},"author":8,"featured_media":182492,"comment_status":"open","ping_status":"open","sticky":false,"template":"","format":"standard","meta":{"_yoast_wpseo_focuskw":"jamaica brasileira","_yoast_wpseo_title":"","_yoast_wpseo_metadesc":"A \u00fanica capital fundada por franceses no Brasil \u00e9 a \u201cJamaica Brasileira\u201d que preserva o maior acervo de azulejos da Am\u00e9rica Latina.","jnews-multi-image_gallery":[],"jnews_single_post":{"format":"standard"},"jnews_primary_category":[],"jnews_social_meta":[],"jnews_override_counter":[],"footnotes":""},"categories":[108,111],"tags":[8505,8504],"class_list":["post-208433","post","type-post","status-publish","format-standard","has-post-thumbnail","hentry","category-cidades","category-turismo","tag-maranhao","tag-sao-luis"],"yoast_head":"<!-- This site is optimized with the Yoast SEO plugin v24.6 - https:\/\/yoast.com\/wordpress\/plugins\/seo\/ -->\n<title>\u00danica capital fundada por franceses no Brasil, a &quot;Jamaica Brasileira&quot; preserva o maior acervo de azulejos da Am\u00e9rica Latina - Correio Braziliense - Radar<\/title>\n<meta name=\"description\" content=\"A \u00fanica capital fundada por franceses no Brasil \u00e9 a \u201cJamaica Brasileira\u201d que preserva o maior acervo de azulejos da Am\u00e9rica Latina.\" \/>\n<meta name=\"robots\" content=\"index, follow, max-snippet:-1, max-image-preview:large, max-video-preview:-1\" \/>\n<link rel=\"canonical\" href=\"https:\/\/www.correiobraziliense.com.br\/cbradar\/unica-capital-fundada-por-franceses-no-brasil-a-jamaica-brasileira-preserva-o-maior-acervo-de-azulejos-da-america-latina\/\" \/>\n<meta property=\"og:locale\" content=\"pt_BR\" \/>\n<meta property=\"og:type\" content=\"article\" \/>\n<meta property=\"og:title\" content=\"\u00danica capital fundada por franceses no Brasil, a &quot;Jamaica Brasileira&quot; preserva o maior acervo de azulejos da Am\u00e9rica Latina - Correio Braziliense - Radar\" \/>\n<meta property=\"og:description\" content=\"A \u00fanica capital fundada por franceses no Brasil \u00e9 a \u201cJamaica Brasileira\u201d que preserva o maior acervo de azulejos da Am\u00e9rica Latina.\" \/>\n<meta property=\"og:url\" content=\"https:\/\/www.correiobraziliense.com.br\/cbradar\/unica-capital-fundada-por-franceses-no-brasil-a-jamaica-brasileira-preserva-o-maior-acervo-de-azulejos-da-america-latina\/\" \/>\n<meta property=\"og:site_name\" content=\"Correio Braziliense - Radar\" \/>\n<meta property=\"article:published_time\" content=\"2026-03-14T18:25:00+00:00\" \/>\n<meta property=\"og:image\" content=\"https:\/\/www.correiobraziliense.com.br\/cbradar\/wp-content\/uploads\/2026\/01\/aaa-2026-01-27T051159.908.png\" \/>\n\t<meta property=\"og:image:width\" content=\"1280\" \/>\n\t<meta property=\"og:image:height\" content=\"720\" \/>\n\t<meta property=\"og:image:type\" content=\"image\/png\" \/>\n<meta name=\"author\" content=\"Maura Pereira\" \/>\n<meta name=\"twitter:card\" content=\"summary_large_image\" \/>\n<meta name=\"twitter:label1\" content=\"Escrito por\" \/>\n\t<meta name=\"twitter:data1\" content=\"Maura Pereira\" \/>\n\t<meta name=\"twitter:label2\" content=\"Est. tempo de leitura\" \/>\n\t<meta name=\"twitter:data2\" content=\"6 minutos\" \/>\n<!-- \/ Yoast SEO plugin. -->","yoast_head_json":{"title":"\u00danica capital fundada por franceses no Brasil, a \"Jamaica Brasileira\" preserva o maior acervo de azulejos da Am\u00e9rica Latina - Correio Braziliense - Radar","description":"A \u00fanica capital fundada por franceses no Brasil \u00e9 a \u201cJamaica Brasileira\u201d que preserva o maior acervo de azulejos da Am\u00e9rica Latina.","robots":{"index":"index","follow":"follow","max-snippet":"max-snippet:-1","max-image-preview":"max-image-preview:large","max-video-preview":"max-video-preview:-1"},"canonical":"https:\/\/www.correiobraziliense.com.br\/cbradar\/unica-capital-fundada-por-franceses-no-brasil-a-jamaica-brasileira-preserva-o-maior-acervo-de-azulejos-da-america-latina\/","og_locale":"pt_BR","og_type":"article","og_title":"\u00danica capital fundada por franceses no Brasil, a \"Jamaica Brasileira\" preserva o maior acervo de azulejos da Am\u00e9rica Latina - Correio Braziliense - Radar","og_description":"A \u00fanica capital fundada por franceses no Brasil \u00e9 a \u201cJamaica Brasileira\u201d que preserva o maior acervo de azulejos da Am\u00e9rica Latina.","og_url":"https:\/\/www.correiobraziliense.com.br\/cbradar\/unica-capital-fundada-por-franceses-no-brasil-a-jamaica-brasileira-preserva-o-maior-acervo-de-azulejos-da-america-latina\/","og_site_name":"Correio Braziliense - Radar","article_published_time":"2026-03-14T18:25:00+00:00","og_image":[{"width":1280,"height":720,"url":"https:\/\/www.correiobraziliense.com.br\/cbradar\/wp-content\/uploads\/2026\/01\/aaa-2026-01-27T051159.908.png","type":"image\/png"}],"author":"Maura Pereira","twitter_card":"summary_large_image","twitter_misc":{"Escrito por":"Maura Pereira","Est. tempo de leitura":"6 minutos"},"schema":{"@context":"https:\/\/schema.org","@graph":[{"@type":"WebPage","@id":"https:\/\/www.correiobraziliense.com.br\/cbradar\/unica-capital-fundada-por-franceses-no-brasil-a-jamaica-brasileira-preserva-o-maior-acervo-de-azulejos-da-america-latina\/","url":"https:\/\/www.correiobraziliense.com.br\/cbradar\/unica-capital-fundada-por-franceses-no-brasil-a-jamaica-brasileira-preserva-o-maior-acervo-de-azulejos-da-america-latina\/","name":"\u00danica capital fundada por franceses no Brasil, a \"Jamaica Brasileira\" preserva o maior acervo de azulejos da Am\u00e9rica Latina - Correio Braziliense - Radar","isPartOf":{"@id":"https:\/\/www.correiobraziliense.com.br\/cbradar\/#website"},"primaryImageOfPage":{"@id":"https:\/\/www.correiobraziliense.com.br\/cbradar\/unica-capital-fundada-por-franceses-no-brasil-a-jamaica-brasileira-preserva-o-maior-acervo-de-azulejos-da-america-latina\/#primaryimage"},"image":{"@id":"https:\/\/www.correiobraziliense.com.br\/cbradar\/unica-capital-fundada-por-franceses-no-brasil-a-jamaica-brasileira-preserva-o-maior-acervo-de-azulejos-da-america-latina\/#primaryimage"},"thumbnailUrl":"https:\/\/www.correiobraziliense.com.br\/cbradar\/wp-content\/uploads\/2026\/01\/aaa-2026-01-27T051159.908.png","datePublished":"2026-03-14T18:25:00+00:00","author":{"@id":"https:\/\/www.correiobraziliense.com.br\/cbradar\/#\/schema\/person\/4053c651a9bfc785afc6f4cbc9032fd3"},"description":"A \u00fanica capital fundada por franceses no Brasil \u00e9 a \u201cJamaica Brasileira\u201d que preserva o maior acervo de azulejos da Am\u00e9rica Latina.","breadcrumb":{"@id":"https:\/\/www.correiobraziliense.com.br\/cbradar\/unica-capital-fundada-por-franceses-no-brasil-a-jamaica-brasileira-preserva-o-maior-acervo-de-azulejos-da-america-latina\/#breadcrumb"},"inLanguage":"pt-BR","potentialAction":[{"@type":"ReadAction","target":["https:\/\/www.correiobraziliense.com.br\/cbradar\/unica-capital-fundada-por-franceses-no-brasil-a-jamaica-brasileira-preserva-o-maior-acervo-de-azulejos-da-america-latina\/"]}]},{"@type":"ImageObject","inLanguage":"pt-BR","@id":"https:\/\/www.correiobraziliense.com.br\/cbradar\/unica-capital-fundada-por-franceses-no-brasil-a-jamaica-brasileira-preserva-o-maior-acervo-de-azulejos-da-america-latina\/#primaryimage","url":"https:\/\/www.correiobraziliense.com.br\/cbradar\/wp-content\/uploads\/2026\/01\/aaa-2026-01-27T051159.908.png","contentUrl":"https:\/\/www.correiobraziliense.com.br\/cbradar\/wp-content\/uploads\/2026\/01\/aaa-2026-01-27T051159.908.png","width":1280,"height":720,"caption":"Viver em S\u00e3o Lu\u00eds \u00e9 estar imerso em uma atmosfera musical vibrante, onde o reggae n\u00e3o \u00e9 apenas um ritmo, mas um estilo de vida que domina as \"radiolas\" e clubes de dan\u00e7a. \/ Imagem ilustrativa"},{"@type":"BreadcrumbList","@id":"https:\/\/www.correiobraziliense.com.br\/cbradar\/unica-capital-fundada-por-franceses-no-brasil-a-jamaica-brasileira-preserva-o-maior-acervo-de-azulejos-da-america-latina\/#breadcrumb","itemListElement":[{"@type":"ListItem","position":1,"name":"In\u00edcio","item":"https:\/\/www.correiobraziliense.com.br\/cbradar\/"},{"@type":"ListItem","position":2,"name":"\u00danica capital fundada por franceses no Brasil, a &#8220;Jamaica Brasileira&#8221; preserva o maior acervo de azulejos da Am\u00e9rica Latina"}]},{"@type":"WebSite","@id":"https:\/\/www.correiobraziliense.com.br\/cbradar\/#website","url":"https:\/\/www.correiobraziliense.com.br\/cbradar\/","name":"Correio Braziliense - Radar","description":"Acompanhe as \u00faltimas not\u00edcias e fique bem informado sobre tudo o que acontece no Brasil e no mundo.","potentialAction":[{"@type":"SearchAction","target":{"@type":"EntryPoint","urlTemplate":"https:\/\/www.correiobraziliense.com.br\/cbradar\/?s={search_term_string}"},"query-input":{"@type":"PropertyValueSpecification","valueRequired":true,"valueName":"search_term_string"}}],"inLanguage":"pt-BR"},{"@type":"Person","@id":"https:\/\/www.correiobraziliense.com.br\/cbradar\/#\/schema\/person\/4053c651a9bfc785afc6f4cbc9032fd3","name":"Maura Pereira","image":{"@type":"ImageObject","inLanguage":"pt-BR","@id":"https:\/\/www.correiobraziliense.com.br\/cbradar\/#\/schema\/person\/image\/","url":"https:\/\/secure.gravatar.com\/avatar\/3effd6bdadfa447f15089c7f7144eaa6?s=96&d=mm&r=g","contentUrl":"https:\/\/secure.gravatar.com\/avatar\/3effd6bdadfa447f15089c7f7144eaa6?s=96&d=mm&r=g","caption":"Maura Pereira"},"sameAs":["https:\/\/www.correiobraziliense.com.br\/"],"url":"https:\/\/www.correiobraziliense.com.br\/cbradar\/author\/mauramyth\/"}]}},"_links":{"self":[{"href":"https:\/\/www.correiobraziliense.com.br\/cbradar\/wp-json\/wp\/v2\/posts\/208433","targetHints":{"allow":["GET"]}}],"collection":[{"href":"https:\/\/www.correiobraziliense.com.br\/cbradar\/wp-json\/wp\/v2\/posts"}],"about":[{"href":"https:\/\/www.correiobraziliense.com.br\/cbradar\/wp-json\/wp\/v2\/types\/post"}],"author":[{"embeddable":true,"href":"https:\/\/www.correiobraziliense.com.br\/cbradar\/wp-json\/wp\/v2\/users\/8"}],"replies":[{"embeddable":true,"href":"https:\/\/www.correiobraziliense.com.br\/cbradar\/wp-json\/wp\/v2\/comments?post=208433"}],"version-history":[{"count":11,"href":"https:\/\/www.correiobraziliense.com.br\/cbradar\/wp-json\/wp\/v2\/posts\/208433\/revisions"}],"predecessor-version":[{"id":208489,"href":"https:\/\/www.correiobraziliense.com.br\/cbradar\/wp-json\/wp\/v2\/posts\/208433\/revisions\/208489"}],"wp:featuredmedia":[{"embeddable":true,"href":"https:\/\/www.correiobraziliense.com.br\/cbradar\/wp-json\/wp\/v2\/media\/182492"}],"wp:attachment":[{"href":"https:\/\/www.correiobraziliense.com.br\/cbradar\/wp-json\/wp\/v2\/media?parent=208433"}],"wp:term":[{"taxonomy":"category","embeddable":true,"href":"https:\/\/www.correiobraziliense.com.br\/cbradar\/wp-json\/wp\/v2\/categories?post=208433"},{"taxonomy":"post_tag","embeddable":true,"href":"https:\/\/www.correiobraziliense.com.br\/cbradar\/wp-json\/wp\/v2\/tags?post=208433"}],"curies":[{"name":"wp","href":"https:\/\/api.w.org\/{rel}","templated":true}]}}