{"id":208434,"date":"2026-03-14T19:15:00","date_gmt":"2026-03-14T22:15:00","guid":{"rendered":"https:\/\/www.correiobraziliense.com.br\/cbradar\/?p=208434"},"modified":"2026-03-14T15:10:01","modified_gmt":"2026-03-14T18:10:01","slug":"fundada-em-1963-acima-de-uma-mina-de-quartzos-a-1-440-m-de-altitude-essa-cidade-mistica-atrai-visitantes-em-busca-de-energia","status":"publish","type":"post","link":"https:\/\/www.correiobraziliense.com.br\/cbradar\/fundada-em-1963-acima-de-uma-mina-de-quartzos-a-1-440-m-de-altitude-essa-cidade-mistica-atrai-visitantes-em-busca-de-energia\/","title":{"rendered":"Fundada em 1963 acima de uma mina de quartzos a 1.440 m de altitude, essa cidade m\u00edstica atrai visitantes em busca de energia"},"content":{"rendered":"\n<p>As ruas s\u00e3o de pedra, as casas s\u00e3o de pedra e a montanha inteira \u00e9 de pedra. <strong>S\u00e3o Thom\u00e9 das Letras<\/strong>, no sul de <strong>Minas Gerais<\/strong>, foi erguida sobre um imenso dep\u00f3sito de quartzito a 1.440 m de altitude. A cidade m\u00edstica de 7 mil habitantes atrai m\u00edsticos, aventureiros e curiosos com grutas, cachoeiras e lendas que ningu\u00e9m conseguiu explicar por completo.<\/p>\n\n\n\n<h2 class=\"wp-block-heading\">A carta que libertou um escravo e fundou uma cidade<\/h2>\n\n\n\n<p>No final do s\u00e9culo XVIII, <strong>Jo\u00e3o Ant\u00e3o<\/strong>, escravo fugido da fazenda do capit\u00e3o <strong>Jo\u00e3o Francisco Junqueira<\/strong>, se refugiou em uma gruta no topo da serra. Segundo a tradi\u00e7\u00e3o oral, ali apareceu um senhor de vestes brancas que lhe entregou uma carta destinada ao seu dono. Junqueira ficou assustado: o escravo era analfabeto e n\u00e3o poderia ter escrito aquelas linhas. Ao visitar a gruta, encontrou apenas uma imagem de S\u00e3o Tom\u00e9.<\/p>\n\n\n\n<p>Jo\u00e3o Ant\u00e3o recebeu a alforria. O capit\u00e3o mandou construir uma igreja ao lado da gruta, e o povoado cresceu em torno dela. O nome &#8220;Letras&#8221; vem dessa carta misteriosa. A cidade foi emancipada em <strong>1963<\/strong> e integra a <a href=\"https:\/\/www.minasgerais.com.br\/pt\/destinos\/sao-thome-das-letras\" target=\"_blank\" rel=\"noreferrer noopener\"><strong>Estrada Real<\/strong><\/a>, o maior projeto tur\u00edstico de Minas Gerais.<\/p>\n\n\n<div class=\"wp-block-image\">\n<figure class=\"aligncenter size-large\"><img decoding=\"async\" width=\"1024\" height=\"576\" src=\"https:\/\/www.correiobraziliense.com.br\/cbradar\/wp-content\/uploads\/2025\/12\/Design-sem-nome-99-1-1024x576.png\" alt=\"A Macchu Picchu brasileira m\u00edstica fundada em 1963 acima de uma mina de quartzos valiosos atra\u00ed viajantes por ser um portal en\u00e9rgico natural\" class=\"wp-image-158859\" srcset=\"https:\/\/www.correiobraziliense.com.br\/cbradar\/wp-content\/uploads\/2025\/12\/Design-sem-nome-99-1-1024x576.png 1024w, https:\/\/www.correiobraziliense.com.br\/cbradar\/wp-content\/uploads\/2025\/12\/Design-sem-nome-99-1-300x169.png 300w, https:\/\/www.correiobraziliense.com.br\/cbradar\/wp-content\/uploads\/2025\/12\/Design-sem-nome-99-1-768x432.png 768w, https:\/\/www.correiobraziliense.com.br\/cbradar\/wp-content\/uploads\/2025\/12\/Design-sem-nome-99-1-750x422.png 750w, https:\/\/www.correiobraziliense.com.br\/cbradar\/wp-content\/uploads\/2025\/12\/Design-sem-nome-99-1-1140x641.png 1140w, https:\/\/www.correiobraziliense.com.br\/cbradar\/wp-content\/uploads\/2025\/12\/Design-sem-nome-99-1.png 1280w\" sizes=\"(max-width: 1024px) 100vw, 1024px\" \/><figcaption class=\"wp-element-caption\">S\u00e3o Thom\u00e9 das Letras-MG revela Cachoeira V\u00e9u de Noiva, Gruta do Carimbado e trilhas m\u00edsticas na Serra da Mantiqueira preservada. \/\/ Cr\u00e9ditos: Wikip\u00e9dia<\/figcaption><\/figure><\/div>\n\n\n<h2 class=\"wp-block-heading\">Por que dizem que S\u00e3o Thom\u00e9 \u00e9 um dos pontos mais energ\u00e9ticos do planeta?<\/h2>\n\n\n\n<p>Esot\u00e9ricos consideram S\u00e3o Thom\u00e9 das Letras um dos sete pontos energ\u00e9ticos da Terra. A explica\u00e7\u00e3o mais citada \u00e9 a composi\u00e7\u00e3o mineral do solo: o quartzito, pedra que pavimenta as ruas e constr\u00f3i as casas, funcionaria como condutor de energia. Moradores relatam apari\u00e7\u00f5es de luzes no c\u00e9u h\u00e1 d\u00e9cadas, e grupos de uf\u00f3logos organizam vig\u00edlias noturnas nos mirantes da serra.<\/p>\n\n\n\n<p>Em 2024, a <strong>pedra S\u00e3o Tom\u00e9<\/strong> recebeu o registro de <strong>Indica\u00e7\u00e3o Geogr\u00e1fica<\/strong> pelo <strong>INPI<\/strong>, reconhecendo a origem e a qualidade do quartzito exportado para a Europa e outros continentes. A minera\u00e7\u00e3o, que come\u00e7ou nos anos 1940, ainda \u00e9 a principal fonte de renda do munic\u00edpio. A mesma pedra que reveste pisos e fachadas em outros pa\u00edses forma o ch\u00e3o onde os visitantes meditam.<\/p>\n\n\n\n<p><strong>Veja por que S\u00e3o Thom\u00e9 das Letras \u00e9 conhecida como a cidade mais m\u00edstica do Brasil. <\/strong>O v\u00eddeo \u00e9 do canal <strong>Casal Alencar<\/strong>, que conta com mais de <strong>317 mil inscritos<\/strong>, e apresenta um roteiro completo de 3 dias passando por cachoeiras de \u00e1guas cristalinas, a misteriosa Ladeira do Amendoim e o cl\u00e1ssico p\u00f4r do sol na Pir\u00e2mide:<\/p>\n\n\n\n<figure class=\"wp-block-embed aligncenter is-type-video is-provider-youtube wp-block-embed-youtube wp-embed-aspect-16-9 wp-has-aspect-ratio\"><div class=\"wp-block-embed__wrapper\">\n<div class=\"jeg_video_container jeg_video_content\"><iframe loading=\"lazy\" title=\"S\u00c3O THOM\u00c9 DAS LETRAS - ROTEIRO COMPLETO DE 3 DIAS na cidade mais M\u00cdSTICA DO BRASIL\" width=\"500\" height=\"281\" src=\"https:\/\/www.youtube.com\/embed\/SFldOJsLKQQ?feature=oembed\" frameborder=\"0\" allow=\"accelerometer; autoplay; clipboard-write; encrypted-media; gyroscope; picture-in-picture; web-share\" referrerpolicy=\"strict-origin-when-cross-origin\" allowfullscreen><\/iframe><\/div>\n<\/div><\/figure>\n\n\n\n<h2 class=\"wp-block-heading\">O que visitar na Cidade de Pedra?<\/h2>\n\n\n\n<p>A <a href=\"https:\/\/www.secult.mg.gov.br\/noticias-artigos\/8525-sao-tome-das-letras-se-reposiciona-como-destino-de-espiritualidade-e-conexao\" target=\"_blank\" rel=\"noreferrer noopener\"><strong>Secretaria de Cultura e Turismo de Minas Gerais<\/strong><\/a> reposicionou S\u00e3o Thom\u00e9 como destino de espiritualidade com o conceito &#8220;Onde voc\u00ea \u00e9 o mist\u00e9rio&#8221;. As atra\u00e7\u00f5es combinam natureza, lendas e contempla\u00e7\u00e3o.<\/p>\n\n\n\n<ul class=\"wp-block-list\">\n<li><strong>Gruta S\u00e3o Thom\u00e9<\/strong>: onde a lenda da carta come\u00e7ou. Visita gratuita e r\u00e1pida, com vista da cidade pelo topo da forma\u00e7\u00e3o rochosa.<\/li>\n\n\n\n<li><strong>Gruta do Carimbado<\/strong>: segundo a lenda, quem percorre seus t\u00faneis chega a <strong>Machu Picchu<\/strong>, no Peru. Ningu\u00e9m chegou ao fim para confirmar.<\/li>\n\n\n\n<li><strong>Casa da Pir\u00e2mide<\/strong>: constru\u00e7\u00e3o de pedra em forma de pir\u00e2mide voltada para as constela\u00e7\u00f5es. O p\u00f4r do sol daqui \u00e9 o mais disputado da cidade.<\/li>\n\n\n\n<li><strong>Pedra da Bruxa<\/strong>: forma\u00e7\u00e3o rochosa que lembra o perfil de uma bruxa, com mirante e vista panor\u00e2mica de toda a serra.<\/li>\n\n\n\n<li><strong>Ladeira do Amendoim<\/strong>: carros desligados parecem subir o aclive sozinhos. Ilus\u00e3o de \u00f3tica ou energia das pedras, cada visitante tira suas conclus\u00f5es.<\/li>\n<\/ul>\n\n\n<div class=\"wp-block-image\">\n<figure class=\"aligncenter size-large\"><img decoding=\"async\" width=\"1024\" height=\"576\" src=\"https:\/\/www.correiobraziliense.com.br\/cbradar\/wp-content\/uploads\/2025\/12\/Design-sem-nome-2025-12-19T054757.763-1024x576.png\" alt=\"Uma cidade brasileira m\u00edstica fundada em 1963 acima de uma mina de quartzos valiosos est\u00e1 atraindo visitantes por ser um portal en\u00e9rgico natural\" class=\"wp-image-158936\" srcset=\"https:\/\/www.correiobraziliense.com.br\/cbradar\/wp-content\/uploads\/2025\/12\/Design-sem-nome-2025-12-19T054757.763-1024x576.png 1024w, https:\/\/www.correiobraziliense.com.br\/cbradar\/wp-content\/uploads\/2025\/12\/Design-sem-nome-2025-12-19T054757.763-300x169.png 300w, https:\/\/www.correiobraziliense.com.br\/cbradar\/wp-content\/uploads\/2025\/12\/Design-sem-nome-2025-12-19T054757.763-768x432.png 768w, https:\/\/www.correiobraziliense.com.br\/cbradar\/wp-content\/uploads\/2025\/12\/Design-sem-nome-2025-12-19T054757.763-750x422.png 750w, https:\/\/www.correiobraziliense.com.br\/cbradar\/wp-content\/uploads\/2025\/12\/Design-sem-nome-2025-12-19T054757.763-1140x641.png 1140w, https:\/\/www.correiobraziliense.com.br\/cbradar\/wp-content\/uploads\/2025\/12\/Design-sem-nome-2025-12-19T054757.763.png 1280w\" sizes=\"(max-width: 1024px) 100vw, 1024px\" \/><figcaption class=\"wp-element-caption\">Curta trilhas leves e cristais vibrantes em S\u00e3o Thom\u00e9 das Letras-MG, ref\u00fagio gostoso de vibes espirituais e brisa serrana acolhedora. Cr\u00e9ditos: Wikip\u00e9dia<\/figcaption><\/figure><\/div>\n\n\n<h2 class=\"wp-block-heading\">Cachoeiras que renovam mais que o corpo<\/h2>\n\n\n\n<p>O entorno da cidade esconde dezenas de quedas d&#8217;\u00e1gua acess\u00edveis por estradas de terra. Algumas ficam a menos de 10 km do centro.<\/p>\n\n\n\n<ul class=\"wp-block-list\">\n<li><strong>Vale das Borboletas<\/strong>: cortina d&#8217;\u00e1gua de 10 m cercada por samambaias, com cen\u00e1rio que lembra conto de fadas.<\/li>\n\n\n\n<li><strong>Cachoeira da Lua<\/strong>: no alto da Serra do Gavi\u00e3o, sobre quartzito rosa. No entorno, pinturas rupestres com data\u00e7\u00e3o estimada em 6 mil anos.<\/li>\n\n\n\n<li><strong>Cachoeira V\u00e9u de Noiva<\/strong>: uma das mais visitadas, com queda alta e po\u00e7o generoso para banho.<\/li>\n\n\n\n<li><strong>Cachoeira Eubiose<\/strong>: ligada a uma sociedade teos\u00f3fica local, em meio \u00e0 mata preservada.<\/li>\n\n\n\n<li><strong>Cachoeira do Para\u00edso<\/strong>: acesso f\u00e1cil e estrutura para piquenique entre as pedras.<\/li>\n<\/ul>\n\n\n\n<p><strong>Leia tamb\u00e9m: <a href=\"https:\/\/www.correiobraziliense.com.br\/cbradar\/a-quantidade-de-passos-por-dia-recomendada-para-aumentar-o-condicionamento-fisico-segundo-estudos\/\" target=\"_blank\" rel=\"noreferrer noopener\">A quantidade de passos por dia recomendada para aumentar o condicionamento f\u00edsico, segundo estudos.<\/a><\/strong><\/p>\n\n\n\n<h2 class=\"wp-block-heading\">Quando subir a serra?<\/h2>\n\n\n\n<p><strong>A altitude garante noites frescas o ano inteiro.<\/strong> No inverno, as m\u00ednimas podem cair abaixo de 5\u00b0C. O per\u00edodo seco, entre abril e setembro, \u00e9 o melhor para trilhas, cachoeiras e observa\u00e7\u00e3o do c\u00e9u estrelado.<\/p>\n\n\n\n<div class=\"google-auto-ads-ignore\" style=\"font-family: 'Segoe UI', Roboto, -apple-system, sans-serif; max-width: 850px; margin: 20px auto; box-sizing: border-box; background-color: #ffffff; -webkit-font-smoothing: antialiased; text-rendering: optimizeLegibility;\">\n    \n    <div style=\"background: #fffcfc; border-radius: 20px; overflow: hidden; border: 1px solid #bae6fd; display: flex; flex-direction: column; box-shadow: 0 4px 15px rgba(2, 132, 199, 0.05);\">\n        \n        <div style=\"background: linear-gradient(135deg, #38bdf8 0%, #0284c7 100%); padding: 20px 30px; text-align: left;\">\n            <div style=\"font-size: 24px; font-weight: 800; color: #ffffff; letter-spacing: -0.5px; line-height: 1.2;\">\n                Sazonalidade e condi\u00e7\u00f5es para atividades\n            <\/div>\n            <div style=\"font-size: 14px; color: #e0f2fe; margin-top: 4px; font-weight: 500; opacity: 0.9;\">\n                An\u00e1lise clim\u00e1tica detalhada para planejamento de viagem e roteiros de festivais e natureza\n            <\/div>\n        <\/div>\n\n        <div style=\"padding: 15px;\">\n            <div style=\"display: grid; width: 100%; grid-template-columns: 0.8fr 0.7fr 1fr 0.7fr 1.8fr; gap: 1px; background-color: #7dd3fc; border-radius: 12px; border: 1px solid #7dd3fc; overflow: hidden;\">\n                \n                <div style=\"background: #f0f9ff; padding: 10px; font-weight: 800; font-size: 11px; text-transform: uppercase; color: #0c4a6e; text-align: center;\">Esta\u00e7\u00e3o<\/div>\n                <div style=\"background: #f0f9ff; padding: 10px; font-weight: 800; font-size: 11px; text-transform: uppercase; color: #0c4a6e; text-align: center;\">Meses<\/div>\n                <div style=\"background: #f0f9ff; padding: 10px; font-weight: 800; font-size: 11px; text-transform: uppercase; color: #0c4a6e; text-align: center;\">Temperatura<\/div>\n                <div style=\"background: #f0f9ff; padding: 10px; font-weight: 800; font-size: 11px; text-transform: uppercase; color: #0c4a6e; text-align: center;\">Chuva<\/div>\n                <div style=\"background: #f0f9ff; padding: 10px; font-weight: 800; font-size: 11px; text-transform: uppercase; color: #0c4a6e; text-align: center;\">O que fazer<\/div>\n\n                <div style=\"background: #ffffff; padding: 12px; font-weight: 800; color: #0284c7; font-size: 14px; display: flex; align-items: center; justify-content: center;\">Ver\u00e3o<\/div>\n                <div style=\"background: #ffffff; padding: 12px; font-size: 13px; color: #1e293b; font-weight: 600; display: flex; align-items: center; justify-content: center;\">Dez-Fev<\/div>\n                <div style=\"background: #ffffff; padding: 12px; display: flex; align-items: center; justify-content: center; gap: 6px;\">\n                    <span style=\"font-size: 13px; font-weight: 700; color: #1e293b;\">14-28\u00b0C<\/span>\n                    <span style=\"font-size: 14px;\">\u2600\ufe0f<\/span>\n                <\/div>\n                <div style=\"background: #ffffff; padding: 12px; font-size: 13px; color: #4b5563; font-weight: 600; display: flex; align-items: center; justify-content: center;\">Alta<\/div>\n                <div style=\"background: #ffffff; padding: 12px; font-size: 13px; line-height: 1.4; color: #1e293b; display: flex; align-items: center;\">Cachoeiras cheias e manh\u00e3s abertas.<\/div>\n\n                <div style=\"background: #f8fafc; padding: 12px; font-weight: 800; color: #0284c7; font-size: 14px; display: flex; align-items: center; justify-content: center;\">Outono<\/div>\n                <div style=\"background: #f8fafc; padding: 12px; font-size: 13px; color: #1e293b; font-weight: 600; display: flex; align-items: center; justify-content: center;\">Mar-Mai<\/div>\n                <div style=\"background: #f8fafc; padding: 12px; display: flex; align-items: center; justify-content: center; gap: 6px;\">\n                    <span style=\"font-size: 13px; font-weight: 700; color: #1e293b;\">10-26\u00b0C<\/span>\n                    <span style=\"font-size: 14px;\">\ud83c\udf42<\/span>\n                <\/div>\n                <div style=\"background: #f8fafc; padding: 12px; font-size: 13px; color: #4b5563; font-weight: 600; display: flex; align-items: center; justify-content: center;\">M\u00e9dia<\/div>\n                <div style=\"background: #f8fafc; padding: 12px; font-size: 13px; line-height: 1.4; color: #1e293b; display: flex; align-items: center;\">Trilhas e in\u00edcio do tempo seco.<\/div>\n\n                <div style=\"background: #ffffff; padding: 12px; font-weight: 800; color: #0284c7; font-size: 14px; display: flex; align-items: center; justify-content: center;\">Inverno<\/div>\n                <div style=\"background: #ffffff; padding: 12px; font-size: 13px; color: #1e293b; font-weight: 600; display: flex; align-items: center; justify-content: center;\">Jun-Ago<\/div>\n                <div style=\"background: #ffffff; padding: 12px; display: flex; align-items: center; justify-content: center; gap: 6px;\">\n                    <span style=\"font-size: 13px; font-weight: 700; color: #1e293b;\">4-24\u00b0C<\/span>\n                    <span style=\"font-size: 14px;\">\u2744\ufe0f<\/span>\n                <\/div>\n                <div style=\"background: #ffffff; padding: 12px; font-size: 13px; color: #4b5563; font-weight: 600; display: flex; align-items: center; justify-content: center;\">Baixa<\/div>\n                <div style=\"background: #ffffff; padding: 12px; font-size: 13px; line-height: 1.4; color: #1e293b; display: flex; align-items: center;\">Mirantes, c\u00e9u limpo e Festa de Agosto.<\/div>\n\n                <div style=\"background: #f8fafc; padding: 12px; font-weight: 800; color: #0284c7; font-size: 14px; display: flex; align-items: center; justify-content: center;\">Primavera<\/div>\n                <div style=\"background: #f8fafc; padding: 12px; font-size: 13px; color: #1e293b; font-weight: 600; display: flex; align-items: center; justify-content: center;\">Set-Nov<\/div>\n                <div style=\"background: #f8fafc; padding: 12px; display: flex; align-items: center; justify-content: center; gap: 6px;\">\n                    <span style=\"font-size: 13px; font-weight: 700; color: #1e293b;\">12-27\u00b0C<\/span>\n                    <span style=\"font-size: 14px;\">\ud83c\udf3a<\/span>\n                <\/div>\n                <div style=\"background: #f8fafc; padding: 12px; font-size: 13px; color: #4b5563; font-weight: 600; display: flex; align-items: center; justify-content: center;\">M\u00e9dia<\/div>\n                <div style=\"background: #f8fafc; padding: 12px; font-size: 13px; line-height: 1.4; color: #1e293b; display: flex; align-items: center;\">Festivais locais e c\u00e9u estrelado.<\/div>\n            <\/div>\n        <\/div>\n\n        <div style=\"padding: 10px 30px; background: #f0f9ff; border-top: 1px solid #bae6fd; font-size: 12px; color: #0c4a6e; font-style: italic; display: flex; align-items: center; gap: 8px; font-weight: 600;\">\n            <div style=\"width: 6px; height: 6px; background: #0284c7; border-radius: 50%;\"><\/div>\n            Informa\u00e7\u00e3o: O inverno \u00e9 o per\u00edodo mais seco e ideal para quem busca o charme das festividades de agosto com c\u00e9u limpo.\n        <\/div>\n        \n    <\/div>\n<\/div>\n\n\n\n<p><em>Temperaturas aproximadas com base no <a href=\"https:\/\/www.climatempo.com.br\/previsao-do-tempo\/cidade\/494\/saothomedasletras-mg\" target=\"_blank\" rel=\"noreferrer noopener\"><strong>Climatempo<\/strong><\/a>. Condi\u00e7\u00f5es podem variar. No inverno, m\u00ednimas frequentemente ficam abaixo de 5\u00b0C.<\/em><\/p>\n\n\n\n<h2 class=\"wp-block-heading\">Como chegar \u00e0 cidade sobre a montanha?<\/h2>\n\n\n\n<p>S\u00e3o Thom\u00e9 das Letras fica a 346 km de <strong>Belo Horizonte<\/strong> e a 350 km de <strong>S\u00e3o Paulo<\/strong>. O acesso principal \u00e9 pela <strong>MG-167<\/strong>, passando por <strong>Tr\u00eas Cora\u00e7\u00f5es<\/strong>. A estrada tem trechos sinuosos na subida da serra. N\u00e3o h\u00e1 aeroporto na cidade. Os mais pr\u00f3ximos s\u00e3o os de <strong>Varginha<\/strong> (90 km) e <strong>Po\u00e7os de Caldas<\/strong>.<\/p>\n\n\n\n<h2 class=\"wp-block-heading\">Pise no quartzito e tire suas pr\u00f3prias conclus\u00f5es<\/h2>\n\n\n\n<p><strong>S\u00e3o Thom\u00e9 das Letras \u00e9 o tipo de lugar que cada visitante interpreta \u00e0 sua maneira. <\/strong>Para uns, a energia vem do solo mineral. Para outros, das lendas que atravessam s\u00e9culos. O fato \u00e9 que a vista do p\u00f4r do sol na Casa da Pir\u00e2mide, o sil\u00eancio das grutas e as cachoeiras entre pedras de quartzito rosa criam uma experi\u00eancia que poucos destinos no <strong>Brasil<\/strong> conseguem reproduzir.<\/p>\n\n\n\n<p>Voc\u00ea precisa subir essa serra pelo menos uma vez, sentar sobre a pedra e olhar o horizonte at\u00e9 entender por que uma carta imposs\u00edvel fundou uma cidade inteira.<\/p>\n","protected":false},"excerpt":{"rendered":"<p>As ruas s\u00e3o de pedra, as casas s\u00e3o de pedra e a montanha inteira \u00e9 de pedra. S\u00e3o Thom\u00e9 das Letras, no sul de Minas Gerais, foi erguida sobre um imenso dep\u00f3sito de quartzito a 1.440 m de altitude. A cidade m\u00edstica de 7 mil habitantes atrai m\u00edsticos, aventureiros e curiosos com grutas, cachoeiras e [&hellip;]<\/p>\n","protected":false},"author":8,"featured_media":158956,"comment_status":"open","ping_status":"open","sticky":false,"template":"","format":"standard","meta":{"_yoast_wpseo_focuskw":"cidade m\u00edstica","_yoast_wpseo_title":"","_yoast_wpseo_metadesc":"Fundada em 1963 sobre uma mina de quartzos, essa cidade m\u00edstica a 1.440 m de altitude atrai visitantes em busca de energia e espiritualidade.","jnews-multi-image_gallery":[],"jnews_single_post":{"format":"standard"},"jnews_primary_category":[],"jnews_social_meta":[],"jnews_override_counter":[],"footnotes":""},"categories":[108,111],"tags":[388,12985],"class_list":["post-208434","post","type-post","status-publish","format-standard","has-post-thumbnail","hentry","category-cidades","category-turismo","tag-minas-gerais","tag-sao-thome-das-letras"],"yoast_head":"<!-- This site is optimized with the Yoast SEO plugin v24.6 - https:\/\/yoast.com\/wordpress\/plugins\/seo\/ -->\n<title>Fundada em 1963 acima de uma mina de quartzos a 1.440 m de altitude, essa cidade m\u00edstica atrai visitantes em busca de energia - Correio Braziliense - Radar<\/title>\n<meta name=\"description\" content=\"Fundada em 1963 sobre uma mina de quartzos, essa cidade m\u00edstica a 1.440 m de altitude atrai visitantes em busca de energia e espiritualidade.\" \/>\n<meta name=\"robots\" content=\"index, follow, max-snippet:-1, max-image-preview:large, max-video-preview:-1\" \/>\n<link rel=\"canonical\" href=\"https:\/\/www.correiobraziliense.com.br\/cbradar\/fundada-em-1963-acima-de-uma-mina-de-quartzos-a-1-440-m-de-altitude-essa-cidade-mistica-atrai-visitantes-em-busca-de-energia\/\" \/>\n<meta property=\"og:locale\" content=\"pt_BR\" \/>\n<meta property=\"og:type\" content=\"article\" \/>\n<meta property=\"og:title\" content=\"Fundada em 1963 acima de uma mina de quartzos a 1.440 m de altitude, essa cidade m\u00edstica atrai visitantes em busca de energia - Correio Braziliense - Radar\" \/>\n<meta property=\"og:description\" content=\"Fundada em 1963 sobre uma mina de quartzos, essa cidade m\u00edstica a 1.440 m de altitude atrai visitantes em busca de energia e espiritualidade.\" \/>\n<meta property=\"og:url\" content=\"https:\/\/www.correiobraziliense.com.br\/cbradar\/fundada-em-1963-acima-de-uma-mina-de-quartzos-a-1-440-m-de-altitude-essa-cidade-mistica-atrai-visitantes-em-busca-de-energia\/\" \/>\n<meta property=\"og:site_name\" content=\"Correio Braziliense - Radar\" \/>\n<meta property=\"article:published_time\" content=\"2026-03-14T22:15:00+00:00\" \/>\n<meta property=\"og:image\" content=\"https:\/\/www.correiobraziliense.com.br\/cbradar\/wp-content\/uploads\/2025\/12\/Design-sem-nome-83.png\" \/>\n\t<meta property=\"og:image:width\" content=\"1280\" \/>\n\t<meta property=\"og:image:height\" content=\"720\" \/>\n\t<meta property=\"og:image:type\" content=\"image\/png\" \/>\n<meta name=\"author\" content=\"Maura Pereira\" \/>\n<meta name=\"twitter:card\" content=\"summary_large_image\" \/>\n<meta name=\"twitter:label1\" content=\"Escrito por\" \/>\n\t<meta name=\"twitter:data1\" content=\"Maura Pereira\" \/>\n\t<meta name=\"twitter:label2\" content=\"Est. tempo de leitura\" \/>\n\t<meta name=\"twitter:data2\" content=\"7 minutos\" \/>\n<!-- \/ Yoast SEO plugin. -->","yoast_head_json":{"title":"Fundada em 1963 acima de uma mina de quartzos a 1.440 m de altitude, essa cidade m\u00edstica atrai visitantes em busca de energia - Correio Braziliense - Radar","description":"Fundada em 1963 sobre uma mina de quartzos, essa cidade m\u00edstica a 1.440 m de altitude atrai visitantes em busca de energia e espiritualidade.","robots":{"index":"index","follow":"follow","max-snippet":"max-snippet:-1","max-image-preview":"max-image-preview:large","max-video-preview":"max-video-preview:-1"},"canonical":"https:\/\/www.correiobraziliense.com.br\/cbradar\/fundada-em-1963-acima-de-uma-mina-de-quartzos-a-1-440-m-de-altitude-essa-cidade-mistica-atrai-visitantes-em-busca-de-energia\/","og_locale":"pt_BR","og_type":"article","og_title":"Fundada em 1963 acima de uma mina de quartzos a 1.440 m de altitude, essa cidade m\u00edstica atrai visitantes em busca de energia - Correio Braziliense - Radar","og_description":"Fundada em 1963 sobre uma mina de quartzos, essa cidade m\u00edstica a 1.440 m de altitude atrai visitantes em busca de energia e espiritualidade.","og_url":"https:\/\/www.correiobraziliense.com.br\/cbradar\/fundada-em-1963-acima-de-uma-mina-de-quartzos-a-1-440-m-de-altitude-essa-cidade-mistica-atrai-visitantes-em-busca-de-energia\/","og_site_name":"Correio Braziliense - Radar","article_published_time":"2026-03-14T22:15:00+00:00","og_image":[{"width":1280,"height":720,"url":"https:\/\/www.correiobraziliense.com.br\/cbradar\/wp-content\/uploads\/2025\/12\/Design-sem-nome-83.png","type":"image\/png"}],"author":"Maura Pereira","twitter_card":"summary_large_image","twitter_misc":{"Escrito por":"Maura Pereira","Est. tempo de leitura":"7 minutos"},"schema":{"@context":"https:\/\/schema.org","@graph":[{"@type":"WebPage","@id":"https:\/\/www.correiobraziliense.com.br\/cbradar\/fundada-em-1963-acima-de-uma-mina-de-quartzos-a-1-440-m-de-altitude-essa-cidade-mistica-atrai-visitantes-em-busca-de-energia\/","url":"https:\/\/www.correiobraziliense.com.br\/cbradar\/fundada-em-1963-acima-de-uma-mina-de-quartzos-a-1-440-m-de-altitude-essa-cidade-mistica-atrai-visitantes-em-busca-de-energia\/","name":"Fundada em 1963 acima de uma mina de quartzos a 1.440 m de altitude, essa cidade m\u00edstica atrai visitantes em busca de energia - Correio Braziliense - Radar","isPartOf":{"@id":"https:\/\/www.correiobraziliense.com.br\/cbradar\/#website"},"primaryImageOfPage":{"@id":"https:\/\/www.correiobraziliense.com.br\/cbradar\/fundada-em-1963-acima-de-uma-mina-de-quartzos-a-1-440-m-de-altitude-essa-cidade-mistica-atrai-visitantes-em-busca-de-energia\/#primaryimage"},"image":{"@id":"https:\/\/www.correiobraziliense.com.br\/cbradar\/fundada-em-1963-acima-de-uma-mina-de-quartzos-a-1-440-m-de-altitude-essa-cidade-mistica-atrai-visitantes-em-busca-de-energia\/#primaryimage"},"thumbnailUrl":"https:\/\/www.correiobraziliense.com.br\/cbradar\/wp-content\/uploads\/2025\/12\/Design-sem-nome-83.png","datePublished":"2026-03-14T22:15:00+00:00","author":{"@id":"https:\/\/www.correiobraziliense.com.br\/cbradar\/#\/schema\/person\/4053c651a9bfc785afc6f4cbc9032fd3"},"description":"Fundada em 1963 sobre uma mina de quartzos, essa cidade m\u00edstica a 1.440 m de altitude atrai visitantes em busca de energia e espiritualidade.","breadcrumb":{"@id":"https:\/\/www.correiobraziliense.com.br\/cbradar\/fundada-em-1963-acima-de-uma-mina-de-quartzos-a-1-440-m-de-altitude-essa-cidade-mistica-atrai-visitantes-em-busca-de-energia\/#breadcrumb"},"inLanguage":"pt-BR","potentialAction":[{"@type":"ReadAction","target":["https:\/\/www.correiobraziliense.com.br\/cbradar\/fundada-em-1963-acima-de-uma-mina-de-quartzos-a-1-440-m-de-altitude-essa-cidade-mistica-atrai-visitantes-em-busca-de-energia\/"]}]},{"@type":"ImageObject","inLanguage":"pt-BR","@id":"https:\/\/www.correiobraziliense.com.br\/cbradar\/fundada-em-1963-acima-de-uma-mina-de-quartzos-a-1-440-m-de-altitude-essa-cidade-mistica-atrai-visitantes-em-busca-de-energia\/#primaryimage","url":"https:\/\/www.correiobraziliense.com.br\/cbradar\/wp-content\/uploads\/2025\/12\/Design-sem-nome-83.png","contentUrl":"https:\/\/www.correiobraziliense.com.br\/cbradar\/wp-content\/uploads\/2025\/12\/Design-sem-nome-83.png","width":1280,"height":720,"caption":"S\u00e3o Thom\u00e9 das Letras-MG oferece passeios guiados acess\u00edveis com grutas e mirantes para fam\u00edlias explorarem lendas naturais."},{"@type":"BreadcrumbList","@id":"https:\/\/www.correiobraziliense.com.br\/cbradar\/fundada-em-1963-acima-de-uma-mina-de-quartzos-a-1-440-m-de-altitude-essa-cidade-mistica-atrai-visitantes-em-busca-de-energia\/#breadcrumb","itemListElement":[{"@type":"ListItem","position":1,"name":"In\u00edcio","item":"https:\/\/www.correiobraziliense.com.br\/cbradar\/"},{"@type":"ListItem","position":2,"name":"Fundada em 1963 acima de uma mina de quartzos a 1.440 m de altitude, essa cidade m\u00edstica atrai visitantes em busca de energia"}]},{"@type":"WebSite","@id":"https:\/\/www.correiobraziliense.com.br\/cbradar\/#website","url":"https:\/\/www.correiobraziliense.com.br\/cbradar\/","name":"Correio Braziliense - Radar","description":"Acompanhe as \u00faltimas not\u00edcias e fique bem informado sobre tudo o que acontece no Brasil e no mundo.","potentialAction":[{"@type":"SearchAction","target":{"@type":"EntryPoint","urlTemplate":"https:\/\/www.correiobraziliense.com.br\/cbradar\/?s={search_term_string}"},"query-input":{"@type":"PropertyValueSpecification","valueRequired":true,"valueName":"search_term_string"}}],"inLanguage":"pt-BR"},{"@type":"Person","@id":"https:\/\/www.correiobraziliense.com.br\/cbradar\/#\/schema\/person\/4053c651a9bfc785afc6f4cbc9032fd3","name":"Maura Pereira","image":{"@type":"ImageObject","inLanguage":"pt-BR","@id":"https:\/\/www.correiobraziliense.com.br\/cbradar\/#\/schema\/person\/image\/","url":"https:\/\/secure.gravatar.com\/avatar\/3effd6bdadfa447f15089c7f7144eaa6?s=96&d=mm&r=g","contentUrl":"https:\/\/secure.gravatar.com\/avatar\/3effd6bdadfa447f15089c7f7144eaa6?s=96&d=mm&r=g","caption":"Maura Pereira"},"sameAs":["https:\/\/www.correiobraziliense.com.br\/"],"url":"https:\/\/www.correiobraziliense.com.br\/cbradar\/author\/mauramyth\/"}]}},"_links":{"self":[{"href":"https:\/\/www.correiobraziliense.com.br\/cbradar\/wp-json\/wp\/v2\/posts\/208434","targetHints":{"allow":["GET"]}}],"collection":[{"href":"https:\/\/www.correiobraziliense.com.br\/cbradar\/wp-json\/wp\/v2\/posts"}],"about":[{"href":"https:\/\/www.correiobraziliense.com.br\/cbradar\/wp-json\/wp\/v2\/types\/post"}],"author":[{"embeddable":true,"href":"https:\/\/www.correiobraziliense.com.br\/cbradar\/wp-json\/wp\/v2\/users\/8"}],"replies":[{"embeddable":true,"href":"https:\/\/www.correiobraziliense.com.br\/cbradar\/wp-json\/wp\/v2\/comments?post=208434"}],"version-history":[{"count":10,"href":"https:\/\/www.correiobraziliense.com.br\/cbradar\/wp-json\/wp\/v2\/posts\/208434\/revisions"}],"predecessor-version":[{"id":208657,"href":"https:\/\/www.correiobraziliense.com.br\/cbradar\/wp-json\/wp\/v2\/posts\/208434\/revisions\/208657"}],"wp:featuredmedia":[{"embeddable":true,"href":"https:\/\/www.correiobraziliense.com.br\/cbradar\/wp-json\/wp\/v2\/media\/158956"}],"wp:attachment":[{"href":"https:\/\/www.correiobraziliense.com.br\/cbradar\/wp-json\/wp\/v2\/media?parent=208434"}],"wp:term":[{"taxonomy":"category","embeddable":true,"href":"https:\/\/www.correiobraziliense.com.br\/cbradar\/wp-json\/wp\/v2\/categories?post=208434"},{"taxonomy":"post_tag","embeddable":true,"href":"https:\/\/www.correiobraziliense.com.br\/cbradar\/wp-json\/wp\/v2\/tags?post=208434"}],"curies":[{"name":"wp","href":"https:\/\/api.w.org\/{rel}","templated":true}]}}