{"id":208498,"date":"2026-03-15T06:15:47","date_gmt":"2026-03-15T09:15:47","guid":{"rendered":"https:\/\/www.correiobraziliense.com.br\/cbradar\/?p=208498"},"modified":"2026-03-14T12:37:20","modified_gmt":"2026-03-14T15:37:20","slug":"a-receita-com-omega-3-que-ajuda-a-nutrir-o-cerebro-e-melhorar-a-concentracao","status":"publish","type":"post","link":"https:\/\/www.correiobraziliense.com.br\/cbradar\/a-receita-com-omega-3-que-ajuda-a-nutrir-o-cerebro-e-melhorar-a-concentracao\/","title":{"rendered":"A receita com \u00f4mega-3 que ajuda a nutrir o c\u00e9rebro e melhorar a concentra\u00e7\u00e3o"},"content":{"rendered":"\n<p>Imagine acordar com a mente leve, conseguindo focar nas tarefas sem tanto esfor\u00e7o. Em vez de depender s\u00f3 de caf\u00e9, muita gente tem descoberto que alguns <b>alimentos<\/b>, como os ricos em <b>\u00f4mega-3<\/b>, podem ser grandes aliados da concentra\u00e7\u00e3o e da <b>sa\u00fade<\/b> do c\u00e9rebro \u2013 e o melhor: de um jeito simples, gostoso e f\u00e1cil de incluir na rotina.<\/p>\n\n\n\n<h2 class=\"wp-block-heading\">Como a alimenta\u00e7\u00e3o com \u00f4mega-3 ajuda na sa\u00fade do c\u00e9rebro<\/h2>\n\n\n\n<p>O <b>\u00f4mega-3<\/b> \u00e9 uma gordura boa encontrada em <b>peixes<\/b>, sementes e oleaginosas, e tem sido muito estudado por seu efeito sobre <b>mem\u00f3ria<\/b>, foco e funcionamento dos neur\u00f4nios. Ele ajuda a manter as c\u00e9lulas do c\u00e9rebro \u201cbem lubrificadas\u201d, facilitando a comunica\u00e7\u00e3o entre elas.<\/p>\n\n\n\n<p>Em vez de depender apenas de suplementos, muitas pessoas t\u00eam buscado <b>receitas<\/b> pr\u00e1ticas com fontes naturais de \u00f4mega-3. Assim, al\u00e9m da gordura boa, ainda garantem <b>fibras<\/b>, vitaminas e <b>minerais<\/b> que completam o cuidado com o c\u00e9rebro e com o corpo como um todo.<\/p>\n\n\n<div class=\"wp-block-image\">\n<figure class=\"aligncenter size-large\"><img decoding=\"async\" width=\"1024\" height=\"576\" src=\"https:\/\/www.correiobraziliense.com.br\/cbradar\/wp-content\/uploads\/2025\/12\/peixe-comida_1766152035140-1024x576.jpg\" alt=\"\" class=\"wp-image-159105\" srcset=\"https:\/\/www.correiobraziliense.com.br\/cbradar\/wp-content\/uploads\/2025\/12\/peixe-comida_1766152035140-1024x576.jpg 1024w, https:\/\/www.correiobraziliense.com.br\/cbradar\/wp-content\/uploads\/2025\/12\/peixe-comida_1766152035140-300x169.jpg 300w, https:\/\/www.correiobraziliense.com.br\/cbradar\/wp-content\/uploads\/2025\/12\/peixe-comida_1766152035140-768x432.jpg 768w, https:\/\/www.correiobraziliense.com.br\/cbradar\/wp-content\/uploads\/2025\/12\/peixe-comida_1766152035140-750x422.jpg 750w, https:\/\/www.correiobraziliense.com.br\/cbradar\/wp-content\/uploads\/2025\/12\/peixe-comida_1766152035140-1140x641.jpg 1140w, https:\/\/www.correiobraziliense.com.br\/cbradar\/wp-content\/uploads\/2025\/12\/peixe-comida_1766152035140.jpg 1280w\" sizes=\"(max-width: 1024px) 100vw, 1024px\" \/><figcaption class=\"wp-element-caption\">O \u00f4mega-3 \u00e9 uma gordura poli-insaturada essencial &#8211; Cr\u00e9ditos: depositphotos.com \/ klenova<\/figcaption><\/figure><\/div>\n\n\n<p>Leia tamb\u00e9m:&nbsp;<a href=\"https:\/\/www.correiobraziliense.com.br\/cbradar\/sem-farinha-nem-gluten-essa-receita-quase-zero-carboidratos-virou-substituta-do-pao-no-cafe-da-manha\/\" target=\"_blank\" rel=\"noopener\">Sem farinha nem gl\u00faten, essa receita quase zero carboidratos virou substituta do p\u00e3o no caf\u00e9 da manh\u00e3<\/a><\/p>\n\n\n\n<h2 class=\"wp-block-heading\">Como o \u00f4mega-3 influencia na mem\u00f3ria e na concentra\u00e7\u00e3o<\/h2>\n\n\n\n<p>O \u00f4mega-3 participa da forma\u00e7\u00e3o das <b>membranas<\/b> das c\u00e9lulas nervosas, principalmente por meio do DHA e do EPA, que favorecem a troca de informa\u00e7\u00f5es entre os <b>neur\u00f4nios<\/b>. Quando esse nutriente est\u00e1 presente regularmente na alimenta\u00e7\u00e3o, tende a apoiar tarefas que exigem foco, aten\u00e7\u00e3o e <b>clareza<\/b> mental.<\/p>\n\n\n\n<p>Estudos publicados at\u00e9 2026 sugerem que o consumo frequente de <b>\u00f4mega-3<\/b> pode ajudar a reduzir inflama\u00e7\u00f5es no <b>c\u00e9rebro<\/b> e colaborar com a mem\u00f3ria de curto e longo prazo. Em per\u00edodos de muito estudo ou trabalho intenso, incluir peixes de \u00e1gua fria, <b>linha\u00e7a<\/b>, chia e nozes na dieta cria um ambiente mais favor\u00e1vel para o desempenho mental.<\/p>\n\n\n\n<h2 class=\"wp-block-heading\">Qual \u00e9 a receita com \u00f4mega-3 que ajuda a nutrir o c\u00e9rebro<\/h2>\n\n\n\n<p>Uma forma pr\u00e1tica de aproveitar o \u00f4mega-3 no dia a dia \u00e9 preparar um creme funcional de <b>iogurte<\/b> com chia, linha\u00e7a e <b>nozes<\/b>. Essa combina\u00e7\u00e3o re\u00fane gorduras boas, <b>fibras<\/b> que liberam energia aos poucos e prote\u00ednas que aumentam a saciedade, ajudando a manter o foco por mais tempo.<\/p>\n\n\n\n<p>Por ser vers\u00e1til, essa receita pode entrar no <b>caf\u00e9<\/b> da manh\u00e3, no lanche da tarde ou antes de longos per\u00edodos de estudo e trabalho. Al\u00e9m disso, \u00e9 f\u00e1cil de adaptar ao gosto pessoal, trocando frutas, tipo de <b>iogurte<\/b> e ado\u00e7ante conforme a <b>rotina<\/b> e as prefer\u00eancias.<\/p>\n\n\n\n<h2 class=\"wp-block-heading\">Quais s\u00e3o os ingredientes do creme de iogurte com \u00f4mega-3<\/h2>\n\n\n\n<p>Os <b>ingredientes<\/b> s\u00e3o simples, costumam ser encontrados em mercados comuns e podem ser ajustados de acordo com a fome e os objetivos de cada pessoa. Abaixo est\u00e1 uma sugest\u00e3o de por\u00e7\u00e3o <b>individual<\/b> para come\u00e7ar a testar a receita no dia a dia, podendo ser adaptada por um <b>nutricionista<\/b> conforme necessidade:<\/p>\n\n\n\n<ul class=\"wp-block-list\">\n<li>1 pote (170 g) de <b>iogurte<\/b> natural sem a\u00e7\u00facar (tradicional ou vegetal);<\/li>\n\n\n\n<li>1 colher de sopa de <b>sementes<\/b> de chia (fonte de \u00f4mega-3 e <b>fibras<\/b>);<\/li>\n\n\n\n<li>1 colher de sopa de <b>linha\u00e7a<\/b> mo\u00edda (marrom ou dourada);<\/li>\n\n\n\n<li>3 unidades de nozes <b>picadas<\/b>;<\/li>\n\n\n\n<li>1 colher de ch\u00e1 de <b>mel<\/b> ou outro ado\u00e7ante, se desejado;<\/li>\n\n\n\n<li>2 colheres de sopa de <b>frutas<\/b> frescas picadas, como morango, banana ou mirtilo;<\/li>\n\n\n\n<li>Opcional: 1 colher de sopa de <b>aveia<\/b> em flocos para mais fibras e textura.<\/li>\n<\/ul>\n\n\n\n<p>Separamos esse v\u00eddeo do canal do <a href=\"https:\/\/www.youtube.com\/@DrJulianoTeles\" target=\"_blank\" rel=\"noreferrer noopener\">Dr Juliano Teles<\/a> falando mais sobre os benef\u00edcios de incluir \u00f4mega-3 na alimenta\u00e7\u00e3o:<\/p>\n\n\n\n<figure class=\"wp-block-embed is-type-video is-provider-youtube wp-block-embed-youtube wp-embed-aspect-16-9 wp-has-aspect-ratio\"><div class=\"wp-block-embed__wrapper\">\n<div class=\"jeg_video_container jeg_video_content\"><iframe loading=\"lazy\" title=\"\u00d4MEGA 3 quais os benef\u00edcios da suplementa\u00e7\u00e3o | Dr Juliano Teles\" width=\"500\" height=\"281\" src=\"https:\/\/www.youtube.com\/embed\/xKwEAJBYYg0?feature=oembed\" frameborder=\"0\" allow=\"accelerometer; autoplay; clipboard-write; encrypted-media; gyroscope; picture-in-picture; web-share\" referrerpolicy=\"strict-origin-when-cross-origin\" allowfullscreen><\/iframe><\/div>\n<\/div><\/figure>\n\n\n\n<h2 class=\"wp-block-heading\">Como preparar passo a passo a receita com \u00f4mega-3<\/h2>\n\n\n\n<p>O preparo \u00e9 r\u00e1pido e cabe facilmente na <b>rotina<\/b>, mesmo para quem tem pouco tempo. Em poucos minutos o creme fica pronto e pode ser consumido na hora ou levado em um <b>pote<\/b> para o trabalho, faculdade ou <b>curso<\/b>.<\/p>\n\n\n\n<ol class=\"wp-block-list\">\n<li>Em um recipiente, coloque o <b>iogurte<\/b> natural.<\/li>\n\n\n\n<li>Adicione a <b>chia<\/b> e a linha\u00e7a mo\u00edda, misturando bem para que as <b>sementes<\/b> fiquem distribu\u00eddas.<\/li>\n\n\n\n<li>Acrescente o mel ou ado\u00e7ante escolhido e mexa novamente at\u00e9 ficar <b>homog\u00eaneo<\/b>.<\/li>\n\n\n\n<li>Incorpore as <b>frutas<\/b> picadas e, se desejar, a aveia em <b>flocos<\/b>.<\/li>\n\n\n\n<li>Finalize com as <b>nozes<\/b> picadas por cima, garantindo croc\u00e2ncia e mais \u00f4mega-3.<\/li>\n\n\n\n<li>Deixe o creme descansar por cerca de <b>10<\/b> a 15 minutos na geladeira para que a chia hidrate e a textura fique mais <b>cremosa<\/b>.<\/li>\n<\/ol>\n\n\n\n<h2 class=\"wp-block-heading\">Em quais momentos essa receita pode ajudar mais na concentra\u00e7\u00e3o<\/h2>\n\n\n\n<p>Escolher o <b>hor\u00e1rio<\/b> certo para consumir esse creme pode fazer diferen\u00e7a na sensa\u00e7\u00e3o de <b>energia<\/b> e foco ao longo do dia. Muita gente usa essa prepara\u00e7\u00e3o como um apoio estrat\u00e9gico para enfrentar tarefas que exigem mais da <b>cabe\u00e7a<\/b>.<\/p>\n\n\n\n<ul class=\"wp-block-list\">\n<li><b>Caf\u00e9<\/b> da manh\u00e3 ajuda a come\u00e7ar o dia com gorduras boas, prote\u00ednas e <b>fibras<\/b>, sustentando o foco nas primeiras horas.<\/li>\n\n\n\n<li><b>Lanche<\/b> pr\u00e9-estudo ou trabalho intenso cerca de 1 a 2 horas antes de atividades mentais pesadas, mantendo a <b>energia<\/b> mais est\u00e1vel.<\/li>\n\n\n\n<li><b>Lanche<\/b> da tarde evita quedas bruscas de glicose, que podem causar sono, <b>cansa\u00e7o<\/b> e dificuldade de concentra\u00e7\u00e3o.<\/li>\n<\/ul>\n\n\n\n<figure class=\"wp-block-embed is-type-rich is-provider-pinterest wp-block-embed-pinterest\"><div class=\"wp-block-embed__wrapper\">\n<iframe loading=\"lazy\" title=\" \" src=\"https:\/\/assets.pinterest.com\/ext\/embed.html?id=5136987070866168&#038;src=oembed\" height=\"678\" width=\"450\" frameborder=\"0\" scrolling=\"no\" ><\/iframe>\n<\/div><\/figure>\n\n\n\n<h2 class=\"wp-block-heading\">Quais cuidados potencializam o efeito do \u00f4mega-3 no c\u00e9rebro<\/h2>\n\n\n\n<p>O creme com <b>\u00f4mega-3<\/b> \u00e9 um \u00f3timo come\u00e7o, mas seus benef\u00edcios aparecem ainda mais quando ele faz parte de um estilo de vida <b>equilibrado<\/b>. Pequenas mudan\u00e7as na rotina, somadas, podem transformar a forma como o <b>c\u00e9rebro<\/b> responde ao dia a dia.<\/p>\n\n\n\n<p>Manter uma boa <b>hidrata\u00e7\u00e3o<\/b>, dormir bem, praticar alguma atividade f\u00edsica e ter uma alimenta\u00e7\u00e3o variada, com <b>frutas<\/b>, legumes, verduras e prote\u00ednas de qualidade, refor\u00e7a o efeito do \u00f4mega-3. Assim, fica mais f\u00e1cil cuidar da mente, da <b>mem\u00f3ria<\/b> e da concentra\u00e7\u00e3o em diferentes fases da <b>vida<\/b>.<\/p>\n","protected":false},"excerpt":{"rendered":"<p>Imagine acordar com a mente leve, conseguindo focar nas tarefas sem tanto esfor\u00e7o. Em vez de depender s\u00f3 de caf\u00e9, muita gente tem descoberto que alguns alimentos, como os ricos em \u00f4mega-3, podem ser grandes aliados da concentra\u00e7\u00e3o e da sa\u00fade do c\u00e9rebro \u2013 e o melhor: de um jeito simples, gostoso e f\u00e1cil de [&hellip;]<\/p>\n","protected":false},"author":9,"featured_media":208575,"comment_status":"open","ping_status":"open","sticky":false,"template":"","format":"standard","meta":{"_yoast_wpseo_focuskw":"\u00f4mega-3","_yoast_wpseo_title":"","_yoast_wpseo_metadesc":"Receita simples com iogurte, chia, linha\u00e7a e nozes re\u00fane \u00f4mega-3 e nutrientes que podem ajudar mem\u00f3ria, concentra\u00e7\u00e3o e sa\u00fade do c\u00e9rebro.","jnews-multi-image_gallery":[],"jnews_single_post":{"format":"standard"},"jnews_primary_category":[],"jnews_social_meta":[],"jnews_override_counter":[],"footnotes":""},"categories":[119,4404],"tags":[698,3795,16122],"class_list":["post-208498","post","type-post","status-publish","format-standard","has-post-thumbnail","hentry","category-bem-estar","category-saude","tag-cerebro","tag-concentracao","tag-receita-com-omega3"],"yoast_head":"<!-- This site is optimized with the Yoast SEO plugin v24.6 - https:\/\/yoast.com\/wordpress\/plugins\/seo\/ -->\n<title>A receita com \u00f4mega-3 que ajuda a nutrir o c\u00e9rebro e melhorar a concentra\u00e7\u00e3o - Correio Braziliense - Radar<\/title>\n<meta name=\"description\" content=\"Receita simples com iogurte, chia, linha\u00e7a e nozes re\u00fane \u00f4mega-3 e nutrientes que podem ajudar mem\u00f3ria, concentra\u00e7\u00e3o e sa\u00fade do c\u00e9rebro.\" \/>\n<meta name=\"robots\" content=\"index, follow, max-snippet:-1, max-image-preview:large, max-video-preview:-1\" \/>\n<link rel=\"canonical\" href=\"https:\/\/www.correiobraziliense.com.br\/cbradar\/a-receita-com-omega-3-que-ajuda-a-nutrir-o-cerebro-e-melhorar-a-concentracao\/\" \/>\n<meta property=\"og:locale\" content=\"pt_BR\" \/>\n<meta property=\"og:type\" content=\"article\" \/>\n<meta property=\"og:title\" content=\"A receita com \u00f4mega-3 que ajuda a nutrir o c\u00e9rebro e melhorar a concentra\u00e7\u00e3o - Correio Braziliense - Radar\" \/>\n<meta property=\"og:description\" content=\"Receita simples com iogurte, chia, linha\u00e7a e nozes re\u00fane \u00f4mega-3 e nutrientes que podem ajudar mem\u00f3ria, concentra\u00e7\u00e3o e sa\u00fade do c\u00e9rebro.\" \/>\n<meta property=\"og:url\" content=\"https:\/\/www.correiobraziliense.com.br\/cbradar\/a-receita-com-omega-3-que-ajuda-a-nutrir-o-cerebro-e-melhorar-a-concentracao\/\" \/>\n<meta property=\"og:site_name\" content=\"Correio Braziliense - Radar\" \/>\n<meta property=\"article:published_time\" content=\"2026-03-15T09:15:47+00:00\" \/>\n<meta property=\"og:image\" content=\"https:\/\/www.correiobraziliense.com.br\/cbradar\/wp-content\/uploads\/2026\/03\/Gemini_Generated_Image_ilm4kjilm4kjilm4-1.png\" \/>\n\t<meta property=\"og:image:width\" content=\"1280\" \/>\n\t<meta property=\"og:image:height\" content=\"720\" \/>\n\t<meta property=\"og:image:type\" content=\"image\/png\" \/>\n<meta name=\"author\" content=\"Daniely Cardoso\" \/>\n<meta name=\"twitter:card\" content=\"summary_large_image\" \/>\n<meta name=\"twitter:label1\" content=\"Escrito por\" \/>\n\t<meta name=\"twitter:data1\" content=\"Daniely Cardoso\" \/>\n\t<meta name=\"twitter:label2\" content=\"Est. tempo de leitura\" \/>\n\t<meta name=\"twitter:data2\" content=\"6 minutos\" \/>\n<!-- \/ Yoast SEO plugin. -->","yoast_head_json":{"title":"A receita com \u00f4mega-3 que ajuda a nutrir o c\u00e9rebro e melhorar a concentra\u00e7\u00e3o - Correio Braziliense - Radar","description":"Receita simples com iogurte, chia, linha\u00e7a e nozes re\u00fane \u00f4mega-3 e nutrientes que podem ajudar mem\u00f3ria, concentra\u00e7\u00e3o e sa\u00fade do c\u00e9rebro.","robots":{"index":"index","follow":"follow","max-snippet":"max-snippet:-1","max-image-preview":"max-image-preview:large","max-video-preview":"max-video-preview:-1"},"canonical":"https:\/\/www.correiobraziliense.com.br\/cbradar\/a-receita-com-omega-3-que-ajuda-a-nutrir-o-cerebro-e-melhorar-a-concentracao\/","og_locale":"pt_BR","og_type":"article","og_title":"A receita com \u00f4mega-3 que ajuda a nutrir o c\u00e9rebro e melhorar a concentra\u00e7\u00e3o - Correio Braziliense - Radar","og_description":"Receita simples com iogurte, chia, linha\u00e7a e nozes re\u00fane \u00f4mega-3 e nutrientes que podem ajudar mem\u00f3ria, concentra\u00e7\u00e3o e sa\u00fade do c\u00e9rebro.","og_url":"https:\/\/www.correiobraziliense.com.br\/cbradar\/a-receita-com-omega-3-que-ajuda-a-nutrir-o-cerebro-e-melhorar-a-concentracao\/","og_site_name":"Correio Braziliense - Radar","article_published_time":"2026-03-15T09:15:47+00:00","og_image":[{"width":1280,"height":720,"url":"https:\/\/www.correiobraziliense.com.br\/cbradar\/wp-content\/uploads\/2026\/03\/Gemini_Generated_Image_ilm4kjilm4kjilm4-1.png","type":"image\/png"}],"author":"Daniely Cardoso","twitter_card":"summary_large_image","twitter_misc":{"Escrito por":"Daniely Cardoso","Est. tempo de leitura":"6 minutos"},"schema":{"@context":"https:\/\/schema.org","@graph":[{"@type":"WebPage","@id":"https:\/\/www.correiobraziliense.com.br\/cbradar\/a-receita-com-omega-3-que-ajuda-a-nutrir-o-cerebro-e-melhorar-a-concentracao\/","url":"https:\/\/www.correiobraziliense.com.br\/cbradar\/a-receita-com-omega-3-que-ajuda-a-nutrir-o-cerebro-e-melhorar-a-concentracao\/","name":"A receita com \u00f4mega-3 que ajuda a nutrir o c\u00e9rebro e melhorar a concentra\u00e7\u00e3o - Correio Braziliense - Radar","isPartOf":{"@id":"https:\/\/www.correiobraziliense.com.br\/cbradar\/#website"},"primaryImageOfPage":{"@id":"https:\/\/www.correiobraziliense.com.br\/cbradar\/a-receita-com-omega-3-que-ajuda-a-nutrir-o-cerebro-e-melhorar-a-concentracao\/#primaryimage"},"image":{"@id":"https:\/\/www.correiobraziliense.com.br\/cbradar\/a-receita-com-omega-3-que-ajuda-a-nutrir-o-cerebro-e-melhorar-a-concentracao\/#primaryimage"},"thumbnailUrl":"https:\/\/www.correiobraziliense.com.br\/cbradar\/wp-content\/uploads\/2026\/03\/Gemini_Generated_Image_ilm4kjilm4kjilm4-1.png","datePublished":"2026-03-15T09:15:47+00:00","author":{"@id":"https:\/\/www.correiobraziliense.com.br\/cbradar\/#\/schema\/person\/7356666e12ec0ee53f348ee5db227032"},"description":"Receita simples com iogurte, chia, linha\u00e7a e nozes re\u00fane \u00f4mega-3 e nutrientes que podem ajudar mem\u00f3ria, concentra\u00e7\u00e3o e sa\u00fade do c\u00e9rebro.","breadcrumb":{"@id":"https:\/\/www.correiobraziliense.com.br\/cbradar\/a-receita-com-omega-3-que-ajuda-a-nutrir-o-cerebro-e-melhorar-a-concentracao\/#breadcrumb"},"inLanguage":"pt-BR","potentialAction":[{"@type":"ReadAction","target":["https:\/\/www.correiobraziliense.com.br\/cbradar\/a-receita-com-omega-3-que-ajuda-a-nutrir-o-cerebro-e-melhorar-a-concentracao\/"]}]},{"@type":"ImageObject","inLanguage":"pt-BR","@id":"https:\/\/www.correiobraziliense.com.br\/cbradar\/a-receita-com-omega-3-que-ajuda-a-nutrir-o-cerebro-e-melhorar-a-concentracao\/#primaryimage","url":"https:\/\/www.correiobraziliense.com.br\/cbradar\/wp-content\/uploads\/2026\/03\/Gemini_Generated_Image_ilm4kjilm4kjilm4-1.png","contentUrl":"https:\/\/www.correiobraziliense.com.br\/cbradar\/wp-content\/uploads\/2026\/03\/Gemini_Generated_Image_ilm4kjilm4kjilm4-1.png","width":1280,"height":720,"caption":"Uma forma pr\u00e1tica de aproveitar o \u00f4mega-3 no dia a dia \u00e9 preparar um creme funcional de iogurte com chia, linha\u00e7a e nozes"},{"@type":"BreadcrumbList","@id":"https:\/\/www.correiobraziliense.com.br\/cbradar\/a-receita-com-omega-3-que-ajuda-a-nutrir-o-cerebro-e-melhorar-a-concentracao\/#breadcrumb","itemListElement":[{"@type":"ListItem","position":1,"name":"In\u00edcio","item":"https:\/\/www.correiobraziliense.com.br\/cbradar\/"},{"@type":"ListItem","position":2,"name":"A receita com \u00f4mega-3 que ajuda a nutrir o c\u00e9rebro e melhorar a concentra\u00e7\u00e3o"}]},{"@type":"WebSite","@id":"https:\/\/www.correiobraziliense.com.br\/cbradar\/#website","url":"https:\/\/www.correiobraziliense.com.br\/cbradar\/","name":"Correio Braziliense - Radar","description":"Acompanhe as \u00faltimas not\u00edcias e fique bem informado sobre tudo o que acontece no Brasil e no mundo.","potentialAction":[{"@type":"SearchAction","target":{"@type":"EntryPoint","urlTemplate":"https:\/\/www.correiobraziliense.com.br\/cbradar\/?s={search_term_string}"},"query-input":{"@type":"PropertyValueSpecification","valueRequired":true,"valueName":"search_term_string"}}],"inLanguage":"pt-BR"},{"@type":"Person","@id":"https:\/\/www.correiobraziliense.com.br\/cbradar\/#\/schema\/person\/7356666e12ec0ee53f348ee5db227032","name":"Daniely Cardoso","image":{"@type":"ImageObject","inLanguage":"pt-BR","@id":"https:\/\/www.correiobraziliense.com.br\/cbradar\/#\/schema\/person\/image\/","url":"https:\/\/secure.gravatar.com\/avatar\/4b80ddbd124d1f071b626d52d62e5dff?s=96&d=mm&r=g","contentUrl":"https:\/\/secure.gravatar.com\/avatar\/4b80ddbd124d1f071b626d52d62e5dff?s=96&d=mm&r=g","caption":"Daniely Cardoso"},"description":"Redatora nos portais CB Radar e EM Foco, formada pela Universidade Federal de Goi\u00e1s, em Goi\u00e2nia. Apaixonada por comunica\u00e7\u00e3o, arte, decora\u00e7\u00e3o e tend\u00eancias, atuo na produ\u00e7\u00e3o de conte\u00fados envolventes sobre curiosidades, moda, beleza e paisagismo, sempre com um olhar atento \u00e0s novidades do momento.","sameAs":["https:\/\/www.correiobraziliense.com.br\/cbradar"],"url":"https:\/\/www.correiobraziliense.com.br\/cbradar\/author\/danielymyth\/"}]}},"_links":{"self":[{"href":"https:\/\/www.correiobraziliense.com.br\/cbradar\/wp-json\/wp\/v2\/posts\/208498","targetHints":{"allow":["GET"]}}],"collection":[{"href":"https:\/\/www.correiobraziliense.com.br\/cbradar\/wp-json\/wp\/v2\/posts"}],"about":[{"href":"https:\/\/www.correiobraziliense.com.br\/cbradar\/wp-json\/wp\/v2\/types\/post"}],"author":[{"embeddable":true,"href":"https:\/\/www.correiobraziliense.com.br\/cbradar\/wp-json\/wp\/v2\/users\/9"}],"replies":[{"embeddable":true,"href":"https:\/\/www.correiobraziliense.com.br\/cbradar\/wp-json\/wp\/v2\/comments?post=208498"}],"version-history":[{"count":2,"href":"https:\/\/www.correiobraziliense.com.br\/cbradar\/wp-json\/wp\/v2\/posts\/208498\/revisions"}],"predecessor-version":[{"id":208576,"href":"https:\/\/www.correiobraziliense.com.br\/cbradar\/wp-json\/wp\/v2\/posts\/208498\/revisions\/208576"}],"wp:featuredmedia":[{"embeddable":true,"href":"https:\/\/www.correiobraziliense.com.br\/cbradar\/wp-json\/wp\/v2\/media\/208575"}],"wp:attachment":[{"href":"https:\/\/www.correiobraziliense.com.br\/cbradar\/wp-json\/wp\/v2\/media?parent=208498"}],"wp:term":[{"taxonomy":"category","embeddable":true,"href":"https:\/\/www.correiobraziliense.com.br\/cbradar\/wp-json\/wp\/v2\/categories?post=208498"},{"taxonomy":"post_tag","embeddable":true,"href":"https:\/\/www.correiobraziliense.com.br\/cbradar\/wp-json\/wp\/v2\/tags?post=208498"}],"curies":[{"name":"wp","href":"https:\/\/api.w.org\/{rel}","templated":true}]}}