{"id":208500,"date":"2026-03-15T08:05:01","date_gmt":"2026-03-15T11:05:01","guid":{"rendered":"https:\/\/www.correiobraziliense.com.br\/cbradar\/?p=208500"},"modified":"2026-03-14T15:53:49","modified_gmt":"2026-03-14T18:53:49","slug":"os-5-perfumes-da-granado-que-lembram-fragrancias-importadas-famosas","status":"publish","type":"post","link":"https:\/\/www.correiobraziliense.com.br\/cbradar\/os-5-perfumes-da-granado-que-lembram-fragrancias-importadas-famosas\/","title":{"rendered":"Os 5 perfumes da Granado que lembram fragr\u00e2ncias importadas famosas"},"content":{"rendered":"\n<p>Voc\u00ea j\u00e1 ficou namorando um perfume importado, fazendo mil contas na cabe\u00e7a, e no fim acabou desistindo por causa do pre\u00e7o ou da dificuldade de encontrar? Cada vez mais, quem ama fragr\u00e2ncias tem descoberto que os <strong>perfumes da Granado<\/strong> conseguem entregar um clima bem parecido com nomes internacionais, mas com jeitinho brasileiro, f\u00e1ceis de achar e por um valor bem mais amigo do bolso.<\/p>\n\n\n\n<h2 class=\"wp-block-heading\">Quais s\u00e3o os perfumes da Granado que lembram importados famosos<\/h2>\n\n\n\n<p>Entre os consumidores, a compara\u00e7\u00e3o entre <strong>perfumes nacionais da Granado<\/strong> e importados costuma girar em torno de tr\u00eas pontos principais: semelhan\u00e7a do cheiro, desempenho na pele e custo-benef\u00edcio. Com os pre\u00e7os dos perfumes estrangeiros ainda altos, muita gente passou a buscar op\u00e7\u00f5es que remetam ao estilo de fragr\u00e2ncias famosas, sem serem c\u00f3pias.<\/p>\n\n\n\n<p>Nesse contexto, cinco perfumes da marca ganharam destaque: <strong>Granado \u00c9poque Tropical<\/strong>, <strong>Granado Jardim Real<\/strong>, <strong>Granado Nostalgia<\/strong>, <strong>Granado Col\u00f4nia Vintage<\/strong> e <strong>Granado Terrapeutics Lavanda<\/strong>. Cada um conversa com um tipo de perfume importado diferente, indo dos florais elegantes aos c\u00edtricos fresquinhos, perfeitos para o dia a dia.<\/p>\n\n\n<div class=\"wp-block-image\">\n<figure class=\"aligncenter size-full\"><img decoding=\"async\" width=\"1280\" height=\"720\" src=\"https:\/\/www.correiobraziliense.com.br\/cbradar\/wp-content\/uploads\/2026\/03\/Gemini_Generated_Image_50q35950q35950q3-1.png\" alt=\"\" class=\"wp-image-207333\" srcset=\"https:\/\/www.correiobraziliense.com.br\/cbradar\/wp-content\/uploads\/2026\/03\/Gemini_Generated_Image_50q35950q35950q3-1.png 1280w, https:\/\/www.correiobraziliense.com.br\/cbradar\/wp-content\/uploads\/2026\/03\/Gemini_Generated_Image_50q35950q35950q3-1-300x169.png 300w, https:\/\/www.correiobraziliense.com.br\/cbradar\/wp-content\/uploads\/2026\/03\/Gemini_Generated_Image_50q35950q35950q3-1-768x432.png 768w, https:\/\/www.correiobraziliense.com.br\/cbradar\/wp-content\/uploads\/2026\/03\/Gemini_Generated_Image_50q35950q35950q3-1-750x422.png 750w, https:\/\/www.correiobraziliense.com.br\/cbradar\/wp-content\/uploads\/2026\/03\/Gemini_Generated_Image_50q35950q35950q3-1-1140x641.png 1140w\" sizes=\"(max-width: 1280px) 100vw, 1280px\" \/><figcaption class=\"wp-element-caption\">Para encontrar perfumes do Botic\u00e1rio que duram o dia inteiro, vale observar alguns pontos simples<\/figcaption><\/figure><\/div>\n\n\n<p>Leia tamb\u00e9m:&nbsp;<a href=\"https:\/\/www.correiobraziliense.com.br\/cbradar\/4-batons-do-boticario-que-nao-borram-e-duram-por-horas-nos-labios\/\" target=\"_blank\" rel=\"noopener\">4 batons do Botic\u00e1rio que n\u00e3o borram e duram por horas nos l\u00e1bios<\/a><\/p>\n\n\n\n<h2 class=\"wp-block-heading\">Como o \u00c9poque Tropical lembra florais importados com toque brasileiro<\/h2>\n\n\n\n<p>O <strong>Granado \u00c9poque Tropical<\/strong> chama a aten\u00e7\u00e3o de quem gosta de florais sofisticados, mas quer algo leve para o clima quente. Ele mistura notas c\u00edtricas frescas, flores brancas e um fundo levemente amadeirado, lembrando perfumes importados conhecidos pela eleg\u00e2ncia discreta.<\/p>\n\n\n\n<p>Esse tipo de constru\u00e7\u00e3o \u00e9 comum em casas de perfumaria de luxo: sa\u00edda luminosa, corpo floral marcante e base cremosa ou amadeirada. O \u00c9poque Tropical entra exatamente nessa fam\u00edlia, sendo \u00f3tima escolha para trabalho, reuni\u00f5es e uso di\u00e1rio, especialmente em dias quentes, quando muitos importados podem pesar.<\/p>\n\n\n\n<figure class=\"wp-block-embed is-type-rich is-provider-pinterest wp-block-embed-pinterest\"><div class=\"wp-block-embed__wrapper\">\n<iframe loading=\"lazy\" title=\"Granado Pharm\u00e1cias | Granado Pharm\u00e1cias\" src=\"https:\/\/assets.pinterest.com\/ext\/embed.html?id=18788523440972663&#038;src=oembed\" height=\"678\" width=\"450\" frameborder=\"0\" scrolling=\"no\" ><\/iframe>\n<\/div><\/figure>\n\n\n\n<h2 class=\"wp-block-heading\">Como Jardim Real e Nostalgia evocam cl\u00e1ssicos internacionais<\/h2>\n\n\n\n<p>O <strong>Granado Jardim Real<\/strong> costuma ser comparado a <em>eaux de parfum<\/em> florais europeias, por ter um perfil delicado, limpo e marcante ao mesmo tempo. A mistura de flores, notas verdes e um toque c\u00edtrico cria a sensa\u00e7\u00e3o de jardim cl\u00e1ssico, bem no estilo de perfumarias francesas mais tradicionais.<\/p>\n\n\n\n<p>J\u00e1 o <strong>Granado Nostalgia<\/strong> segue uma linha mais atalcada, com aquele cheirinho que lembra p\u00f3 de arroz, violeta e perfumes de outras \u00e9pocas. Ele conversa com fragr\u00e2ncias importadas de inspira\u00e7\u00e3o vintage, mas com uma leitura mais leve e atual, ideal para quem gosta de algo elegante, aconchegante e com cara de \u201cperfume de mem\u00f3ria\u201d.<\/p>\n\n\n\n<figure class=\"wp-block-embed is-type-rich is-provider-pinterest wp-block-embed-pinterest\"><div class=\"wp-block-embed__wrapper\">\n<iframe loading=\"lazy\" title=\"Jardim Real, Granado\" src=\"https:\/\/assets.pinterest.com\/ext\/embed.html?id=6122149488830000&#038;src=oembed\" height=\"699\" width=\"450\" frameborder=\"0\" scrolling=\"no\" ><\/iframe>\n<\/div><\/figure>\n\n\n\n<figure class=\"wp-block-embed is-type-rich is-provider-pinterest wp-block-embed-pinterest\"><div class=\"wp-block-embed__wrapper\">\n<iframe loading=\"lazy\" title=\"Granado Perfumes\" src=\"https:\/\/assets.pinterest.com\/ext\/embed.html?id=26599454045730766&#038;src=oembed\" height=\"699\" width=\"450\" frameborder=\"0\" scrolling=\"no\" ><\/iframe>\n<\/div><\/figure>\n\n\n\n<h2 class=\"wp-block-heading\">Quais s\u00e3o os diferenciais de Jardim Real e Nostalgia no uso di\u00e1rio<\/h2>\n\n\n\n<p>Para quem busca perfumes que combinem com ocasi\u00f5es mais formais, mas tamb\u00e9m funcionem no dia a dia, Jardim Real e Nostalgia acabam virando verdadeiros curingas. Eles equilibram presen\u00e7a e discri\u00e7\u00e3o, sem invadir o espa\u00e7o de quem est\u00e1 em volta, sendo \u00f3timos para quem trabalha em ambiente fechado.<\/p>\n\n\n\n<ul class=\"wp-block-list\">\n<li><strong>Jardim Real<\/strong>: alternativa a florais elegantes, vers\u00e1teis e com aquele \u201car de perfume importado\u201d.<\/li>\n\n\n\n<li><strong>Nostalgia<\/strong>: perfeito para quem ama perfumes atalcados, rom\u00e2nticos e com pegada retr\u00f4.<\/li>\n\n\n\n<li>Ambos funcionam bem em trabalho, eventos sociais e momentos em que se busca um aroma marcante, por\u00e9m suave.<\/li>\n<\/ul>\n\n\n\n<h2 class=\"wp-block-heading\">Como Col\u00f4nia Vintage e Lavanda substituem c\u00edtricos e arom\u00e1ticos importados<\/h2>\n\n\n\n<p>Entre os <strong>perfumes Granado que substituem importados<\/strong>, a <strong>Col\u00f4nia Vintage<\/strong> \u00e9 vista como \u00f3tima alternativa \u00e0s col\u00f4nias c\u00edtricas europeias tradicionais, com cheirinho de banho tomado e frescor prolongado. Ela aposta em notas como lim\u00e3o e bergamota, com um fundo levemente amadeirado, no estilo das col\u00f4nias usadas h\u00e1 d\u00e9cadas como \u201ccheiro assinatura\u201d.<\/p>\n\n\n\n<p>J\u00e1 a linha <strong>Granado Terrapeutics Lavanda<\/strong>, principalmente nas vers\u00f5es mais concentradas, entra na categoria dos arom\u00e1ticos de lavanda que lembram cl\u00e1ssicos internacionais. A combina\u00e7\u00e3o de lavanda, ervas e toques confort\u00e1veis de musk ou madeira cria um perfume calmo, limpo e aconchegante, muito semelhante a fragr\u00e2ncias estrangeiras famosas nesse estilo.<\/p>\n\n\n\n<figure class=\"wp-block-embed is-type-rich is-provider-pinterest wp-block-embed-pinterest\"><div class=\"wp-block-embed__wrapper\">\n<iframe loading=\"lazy\" title=\"Col\u00f4nia Granado S\u00e2ndalo e Cardamomo 300ml\" src=\"https:\/\/assets.pinterest.com\/ext\/embed.html?id=4593812470001328896&#038;src=oembed\" height=\"550\" width=\"450\" frameborder=\"0\" scrolling=\"no\" ><\/iframe>\n<\/div><\/figure>\n\n\n\n<figure class=\"wp-block-embed is-type-rich is-provider-pinterest wp-block-embed-pinterest\"><div class=\"wp-block-embed__wrapper\">\n<iframe loading=\"lazy\" title=\"Deo Col\u00f4nia Terrapeutics Granado Lavanda &amp; Cedro 230ml\" src=\"https:\/\/assets.pinterest.com\/ext\/embed.html?id=272186371222618395&#038;src=oembed\" height=\"550\" width=\"450\" frameborder=\"0\" scrolling=\"no\" ><\/iframe>\n<\/div><\/figure>\n\n\n\n<h2 class=\"wp-block-heading\">Como escolher entre perfumes da Granado e importados para seu dia a dia<\/h2>\n\n\n\n<p>Na hora de decidir entre <strong>perfumes nacionais da Granado<\/strong> e importados, vale pensar no objetivo de uso e no seu or\u00e7amento. Se a ideia \u00e9 ter um perfume assinatura, f\u00e1cil de repor e com pre\u00e7o mais controlado, essas op\u00e7\u00f5es da Granado que lembram fragr\u00e2ncias internacionais s\u00e3o um excelente caminho.<\/p>\n\n\n\n<p>Muita gente acaba usando o perfume nacional no dia a dia e guarda o importado para ocasi\u00f5es especiais, justamente porque o estilo \u00e9 parecido. Assim, os <strong>5 perfumes nacionais da Granado que substituem importados<\/strong> ganham espa\u00e7o fixo na rotina, oferecendo versatilidade, economia e o conforto de saber que ser\u00e1 simples encontrar outro frasco quando o seu acabar.<\/p>\n","protected":false},"excerpt":{"rendered":"<p>Voc\u00ea j\u00e1 ficou namorando um perfume importado, fazendo mil contas na cabe\u00e7a, e no fim acabou desistindo por causa do pre\u00e7o ou da dificuldade de encontrar? Cada vez mais, quem ama fragr\u00e2ncias tem descoberto que os perfumes da Granado conseguem entregar um clima bem parecido com nomes internacionais, mas com jeitinho brasileiro, f\u00e1ceis de achar [&hellip;]<\/p>\n","protected":false},"author":9,"featured_media":208701,"comment_status":"open","ping_status":"open","sticky":false,"template":"","format":"standard","meta":{"_yoast_wpseo_focuskw":"perfumes da Granado","_yoast_wpseo_title":"","_yoast_wpseo_metadesc":"Conhe\u00e7a 5 perfumes da Granado que lembram fragr\u00e2ncias importadas famosas e oferecem eleg\u00e2ncia, frescor e \u00f3timo custo-benef\u00edcio.","jnews-multi-image_gallery":[],"jnews_single_post":{"format":"standard"},"jnews_primary_category":[],"jnews_social_meta":[],"jnews_override_counter":[],"footnotes":""},"categories":[119,4404],"tags":[16126,747,16125],"class_list":["post-208500","post","type-post","status-publish","format-standard","has-post-thumbnail","hentry","category-bem-estar","category-saude","tag-granado","tag-perfumes","tag-perfumes-nacionais-da-granado"],"yoast_head":"<!-- This site is optimized with the Yoast SEO plugin v24.6 - https:\/\/yoast.com\/wordpress\/plugins\/seo\/ -->\n<title>Os 5 perfumes da Granado que lembram fragr\u00e2ncias importadas famosas - Correio Braziliense - Radar<\/title>\n<meta name=\"description\" content=\"Conhe\u00e7a 5 perfumes da Granado que lembram fragr\u00e2ncias importadas famosas e oferecem eleg\u00e2ncia, frescor e \u00f3timo custo-benef\u00edcio.\" \/>\n<meta name=\"robots\" content=\"index, follow, max-snippet:-1, max-image-preview:large, max-video-preview:-1\" \/>\n<link rel=\"canonical\" href=\"https:\/\/www.correiobraziliense.com.br\/cbradar\/os-5-perfumes-da-granado-que-lembram-fragrancias-importadas-famosas\/\" \/>\n<meta property=\"og:locale\" content=\"pt_BR\" \/>\n<meta property=\"og:type\" content=\"article\" \/>\n<meta property=\"og:title\" content=\"Os 5 perfumes da Granado que lembram fragr\u00e2ncias importadas famosas - Correio Braziliense - Radar\" \/>\n<meta property=\"og:description\" content=\"Conhe\u00e7a 5 perfumes da Granado que lembram fragr\u00e2ncias importadas famosas e oferecem eleg\u00e2ncia, frescor e \u00f3timo custo-benef\u00edcio.\" \/>\n<meta property=\"og:url\" content=\"https:\/\/www.correiobraziliense.com.br\/cbradar\/os-5-perfumes-da-granado-que-lembram-fragrancias-importadas-famosas\/\" \/>\n<meta property=\"og:site_name\" content=\"Correio Braziliense - Radar\" \/>\n<meta property=\"article:published_time\" content=\"2026-03-15T11:05:01+00:00\" \/>\n<meta property=\"og:image\" content=\"https:\/\/www.correiobraziliense.com.br\/cbradar\/wp-content\/uploads\/2026\/03\/Gemini_Generated_Image_exjrneexjrneexjr-1.png\" \/>\n\t<meta property=\"og:image:width\" content=\"1280\" \/>\n\t<meta property=\"og:image:height\" content=\"720\" \/>\n\t<meta property=\"og:image:type\" content=\"image\/png\" \/>\n<meta name=\"author\" content=\"Daniely Cardoso\" \/>\n<meta name=\"twitter:card\" content=\"summary_large_image\" \/>\n<meta name=\"twitter:label1\" content=\"Escrito por\" \/>\n\t<meta name=\"twitter:data1\" content=\"Daniely Cardoso\" \/>\n\t<meta name=\"twitter:label2\" content=\"Est. tempo de leitura\" \/>\n\t<meta name=\"twitter:data2\" content=\"5 minutos\" \/>\n<!-- \/ Yoast SEO plugin. -->","yoast_head_json":{"title":"Os 5 perfumes da Granado que lembram fragr\u00e2ncias importadas famosas - Correio Braziliense - Radar","description":"Conhe\u00e7a 5 perfumes da Granado que lembram fragr\u00e2ncias importadas famosas e oferecem eleg\u00e2ncia, frescor e \u00f3timo custo-benef\u00edcio.","robots":{"index":"index","follow":"follow","max-snippet":"max-snippet:-1","max-image-preview":"max-image-preview:large","max-video-preview":"max-video-preview:-1"},"canonical":"https:\/\/www.correiobraziliense.com.br\/cbradar\/os-5-perfumes-da-granado-que-lembram-fragrancias-importadas-famosas\/","og_locale":"pt_BR","og_type":"article","og_title":"Os 5 perfumes da Granado que lembram fragr\u00e2ncias importadas famosas - Correio Braziliense - Radar","og_description":"Conhe\u00e7a 5 perfumes da Granado que lembram fragr\u00e2ncias importadas famosas e oferecem eleg\u00e2ncia, frescor e \u00f3timo custo-benef\u00edcio.","og_url":"https:\/\/www.correiobraziliense.com.br\/cbradar\/os-5-perfumes-da-granado-que-lembram-fragrancias-importadas-famosas\/","og_site_name":"Correio Braziliense - Radar","article_published_time":"2026-03-15T11:05:01+00:00","og_image":[{"width":1280,"height":720,"url":"https:\/\/www.correiobraziliense.com.br\/cbradar\/wp-content\/uploads\/2026\/03\/Gemini_Generated_Image_exjrneexjrneexjr-1.png","type":"image\/png"}],"author":"Daniely Cardoso","twitter_card":"summary_large_image","twitter_misc":{"Escrito por":"Daniely Cardoso","Est. tempo de leitura":"5 minutos"},"schema":{"@context":"https:\/\/schema.org","@graph":[{"@type":"WebPage","@id":"https:\/\/www.correiobraziliense.com.br\/cbradar\/os-5-perfumes-da-granado-que-lembram-fragrancias-importadas-famosas\/","url":"https:\/\/www.correiobraziliense.com.br\/cbradar\/os-5-perfumes-da-granado-que-lembram-fragrancias-importadas-famosas\/","name":"Os 5 perfumes da Granado que lembram fragr\u00e2ncias importadas famosas - Correio Braziliense - Radar","isPartOf":{"@id":"https:\/\/www.correiobraziliense.com.br\/cbradar\/#website"},"primaryImageOfPage":{"@id":"https:\/\/www.correiobraziliense.com.br\/cbradar\/os-5-perfumes-da-granado-que-lembram-fragrancias-importadas-famosas\/#primaryimage"},"image":{"@id":"https:\/\/www.correiobraziliense.com.br\/cbradar\/os-5-perfumes-da-granado-que-lembram-fragrancias-importadas-famosas\/#primaryimage"},"thumbnailUrl":"https:\/\/www.correiobraziliense.com.br\/cbradar\/wp-content\/uploads\/2026\/03\/Gemini_Generated_Image_exjrneexjrneexjr-1.png","datePublished":"2026-03-15T11:05:01+00:00","author":{"@id":"https:\/\/www.correiobraziliense.com.br\/cbradar\/#\/schema\/person\/7356666e12ec0ee53f348ee5db227032"},"description":"Conhe\u00e7a 5 perfumes da Granado que lembram fragr\u00e2ncias importadas famosas e oferecem eleg\u00e2ncia, frescor e \u00f3timo custo-benef\u00edcio.","breadcrumb":{"@id":"https:\/\/www.correiobraziliense.com.br\/cbradar\/os-5-perfumes-da-granado-que-lembram-fragrancias-importadas-famosas\/#breadcrumb"},"inLanguage":"pt-BR","potentialAction":[{"@type":"ReadAction","target":["https:\/\/www.correiobraziliense.com.br\/cbradar\/os-5-perfumes-da-granado-que-lembram-fragrancias-importadas-famosas\/"]}]},{"@type":"ImageObject","inLanguage":"pt-BR","@id":"https:\/\/www.correiobraziliense.com.br\/cbradar\/os-5-perfumes-da-granado-que-lembram-fragrancias-importadas-famosas\/#primaryimage","url":"https:\/\/www.correiobraziliense.com.br\/cbradar\/wp-content\/uploads\/2026\/03\/Gemini_Generated_Image_exjrneexjrneexjr-1.png","contentUrl":"https:\/\/www.correiobraziliense.com.br\/cbradar\/wp-content\/uploads\/2026\/03\/Gemini_Generated_Image_exjrneexjrneexjr-1.png","width":1280,"height":720,"caption":"Esse tipo de constru\u00e7\u00e3o \u00e9 comum em casas de perfumaria de luxo"},{"@type":"BreadcrumbList","@id":"https:\/\/www.correiobraziliense.com.br\/cbradar\/os-5-perfumes-da-granado-que-lembram-fragrancias-importadas-famosas\/#breadcrumb","itemListElement":[{"@type":"ListItem","position":1,"name":"In\u00edcio","item":"https:\/\/www.correiobraziliense.com.br\/cbradar\/"},{"@type":"ListItem","position":2,"name":"Os 5 perfumes da Granado que lembram fragr\u00e2ncias importadas famosas"}]},{"@type":"WebSite","@id":"https:\/\/www.correiobraziliense.com.br\/cbradar\/#website","url":"https:\/\/www.correiobraziliense.com.br\/cbradar\/","name":"Correio Braziliense - Radar","description":"Acompanhe as \u00faltimas not\u00edcias e fique bem informado sobre tudo o que acontece no Brasil e no mundo.","potentialAction":[{"@type":"SearchAction","target":{"@type":"EntryPoint","urlTemplate":"https:\/\/www.correiobraziliense.com.br\/cbradar\/?s={search_term_string}"},"query-input":{"@type":"PropertyValueSpecification","valueRequired":true,"valueName":"search_term_string"}}],"inLanguage":"pt-BR"},{"@type":"Person","@id":"https:\/\/www.correiobraziliense.com.br\/cbradar\/#\/schema\/person\/7356666e12ec0ee53f348ee5db227032","name":"Daniely Cardoso","image":{"@type":"ImageObject","inLanguage":"pt-BR","@id":"https:\/\/www.correiobraziliense.com.br\/cbradar\/#\/schema\/person\/image\/","url":"https:\/\/secure.gravatar.com\/avatar\/4b80ddbd124d1f071b626d52d62e5dff?s=96&d=mm&r=g","contentUrl":"https:\/\/secure.gravatar.com\/avatar\/4b80ddbd124d1f071b626d52d62e5dff?s=96&d=mm&r=g","caption":"Daniely Cardoso"},"description":"Redatora nos portais CB Radar e EM Foco, formada pela Universidade Federal de Goi\u00e1s, em Goi\u00e2nia. Apaixonada por comunica\u00e7\u00e3o, arte, decora\u00e7\u00e3o e tend\u00eancias, atuo na produ\u00e7\u00e3o de conte\u00fados envolventes sobre curiosidades, moda, beleza e paisagismo, sempre com um olhar atento \u00e0s novidades do momento.","sameAs":["https:\/\/www.correiobraziliense.com.br\/cbradar"],"url":"https:\/\/www.correiobraziliense.com.br\/cbradar\/author\/danielymyth\/"}]}},"_links":{"self":[{"href":"https:\/\/www.correiobraziliense.com.br\/cbradar\/wp-json\/wp\/v2\/posts\/208500","targetHints":{"allow":["GET"]}}],"collection":[{"href":"https:\/\/www.correiobraziliense.com.br\/cbradar\/wp-json\/wp\/v2\/posts"}],"about":[{"href":"https:\/\/www.correiobraziliense.com.br\/cbradar\/wp-json\/wp\/v2\/types\/post"}],"author":[{"embeddable":true,"href":"https:\/\/www.correiobraziliense.com.br\/cbradar\/wp-json\/wp\/v2\/users\/9"}],"replies":[{"embeddable":true,"href":"https:\/\/www.correiobraziliense.com.br\/cbradar\/wp-json\/wp\/v2\/comments?post=208500"}],"version-history":[{"count":2,"href":"https:\/\/www.correiobraziliense.com.br\/cbradar\/wp-json\/wp\/v2\/posts\/208500\/revisions"}],"predecessor-version":[{"id":208703,"href":"https:\/\/www.correiobraziliense.com.br\/cbradar\/wp-json\/wp\/v2\/posts\/208500\/revisions\/208703"}],"wp:featuredmedia":[{"embeddable":true,"href":"https:\/\/www.correiobraziliense.com.br\/cbradar\/wp-json\/wp\/v2\/media\/208701"}],"wp:attachment":[{"href":"https:\/\/www.correiobraziliense.com.br\/cbradar\/wp-json\/wp\/v2\/media?parent=208500"}],"wp:term":[{"taxonomy":"category","embeddable":true,"href":"https:\/\/www.correiobraziliense.com.br\/cbradar\/wp-json\/wp\/v2\/categories?post=208500"},{"taxonomy":"post_tag","embeddable":true,"href":"https:\/\/www.correiobraziliense.com.br\/cbradar\/wp-json\/wp\/v2\/tags?post=208500"}],"curies":[{"name":"wp","href":"https:\/\/api.w.org\/{rel}","templated":true}]}}