{"id":208502,"date":"2026-03-15T09:25:14","date_gmt":"2026-03-15T12:25:14","guid":{"rendered":"https:\/\/www.correiobraziliense.com.br\/cbradar\/?p=208502"},"modified":"2026-03-14T16:01:39","modified_gmt":"2026-03-14T19:01:39","slug":"as-5-bases-da-vult-que-duram-o-dia-todo-e-entregam-cobertura-impecavel","status":"publish","type":"post","link":"https:\/\/www.correiobraziliense.com.br\/cbradar\/as-5-bases-da-vult-que-duram-o-dia-todo-e-entregam-cobertura-impecavel\/","title":{"rendered":"As 5 bases da Vult que duram o dia todo e entregam cobertura impec\u00e1vel"},"content":{"rendered":"\n<p>Voc\u00ea j\u00e1 se olhou no espelho no meio da tarde e pensou: \u201cMinha base sumiu, cad\u00ea a <strong>maquiagem<\/strong> que eu fiz de <b>manh\u00e3<\/b>?\u201d Se isso j\u00e1 aconteceu com voc\u00ea, saiba que n\u00e3o est\u00e1 sozinha. Muita gente procura uma <b>base<\/b> que aguente a rotina, segure a oleosidade e ainda entregue boa cobertura, sem precisar de mil retoques. No caso das bases da Vult, essa busca costuma envolver produtos acess\u00edveis, com acabamento bonito na pele e resultado uniforme ao longo do dia, por isso a express\u00e3o <strong>bases<\/strong> da Vult que duram o dia todo vem ganhando tanto destaque.<\/p>\n\n\n\n<h2 class=\"wp-block-heading\">Por que as bases da Vult funcionam t\u00e3o bem no dia a dia<\/h2>\n\n\n\n<p>A Vult conquistou espa\u00e7o entre as marcas nacionais por oferecer bases com <b>texturas<\/b> diferentes \u2013 fluida, cremosa e matte \u2013 mantendo pre\u00e7os acess\u00edveis. Outro ponto forte \u00e9 a <strong>variedade<\/strong> de tons, o que ajuda quem busca um resultado mais natural, sem aquele efeito de m\u00e1scara.<\/p>\n\n\n\n<p>Al\u00e9m do valor amigo, a marca investe em f\u00f3rmulas com <strong>longa<\/strong> dura\u00e7\u00e3o e controle de brilho, pensadas principalmente para peles mistas e oleosas, muito comuns no clima brasileiro. Assim, muitas linhas da Vult funcionam bem em rotinas longas de trabalho, estudo e eventos, sem exigir <b>retoques<\/b> constantes.<\/p>\n\n\n\n<figure class=\"wp-block-image size-full\"><img decoding=\"async\" width=\"1280\" height=\"720\" src=\"https:\/\/www.correiobraziliense.com.br\/cbradar\/wp-content\/uploads\/2026\/03\/Gemini_Generated_Image_7encyx7encyx7enc-1.png\" alt=\"\" class=\"wp-image-208380\" srcset=\"https:\/\/www.correiobraziliense.com.br\/cbradar\/wp-content\/uploads\/2026\/03\/Gemini_Generated_Image_7encyx7encyx7enc-1.png 1280w, https:\/\/www.correiobraziliense.com.br\/cbradar\/wp-content\/uploads\/2026\/03\/Gemini_Generated_Image_7encyx7encyx7enc-1-300x169.png 300w, https:\/\/www.correiobraziliense.com.br\/cbradar\/wp-content\/uploads\/2026\/03\/Gemini_Generated_Image_7encyx7encyx7enc-1-768x432.png 768w, https:\/\/www.correiobraziliense.com.br\/cbradar\/wp-content\/uploads\/2026\/03\/Gemini_Generated_Image_7encyx7encyx7enc-1-750x422.png 750w, https:\/\/www.correiobraziliense.com.br\/cbradar\/wp-content\/uploads\/2026\/03\/Gemini_Generated_Image_7encyx7encyx7enc-1-1140x641.png 1140w\" sizes=\"(max-width: 1280px) 100vw, 1280px\" \/><figcaption class=\"wp-element-caption\">Um corretivo realmente eficiente une tr\u00eas pontos: boa cobertura, durabilidade e conforto na pele<\/figcaption><\/figure>\n\n\n\n<p>Leia tamb\u00e9m:&nbsp;<a href=\"https:\/\/www.correiobraziliense.com.br\/cbradar\/4-perfumes-refrescantes-da-mary-kay-que-deixam-cheiro-de-banho-tomado-o-dia-inteiro\/\" target=\"_blank\" rel=\"noopener\">4 perfumes refrescantes da Mary Kay que deixam cheiro de banho tomado o dia inteiro<\/a><\/p>\n\n\n\n<h2 class=\"wp-block-heading\">Quais s\u00e3o as 5 bases da Vult que duram o dia todo e t\u00eam boa cobertura<\/h2>\n\n\n\n<p>Entre as v\u00e1rias op\u00e7\u00f5es da marca, algumas linhas se destacam por unir <b>cobertura<\/b> eficiente e boa resist\u00eancia ao calor, \u00e0 umidade e ao atrito leve do dia a dia. Cada uma atende a um tipo de pele e a um estilo de acabamento, do mais sequinho ao mais <strong>natural<\/strong>.<\/p>\n\n\n\n<p>A seguir, voc\u00ea confere cinco bases da Vult conhecidas por essa combina\u00e7\u00e3o de boa cobertura e longa perman\u00eancia na pele, para facilitar sua <strong>escolha<\/strong> conforme a sua rotina e o efeito que voc\u00ea gosta no <b>espelho<\/b>.<\/p>\n\n\n\n<ul class=\"wp-block-list\">\n<li><strong>Base L\u00edquida Vult Efeito Matte<\/strong><br><p>Indicada para peles mistas e oleosas, essa base \u00e9 famosa pelo acabamento opaco e sensa\u00e7\u00e3o seca ao toque. A cobertura vai de <b>m\u00e9dia<\/b> a alta e pode ser constru\u00edda em camadas, sem pesar quando aplicada com <strong>modera\u00e7\u00e3o<\/strong>.<\/p><\/li>\n<\/ul>\n\n\n\n<figure class=\"wp-block-embed is-type-rich is-provider-pinterest wp-block-embed-pinterest\"><div class=\"wp-block-embed__wrapper\">\n<iframe loading=\"lazy\" title=\"Base L\u00edquida Matte Vult Matte Hidraluronic - Base Facial - Magazine Luiza\" src=\"https:\/\/assets.pinterest.com\/ext\/embed.html?id=4611263938709110528&#038;src=oembed\" height=\"550\" width=\"450\" frameborder=\"0\" scrolling=\"no\" ><\/iframe>\n<\/div><\/figure>\n\n\n\n<ul class=\"wp-block-list\">\n<li><strong>Base Vult Alta Cobertura<\/strong><br><p>Feita para quem quer <strong>cobertura<\/strong> alta, essa base ajuda a suavizar marcas, manchas e outras imperfei\u00e7\u00f5es com poucas camadas. A textura \u00e9 mais encorpada, mas, espalhada com pincel ou esponja \u00famida, fica com acabamento mais <b>homog\u00eaneo<\/b>.<\/p><\/li>\n<\/ul>\n\n\n\n<figure class=\"wp-block-embed is-type-rich is-provider-pinterest wp-block-embed-pinterest\"><div class=\"wp-block-embed__wrapper\">\n<iframe loading=\"lazy\" title=\"Base L\u00edquida Hd Alta Cobertura B-20, Vult\" src=\"https:\/\/assets.pinterest.com\/ext\/embed.html?id=660551470368434582&#038;src=oembed\" height=\"1037\" width=\"450\" frameborder=\"0\" scrolling=\"no\" ><\/iframe>\n<\/div><\/figure>\n\n\n\n<ul class=\"wp-block-list\">\n<li><strong>Base Fluida Vult<\/strong><br><p>Com textura leve e l\u00edquida, a base fluida entrega boa <b>cobertura<\/b> com apar\u00eancia mais natural, aquela vibe \u201cacordei assim, s\u00f3 que melhor\u201d. \u00c9 ideal para quem quer pele uniforme, mas com sensa\u00e7\u00e3o confort\u00e1vel, quase sem sentir o <strong>produto<\/strong>.<\/p><\/li>\n<\/ul>\n\n\n\n<figure class=\"wp-block-embed is-type-rich is-provider-pinterest wp-block-embed-pinterest\"><div class=\"wp-block-embed__wrapper\">\n<iframe loading=\"lazy\" title=\"Base Flu\u00edda Cor 01, Vult\" src=\"https:\/\/assets.pinterest.com\/ext\/embed.html?id=45669383710166692&#038;src=oembed\" height=\"550\" width=\"450\" frameborder=\"0\" scrolling=\"no\" ><\/iframe>\n<\/div><\/figure>\n\n\n\n<ul class=\"wp-block-list\">\n<li><strong>Base HD Vult (Alta Defini\u00e7\u00e3o)<\/strong><br><p>Pensada para um acabamento de alta defini\u00e7\u00e3o, essa base ajuda a suavizar a apar\u00eancia de <strong>poros<\/strong> e linhas finas, o que \u00e9 \u00f3timo para fotos, v\u00eddeos ou reuni\u00f5es online. A cobertura pode ir de m\u00e9dia a alta, dependendo da quantidade <b>aplicada<\/b>.<\/p><\/li>\n<\/ul>\n\n\n\n<figure class=\"wp-block-embed is-type-rich is-provider-pinterest wp-block-embed-pinterest\"><div class=\"wp-block-embed__wrapper\">\n<iframe loading=\"lazy\" title=\"Vult Nano Hd Base L\u00edquida 26ml - V130 - R$ 50,99\" src=\"https:\/\/assets.pinterest.com\/ext\/embed.html?id=1106689308426949382&#038;src=oembed\" height=\"924\" width=\"450\" frameborder=\"0\" scrolling=\"no\" ><\/iframe>\n<\/div><\/figure>\n\n\n\n<ul class=\"wp-block-list\">\n<li><strong>Base Vult de Longa Dura\u00e7\u00e3o (edi\u00e7\u00f5es e cole\u00e7\u00f5es espec\u00edficas)<\/strong><br><p>Nos \u00faltimos anos, a marca lan\u00e7ou algumas bases com foco expl\u00edcito em <strong>longa<\/strong> dura\u00e7\u00e3o em cole\u00e7\u00f5es sazonais e linhas especiais. Elas costumam prometer resist\u00eancia ao suor leve, maior fixa\u00e7\u00e3o e cobertura <b>consistente<\/b>.<\/p><\/li>\n<\/ul>\n\n\n\n<figure class=\"wp-block-embed is-type-rich is-provider-pinterest wp-block-embed-pinterest\"><div class=\"wp-block-embed__wrapper\">\n<iframe loading=\"lazy\" title=\"Base L\u00edquida Vult Nano HD V190 - Ikesaki - Perfumaria Online e Cosm\u00e9ticos\" src=\"https:\/\/assets.pinterest.com\/ext\/embed.html?id=4596416093667804928&#038;src=oembed\" height=\"634\" width=\"450\" frameborder=\"0\" scrolling=\"no\" ><\/iframe>\n<\/div><\/figure>\n\n\n\n<h2 class=\"wp-block-heading\">Como fazer a base da Vult durar ainda mais na sua pele<\/h2>\n\n\n\n<p>Por melhor que a base seja, a durabilidade depende muito de como a pele \u00e9 preparada e de como voc\u00ea finaliza a <strong>maquiagem<\/strong>. Alguns cuidados simples fazem diferen\u00e7a para evitar que a base marque, acumule ou saia r\u00e1pido demais ao longo do <b>dia<\/b>.<\/p>\n\n\n\n<p>Veja alguns passos pr\u00e1ticos que podem ajudar sua base Vult a resistir melhor \u00e0 rotina, principalmente se voc\u00ea lida com <strong>calor<\/strong>, oleosidade ou muitas horas fora de casa:<\/p>\n\n\n\n<ul class=\"wp-block-list\">\n<li><strong>Preparar<\/strong> a pele: manter o rosto limpo e hidratado aumenta a ader\u00eancia da base e evita aquele aspecto ressecado ou <b>craquelado<\/b>.<\/li>\n\n\n\n<li><strong>Aplicar<\/strong> primer: o primer cria uma camada que suaviza poros e linhas e melhora a fixa\u00e7\u00e3o, especialmente em \u00e1reas mais <b>oleosas<\/b>.<\/li>\n\n\n\n<li><strong>Usar<\/strong> camadas finas: construir a cobertura aos poucos costuma durar mais e marcar menos do que aplicar muito produto de uma <b>vez<\/b>.<\/li>\n\n\n\n<li><strong>Selar<\/strong> com p\u00f3: um p\u00f3 compacto ou solto, principalmente na zona T, ajuda a controlar o brilho e prolongar o efeito da <b>base<\/b>.<\/li>\n\n\n\n<li><strong>Levar<\/strong> item de retoque: lencinhos matificantes ou um p\u00f3 compacto leve salvam a maquiagem ao longo do dia sem precisar refazer <b>tudo<\/b>.<\/li>\n<\/ul>\n\n\n\n<p>No fim, a melhor base da Vult para voc\u00ea vai depender do seu tipo de <strong>pele<\/strong>, do acabamento que prefere e da sua rotina. As vers\u00f5es matte e de alta cobertura costumam agradar quem gosta de visual mais sequinho, enquanto as f\u00f3rmulas fluidas e de alta defini\u00e7\u00e3o combinam com quem prefere um resultado leve, mas ainda assim <b>duradouro<\/b>.<\/p>\n","protected":false},"excerpt":{"rendered":"<p>Voc\u00ea j\u00e1 se olhou no espelho no meio da tarde e pensou: \u201cMinha base sumiu, cad\u00ea a maquiagem que eu fiz de manh\u00e3?\u201d Se isso j\u00e1 aconteceu com voc\u00ea, saiba que n\u00e3o est\u00e1 sozinha. Muita gente procura uma base que aguente a rotina, segure a oleosidade e ainda entregue boa cobertura, sem precisar de mil [&hellip;]<\/p>\n","protected":false},"author":9,"featured_media":208705,"comment_status":"open","ping_status":"open","sticky":false,"template":"","format":"standard","meta":{"_yoast_wpseo_focuskw":"bases da Vult","_yoast_wpseo_title":"","_yoast_wpseo_metadesc":"Conhe\u00e7a 5 bases da Vult conhecidas pela boa cobertura e longa dura\u00e7\u00e3o, ideais para quem quer maquiagem bonita e uniforme o dia inteiro.","jnews-multi-image_gallery":[],"jnews_single_post":{"format":"standard"},"jnews_primary_category":[],"jnews_social_meta":[],"jnews_override_counter":[],"footnotes":""},"categories":[124],"tags":[16129,3370,16128],"class_list":["post-208502","post","type-post","status-publish","format-standard","has-post-thumbnail","hentry","category-beleza","tag-bases-da-vult","tag-maquiagem","tag-vult"],"yoast_head":"<!-- This site is optimized with the Yoast SEO plugin v24.6 - https:\/\/yoast.com\/wordpress\/plugins\/seo\/ -->\n<title>As 5 bases da Vult que duram o dia todo e entregam cobertura impec\u00e1vel - Correio Braziliense - Radar<\/title>\n<meta name=\"description\" content=\"Conhe\u00e7a 5 bases da Vult conhecidas pela boa cobertura e longa dura\u00e7\u00e3o, ideais para quem quer maquiagem bonita e uniforme o dia inteiro.\" \/>\n<meta name=\"robots\" content=\"index, follow, max-snippet:-1, max-image-preview:large, max-video-preview:-1\" \/>\n<link rel=\"canonical\" href=\"https:\/\/www.correiobraziliense.com.br\/cbradar\/as-5-bases-da-vult-que-duram-o-dia-todo-e-entregam-cobertura-impecavel\/\" \/>\n<meta property=\"og:locale\" content=\"pt_BR\" \/>\n<meta property=\"og:type\" content=\"article\" \/>\n<meta property=\"og:title\" content=\"As 5 bases da Vult que duram o dia todo e entregam cobertura impec\u00e1vel - Correio Braziliense - Radar\" \/>\n<meta property=\"og:description\" content=\"Conhe\u00e7a 5 bases da Vult conhecidas pela boa cobertura e longa dura\u00e7\u00e3o, ideais para quem quer maquiagem bonita e uniforme o dia inteiro.\" \/>\n<meta property=\"og:url\" content=\"https:\/\/www.correiobraziliense.com.br\/cbradar\/as-5-bases-da-vult-que-duram-o-dia-todo-e-entregam-cobertura-impecavel\/\" \/>\n<meta property=\"og:site_name\" content=\"Correio Braziliense - Radar\" \/>\n<meta property=\"article:published_time\" content=\"2026-03-15T12:25:14+00:00\" \/>\n<meta property=\"og:image\" content=\"https:\/\/www.correiobraziliense.com.br\/cbradar\/wp-content\/uploads\/2026\/03\/Gemini_Generated_Image_c8fxgxc8fxgxc8fx-1.png\" \/>\n\t<meta property=\"og:image:width\" content=\"1280\" \/>\n\t<meta property=\"og:image:height\" content=\"720\" \/>\n\t<meta property=\"og:image:type\" content=\"image\/png\" \/>\n<meta name=\"author\" content=\"Daniely Cardoso\" \/>\n<meta name=\"twitter:card\" content=\"summary_large_image\" \/>\n<meta name=\"twitter:label1\" content=\"Escrito por\" \/>\n\t<meta name=\"twitter:data1\" content=\"Daniely Cardoso\" \/>\n\t<meta name=\"twitter:label2\" content=\"Est. tempo de leitura\" \/>\n\t<meta name=\"twitter:data2\" content=\"5 minutos\" \/>\n<!-- \/ Yoast SEO plugin. -->","yoast_head_json":{"title":"As 5 bases da Vult que duram o dia todo e entregam cobertura impec\u00e1vel - Correio Braziliense - Radar","description":"Conhe\u00e7a 5 bases da Vult conhecidas pela boa cobertura e longa dura\u00e7\u00e3o, ideais para quem quer maquiagem bonita e uniforme o dia inteiro.","robots":{"index":"index","follow":"follow","max-snippet":"max-snippet:-1","max-image-preview":"max-image-preview:large","max-video-preview":"max-video-preview:-1"},"canonical":"https:\/\/www.correiobraziliense.com.br\/cbradar\/as-5-bases-da-vult-que-duram-o-dia-todo-e-entregam-cobertura-impecavel\/","og_locale":"pt_BR","og_type":"article","og_title":"As 5 bases da Vult que duram o dia todo e entregam cobertura impec\u00e1vel - Correio Braziliense - Radar","og_description":"Conhe\u00e7a 5 bases da Vult conhecidas pela boa cobertura e longa dura\u00e7\u00e3o, ideais para quem quer maquiagem bonita e uniforme o dia inteiro.","og_url":"https:\/\/www.correiobraziliense.com.br\/cbradar\/as-5-bases-da-vult-que-duram-o-dia-todo-e-entregam-cobertura-impecavel\/","og_site_name":"Correio Braziliense - Radar","article_published_time":"2026-03-15T12:25:14+00:00","og_image":[{"width":1280,"height":720,"url":"https:\/\/www.correiobraziliense.com.br\/cbradar\/wp-content\/uploads\/2026\/03\/Gemini_Generated_Image_c8fxgxc8fxgxc8fx-1.png","type":"image\/png"}],"author":"Daniely Cardoso","twitter_card":"summary_large_image","twitter_misc":{"Escrito por":"Daniely Cardoso","Est. tempo de leitura":"5 minutos"},"schema":{"@context":"https:\/\/schema.org","@graph":[{"@type":"WebPage","@id":"https:\/\/www.correiobraziliense.com.br\/cbradar\/as-5-bases-da-vult-que-duram-o-dia-todo-e-entregam-cobertura-impecavel\/","url":"https:\/\/www.correiobraziliense.com.br\/cbradar\/as-5-bases-da-vult-que-duram-o-dia-todo-e-entregam-cobertura-impecavel\/","name":"As 5 bases da Vult que duram o dia todo e entregam cobertura impec\u00e1vel - Correio Braziliense - Radar","isPartOf":{"@id":"https:\/\/www.correiobraziliense.com.br\/cbradar\/#website"},"primaryImageOfPage":{"@id":"https:\/\/www.correiobraziliense.com.br\/cbradar\/as-5-bases-da-vult-que-duram-o-dia-todo-e-entregam-cobertura-impecavel\/#primaryimage"},"image":{"@id":"https:\/\/www.correiobraziliense.com.br\/cbradar\/as-5-bases-da-vult-que-duram-o-dia-todo-e-entregam-cobertura-impecavel\/#primaryimage"},"thumbnailUrl":"https:\/\/www.correiobraziliense.com.br\/cbradar\/wp-content\/uploads\/2026\/03\/Gemini_Generated_Image_c8fxgxc8fxgxc8fx-1.png","datePublished":"2026-03-15T12:25:14+00:00","author":{"@id":"https:\/\/www.correiobraziliense.com.br\/cbradar\/#\/schema\/person\/7356666e12ec0ee53f348ee5db227032"},"description":"Conhe\u00e7a 5 bases da Vult conhecidas pela boa cobertura e longa dura\u00e7\u00e3o, ideais para quem quer maquiagem bonita e uniforme o dia inteiro.","breadcrumb":{"@id":"https:\/\/www.correiobraziliense.com.br\/cbradar\/as-5-bases-da-vult-que-duram-o-dia-todo-e-entregam-cobertura-impecavel\/#breadcrumb"},"inLanguage":"pt-BR","potentialAction":[{"@type":"ReadAction","target":["https:\/\/www.correiobraziliense.com.br\/cbradar\/as-5-bases-da-vult-que-duram-o-dia-todo-e-entregam-cobertura-impecavel\/"]}]},{"@type":"ImageObject","inLanguage":"pt-BR","@id":"https:\/\/www.correiobraziliense.com.br\/cbradar\/as-5-bases-da-vult-que-duram-o-dia-todo-e-entregam-cobertura-impecavel\/#primaryimage","url":"https:\/\/www.correiobraziliense.com.br\/cbradar\/wp-content\/uploads\/2026\/03\/Gemini_Generated_Image_c8fxgxc8fxgxc8fx-1.png","contentUrl":"https:\/\/www.correiobraziliense.com.br\/cbradar\/wp-content\/uploads\/2026\/03\/Gemini_Generated_Image_c8fxgxc8fxgxc8fx-1.png","width":1280,"height":720,"caption":"A Vult conquistou espa\u00e7o entre as marcas nacionais por oferecer bases com texturas diferentes"},{"@type":"BreadcrumbList","@id":"https:\/\/www.correiobraziliense.com.br\/cbradar\/as-5-bases-da-vult-que-duram-o-dia-todo-e-entregam-cobertura-impecavel\/#breadcrumb","itemListElement":[{"@type":"ListItem","position":1,"name":"In\u00edcio","item":"https:\/\/www.correiobraziliense.com.br\/cbradar\/"},{"@type":"ListItem","position":2,"name":"As 5 bases da Vult que duram o dia todo e entregam cobertura impec\u00e1vel"}]},{"@type":"WebSite","@id":"https:\/\/www.correiobraziliense.com.br\/cbradar\/#website","url":"https:\/\/www.correiobraziliense.com.br\/cbradar\/","name":"Correio Braziliense - Radar","description":"Acompanhe as \u00faltimas not\u00edcias e fique bem informado sobre tudo o que acontece no Brasil e no mundo.","potentialAction":[{"@type":"SearchAction","target":{"@type":"EntryPoint","urlTemplate":"https:\/\/www.correiobraziliense.com.br\/cbradar\/?s={search_term_string}"},"query-input":{"@type":"PropertyValueSpecification","valueRequired":true,"valueName":"search_term_string"}}],"inLanguage":"pt-BR"},{"@type":"Person","@id":"https:\/\/www.correiobraziliense.com.br\/cbradar\/#\/schema\/person\/7356666e12ec0ee53f348ee5db227032","name":"Daniely Cardoso","image":{"@type":"ImageObject","inLanguage":"pt-BR","@id":"https:\/\/www.correiobraziliense.com.br\/cbradar\/#\/schema\/person\/image\/","url":"https:\/\/secure.gravatar.com\/avatar\/4b80ddbd124d1f071b626d52d62e5dff?s=96&d=mm&r=g","contentUrl":"https:\/\/secure.gravatar.com\/avatar\/4b80ddbd124d1f071b626d52d62e5dff?s=96&d=mm&r=g","caption":"Daniely Cardoso"},"description":"Redatora nos portais CB Radar e EM Foco, formada pela Universidade Federal de Goi\u00e1s, em Goi\u00e2nia. Apaixonada por comunica\u00e7\u00e3o, arte, decora\u00e7\u00e3o e tend\u00eancias, atuo na produ\u00e7\u00e3o de conte\u00fados envolventes sobre curiosidades, moda, beleza e paisagismo, sempre com um olhar atento \u00e0s novidades do momento.","sameAs":["https:\/\/www.correiobraziliense.com.br\/cbradar"],"url":"https:\/\/www.correiobraziliense.com.br\/cbradar\/author\/danielymyth\/"}]}},"_links":{"self":[{"href":"https:\/\/www.correiobraziliense.com.br\/cbradar\/wp-json\/wp\/v2\/posts\/208502","targetHints":{"allow":["GET"]}}],"collection":[{"href":"https:\/\/www.correiobraziliense.com.br\/cbradar\/wp-json\/wp\/v2\/posts"}],"about":[{"href":"https:\/\/www.correiobraziliense.com.br\/cbradar\/wp-json\/wp\/v2\/types\/post"}],"author":[{"embeddable":true,"href":"https:\/\/www.correiobraziliense.com.br\/cbradar\/wp-json\/wp\/v2\/users\/9"}],"replies":[{"embeddable":true,"href":"https:\/\/www.correiobraziliense.com.br\/cbradar\/wp-json\/wp\/v2\/comments?post=208502"}],"version-history":[{"count":2,"href":"https:\/\/www.correiobraziliense.com.br\/cbradar\/wp-json\/wp\/v2\/posts\/208502\/revisions"}],"predecessor-version":[{"id":208706,"href":"https:\/\/www.correiobraziliense.com.br\/cbradar\/wp-json\/wp\/v2\/posts\/208502\/revisions\/208706"}],"wp:featuredmedia":[{"embeddable":true,"href":"https:\/\/www.correiobraziliense.com.br\/cbradar\/wp-json\/wp\/v2\/media\/208705"}],"wp:attachment":[{"href":"https:\/\/www.correiobraziliense.com.br\/cbradar\/wp-json\/wp\/v2\/media?parent=208502"}],"wp:term":[{"taxonomy":"category","embeddable":true,"href":"https:\/\/www.correiobraziliense.com.br\/cbradar\/wp-json\/wp\/v2\/categories?post=208502"},{"taxonomy":"post_tag","embeddable":true,"href":"https:\/\/www.correiobraziliense.com.br\/cbradar\/wp-json\/wp\/v2\/tags?post=208502"}],"curies":[{"name":"wp","href":"https:\/\/api.w.org\/{rel}","templated":true}]}}