{"id":208503,"date":"2026-03-15T10:05:20","date_gmt":"2026-03-15T13:05:20","guid":{"rendered":"https:\/\/www.correiobraziliense.com.br\/cbradar\/?p=208503"},"modified":"2026-03-14T16:14:43","modified_gmt":"2026-03-14T19:14:43","slug":"a-receita-leve-com-ingredientes-naturais-que-pode-ajudar-a-cuidar-do-figado","status":"publish","type":"post","link":"https:\/\/www.correiobraziliense.com.br\/cbradar\/a-receita-leve-com-ingredientes-naturais-que-pode-ajudar-a-cuidar-do-figado\/","title":{"rendered":"A receita leve com ingredientes naturais que pode ajudar a cuidar do f\u00edgado"},"content":{"rendered":"\n<p>Depois de um fim de semana de exageros, \u00e9 comum acordar com a sensa\u00e7\u00e3o de incha\u00e7o, cansa\u00e7o e a pergunta na cabe\u00e7a: \u201cSer\u00e1 que estou pesando a m\u00e3o no meu f\u00edgado?\u201d. Nessas horas, pequenas mudan\u00e7as no dia a dia, feitas em casa e com ingredientes simples, podem ajudar a deixar o corpo mais leve, sem radicalismos, promessas milagrosas ou dietas imposs\u00edveis de manter.<\/p>\n\n\n\n<h2 class=\"wp-block-heading\">O que \u00e9 uma receita para cuidar melhor do f\u00edgado<\/h2>\n\n\n\n<p>&nbsp;Ela combina frutas, folhas verdes e sementes, sem a\u00e7\u00facar refinado, para entrar facilmente na rotina. \u00c9 uma forma pr\u00e1tica de consumir mais alimentos frescos logo no come\u00e7o do dia ou entre as refei\u00e7\u00f5es. Com o uso frequente, pode colaborar com a digest\u00e3o, o funcionamento do intestino e a sensa\u00e7\u00e3o de bem-estar geral, sem substituir refei\u00e7\u00f5es completas.<\/p>\n\n\n<div class=\"wp-block-image\">\n<figure class=\"aligncenter size-full\"><img decoding=\"async\" width=\"1280\" height=\"720\" src=\"https:\/\/www.correiobraziliense.com.br\/cbradar\/wp-content\/uploads\/2026\/03\/Gemini_Generated_Image_qnumqpqnumqpqnum-1.png\" alt=\"\" class=\"wp-image-208388\" srcset=\"https:\/\/www.correiobraziliense.com.br\/cbradar\/wp-content\/uploads\/2026\/03\/Gemini_Generated_Image_qnumqpqnumqpqnum-1.png 1280w, https:\/\/www.correiobraziliense.com.br\/cbradar\/wp-content\/uploads\/2026\/03\/Gemini_Generated_Image_qnumqpqnumqpqnum-1-300x169.png 300w, https:\/\/www.correiobraziliense.com.br\/cbradar\/wp-content\/uploads\/2026\/03\/Gemini_Generated_Image_qnumqpqnumqpqnum-1-768x432.png 768w, https:\/\/www.correiobraziliense.com.br\/cbradar\/wp-content\/uploads\/2026\/03\/Gemini_Generated_Image_qnumqpqnumqpqnum-1-750x422.png 750w, https:\/\/www.correiobraziliense.com.br\/cbradar\/wp-content\/uploads\/2026\/03\/Gemini_Generated_Image_qnumqpqnumqpqnum-1-1140x641.png 1140w\" sizes=\"(max-width: 1280px) 100vw, 1280px\" \/><figcaption class=\"wp-element-caption\">O interesse pelo repolho cresceu porque ele resolve tr\u00eas problemas de uma vez<\/figcaption><\/figure><\/div>\n\n\n<p>Leia tamb\u00e9m:&nbsp;<a href=\"https:\/\/www.correiobraziliense.com.br\/cbradar\/sem-farinha-nem-gluten-essa-receita-quase-zero-carboidratos-virou-substituta-do-pao-no-cafe-da-manha\/\" target=\"_blank\" rel=\"noopener\">Sem farinha nem gl\u00faten, essa receita quase zero carboidratos virou substituta do p\u00e3o no caf\u00e9 da manh\u00e3<\/a><\/p>\n\n\n\n<h2 class=\"wp-block-heading\">Quais ingredientes naturais realmente podem ajudar o f\u00edgado<\/h2>\n\n\n\n<p>Alguns alimentos aparecem com frequ\u00eancia nessas receitas caseiras porque s\u00e3o f\u00e1ceis de achar, combinam bem entre si e d\u00e3o uma for\u00e7a extra para o corpo. Eles n\u00e3o fazem milagres, mas, usados com regularidade, somam pontos importantes para a sa\u00fade do f\u00edgado e da digest\u00e3o.<\/p>\n\n\n\n<p>Veja alguns dos ingredientes mais usados e por que costumam entrar nessas prepara\u00e7\u00f5es do dia a dia:<\/p>\n\n\n\n<ul class=\"wp-block-list\">\n<li><strong>Lim\u00e3o ou laranja:<\/strong> c\u00edtricos refrescantes, com compostos antioxidantes e que ajudam a dar sabor \u00e0 bebida.<\/li>\n\n\n\n<li><strong>Couve ou outra folha verde-escura:<\/strong> rica em fibras e nutrientes, colabora com o equil\u00edbrio do organismo.<\/li>\n\n\n\n<li><strong>Ma\u00e7\u00e3 ou pera:<\/strong> frutas com fibras sol\u00faveis, que ajudam o intestino a funcionar e a eliminar res\u00edduos.<\/li>\n\n\n\n<li><strong>Gengibre:<\/strong> raiz arom\u00e1tica, usada em pequena quantidade, associada \u00e0 sensa\u00e7\u00e3o de digest\u00e3o mais leve.<\/li>\n\n\n\n<li><strong>Sementes de linha\u00e7a ou chia:<\/strong> fornecem gorduras boas e fibras, importantes para o metabolismo das gorduras.<\/li>\n\n\n\n<li><strong>\u00c1gua filtrada ou de coco sem a\u00e7\u00facar:<\/strong> base l\u00edquida que ajuda na hidrata\u00e7\u00e3o do corpo.<\/li>\n<\/ul>\n\n\n\n<h2 class=\"wp-block-heading\">Como preparar em casa a receita leve com ingredientes naturais<\/h2>\n\n\n\n<p>O preparo \u00e9 simples e pode ser adaptado conforme o que voc\u00ea tiver na geladeira, sem precisar de grandes habilidades na cozinha. A ideia \u00e9 ter um modelo b\u00e1sico e ir ajustando o sabor at\u00e9 ficar gostoso o suficiente para entrar de vez na sua rotina.<\/p>\n\n\n<div class=\"wp-block-image\">\n<figure class=\"aligncenter size-full\"><img decoding=\"async\" width=\"1280\" height=\"720\" src=\"https:\/\/www.correiobraziliense.com.br\/cbradar\/wp-content\/uploads\/2026\/03\/Gemini_Generated_Image_9i6llh9i6llh9i6l-1.png\" alt=\"\" class=\"wp-image-208709\" srcset=\"https:\/\/www.correiobraziliense.com.br\/cbradar\/wp-content\/uploads\/2026\/03\/Gemini_Generated_Image_9i6llh9i6llh9i6l-1.png 1280w, https:\/\/www.correiobraziliense.com.br\/cbradar\/wp-content\/uploads\/2026\/03\/Gemini_Generated_Image_9i6llh9i6llh9i6l-1-300x169.png 300w, https:\/\/www.correiobraziliense.com.br\/cbradar\/wp-content\/uploads\/2026\/03\/Gemini_Generated_Image_9i6llh9i6llh9i6l-1-768x432.png 768w, https:\/\/www.correiobraziliense.com.br\/cbradar\/wp-content\/uploads\/2026\/03\/Gemini_Generated_Image_9i6llh9i6llh9i6l-1-750x422.png 750w, https:\/\/www.correiobraziliense.com.br\/cbradar\/wp-content\/uploads\/2026\/03\/Gemini_Generated_Image_9i6llh9i6llh9i6l-1-1140x641.png 1140w\" sizes=\"(max-width: 1280px) 100vw, 1280px\" \/><figcaption class=\"wp-element-caption\">Alguns alimentos aparecem com frequ\u00eancia nessas receitas caseiras porque s\u00e3o f\u00e1ceis de achar<\/figcaption><\/figure><\/div>\n\n\n<h2 class=\"wp-block-heading\">Qual \u00e9 o melhor momento do dia para incluir essa receita<\/h2>\n\n\n\n<p>A receita leve com ingredientes naturais que ajuda a cuidar do f\u00edgado pode entrar em diferentes hor\u00e1rios, dependendo da sua rotina. Algumas pessoas preferem tomar em jejum, outras usam como lanche entre o caf\u00e9 da manh\u00e3 e o almo\u00e7o ou no meio da tarde.<\/p>\n\n\n\n<p>Ela costuma funcionar bem quando substitui bebidas a\u00e7ucaradas, refrigerantes e sucos artificiais. Junto com isso, vale diminuir frituras, pegar leve no \u00e1lcool e beber \u00e1gua ao longo do dia para dar um descanso extra ao f\u00edgado.<\/p>\n\n\n\n<h2 class=\"wp-block-heading\">Quais cuidados s\u00e3o importantes ao adotar essa receita para o f\u00edgado<\/h2>\n\n\n\n<p>Mesmo sendo leve e natural, essa bebida n\u00e3o substitui refei\u00e7\u00f5es completas nem tratamentos indicados por m\u00e9dicos ou nutricionistas. Ela entra como um apoio dentro de uma alimenta\u00e7\u00e3o variada, com legumes, verduras, frutas, gr\u00e3os integrais e boas fontes de prote\u00edna.<\/p>\n\n\n\n<p>Tamb\u00e9m \u00e9 essencial respeitar limites individuais, como alergias a frutas, sementes ou gengibre, e buscar orienta\u00e7\u00e3o profissional em caso de doen\u00e7as no f\u00edgado, uso cont\u00ednuo de rem\u00e9dios ou gravidez. Somada \u00e0 atividade f\u00edsica, sono adequado e acompanhamento de sa\u00fade, essa receita pode ser uma aliada simples e acess\u00edvel para cuidar melhor do f\u00edgado ao longo do tempo.<\/p>\n","protected":false},"excerpt":{"rendered":"<p>Depois de um fim de semana de exageros, \u00e9 comum acordar com a sensa\u00e7\u00e3o de incha\u00e7o, cansa\u00e7o e a pergunta na cabe\u00e7a: \u201cSer\u00e1 que estou pesando a m\u00e3o no meu f\u00edgado?\u201d. Nessas horas, pequenas mudan\u00e7as no dia a dia, feitas em casa e com ingredientes simples, podem ajudar a deixar o corpo mais leve, sem [&hellip;]<\/p>\n","protected":false},"author":9,"featured_media":145557,"comment_status":"open","ping_status":"open","sticky":false,"template":"","format":"standard","meta":{"_yoast_wpseo_focuskw":"alimentos para o f\u00edgado","_yoast_wpseo_title":"","_yoast_wpseo_metadesc":"Aprenda uma receita leve com ingredientes naturais como couve, ma\u00e7\u00e3 e gengibre que pode ajudar na digest\u00e3o e no cuidado com o f\u00edgado.","jnews-multi-image_gallery":[],"jnews_single_post":{"format":"standard"},"jnews_primary_category":[],"jnews_social_meta":[],"jnews_override_counter":[],"footnotes":""},"categories":[119,4404],"tags":[16130,511,565],"class_list":["post-208503","post","type-post","status-publish","format-standard","has-post-thumbnail","hentry","category-bem-estar","category-saude","tag-desintoxicar-o-figado","tag-receita","tag-saude"],"yoast_head":"<!-- This site is optimized with the Yoast SEO plugin v24.6 - https:\/\/yoast.com\/wordpress\/plugins\/seo\/ -->\n<title>A receita leve com ingredientes naturais que pode ajudar a cuidar do f\u00edgado - Correio Braziliense - Radar<\/title>\n<meta name=\"description\" content=\"Aprenda uma receita leve com ingredientes naturais como couve, ma\u00e7\u00e3 e gengibre que pode ajudar na digest\u00e3o e no cuidado com o f\u00edgado.\" \/>\n<meta name=\"robots\" content=\"index, follow, max-snippet:-1, max-image-preview:large, max-video-preview:-1\" \/>\n<link rel=\"canonical\" href=\"https:\/\/www.correiobraziliense.com.br\/cbradar\/a-receita-leve-com-ingredientes-naturais-que-pode-ajudar-a-cuidar-do-figado\/\" \/>\n<meta property=\"og:locale\" content=\"pt_BR\" \/>\n<meta property=\"og:type\" content=\"article\" \/>\n<meta property=\"og:title\" content=\"A receita leve com ingredientes naturais que pode ajudar a cuidar do f\u00edgado - Correio Braziliense - Radar\" \/>\n<meta property=\"og:description\" content=\"Aprenda uma receita leve com ingredientes naturais como couve, ma\u00e7\u00e3 e gengibre que pode ajudar na digest\u00e3o e no cuidado com o f\u00edgado.\" \/>\n<meta property=\"og:url\" content=\"https:\/\/www.correiobraziliense.com.br\/cbradar\/a-receita-leve-com-ingredientes-naturais-que-pode-ajudar-a-cuidar-do-figado\/\" \/>\n<meta property=\"og:site_name\" content=\"Correio Braziliense - Radar\" \/>\n<meta property=\"article:published_time\" content=\"2026-03-15T13:05:20+00:00\" \/>\n<meta property=\"og:image\" content=\"https:\/\/www.correiobraziliense.com.br\/cbradar\/wp-content\/uploads\/2025\/11\/smoothie-de-limao_1764196031304.jpg\" \/>\n\t<meta property=\"og:image:width\" content=\"1280\" \/>\n\t<meta property=\"og:image:height\" content=\"720\" \/>\n\t<meta property=\"og:image:type\" content=\"image\/jpeg\" \/>\n<meta name=\"author\" content=\"Daniely Cardoso\" \/>\n<meta name=\"twitter:card\" content=\"summary_large_image\" \/>\n<meta name=\"twitter:label1\" content=\"Escrito por\" \/>\n\t<meta name=\"twitter:data1\" content=\"Daniely Cardoso\" \/>\n\t<meta name=\"twitter:label2\" content=\"Est. tempo de leitura\" \/>\n\t<meta name=\"twitter:data2\" content=\"4 minutos\" \/>\n<!-- \/ Yoast SEO plugin. -->","yoast_head_json":{"title":"A receita leve com ingredientes naturais que pode ajudar a cuidar do f\u00edgado - Correio Braziliense - Radar","description":"Aprenda uma receita leve com ingredientes naturais como couve, ma\u00e7\u00e3 e gengibre que pode ajudar na digest\u00e3o e no cuidado com o f\u00edgado.","robots":{"index":"index","follow":"follow","max-snippet":"max-snippet:-1","max-image-preview":"max-image-preview:large","max-video-preview":"max-video-preview:-1"},"canonical":"https:\/\/www.correiobraziliense.com.br\/cbradar\/a-receita-leve-com-ingredientes-naturais-que-pode-ajudar-a-cuidar-do-figado\/","og_locale":"pt_BR","og_type":"article","og_title":"A receita leve com ingredientes naturais que pode ajudar a cuidar do f\u00edgado - Correio Braziliense - Radar","og_description":"Aprenda uma receita leve com ingredientes naturais como couve, ma\u00e7\u00e3 e gengibre que pode ajudar na digest\u00e3o e no cuidado com o f\u00edgado.","og_url":"https:\/\/www.correiobraziliense.com.br\/cbradar\/a-receita-leve-com-ingredientes-naturais-que-pode-ajudar-a-cuidar-do-figado\/","og_site_name":"Correio Braziliense - Radar","article_published_time":"2026-03-15T13:05:20+00:00","og_image":[{"width":1280,"height":720,"url":"https:\/\/www.correiobraziliense.com.br\/cbradar\/wp-content\/uploads\/2025\/11\/smoothie-de-limao_1764196031304.jpg","type":"image\/jpeg"}],"author":"Daniely Cardoso","twitter_card":"summary_large_image","twitter_misc":{"Escrito por":"Daniely Cardoso","Est. tempo de leitura":"4 minutos"},"schema":{"@context":"https:\/\/schema.org","@graph":[{"@type":"WebPage","@id":"https:\/\/www.correiobraziliense.com.br\/cbradar\/a-receita-leve-com-ingredientes-naturais-que-pode-ajudar-a-cuidar-do-figado\/","url":"https:\/\/www.correiobraziliense.com.br\/cbradar\/a-receita-leve-com-ingredientes-naturais-que-pode-ajudar-a-cuidar-do-figado\/","name":"A receita leve com ingredientes naturais que pode ajudar a cuidar do f\u00edgado - Correio Braziliense - Radar","isPartOf":{"@id":"https:\/\/www.correiobraziliense.com.br\/cbradar\/#website"},"primaryImageOfPage":{"@id":"https:\/\/www.correiobraziliense.com.br\/cbradar\/a-receita-leve-com-ingredientes-naturais-que-pode-ajudar-a-cuidar-do-figado\/#primaryimage"},"image":{"@id":"https:\/\/www.correiobraziliense.com.br\/cbradar\/a-receita-leve-com-ingredientes-naturais-que-pode-ajudar-a-cuidar-do-figado\/#primaryimage"},"thumbnailUrl":"https:\/\/www.correiobraziliense.com.br\/cbradar\/wp-content\/uploads\/2025\/11\/smoothie-de-limao_1764196031304.jpg","datePublished":"2026-03-15T13:05:20+00:00","author":{"@id":"https:\/\/www.correiobraziliense.com.br\/cbradar\/#\/schema\/person\/7356666e12ec0ee53f348ee5db227032"},"description":"Aprenda uma receita leve com ingredientes naturais como couve, ma\u00e7\u00e3 e gengibre que pode ajudar na digest\u00e3o e no cuidado com o f\u00edgado.","breadcrumb":{"@id":"https:\/\/www.correiobraziliense.com.br\/cbradar\/a-receita-leve-com-ingredientes-naturais-que-pode-ajudar-a-cuidar-do-figado\/#breadcrumb"},"inLanguage":"pt-BR","potentialAction":[{"@type":"ReadAction","target":["https:\/\/www.correiobraziliense.com.br\/cbradar\/a-receita-leve-com-ingredientes-naturais-que-pode-ajudar-a-cuidar-do-figado\/"]}]},{"@type":"ImageObject","inLanguage":"pt-BR","@id":"https:\/\/www.correiobraziliense.com.br\/cbradar\/a-receita-leve-com-ingredientes-naturais-que-pode-ajudar-a-cuidar-do-figado\/#primaryimage","url":"https:\/\/www.correiobraziliense.com.br\/cbradar\/wp-content\/uploads\/2025\/11\/smoothie-de-limao_1764196031304.jpg","contentUrl":"https:\/\/www.correiobraziliense.com.br\/cbradar\/wp-content\/uploads\/2025\/11\/smoothie-de-limao_1764196031304.jpg","width":1280,"height":720,"caption":"A combina\u00e7\u00e3o de lim\u00e3o, gengibre e menta faz deste smoothie uma escolha especial - Cr\u00e9ditos: depositphotos.com \/ AntonMatyukha"},{"@type":"BreadcrumbList","@id":"https:\/\/www.correiobraziliense.com.br\/cbradar\/a-receita-leve-com-ingredientes-naturais-que-pode-ajudar-a-cuidar-do-figado\/#breadcrumb","itemListElement":[{"@type":"ListItem","position":1,"name":"In\u00edcio","item":"https:\/\/www.correiobraziliense.com.br\/cbradar\/"},{"@type":"ListItem","position":2,"name":"A receita leve com ingredientes naturais que pode ajudar a cuidar do f\u00edgado"}]},{"@type":"WebSite","@id":"https:\/\/www.correiobraziliense.com.br\/cbradar\/#website","url":"https:\/\/www.correiobraziliense.com.br\/cbradar\/","name":"Correio Braziliense - Radar","description":"Acompanhe as \u00faltimas not\u00edcias e fique bem informado sobre tudo o que acontece no Brasil e no mundo.","potentialAction":[{"@type":"SearchAction","target":{"@type":"EntryPoint","urlTemplate":"https:\/\/www.correiobraziliense.com.br\/cbradar\/?s={search_term_string}"},"query-input":{"@type":"PropertyValueSpecification","valueRequired":true,"valueName":"search_term_string"}}],"inLanguage":"pt-BR"},{"@type":"Person","@id":"https:\/\/www.correiobraziliense.com.br\/cbradar\/#\/schema\/person\/7356666e12ec0ee53f348ee5db227032","name":"Daniely Cardoso","image":{"@type":"ImageObject","inLanguage":"pt-BR","@id":"https:\/\/www.correiobraziliense.com.br\/cbradar\/#\/schema\/person\/image\/","url":"https:\/\/secure.gravatar.com\/avatar\/4b80ddbd124d1f071b626d52d62e5dff?s=96&d=mm&r=g","contentUrl":"https:\/\/secure.gravatar.com\/avatar\/4b80ddbd124d1f071b626d52d62e5dff?s=96&d=mm&r=g","caption":"Daniely Cardoso"},"description":"Redatora nos portais CB Radar e EM Foco, formada pela Universidade Federal de Goi\u00e1s, em Goi\u00e2nia. Apaixonada por comunica\u00e7\u00e3o, arte, decora\u00e7\u00e3o e tend\u00eancias, atuo na produ\u00e7\u00e3o de conte\u00fados envolventes sobre curiosidades, moda, beleza e paisagismo, sempre com um olhar atento \u00e0s novidades do momento.","sameAs":["https:\/\/www.correiobraziliense.com.br\/cbradar"],"url":"https:\/\/www.correiobraziliense.com.br\/cbradar\/author\/danielymyth\/"}]}},"_links":{"self":[{"href":"https:\/\/www.correiobraziliense.com.br\/cbradar\/wp-json\/wp\/v2\/posts\/208503","targetHints":{"allow":["GET"]}}],"collection":[{"href":"https:\/\/www.correiobraziliense.com.br\/cbradar\/wp-json\/wp\/v2\/posts"}],"about":[{"href":"https:\/\/www.correiobraziliense.com.br\/cbradar\/wp-json\/wp\/v2\/types\/post"}],"author":[{"embeddable":true,"href":"https:\/\/www.correiobraziliense.com.br\/cbradar\/wp-json\/wp\/v2\/users\/9"}],"replies":[{"embeddable":true,"href":"https:\/\/www.correiobraziliense.com.br\/cbradar\/wp-json\/wp\/v2\/comments?post=208503"}],"version-history":[{"count":2,"href":"https:\/\/www.correiobraziliense.com.br\/cbradar\/wp-json\/wp\/v2\/posts\/208503\/revisions"}],"predecessor-version":[{"id":208710,"href":"https:\/\/www.correiobraziliense.com.br\/cbradar\/wp-json\/wp\/v2\/posts\/208503\/revisions\/208710"}],"wp:featuredmedia":[{"embeddable":true,"href":"https:\/\/www.correiobraziliense.com.br\/cbradar\/wp-json\/wp\/v2\/media\/145557"}],"wp:attachment":[{"href":"https:\/\/www.correiobraziliense.com.br\/cbradar\/wp-json\/wp\/v2\/media?parent=208503"}],"wp:term":[{"taxonomy":"category","embeddable":true,"href":"https:\/\/www.correiobraziliense.com.br\/cbradar\/wp-json\/wp\/v2\/categories?post=208503"},{"taxonomy":"post_tag","embeddable":true,"href":"https:\/\/www.correiobraziliense.com.br\/cbradar\/wp-json\/wp\/v2\/tags?post=208503"}],"curies":[{"name":"wp","href":"https:\/\/api.w.org\/{rel}","templated":true}]}}