{"id":208504,"date":"2026-03-15T02:55:00","date_gmt":"2026-03-15T05:55:00","guid":{"rendered":"https:\/\/www.correiobraziliense.com.br\/cbradar\/?p=208504"},"modified":"2026-03-14T21:51:22","modified_gmt":"2026-03-15T00:51:22","slug":"o-que-significa-quando-um-espelho-se-quebra-sozinho-dentro-de-casa","status":"publish","type":"post","link":"https:\/\/www.correiobraziliense.com.br\/cbradar\/o-que-significa-quando-um-espelho-se-quebra-sozinho-dentro-de-casa\/","title":{"rendered":"O que significa quando um espelho se quebra sozinho dentro de casa"},"content":{"rendered":"\n<p>Voc\u00ea j\u00e1 entrou em um c\u00f4modo, encontrou o <b>espelho quebrado<\/b> do nada e sentiu um <b>arrepio estranho<\/b>, como se algo diferente estivesse acontecendo por ali? Essa cena \u00e9 mais comum do que parece e costuma misturar <b>susto<\/b>, curiosidade, cren\u00e7as antigas e tamb\u00e9m explica\u00e7\u00f5es bem simples ligadas ao jeito como o espelho \u00e9 fabricado e instalado.<\/p>\n\n\n\n<h2 class=\"wp-block-heading\">O que significa quando um espelho se quebra sozinho<\/h2>\n\n\n\n<p>Em muitas casas, logo surge a ideia de <b>aviso espiritual<\/b>, mudan\u00e7a de fase ou at\u00e9 sinal de <b>m\u00e1 sorte<\/b> rondando o ambiente.<\/p>\n\n\n\n<p>Na pr\u00e1tica, por\u00e9m, um espelho \u00e9 uma placa de <b>vidro<\/b> com uma camada <b>refletiva<\/b> atr\u00e1s, sens\u00edvel a calor, press\u00e3o e pequenas imperfei\u00e7\u00f5es. Assim, na maioria das vezes, o \u201csignificado\u201d est\u00e1 ligado a quest\u00f5es f\u00edsicas e ao <b>desgaste natural<\/b> do material com o tempo.<\/p>\n\n\n\n<figure class=\"wp-block-image size-full\"><img decoding=\"async\" width=\"1280\" height=\"720\" src=\"https:\/\/www.correiobraziliense.com.br\/cbradar\/wp-content\/uploads\/2026\/03\/Gemini_Generated_Image_u4iib8u4iib8u4ii-1.png\" alt=\"\" class=\"wp-image-208712\" srcset=\"https:\/\/www.correiobraziliense.com.br\/cbradar\/wp-content\/uploads\/2026\/03\/Gemini_Generated_Image_u4iib8u4iib8u4ii-1.png 1280w, https:\/\/www.correiobraziliense.com.br\/cbradar\/wp-content\/uploads\/2026\/03\/Gemini_Generated_Image_u4iib8u4iib8u4ii-1-300x169.png 300w, https:\/\/www.correiobraziliense.com.br\/cbradar\/wp-content\/uploads\/2026\/03\/Gemini_Generated_Image_u4iib8u4iib8u4ii-1-768x432.png 768w, https:\/\/www.correiobraziliense.com.br\/cbradar\/wp-content\/uploads\/2026\/03\/Gemini_Generated_Image_u4iib8u4iib8u4ii-1-750x422.png 750w, https:\/\/www.correiobraziliense.com.br\/cbradar\/wp-content\/uploads\/2026\/03\/Gemini_Generated_Image_u4iib8u4iib8u4ii-1-1140x641.png 1140w\" sizes=\"(max-width: 1280px) 100vw, 1280px\" \/><figcaption class=\"wp-element-caption\">Quando um espelho trinca ou estoura sem ningu\u00e9m encostar, quase sempre h\u00e1 uma explica\u00e7\u00e3o f\u00edsica escondida nos detalhes do ambiente<\/figcaption><\/figure>\n\n\n\n<p>Leia tamb\u00e9m:&nbsp;<a href=\"https:\/\/www.correiobraziliense.com.br\/cbradar\/o-que-significa-quando-borboletas-coloridas-entram-na-sua-casa\/\" target=\"_blank\" rel=\"noopener\">O que significa quando borboletas coloridas entram na sua casa<\/a><\/p>\n\n\n\n<h2 class=\"wp-block-heading\">Por que um espelho pode se romper sem contato direto<\/h2>\n\n\n\n<p>Quando um espelho <b>trinca<\/b> ou estoura sem ningu\u00e9m encostar, quase sempre h\u00e1 uma explica\u00e7\u00e3o <b>f\u00edsica<\/b> escondida nos detalhes do ambiente. Coisas como instala\u00e7\u00e3o apertada demais, parede \u00famida, calor excessivo ou at\u00e9 uma pequena batida antiga podem preparar o <b>\u201ccen\u00e1rio perfeito\u201d<\/b> para a quebra.<\/p>\n\n\n\n<p>Entre os motivos mais comuns, est\u00e3o situa\u00e7\u00f5es que passam despercebidas no dia a dia, mas v\u00e3o acumulando <b>tens\u00e3o<\/b> no vidro at\u00e9 ele n\u00e3o aguentar mais:<\/p>\n\n\n\n<ul class=\"wp-block-list\">\n<li><strong>Varia\u00e7\u00f5es de temperatura<\/strong>: calor e frio intensos fazem o vidro dilatar e contrair, criando <b>tens\u00f5es internas<\/b> que podem levar \u00e0 <b>quebra espont\u00e2nea<\/b>.<\/li>\n\n\n\n<li><strong>Press\u00e3o do suporte ou da moldura<\/strong>: quando o espelho \u00e9 encaixado <b>justo demais<\/b>, a estrutura vai for\u00e7ando o vidro aos poucos, principalmente em <b>cantinhos fr\u00e1geis<\/b>.<\/li>\n\n\n\n<li><strong>Defeitos de fabrica\u00e7\u00e3o<\/strong>: pequenas <b>falhas internas<\/b> podem permanecer \u201cadormecidas\u201d e aparecer s\u00f3 depois de algum tempo, sobretudo em \u00e1reas com <b>impurezas microsc\u00f3picas<\/b>.<\/li>\n\n\n\n<li><strong>Impactos anteriores<\/strong>: uma batida leve pode criar <b>microfissuras<\/b> que se abrem mais tarde, dando a impress\u00e3o de quebra <b>\u201cdo nada\u201d<\/b>.<\/li>\n\n\n\n<li><strong>Vibra\u00e7\u00f5es no ambiente<\/strong>: portas batendo, tr\u00e2nsito intenso na rua ou obras pr\u00f3ximas podem transmitir <b>vibra\u00e7\u00f5es constantes<\/b> para o vidro, ampliando <b>fragilidades pr\u00e9vias<\/b>.<\/li>\n<\/ul>\n\n\n\n<h2 class=\"wp-block-heading\">Espelho quebrado realmente traz sete anos de m\u00e1 sorte<\/h2>\n\n\n\n<p>A ideia de que um espelho quebrado traz <b>sete anos<\/b> de azar vem de tempos antigos, quando se acreditava que a imagem refletida mostrava tamb\u00e9m a <b>alma<\/b> ou a energia da pessoa. Assim, ao partir o espelho, seria como \u201cferir\u201d simbolicamente quem se via <b>nele<\/b>. Se voc\u00ea gosta de curiosidades, separamos esse v\u00eddeo do canal <a href=\"https:\/\/www.youtube.com\/@brunasavaget\" target=\"_blank\" rel=\"noreferrer noopener\"><br>Bruna Savaget<\/a> falando mais sobre esse significado:<\/p>\n\n\n\n<figure class=\"wp-block-embed is-type-video is-provider-youtube wp-block-embed-youtube wp-embed-aspect-16-9 wp-has-aspect-ratio\"><div class=\"wp-block-embed__wrapper\">\n<div class=\"jeg_video_container jeg_video_content\"><iframe loading=\"lazy\" title=\"Quebrando Espelhos - fim\/in\u00edcio de Ciclo\" width=\"500\" height=\"281\" src=\"https:\/\/www.youtube.com\/embed\/ekJFGMX_Coc?feature=oembed\" frameborder=\"0\" allow=\"accelerometer; autoplay; clipboard-write; encrypted-media; gyroscope; picture-in-picture; web-share\" referrerpolicy=\"strict-origin-when-cross-origin\" allowfullscreen><\/iframe><\/div>\n<\/div><\/figure>\n\n\n\n<p>Na \u00e9poca em que espelhos eram caros e dif\u00edceis de fabricar, quebrar um deles significava um <b>preju\u00edzo enorme<\/b>. Isso provavelmente ajudou a espalhar a <b>supersti\u00e7\u00e3o<\/b>, como uma forma de fazer as pessoas terem mais cuidado. Hoje, muita gente prefere enxergar o espelho quebrado como s\u00edmbolo de <b>fim de ciclo<\/b>, mudan\u00e7as internas ou necessidade de olhar para si com mais aten\u00e7\u00e3o.<\/p>\n\n\n\n<h2 class=\"wp-block-heading\">Como lidar com um espelho quebrado dentro de casa com seguran\u00e7a<\/h2>\n\n\n\n<p>Quando o espelho <b>estilha\u00e7a<\/b>, a primeira preocupa\u00e7\u00e3o deve ser evitar acidentes, porque at\u00e9 cacos pequenos podem causar <b>cortes s\u00e9rios<\/b>. \u00c9 importante manter a calma, evitar improvisos e organizar a <b>limpeza segura<\/b> com cuidado.<\/p>\n\n\n\n<p>Proteger m\u00e3os e p\u00e9s \u00e9 essencial, assim como afastar <b>crian\u00e7as<\/b> e animais do local. Se o espelho estiver apenas <b>trincado<\/b> e ainda preso \u00e0 parede, redobre a aten\u00e7\u00e3o ao remov\u00ea-lo, pois novos peda\u00e7os podem se soltar durante o <b>manuseio<\/b>.<\/p>\n\n\n\n<h2 class=\"wp-block-heading\">Vale a pena substituir ou reposicionar o espelho depois da quebra<\/h2>\n\n\n\n<p>Depois do susto, muitas pessoas se perguntam se devem colocar outro <b>espelho<\/b> no mesmo lugar ou se \u00e9 melhor mudar tudo de posi\u00e7\u00e3o. Observar se ali bate <b>sol direto<\/b>, se h\u00e1 fonte de calor por perto, se a parede \u00e9 \u00famida ou se o ambiente sofre com mudan\u00e7as bruscas de temperatura ajuda a tomar uma <b>decis\u00e3o tranquila<\/b>.<\/p>\n\n\n\n<p>Tamb\u00e9m vale revisar o tipo de <b>fixa\u00e7\u00e3o<\/b> usado no espelho anterior, deixando uma pequena folga na moldura e escolhendo suportes adequados ao peso. Assim, o epis\u00f3dio deixa de ser s\u00f3 um <b>sinal misterioso<\/b> e vira oportunidade para tornar a casa mais segura, confort\u00e1vel e, se fizer sentido para voc\u00ea, em paz com suas <b>cren\u00e7as pessoais<\/b>.<\/p>\n","protected":false},"excerpt":{"rendered":"<p>Voc\u00ea j\u00e1 entrou em um c\u00f4modo, encontrou o espelho quebrado do nada e sentiu um arrepio estranho, como se algo diferente estivesse acontecendo por ali? Essa cena \u00e9 mais comum do que parece e costuma misturar susto, curiosidade, cren\u00e7as antigas e tamb\u00e9m explica\u00e7\u00f5es bem simples ligadas ao jeito como o espelho \u00e9 fabricado e instalado. [&hellip;]<\/p>\n","protected":false},"author":9,"featured_media":208714,"comment_status":"open","ping_status":"open","sticky":false,"template":"","format":"standard","meta":{"_yoast_wpseo_focuskw":"significado de espelho quebrado","_yoast_wpseo_title":"","_yoast_wpseo_metadesc":"Descubra o que pode significar quando um espelho se quebra sozinho dentro de casa e conhe\u00e7a as explica\u00e7\u00f5es f\u00edsicas e cren\u00e7as populares.","jnews-multi-image_gallery":[],"jnews_single_post":{"format":"standard"},"jnews_primary_category":[],"jnews_social_meta":[],"jnews_override_counter":[],"footnotes":""},"categories":[112],"tags":[144,7398,16131],"class_list":["post-208504","post","type-post","status-publish","format-standard","has-post-thumbnail","hentry","category-curiosidades","tag-curiosidades","tag-espelho","tag-significado-de-espelho"],"yoast_head":"<!-- This site is optimized with the Yoast SEO plugin v24.6 - https:\/\/yoast.com\/wordpress\/plugins\/seo\/ -->\n<title>O que significa quando um espelho se quebra sozinho dentro de casa - Correio Braziliense - Radar<\/title>\n<meta name=\"description\" content=\"Descubra o que pode significar quando um espelho se quebra sozinho dentro de casa e conhe\u00e7a as explica\u00e7\u00f5es f\u00edsicas e cren\u00e7as populares.\" \/>\n<meta name=\"robots\" content=\"index, follow, max-snippet:-1, max-image-preview:large, max-video-preview:-1\" \/>\n<link rel=\"canonical\" href=\"https:\/\/www.correiobraziliense.com.br\/cbradar\/o-que-significa-quando-um-espelho-se-quebra-sozinho-dentro-de-casa\/\" \/>\n<meta property=\"og:locale\" content=\"pt_BR\" \/>\n<meta property=\"og:type\" content=\"article\" \/>\n<meta property=\"og:title\" content=\"O que significa quando um espelho se quebra sozinho dentro de casa - Correio Braziliense - Radar\" \/>\n<meta property=\"og:description\" content=\"Descubra o que pode significar quando um espelho se quebra sozinho dentro de casa e conhe\u00e7a as explica\u00e7\u00f5es f\u00edsicas e cren\u00e7as populares.\" \/>\n<meta property=\"og:url\" content=\"https:\/\/www.correiobraziliense.com.br\/cbradar\/o-que-significa-quando-um-espelho-se-quebra-sozinho-dentro-de-casa\/\" \/>\n<meta property=\"og:site_name\" content=\"Correio Braziliense - Radar\" \/>\n<meta property=\"article:published_time\" content=\"2026-03-15T05:55:00+00:00\" \/>\n<meta property=\"og:image\" content=\"https:\/\/www.correiobraziliense.com.br\/cbradar\/wp-content\/uploads\/2026\/03\/Gemini_Generated_Image_p682php682php682-1.png\" \/>\n\t<meta property=\"og:image:width\" content=\"1280\" \/>\n\t<meta property=\"og:image:height\" content=\"720\" \/>\n\t<meta property=\"og:image:type\" content=\"image\/png\" \/>\n<meta name=\"author\" content=\"Daniely Cardoso\" \/>\n<meta name=\"twitter:card\" content=\"summary_large_image\" \/>\n<meta name=\"twitter:label1\" content=\"Escrito por\" \/>\n\t<meta name=\"twitter:data1\" content=\"Daniely Cardoso\" \/>\n\t<meta name=\"twitter:label2\" content=\"Est. tempo de leitura\" \/>\n\t<meta name=\"twitter:data2\" content=\"5 minutos\" \/>\n<!-- \/ Yoast SEO plugin. -->","yoast_head_json":{"title":"O que significa quando um espelho se quebra sozinho dentro de casa - Correio Braziliense - Radar","description":"Descubra o que pode significar quando um espelho se quebra sozinho dentro de casa e conhe\u00e7a as explica\u00e7\u00f5es f\u00edsicas e cren\u00e7as populares.","robots":{"index":"index","follow":"follow","max-snippet":"max-snippet:-1","max-image-preview":"max-image-preview:large","max-video-preview":"max-video-preview:-1"},"canonical":"https:\/\/www.correiobraziliense.com.br\/cbradar\/o-que-significa-quando-um-espelho-se-quebra-sozinho-dentro-de-casa\/","og_locale":"pt_BR","og_type":"article","og_title":"O que significa quando um espelho se quebra sozinho dentro de casa - Correio Braziliense - Radar","og_description":"Descubra o que pode significar quando um espelho se quebra sozinho dentro de casa e conhe\u00e7a as explica\u00e7\u00f5es f\u00edsicas e cren\u00e7as populares.","og_url":"https:\/\/www.correiobraziliense.com.br\/cbradar\/o-que-significa-quando-um-espelho-se-quebra-sozinho-dentro-de-casa\/","og_site_name":"Correio Braziliense - Radar","article_published_time":"2026-03-15T05:55:00+00:00","og_image":[{"width":1280,"height":720,"url":"https:\/\/www.correiobraziliense.com.br\/cbradar\/wp-content\/uploads\/2026\/03\/Gemini_Generated_Image_p682php682php682-1.png","type":"image\/png"}],"author":"Daniely Cardoso","twitter_card":"summary_large_image","twitter_misc":{"Escrito por":"Daniely Cardoso","Est. tempo de leitura":"5 minutos"},"schema":{"@context":"https:\/\/schema.org","@graph":[{"@type":"WebPage","@id":"https:\/\/www.correiobraziliense.com.br\/cbradar\/o-que-significa-quando-um-espelho-se-quebra-sozinho-dentro-de-casa\/","url":"https:\/\/www.correiobraziliense.com.br\/cbradar\/o-que-significa-quando-um-espelho-se-quebra-sozinho-dentro-de-casa\/","name":"O que significa quando um espelho se quebra sozinho dentro de casa - Correio Braziliense - Radar","isPartOf":{"@id":"https:\/\/www.correiobraziliense.com.br\/cbradar\/#website"},"primaryImageOfPage":{"@id":"https:\/\/www.correiobraziliense.com.br\/cbradar\/o-que-significa-quando-um-espelho-se-quebra-sozinho-dentro-de-casa\/#primaryimage"},"image":{"@id":"https:\/\/www.correiobraziliense.com.br\/cbradar\/o-que-significa-quando-um-espelho-se-quebra-sozinho-dentro-de-casa\/#primaryimage"},"thumbnailUrl":"https:\/\/www.correiobraziliense.com.br\/cbradar\/wp-content\/uploads\/2026\/03\/Gemini_Generated_Image_p682php682php682-1.png","datePublished":"2026-03-15T05:55:00+00:00","author":{"@id":"https:\/\/www.correiobraziliense.com.br\/cbradar\/#\/schema\/person\/7356666e12ec0ee53f348ee5db227032"},"description":"Descubra o que pode significar quando um espelho se quebra sozinho dentro de casa e conhe\u00e7a as explica\u00e7\u00f5es f\u00edsicas e cren\u00e7as populares.","breadcrumb":{"@id":"https:\/\/www.correiobraziliense.com.br\/cbradar\/o-que-significa-quando-um-espelho-se-quebra-sozinho-dentro-de-casa\/#breadcrumb"},"inLanguage":"pt-BR","potentialAction":[{"@type":"ReadAction","target":["https:\/\/www.correiobraziliense.com.br\/cbradar\/o-que-significa-quando-um-espelho-se-quebra-sozinho-dentro-de-casa\/"]}]},{"@type":"ImageObject","inLanguage":"pt-BR","@id":"https:\/\/www.correiobraziliense.com.br\/cbradar\/o-que-significa-quando-um-espelho-se-quebra-sozinho-dentro-de-casa\/#primaryimage","url":"https:\/\/www.correiobraziliense.com.br\/cbradar\/wp-content\/uploads\/2026\/03\/Gemini_Generated_Image_p682php682php682-1.png","contentUrl":"https:\/\/www.correiobraziliense.com.br\/cbradar\/wp-content\/uploads\/2026\/03\/Gemini_Generated_Image_p682php682php682-1.png","width":1280,"height":720,"caption":"Na pr\u00e1tica, por\u00e9m, um espelho \u00e9 uma placa de vidro com uma camada refletiva atr\u00e1s"},{"@type":"BreadcrumbList","@id":"https:\/\/www.correiobraziliense.com.br\/cbradar\/o-que-significa-quando-um-espelho-se-quebra-sozinho-dentro-de-casa\/#breadcrumb","itemListElement":[{"@type":"ListItem","position":1,"name":"In\u00edcio","item":"https:\/\/www.correiobraziliense.com.br\/cbradar\/"},{"@type":"ListItem","position":2,"name":"O que significa quando um espelho se quebra sozinho dentro de casa"}]},{"@type":"WebSite","@id":"https:\/\/www.correiobraziliense.com.br\/cbradar\/#website","url":"https:\/\/www.correiobraziliense.com.br\/cbradar\/","name":"Correio Braziliense - Radar","description":"Acompanhe as \u00faltimas not\u00edcias e fique bem informado sobre tudo o que acontece no Brasil e no mundo.","potentialAction":[{"@type":"SearchAction","target":{"@type":"EntryPoint","urlTemplate":"https:\/\/www.correiobraziliense.com.br\/cbradar\/?s={search_term_string}"},"query-input":{"@type":"PropertyValueSpecification","valueRequired":true,"valueName":"search_term_string"}}],"inLanguage":"pt-BR"},{"@type":"Person","@id":"https:\/\/www.correiobraziliense.com.br\/cbradar\/#\/schema\/person\/7356666e12ec0ee53f348ee5db227032","name":"Daniely Cardoso","image":{"@type":"ImageObject","inLanguage":"pt-BR","@id":"https:\/\/www.correiobraziliense.com.br\/cbradar\/#\/schema\/person\/image\/","url":"https:\/\/secure.gravatar.com\/avatar\/4b80ddbd124d1f071b626d52d62e5dff?s=96&d=mm&r=g","contentUrl":"https:\/\/secure.gravatar.com\/avatar\/4b80ddbd124d1f071b626d52d62e5dff?s=96&d=mm&r=g","caption":"Daniely Cardoso"},"description":"Redatora nos portais CB Radar e EM Foco, formada pela Universidade Federal de Goi\u00e1s, em Goi\u00e2nia. Apaixonada por comunica\u00e7\u00e3o, arte, decora\u00e7\u00e3o e tend\u00eancias, atuo na produ\u00e7\u00e3o de conte\u00fados envolventes sobre curiosidades, moda, beleza e paisagismo, sempre com um olhar atento \u00e0s novidades do momento.","sameAs":["https:\/\/www.correiobraziliense.com.br\/cbradar"],"url":"https:\/\/www.correiobraziliense.com.br\/cbradar\/author\/danielymyth\/"}]}},"_links":{"self":[{"href":"https:\/\/www.correiobraziliense.com.br\/cbradar\/wp-json\/wp\/v2\/posts\/208504","targetHints":{"allow":["GET"]}}],"collection":[{"href":"https:\/\/www.correiobraziliense.com.br\/cbradar\/wp-json\/wp\/v2\/posts"}],"about":[{"href":"https:\/\/www.correiobraziliense.com.br\/cbradar\/wp-json\/wp\/v2\/types\/post"}],"author":[{"embeddable":true,"href":"https:\/\/www.correiobraziliense.com.br\/cbradar\/wp-json\/wp\/v2\/users\/9"}],"replies":[{"embeddable":true,"href":"https:\/\/www.correiobraziliense.com.br\/cbradar\/wp-json\/wp\/v2\/comments?post=208504"}],"version-history":[{"count":2,"href":"https:\/\/www.correiobraziliense.com.br\/cbradar\/wp-json\/wp\/v2\/posts\/208504\/revisions"}],"predecessor-version":[{"id":208715,"href":"https:\/\/www.correiobraziliense.com.br\/cbradar\/wp-json\/wp\/v2\/posts\/208504\/revisions\/208715"}],"wp:featuredmedia":[{"embeddable":true,"href":"https:\/\/www.correiobraziliense.com.br\/cbradar\/wp-json\/wp\/v2\/media\/208714"}],"wp:attachment":[{"href":"https:\/\/www.correiobraziliense.com.br\/cbradar\/wp-json\/wp\/v2\/media?parent=208504"}],"wp:term":[{"taxonomy":"category","embeddable":true,"href":"https:\/\/www.correiobraziliense.com.br\/cbradar\/wp-json\/wp\/v2\/categories?post=208504"},{"taxonomy":"post_tag","embeddable":true,"href":"https:\/\/www.correiobraziliense.com.br\/cbradar\/wp-json\/wp\/v2\/tags?post=208504"}],"curies":[{"name":"wp","href":"https:\/\/api.w.org\/{rel}","templated":true}]}}