{"id":208506,"date":"2026-03-15T13:05:08","date_gmt":"2026-03-15T16:05:08","guid":{"rendered":"https:\/\/www.correiobraziliense.com.br\/cbradar\/?p=208506"},"modified":"2026-03-14T16:41:13","modified_gmt":"2026-03-14T19:41:13","slug":"a-receita-simples-com-limao-e-curcuma-que-pode-ajudar-o-figado-a-lidar-melhor-com-gorduras","status":"publish","type":"post","link":"https:\/\/www.correiobraziliense.com.br\/cbradar\/a-receita-simples-com-limao-e-curcuma-que-pode-ajudar-o-figado-a-lidar-melhor-com-gorduras\/","title":{"rendered":"A receita simples com lim\u00e3o e c\u00farcuma que pode ajudar o f\u00edgado a lidar melhor com gorduras"},"content":{"rendered":"\n<p>Voc\u00ea j\u00e1 sentiu aquele <b>peso<\/b> depois de uma refei\u00e7\u00e3o cheia de <b>gordura<\/b> e ficou imaginando se o seu f\u00edgado estava dando conta do recado? No dia a dia corrido, ele trabalha silenciosamente para digerir, filtrar e equilibrar o que comemos, e por isso cresce o interesse em uma <b>receita<\/b> simples que ajuda o f\u00edgado a lidar melhor com gorduras, como apoio extra a uma rotina mais saud\u00e1vel.<\/p>\n\n\n\n<h2 class=\"wp-block-heading\">Como uma receita simples pode ajudar o f\u00edgado a lidar melhor com gorduras<\/h2>\n\n\n\n<p>Nutricionistas costumam lembrar que n\u00e3o existe um \u00fanico alimento milagroso para \u201csalvar\u201d o <b>f\u00edgado<\/b>, mas algumas combina\u00e7\u00f5es podem facilitar o trabalho desse <b>\u00f3rg\u00e3o<\/b>. Bebidas com ingredientes ricos em antioxidantes, fibras e compostos amargos podem estimular a produ\u00e7\u00e3o e o fluxo da bile, importante para a digest\u00e3o das gorduras.<\/p>\n\n\n\n<p>Dentro desse contexto, uma <b>receita<\/b> pr\u00e1tica e di\u00e1ria pode ser um apoio interessante, especialmente para quem est\u00e1 ajustando a alimenta\u00e7\u00e3o. Ela n\u00e3o faz milagre sozinha, mas pode complementar h\u00e1bitos como reduzir <b>frituras<\/b>, beber mais \u00e1gua e dormir melhor.<\/p>\n\n\n<div class=\"wp-block-image\">\n<figure class=\"aligncenter size-large\"><img decoding=\"async\" width=\"1024\" height=\"576\" src=\"https:\/\/www.correiobraziliense.com.br\/cbradar\/wp-content\/uploads\/2025\/11\/cha-de-curcuma_1763389847187-1024x576.jpg\" alt=\"\" class=\"wp-image-139434\" srcset=\"https:\/\/www.correiobraziliense.com.br\/cbradar\/wp-content\/uploads\/2025\/11\/cha-de-curcuma_1763389847187-1024x576.jpg 1024w, https:\/\/www.correiobraziliense.com.br\/cbradar\/wp-content\/uploads\/2025\/11\/cha-de-curcuma_1763389847187-300x169.jpg 300w, https:\/\/www.correiobraziliense.com.br\/cbradar\/wp-content\/uploads\/2025\/11\/cha-de-curcuma_1763389847187-768x432.jpg 768w, https:\/\/www.correiobraziliense.com.br\/cbradar\/wp-content\/uploads\/2025\/11\/cha-de-curcuma_1763389847187-750x422.jpg 750w, https:\/\/www.correiobraziliense.com.br\/cbradar\/wp-content\/uploads\/2025\/11\/cha-de-curcuma_1763389847187-1140x641.jpg 1140w, https:\/\/www.correiobraziliense.com.br\/cbradar\/wp-content\/uploads\/2025\/11\/cha-de-curcuma_1763389847187.jpg 1280w\" sizes=\"(max-width: 1024px) 100vw, 1024px\" \/><figcaption class=\"wp-element-caption\">Os efeitos desses ch\u00e1s, entretanto, devem ser avaliados com cautela e sempre com acompanhamento m\u00e9dico &#8211; Cr\u00e9ditos: depositphotos.com \/ oilslo<\/figcaption><\/figure><\/div>\n\n\n<p>Leia tamb\u00e9m:&nbsp;<a href=\"https:\/\/www.correiobraziliense.com.br\/cbradar\/esse-tempero-amarelinho-tao-comum-no-arroz-pode-ser-plantado-no-quintal-e-e-conhecido-por-ajudar-o-figado\/\" target=\"_blank\" rel=\"noopener\">Esse tempero amarelinho t\u00e3o comum no arroz pode ser plantado no quintal e \u00e9 conhecido por ajudar o f\u00edgado<\/a><\/p>\n\n\n\n<h2 class=\"wp-block-heading\">O que \u00e9 o shot matinal que apoia a sa\u00fade do f\u00edgado<\/h2>\n\n\n\n<p>Uma das prepara\u00e7\u00f5es mais comentadas em rotinas voltadas ao cuidado do f\u00edgado \u00e9 um <b>shot<\/b> matinal \u00e0 base de lim\u00e3o, \u00e1gua morna, c\u00farcuma e gengibre. Essa combina\u00e7\u00e3o re\u00fane ingredientes ligados a melhor digest\u00e3o de gorduras e equil\u00edbrio <b>metab\u00f3lico<\/b>, de forma simples e r\u00e1pida.<\/p>\n\n\n\n<p>Os itens s\u00e3o f\u00e1ceis de achar em feiras e <b>mercados<\/b>, o que torna a receita acess\u00edvel para o dia a dia. Em geral, ele \u00e9 consumido em jejum ou antes de refei\u00e7\u00f5es mais pesadas, sempre respeitando particularidades de <b>sa\u00fade<\/b> e orienta\u00e7\u00e3o profissional.<\/p>\n\n\n\n<h2 class=\"wp-block-heading\">Como preparar o shot que auxilia o f\u00edgado no dia a dia<\/h2>\n\n\n\n<p>O preparo do shot \u00e9 direto e n\u00e3o exige nenhuma habilidade especial na <b>cozinha<\/b>. A receita abaixo \u00e9 uma base que pode ser adaptada de acordo com o seu <b>paladar<\/b> e com a orienta\u00e7\u00e3o de um profissional de sa\u00fade, se necess\u00e1rio.<\/p>\n\n\n\n<ul class=\"wp-block-list\">\n<li><b>1\/2 lim\u00e3o<\/b> espremido (de prefer\u00eancia tahiti ou siciliano);<\/li>\n\n\n\n<li><b>100 ml de \u00e1gua morna<\/b> (n\u00e3o precisa ferver);<\/li>\n\n\n\n<li><b>1\/4 de colher de ch\u00e1 de c\u00farcuma em p\u00f3<\/b> (ou um pequeno peda\u00e7o da raiz fresca ralada);<\/li>\n\n\n\n<li><b>1\/4 de colher de ch\u00e1 de gengibre em p\u00f3<\/b> (ou um peda\u00e7o pequeno da raiz fresca ralada);<\/li>\n\n\n\n<li><b>1 pitada de pimenta-preta<\/b> (opcional, ajuda na absor\u00e7\u00e3o de compostos da c\u00farcuma);<\/li>\n\n\n\n<li><b>1 colher de ch\u00e1 de mel<\/b> ou outro ado\u00e7ante natural (opcional, apenas para suavizar o sabor).<\/li>\n<\/ul>\n\n\n\n<ol class=\"wp-block-list\">\n<li><b>Aquecer<\/b> a \u00e1gua at\u00e9 ficar morna, sem deixar <b>ferver<\/b>.<\/li>\n\n\n\n<li><b>Espremer<\/b> o lim\u00e3o em um copo e adicionar a \u00e1gua <b>morna<\/b>.<\/li>\n\n\n\n<li>Incorporar a <b>c\u00farcuma<\/b>, o gengibre e, se desejado, a pitada de <b>pimenta-preta<\/b>.<\/li>\n\n\n\n<li><b>Misturar<\/b> bem at\u00e9 que os p\u00f3s estejam bem <b>dissolvidos<\/b>.<\/li>\n\n\n\n<li>Adicionar o <b>mel<\/b> apenas se necess\u00e1rio para ajustar o <b>paladar<\/b>.<\/li>\n<\/ol>\n\n\n\n<p>Se voc\u00ca gosta de ouvir especialistas, separamos esse v\u00eddeo do canal <a href=\"https:\/\/www.youtube.com\/@dr_yano\" target=\"_blank\" rel=\"noreferrer noopener\">Dr. Roberto Yano<\/a> mostrando um suco detox para limpar o f\u00edgado:<\/p>\n\n\n\n<figure class=\"wp-block-embed is-type-video is-provider-youtube wp-block-embed-youtube wp-embed-aspect-16-9 wp-has-aspect-ratio\"><div class=\"wp-block-embed__wrapper\">\n<div class=\"jeg_video_container jeg_video_content\"><iframe loading=\"lazy\" title=\"7 MANEIRAS de LIMPAR o F\u00cdGADO e um SUCO DETOX especial!\" width=\"500\" height=\"281\" src=\"https:\/\/www.youtube.com\/embed\/0l0Kt1InIS8?feature=oembed\" frameborder=\"0\" allow=\"accelerometer; autoplay; clipboard-write; encrypted-media; gyroscope; picture-in-picture; web-share\" referrerpolicy=\"strict-origin-when-cross-origin\" allowfullscreen><\/iframe><\/div>\n<\/div><\/figure>\n\n\n\n<h2 class=\"wp-block-heading\">Por que essa combina\u00e7\u00e3o pode favorecer o metabolismo de gorduras<\/h2>\n\n\n\n<p>A ideia dessa receita simples para o f\u00edgado est\u00e1 na soma das <b>propriedades<\/b> de cada ingrediente. O <b>lim\u00e3o<\/b> oferece vitamina C e compostos c\u00edtricos que participam da digest\u00e3o, enquanto a \u00e1gua morna ajuda na ingest\u00e3o e na sensa\u00e7\u00e3o de conforto digestivo logo cedo.<\/p>\n\n\n\n<p>A <b>c\u00farcuma<\/b> cont\u00e9m curcuminoides com potencial antioxidante, e o <b>gengibre<\/b> \u00e9 tradicionalmente associado ao al\u00edvio de desconfortos digestivos. Tudo isso, junto de uma alimenta\u00e7\u00e3o equilibrada, pode colaborar com o metabolismo de gorduras, desde que n\u00e3o haja exagero em frituras, \u00e1lcool e sedentarismo.<\/p>\n\n\n\n<h2 class=\"wp-block-heading\">Quais cuidados s\u00e3o importantes ao usar essa receita para o f\u00edgado<\/h2>\n\n\n\n<p>Antes de adotar qualquer <b>receita<\/b> caseira com a inten\u00e7\u00e3o de \u201cajudar o f\u00edgado\u201d, \u00e9 essencial olhar para o estado geral de <b>sa\u00fade<\/b>. Em casos de doen\u00e7as hep\u00e1ticas como hepatites, cirrose ou esteatose avan\u00e7ada, qualquer mudan\u00e7a alimentar deve ser feita com acompanhamento profissional.<\/p>\n\n\n\n<figure class=\"wp-block-embed is-type-rich is-provider-pinterest wp-block-embed-pinterest\"><div class=\"wp-block-embed__wrapper\">\n<iframe loading=\"lazy\" title=\"Shot matinal\" src=\"https:\/\/assets.pinterest.com\/ext\/embed.html?id=80150068366500502&#038;src=oembed\" height=\"699\" width=\"450\" frameborder=\"0\" scrolling=\"no\" ><\/iframe>\n<\/div><\/figure>\n\n\n\n<ul class=\"wp-block-list\">\n<li><b>Pessoas<\/b> com gastrite ou refluxo podem sentir desconforto com o lim\u00e3o em <b>jejum<\/b>.<\/li>\n\n\n\n<li>Quem utiliza <b>anticoagulantes<\/b> precisa de orienta\u00e7\u00e3o antes de consumir c\u00farcuma e gengibre com <b>frequ\u00eancia<\/b>.<\/li>\n\n\n\n<li>Indiv\u00edduos diab\u00e9ticos devem avaliar o uso de <b>mel<\/b> ou ado\u00e7antes <b>cal\u00f3ricos<\/b>.<\/li>\n\n\n\n<li><b>Gestantes<\/b> e pessoas com doen\u00e7as cr\u00f4nicas devem discutir a receita com o m\u00e9dico ou <b>nutricionista<\/b>.<\/li>\n<\/ul>\n\n\n\n<p>Especialistas refor\u00e7am que o melhor cuidado com o f\u00edgado \u00e9 um conjunto de <b>atitudes<\/b>: mais vegetais no prato, menos ultraprocessados, boa <b>hidrata\u00e7\u00e3o<\/b>, atividade f\u00edsica regular e sono de qualidade. Dentro desse cen\u00e1rio, uma receita simples que ajuda o f\u00edgado a lidar melhor com gorduras pode ser um aliado di\u00e1rio, usada com bom senso e, quando necess\u00e1rio, com orienta\u00e7\u00e3o profissional.<\/p>\n","protected":false},"excerpt":{"rendered":"<p>Voc\u00ea j\u00e1 sentiu aquele peso depois de uma refei\u00e7\u00e3o cheia de gordura e ficou imaginando se o seu f\u00edgado estava dando conta do recado? No dia a dia corrido, ele trabalha silenciosamente para digerir, filtrar e equilibrar o que comemos, e por isso cresce o interesse em uma receita simples que ajuda o f\u00edgado a [&hellip;]<\/p>\n","protected":false},"author":9,"featured_media":208723,"comment_status":"open","ping_status":"open","sticky":false,"template":"","format":"standard","meta":{"_yoast_wpseo_focuskw":"shot matinal para o f\u00edgado","_yoast_wpseo_title":"","_yoast_wpseo_metadesc":"Conhe\u00e7a a receita simples com lim\u00e3o, c\u00farcuma e gengibre que pode ajudar o f\u00edgado a lidar melhor com gorduras e apoiar a digest\u00e3o no dia a dia.","jnews-multi-image_gallery":[],"jnews_single_post":{"format":"standard"},"jnews_primary_category":[],"jnews_social_meta":[],"jnews_override_counter":[],"footnotes":""},"categories":[119,4404],"tags":[5623,511,16135],"class_list":["post-208506","post","type-post","status-publish","format-standard","has-post-thumbnail","hentry","category-bem-estar","category-saude","tag-alimentos-para-o-figado","tag-receita","tag-receita-simples"],"yoast_head":"<!-- This site is optimized with the Yoast SEO plugin v24.6 - https:\/\/yoast.com\/wordpress\/plugins\/seo\/ -->\n<title>A receita simples com lim\u00e3o e c\u00farcuma que pode ajudar o f\u00edgado a lidar melhor com gorduras - Correio Braziliense - Radar<\/title>\n<meta name=\"description\" content=\"Conhe\u00e7a a receita simples com lim\u00e3o, c\u00farcuma e gengibre que pode ajudar o f\u00edgado a lidar melhor com gorduras e apoiar a digest\u00e3o no dia a dia.\" \/>\n<meta name=\"robots\" content=\"index, follow, max-snippet:-1, max-image-preview:large, max-video-preview:-1\" \/>\n<link rel=\"canonical\" href=\"https:\/\/www.correiobraziliense.com.br\/cbradar\/a-receita-simples-com-limao-e-curcuma-que-pode-ajudar-o-figado-a-lidar-melhor-com-gorduras\/\" \/>\n<meta property=\"og:locale\" content=\"pt_BR\" \/>\n<meta property=\"og:type\" content=\"article\" \/>\n<meta property=\"og:title\" content=\"A receita simples com lim\u00e3o e c\u00farcuma que pode ajudar o f\u00edgado a lidar melhor com gorduras - Correio Braziliense - Radar\" \/>\n<meta property=\"og:description\" content=\"Conhe\u00e7a a receita simples com lim\u00e3o, c\u00farcuma e gengibre que pode ajudar o f\u00edgado a lidar melhor com gorduras e apoiar a digest\u00e3o no dia a dia.\" \/>\n<meta property=\"og:url\" content=\"https:\/\/www.correiobraziliense.com.br\/cbradar\/a-receita-simples-com-limao-e-curcuma-que-pode-ajudar-o-figado-a-lidar-melhor-com-gorduras\/\" \/>\n<meta property=\"og:site_name\" content=\"Correio Braziliense - Radar\" \/>\n<meta property=\"article:published_time\" content=\"2026-03-15T16:05:08+00:00\" \/>\n<meta property=\"og:image\" content=\"https:\/\/www.correiobraziliense.com.br\/cbradar\/wp-content\/uploads\/2026\/03\/Gemini_Generated_Image_bye6s1bye6s1bye6-1.png\" \/>\n\t<meta property=\"og:image:width\" content=\"1280\" \/>\n\t<meta property=\"og:image:height\" content=\"720\" \/>\n\t<meta property=\"og:image:type\" content=\"image\/png\" \/>\n<meta name=\"author\" content=\"Daniely Cardoso\" \/>\n<meta name=\"twitter:card\" content=\"summary_large_image\" \/>\n<meta name=\"twitter:label1\" content=\"Escrito por\" \/>\n\t<meta name=\"twitter:data1\" content=\"Daniely Cardoso\" \/>\n\t<meta name=\"twitter:label2\" content=\"Est. tempo de leitura\" \/>\n\t<meta name=\"twitter:data2\" content=\"5 minutos\" \/>\n<!-- \/ Yoast SEO plugin. -->","yoast_head_json":{"title":"A receita simples com lim\u00e3o e c\u00farcuma que pode ajudar o f\u00edgado a lidar melhor com gorduras - Correio Braziliense - Radar","description":"Conhe\u00e7a a receita simples com lim\u00e3o, c\u00farcuma e gengibre que pode ajudar o f\u00edgado a lidar melhor com gorduras e apoiar a digest\u00e3o no dia a dia.","robots":{"index":"index","follow":"follow","max-snippet":"max-snippet:-1","max-image-preview":"max-image-preview:large","max-video-preview":"max-video-preview:-1"},"canonical":"https:\/\/www.correiobraziliense.com.br\/cbradar\/a-receita-simples-com-limao-e-curcuma-que-pode-ajudar-o-figado-a-lidar-melhor-com-gorduras\/","og_locale":"pt_BR","og_type":"article","og_title":"A receita simples com lim\u00e3o e c\u00farcuma que pode ajudar o f\u00edgado a lidar melhor com gorduras - Correio Braziliense - Radar","og_description":"Conhe\u00e7a a receita simples com lim\u00e3o, c\u00farcuma e gengibre que pode ajudar o f\u00edgado a lidar melhor com gorduras e apoiar a digest\u00e3o no dia a dia.","og_url":"https:\/\/www.correiobraziliense.com.br\/cbradar\/a-receita-simples-com-limao-e-curcuma-que-pode-ajudar-o-figado-a-lidar-melhor-com-gorduras\/","og_site_name":"Correio Braziliense - Radar","article_published_time":"2026-03-15T16:05:08+00:00","og_image":[{"width":1280,"height":720,"url":"https:\/\/www.correiobraziliense.com.br\/cbradar\/wp-content\/uploads\/2026\/03\/Gemini_Generated_Image_bye6s1bye6s1bye6-1.png","type":"image\/png"}],"author":"Daniely Cardoso","twitter_card":"summary_large_image","twitter_misc":{"Escrito por":"Daniely Cardoso","Est. tempo de leitura":"5 minutos"},"schema":{"@context":"https:\/\/schema.org","@graph":[{"@type":"WebPage","@id":"https:\/\/www.correiobraziliense.com.br\/cbradar\/a-receita-simples-com-limao-e-curcuma-que-pode-ajudar-o-figado-a-lidar-melhor-com-gorduras\/","url":"https:\/\/www.correiobraziliense.com.br\/cbradar\/a-receita-simples-com-limao-e-curcuma-que-pode-ajudar-o-figado-a-lidar-melhor-com-gorduras\/","name":"A receita simples com lim\u00e3o e c\u00farcuma que pode ajudar o f\u00edgado a lidar melhor com gorduras - Correio Braziliense - Radar","isPartOf":{"@id":"https:\/\/www.correiobraziliense.com.br\/cbradar\/#website"},"primaryImageOfPage":{"@id":"https:\/\/www.correiobraziliense.com.br\/cbradar\/a-receita-simples-com-limao-e-curcuma-que-pode-ajudar-o-figado-a-lidar-melhor-com-gorduras\/#primaryimage"},"image":{"@id":"https:\/\/www.correiobraziliense.com.br\/cbradar\/a-receita-simples-com-limao-e-curcuma-que-pode-ajudar-o-figado-a-lidar-melhor-com-gorduras\/#primaryimage"},"thumbnailUrl":"https:\/\/www.correiobraziliense.com.br\/cbradar\/wp-content\/uploads\/2026\/03\/Gemini_Generated_Image_bye6s1bye6s1bye6-1.png","datePublished":"2026-03-15T16:05:08+00:00","author":{"@id":"https:\/\/www.correiobraziliense.com.br\/cbradar\/#\/schema\/person\/7356666e12ec0ee53f348ee5db227032"},"description":"Conhe\u00e7a a receita simples com lim\u00e3o, c\u00farcuma e gengibre que pode ajudar o f\u00edgado a lidar melhor com gorduras e apoiar a digest\u00e3o no dia a dia.","breadcrumb":{"@id":"https:\/\/www.correiobraziliense.com.br\/cbradar\/a-receita-simples-com-limao-e-curcuma-que-pode-ajudar-o-figado-a-lidar-melhor-com-gorduras\/#breadcrumb"},"inLanguage":"pt-BR","potentialAction":[{"@type":"ReadAction","target":["https:\/\/www.correiobraziliense.com.br\/cbradar\/a-receita-simples-com-limao-e-curcuma-que-pode-ajudar-o-figado-a-lidar-melhor-com-gorduras\/"]}]},{"@type":"ImageObject","inLanguage":"pt-BR","@id":"https:\/\/www.correiobraziliense.com.br\/cbradar\/a-receita-simples-com-limao-e-curcuma-que-pode-ajudar-o-figado-a-lidar-melhor-com-gorduras\/#primaryimage","url":"https:\/\/www.correiobraziliense.com.br\/cbradar\/wp-content\/uploads\/2026\/03\/Gemini_Generated_Image_bye6s1bye6s1bye6-1.png","contentUrl":"https:\/\/www.correiobraziliense.com.br\/cbradar\/wp-content\/uploads\/2026\/03\/Gemini_Generated_Image_bye6s1bye6s1bye6-1.png","width":1280,"height":720,"caption":"Nutricionistas costumam lembrar que n\u00e3o existe um \u00fanico alimento milagroso para \u201csalvar\u201d o f\u00edgado"},{"@type":"BreadcrumbList","@id":"https:\/\/www.correiobraziliense.com.br\/cbradar\/a-receita-simples-com-limao-e-curcuma-que-pode-ajudar-o-figado-a-lidar-melhor-com-gorduras\/#breadcrumb","itemListElement":[{"@type":"ListItem","position":1,"name":"In\u00edcio","item":"https:\/\/www.correiobraziliense.com.br\/cbradar\/"},{"@type":"ListItem","position":2,"name":"A receita simples com lim\u00e3o e c\u00farcuma que pode ajudar o f\u00edgado a lidar melhor com gorduras"}]},{"@type":"WebSite","@id":"https:\/\/www.correiobraziliense.com.br\/cbradar\/#website","url":"https:\/\/www.correiobraziliense.com.br\/cbradar\/","name":"Correio Braziliense - Radar","description":"Acompanhe as \u00faltimas not\u00edcias e fique bem informado sobre tudo o que acontece no Brasil e no mundo.","potentialAction":[{"@type":"SearchAction","target":{"@type":"EntryPoint","urlTemplate":"https:\/\/www.correiobraziliense.com.br\/cbradar\/?s={search_term_string}"},"query-input":{"@type":"PropertyValueSpecification","valueRequired":true,"valueName":"search_term_string"}}],"inLanguage":"pt-BR"},{"@type":"Person","@id":"https:\/\/www.correiobraziliense.com.br\/cbradar\/#\/schema\/person\/7356666e12ec0ee53f348ee5db227032","name":"Daniely Cardoso","image":{"@type":"ImageObject","inLanguage":"pt-BR","@id":"https:\/\/www.correiobraziliense.com.br\/cbradar\/#\/schema\/person\/image\/","url":"https:\/\/secure.gravatar.com\/avatar\/4b80ddbd124d1f071b626d52d62e5dff?s=96&d=mm&r=g","contentUrl":"https:\/\/secure.gravatar.com\/avatar\/4b80ddbd124d1f071b626d52d62e5dff?s=96&d=mm&r=g","caption":"Daniely Cardoso"},"description":"Redatora nos portais CB Radar e EM Foco, formada pela Universidade Federal de Goi\u00e1s, em Goi\u00e2nia. Apaixonada por comunica\u00e7\u00e3o, arte, decora\u00e7\u00e3o e tend\u00eancias, atuo na produ\u00e7\u00e3o de conte\u00fados envolventes sobre curiosidades, moda, beleza e paisagismo, sempre com um olhar atento \u00e0s novidades do momento.","sameAs":["https:\/\/www.correiobraziliense.com.br\/cbradar"],"url":"https:\/\/www.correiobraziliense.com.br\/cbradar\/author\/danielymyth\/"}]}},"_links":{"self":[{"href":"https:\/\/www.correiobraziliense.com.br\/cbradar\/wp-json\/wp\/v2\/posts\/208506","targetHints":{"allow":["GET"]}}],"collection":[{"href":"https:\/\/www.correiobraziliense.com.br\/cbradar\/wp-json\/wp\/v2\/posts"}],"about":[{"href":"https:\/\/www.correiobraziliense.com.br\/cbradar\/wp-json\/wp\/v2\/types\/post"}],"author":[{"embeddable":true,"href":"https:\/\/www.correiobraziliense.com.br\/cbradar\/wp-json\/wp\/v2\/users\/9"}],"replies":[{"embeddable":true,"href":"https:\/\/www.correiobraziliense.com.br\/cbradar\/wp-json\/wp\/v2\/comments?post=208506"}],"version-history":[{"count":2,"href":"https:\/\/www.correiobraziliense.com.br\/cbradar\/wp-json\/wp\/v2\/posts\/208506\/revisions"}],"predecessor-version":[{"id":208725,"href":"https:\/\/www.correiobraziliense.com.br\/cbradar\/wp-json\/wp\/v2\/posts\/208506\/revisions\/208725"}],"wp:featuredmedia":[{"embeddable":true,"href":"https:\/\/www.correiobraziliense.com.br\/cbradar\/wp-json\/wp\/v2\/media\/208723"}],"wp:attachment":[{"href":"https:\/\/www.correiobraziliense.com.br\/cbradar\/wp-json\/wp\/v2\/media?parent=208506"}],"wp:term":[{"taxonomy":"category","embeddable":true,"href":"https:\/\/www.correiobraziliense.com.br\/cbradar\/wp-json\/wp\/v2\/categories?post=208506"},{"taxonomy":"post_tag","embeddable":true,"href":"https:\/\/www.correiobraziliense.com.br\/cbradar\/wp-json\/wp\/v2\/tags?post=208506"}],"curies":[{"name":"wp","href":"https:\/\/api.w.org\/{rel}","templated":true}]}}