{"id":208507,"date":"2026-03-15T14:55:14","date_gmt":"2026-03-15T17:55:14","guid":{"rendered":"https:\/\/www.correiobraziliense.com.br\/cbradar\/?p=208507"},"modified":"2026-03-14T16:50:02","modified_gmt":"2026-03-14T19:50:02","slug":"os-4-perfumes-masculinos-marcantes-e-acessiveis-que-chamam-atencao-sem-pesar-no-bolso","status":"publish","type":"post","link":"https:\/\/www.correiobraziliense.com.br\/cbradar\/os-4-perfumes-masculinos-marcantes-e-acessiveis-que-chamam-atencao-sem-pesar-no-bolso\/","title":{"rendered":"Os 4 perfumes masculinos marcantes e acess\u00edveis que chamam aten\u00e7\u00e3o sem pesar no bolso"},"content":{"rendered":"\n<p>Voc\u00ea j\u00e1 ficou perdido na frente da prateleira, sentindo v\u00e1rios cheiros, sem saber qual <b>perfume masculino<\/b> levar para ter um aroma marcante sem estourar o <b>or\u00e7amento pessoal<\/b>? Hoje em dia \u00e9 totalmente poss\u00edvel encontrar perfumes masculinos com <b>presen\u00e7a marcante<\/b>, boa proje\u00e7\u00e3o e pre\u00e7o amigo, sem precisar apelar para marcas de luxo. Muitas fragr\u00e2ncias nacionais ganharam espa\u00e7o justamente por entregarem identidade e impacto olfativo para o dia a dia, do trabalho aos momentos de lazer.<\/p>\n\n\n\n<h2 class=\"wp-block-heading\">O que torna um perfume masculino realmente marcante<\/h2>\n\n\n\n<p>Um <b>perfume masculino<\/b> marcante costuma se destacar pelo equil\u00edbrio entre <b>notas olfativas<\/b> de sa\u00edda, corpo e fundo. Madeiras, \u00e2mbar, especiarias, lavanda, musk e acordes arom\u00e1ticos aparecem com frequ\u00eancia em fragr\u00e2ncias que deixam <b>rastro duradouro<\/b> e geram lembran\u00e7a em quem est\u00e1 por perto.<\/p>\n\n\n\n<p>A intensidade tamb\u00e9m conta: vers\u00f5es <b>eau de parfum<\/b> tendem a ser mais encorpadas que col\u00f4nias e eau de toilette, mas o que manda mesmo \u00e9 a qualidade da f\u00f3rmula e como ela se comporta na sua <b>pele masculina<\/b>. No fim, o \u201ccheiro assinatura\u201d \u00e9 aquele que combina com a sua rotina e faz voc\u00ea se sentir mais <b>confiante e seguro<\/b>.<\/p>\n\n\n<div class=\"wp-block-image\">\n<figure class=\"aligncenter size-full\"><img decoding=\"async\" width=\"1280\" height=\"720\" src=\"https:\/\/www.correiobraziliense.com.br\/cbradar\/wp-content\/uploads\/2026\/03\/homem-perfume_1773517769406.jpg\" alt=\"\" class=\"wp-image-208735\" srcset=\"https:\/\/www.correiobraziliense.com.br\/cbradar\/wp-content\/uploads\/2026\/03\/homem-perfume_1773517769406.jpg 1280w, https:\/\/www.correiobraziliense.com.br\/cbradar\/wp-content\/uploads\/2026\/03\/homem-perfume_1773517769406-300x169.jpg 300w, https:\/\/www.correiobraziliense.com.br\/cbradar\/wp-content\/uploads\/2026\/03\/homem-perfume_1773517769406-768x432.jpg 768w, https:\/\/www.correiobraziliense.com.br\/cbradar\/wp-content\/uploads\/2026\/03\/homem-perfume_1773517769406-750x422.jpg 750w, https:\/\/www.correiobraziliense.com.br\/cbradar\/wp-content\/uploads\/2026\/03\/homem-perfume_1773517769406-1140x641.jpg 1140w\" sizes=\"(max-width: 1280px) 100vw, 1280px\" \/><figcaption class=\"wp-element-caption\">No mercado brasileiro, algumas fragr\u00e2ncias se tornaram queridinhas por juntar aroma intenso  &#8211; Cr\u00e9ditos: depositphotos.com \/ olegbreslavtsev<\/figcaption><\/figure><\/div>\n\n\n<p>Leia tamb\u00e9m:&nbsp;<a href=\"https:\/\/www.correiobraziliense.com.br\/cbradar\/4-perfumes-refrescantes-da-mary-kay-que-deixam-cheiro-de-banho-tomado-o-dia-inteiro\/\" target=\"_blank\" rel=\"noopener\">4 perfumes refrescantes da Mary Kay que deixam cheiro de banho tomado o dia inteiro<\/a><\/p>\n\n\n\n<h2 class=\"wp-block-heading\">Quais s\u00e3o 4 perfumes masculinos marcantes e acess\u00edveis<\/h2>\n\n\n\n<p>No mercado brasileiro, algumas fragr\u00e2ncias se tornaram queridinhas por juntar <b>aroma intenso<\/b> e pre\u00e7o competitivo. Elas s\u00e3o facilmente encontradas em perfumarias, farm\u00e1cias e <b>lojas online<\/b>, muitas vezes com promo\u00e7\u00f5es e kits especiais que deixam tudo mais em conta para quem busca <b>custo-benef\u00edcio<\/b>.<\/p>\n\n\n\n<ul class=\"wp-block-list\">\n<li><strong>1. Malbec Tradicional \u2013 O Botic\u00e1rio<\/strong><br><p>O <b>Malbec tradicional<\/b> \u00e9 quase um \u201cuniforme\u201d olfativo de muitos brasileiros. Amadeirado e encorpado, usa um processo de <b>macera\u00e7\u00e3o especial<\/b> em barris de vinho, o que traz um toque alco\u00f3lico elegante, frutas escuras e madeiras marcantes. Cai muito bem \u00e0 noite, em <b>encontros rom\u00e2nticos<\/b>, festas e situa\u00e7\u00f5es em que voc\u00ea quer ser notado sem exagero.<\/p><\/li>\n<\/ul>\n\n\n\n<figure class=\"wp-block-embed is-type-rich is-provider-pinterest wp-block-embed-pinterest\"><div class=\"wp-block-embed__wrapper\">\n<iframe loading=\"lazy\" title=\"Check out my video on Shopee Video\" src=\"https:\/\/assets.pinterest.com\/ext\/embed.html?id=890375788845074888&#038;src=oembed\" height=\"899\" width=\"450\" frameborder=\"0\" scrolling=\"no\" ><\/iframe>\n<\/div><\/figure>\n\n\n\n<ul class=\"wp-block-list\">\n<li><strong>2. Quasar \u2013 O Botic\u00e1rio<\/strong><br><p>O <b>Quasar masculino<\/b> \u00e9 aquele perfume fresco, vers\u00e1til e f\u00e1cil de usar no dia a dia. Ele mistura notas c\u00edtricas, arom\u00e1ticas e <b>toques de musk<\/b>, criando um cheiro marcante de banho tomado e energia renovada. Combina com dias quentes, rotina de <b>trabalho urbano<\/b>, academia e passeios ao ar livre, com bom custo-benef\u00edcio e muitos kits promocionais ao longo do ano.<\/p><\/li>\n<\/ul>\n\n\n\n<figure class=\"wp-block-embed is-type-rich is-provider-pinterest wp-block-embed-pinterest\"><div class=\"wp-block-embed__wrapper\">\n<iframe loading=\"lazy\" title=\"Garimpeiros | Linktree\" src=\"https:\/\/assets.pinterest.com\/ext\/embed.html?id=39828777962863692&#038;src=oembed\" height=\"550\" width=\"450\" frameborder=\"0\" scrolling=\"no\" ><\/iframe>\n<\/div><\/figure>\n\n\n\n<ul class=\"wp-block-list\">\n<li><strong>3. Kaiak Cl\u00e1ssico \u2013 Natura<\/strong><br><p>O <b>Kaiak cl\u00e1ssico<\/b> \u00e9 um dos perfumes masculinos em conta mais conhecidos do pa\u00eds. De pegada aqu\u00e1tica e arom\u00e1tica, traz c\u00edtricos, acordes marinhos e um fundo amadeirado <b>suave e limpo<\/b>, lembrando sensa\u00e7\u00e3o de brisa e frescor. Funciona super bem em situa\u00e7\u00f5es casuais, pr\u00e1tica de <b>esportes ao ar livre<\/b> e para quem gosta de um cheiro leve, mas presente.<\/p><\/li>\n<\/ul>\n\n\n\n<figure class=\"wp-block-embed is-type-rich is-provider-pinterest wp-block-embed-pinterest\"><div class=\"wp-block-embed__wrapper\">\n<iframe loading=\"lazy\" title=\"Kaiak Cl\u00e1ssico Natura Deo Col\u00f4nia Masculino\" src=\"https:\/\/assets.pinterest.com\/ext\/embed.html?id=711498441172342899&#038;src=oembed\" height=\"899\" width=\"450\" frameborder=\"0\" scrolling=\"no\" ><\/iframe>\n<\/div><\/figure>\n\n\n\n<ul class=\"wp-block-list\">\n<li><strong>4. Egeo Bomb Black \u2013 O Botic\u00e1rio<\/strong><br><p>J\u00e1 o <b>Egeo Bomb<\/b> Black \u00e9 para quem curte perfumes doces e intensos. Da fam\u00edlia oriental gourmand, combina notas adocicadas, especiarias e <b>madeiras quentes<\/b>, criando uma fragr\u00e2ncia bem marcante e envolvente. \u00c9 mais indicado para a noite e dias frios, e costuma chamar aten\u00e7\u00e3o mesmo com poucas borrifadas, mantendo um <b>pre\u00e7o competitivo<\/b> pela performance.<\/p><\/li>\n<\/ul>\n\n\n\n<figure class=\"wp-block-embed is-type-rich is-provider-pinterest wp-block-embed-pinterest\"><div class=\"wp-block-embed__wrapper\">\n<iframe loading=\"lazy\" title=\"Bom Black 100 ml\" src=\"https:\/\/assets.pinterest.com\/ext\/embed.html?id=914862419073657&#038;src=oembed\" height=\"697\" width=\"450\" frameborder=\"0\" scrolling=\"no\" ><\/iframe>\n<\/div><\/figure>\n\n\n\n<h2 class=\"wp-block-heading\">Como escolher um perfume masculino marcante e barato na pr\u00e1tica<\/h2>\n\n\n\n<p>Na hora de bater o martelo, nada substitui o <b>teste na pele<\/b>. A mesma fragr\u00e2ncia pode ficar incr\u00edvel em uma pessoa e enjoativa em outra, porque o perfume reage com a qu\u00edmica do <b>corpo individual<\/b>. Por isso, evite decidir s\u00f3 cheirando a fita de papel: aplique, espere algumas horas e veja se voc\u00ea continua gostando do <b>aroma final<\/b>.<\/p>\n\n\n\n<p>Tamb\u00e9m vale observar quanto tempo o cheiro dura e como ele se comporta em ambientes abertos e <b>espa\u00e7os fechados<\/b>. Olhar o custo por mililitro ajuda a comparar frascos de tamanhos diferentes, e aproveitar promo\u00e7\u00f5es, datas especiais e <b>programas de pontos<\/b> pode deixar a compra muito mais vantajosa para montar uma <b>cole\u00e7\u00e3o b\u00e1sica<\/b>.<\/p>\n\n\n\n<h2 class=\"wp-block-heading\">Quais cuidados ajudam a aproveitar melhor perfumes masculinos acess\u00edveis<\/h2>\n\n\n\n<p>Alguns h\u00e1bitos simples fazem qualquer <b>perfume masculino<\/b> marcante render mais, mesmo os mais baratos. Aplicar em \u00e1reas como pesco\u00e7o, pulsos e parte interna dos bra\u00e7os costuma melhorar a <b>proje\u00e7\u00e3o olfativa<\/b>, e manter a pele hidratada ajuda bastante na fixa\u00e7\u00e3o ao longo do dia, especialmente em <b>climas secos<\/b>.<\/p>\n\n\n\n<p>Al\u00e9m disso, pequenos cuidados no uso e armazenamento podem prolongar a <b>vida \u00fatil<\/b> da fragr\u00e2ncia e deixar o cheiro sempre agrad\u00e1vel:<\/p>\n\n\n\n<ul class=\"wp-block-list\">\n<li>Evitar esfregar os pulsos ap\u00f3s aplicar o <b>perfume escolhido<\/b>, para n\u00e3o \u201cquebrar\u201d as <b>notas principais<\/b>.<\/li>\n\n\n\n<li>Guardar o frasco longe de <b>luz direta<\/b>, calor e umidade excessiva.<\/li>\n\n\n\n<li>Reaplicar em pequenas <b>quantidades moderadas<\/b> ao longo do dia, em vez de exagerar de uma <b>vez s\u00f3<\/b>.<\/li>\n\n\n\n<li>Dosar o n\u00famero de borrifadas pensando nas <b>pessoas pr\u00f3ximas<\/b> e no tamanho do <b>ambiente interno<\/b>.<\/li>\n<\/ul>\n\n\n\n<p>Com essas escolhas e cuidados, d\u00e1 para montar uma pequena cole\u00e7\u00e3o de <b>perfumes masculinos<\/b> com aroma marcante e pre\u00e7o acess\u00edvel, cobrindo desde o uso di\u00e1rio at\u00e9 <b>eventos especiais<\/b>, sem pesar no bolso e mantendo sempre a sensa\u00e7\u00e3o de estar bem cuidado e com boa <b>presen\u00e7a pessoal<\/b>.<\/p>\n","protected":false},"excerpt":{"rendered":"<p>Voc\u00ea j\u00e1 ficou perdido na frente da prateleira, sentindo v\u00e1rios cheiros, sem saber qual perfume masculino levar para ter um aroma marcante sem estourar o or\u00e7amento pessoal? Hoje em dia \u00e9 totalmente poss\u00edvel encontrar perfumes masculinos com presen\u00e7a marcante, boa proje\u00e7\u00e3o e pre\u00e7o amigo, sem precisar apelar para marcas de luxo. Muitas fragr\u00e2ncias nacionais ganharam [&hellip;]<\/p>\n","protected":false},"author":9,"featured_media":208733,"comment_status":"open","ping_status":"open","sticky":false,"template":"","format":"standard","meta":{"_yoast_wpseo_focuskw":"perfume masculino","_yoast_wpseo_title":"","_yoast_wpseo_metadesc":"Conhe\u00e7a 4 perfumes masculinos marcantes e acess\u00edveis que unem aroma intenso, boa presen\u00e7a e pre\u00e7o amigo para usar no dia a dia.","jnews-multi-image_gallery":[],"jnews_single_post":{"format":"standard"},"jnews_primary_category":[],"jnews_social_meta":[],"jnews_override_counter":[],"footnotes":""},"categories":[119],"tags":[747,16137,16136],"class_list":["post-208507","post","type-post","status-publish","format-standard","has-post-thumbnail","hentry","category-bem-estar","tag-perfumes","tag-perfumes-acessiveis","tag-perfumes-masculinos"],"yoast_head":"<!-- This site is optimized with the Yoast SEO plugin v24.6 - https:\/\/yoast.com\/wordpress\/plugins\/seo\/ -->\n<title>Os 4 perfumes masculinos marcantes e acess\u00edveis que chamam aten\u00e7\u00e3o sem pesar no bolso - Correio Braziliense - Radar<\/title>\n<meta name=\"description\" content=\"Conhe\u00e7a 4 perfumes masculinos marcantes e acess\u00edveis que unem aroma intenso, boa presen\u00e7a e pre\u00e7o amigo para usar no dia a dia.\" \/>\n<meta name=\"robots\" content=\"index, follow, max-snippet:-1, max-image-preview:large, max-video-preview:-1\" \/>\n<link rel=\"canonical\" href=\"https:\/\/www.correiobraziliense.com.br\/cbradar\/os-4-perfumes-masculinos-marcantes-e-acessiveis-que-chamam-atencao-sem-pesar-no-bolso\/\" \/>\n<meta property=\"og:locale\" content=\"pt_BR\" \/>\n<meta property=\"og:type\" content=\"article\" \/>\n<meta property=\"og:title\" content=\"Os 4 perfumes masculinos marcantes e acess\u00edveis que chamam aten\u00e7\u00e3o sem pesar no bolso - Correio Braziliense - Radar\" \/>\n<meta property=\"og:description\" content=\"Conhe\u00e7a 4 perfumes masculinos marcantes e acess\u00edveis que unem aroma intenso, boa presen\u00e7a e pre\u00e7o amigo para usar no dia a dia.\" \/>\n<meta property=\"og:url\" content=\"https:\/\/www.correiobraziliense.com.br\/cbradar\/os-4-perfumes-masculinos-marcantes-e-acessiveis-que-chamam-atencao-sem-pesar-no-bolso\/\" \/>\n<meta property=\"og:site_name\" content=\"Correio Braziliense - Radar\" \/>\n<meta property=\"article:published_time\" content=\"2026-03-15T17:55:14+00:00\" \/>\n<meta property=\"og:image\" content=\"https:\/\/www.correiobraziliense.com.br\/cbradar\/wp-content\/uploads\/2026\/03\/Gemini_Generated_Image_rm4eoqrm4eoqrm4e-1.png\" \/>\n\t<meta property=\"og:image:width\" content=\"1280\" \/>\n\t<meta property=\"og:image:height\" content=\"720\" \/>\n\t<meta property=\"og:image:type\" content=\"image\/png\" \/>\n<meta name=\"author\" content=\"Daniely Cardoso\" \/>\n<meta name=\"twitter:card\" content=\"summary_large_image\" \/>\n<meta name=\"twitter:label1\" content=\"Escrito por\" \/>\n\t<meta name=\"twitter:data1\" content=\"Daniely Cardoso\" \/>\n\t<meta name=\"twitter:label2\" content=\"Est. tempo de leitura\" \/>\n\t<meta name=\"twitter:data2\" content=\"5 minutos\" \/>\n<!-- \/ Yoast SEO plugin. -->","yoast_head_json":{"title":"Os 4 perfumes masculinos marcantes e acess\u00edveis que chamam aten\u00e7\u00e3o sem pesar no bolso - Correio Braziliense - Radar","description":"Conhe\u00e7a 4 perfumes masculinos marcantes e acess\u00edveis que unem aroma intenso, boa presen\u00e7a e pre\u00e7o amigo para usar no dia a dia.","robots":{"index":"index","follow":"follow","max-snippet":"max-snippet:-1","max-image-preview":"max-image-preview:large","max-video-preview":"max-video-preview:-1"},"canonical":"https:\/\/www.correiobraziliense.com.br\/cbradar\/os-4-perfumes-masculinos-marcantes-e-acessiveis-que-chamam-atencao-sem-pesar-no-bolso\/","og_locale":"pt_BR","og_type":"article","og_title":"Os 4 perfumes masculinos marcantes e acess\u00edveis que chamam aten\u00e7\u00e3o sem pesar no bolso - Correio Braziliense - Radar","og_description":"Conhe\u00e7a 4 perfumes masculinos marcantes e acess\u00edveis que unem aroma intenso, boa presen\u00e7a e pre\u00e7o amigo para usar no dia a dia.","og_url":"https:\/\/www.correiobraziliense.com.br\/cbradar\/os-4-perfumes-masculinos-marcantes-e-acessiveis-que-chamam-atencao-sem-pesar-no-bolso\/","og_site_name":"Correio Braziliense - Radar","article_published_time":"2026-03-15T17:55:14+00:00","og_image":[{"width":1280,"height":720,"url":"https:\/\/www.correiobraziliense.com.br\/cbradar\/wp-content\/uploads\/2026\/03\/Gemini_Generated_Image_rm4eoqrm4eoqrm4e-1.png","type":"image\/png"}],"author":"Daniely Cardoso","twitter_card":"summary_large_image","twitter_misc":{"Escrito por":"Daniely Cardoso","Est. tempo de leitura":"5 minutos"},"schema":{"@context":"https:\/\/schema.org","@graph":[{"@type":"WebPage","@id":"https:\/\/www.correiobraziliense.com.br\/cbradar\/os-4-perfumes-masculinos-marcantes-e-acessiveis-que-chamam-atencao-sem-pesar-no-bolso\/","url":"https:\/\/www.correiobraziliense.com.br\/cbradar\/os-4-perfumes-masculinos-marcantes-e-acessiveis-que-chamam-atencao-sem-pesar-no-bolso\/","name":"Os 4 perfumes masculinos marcantes e acess\u00edveis que chamam aten\u00e7\u00e3o sem pesar no bolso - Correio Braziliense - Radar","isPartOf":{"@id":"https:\/\/www.correiobraziliense.com.br\/cbradar\/#website"},"primaryImageOfPage":{"@id":"https:\/\/www.correiobraziliense.com.br\/cbradar\/os-4-perfumes-masculinos-marcantes-e-acessiveis-que-chamam-atencao-sem-pesar-no-bolso\/#primaryimage"},"image":{"@id":"https:\/\/www.correiobraziliense.com.br\/cbradar\/os-4-perfumes-masculinos-marcantes-e-acessiveis-que-chamam-atencao-sem-pesar-no-bolso\/#primaryimage"},"thumbnailUrl":"https:\/\/www.correiobraziliense.com.br\/cbradar\/wp-content\/uploads\/2026\/03\/Gemini_Generated_Image_rm4eoqrm4eoqrm4e-1.png","datePublished":"2026-03-15T17:55:14+00:00","author":{"@id":"https:\/\/www.correiobraziliense.com.br\/cbradar\/#\/schema\/person\/7356666e12ec0ee53f348ee5db227032"},"description":"Conhe\u00e7a 4 perfumes masculinos marcantes e acess\u00edveis que unem aroma intenso, boa presen\u00e7a e pre\u00e7o amigo para usar no dia a dia.","breadcrumb":{"@id":"https:\/\/www.correiobraziliense.com.br\/cbradar\/os-4-perfumes-masculinos-marcantes-e-acessiveis-que-chamam-atencao-sem-pesar-no-bolso\/#breadcrumb"},"inLanguage":"pt-BR","potentialAction":[{"@type":"ReadAction","target":["https:\/\/www.correiobraziliense.com.br\/cbradar\/os-4-perfumes-masculinos-marcantes-e-acessiveis-que-chamam-atencao-sem-pesar-no-bolso\/"]}]},{"@type":"ImageObject","inLanguage":"pt-BR","@id":"https:\/\/www.correiobraziliense.com.br\/cbradar\/os-4-perfumes-masculinos-marcantes-e-acessiveis-que-chamam-atencao-sem-pesar-no-bolso\/#primaryimage","url":"https:\/\/www.correiobraziliense.com.br\/cbradar\/wp-content\/uploads\/2026\/03\/Gemini_Generated_Image_rm4eoqrm4eoqrm4e-1.png","contentUrl":"https:\/\/www.correiobraziliense.com.br\/cbradar\/wp-content\/uploads\/2026\/03\/Gemini_Generated_Image_rm4eoqrm4eoqrm4e-1.png","width":1280,"height":720,"caption":"Um perfume masculino marcante costuma se destacar pelo equil\u00edbrio entre notas olfativas de sa\u00edda"},{"@type":"BreadcrumbList","@id":"https:\/\/www.correiobraziliense.com.br\/cbradar\/os-4-perfumes-masculinos-marcantes-e-acessiveis-que-chamam-atencao-sem-pesar-no-bolso\/#breadcrumb","itemListElement":[{"@type":"ListItem","position":1,"name":"In\u00edcio","item":"https:\/\/www.correiobraziliense.com.br\/cbradar\/"},{"@type":"ListItem","position":2,"name":"Os 4 perfumes masculinos marcantes e acess\u00edveis que chamam aten\u00e7\u00e3o sem pesar no bolso"}]},{"@type":"WebSite","@id":"https:\/\/www.correiobraziliense.com.br\/cbradar\/#website","url":"https:\/\/www.correiobraziliense.com.br\/cbradar\/","name":"Correio Braziliense - Radar","description":"Acompanhe as \u00faltimas not\u00edcias e fique bem informado sobre tudo o que acontece no Brasil e no mundo.","potentialAction":[{"@type":"SearchAction","target":{"@type":"EntryPoint","urlTemplate":"https:\/\/www.correiobraziliense.com.br\/cbradar\/?s={search_term_string}"},"query-input":{"@type":"PropertyValueSpecification","valueRequired":true,"valueName":"search_term_string"}}],"inLanguage":"pt-BR"},{"@type":"Person","@id":"https:\/\/www.correiobraziliense.com.br\/cbradar\/#\/schema\/person\/7356666e12ec0ee53f348ee5db227032","name":"Daniely Cardoso","image":{"@type":"ImageObject","inLanguage":"pt-BR","@id":"https:\/\/www.correiobraziliense.com.br\/cbradar\/#\/schema\/person\/image\/","url":"https:\/\/secure.gravatar.com\/avatar\/4b80ddbd124d1f071b626d52d62e5dff?s=96&d=mm&r=g","contentUrl":"https:\/\/secure.gravatar.com\/avatar\/4b80ddbd124d1f071b626d52d62e5dff?s=96&d=mm&r=g","caption":"Daniely Cardoso"},"description":"Redatora nos portais CB Radar e EM Foco, formada pela Universidade Federal de Goi\u00e1s, em Goi\u00e2nia. Apaixonada por comunica\u00e7\u00e3o, arte, decora\u00e7\u00e3o e tend\u00eancias, atuo na produ\u00e7\u00e3o de conte\u00fados envolventes sobre curiosidades, moda, beleza e paisagismo, sempre com um olhar atento \u00e0s novidades do momento.","sameAs":["https:\/\/www.correiobraziliense.com.br\/cbradar"],"url":"https:\/\/www.correiobraziliense.com.br\/cbradar\/author\/danielymyth\/"}]}},"_links":{"self":[{"href":"https:\/\/www.correiobraziliense.com.br\/cbradar\/wp-json\/wp\/v2\/posts\/208507","targetHints":{"allow":["GET"]}}],"collection":[{"href":"https:\/\/www.correiobraziliense.com.br\/cbradar\/wp-json\/wp\/v2\/posts"}],"about":[{"href":"https:\/\/www.correiobraziliense.com.br\/cbradar\/wp-json\/wp\/v2\/types\/post"}],"author":[{"embeddable":true,"href":"https:\/\/www.correiobraziliense.com.br\/cbradar\/wp-json\/wp\/v2\/users\/9"}],"replies":[{"embeddable":true,"href":"https:\/\/www.correiobraziliense.com.br\/cbradar\/wp-json\/wp\/v2\/comments?post=208507"}],"version-history":[{"count":2,"href":"https:\/\/www.correiobraziliense.com.br\/cbradar\/wp-json\/wp\/v2\/posts\/208507\/revisions"}],"predecessor-version":[{"id":208736,"href":"https:\/\/www.correiobraziliense.com.br\/cbradar\/wp-json\/wp\/v2\/posts\/208507\/revisions\/208736"}],"wp:featuredmedia":[{"embeddable":true,"href":"https:\/\/www.correiobraziliense.com.br\/cbradar\/wp-json\/wp\/v2\/media\/208733"}],"wp:attachment":[{"href":"https:\/\/www.correiobraziliense.com.br\/cbradar\/wp-json\/wp\/v2\/media?parent=208507"}],"wp:term":[{"taxonomy":"category","embeddable":true,"href":"https:\/\/www.correiobraziliense.com.br\/cbradar\/wp-json\/wp\/v2\/categories?post=208507"},{"taxonomy":"post_tag","embeddable":true,"href":"https:\/\/www.correiobraziliense.com.br\/cbradar\/wp-json\/wp\/v2\/tags?post=208507"}],"curies":[{"name":"wp","href":"https:\/\/api.w.org\/{rel}","templated":true}]}}