{"id":208553,"date":"2026-03-15T09:55:00","date_gmt":"2026-03-15T12:55:00","guid":{"rendered":"https:\/\/www.correiobraziliense.com.br\/cbradar\/?p=208553"},"modified":"2026-03-14T14:15:15","modified_gmt":"2026-03-14T17:15:15","slug":"o-fruto-amazonico-esquecido-que-ajuda-a-controlar-3-problemas-de-saude-comuns","status":"publish","type":"post","link":"https:\/\/www.correiobraziliense.com.br\/cbradar\/o-fruto-amazonico-esquecido-que-ajuda-a-controlar-3-problemas-de-saude-comuns\/","title":{"rendered":"O fruto amaz\u00f4nico esquecido que ajuda a controlar 3 problemas de sa\u00fade comuns"},"content":{"rendered":"\n<p>O camu-camu \u00e9 um fruto nativo da regi\u00e3o amaz\u00f4nica que ganha destaque mundial por sua alt\u00edssima concentra\u00e7\u00e3o de vitamina C natural. Embora pouco consumido em grandes centros urbanos, suas propriedades nutricionais combatem inflama\u00e7\u00f5es e fortalecem o sistema imunol\u00f3gico. Entender como integrar este superalimento na sua rotina alimentar promove benef\u00edcios extraordin\u00e1rios para o corpo.<\/p>\n\n\n\n<h2 class=\"wp-block-heading\">Como este fruto amaz\u00f4nico auxilia no equil\u00edbrio do a\u00e7\u00facar?<\/h2>\n\n\n\n<p>Estudos preliminares sugerem que os compostos bioativos presentes na polpa \u00e1cida do camu-camu auxiliam na regula\u00e7\u00e3o dos n\u00edveis de a\u00e7\u00facar no sangue. Esse efeito \u00e9 fundamental para prevenir picos de insulina que podem levar ao desenvolvimento de diabetes tipo dois em adultos. A ingest\u00e3o frequente do fruto melhora a resposta metab\u00f3lica do organismo de forma natural e eficiente.<\/p>\n\n\n\n<p>Al\u00e9m disso, a presen\u00e7a de polifen\u00f3is ajuda a reduzir a resist\u00eancia insul\u00ednica, facilitando o trabalho do p\u00e2ncreas durante o processamento de carboidratos complexos. Adotar esse h\u00e1bito alimentar protege as c\u00e9lulas contra danos oxidativos severos que costumam acompanhar o desequil\u00edbrio glic\u00eamico prolongado. \u00c9 uma estrat\u00e9gia inteligente para quem busca manter a sa\u00fade metab\u00f3lica em dia com ingredientes naturais e puros.<\/p>\n\n\n\n<figure class=\"wp-block-image size-full\"><img decoding=\"async\" width=\"1280\" height=\"720\" src=\"https:\/\/www.correiobraziliense.com.br\/cbradar\/wp-content\/uploads\/2026\/03\/Gemini_Generated_Image_5htziq5htziq5htz-1-1.png\" alt=\"O fruto amaz\u00f4nico esquecido que ajuda a controlar 3 problemas de sa\u00fade comuns\" class=\"wp-image-208556\" srcset=\"https:\/\/www.correiobraziliense.com.br\/cbradar\/wp-content\/uploads\/2026\/03\/Gemini_Generated_Image_5htziq5htziq5htz-1-1.png 1280w, https:\/\/www.correiobraziliense.com.br\/cbradar\/wp-content\/uploads\/2026\/03\/Gemini_Generated_Image_5htziq5htziq5htz-1-1-300x169.png 300w, https:\/\/www.correiobraziliense.com.br\/cbradar\/wp-content\/uploads\/2026\/03\/Gemini_Generated_Image_5htziq5htziq5htz-1-1-768x432.png 768w, https:\/\/www.correiobraziliense.com.br\/cbradar\/wp-content\/uploads\/2026\/03\/Gemini_Generated_Image_5htziq5htziq5htz-1-1-750x422.png 750w, https:\/\/www.correiobraziliense.com.br\/cbradar\/wp-content\/uploads\/2026\/03\/Gemini_Generated_Image_5htziq5htziq5htz-1-1-1140x641.png 1140w\" sizes=\"(max-width: 1280px) 100vw, 1280px\" \/><figcaption class=\"wp-element-caption\">Camu-camu se destaca por compostos naturais que fortalecem imunidade e sa\u00fade metab\u00f3lica<\/figcaption><\/figure>\n\n\n\n<h2 class=\"wp-block-heading\">Qual o impacto desta pequena gema na sa\u00fade cardiovascular?<\/h2>\n\n\n\n<p>A prote\u00e7\u00e3o cardiovascular oferecida por esse fruto amaz\u00f4nico est\u00e1 diretamente ligada \u00e0 sua capacidade de reduzir processos inflamat\u00f3rios nas art\u00e9rias humanas. O consumo regular de antioxidantes potentes ajuda a controlar a press\u00e3o arterial e melhora a elasticidade dos vasos sangu\u00edneos de maneira significativa. Esse suporte nutricional \u00e9 essencial para evitar o surgimento de doen\u00e7as card\u00edacas cr\u00f4nicas graves.<\/p>\n\n\n\n<p>Ao diminuir a oxida\u00e7\u00e3o do colesterol ruim no sangue, o camu-camu impede a forma\u00e7\u00e3o de placas de gordura que obstruem a circula\u00e7\u00e3o vital. Manter o sistema circulat\u00f3rio limpo e funcional garante mais disposi\u00e7\u00e3o f\u00edsica e longevidade para o leitor que valoriza o bem-estar real. \u00c9 um recurso valioso da biodiversidade brasileira que merece ser explorado por todos n\u00f3s hoje.<\/p>\n\n\n\n<h2 class=\"wp-block-heading\">De que maneira as defesas naturais s\u00e3o ampliadas pelo fruto?<\/h2>\n\n\n\n<p>A alt\u00edssima densidade de vitamina C estimula a produ\u00e7\u00e3o natural de col\u00e1geno, garantindo uma pele muito mais firme e livre de rugas precoces. Esse nutriente tamb\u00e9m \u00e9 o pilar central para uma imunidade inabal\u00e1vel contra v\u00edrus e bact\u00e9rias que circulam no ambiente cotidiano. Para compreender melhor como este fruto impacta positivamente sua sa\u00fade integral e vitalidade:<\/p>\n\n\n\n<ul class=\"wp-block-list\">\n<li>Combate o envelhecimento celular atrav\u00e9s de antioxidantes raros.<\/li>\n\n\n\n<li>Fortalece as defesas naturais contra infec\u00e7\u00f5es respirat\u00f3rias frequentes.<\/li>\n\n\n\n<li>Melhora a sa\u00fade das gengivas e a cicatriza\u00e7\u00e3o de tecidos.<\/li>\n\n\n\n<li>Auxilia na absor\u00e7\u00e3o eficiente de ferro de origem vegetal.<\/li>\n<\/ul>\n\n\n\n<h2 class=\"wp-block-heading\">O extrato concentrado preserva os benef\u00edcios da polpa fresca?<\/h2>\n\n\n\n<p>Devido \u00e0 dificuldade de encontrar o fruto fresco em algumas regi\u00f5es, a vers\u00e3o em p\u00f3 tornou-se uma alternativa pr\u00e1tica e altamente nutritiva. Esse formato concentrado preserva grande parte dos micronutrientes essenciais, facilitando a adi\u00e7\u00e3o em sucos, vitaminas e iogurtes naturais diariamente. \u00c9 uma forma vers\u00e1til de garantir a dose necess\u00e1ria de prote\u00e7\u00e3o sem complica\u00e7\u00f5es na cozinha moderna.<\/p>\n\n\n\n<p>\u00c9 importante verificar a proced\u00eancia do produto para garantir que n\u00e3o existam aditivos qu\u00edmicos ou a\u00e7\u00facares escondidos na composi\u00e7\u00e3o final. A pureza do extrato garante que o corpo absorva todos os benef\u00edcios prometidos pela ci\u00eancia nutricional moderna de forma segura. Optar por suplementos org\u00e2nicos e certificados refor\u00e7a o compromisso com uma vida saud\u00e1vel e equilibrada para o futuro.<\/p>\n\n\n\n<p>No v\u00eddeo abaixo do TikTok <strong><em>Redeamazonica<\/em><\/strong>, que conta com mais de <strong><em>323 mil <\/em><\/strong>seguidores, fala sobre os benef\u00edcios da camu-camu:<\/p>\n\n\n\n<blockquote class=\"tiktok-embed\" cite=\"https:\/\/www.tiktok.com\/@redeamazonica\/video\/7219454476220992773\" data-video-id=\"7219454476220992773\" style=\"max-width: 605px;min-width: 325px;\" > <section> <a target=\"_blank\" title=\"@redeamazonica\" href=\"https:\/\/www.tiktok.com\/@redeamazonica?refer=embed\">@redeamazonica<\/a> \ud83c\udf52 <a title=\"fruta\" target=\"_blank\" href=\"https:\/\/www.tiktok.com\/tag\/fruta?refer=embed\">#fruta<\/a> <a title=\"amazonia\" target=\"_blank\" href=\"https:\/\/www.tiktok.com\/tag\/amazonia?refer=embed\">#amazonia<\/a> <a title=\"camucamu\" target=\"_blank\" href=\"https:\/\/www.tiktok.com\/tag\/camucamu?refer=embed\">#camucamu<\/a> <a title=\"redeamazonica\" target=\"_blank\" href=\"https:\/\/www.tiktok.com\/tag\/redeamazonica?refer=embed\">#redeamazonica<\/a> <a title=\"fyp\" target=\"_blank\" href=\"https:\/\/www.tiktok.com\/tag\/fyp?refer=embed\">#fyp<\/a> <a title=\"fy\" target=\"_blank\" href=\"https:\/\/www.tiktok.com\/tag\/fy?refer=embed\">#fy<\/a> <a target=\"_blank\" title=\"\u266c som original - Rede Amaz\u00f4nica\" href=\"https:\/\/www.tiktok.com\/music\/som-original-7219454518948973318?refer=embed\">\u266c som original &#8211; Rede Amaz\u00f4nica<\/a> <\/section> <\/blockquote> <script async src=\"https:\/\/www.tiktok.com\/embed.js\"><\/script>\n\n\n\n<p>Leia tamb\u00e9m: <a href=\"https:\/\/www.correiobraziliense.com.br\/cbradar\/3-alimentos-ricos-em-vitamina-d-importantes-para-pessoas-maiores-de-50-anos\/\" target=\"_blank\" rel=\"noreferrer noopener\">3 alimentos ricos em vitamina D importantes para pessoas maiores de 50 anos<\/a><\/p>\n\n\n\n<h2 class=\"wp-block-heading\">Por que os pesquisadores estudam este superalimento com tanta dedica\u00e7\u00e3o?<\/h2>\n\n\n\n<p>A comunidade acad\u00eamica internacional dedica cada vez mais tempo ao estudo das plantas amaz\u00f4nicas devido ao seu enorme potencial terap\u00eautico preventivo. Institui\u00e7\u00f5es de pesquisa brasileiras catalogam as propriedades do camu-camu para fundamentar seu uso na dieta humana moderna com base em dados concretos. A ci\u00eancia comprova que a natureza oferece solu\u00e7\u00f5es poderosas para os problemas de sa\u00fade comuns da atualidade.<\/p>\n\n\n\n<p>A <strong>Empresa Brasileira de Pesquisa Agropecu\u00e1ria<\/strong> disponibiliza documentos t\u00e9cnicos detalhados sobre o cultivo e os benef\u00edcios nutricionais deste fruto extraordin\u00e1rio para a popula\u00e7\u00e3o. Ter acesso a essas informa\u00e7\u00f5es oficiais permite que voc\u00ea utilize o alimento com total confian\u00e7a em seus resultados biol\u00f3gicos. Para consultar o estudo completo sobre as caracter\u00edsticas deste fruto, acesse o portal da <a href=\"https:\/\/www.embrapa.br\/busca-de-noticias\/-\/noticia\/18044229\/pesquisa-estuda-fruto-que-tem-60-vezes-mais-vitamina-c-que-o-limao\" target=\"_blank\" rel=\"noreferrer noopener\">EMBRAPA<\/a>.<\/p>\n","protected":false},"excerpt":{"rendered":"<p>O camu-camu \u00e9 um fruto nativo da regi\u00e3o amaz\u00f4nica que ganha destaque mundial por sua alt\u00edssima concentra\u00e7\u00e3o de vitamina C natural. Embora pouco consumido em grandes centros urbanos, suas propriedades nutricionais combatem inflama\u00e7\u00f5es e fortalecem o sistema imunol\u00f3gico. Entender como integrar este superalimento na sua rotina alimentar promove benef\u00edcios extraordin\u00e1rios para o corpo. Como este [&hellip;]<\/p>\n","protected":false},"author":21,"featured_media":208555,"comment_status":"open","ping_status":"open","sticky":false,"template":"","format":"standard","meta":{"_yoast_wpseo_focuskw":"camu-camu benef\u00edcios","_yoast_wpseo_title":"","_yoast_wpseo_metadesc":"Um fruto amaz\u00f4nico pouco conhecido chama aten\u00e7\u00e3o por suas propriedades nutricionais e impacto positivo na sa\u00fade","jnews-multi-image_gallery":[],"jnews_single_post":{"format":"standard"},"jnews_primary_category":[],"jnews_social_meta":[],"jnews_override_counter":[],"footnotes":""},"categories":[119],"tags":[281,229,8927,1318],"class_list":["post-208553","post","type-post","status-publish","format-standard","has-post-thumbnail","hentry","category-bem-estar","tag-alimentacao","tag-amazonia","tag-fruto","tag-saude-2"],"yoast_head":"<!-- This site is optimized with the Yoast SEO plugin v24.6 - https:\/\/yoast.com\/wordpress\/plugins\/seo\/ -->\n<title>O fruto amaz\u00f4nico esquecido que ajuda a controlar 3 problemas de sa\u00fade comuns - Correio Braziliense - Radar<\/title>\n<meta name=\"description\" content=\"Um fruto amaz\u00f4nico pouco conhecido chama aten\u00e7\u00e3o por suas propriedades nutricionais e impacto positivo na sa\u00fade\" \/>\n<meta name=\"robots\" content=\"index, follow, max-snippet:-1, max-image-preview:large, max-video-preview:-1\" \/>\n<link rel=\"canonical\" href=\"https:\/\/www.correiobraziliense.com.br\/cbradar\/o-fruto-amazonico-esquecido-que-ajuda-a-controlar-3-problemas-de-saude-comuns\/\" \/>\n<meta property=\"og:locale\" content=\"pt_BR\" \/>\n<meta property=\"og:type\" content=\"article\" \/>\n<meta property=\"og:title\" content=\"O fruto amaz\u00f4nico esquecido que ajuda a controlar 3 problemas de sa\u00fade comuns - Correio Braziliense - Radar\" \/>\n<meta property=\"og:description\" content=\"Um fruto amaz\u00f4nico pouco conhecido chama aten\u00e7\u00e3o por suas propriedades nutricionais e impacto positivo na sa\u00fade\" \/>\n<meta property=\"og:url\" content=\"https:\/\/www.correiobraziliense.com.br\/cbradar\/o-fruto-amazonico-esquecido-que-ajuda-a-controlar-3-problemas-de-saude-comuns\/\" \/>\n<meta property=\"og:site_name\" content=\"Correio Braziliense - Radar\" \/>\n<meta property=\"article:published_time\" content=\"2026-03-15T12:55:00+00:00\" \/>\n<meta property=\"og:image\" content=\"https:\/\/www.correiobraziliense.com.br\/cbradar\/wp-content\/uploads\/2026\/03\/Gemini_Generated_Image_hm8e3ahm8e3ahm8e-1-1.png\" \/>\n\t<meta property=\"og:image:width\" content=\"1280\" \/>\n\t<meta property=\"og:image:height\" content=\"720\" \/>\n\t<meta property=\"og:image:type\" content=\"image\/png\" \/>\n<meta name=\"author\" content=\"Patrick Silva\" \/>\n<meta name=\"twitter:card\" content=\"summary_large_image\" \/>\n<meta name=\"twitter:label1\" content=\"Escrito por\" \/>\n\t<meta name=\"twitter:data1\" content=\"Patrick Silva\" \/>\n\t<meta name=\"twitter:label2\" content=\"Est. tempo de leitura\" \/>\n\t<meta name=\"twitter:data2\" content=\"5 minutos\" \/>\n<!-- \/ Yoast SEO plugin. -->","yoast_head_json":{"title":"O fruto amaz\u00f4nico esquecido que ajuda a controlar 3 problemas de sa\u00fade comuns - Correio Braziliense - Radar","description":"Um fruto amaz\u00f4nico pouco conhecido chama aten\u00e7\u00e3o por suas propriedades nutricionais e impacto positivo na sa\u00fade","robots":{"index":"index","follow":"follow","max-snippet":"max-snippet:-1","max-image-preview":"max-image-preview:large","max-video-preview":"max-video-preview:-1"},"canonical":"https:\/\/www.correiobraziliense.com.br\/cbradar\/o-fruto-amazonico-esquecido-que-ajuda-a-controlar-3-problemas-de-saude-comuns\/","og_locale":"pt_BR","og_type":"article","og_title":"O fruto amaz\u00f4nico esquecido que ajuda a controlar 3 problemas de sa\u00fade comuns - Correio Braziliense - Radar","og_description":"Um fruto amaz\u00f4nico pouco conhecido chama aten\u00e7\u00e3o por suas propriedades nutricionais e impacto positivo na sa\u00fade","og_url":"https:\/\/www.correiobraziliense.com.br\/cbradar\/o-fruto-amazonico-esquecido-que-ajuda-a-controlar-3-problemas-de-saude-comuns\/","og_site_name":"Correio Braziliense - Radar","article_published_time":"2026-03-15T12:55:00+00:00","og_image":[{"width":1280,"height":720,"url":"https:\/\/www.correiobraziliense.com.br\/cbradar\/wp-content\/uploads\/2026\/03\/Gemini_Generated_Image_hm8e3ahm8e3ahm8e-1-1.png","type":"image\/png"}],"author":"Patrick Silva","twitter_card":"summary_large_image","twitter_misc":{"Escrito por":"Patrick Silva","Est. tempo de leitura":"5 minutos"},"schema":{"@context":"https:\/\/schema.org","@graph":[{"@type":"WebPage","@id":"https:\/\/www.correiobraziliense.com.br\/cbradar\/o-fruto-amazonico-esquecido-que-ajuda-a-controlar-3-problemas-de-saude-comuns\/","url":"https:\/\/www.correiobraziliense.com.br\/cbradar\/o-fruto-amazonico-esquecido-que-ajuda-a-controlar-3-problemas-de-saude-comuns\/","name":"O fruto amaz\u00f4nico esquecido que ajuda a controlar 3 problemas de sa\u00fade comuns - Correio Braziliense - Radar","isPartOf":{"@id":"https:\/\/www.correiobraziliense.com.br\/cbradar\/#website"},"primaryImageOfPage":{"@id":"https:\/\/www.correiobraziliense.com.br\/cbradar\/o-fruto-amazonico-esquecido-que-ajuda-a-controlar-3-problemas-de-saude-comuns\/#primaryimage"},"image":{"@id":"https:\/\/www.correiobraziliense.com.br\/cbradar\/o-fruto-amazonico-esquecido-que-ajuda-a-controlar-3-problemas-de-saude-comuns\/#primaryimage"},"thumbnailUrl":"https:\/\/www.correiobraziliense.com.br\/cbradar\/wp-content\/uploads\/2026\/03\/Gemini_Generated_Image_hm8e3ahm8e3ahm8e-1-1.png","datePublished":"2026-03-15T12:55:00+00:00","author":{"@id":"https:\/\/www.correiobraziliense.com.br\/cbradar\/#\/schema\/person\/5440b72be9c7eb74f446c846479dc4da"},"description":"Um fruto amaz\u00f4nico pouco conhecido chama aten\u00e7\u00e3o por suas propriedades nutricionais e impacto positivo na sa\u00fade","breadcrumb":{"@id":"https:\/\/www.correiobraziliense.com.br\/cbradar\/o-fruto-amazonico-esquecido-que-ajuda-a-controlar-3-problemas-de-saude-comuns\/#breadcrumb"},"inLanguage":"pt-BR","potentialAction":[{"@type":"ReadAction","target":["https:\/\/www.correiobraziliense.com.br\/cbradar\/o-fruto-amazonico-esquecido-que-ajuda-a-controlar-3-problemas-de-saude-comuns\/"]}]},{"@type":"ImageObject","inLanguage":"pt-BR","@id":"https:\/\/www.correiobraziliense.com.br\/cbradar\/o-fruto-amazonico-esquecido-que-ajuda-a-controlar-3-problemas-de-saude-comuns\/#primaryimage","url":"https:\/\/www.correiobraziliense.com.br\/cbradar\/wp-content\/uploads\/2026\/03\/Gemini_Generated_Image_hm8e3ahm8e3ahm8e-1-1.png","contentUrl":"https:\/\/www.correiobraziliense.com.br\/cbradar\/wp-content\/uploads\/2026\/03\/Gemini_Generated_Image_hm8e3ahm8e3ahm8e-1-1.png","width":1280,"height":720,"caption":"Camu-camu se destaca por compostos naturais que fortalecem imunidade e sa\u00fade metab\u00f3lica"},{"@type":"BreadcrumbList","@id":"https:\/\/www.correiobraziliense.com.br\/cbradar\/o-fruto-amazonico-esquecido-que-ajuda-a-controlar-3-problemas-de-saude-comuns\/#breadcrumb","itemListElement":[{"@type":"ListItem","position":1,"name":"In\u00edcio","item":"https:\/\/www.correiobraziliense.com.br\/cbradar\/"},{"@type":"ListItem","position":2,"name":"O fruto amaz\u00f4nico esquecido que ajuda a controlar 3 problemas de sa\u00fade comuns"}]},{"@type":"WebSite","@id":"https:\/\/www.correiobraziliense.com.br\/cbradar\/#website","url":"https:\/\/www.correiobraziliense.com.br\/cbradar\/","name":"Correio Braziliense - Radar","description":"Acompanhe as \u00faltimas not\u00edcias e fique bem informado sobre tudo o que acontece no Brasil e no mundo.","potentialAction":[{"@type":"SearchAction","target":{"@type":"EntryPoint","urlTemplate":"https:\/\/www.correiobraziliense.com.br\/cbradar\/?s={search_term_string}"},"query-input":{"@type":"PropertyValueSpecification","valueRequired":true,"valueName":"search_term_string"}}],"inLanguage":"pt-BR"},{"@type":"Person","@id":"https:\/\/www.correiobraziliense.com.br\/cbradar\/#\/schema\/person\/5440b72be9c7eb74f446c846479dc4da","name":"Patrick Silva","image":{"@type":"ImageObject","inLanguage":"pt-BR","@id":"https:\/\/www.correiobraziliense.com.br\/cbradar\/#\/schema\/person\/image\/","url":"https:\/\/secure.gravatar.com\/avatar\/944109df296fc087785c9715fd5f80b2?s=96&d=mm&r=g","contentUrl":"https:\/\/secure.gravatar.com\/avatar\/944109df296fc087785c9715fd5f80b2?s=96&d=mm&r=g","caption":"Patrick Silva"},"sameAs":["https:\/\/www.correiobraziliense.com.br\/cbradar\/"],"url":"https:\/\/www.correiobraziliense.com.br\/cbradar\/author\/patrick-silva\/"}]}},"_links":{"self":[{"href":"https:\/\/www.correiobraziliense.com.br\/cbradar\/wp-json\/wp\/v2\/posts\/208553","targetHints":{"allow":["GET"]}}],"collection":[{"href":"https:\/\/www.correiobraziliense.com.br\/cbradar\/wp-json\/wp\/v2\/posts"}],"about":[{"href":"https:\/\/www.correiobraziliense.com.br\/cbradar\/wp-json\/wp\/v2\/types\/post"}],"author":[{"embeddable":true,"href":"https:\/\/www.correiobraziliense.com.br\/cbradar\/wp-json\/wp\/v2\/users\/21"}],"replies":[{"embeddable":true,"href":"https:\/\/www.correiobraziliense.com.br\/cbradar\/wp-json\/wp\/v2\/comments?post=208553"}],"version-history":[{"count":1,"href":"https:\/\/www.correiobraziliense.com.br\/cbradar\/wp-json\/wp\/v2\/posts\/208553\/revisions"}],"predecessor-version":[{"id":208559,"href":"https:\/\/www.correiobraziliense.com.br\/cbradar\/wp-json\/wp\/v2\/posts\/208553\/revisions\/208559"}],"wp:featuredmedia":[{"embeddable":true,"href":"https:\/\/www.correiobraziliense.com.br\/cbradar\/wp-json\/wp\/v2\/media\/208555"}],"wp:attachment":[{"href":"https:\/\/www.correiobraziliense.com.br\/cbradar\/wp-json\/wp\/v2\/media?parent=208553"}],"wp:term":[{"taxonomy":"category","embeddable":true,"href":"https:\/\/www.correiobraziliense.com.br\/cbradar\/wp-json\/wp\/v2\/categories?post=208553"},{"taxonomy":"post_tag","embeddable":true,"href":"https:\/\/www.correiobraziliense.com.br\/cbradar\/wp-json\/wp\/v2\/tags?post=208553"}],"curies":[{"name":"wp","href":"https:\/\/api.w.org\/{rel}","templated":true}]}}