{"id":208564,"date":"2026-03-15T19:45:07","date_gmt":"2026-03-15T22:45:07","guid":{"rendered":"https:\/\/www.correiobraziliense.com.br\/cbradar\/?p=208564"},"modified":"2026-03-14T17:06:58","modified_gmt":"2026-03-14T20:06:58","slug":"o-que-significa-quando-a-almofada-fica-amarela-mesmo-com-a-fronha-sempre-limpa","status":"publish","type":"post","link":"https:\/\/www.correiobraziliense.com.br\/cbradar\/o-que-significa-quando-a-almofada-fica-amarela-mesmo-com-a-fronha-sempre-limpa\/","title":{"rendered":"O que significa quando a almofada fica amarela mesmo com a fronha sempre limpa"},"content":{"rendered":"\n<p>Voc\u00ea j\u00e1 tirou a fronha para lavar e levou um susto ao ver a <b>almofada amarela<\/b> por baixo, mesmo com tudo aparentemente <b>limpo<\/b>? Isso \u00e9 mais comum do que parece e, na maioria das vezes, n\u00e3o tem a ver com <b>sujeira extrema<\/b>, e sim com o uso di\u00e1rio e com as rea\u00e7\u00f5es naturais do nosso corpo durante o sono. Aos poucos, a cor vai mudando, quase sem a gente notar, at\u00e9 que as manchas ficam evidentes.<\/p>\n\n\n\n<h2 class=\"wp-block-heading\">O que significa quando a almofada amarela mesmo com a fronha limpa<\/h2>\n\n\n\n<p>Quando a <b>almofada<\/b> fica amarela apesar da <b>fronha<\/b> estar sempre lavada, isso geralmente indica ac\u00famulo de suor, oleosidade da pele, res\u00edduos de <b>produtos cosm\u00e9ticos<\/b> e umidade que penetram no enchimento. Com o tempo, esse material vai \u201ctingindo\u201d as fibras por dentro, em um processo lento de oxida\u00e7\u00e3o, mudando a cor original.<\/p>\n\n\n\n<p>Esse fen\u00f4meno acontece em praticamente todos os tipos de travesseiro: espuma, fibra sint\u00e9tica, penas, entre outros. Em quem transpira mais, dorme de <b>cabelo molhado<\/b> ou usa muitos <b>cremes<\/b> antes de deitar, as manchas aparecem mais r\u00e1pido e, em alguns casos, v\u00eam acompanhadas de <b>cheiro<\/b> mais forte ou sensa\u00e7\u00e3o de umidade constante ao toque.<\/p>\n\n\n<div class=\"wp-block-image\">\n<figure class=\"aligncenter size-full\"><img decoding=\"async\" width=\"1280\" height=\"720\" src=\"https:\/\/www.correiobraziliense.com.br\/cbradar\/wp-content\/uploads\/2026\/03\/travesseiro-sujo_1773518698121.jpg\" alt=\"\" class=\"wp-image-208782\" srcset=\"https:\/\/www.correiobraziliense.com.br\/cbradar\/wp-content\/uploads\/2026\/03\/travesseiro-sujo_1773518698121.jpg 1280w, https:\/\/www.correiobraziliense.com.br\/cbradar\/wp-content\/uploads\/2026\/03\/travesseiro-sujo_1773518698121-300x169.jpg 300w, https:\/\/www.correiobraziliense.com.br\/cbradar\/wp-content\/uploads\/2026\/03\/travesseiro-sujo_1773518698121-768x432.jpg 768w, https:\/\/www.correiobraziliense.com.br\/cbradar\/wp-content\/uploads\/2026\/03\/travesseiro-sujo_1773518698121-750x422.jpg 750w, https:\/\/www.correiobraziliense.com.br\/cbradar\/wp-content\/uploads\/2026\/03\/travesseiro-sujo_1773518698121-1140x641.jpg 1140w\" sizes=\"(max-width: 1280px) 100vw, 1280px\" \/><figcaption class=\"wp-element-caption\">Esse fen\u00f4meno acontece em praticamente todos os tipos de travesseiro &#8211; Cr\u00e9ditos: depositphotos.com \/ ieang<\/figcaption><\/figure><\/div>\n\n\n<p>Leia tamb\u00e9m: <a href=\"https:\/\/www.correiobraziliense.com.br\/cbradar\/o-que-significa-ver-barata-saindo-do-ralo-do-banheiro\/\" target=\"_blank\" rel=\"noopener\">O que significa ver barata saindo do ralo do banheiro<\/a>&nbsp;<\/p>\n\n\n\n<h2 class=\"wp-block-heading\">Por que a almofada fica amarela com o tempo<\/h2>\n\n\n\n<p>A principal causa da <b>almofada amarela<\/b> de suor \u00e9 a repeti\u00e7\u00e3o di\u00e1ria de um mesmo cen\u00e1rio: suor, gordura natural da pele e vapor da respira\u00e7\u00e3o entram em contato com o tecido e v\u00e3o atravessando a fronha at\u00e9 chegar ao enchimento. L\u00e1 dentro, esse material reage com o <b>oxig\u00eanio<\/b> do ar, alterando lentamente a cor, o que torna as manchas mais dif\u00edceis de remover s\u00f3 com <b>lavagem<\/b>.<\/p>\n\n\n\n<p>Em quartos fechados, sem ventila\u00e7\u00e3o ou com muita umidade, o travesseiro demora mais para secar e vira um ambiente perfeito para \u00e1caros e outros microrganismos, que se alimentam de pedacinhos de pele. Nesses casos, o amarelecimento pode ser mais intenso e ainda provocar inc\u00f4modo extra em pessoas com <b>rinite<\/b>, asma ou alergias respirat\u00f3rias, podendo at\u00e9 piorar quadros de <b>congest\u00e3o nasal<\/b> e crises de <b>espirros<\/b> ao acordar.<\/p>\n\n\n\n<h2 class=\"wp-block-heading\">Quais s\u00e3o as principais causas da almofada amarelada<\/h2>\n\n\n\n<p>Alguns h\u00e1bitos do dia a dia ajudam a acelerar o aparecimento das manchas, principalmente quando se combinam com calor, noites mal ventiladas e pouco cuidado com a <b>secagem<\/b>. Entender esses fatores \u00e9 o primeiro passo para controlar melhor o problema e saber o que pode ser ajustado na rotina de <b>sono<\/b> para manter a almofada mais <b>higi\u00eanica<\/b>.<\/p>\n\n\n\n<ul class=\"wp-block-list\">\n<li><b>Suor noturno<\/b> acumulado nas fibras ao longo dos meses.<\/li>\n\n\n\n<li>Oleosidade do <b>rosto<\/b> e do couro cabeludo em contato direto com o tecido.<\/li>\n\n\n\n<li>Res\u00edduos de <b>cremes<\/b>, \u00f3leos, sprays, leave-ins e maquiagem n\u00e3o removida.<\/li>\n\n\n\n<li>Falta de <b>ventila\u00e7\u00e3o<\/b> adequada no quarto e janelas sempre fechadas.<\/li>\n\n\n\n<li><b>Secagem lenta<\/b> do tecido, mantendo a umidade interna por mais tempo.<\/li>\n<\/ul>\n\n\n\n<p>Separamos esse v\u00eddeo do canal da <a href=\"https:\/\/www.youtube.com\/@seviranos50receitasedicas\" target=\"_blank\" rel=\"noreferrer noopener\">Se vira nos 50 &#8211; Receitas e Dicas<\/a> ensinando como a lavar seu travesseiro:<\/p>\n\n\n\n<figure class=\"wp-block-embed is-type-video is-provider-youtube wp-block-embed-youtube wp-embed-aspect-16-9 wp-has-aspect-ratio\"><div class=\"wp-block-embed__wrapper\">\n<div class=\"jeg_video_container jeg_video_content\"><iframe loading=\"lazy\" title=\"COMO LAVAR TRAVESSEIRO SEM ESFREGAR. SEM USAR ALVEJANTE OU CLORO. FICA NOVO  #travesseirosemmanchas\" width=\"500\" height=\"281\" src=\"https:\/\/www.youtube.com\/embed\/McItCnK4Lz8?feature=oembed\" frameborder=\"0\" allow=\"accelerometer; autoplay; clipboard-write; encrypted-media; gyroscope; picture-in-picture; web-share\" referrerpolicy=\"strict-origin-when-cross-origin\" allowfullscreen><\/iframe><\/div>\n<\/div><\/figure>\n\n\n\n<h2 class=\"wp-block-heading\">Como evitar que a almofada fique amarela com o uso di\u00e1rio<\/h2>\n\n\n\n<p>Embora a <b>almofada amarelada<\/b> seja algo comum com o passar do tempo, alguns cuidados simples podem atrasar bastante esse processo. Deixar o quarto respirar, abrir <b>janelas<\/b> e permitir a entrada de <b>ar natural<\/b> ajuda a reduzir a umidade interna e a secar melhor o travesseiro entre uma noite e outra.<\/p>\n\n\n\n<p>Outra dica \u00e9 n\u00e3o \u201cabafar\u201d a cama logo que acordar: deixe a almofada descoberta por alguns minutos antes de colocar colchas e mantas. Sempre que poss\u00edvel, evite deitar com o cabelo encharcado ou cheio de produtos e, se puder, use <b>capas protetoras<\/b> respir\u00e1veis e lave o travesseiro seguindo a etiqueta, em intervalos recomendados pelo <b>fabricante<\/b>, garantindo assim mais <b>durabilidade<\/b> ao enchimento.<\/p>\n\n\n\n<h2 class=\"wp-block-heading\">Quando vale a pena lavar e quando \u00e9 melhor trocar a almofada<\/h2>\n\n\n\n<p>Lavar a <b>almofada amarelada<\/b> de suor ajuda bastante quando as manchas ainda s\u00e3o leves ou recentes. Seguir as orienta\u00e7\u00f5es do <b>fabricante<\/b> \u00e9 essencial, pois alguns modelos podem ir \u00e0 m\u00e1quina, enquanto outros exigem limpeza mais delicada. A higieniza\u00e7\u00e3o adequada reduz res\u00edduos, odores e ameniza um pouco o amarelado da superf\u00edcie, mesmo que n\u00e3o elimine por completo as <b>marcas internas<\/b>.<\/p>\n\n\n\n<p>Se, mesmo ap\u00f3s boas lavagens e secagem correta, a almofada continuar com manchas muito escuras, cheiro forte, sensa\u00e7\u00e3o de umidade ou com o enchimento deformado e pesado, \u00e9 sinal de que chegou a hora de <b>trocar<\/b>. Nessa fase, o ac\u00famulo de <b>\u00e1caros<\/b> e microrganismos tende a ser maior, o que torna o uso menos higi\u00eanico e menos confort\u00e1vel, especialmente para quem tem <b>alergias<\/b> ou sono mais sens\u00edvel.<\/p>\n","protected":false},"excerpt":{"rendered":"<p>Voc\u00ea j\u00e1 tirou a fronha para lavar e levou um susto ao ver a almofada amarela por baixo, mesmo com tudo aparentemente limpo? Isso \u00e9 mais comum do que parece e, na maioria das vezes, n\u00e3o tem a ver com sujeira extrema, e sim com o uso di\u00e1rio e com as rea\u00e7\u00f5es naturais do nosso [&hellip;]<\/p>\n","protected":false},"author":9,"featured_media":208777,"comment_status":"open","ping_status":"open","sticky":false,"template":"","format":"standard","meta":{"_yoast_wpseo_focuskw":"almofada amarelada","_yoast_wpseo_title":"","_yoast_wpseo_metadesc":"Entenda por que a almofada pode ficar amarela mesmo com a fronha limpa e veja as causas mais comuns e cuidados para evitar o problema.","jnews-multi-image_gallery":[],"jnews_single_post":{"format":"standard"},"jnews_primary_category":[],"jnews_social_meta":[],"jnews_override_counter":[],"footnotes":""},"categories":[112],"tags":[6261,16140,144],"class_list":["post-208564","post","type-post","status-publish","format-standard","has-post-thumbnail","hentry","category-curiosidades","tag-almofada","tag-almofadas-amarelas","tag-curiosidades"],"yoast_head":"<!-- This site is optimized with the Yoast SEO plugin v24.6 - https:\/\/yoast.com\/wordpress\/plugins\/seo\/ -->\n<title>O que significa quando a almofada fica amarela mesmo com a fronha sempre limpa - Correio Braziliense - Radar<\/title>\n<meta name=\"description\" content=\"Entenda por que a almofada pode ficar amarela mesmo com a fronha limpa e veja as causas mais comuns e cuidados para evitar o problema.\" \/>\n<meta name=\"robots\" content=\"index, follow, max-snippet:-1, max-image-preview:large, max-video-preview:-1\" \/>\n<link rel=\"canonical\" href=\"https:\/\/www.correiobraziliense.com.br\/cbradar\/o-que-significa-quando-a-almofada-fica-amarela-mesmo-com-a-fronha-sempre-limpa\/\" \/>\n<meta property=\"og:locale\" content=\"pt_BR\" \/>\n<meta property=\"og:type\" content=\"article\" \/>\n<meta property=\"og:title\" content=\"O que significa quando a almofada fica amarela mesmo com a fronha sempre limpa - Correio Braziliense - Radar\" \/>\n<meta property=\"og:description\" content=\"Entenda por que a almofada pode ficar amarela mesmo com a fronha limpa e veja as causas mais comuns e cuidados para evitar o problema.\" \/>\n<meta property=\"og:url\" content=\"https:\/\/www.correiobraziliense.com.br\/cbradar\/o-que-significa-quando-a-almofada-fica-amarela-mesmo-com-a-fronha-sempre-limpa\/\" \/>\n<meta property=\"og:site_name\" content=\"Correio Braziliense - Radar\" \/>\n<meta property=\"article:published_time\" content=\"2026-03-15T22:45:07+00:00\" \/>\n<meta property=\"og:image\" content=\"https:\/\/www.correiobraziliense.com.br\/cbradar\/wp-content\/uploads\/2026\/03\/Gemini_Generated_Image_zfvkb9zfvkb9zfvk-1.png\" \/>\n\t<meta property=\"og:image:width\" content=\"1280\" \/>\n\t<meta property=\"og:image:height\" content=\"720\" \/>\n\t<meta property=\"og:image:type\" content=\"image\/png\" \/>\n<meta name=\"author\" content=\"Daniely Cardoso\" \/>\n<meta name=\"twitter:card\" content=\"summary_large_image\" \/>\n<meta name=\"twitter:label1\" content=\"Escrito por\" \/>\n\t<meta name=\"twitter:data1\" content=\"Daniely Cardoso\" \/>\n\t<meta name=\"twitter:label2\" content=\"Est. tempo de leitura\" \/>\n\t<meta name=\"twitter:data2\" content=\"5 minutos\" \/>\n<!-- \/ Yoast SEO plugin. -->","yoast_head_json":{"title":"O que significa quando a almofada fica amarela mesmo com a fronha sempre limpa - Correio Braziliense - Radar","description":"Entenda por que a almofada pode ficar amarela mesmo com a fronha limpa e veja as causas mais comuns e cuidados para evitar o problema.","robots":{"index":"index","follow":"follow","max-snippet":"max-snippet:-1","max-image-preview":"max-image-preview:large","max-video-preview":"max-video-preview:-1"},"canonical":"https:\/\/www.correiobraziliense.com.br\/cbradar\/o-que-significa-quando-a-almofada-fica-amarela-mesmo-com-a-fronha-sempre-limpa\/","og_locale":"pt_BR","og_type":"article","og_title":"O que significa quando a almofada fica amarela mesmo com a fronha sempre limpa - Correio Braziliense - Radar","og_description":"Entenda por que a almofada pode ficar amarela mesmo com a fronha limpa e veja as causas mais comuns e cuidados para evitar o problema.","og_url":"https:\/\/www.correiobraziliense.com.br\/cbradar\/o-que-significa-quando-a-almofada-fica-amarela-mesmo-com-a-fronha-sempre-limpa\/","og_site_name":"Correio Braziliense - Radar","article_published_time":"2026-03-15T22:45:07+00:00","og_image":[{"width":1280,"height":720,"url":"https:\/\/www.correiobraziliense.com.br\/cbradar\/wp-content\/uploads\/2026\/03\/Gemini_Generated_Image_zfvkb9zfvkb9zfvk-1.png","type":"image\/png"}],"author":"Daniely Cardoso","twitter_card":"summary_large_image","twitter_misc":{"Escrito por":"Daniely Cardoso","Est. tempo de leitura":"5 minutos"},"schema":{"@context":"https:\/\/schema.org","@graph":[{"@type":"WebPage","@id":"https:\/\/www.correiobraziliense.com.br\/cbradar\/o-que-significa-quando-a-almofada-fica-amarela-mesmo-com-a-fronha-sempre-limpa\/","url":"https:\/\/www.correiobraziliense.com.br\/cbradar\/o-que-significa-quando-a-almofada-fica-amarela-mesmo-com-a-fronha-sempre-limpa\/","name":"O que significa quando a almofada fica amarela mesmo com a fronha sempre limpa - Correio Braziliense - Radar","isPartOf":{"@id":"https:\/\/www.correiobraziliense.com.br\/cbradar\/#website"},"primaryImageOfPage":{"@id":"https:\/\/www.correiobraziliense.com.br\/cbradar\/o-que-significa-quando-a-almofada-fica-amarela-mesmo-com-a-fronha-sempre-limpa\/#primaryimage"},"image":{"@id":"https:\/\/www.correiobraziliense.com.br\/cbradar\/o-que-significa-quando-a-almofada-fica-amarela-mesmo-com-a-fronha-sempre-limpa\/#primaryimage"},"thumbnailUrl":"https:\/\/www.correiobraziliense.com.br\/cbradar\/wp-content\/uploads\/2026\/03\/Gemini_Generated_Image_zfvkb9zfvkb9zfvk-1.png","datePublished":"2026-03-15T22:45:07+00:00","author":{"@id":"https:\/\/www.correiobraziliense.com.br\/cbradar\/#\/schema\/person\/7356666e12ec0ee53f348ee5db227032"},"description":"Entenda por que a almofada pode ficar amarela mesmo com a fronha limpa e veja as causas mais comuns e cuidados para evitar o problema.","breadcrumb":{"@id":"https:\/\/www.correiobraziliense.com.br\/cbradar\/o-que-significa-quando-a-almofada-fica-amarela-mesmo-com-a-fronha-sempre-limpa\/#breadcrumb"},"inLanguage":"pt-BR","potentialAction":[{"@type":"ReadAction","target":["https:\/\/www.correiobraziliense.com.br\/cbradar\/o-que-significa-quando-a-almofada-fica-amarela-mesmo-com-a-fronha-sempre-limpa\/"]}]},{"@type":"ImageObject","inLanguage":"pt-BR","@id":"https:\/\/www.correiobraziliense.com.br\/cbradar\/o-que-significa-quando-a-almofada-fica-amarela-mesmo-com-a-fronha-sempre-limpa\/#primaryimage","url":"https:\/\/www.correiobraziliense.com.br\/cbradar\/wp-content\/uploads\/2026\/03\/Gemini_Generated_Image_zfvkb9zfvkb9zfvk-1.png","contentUrl":"https:\/\/www.correiobraziliense.com.br\/cbradar\/wp-content\/uploads\/2026\/03\/Gemini_Generated_Image_zfvkb9zfvkb9zfvk-1.png","width":1280,"height":720,"caption":"A principal causa da almofada amarela de suor \u00e9 a repeti\u00e7\u00e3o di\u00e1ria de um mesmo cen\u00e1rio - Cr\u00e9ditos: depositphotos.com \/ ieang"},{"@type":"BreadcrumbList","@id":"https:\/\/www.correiobraziliense.com.br\/cbradar\/o-que-significa-quando-a-almofada-fica-amarela-mesmo-com-a-fronha-sempre-limpa\/#breadcrumb","itemListElement":[{"@type":"ListItem","position":1,"name":"In\u00edcio","item":"https:\/\/www.correiobraziliense.com.br\/cbradar\/"},{"@type":"ListItem","position":2,"name":"O que significa quando a almofada fica amarela mesmo com a fronha sempre limpa"}]},{"@type":"WebSite","@id":"https:\/\/www.correiobraziliense.com.br\/cbradar\/#website","url":"https:\/\/www.correiobraziliense.com.br\/cbradar\/","name":"Correio Braziliense - Radar","description":"Acompanhe as \u00faltimas not\u00edcias e fique bem informado sobre tudo o que acontece no Brasil e no mundo.","potentialAction":[{"@type":"SearchAction","target":{"@type":"EntryPoint","urlTemplate":"https:\/\/www.correiobraziliense.com.br\/cbradar\/?s={search_term_string}"},"query-input":{"@type":"PropertyValueSpecification","valueRequired":true,"valueName":"search_term_string"}}],"inLanguage":"pt-BR"},{"@type":"Person","@id":"https:\/\/www.correiobraziliense.com.br\/cbradar\/#\/schema\/person\/7356666e12ec0ee53f348ee5db227032","name":"Daniely Cardoso","image":{"@type":"ImageObject","inLanguage":"pt-BR","@id":"https:\/\/www.correiobraziliense.com.br\/cbradar\/#\/schema\/person\/image\/","url":"https:\/\/secure.gravatar.com\/avatar\/4b80ddbd124d1f071b626d52d62e5dff?s=96&d=mm&r=g","contentUrl":"https:\/\/secure.gravatar.com\/avatar\/4b80ddbd124d1f071b626d52d62e5dff?s=96&d=mm&r=g","caption":"Daniely Cardoso"},"description":"Redatora nos portais CB Radar e EM Foco, formada pela Universidade Federal de Goi\u00e1s, em Goi\u00e2nia. Apaixonada por comunica\u00e7\u00e3o, arte, decora\u00e7\u00e3o e tend\u00eancias, atuo na produ\u00e7\u00e3o de conte\u00fados envolventes sobre curiosidades, moda, beleza e paisagismo, sempre com um olhar atento \u00e0s novidades do momento.","sameAs":["https:\/\/www.correiobraziliense.com.br\/cbradar"],"url":"https:\/\/www.correiobraziliense.com.br\/cbradar\/author\/danielymyth\/"}]}},"_links":{"self":[{"href":"https:\/\/www.correiobraziliense.com.br\/cbradar\/wp-json\/wp\/v2\/posts\/208564","targetHints":{"allow":["GET"]}}],"collection":[{"href":"https:\/\/www.correiobraziliense.com.br\/cbradar\/wp-json\/wp\/v2\/posts"}],"about":[{"href":"https:\/\/www.correiobraziliense.com.br\/cbradar\/wp-json\/wp\/v2\/types\/post"}],"author":[{"embeddable":true,"href":"https:\/\/www.correiobraziliense.com.br\/cbradar\/wp-json\/wp\/v2\/users\/9"}],"replies":[{"embeddable":true,"href":"https:\/\/www.correiobraziliense.com.br\/cbradar\/wp-json\/wp\/v2\/comments?post=208564"}],"version-history":[{"count":2,"href":"https:\/\/www.correiobraziliense.com.br\/cbradar\/wp-json\/wp\/v2\/posts\/208564\/revisions"}],"predecessor-version":[{"id":208783,"href":"https:\/\/www.correiobraziliense.com.br\/cbradar\/wp-json\/wp\/v2\/posts\/208564\/revisions\/208783"}],"wp:featuredmedia":[{"embeddable":true,"href":"https:\/\/www.correiobraziliense.com.br\/cbradar\/wp-json\/wp\/v2\/media\/208777"}],"wp:attachment":[{"href":"https:\/\/www.correiobraziliense.com.br\/cbradar\/wp-json\/wp\/v2\/media?parent=208564"}],"wp:term":[{"taxonomy":"category","embeddable":true,"href":"https:\/\/www.correiobraziliense.com.br\/cbradar\/wp-json\/wp\/v2\/categories?post=208564"},{"taxonomy":"post_tag","embeddable":true,"href":"https:\/\/www.correiobraziliense.com.br\/cbradar\/wp-json\/wp\/v2\/tags?post=208564"}],"curies":[{"name":"wp","href":"https:\/\/api.w.org\/{rel}","templated":true}]}}