{"id":208683,"date":"2026-03-15T06:25:00","date_gmt":"2026-03-15T09:25:00","guid":{"rendered":"https:\/\/www.correiobraziliense.com.br\/cbradar\/?p=208683"},"modified":"2026-03-15T22:28:00","modified_gmt":"2026-03-16T01:28:00","slug":"guimaraes-rosa-eternizou-a-frase-o-real-nao-esta-na-saida-nem-na-chegada-mas-no-meio-da-travessia-e-levou-fama-a-uma-pequena-vila-do-interior","status":"publish","type":"post","link":"https:\/\/www.correiobraziliense.com.br\/cbradar\/guimaraes-rosa-eternizou-a-frase-o-real-nao-esta-na-saida-nem-na-chegada-mas-no-meio-da-travessia-e-levou-fama-a-uma-pequena-vila-do-interior\/","title":{"rendered":"Guimar\u00e3es Rosa, escritor: \u201cO real n\u00e3o est\u00e1 na sa\u00edda nem na chegada, mas no meio da travessia\u201d e trouxe fama a uma pequena vila no interior"},"content":{"rendered":"\n<p>O menino ficava escondido debaixo do balc\u00e3o da venda do pai, anotando os causos dos tropeiros. Cresceu, virou m\u00e9dico, diplomata e um dos maiores escritores do <strong>Brasil<\/strong>, mas nunca esqueceu a cidadezinha entre serras onde tudo come\u00e7ou. <strong>Cordisburgo<\/strong>, no interior de <strong>Minas Gerais<\/strong>, segue pequena, com cerca de 7 mil habitantes, e \u00e9 exatamente isso que a torna irresist\u00edvel para quem busca sil\u00eancio, literatura e natureza subterr\u00e2nea e a heran\u00e7a deixada por <strong>Jo\u00e3o Guimar\u00e3es Rosa<\/strong>.<\/p>\n\n\n\n<h2 class=\"wp-block-heading\">O escritor que transformou uma vila em destino liter\u00e1rio<\/h2>\n\n\n\n<p><strong>Jo\u00e3o Guimar\u00e3es Rosa<\/strong> nasceu em Cordisburgo em <strong>1908<\/strong> e viveu ali at\u00e9 os 9 anos. A casa da fam\u00edlia, onde o pai <strong>Florduardo<\/strong> mantinha uma venda no c\u00f4modo da frente, virou o <a href=\"https:\/\/www.secult.mg.gov.br\/noticias-artigos\/6556-museu-casa-guimaraes-rosa-promove-serie-de-lives-sobre-aspectos-da-obra-e-do-universo-literario-de-joao-guimaraes-rosa\" target=\"_blank\" rel=\"noreferrer noopener\"><strong>Museu Casa Guimar\u00e3es Rosa<\/strong><\/a> em 1974. Cada c\u00f4modo faz refer\u00eancia a uma obra do escritor, com manuscritos, fotografias e a m\u00e1quina de escrever que ele usou ao longo da vida.<\/p>\n\n\n\n<p>O <strong>Grupo de Contadores de Est\u00f3rias Miguilim<\/strong> costuma recitar trechos de <strong>Grande Sert\u00e3o: Veredas<\/strong> e <strong>Sagarana<\/strong>. Criado na d\u00e9cada de 1990 por Calina Guimar\u00e3es, prima do escritor, o grupo re\u00fane adolescentes treinados em t\u00e9cnicas de narra\u00e7\u00e3o oral. \u00c9 o tipo de experi\u00eancia que emociona at\u00e9 quem nunca leu uma linha de Rosa.<\/p>\n\n\n\n<p><strong>Cordisburgo, em Minas Gerais, \u00e9 muito mais que um simples desvio na BR-040.<\/strong> O v\u00eddeo do canal<strong> Trajeto BR<\/strong>, que conta com mais de <strong>10 mil inscritos<\/strong>, apresenta a cidade como o ber\u00e7o de Guimar\u00e3es Rosa e um novo polo do cinema experimental, destacando a Gruta de Maquin\u00e9 e a inusitada casa em formato de elefante:<\/p>\n\n\n\n<iframe loading=\"lazy\" width=\"479\" height=\"852\" src=\"https:\/\/www.youtube.com\/embed\/jVHKfimVUQQ\" title=\"Cordisburgo: o desvio que virou cinema\" frameborder=\"0\" allow=\"accelerometer; autoplay; clipboard-write; encrypted-media; gyroscope; picture-in-picture; web-share\" referrerpolicy=\"strict-origin-when-cross-origin\" allowfullscreen><\/iframe>\n\n\n\n<h2 class=\"wp-block-heading\">650 metros de hist\u00f3ria sob a terra do sert\u00e3o<\/h2>\n\n\n\n<p>Cordisburgo abriga mais de 60 grutas conhecidas, e a mais c\u00e9lebre \u00e9 a <strong>Gruta do Maquin\u00e9<\/strong>, a maioria descoberta em 1825 por um fazendeiro local conhecido como \u201cSeu Maquin\u00e9\u201d Em 1834, o naturalista dinamarqu\u00eas <strong>Peter Wilhelm Lund<\/strong> iniciou ali escava\u00e7\u00f5es que revelaram f\u00f3sseis de pregui\u00e7a-gigante e tigre-dente-de-sabre, enviando mais de 12 mil pe\u00e7as para <strong>Copenhague<\/strong>. O local \u00e9 considerado o ber\u00e7o da paleontologia brasileira.<\/p>\n\n\n\n<p>A gruta possui sete sal\u00f5es com 650 metros de galerias iluminadas, repletas de estalactites, estalagmites e cortinas de calc\u00e1rio esculpidas pela \u00e1gua ao longo de milh\u00f5es de anos. Aberta ao turismo desde 1908, foi a primeira caverna do <strong>Brasil<\/strong> a receber ilumina\u00e7\u00e3o artificial, em 1967. Hoje integra o <a href=\"https:\/\/ief.mg.gov.br\/w\/monumento-natural-peter-lund-\" target=\"_blank\" rel=\"noreferrer noopener\"><strong>Monumento Natural Estadual Peter Lund<\/strong><\/a>, gerido pelo <strong>Instituto Estadual de Florestas (IEF)<\/strong>.<\/p>\n\n\n<div class=\"wp-block-image\">\n<figure class=\"aligncenter size-full\"><img decoding=\"async\" width=\"1280\" height=\"720\" src=\"https:\/\/www.correiobraziliense.com.br\/cbradar\/wp-content\/uploads\/2026\/03\/aaa-21.png\" alt=\"Guimar\u00e3es Rosa eternizou a frase \u201cO real n\u00e3o est\u00e1 na sa\u00edda nem na chegada, mas no meio da travessia\u201d e levou fama a uma pequena vila do interior\" class=\"wp-image-208697\" srcset=\"https:\/\/www.correiobraziliense.com.br\/cbradar\/wp-content\/uploads\/2026\/03\/aaa-21.png 1280w, https:\/\/www.correiobraziliense.com.br\/cbradar\/wp-content\/uploads\/2026\/03\/aaa-21-300x169.png 300w, https:\/\/www.correiobraziliense.com.br\/cbradar\/wp-content\/uploads\/2026\/03\/aaa-21-768x432.png 768w, https:\/\/www.correiobraziliense.com.br\/cbradar\/wp-content\/uploads\/2026\/03\/aaa-21-750x422.png 750w, https:\/\/www.correiobraziliense.com.br\/cbradar\/wp-content\/uploads\/2026\/03\/aaa-21-1140x641.png 1140w\" sizes=\"(max-width: 1280px) 100vw, 1280px\" \/><figcaption class=\"wp-element-caption\">O clima tropical de altitude garante manh\u00e3s agrad\u00e1veis e tardes quentes na maior parte do ano. \/ Cr\u00e9ditos: Wikimedia Commons<\/figcaption><\/figure><\/div>\n\n\n<h2 class=\"wp-block-heading\">O que visitar al\u00e9m do museu e da gruta?<\/h2>\n\n\n\n<p>A cidade \u00e9 compacta e se percorre a p\u00e9 em poucas horas, mas reserva paradas que valem o tempo de quem n\u00e3o tem pressa.<\/p>\n\n\n\n<ul class=\"wp-block-list\">\n<li><strong>Portal Grande Sert\u00e3o<\/strong>: monumento em bronze na Pra\u00e7a Miguilim com seis vaqueiros a cavalo, o pr\u00f3prio Guimar\u00e3es Rosa e um cachorro, esculpidos pelo artista Leo Santana, o mesmo autor da est\u00e1tua de Drummond em Copacabana.<\/li>\n\n\n\n<li><strong>Zool\u00f3gico de Pedras Peter Wilhelm Lund<\/strong>: pra\u00e7a com r\u00e9plicas em concreto de animais pr\u00e9-hist\u00f3ricos encontrados na regi\u00e3o, como pregui\u00e7a-gigante e mastodonte.<\/li>\n\n\n\n<li><strong>Igreja Matriz do Sagrado Cora\u00e7\u00e3o de Jesus<\/strong>: no ponto mais alto da cidade, preserva a pia batismal onde Guimar\u00e3es Rosa foi batizado. Vista panor\u00e2mica de Cordisburgo.<\/li>\n\n\n\n<li><strong>Casa Elefante<\/strong>: obra do escultor Stamar na entrada da cidade, considerada uma das casas mais inusitadas do pa\u00eds.<\/li>\n<\/ul>\n\n\n\n<p><strong>Explore as curiosidades de Cordisburgo, em Minas Gerais, atrav\u00e9s da experi\u00eancia do canal Lugares Me Leva<\/strong>. O v\u00eddeo apresenta um roteiro pr\u00e1tico pela cidade, destacando a impressionante visita \u00e0 <strong>Gruta de Maquin\u00e9,<\/strong> o inusitado Zool\u00f3gico de Pedra e a famosa Casa Elefante, al\u00e9m de oferecer dicas \u00fateis sobre custos de hospedagem e alimenta\u00e7\u00e3o na regi\u00e3o:<\/p>\n\n\n\n<figure class=\"wp-block-embed aligncenter is-type-video is-provider-youtube wp-block-embed-youtube wp-embed-aspect-16-9 wp-has-aspect-ratio\"><div class=\"wp-block-embed__wrapper\">\n<div class=\"jeg_video_container jeg_video_content\"><iframe loading=\"lazy\" title=\"O Que Fazer Em CORDISBURGO MG \ud83d\udfe1 CIDADES DE MINAS | Lugares Me Leva\" width=\"500\" height=\"281\" src=\"https:\/\/www.youtube.com\/embed\/JPoqM5Yx1Zw?feature=oembed\" frameborder=\"0\" allow=\"accelerometer; autoplay; clipboard-write; encrypted-media; gyroscope; picture-in-picture; web-share\" referrerpolicy=\"strict-origin-when-cross-origin\" allowfullscreen><\/iframe><\/div>\n<\/div><\/figure>\n\n\n\n<p><strong>Leia tamb\u00e9m: <a href=\"https:\/\/www.correiobraziliense.com.br\/cbradar\/unica-capital-fundada-por-franceses-no-brasil-a-jamaica-brasileira-preserva-o-maior-acervo-de-azulejos-da-america-latina\/\" target=\"_blank\" rel=\"noreferrer noopener\">\u00danica capital fundada por franceses no Brasil, a &#8220;Jamaica Brasileira&#8221; preserva o maior acervo de azulejos da Am\u00e9rica Latina.<\/a><\/strong><\/p>\n\n\n\n<h2 class=\"wp-block-heading\">O que significa a frase do escritor Jo\u00e3o Guimar\u00e3es Rosa?<\/h2>\n\n\n\n<p><strong>Essa \u00e9 uma das frases mais famosas e profundas da literatura brasileira.<\/strong> Ela foi escrita pelo genial <strong>Jo\u00e3o Guimar\u00e3es Rosa<\/strong>, e \u00e9 dita pelo personagem Riobaldo em seu livro cl\u00e1ssico, <strong><em>Grande Sert\u00e3o: Veredas<\/em><\/strong>.<\/p>\n\n\n\n<p>O significado central dessa cita\u00e7\u00e3o \u00e9 que <strong>a ess\u00eancia da vida (o &#8220;real&#8221;) n\u00e3o \u00e9 encontrada no come\u00e7o (ponto de partida) e nem no fim (linha de chegada). Ela acontece no caminho, durante o processo.<\/strong><\/p>\n\n\n\n<p>Podemos entender essa reflex\u00e3o em alguns pontos principais:<\/p>\n\n\n<div class=\"wp-block-image\">\n<figure class=\"aligncenter size-large is-resized\"><img decoding=\"async\" width=\"1153\" height=\"720\" src=\"https:\/\/www.correiobraziliense.com.br\/cbradar\/wp-content\/uploads\/2026\/03\/convertido-4-3-1153x720.jpg\" alt=\"\" class=\"wp-image-208727\" style=\"width:761px;height:auto\" srcset=\"https:\/\/www.correiobraziliense.com.br\/cbradar\/wp-content\/uploads\/2026\/03\/convertido-4-3-1153x720.jpg 1153w, https:\/\/www.correiobraziliense.com.br\/cbradar\/wp-content\/uploads\/2026\/03\/convertido-4-3-300x187.jpg 300w, https:\/\/www.correiobraziliense.com.br\/cbradar\/wp-content\/uploads\/2026\/03\/convertido-4-3-768x479.jpg 768w, https:\/\/www.correiobraziliense.com.br\/cbradar\/wp-content\/uploads\/2026\/03\/convertido-4-3-750x468.jpg 750w, https:\/\/www.correiobraziliense.com.br\/cbradar\/wp-content\/uploads\/2026\/03\/convertido-4-3-1140x712.jpg 1140w, https:\/\/www.correiobraziliense.com.br\/cbradar\/wp-content\/uploads\/2026\/03\/convertido-4-3.jpg 1280w\" sizes=\"(max-width: 1153px) 100vw, 1153px\" \/><\/figure><\/div>\n\n\n<h2 class=\"wp-block-heading\">Uma travessia que vale a parada<\/h2>\n\n\n\n<p><strong>Cordisburgo mistura o sil\u00eancio do interior mineiro com a grandeza de um patrim\u00f4nio que combina literatura<\/strong>, paleontologia e f\u00e9. \u00c9 raro encontrar um lugar onde se possa ouvir adolescentes recitando Guimar\u00e3es Rosa pela manh\u00e3 e caminhar dentro de uma gruta milenar \u00e0 tarde.<\/p>\n\n\n\n<p>Voc\u00ea precisa fazer essa travessia at\u00e9 Cordisburgo e sentir, no ritmo lento das ruas e na voz dos Miguilins, que o real se disp\u00f5e mesmo \u00e9 no meio do caminho.<\/p>\n","protected":false},"excerpt":{"rendered":"<p>O menino ficava escondido debaixo do balc\u00e3o da venda do pai, anotando os causos dos tropeiros. Cresceu, virou m\u00e9dico, diplomata e um dos maiores escritores do Brasil, mas nunca esqueceu a cidadezinha entre serras onde tudo come\u00e7ou. Cordisburgo, no interior de Minas Gerais, segue pequena, com cerca de 7 mil habitantes, e \u00e9 exatamente isso [&hellip;]<\/p>\n","protected":false},"author":8,"featured_media":208795,"comment_status":"open","ping_status":"open","sticky":false,"template":"","format":"standard","meta":{"_yoast_wpseo_focuskw":"Guimar\u00e3es Rosa","_yoast_wpseo_title":"","_yoast_wpseo_metadesc":"A frase \u201cO real n\u00e3o est\u00e1 na sa\u00edda nem na chegada\u201d, de Guimar\u00e3es Rosa, ajudou a dar notoriedade a uma pequena vila do interior brasileiro.","jnews-multi-image_gallery":[],"jnews_single_post":{"format":"standard"},"jnews_primary_category":[],"jnews_social_meta":[],"jnews_override_counter":[],"footnotes":""},"categories":[108,111],"tags":[16152,388],"class_list":["post-208683","post","type-post","status-publish","format-standard","has-post-thumbnail","hentry","category-cidades","category-turismo","tag-cordisburgo","tag-minas-gerais"],"yoast_head":"<!-- This site is optimized with the Yoast SEO plugin v24.6 - https:\/\/yoast.com\/wordpress\/plugins\/seo\/ -->\n<title>Guimar\u00e3es Rosa, escritor: \u201cO real n\u00e3o est\u00e1 na sa\u00edda nem na chegada, mas no meio da travessia\u201d e trouxe fama a uma pequena vila no interior - Correio Braziliense - Radar<\/title>\n<meta name=\"description\" content=\"A frase \u201cO real n\u00e3o est\u00e1 na sa\u00edda nem na chegada\u201d, de Guimar\u00e3es Rosa, ajudou a dar notoriedade a uma pequena vila do interior brasileiro.\" \/>\n<meta name=\"robots\" content=\"index, follow, max-snippet:-1, max-image-preview:large, max-video-preview:-1\" \/>\n<link rel=\"canonical\" href=\"https:\/\/www.correiobraziliense.com.br\/cbradar\/guimaraes-rosa-eternizou-a-frase-o-real-nao-esta-na-saida-nem-na-chegada-mas-no-meio-da-travessia-e-levou-fama-a-uma-pequena-vila-do-interior\/\" \/>\n<meta property=\"og:locale\" content=\"pt_BR\" \/>\n<meta property=\"og:type\" content=\"article\" \/>\n<meta property=\"og:title\" content=\"Guimar\u00e3es Rosa, escritor: \u201cO real n\u00e3o est\u00e1 na sa\u00edda nem na chegada, mas no meio da travessia\u201d e trouxe fama a uma pequena vila no interior - Correio Braziliense - Radar\" \/>\n<meta property=\"og:description\" content=\"A frase \u201cO real n\u00e3o est\u00e1 na sa\u00edda nem na chegada\u201d, de Guimar\u00e3es Rosa, ajudou a dar notoriedade a uma pequena vila do interior brasileiro.\" \/>\n<meta property=\"og:url\" content=\"https:\/\/www.correiobraziliense.com.br\/cbradar\/guimaraes-rosa-eternizou-a-frase-o-real-nao-esta-na-saida-nem-na-chegada-mas-no-meio-da-travessia-e-levou-fama-a-uma-pequena-vila-do-interior\/\" \/>\n<meta property=\"og:site_name\" content=\"Correio Braziliense - Radar\" \/>\n<meta property=\"article:published_time\" content=\"2026-03-15T09:25:00+00:00\" \/>\n<meta property=\"article:modified_time\" content=\"2026-03-16T01:28:00+00:00\" \/>\n<meta property=\"og:image\" content=\"https:\/\/www.correiobraziliense.com.br\/cbradar\/wp-content\/uploads\/2026\/03\/aaa-23.png\" \/>\n\t<meta property=\"og:image:width\" content=\"1280\" \/>\n\t<meta property=\"og:image:height\" content=\"720\" \/>\n\t<meta property=\"og:image:type\" content=\"image\/png\" \/>\n<meta name=\"author\" content=\"Maura Pereira\" \/>\n<meta name=\"twitter:card\" content=\"summary_large_image\" \/>\n<meta name=\"twitter:label1\" content=\"Escrito por\" \/>\n\t<meta name=\"twitter:data1\" content=\"Maura Pereira\" \/>\n\t<meta name=\"twitter:label2\" content=\"Est. tempo de leitura\" \/>\n\t<meta name=\"twitter:data2\" content=\"6 minutos\" \/>\n<!-- \/ Yoast SEO plugin. -->","yoast_head_json":{"title":"Guimar\u00e3es Rosa, escritor: \u201cO real n\u00e3o est\u00e1 na sa\u00edda nem na chegada, mas no meio da travessia\u201d e trouxe fama a uma pequena vila no interior - Correio Braziliense - Radar","description":"A frase \u201cO real n\u00e3o est\u00e1 na sa\u00edda nem na chegada\u201d, de Guimar\u00e3es Rosa, ajudou a dar notoriedade a uma pequena vila do interior brasileiro.","robots":{"index":"index","follow":"follow","max-snippet":"max-snippet:-1","max-image-preview":"max-image-preview:large","max-video-preview":"max-video-preview:-1"},"canonical":"https:\/\/www.correiobraziliense.com.br\/cbradar\/guimaraes-rosa-eternizou-a-frase-o-real-nao-esta-na-saida-nem-na-chegada-mas-no-meio-da-travessia-e-levou-fama-a-uma-pequena-vila-do-interior\/","og_locale":"pt_BR","og_type":"article","og_title":"Guimar\u00e3es Rosa, escritor: \u201cO real n\u00e3o est\u00e1 na sa\u00edda nem na chegada, mas no meio da travessia\u201d e trouxe fama a uma pequena vila no interior - Correio Braziliense - Radar","og_description":"A frase \u201cO real n\u00e3o est\u00e1 na sa\u00edda nem na chegada\u201d, de Guimar\u00e3es Rosa, ajudou a dar notoriedade a uma pequena vila do interior brasileiro.","og_url":"https:\/\/www.correiobraziliense.com.br\/cbradar\/guimaraes-rosa-eternizou-a-frase-o-real-nao-esta-na-saida-nem-na-chegada-mas-no-meio-da-travessia-e-levou-fama-a-uma-pequena-vila-do-interior\/","og_site_name":"Correio Braziliense - Radar","article_published_time":"2026-03-15T09:25:00+00:00","article_modified_time":"2026-03-16T01:28:00+00:00","og_image":[{"width":1280,"height":720,"url":"https:\/\/www.correiobraziliense.com.br\/cbradar\/wp-content\/uploads\/2026\/03\/aaa-23.png","type":"image\/png"}],"author":"Maura Pereira","twitter_card":"summary_large_image","twitter_misc":{"Escrito por":"Maura Pereira","Est. tempo de leitura":"6 minutos"},"schema":{"@context":"https:\/\/schema.org","@graph":[{"@type":"WebPage","@id":"https:\/\/www.correiobraziliense.com.br\/cbradar\/guimaraes-rosa-eternizou-a-frase-o-real-nao-esta-na-saida-nem-na-chegada-mas-no-meio-da-travessia-e-levou-fama-a-uma-pequena-vila-do-interior\/","url":"https:\/\/www.correiobraziliense.com.br\/cbradar\/guimaraes-rosa-eternizou-a-frase-o-real-nao-esta-na-saida-nem-na-chegada-mas-no-meio-da-travessia-e-levou-fama-a-uma-pequena-vila-do-interior\/","name":"Guimar\u00e3es Rosa, escritor: \u201cO real n\u00e3o est\u00e1 na sa\u00edda nem na chegada, mas no meio da travessia\u201d e trouxe fama a uma pequena vila no interior - Correio Braziliense - Radar","isPartOf":{"@id":"https:\/\/www.correiobraziliense.com.br\/cbradar\/#website"},"primaryImageOfPage":{"@id":"https:\/\/www.correiobraziliense.com.br\/cbradar\/guimaraes-rosa-eternizou-a-frase-o-real-nao-esta-na-saida-nem-na-chegada-mas-no-meio-da-travessia-e-levou-fama-a-uma-pequena-vila-do-interior\/#primaryimage"},"image":{"@id":"https:\/\/www.correiobraziliense.com.br\/cbradar\/guimaraes-rosa-eternizou-a-frase-o-real-nao-esta-na-saida-nem-na-chegada-mas-no-meio-da-travessia-e-levou-fama-a-uma-pequena-vila-do-interior\/#primaryimage"},"thumbnailUrl":"https:\/\/www.correiobraziliense.com.br\/cbradar\/wp-content\/uploads\/2026\/03\/aaa-23.png","datePublished":"2026-03-15T09:25:00+00:00","dateModified":"2026-03-16T01:28:00+00:00","author":{"@id":"https:\/\/www.correiobraziliense.com.br\/cbradar\/#\/schema\/person\/4053c651a9bfc785afc6f4cbc9032fd3"},"description":"A frase \u201cO real n\u00e3o est\u00e1 na sa\u00edda nem na chegada\u201d, de Guimar\u00e3es Rosa, ajudou a dar notoriedade a uma pequena vila do interior brasileiro.","breadcrumb":{"@id":"https:\/\/www.correiobraziliense.com.br\/cbradar\/guimaraes-rosa-eternizou-a-frase-o-real-nao-esta-na-saida-nem-na-chegada-mas-no-meio-da-travessia-e-levou-fama-a-uma-pequena-vila-do-interior\/#breadcrumb"},"inLanguage":"pt-BR","potentialAction":[{"@type":"ReadAction","target":["https:\/\/www.correiobraziliense.com.br\/cbradar\/guimaraes-rosa-eternizou-a-frase-o-real-nao-esta-na-saida-nem-na-chegada-mas-no-meio-da-travessia-e-levou-fama-a-uma-pequena-vila-do-interior\/"]}]},{"@type":"ImageObject","inLanguage":"pt-BR","@id":"https:\/\/www.correiobraziliense.com.br\/cbradar\/guimaraes-rosa-eternizou-a-frase-o-real-nao-esta-na-saida-nem-na-chegada-mas-no-meio-da-travessia-e-levou-fama-a-uma-pequena-vila-do-interior\/#primaryimage","url":"https:\/\/www.correiobraziliense.com.br\/cbradar\/wp-content\/uploads\/2026\/03\/aaa-23.png","contentUrl":"https:\/\/www.correiobraziliense.com.br\/cbradar\/wp-content\/uploads\/2026\/03\/aaa-23.png","width":1280,"height":720,"caption":"Cordisburgo mistura o sil\u00eancio do interior mineiro com a grandeza de um patrim\u00f4nio que combina literatura, paleontologia e f\u00e9. \/ Imagem ilustrativa"},{"@type":"BreadcrumbList","@id":"https:\/\/www.correiobraziliense.com.br\/cbradar\/guimaraes-rosa-eternizou-a-frase-o-real-nao-esta-na-saida-nem-na-chegada-mas-no-meio-da-travessia-e-levou-fama-a-uma-pequena-vila-do-interior\/#breadcrumb","itemListElement":[{"@type":"ListItem","position":1,"name":"In\u00edcio","item":"https:\/\/www.correiobraziliense.com.br\/cbradar\/"},{"@type":"ListItem","position":2,"name":"Guimar\u00e3es Rosa, escritor: \u201cO real n\u00e3o est\u00e1 na sa\u00edda nem na chegada, mas no meio da travessia\u201d e trouxe fama a uma pequena vila no interior"}]},{"@type":"WebSite","@id":"https:\/\/www.correiobraziliense.com.br\/cbradar\/#website","url":"https:\/\/www.correiobraziliense.com.br\/cbradar\/","name":"Correio Braziliense - Radar","description":"Acompanhe as \u00faltimas not\u00edcias e fique bem informado sobre tudo o que acontece no Brasil e no mundo.","potentialAction":[{"@type":"SearchAction","target":{"@type":"EntryPoint","urlTemplate":"https:\/\/www.correiobraziliense.com.br\/cbradar\/?s={search_term_string}"},"query-input":{"@type":"PropertyValueSpecification","valueRequired":true,"valueName":"search_term_string"}}],"inLanguage":"pt-BR"},{"@type":"Person","@id":"https:\/\/www.correiobraziliense.com.br\/cbradar\/#\/schema\/person\/4053c651a9bfc785afc6f4cbc9032fd3","name":"Maura Pereira","image":{"@type":"ImageObject","inLanguage":"pt-BR","@id":"https:\/\/www.correiobraziliense.com.br\/cbradar\/#\/schema\/person\/image\/","url":"https:\/\/secure.gravatar.com\/avatar\/3effd6bdadfa447f15089c7f7144eaa6?s=96&d=mm&r=g","contentUrl":"https:\/\/secure.gravatar.com\/avatar\/3effd6bdadfa447f15089c7f7144eaa6?s=96&d=mm&r=g","caption":"Maura Pereira"},"sameAs":["https:\/\/www.correiobraziliense.com.br\/"],"url":"https:\/\/www.correiobraziliense.com.br\/cbradar\/author\/mauramyth\/"}]}},"_links":{"self":[{"href":"https:\/\/www.correiobraziliense.com.br\/cbradar\/wp-json\/wp\/v2\/posts\/208683","targetHints":{"allow":["GET"]}}],"collection":[{"href":"https:\/\/www.correiobraziliense.com.br\/cbradar\/wp-json\/wp\/v2\/posts"}],"about":[{"href":"https:\/\/www.correiobraziliense.com.br\/cbradar\/wp-json\/wp\/v2\/types\/post"}],"author":[{"embeddable":true,"href":"https:\/\/www.correiobraziliense.com.br\/cbradar\/wp-json\/wp\/v2\/users\/8"}],"replies":[{"embeddable":true,"href":"https:\/\/www.correiobraziliense.com.br\/cbradar\/wp-json\/wp\/v2\/comments?post=208683"}],"version-history":[{"count":43,"href":"https:\/\/www.correiobraziliense.com.br\/cbradar\/wp-json\/wp\/v2\/posts\/208683\/revisions"}],"predecessor-version":[{"id":209117,"href":"https:\/\/www.correiobraziliense.com.br\/cbradar\/wp-json\/wp\/v2\/posts\/208683\/revisions\/209117"}],"wp:featuredmedia":[{"embeddable":true,"href":"https:\/\/www.correiobraziliense.com.br\/cbradar\/wp-json\/wp\/v2\/media\/208795"}],"wp:attachment":[{"href":"https:\/\/www.correiobraziliense.com.br\/cbradar\/wp-json\/wp\/v2\/media?parent=208683"}],"wp:term":[{"taxonomy":"category","embeddable":true,"href":"https:\/\/www.correiobraziliense.com.br\/cbradar\/wp-json\/wp\/v2\/categories?post=208683"},{"taxonomy":"post_tag","embeddable":true,"href":"https:\/\/www.correiobraziliense.com.br\/cbradar\/wp-json\/wp\/v2\/tags?post=208683"}],"curies":[{"name":"wp","href":"https:\/\/api.w.org\/{rel}","templated":true}]}}