{"id":208688,"date":"2026-03-15T12:45:00","date_gmt":"2026-03-15T15:45:00","guid":{"rendered":"https:\/\/www.correiobraziliense.com.br\/cbradar\/?p=208688"},"modified":"2026-03-15T16:32:56","modified_gmt":"2026-03-15T19:32:56","slug":"com-uma-ilha-para-cada-dia-do-ano-esse-paraiso-no-rio-de-janeiro-encanta-com-grutas-impressionantes-e-mar-verde-esmeralda","status":"publish","type":"post","link":"https:\/\/www.correiobraziliense.com.br\/cbradar\/com-uma-ilha-para-cada-dia-do-ano-esse-paraiso-no-rio-de-janeiro-encanta-com-grutas-impressionantes-e-mar-verde-esmeralda\/","title":{"rendered":"Com uma ilha para cada dia do ano, esse para\u00edso no Rio de Janeiro encanta com grutas impressionantes e mar verde-esmeralda"},"content":{"rendered":"\n<p>Os navegadores portugueses chegaram \u00e0 enseada em 6 de janeiro de 1502, dia dos Tr\u00eas Reis Magos, e batizaram o lugar com o nome da data. Mais de cinco s\u00e9culos depois, <strong>Angra dos Reis<\/strong> segue impressionando quem entra pela ba\u00eda pela primeira vez: s\u00e3o 365 ilhas espalhadas por um mar verde-esmeralda protegido pela <strong>Serra do Mar<\/strong>, a cerca de 160 km da cidade do <strong>Rio de Janeiro<\/strong>.<\/p>\n\n\n\n<h2 class=\"wp-block-heading\">Por que a UNESCO reconheceu Angra e Ilha Grande?<\/h2>\n\n\n\n<p>Em julho de 2019, o <strong>Comit\u00ea do Patrim\u00f4nio Mundial da UNESCO<\/strong> declarou <strong>Paraty e Ilha Grande<\/strong> como <a href=\"https:\/\/portal.angra.rj.gov.br\/noticia.asp?vid_noticia=55399&amp;IndexSigla=SDE\" target=\"_blank\" rel=\"noreferrer noopener\"><strong>Patrim\u00f4nio Mundial da Humanidade<\/strong><\/a> na categoria s\u00edtio misto, reconhecendo valor cultural e natural ao mesmo tempo. Foi o primeiro t\u00edtulo misto do <strong>Brasil<\/strong> e o primeiro de cultura viva na <strong>Am\u00e9rica Latina<\/strong>.<\/p>\n\n\n\n<p>O territ\u00f3rio protegido abrange quase 150 mil hectares e inclui quatro unidades de conserva\u00e7\u00e3o, como o <strong>Parque Estadual da Ilha Grande<\/strong> e a <strong>Reserva Biol\u00f3gica da Praia do Sul<\/strong>. A regi\u00e3o concentra 45% das aves da <strong>Mata Atl\u00e2ntica<\/strong> e 34% dos anf\u00edbios do bioma, al\u00e9m de registros de on\u00e7a-pintada e muriqui, o maior primata das Am\u00e9ricas.<\/p>\n\n\n<div class=\"wp-block-image\">\n<figure class=\"aligncenter size-large\"><img decoding=\"async\" width=\"1024\" height=\"576\" src=\"https:\/\/www.correiobraziliense.com.br\/cbradar\/wp-content\/uploads\/2025\/02\/Angra-dos-Reis_1740200986110-1024x576.jpg\" alt=\"Um destino com 365 ilhas se destaca pela tecnologia e por abrigar um complexo nuclear\" class=\"wp-image-4947\" srcset=\"https:\/\/www.correiobraziliense.com.br\/cbradar\/wp-content\/uploads\/2025\/02\/Angra-dos-Reis_1740200986110-1024x576.jpg 1024w, https:\/\/www.correiobraziliense.com.br\/cbradar\/wp-content\/uploads\/2025\/02\/Angra-dos-Reis_1740200986110-300x169.jpg 300w, https:\/\/www.correiobraziliense.com.br\/cbradar\/wp-content\/uploads\/2025\/02\/Angra-dos-Reis_1740200986110-768x432.jpg 768w, https:\/\/www.correiobraziliense.com.br\/cbradar\/wp-content\/uploads\/2025\/02\/Angra-dos-Reis_1740200986110-750x422.jpg 750w, https:\/\/www.correiobraziliense.com.br\/cbradar\/wp-content\/uploads\/2025\/02\/Angra-dos-Reis_1740200986110-1140x641.jpg 1140w, https:\/\/www.correiobraziliense.com.br\/cbradar\/wp-content\/uploads\/2025\/02\/Angra-dos-Reis_1740200986110.jpg 1280w\" sizes=\"(max-width: 1024px) 100vw, 1024px\" \/><figcaption class=\"wp-element-caption\">Ref\u00fagio tropical com ilhas e enseadas, Angra dos Reis \u00e9 sin\u00f4nimo de mar, descanso e paisagens \u00fanicas.  \/\/ Cr\u00e9ditos: depositphotos.com \/ Cristian_Lourenco<\/figcaption><\/figure><\/div>\n\n\n<h2 class=\"wp-block-heading\">Quais ilhas e praias n\u00e3o podem ficar de fora?<\/h2>\n\n\n\n<p>A ba\u00eda re\u00fane mais de 2 mil praias entre ilhas e continente. Passeios de escuna, lancha e t\u00e1xi boat partem do <strong>Cais de Santa Luzia<\/strong>, no centro de Angra.<\/p>\n\n\n\n<ul class=\"wp-block-list\">\n<li><strong>Ilha Grande<\/strong>: a maior do estado do <strong>Rio de Janeiro<\/strong>, com 193 km\u00b2 e mais de 100 praias. Carros n\u00e3o entram, e a <strong>Vila do Abra\u00e3o<\/strong> concentra pousadas, restaurantes e o embarque para os roteiros de barco. Passeios cl\u00e1ssicos: Volta \u00e0 Ilha, Meia Volta e Super Sul.<\/li>\n\n\n\n<li><strong>Praia de Lopes Mendes<\/strong>: 3 km de areia branca e fina no lado sul da Ilha Grande, eleita entre as mais bonitas do mundo. Mar aberto com ondas para surfe. Acesso por trilha ou barco.<\/li>\n\n\n\n<li><strong>Lagoa Azul<\/strong>: piscina natural de \u00e1guas cristalinas entre ilhas, ideal para snorkel. Melhor visitada na mar\u00e9 baixa.<\/li>\n\n\n\n<li><strong>Ilhas Botinas<\/strong>: duas ilhotas apelidadas de &#8220;G\u00eameas do Mar&#8221;, com visibilidade excepcional para mergulho.<\/li>\n\n\n\n<li><strong>Ilha da Gip\u00f3ia<\/strong>: segunda maior da ba\u00eda, a 35 minutos do centro. A <strong>Praia do Dentista<\/strong> tem mar sempre calmo e quiosques com boa estrutura.<\/li>\n\n\n\n<li><strong>Ilha de Cataguases<\/strong>: pequena e ligada \u00e0 Ilha do Peregrino por uma faixa de areia. \u00c1guas rasas e avistamento de tartarugas marinhas.<\/li>\n<\/ul>\n\n\n\n<p>As \u00e1guas cristalinas da Costa Verde reservam experi\u00eancias inesquec\u00edveis. O v\u00eddeo \u00e9 do canal <strong>Vamos Fugir Blog<\/strong>, que conta com mais de <strong>160 mil<\/strong> inscritos, e detalha um roteiro por Angra dos Reis, incluindo passeios de barco e praias:<\/p>\n\n\n\n<figure class=\"wp-block-embed aligncenter is-type-video is-provider-youtube wp-block-embed-youtube wp-embed-aspect-16-9 wp-has-aspect-ratio\"><div class=\"wp-block-embed__wrapper\">\n<div class=\"jeg_video_container jeg_video_content\"><iframe loading=\"lazy\" title=\"O que fazer em ANGRA DOS REIS  em 3 dias - Roteiro Completo com PRE\u00c7OS + Pousada p\u00e9 na Areia\" width=\"500\" height=\"281\" src=\"https:\/\/www.youtube.com\/embed\/OUjdSo4xSfc?feature=oembed\" frameborder=\"0\" allow=\"accelerometer; autoplay; clipboard-write; encrypted-media; gyroscope; picture-in-picture; web-share\" referrerpolicy=\"strict-origin-when-cross-origin\" allowfullscreen><\/iframe><\/div>\n<\/div><\/figure>\n\n\n\n<h2 class=\"wp-block-heading\">Piratas, pres\u00eddio e um centro hist\u00f3rico colonial<\/h2>\n\n\n\n<p>Antes de ser ref\u00fagio de turistas, a Ilha Grande serviu de esconderijo para piratas holandeses, franceses e ingleses que se abasteciam de \u00e1gua e lenha nas enseadas. No s\u00e9culo XIX, as mesmas ba\u00edas acolheram o tr\u00e1fico clandestino de escravizados. J\u00e1 no s\u00e9culo XX, o <strong>Pres\u00eddio C\u00e2ndido Mendes<\/strong>, desativado em 1994, abrigou presos pol\u00edticos e inspirou <strong>Graciliano Ramos<\/strong> a escrever <strong>Mem\u00f3rias do C\u00e1rcere<\/strong>.<\/p>\n\n\n\n<p>No continente, o <a href=\"https:\/\/visite.angra.rj.gov.br\/\" target=\"_blank\" rel=\"noreferrer noopener\"><strong>Centro Hist\u00f3rico de Angra dos Reis<\/strong><\/a> preserva casar\u00f5es coloniais, a <strong>Igreja de Nossa Senhora da Lapa<\/strong> (1752), com Museu de Artes Sacras, e as ru\u00ednas do <strong>Convento de S\u00e3o Bernardino de Sena<\/strong>. A <strong>Vila Hist\u00f3rica de Mambucaba<\/strong>, onde o rio encontra o mar, mant\u00e9m casario preservado e clima de outro s\u00e9culo.<\/p>\n\n\n\n<h2 class=\"wp-block-heading\">O que comer com os p\u00e9s na areia?<\/h2>\n\n\n\n<p>A gastronomia \u00e9 cai\u00e7ara na ess\u00eancia: peixes, camar\u00f5es e vieiras pescados na pr\u00f3pria ba\u00eda. As <strong>vieiras da Ba\u00eda da Ilha Grande<\/strong>, cultivadas em fazendas marinhas locais, foram eleitas <strong>Maravilha Gastron\u00f4mica do Estado do Rio de Janeiro<\/strong> e chegam \u00e0 mesa gratinadas ou ao natural. Nos quiosques das ilhas, peixe grelhado com banana frita, moqueca na panela de barro e casquinha de siri completam o card\u00e1pio. Na Vila do Abra\u00e3o, restaurantes como o <strong>Lua e Mar<\/strong> servem banquetes de frutos do mar no estilo cai\u00e7ara.<\/p>\n\n\n\n<p><strong>Angra dos Reis \u00e9 um destino paradis\u00edaco no litoral fluminense, famoso por suas ilhas de \u00e1guas cristalinas e mar calmo. <\/strong>O v\u00eddeo \u00e9 do canal <strong>Vamos Fugir Blog<\/strong>, que conta com mais de 102 mil inscritos, e apresenta um roteiro completo de 3 dias, incluindo passeios de barco pelas ilhas Catagu\u00e1s e Botinas, o centro hist\u00f3rico e a curiosa Praia das \u00c1guas Quentes:<\/p>\n\n\n<div class=\"wp-block-image\">\n<figure class=\"aligncenter size-large\"><img decoding=\"async\" width=\"1024\" height=\"576\" src=\"https:\/\/www.correiobraziliense.com.br\/cbradar\/wp-content\/uploads\/2025\/08\/Angra-dos-Reis_1754164015728-1024x576.jpg\" alt=\"Esse para\u00edso brasileiro com 365 ilhas encanta turistas do mundo inteiro\" class=\"wp-image-79764\" srcset=\"https:\/\/www.correiobraziliense.com.br\/cbradar\/wp-content\/uploads\/2025\/08\/Angra-dos-Reis_1754164015728-1024x576.jpg 1024w, https:\/\/www.correiobraziliense.com.br\/cbradar\/wp-content\/uploads\/2025\/08\/Angra-dos-Reis_1754164015728-300x169.jpg 300w, https:\/\/www.correiobraziliense.com.br\/cbradar\/wp-content\/uploads\/2025\/08\/Angra-dos-Reis_1754164015728-768x432.jpg 768w, https:\/\/www.correiobraziliense.com.br\/cbradar\/wp-content\/uploads\/2025\/08\/Angra-dos-Reis_1754164015728-750x422.jpg 750w, https:\/\/www.correiobraziliense.com.br\/cbradar\/wp-content\/uploads\/2025\/08\/Angra-dos-Reis_1754164015728-1140x641.jpg 1140w, https:\/\/www.correiobraziliense.com.br\/cbradar\/wp-content\/uploads\/2025\/08\/Angra-dos-Reis_1754164015728.jpg 1280w\" sizes=\"(max-width: 1024px) 100vw, 1024px\" \/><figcaption class=\"wp-element-caption\">Angra dos Reis se destaca pelo turismo sustent\u00e1vel e pelas \u00e1guas mais cristalinas do litoral do Rio. \/\/ Cr\u00e9ditos: depositphotos.com \/ Cristian_Lourenco<\/figcaption><\/figure><\/div>\n\n\n<p><strong>Leia tamb\u00e9m: <a href=\"https:\/\/www.correiobraziliense.com.br\/cbradar\/nova-piscina-deixa-a-agua-limpa-sem-produtos-e-vira-substituta-dos-modelos-comuns\/\" target=\"_blank\" rel=\"noreferrer noopener\">Nova piscina deixa a \u00e1gua limpa sem produtos e vira substituta dos modelos comuns.<\/a><\/strong><\/p>\n\n\n\n<h2 class=\"wp-block-heading\">Quando o mar fica mais calmo e o c\u00e9u mais azul?<\/h2>\n\n\n\n<p>A <strong>Costa Verde<\/strong> \u00e9 quente o ano inteiro. O inverno seco (maio a agosto) \u00e9 a melhor janela para navega\u00e7\u00e3o: c\u00e9u limpo, mar calmo e pre\u00e7os mais baixos nas hospedagens.<\/p>\n\n\n\n<div class=\"google-auto-ads-ignore\" style=\"font-family: 'Segoe UI', Roboto, -apple-system, sans-serif; max-width: 850px; margin: 20px auto; box-sizing: border-box; background-color: #ffffff; -webkit-font-smoothing: antialiased; text-rendering: optimizeLegibility;\">\n    \n    <div style=\"background: #fffcfc; border-radius: 20px; overflow: hidden; border: 1px solid #bae6fd; display: flex; flex-direction: column; box-shadow: 0 4px 15px rgba(2, 132, 199, 0.05);\">\n        \n        <div style=\"background: linear-gradient(135deg, #38bdf8 0%, #0284c7 100%); padding: 20px 30px; text-align: left;\">\n            <div style=\"font-size: 24px; font-weight: 800; color: #ffffff; letter-spacing: -0.5px; line-height: 1.2;\">\n                Sazonalidade e condi\u00e7\u00f5es para atividades\n            <\/div>\n            <div style=\"font-size: 14px; color: #e0f2fe; margin-top: 4px; font-weight: 500; opacity: 0.9;\">\n                An\u00e1lise clim\u00e1tica detalhada para planejamento de viagem e roteiros de sol, mar e navega\u00e7\u00e3o na regi\u00e3o.\n            <\/div>\n        <\/div>\n\n        <div style=\"padding: 15px;\">\n            <div style=\"display: grid; width: 100%; grid-template-columns: 0.8fr 0.7fr 1fr 0.7fr 1.8fr; gap: 1px; background-color: #7dd3fc; border-radius: 12px; border: 1px solid #7dd3fc; overflow: hidden;\">\n                \n                <div style=\"background: #f0f9ff; padding: 10px; font-weight: 800; font-size: 11px; text-transform: uppercase; color: #0c4a6e; text-align: center;\">Esta\u00e7\u00e3o<\/div>\n                <div style=\"background: #f0f9ff; padding: 10px; font-weight: 800; font-size: 11px; text-transform: uppercase; color: #0c4a6e; text-align: center;\">Meses<\/div>\n                <div style=\"background: #f0f9ff; padding: 10px; font-weight: 800; font-size: 11px; text-transform: uppercase; color: #0c4a6e; text-align: center;\">Temperatura<\/div>\n                <div style=\"background: #f0f9ff; padding: 10px; font-weight: 800; font-size: 11px; text-transform: uppercase; color: #0c4a6e; text-align: center;\">Chuva<\/div>\n                <div style=\"background: #f0f9ff; padding: 10px; font-weight: 800; font-size: 11px; text-transform: uppercase; color: #0c4a6e; text-align: center;\">O que fazer<\/div>\n\n                <div style=\"background: #ffffff; padding: 12px; font-weight: 800; color: #0284c7; font-size: 14px; display: flex; align-items: center; justify-content: center; gap: 5px;\">\u2600\ufe0f Ver\u00e3o<\/div>\n                <div style=\"background: #ffffff; padding: 12px; font-size: 13px; color: #1e293b; font-weight: 600; display: flex; align-items: center; justify-content: center;\">Dez-Fev<\/div>\n                <div style=\"background: #ffffff; padding: 12px; display: flex; align-items: center; justify-content: center; gap: 6px;\">\n                    <span style=\"font-size: 13px; font-weight: 700; color: #1e293b;\">24-34 \u00b0C<\/span>\n                <\/div>\n                <div style=\"background: #ffffff; padding: 12px; font-size: 13px; color: #4b5563; font-weight: 600; display: flex; align-items: center; justify-content: center;\">Alta<\/div>\n                <div style=\"background: #ffffff; padding: 12px; font-size: 13px; line-height: 1.4; color: #1e293b; display: flex; align-items: center;\">Praias, mergulho e festas de r\u00e9veillon.<\/div>\n\n                <div style=\"background: #f8fafc; padding: 12px; font-weight: 800; color: #0284c7; font-size: 14px; display: flex; align-items: center; justify-content: center; gap: 5px;\">\ud83c\udf42 Outono<\/div>\n                <div style=\"background: #f8fafc; padding: 12px; font-size: 13px; color: #1e293b; font-weight: 600; display: flex; align-items: center; justify-content: center;\">Mar-Mai<\/div>\n                <div style=\"background: #f8fafc; padding: 12px; display: flex; align-items: center; justify-content: center; gap: 6px;\">\n                    <span style=\"font-size: 13px; font-weight: 700; color: #1e293b;\">22-30 \u00b0C<\/span>\n                <\/div>\n                <div style=\"background: #f8fafc; padding: 12px; font-size: 13px; color: #4b5563; font-weight: 600; display: flex; align-items: center; justify-content: center;\">M\u00e9dia<\/div>\n                <div style=\"background: #f8fafc; padding: 12px; font-size: 13px; line-height: 1.4; color: #1e293b; display: flex; align-items: center;\">Passeios de barco e trilhas na natureza.<\/div>\n\n                <div style=\"background: #ffffff; padding: 12px; font-weight: 800; color: #0284c7; font-size: 14px; display: flex; align-items: center; justify-content: center; gap: 5px;\">\u2744\ufe0f Inverno<\/div>\n                <div style=\"background: #ffffff; padding: 12px; font-size: 13px; color: #1e293b; font-weight: 600; display: flex; align-items: center; justify-content: center;\">Jun-Ago<\/div>\n                <div style=\"background: #ffffff; padding: 12px; display: flex; align-items: center; justify-content: center; gap: 6px;\">\n                    <span style=\"font-size: 13px; font-weight: 700; color: #1e293b;\">18-26 \u00b0C<\/span>\n                <\/div>\n                <div style=\"background: #ffffff; padding: 12px; font-size: 13px; color: #4b5563; font-weight: 600; display: flex; align-items: center; justify-content: center;\">Baixa<\/div>\n                <div style=\"background: #ffffff; padding: 12px; font-size: 13px; line-height: 1.4; color: #1e293b; display: flex; align-items: center;\">Navega\u00e7\u00e3o e explora\u00e7\u00e3o do centro hist\u00f3rico.<\/div>\n\n                <div style=\"background: #f8fafc; padding: 12px; font-weight: 800; color: #0284c7; font-size: 14px; display: flex; align-items: center; justify-content: center; gap: 5px;\">\ud83c\udf3a Primavera<\/div>\n                <div style=\"background: #f8fafc; padding: 12px; font-size: 13px; color: #1e293b; font-weight: 600; display: flex; align-items: center; justify-content: center;\">Set-Nov<\/div>\n                <div style=\"background: #f8fafc; padding: 12px; display: flex; align-items: center; justify-content: center; gap: 6px;\">\n                    <span style=\"font-size: 13px; font-weight: 700; color: #1e293b;\">22-30 \u00b0C<\/span>\n                <\/div>\n                <div style=\"background: #f8fafc; padding: 12px; font-size: 13px; color: #4b5563; font-weight: 600; display: flex; align-items: center; justify-content: center;\">M\u00e9dia<\/div>\n                <div style=\"background: #f8fafc; padding: 12px; font-size: 13px; line-height: 1.4; color: #1e293b; display: flex; align-items: center;\">Mergulho, passeios \u00e0 Ilha Grande e escunas.<\/div>\n            <\/div>\n        <\/div>\n\n        <div style=\"padding: 10px 30px; background: #f0f9ff; border-top: 1px solid #bae6fd; font-size: 12px; color: #0c4a6e; font-style: italic; display: flex; align-items: center; gap: 8px; font-weight: 600;\">\n            <div style=\"width: 6px; height: 6px; background: #0284c7; border-radius: 50%;\"><\/div>\n            Informa\u00e7\u00e3o: O inverno, por ser a \u00e9poca mais seca, oferece c\u00e9us limpos e excelentes condi\u00e7\u00f5es para navega\u00e7\u00e3o e contempla\u00e7\u00e3o costeira.\n        <\/div>\n        \n    <\/div>\n<\/div>\n\n\n\n<p><em>Temperaturas aproximadas com base no <a href=\"https:\/\/www.climatempo.com.br\/previsao-do-tempo\/cidade\/310\/angradosreis-rj\" target=\"_blank\" rel=\"noreferrer noopener\"><strong>Climatempo<\/strong><\/a>. Condi\u00e7\u00f5es podem variar conforme o ano.<\/em><\/p>\n\n\n\n<h2 class=\"wp-block-heading\">Como chegar \u00e0 ba\u00eda dos Reis Magos?<\/h2>\n\n\n\n<p>Angra dos Reis fica a cerca de 160 km do <strong>Rio de Janeiro<\/strong> pela <strong>Rio-Santos (BR-101)<\/strong>, aproximadamente 2h30 de carro. De <strong>S\u00e3o Paulo<\/strong>, s\u00e3o cerca de 370 km pela <strong>Dutra<\/strong> at\u00e9 o Rio e depois pela Rio-Santos. O <strong>Aeroporto do Gale\u00e3o (GIG)<\/strong> \u00e9 o mais pr\u00f3ximo com voos comerciais de grande porte. Para chegar \u00e0s ilhas, barcas e lanchas partem do <strong>Cais de Santa Luzia<\/strong> e da <strong>Esta\u00e7\u00e3o Santa Luzia<\/strong>, no centro. A travessia at\u00e9 a Vila do Abra\u00e3o leva cerca de 40 minutos.<\/p>\n\n\n\n<h2 class=\"wp-block-heading\">A ba\u00eda que tem uma ilha para cada dia<\/h2>\n\n\n\n<p><strong>Angra dos Reis entrega o que poucos destinos re\u00fanem no mesmo endere\u00e7o:<\/strong> um arquip\u00e9lago com selo da <strong>UNESCO<\/strong>, praias que figuram entre as mais bonitas do planeta, centro hist\u00f3rico do s\u00e9culo XVI e uma mesa onde a vieira sai do mar direto para o prato. A ba\u00eda protegida pela Serra do Mar faz jus ao nome que os navegadores escolheram h\u00e1 mais de cinco s\u00e9culos.<\/p>\n\n\n\n<p>Voc\u00ea precisa entrar nessa ba\u00eda de barco pelo menos uma vez na vida e entender por que 365 ilhas nunca parecem suficientes para quem resolve voltar.<\/p>\n","protected":false},"excerpt":{"rendered":"<p>Os navegadores portugueses chegaram \u00e0 enseada em 6 de janeiro de 1502, dia dos Tr\u00eas Reis Magos, e batizaram o lugar com o nome da data. Mais de cinco s\u00e9culos depois, Angra dos Reis segue impressionando quem entra pela ba\u00eda pela primeira vez: s\u00e3o 365 ilhas espalhadas por um mar verde-esmeralda protegido pela Serra do [&hellip;]<\/p>\n","protected":false},"author":8,"featured_media":4946,"comment_status":"open","ping_status":"open","sticky":false,"template":"","format":"standard","meta":{"_yoast_wpseo_focuskw":"Rio de Janeiro","_yoast_wpseo_title":"","_yoast_wpseo_metadesc":"Com 365 ilhas, esse destino no Rio de Janeiro chama aten\u00e7\u00e3o pela natureza e por abrigar um importante complexo nuclear.","jnews-multi-image_gallery":[],"jnews_single_post":{"format":"standard"},"jnews_primary_category":[],"jnews_social_meta":[],"jnews_override_counter":[],"footnotes":""},"categories":[108,111],"tags":[557,304],"class_list":["post-208688","post","type-post","status-publish","format-standard","has-post-thumbnail","hentry","category-cidades","category-turismo","tag-angra-dos-reis","tag-rio-de-janeiro"],"yoast_head":"<!-- This site is optimized with the Yoast SEO plugin v24.6 - https:\/\/yoast.com\/wordpress\/plugins\/seo\/ -->\n<title>Com uma ilha para cada dia do ano, esse para\u00edso no Rio de Janeiro encanta com grutas impressionantes e mar verde-esmeralda - Correio Braziliense - Radar<\/title>\n<meta name=\"description\" content=\"Com 365 ilhas, esse destino no Rio de Janeiro chama aten\u00e7\u00e3o pela natureza e por abrigar um importante complexo nuclear.\" \/>\n<meta name=\"robots\" content=\"index, follow, max-snippet:-1, max-image-preview:large, max-video-preview:-1\" \/>\n<link rel=\"canonical\" href=\"https:\/\/www.correiobraziliense.com.br\/cbradar\/com-uma-ilha-para-cada-dia-do-ano-esse-paraiso-no-rio-de-janeiro-encanta-com-grutas-impressionantes-e-mar-verde-esmeralda\/\" \/>\n<meta property=\"og:locale\" content=\"pt_BR\" \/>\n<meta property=\"og:type\" content=\"article\" \/>\n<meta property=\"og:title\" content=\"Com uma ilha para cada dia do ano, esse para\u00edso no Rio de Janeiro encanta com grutas impressionantes e mar verde-esmeralda - Correio Braziliense - Radar\" \/>\n<meta property=\"og:description\" content=\"Com 365 ilhas, esse destino no Rio de Janeiro chama aten\u00e7\u00e3o pela natureza e por abrigar um importante complexo nuclear.\" \/>\n<meta property=\"og:url\" content=\"https:\/\/www.correiobraziliense.com.br\/cbradar\/com-uma-ilha-para-cada-dia-do-ano-esse-paraiso-no-rio-de-janeiro-encanta-com-grutas-impressionantes-e-mar-verde-esmeralda\/\" \/>\n<meta property=\"og:site_name\" content=\"Correio Braziliense - Radar\" \/>\n<meta property=\"article:published_time\" content=\"2026-03-15T15:45:00+00:00\" \/>\n<meta property=\"article:modified_time\" content=\"2026-03-15T19:32:56+00:00\" \/>\n<meta property=\"og:image\" content=\"https:\/\/www.correiobraziliense.com.br\/cbradar\/wp-content\/uploads\/2025\/02\/Angra-dos-Reis_1740201029523.jpg\" \/>\n\t<meta property=\"og:image:width\" content=\"1280\" \/>\n\t<meta property=\"og:image:height\" content=\"720\" \/>\n\t<meta property=\"og:image:type\" content=\"image\/jpeg\" \/>\n<meta name=\"author\" content=\"Maura Pereira\" \/>\n<meta name=\"twitter:card\" content=\"summary_large_image\" \/>\n<meta name=\"twitter:label1\" content=\"Escrito por\" \/>\n\t<meta name=\"twitter:data1\" content=\"Maura Pereira\" \/>\n\t<meta name=\"twitter:label2\" content=\"Est. tempo de leitura\" \/>\n\t<meta name=\"twitter:data2\" content=\"7 minutos\" \/>\n<!-- \/ Yoast SEO plugin. -->","yoast_head_json":{"title":"Com uma ilha para cada dia do ano, esse para\u00edso no Rio de Janeiro encanta com grutas impressionantes e mar verde-esmeralda - Correio Braziliense - Radar","description":"Com 365 ilhas, esse destino no Rio de Janeiro chama aten\u00e7\u00e3o pela natureza e por abrigar um importante complexo nuclear.","robots":{"index":"index","follow":"follow","max-snippet":"max-snippet:-1","max-image-preview":"max-image-preview:large","max-video-preview":"max-video-preview:-1"},"canonical":"https:\/\/www.correiobraziliense.com.br\/cbradar\/com-uma-ilha-para-cada-dia-do-ano-esse-paraiso-no-rio-de-janeiro-encanta-com-grutas-impressionantes-e-mar-verde-esmeralda\/","og_locale":"pt_BR","og_type":"article","og_title":"Com uma ilha para cada dia do ano, esse para\u00edso no Rio de Janeiro encanta com grutas impressionantes e mar verde-esmeralda - Correio Braziliense - Radar","og_description":"Com 365 ilhas, esse destino no Rio de Janeiro chama aten\u00e7\u00e3o pela natureza e por abrigar um importante complexo nuclear.","og_url":"https:\/\/www.correiobraziliense.com.br\/cbradar\/com-uma-ilha-para-cada-dia-do-ano-esse-paraiso-no-rio-de-janeiro-encanta-com-grutas-impressionantes-e-mar-verde-esmeralda\/","og_site_name":"Correio Braziliense - Radar","article_published_time":"2026-03-15T15:45:00+00:00","article_modified_time":"2026-03-15T19:32:56+00:00","og_image":[{"width":1280,"height":720,"url":"https:\/\/www.correiobraziliense.com.br\/cbradar\/wp-content\/uploads\/2025\/02\/Angra-dos-Reis_1740201029523.jpg","type":"image\/jpeg"}],"author":"Maura Pereira","twitter_card":"summary_large_image","twitter_misc":{"Escrito por":"Maura Pereira","Est. tempo de leitura":"7 minutos"},"schema":{"@context":"https:\/\/schema.org","@graph":[{"@type":"WebPage","@id":"https:\/\/www.correiobraziliense.com.br\/cbradar\/com-uma-ilha-para-cada-dia-do-ano-esse-paraiso-no-rio-de-janeiro-encanta-com-grutas-impressionantes-e-mar-verde-esmeralda\/","url":"https:\/\/www.correiobraziliense.com.br\/cbradar\/com-uma-ilha-para-cada-dia-do-ano-esse-paraiso-no-rio-de-janeiro-encanta-com-grutas-impressionantes-e-mar-verde-esmeralda\/","name":"Com uma ilha para cada dia do ano, esse para\u00edso no Rio de Janeiro encanta com grutas impressionantes e mar verde-esmeralda - Correio Braziliense - Radar","isPartOf":{"@id":"https:\/\/www.correiobraziliense.com.br\/cbradar\/#website"},"primaryImageOfPage":{"@id":"https:\/\/www.correiobraziliense.com.br\/cbradar\/com-uma-ilha-para-cada-dia-do-ano-esse-paraiso-no-rio-de-janeiro-encanta-com-grutas-impressionantes-e-mar-verde-esmeralda\/#primaryimage"},"image":{"@id":"https:\/\/www.correiobraziliense.com.br\/cbradar\/com-uma-ilha-para-cada-dia-do-ano-esse-paraiso-no-rio-de-janeiro-encanta-com-grutas-impressionantes-e-mar-verde-esmeralda\/#primaryimage"},"thumbnailUrl":"https:\/\/www.correiobraziliense.com.br\/cbradar\/wp-content\/uploads\/2025\/02\/Angra-dos-Reis_1740201029523.jpg","datePublished":"2026-03-15T15:45:00+00:00","dateModified":"2026-03-15T19:32:56+00:00","author":{"@id":"https:\/\/www.correiobraziliense.com.br\/cbradar\/#\/schema\/person\/4053c651a9bfc785afc6f4cbc9032fd3"},"description":"Com 365 ilhas, esse destino no Rio de Janeiro chama aten\u00e7\u00e3o pela natureza e por abrigar um importante complexo nuclear.","breadcrumb":{"@id":"https:\/\/www.correiobraziliense.com.br\/cbradar\/com-uma-ilha-para-cada-dia-do-ano-esse-paraiso-no-rio-de-janeiro-encanta-com-grutas-impressionantes-e-mar-verde-esmeralda\/#breadcrumb"},"inLanguage":"pt-BR","potentialAction":[{"@type":"ReadAction","target":["https:\/\/www.correiobraziliense.com.br\/cbradar\/com-uma-ilha-para-cada-dia-do-ano-esse-paraiso-no-rio-de-janeiro-encanta-com-grutas-impressionantes-e-mar-verde-esmeralda\/"]}]},{"@type":"ImageObject","inLanguage":"pt-BR","@id":"https:\/\/www.correiobraziliense.com.br\/cbradar\/com-uma-ilha-para-cada-dia-do-ano-esse-paraiso-no-rio-de-janeiro-encanta-com-grutas-impressionantes-e-mar-verde-esmeralda\/#primaryimage","url":"https:\/\/www.correiobraziliense.com.br\/cbradar\/wp-content\/uploads\/2025\/02\/Angra-dos-Reis_1740201029523.jpg","contentUrl":"https:\/\/www.correiobraziliense.com.br\/cbradar\/wp-content\/uploads\/2025\/02\/Angra-dos-Reis_1740201029523.jpg","width":1280,"height":720,"caption":"Angra dos Reis figura entre os destinos mais desejados do Brasil, com mais de 2.000 praias deslumbrantes. \/\/ Cr\u00e9ditos: depositphotos.com \/ rmnunes"},{"@type":"BreadcrumbList","@id":"https:\/\/www.correiobraziliense.com.br\/cbradar\/com-uma-ilha-para-cada-dia-do-ano-esse-paraiso-no-rio-de-janeiro-encanta-com-grutas-impressionantes-e-mar-verde-esmeralda\/#breadcrumb","itemListElement":[{"@type":"ListItem","position":1,"name":"In\u00edcio","item":"https:\/\/www.correiobraziliense.com.br\/cbradar\/"},{"@type":"ListItem","position":2,"name":"Com uma ilha para cada dia do ano, esse para\u00edso no Rio de Janeiro encanta com grutas impressionantes e mar verde-esmeralda"}]},{"@type":"WebSite","@id":"https:\/\/www.correiobraziliense.com.br\/cbradar\/#website","url":"https:\/\/www.correiobraziliense.com.br\/cbradar\/","name":"Correio Braziliense - Radar","description":"Acompanhe as \u00faltimas not\u00edcias e fique bem informado sobre tudo o que acontece no Brasil e no mundo.","potentialAction":[{"@type":"SearchAction","target":{"@type":"EntryPoint","urlTemplate":"https:\/\/www.correiobraziliense.com.br\/cbradar\/?s={search_term_string}"},"query-input":{"@type":"PropertyValueSpecification","valueRequired":true,"valueName":"search_term_string"}}],"inLanguage":"pt-BR"},{"@type":"Person","@id":"https:\/\/www.correiobraziliense.com.br\/cbradar\/#\/schema\/person\/4053c651a9bfc785afc6f4cbc9032fd3","name":"Maura Pereira","image":{"@type":"ImageObject","inLanguage":"pt-BR","@id":"https:\/\/www.correiobraziliense.com.br\/cbradar\/#\/schema\/person\/image\/","url":"https:\/\/secure.gravatar.com\/avatar\/3effd6bdadfa447f15089c7f7144eaa6?s=96&d=mm&r=g","contentUrl":"https:\/\/secure.gravatar.com\/avatar\/3effd6bdadfa447f15089c7f7144eaa6?s=96&d=mm&r=g","caption":"Maura Pereira"},"sameAs":["https:\/\/www.correiobraziliense.com.br\/"],"url":"https:\/\/www.correiobraziliense.com.br\/cbradar\/author\/mauramyth\/"}]}},"_links":{"self":[{"href":"https:\/\/www.correiobraziliense.com.br\/cbradar\/wp-json\/wp\/v2\/posts\/208688","targetHints":{"allow":["GET"]}}],"collection":[{"href":"https:\/\/www.correiobraziliense.com.br\/cbradar\/wp-json\/wp\/v2\/posts"}],"about":[{"href":"https:\/\/www.correiobraziliense.com.br\/cbradar\/wp-json\/wp\/v2\/types\/post"}],"author":[{"embeddable":true,"href":"https:\/\/www.correiobraziliense.com.br\/cbradar\/wp-json\/wp\/v2\/users\/8"}],"replies":[{"embeddable":true,"href":"https:\/\/www.correiobraziliense.com.br\/cbradar\/wp-json\/wp\/v2\/comments?post=208688"}],"version-history":[{"count":4,"href":"https:\/\/www.correiobraziliense.com.br\/cbradar\/wp-json\/wp\/v2\/posts\/208688\/revisions"}],"predecessor-version":[{"id":208886,"href":"https:\/\/www.correiobraziliense.com.br\/cbradar\/wp-json\/wp\/v2\/posts\/208688\/revisions\/208886"}],"wp:featuredmedia":[{"embeddable":true,"href":"https:\/\/www.correiobraziliense.com.br\/cbradar\/wp-json\/wp\/v2\/media\/4946"}],"wp:attachment":[{"href":"https:\/\/www.correiobraziliense.com.br\/cbradar\/wp-json\/wp\/v2\/media?parent=208688"}],"wp:term":[{"taxonomy":"category","embeddable":true,"href":"https:\/\/www.correiobraziliense.com.br\/cbradar\/wp-json\/wp\/v2\/categories?post=208688"},{"taxonomy":"post_tag","embeddable":true,"href":"https:\/\/www.correiobraziliense.com.br\/cbradar\/wp-json\/wp\/v2\/tags?post=208688"}],"curies":[{"name":"wp","href":"https:\/\/api.w.org\/{rel}","templated":true}]}}