{"id":208689,"date":"2026-03-15T14:05:00","date_gmt":"2026-03-15T17:05:00","guid":{"rendered":"https:\/\/www.correiobraziliense.com.br\/cbradar\/?p=208689"},"modified":"2026-03-15T16:33:54","modified_gmt":"2026-03-15T19:33:54","slug":"a-cidade-mais-alta-do-brasil-congela-abaixo-de-zero-e-recebe-mais-de-4-milhoes-de-turistas-por-ano","status":"publish","type":"post","link":"https:\/\/www.correiobraziliense.com.br\/cbradar\/a-cidade-mais-alta-do-brasil-congela-abaixo-de-zero-e-recebe-mais-de-4-milhoes-de-turistas-por-ano\/","title":{"rendered":"A cidade mais alta do Brasil congela abaixo de zero e recebe mais de 4 milh\u00f5es de turistas por ano"},"content":{"rendered":"\n<p>Os gramados amanhecem brancos de geada, a fuma\u00e7a do chocolate quente sobe das mesas ao ar livre e o term\u00f4metro marca abaixo de zero. <strong>Campos do Jord\u00e3o<\/strong>, a 1.628 metros de altitude na <strong>Serra da Mantiqueira<\/strong>, \u00e9 o munic\u00edpio com a sede mais elevada do <strong>Brasil<\/strong> e o principal destino de inverno do pa\u00eds. A cerca de 170 km de <strong>S\u00e3o Paulo<\/strong>, a &#8220;Su\u00ed\u00e7a Brasileira&#8221; atrai mais de 4,5 milh\u00f5es de visitantes por ano com um card\u00e1pio que mistura fondue, arauc\u00e1rias centen\u00e1rias e m\u00fasica erudita.<\/p>\n\n\n\n<h2 class=\"wp-block-heading\">De sanat\u00f3rio a destino de inverno: a hist\u00f3ria por tr\u00e1s do charme<\/h2>\n\n\n\n<p>No in\u00edcio do s\u00e9culo XX, Campos do Jord\u00e3o n\u00e3o era lugar de lazer. O ar frio e limpo atraiu, nas d\u00e9cadas de 1920 e 1930, sanat\u00f3rios dedicados ao tratamento da tuberculose, doen\u00e7a para a qual o clima de altitude era uma das poucas alternativas. A cidade cresceu ao redor desses estabelecimentos e, aos poucos, trocou os pacientes por turistas.<\/p>\n\n\n\n<p>O bairro <strong>Abern\u00e9ssia<\/strong>, onde tudo come\u00e7ou em 1874, carrega um nome curioso: homenagem \u00e0s cidades escocesas <strong>Aberdeen<\/strong> e <strong>Inverness<\/strong>, escolhidas pelo fundador do bairro, o escoc\u00eas <strong>Robert John Reid<\/strong>. A arquitetura enxaimel que domina o centro tur\u00edstico veio depois, inspirada em vilarejos alpinos, e consolidou o apelido que acompanha a cidade at\u00e9 hoje.<\/p>\n\n\n<div class=\"wp-block-image\">\n<figure class=\"aligncenter size-large\"><img decoding=\"async\" width=\"1024\" height=\"576\" src=\"https:\/\/www.correiobraziliense.com.br\/cbradar\/wp-content\/uploads\/2025\/02\/Campos-do-Jordao_1739997599517-1024x576.jpg\" alt=\"A Su\u00ed\u00e7a brasileira com clima europeu e arquitetura encantadora que surpreende turistas\" class=\"wp-image-4050\" srcset=\"https:\/\/www.correiobraziliense.com.br\/cbradar\/wp-content\/uploads\/2025\/02\/Campos-do-Jordao_1739997599517-1024x576.jpg 1024w, https:\/\/www.correiobraziliense.com.br\/cbradar\/wp-content\/uploads\/2025\/02\/Campos-do-Jordao_1739997599517-300x169.jpg 300w, https:\/\/www.correiobraziliense.com.br\/cbradar\/wp-content\/uploads\/2025\/02\/Campos-do-Jordao_1739997599517-768x432.jpg 768w, https:\/\/www.correiobraziliense.com.br\/cbradar\/wp-content\/uploads\/2025\/02\/Campos-do-Jordao_1739997599517-750x422.jpg 750w, https:\/\/www.correiobraziliense.com.br\/cbradar\/wp-content\/uploads\/2025\/02\/Campos-do-Jordao_1739997599517-1140x641.jpg 1140w, https:\/\/www.correiobraziliense.com.br\/cbradar\/wp-content\/uploads\/2025\/02\/Campos-do-Jordao_1739997599517.jpg 1280w\" sizes=\"(max-width: 1024px) 100vw, 1024px\" \/><figcaption class=\"wp-element-caption\">Campos do Jord\u00e3o \u00e9 refer\u00eancia nacional em turismo de inverno, com eventos culturais vibrantes e natureza preservada. \/\/ Cr\u00e9ditos: depositphotos.com \/ casadaphoto<\/figcaption><\/figure><\/div>\n\n\n<h2 class=\"wp-block-heading\">O que visitar al\u00e9m da Vila Capivari?<\/h2>\n\n\n\n<p>A <strong>Vila Capivari<\/strong> \u00e9 o cora\u00e7\u00e3o tur\u00edstico, com lojas, cafeterias, bares com m\u00fasica ao vivo e o <strong>Boulevard Geneve<\/strong>, travessa coberta por guarda-chuvas coloridos. Mas Campos do Jord\u00e3o oferece atra\u00e7\u00f5es que funcionam o ano todo e atendem perfis diferentes de viajante.<\/p>\n\n\n\n<ul class=\"wp-block-list\">\n<li><strong>Pico do Itapeva<\/strong>: a 2.030 metros de altitude, o mirante mais alto da regi\u00e3o oferece vista panor\u00e2mica da Serra da Mantiqueira em dias limpos. Acesso por estrada asfaltada.<\/li>\n\n\n\n<li><strong>Morro do Elefante e Telef\u00e9rico<\/strong>: o telef\u00e9rico parte do Parque Capivari at\u00e9 1.800 metros, com vista ampla da cidade e das montanhas. Funciona o ano inteiro.<\/li>\n\n\n\n<li><strong>Parque Estadual Horto Florestal<\/strong>: 8.300 hectares de trilhas entre arauc\u00e1rias, cachoeiras e fauna nativa da <strong>Mata Atl\u00e2ntica<\/strong>. Uma das maiores \u00e1reas de preserva\u00e7\u00e3o da serra.<\/li>\n\n\n\n<li><strong>Parque Amantikir<\/strong>: mais de 700 esp\u00e9cies vegetais distribu\u00eddas em jardins tem\u00e1ticos ao longo de 60 mil m\u00b2. Aberto todos os dias do ano.<\/li>\n\n\n\n<li><strong>Pal\u00e1cio Boa Vista<\/strong>: resid\u00eancia oficial de inverno do governador paulista, funciona como museu com obras de <strong>Tarsila do Amaral<\/strong>, <strong>Anita Malfatti<\/strong> e <strong>Di Cavalcanti<\/strong>. Visita gratuita.<\/li>\n<\/ul>\n\n\n\n<p><strong>O charme da Serra da Mantiqueira atrai visitantes em busca de eleg\u00e2ncia e lazer. <\/strong>O v\u00eddeo \u00e9 do canal <strong>Vamos Fugir Blog<\/strong>, com mais de <strong>160 mil<\/strong> inscritos, e detalha passeios no Capivari, telef\u00e9rico e gastronomia:<\/p>\n\n\n\n<figure class=\"wp-block-embed aligncenter is-type-video is-provider-youtube wp-block-embed-youtube wp-embed-aspect-16-9 wp-has-aspect-ratio\"><div class=\"wp-block-embed__wrapper\">\n<div class=\"jeg_video_container jeg_video_content\"><iframe loading=\"lazy\" title=\"Campos do Jord\u00e3o (com PRE\u00c7OS) - Roteiro completo, melhores passeios, o q fazer e onde se hospedar\" width=\"500\" height=\"281\" src=\"https:\/\/www.youtube.com\/embed\/hW0iecN4Log?feature=oembed\" frameborder=\"0\" allow=\"accelerometer; autoplay; clipboard-write; encrypted-media; gyroscope; picture-in-picture; web-share\" referrerpolicy=\"strict-origin-when-cross-origin\" allowfullscreen><\/iframe><\/div>\n<\/div><\/figure>\n\n\n\n<h2 class=\"wp-block-heading\">Fondue, truta e cerveja artesanal na serra<\/h2>\n\n\n\n<p>A gastronomia de Campos do Jord\u00e3o foi moldada pelo frio. Fondues de queijo e chocolate, sopas, trutas grelhadas e massas dividem os card\u00e1pios com chocolates artesanais, vinhos e queijos produzidos em fazendas da regi\u00e3o.<\/p>\n\n\n\n<ul class=\"wp-block-list\">\n<li><strong>Baden Baden<\/strong>: cervejaria fundada na cidade, com choperia pr\u00f3pria e degusta\u00e7\u00e3o de r\u00f3tulos artesanais. Refer\u00eancia no turismo cervejeiro local.<\/li>\n\n\n\n<li><strong>Chocolaterias artesanais<\/strong>: espalhadas pelo centro e pela estrada para o Horto Florestal, com produ\u00e7\u00e3o pr\u00f3pria de trufas, bombons e barras.<\/li>\n\n\n\n<li><strong>Restaurantes de fondue<\/strong>: concentrados na Vila Capivari e arredores, com op\u00e7\u00f5es que v\u00e3o do tradicional su\u00ed\u00e7o ao fondue de carne com molhos regionais.<\/li>\n\n\n\n<li><strong>Caf\u00e9s e bistr\u00f4s<\/strong>: abrigados em chal\u00e9s de madeira com lareira, ideais para manh\u00e3s frias ou fins de tarde com vista para as montanhas.<\/li>\n<\/ul>\n\n\n<div class=\"wp-block-image\">\n<figure class=\"aligncenter size-large\"><img decoding=\"async\" width=\"1024\" height=\"576\" src=\"https:\/\/www.correiobraziliense.com.br\/cbradar\/wp-content\/uploads\/2025\/05\/Campos-do-Jordao_1748552123588-1024x576.jpg\" alt=\"As 2 cidades serranas para fugir do calor no Brasil e viver dias mais frescos e tranquilos\" class=\"wp-image-45075\" srcset=\"https:\/\/www.correiobraziliense.com.br\/cbradar\/wp-content\/uploads\/2025\/05\/Campos-do-Jordao_1748552123588-1024x576.jpg 1024w, https:\/\/www.correiobraziliense.com.br\/cbradar\/wp-content\/uploads\/2025\/05\/Campos-do-Jordao_1748552123588-300x169.jpg 300w, https:\/\/www.correiobraziliense.com.br\/cbradar\/wp-content\/uploads\/2025\/05\/Campos-do-Jordao_1748552123588-768x432.jpg 768w, https:\/\/www.correiobraziliense.com.br\/cbradar\/wp-content\/uploads\/2025\/05\/Campos-do-Jordao_1748552123588-750x422.jpg 750w, https:\/\/www.correiobraziliense.com.br\/cbradar\/wp-content\/uploads\/2025\/05\/Campos-do-Jordao_1748552123588-1140x641.jpg 1140w, https:\/\/www.correiobraziliense.com.br\/cbradar\/wp-content\/uploads\/2025\/05\/Campos-do-Jordao_1748552123588.jpg 1280w\" sizes=\"(max-width: 1024px) 100vw, 1024px\" \/><figcaption class=\"wp-element-caption\">Campos do Jord\u00e3o, a \u201cSu\u00ed\u00e7a Brasileira\u201d, encanta com clima frio, arquitetura alpina e paisagens \u00fanicas. \/\/ Cr\u00e9ditos: depositphotos.com \/ murilomazzo<\/figcaption><\/figure><\/div>\n\n\n<h2 class=\"wp-block-heading\">Festival de Inverno e o calend\u00e1rio cultural da serra<\/h2>\n\n\n\n<p>Todo m\u00eas de julho, a cidade se transforma no centro da m\u00fasica erudita do continente. O <strong>Festival Internacional de Inverno de Campos do Jord\u00e3o<\/strong>, criado em 1970, re\u00fane orquestras, solistas e jovens m\u00fasicos em concertos que ocupam o <strong>Audit\u00f3rio Claudio Santoro<\/strong> e espa\u00e7os ao ar livre. A programa\u00e7\u00e3o inclui oficinas, masterclasses e apresenta\u00e7\u00f5es gratuitas.<\/p>\n\n\n\n<p>Fora do festival, a cidade mant\u00e9m agenda cultural ativa com feiras gastron\u00f4micas, eventos de cerveja artesanal e festividades sazonais que estendem a movimenta\u00e7\u00e3o para al\u00e9m do inverno.<\/p>\n\n\n\n<p><strong>Leia tamb\u00e9m: <a href=\"https:\/\/www.correiobraziliense.com.br\/cbradar\/nova-piscina-deixa-a-agua-limpa-sem-produtos-e-vira-substituta-dos-modelos-comuns\/\" target=\"_blank\" rel=\"noreferrer noopener\">Nova piscina deixa a \u00e1gua limpa sem produtos e vira substituta dos modelos comuns.<\/a><\/strong><\/p>\n\n\n\n<h2 class=\"wp-block-heading\">Quando subir a serra?<\/h2>\n\n\n\n<p>O clima de montanha \u00e9 o principal ativo de Campos do Jord\u00e3o. Mesmo no ver\u00e3o, as m\u00e1ximas raramente passam de 26 \u00b0C, e as noites pedem agasalho.<\/p>\n\n\n\n<div class=\"google-auto-ads-ignore\" style=\"font-family: 'Segoe UI', Roboto, -apple-system, sans-serif; max-width: 850px; margin: 20px auto; box-sizing: border-box; background-color: #ffffff; -webkit-font-smoothing: antialiased; text-rendering: optimizeLegibility;\">\n    \n    <div style=\"background: #fffcfc; border-radius: 20px; overflow: hidden; border: 1px solid #bae6fd; display: flex; flex-direction: column; box-shadow: 0 4px 15px rgba(2, 132, 199, 0.05);\">\n        \n        <div style=\"background: linear-gradient(135deg, #38bdf8 0%, #0284c7 100%); padding: 20px 30px; text-align: left;\">\n            <div style=\"font-size: 24px; font-weight: 800; color: #ffffff; letter-spacing: -0.5px; line-height: 1.2;\">\n                Sazonalidade e condi\u00e7\u00f5es para atividades em Campos do Jord\u00e3o\n            <\/div>\n            <div style=\"font-size: 14px; color: #e0f2fe; margin-top: 4px; font-weight: 500; opacity: 0.9;\">\n                An\u00e1lise clim\u00e1tica detalhada para planejamento de viagem e roteiros de montanha e lazer\n            <\/div>\n        <\/div>\n\n        <div style=\"padding: 15px;\">\n            <div style=\"display: grid; width: 100%; grid-template-columns: 0.8fr 0.7fr 1fr 0.7fr 1.8fr; gap: 1px; background-color: #7dd3fc; border-radius: 12px; border: 1px solid #7dd3fc; overflow: hidden;\">\n                \n                <div style=\"background: #f0f9ff; padding: 10px; font-weight: 800; font-size: 11px; text-transform: uppercase; color: #0c4a6e; text-align: center;\">Esta\u00e7\u00e3o<\/div>\n                <div style=\"background: #f0f9ff; padding: 10px; font-weight: 800; font-size: 11px; text-transform: uppercase; color: #0c4a6e; text-align: center;\">Meses<\/div>\n                <div style=\"background: #f0f9ff; padding: 10px; font-weight: 800; font-size: 11px; text-transform: uppercase; color: #0c4a6e; text-align: center;\">Temperatura<\/div>\n                <div style=\"background: #f0f9ff; padding: 10px; font-weight: 800; font-size: 11px; text-transform: uppercase; color: #0c4a6e; text-align: center;\">Chuva<\/div>\n                <div style=\"background: #f0f9ff; padding: 10px; font-weight: 800; font-size: 11px; text-transform: uppercase; color: #0c4a6e; text-align: center;\">O que fazer<\/div>\n\n                <div style=\"background: #ffffff; padding: 12px; font-weight: 800; color: #0284c7; font-size: 14px; display: flex; align-items: center; justify-content: center; gap: 5px;\">\u2600\ufe0f Ver\u00e3o<\/div>\n                <div style=\"background: #ffffff; padding: 12px; font-size: 13px; color: #1e293b; font-weight: 600; display: flex; align-items: center; justify-content: center;\">Dez-Fev<\/div>\n                <div style=\"background: #ffffff; padding: 12px; display: flex; align-items: center; justify-content: center; gap: 6px;\">\n                    <span style=\"font-size: 13px; font-weight: 700; color: #1e293b;\">14-26 \u00b0C<\/span>\n                <\/div>\n                <div style=\"background: #ffffff; padding: 12px; font-size: 13px; color: #4b5563; font-weight: 600; display: flex; align-items: center; justify-content: center;\">Alta<\/div>\n                <div style=\"background: #ffffff; padding: 12px; font-size: 13px; line-height: 1.4; color: #1e293b; display: flex; align-items: center;\">Trilhas, parques e Horto Florestal.<\/div>\n\n                <div style=\"background: #f8fafc; padding: 12px; font-weight: 800; color: #0284c7; font-size: 14px; display: flex; align-items: center; justify-content: center; gap: 5px;\">\ud83c\udf42 Outono<\/div>\n                <div style=\"background: #f8fafc; padding: 12px; font-size: 13px; color: #1e293b; font-weight: 600; display: flex; align-items: center; justify-content: center;\">Mar-Mai<\/div>\n                <div style=\"background: #f8fafc; padding: 12px; display: flex; align-items: center; justify-content: center; gap: 6px;\">\n                    <span style=\"font-size: 13px; font-weight: 700; color: #1e293b;\">10-22 \u00b0C<\/span>\n                <\/div>\n                <div style=\"background: #f8fafc; padding: 12px; font-size: 13px; color: #4b5563; font-weight: 600; display: flex; align-items: center; justify-content: center;\">Baixa<\/div>\n                <div style=\"background: #f8fafc; padding: 12px; font-size: 13px; line-height: 1.4; color: #1e293b; display: flex; align-items: center;\">Mirantes, museus e cervejarias.<\/div>\n\n                <div style=\"background: #ffffff; padding: 12px; font-weight: 800; color: #0284c7; font-size: 14px; display: flex; align-items: center; justify-content: center; gap: 5px;\">\u2744\ufe0f Inverno<\/div>\n                <div style=\"background: #ffffff; padding: 12px; font-size: 13px; color: #1e293b; font-weight: 600; display: flex; align-items: center; justify-content: center;\">Jun-Ago<\/div>\n                <div style=\"background: #ffffff; padding: 12px; display: flex; align-items: center; justify-content: center; gap: 6px;\">\n                    <span style=\"font-size: 13px; font-weight: 700; color: #1e293b;\">2-18 \u00b0C<\/span>\n                <\/div>\n                <div style=\"background: #ffffff; padding: 12px; font-size: 13px; color: #4b5563; font-weight: 600; display: flex; align-items: center; justify-content: center;\">Baixa<\/div>\n                <div style=\"background: #ffffff; padding: 12px; font-size: 13px; line-height: 1.4; color: #1e293b; display: flex; align-items: center;\">Festival de Inverno, fondue e telef\u00e9rico.<\/div>\n\n                <div style=\"background: #f8fafc; padding: 12px; font-weight: 800; color: #0284c7; font-size: 14px; display: flex; align-items: center; justify-content: center; gap: 5px;\">\ud83c\udf3a Primavera<\/div>\n                <div style=\"background: #f8fafc; padding: 12px; font-size: 13px; color: #1e293b; font-weight: 600; display: flex; align-items: center; justify-content: center;\">Set-Nov<\/div>\n                <div style=\"background: #f8fafc; padding: 12px; display: flex; align-items: center; justify-content: center; gap: 6px;\">\n                    <span style=\"font-size: 13px; font-weight: 700; color: #1e293b;\">12-24 \u00b0C<\/span>\n                <\/div>\n                <div style=\"background: #f8fafc; padding: 12px; font-size: 13px; color: #4b5563; font-weight: 600; display: flex; align-items: center; justify-content: center;\">M\u00e9dia<\/div>\n                <div style=\"background: #f8fafc; padding: 12px; font-size: 13px; line-height: 1.4; color: #1e293b; display: flex; align-items: center;\">Amantikir, jardins e cicloturismo.<\/div>\n            <\/div>\n        <\/div>\n\n        <div style=\"padding: 10px 30px; background: #f0f9ff; border-top: 1px solid #bae6fd; font-size: 12px; color: #0c4a6e; font-style: italic; display: flex; align-items: center; gap: 8px; font-weight: 600;\">\n            <div style=\"width: 6px; height: 6px; background: #0284c7; border-radius: 50%;\"><\/div>\n            Informa\u00e7\u00e3o: O inverno \u00e9 a \u00e9poca de ouro para o turismo na regi\u00e3o, marcada pelo Festival de Inverno e a gastronomia de caldos e fondues.\n        <\/div>\n        \n    <\/div>\n<\/div>\n\n\n\n<p><em>Temperaturas aproximadas com base no <a href=\"https:\/\/www.climatempo.com.br\/previsao-do-tempo\/cidade\/410\/camposdojordao-sp\" target=\"_blank\" rel=\"noreferrer noopener\"><strong>Climatempo<\/strong><\/a>. Condi\u00e7\u00f5es podem variar conforme o ano.<\/em><\/p>\n\n\n<div class=\"wp-block-image\">\n<figure class=\"aligncenter size-large\"><img decoding=\"async\" width=\"1024\" height=\"576\" src=\"https:\/\/www.correiobraziliense.com.br\/cbradar\/wp-content\/uploads\/2025\/02\/Campos-do-Jordao_1739997610533-1024x576.jpg\" alt=\"A Su\u00ed\u00e7a brasileira com clima europeu e arquitetura encantadora que surpreende turistas\" class=\"wp-image-4053\" srcset=\"https:\/\/www.correiobraziliense.com.br\/cbradar\/wp-content\/uploads\/2025\/02\/Campos-do-Jordao_1739997610533-1024x576.jpg 1024w, https:\/\/www.correiobraziliense.com.br\/cbradar\/wp-content\/uploads\/2025\/02\/Campos-do-Jordao_1739997610533-300x169.jpg 300w, https:\/\/www.correiobraziliense.com.br\/cbradar\/wp-content\/uploads\/2025\/02\/Campos-do-Jordao_1739997610533-768x432.jpg 768w, https:\/\/www.correiobraziliense.com.br\/cbradar\/wp-content\/uploads\/2025\/02\/Campos-do-Jordao_1739997610533-750x422.jpg 750w, https:\/\/www.correiobraziliense.com.br\/cbradar\/wp-content\/uploads\/2025\/02\/Campos-do-Jordao_1739997610533-1140x641.jpg 1140w, https:\/\/www.correiobraziliense.com.br\/cbradar\/wp-content\/uploads\/2025\/02\/Campos-do-Jordao_1739997610533.jpg 1280w\" sizes=\"(max-width: 1024px) 100vw, 1024px\" \/><figcaption class=\"wp-element-caption\">Relaxe entre montanhas, chocolates artesanais e trilhas em Campos do Jord\u00e3o, perfeita para todas as idades. \/\/ Cr\u00e9ditos: depositphotos.com \/ celsopupo<\/figcaption><\/figure><\/div>\n\n\n<h2 class=\"wp-block-heading\">Como chegar \u00e0 Su\u00ed\u00e7a Brasileira?<\/h2>\n\n\n\n<p>Campos do Jord\u00e3o fica a cerca de 170 km de <strong>S\u00e3o Paulo<\/strong> pelas rodovias <strong>Presidente Dutra<\/strong> e <strong>Floriano Rodrigues Pinheiro<\/strong>, aproximadamente 2h30 de carro. De carro \u00e9 a forma mais recomendada, j\u00e1 que muitas atra\u00e7\u00f5es ficam fora do centro e o transporte p\u00fablico na cidade \u00e9 limitado. O <strong>Aeroporto de Guarulhos<\/strong> \u00e9 o mais pr\u00f3ximo com voos comerciais, a cerca de 2 horas de estrada. \u00d4nibus interurbanos tamb\u00e9m fazem o trajeto a partir da capital.<\/p>\n\n\n\n<h2 class=\"wp-block-heading\">A serra que aquece pelo frio<\/h2>\n\n\n\n<p>Campos do Jord\u00e3o \u00e9 o raro destino brasileiro onde o frio \u00e9 o grande atrativo. A altitude entrega o que o resto do pa\u00eds n\u00e3o tem: geada no gramado, lareira acesa em julho, arauc\u00e1rias que parecem pinheiros europeus e um festival de m\u00fasica que enche os audit\u00f3rios quando os term\u00f4metros mais descem.<\/p>\n\n\n\n<p>Voc\u00ea precisa subir a Mantiqueira pelo menos uma vez, sentir o ar fino dos 1.628 metros e entender por que tanta gente troca a praia pelo agasalho nessa cidade que aquece justamente porque faz frio.<\/p>\n","protected":false},"excerpt":{"rendered":"<p>Os gramados amanhecem brancos de geada, a fuma\u00e7a do chocolate quente sobe das mesas ao ar livre e o term\u00f4metro marca abaixo de zero. Campos do Jord\u00e3o, a 1.628 metros de altitude na Serra da Mantiqueira, \u00e9 o munic\u00edpio com a sede mais elevada do Brasil e o principal destino de inverno do pa\u00eds. A [&hellip;]<\/p>\n","protected":false},"author":8,"featured_media":142405,"comment_status":"open","ping_status":"open","sticky":false,"template":"","format":"standard","meta":{"_yoast_wpseo_focuskw":"cidade mais alta","_yoast_wpseo_title":"","_yoast_wpseo_metadesc":"Conhecida como a cidade mais alta do Brasil, ela registra temperaturas abaixo de zero e recebe mais de 4 milh\u00f5es de turistas por ano.","jnews-multi-image_gallery":[],"jnews_single_post":{"format":"standard"},"jnews_primary_category":[],"jnews_social_meta":[],"jnews_override_counter":[],"footnotes":""},"categories":[108,111],"tags":[1229,8670],"class_list":["post-208689","post","type-post","status-publish","format-standard","has-post-thumbnail","hentry","category-cidades","category-turismo","tag-campos-do-jordao","tag-sao-paulo-2"],"yoast_head":"<!-- This site is optimized with the Yoast SEO plugin v24.6 - https:\/\/yoast.com\/wordpress\/plugins\/seo\/ -->\n<title>A cidade mais alta do Brasil congela abaixo de zero e recebe mais de 4 milh\u00f5es de turistas por ano - Correio Braziliense - Radar<\/title>\n<meta name=\"description\" content=\"Conhecida como a cidade mais alta do Brasil, ela registra temperaturas abaixo de zero e recebe mais de 4 milh\u00f5es de turistas por ano.\" \/>\n<meta name=\"robots\" content=\"index, follow, max-snippet:-1, max-image-preview:large, max-video-preview:-1\" \/>\n<link rel=\"canonical\" href=\"https:\/\/www.correiobraziliense.com.br\/cbradar\/a-cidade-mais-alta-do-brasil-congela-abaixo-de-zero-e-recebe-mais-de-4-milhoes-de-turistas-por-ano\/\" \/>\n<meta property=\"og:locale\" content=\"pt_BR\" \/>\n<meta property=\"og:type\" content=\"article\" \/>\n<meta property=\"og:title\" content=\"A cidade mais alta do Brasil congela abaixo de zero e recebe mais de 4 milh\u00f5es de turistas por ano - Correio Braziliense - Radar\" \/>\n<meta property=\"og:description\" content=\"Conhecida como a cidade mais alta do Brasil, ela registra temperaturas abaixo de zero e recebe mais de 4 milh\u00f5es de turistas por ano.\" \/>\n<meta property=\"og:url\" content=\"https:\/\/www.correiobraziliense.com.br\/cbradar\/a-cidade-mais-alta-do-brasil-congela-abaixo-de-zero-e-recebe-mais-de-4-milhoes-de-turistas-por-ano\/\" \/>\n<meta property=\"og:site_name\" content=\"Correio Braziliense - Radar\" \/>\n<meta property=\"article:published_time\" content=\"2026-03-15T17:05:00+00:00\" \/>\n<meta property=\"article:modified_time\" content=\"2026-03-15T19:33:54+00:00\" \/>\n<meta property=\"og:image\" content=\"https:\/\/www.correiobraziliense.com.br\/cbradar\/wp-content\/uploads\/2025\/11\/Design-sem-nome-59-1.png\" \/>\n\t<meta property=\"og:image:width\" content=\"1280\" \/>\n\t<meta property=\"og:image:height\" content=\"720\" \/>\n\t<meta property=\"og:image:type\" content=\"image\/png\" \/>\n<meta name=\"author\" content=\"Maura Pereira\" \/>\n<meta name=\"twitter:card\" content=\"summary_large_image\" \/>\n<meta name=\"twitter:label1\" content=\"Escrito por\" \/>\n\t<meta name=\"twitter:data1\" content=\"Maura Pereira\" \/>\n\t<meta name=\"twitter:label2\" content=\"Est. tempo de leitura\" \/>\n\t<meta name=\"twitter:data2\" content=\"7 minutos\" \/>\n<!-- \/ Yoast SEO plugin. -->","yoast_head_json":{"title":"A cidade mais alta do Brasil congela abaixo de zero e recebe mais de 4 milh\u00f5es de turistas por ano - Correio Braziliense - Radar","description":"Conhecida como a cidade mais alta do Brasil, ela registra temperaturas abaixo de zero e recebe mais de 4 milh\u00f5es de turistas por ano.","robots":{"index":"index","follow":"follow","max-snippet":"max-snippet:-1","max-image-preview":"max-image-preview:large","max-video-preview":"max-video-preview:-1"},"canonical":"https:\/\/www.correiobraziliense.com.br\/cbradar\/a-cidade-mais-alta-do-brasil-congela-abaixo-de-zero-e-recebe-mais-de-4-milhoes-de-turistas-por-ano\/","og_locale":"pt_BR","og_type":"article","og_title":"A cidade mais alta do Brasil congela abaixo de zero e recebe mais de 4 milh\u00f5es de turistas por ano - Correio Braziliense - Radar","og_description":"Conhecida como a cidade mais alta do Brasil, ela registra temperaturas abaixo de zero e recebe mais de 4 milh\u00f5es de turistas por ano.","og_url":"https:\/\/www.correiobraziliense.com.br\/cbradar\/a-cidade-mais-alta-do-brasil-congela-abaixo-de-zero-e-recebe-mais-de-4-milhoes-de-turistas-por-ano\/","og_site_name":"Correio Braziliense - Radar","article_published_time":"2026-03-15T17:05:00+00:00","article_modified_time":"2026-03-15T19:33:54+00:00","og_image":[{"width":1280,"height":720,"url":"https:\/\/www.correiobraziliense.com.br\/cbradar\/wp-content\/uploads\/2025\/11\/Design-sem-nome-59-1.png","type":"image\/png"}],"author":"Maura Pereira","twitter_card":"summary_large_image","twitter_misc":{"Escrito por":"Maura Pereira","Est. tempo de leitura":"7 minutos"},"schema":{"@context":"https:\/\/schema.org","@graph":[{"@type":"WebPage","@id":"https:\/\/www.correiobraziliense.com.br\/cbradar\/a-cidade-mais-alta-do-brasil-congela-abaixo-de-zero-e-recebe-mais-de-4-milhoes-de-turistas-por-ano\/","url":"https:\/\/www.correiobraziliense.com.br\/cbradar\/a-cidade-mais-alta-do-brasil-congela-abaixo-de-zero-e-recebe-mais-de-4-milhoes-de-turistas-por-ano\/","name":"A cidade mais alta do Brasil congela abaixo de zero e recebe mais de 4 milh\u00f5es de turistas por ano - Correio Braziliense - Radar","isPartOf":{"@id":"https:\/\/www.correiobraziliense.com.br\/cbradar\/#website"},"primaryImageOfPage":{"@id":"https:\/\/www.correiobraziliense.com.br\/cbradar\/a-cidade-mais-alta-do-brasil-congela-abaixo-de-zero-e-recebe-mais-de-4-milhoes-de-turistas-por-ano\/#primaryimage"},"image":{"@id":"https:\/\/www.correiobraziliense.com.br\/cbradar\/a-cidade-mais-alta-do-brasil-congela-abaixo-de-zero-e-recebe-mais-de-4-milhoes-de-turistas-por-ano\/#primaryimage"},"thumbnailUrl":"https:\/\/www.correiobraziliense.com.br\/cbradar\/wp-content\/uploads\/2025\/11\/Design-sem-nome-59-1.png","datePublished":"2026-03-15T17:05:00+00:00","dateModified":"2026-03-15T19:33:54+00:00","author":{"@id":"https:\/\/www.correiobraziliense.com.br\/cbradar\/#\/schema\/person\/4053c651a9bfc785afc6f4cbc9032fd3"},"description":"Conhecida como a cidade mais alta do Brasil, ela registra temperaturas abaixo de zero e recebe mais de 4 milh\u00f5es de turistas por ano.","breadcrumb":{"@id":"https:\/\/www.correiobraziliense.com.br\/cbradar\/a-cidade-mais-alta-do-brasil-congela-abaixo-de-zero-e-recebe-mais-de-4-milhoes-de-turistas-por-ano\/#breadcrumb"},"inLanguage":"pt-BR","potentialAction":[{"@type":"ReadAction","target":["https:\/\/www.correiobraziliense.com.br\/cbradar\/a-cidade-mais-alta-do-brasil-congela-abaixo-de-zero-e-recebe-mais-de-4-milhoes-de-turistas-por-ano\/"]}]},{"@type":"ImageObject","inLanguage":"pt-BR","@id":"https:\/\/www.correiobraziliense.com.br\/cbradar\/a-cidade-mais-alta-do-brasil-congela-abaixo-de-zero-e-recebe-mais-de-4-milhoes-de-turistas-por-ano\/#primaryimage","url":"https:\/\/www.correiobraziliense.com.br\/cbradar\/wp-content\/uploads\/2025\/11\/Design-sem-nome-59-1.png","contentUrl":"https:\/\/www.correiobraziliense.com.br\/cbradar\/wp-content\/uploads\/2025\/11\/Design-sem-nome-59-1.png","width":1280,"height":720,"caption":"Campos do Jord\u00e3o \u00e9 uma cidade na Serra da Mantiqueira, famosa pelo clima frio e arquitetura europeia. \/ Imagem ilustrativa"},{"@type":"BreadcrumbList","@id":"https:\/\/www.correiobraziliense.com.br\/cbradar\/a-cidade-mais-alta-do-brasil-congela-abaixo-de-zero-e-recebe-mais-de-4-milhoes-de-turistas-por-ano\/#breadcrumb","itemListElement":[{"@type":"ListItem","position":1,"name":"In\u00edcio","item":"https:\/\/www.correiobraziliense.com.br\/cbradar\/"},{"@type":"ListItem","position":2,"name":"A cidade mais alta do Brasil congela abaixo de zero e recebe mais de 4 milh\u00f5es de turistas por ano"}]},{"@type":"WebSite","@id":"https:\/\/www.correiobraziliense.com.br\/cbradar\/#website","url":"https:\/\/www.correiobraziliense.com.br\/cbradar\/","name":"Correio Braziliense - Radar","description":"Acompanhe as \u00faltimas not\u00edcias e fique bem informado sobre tudo o que acontece no Brasil e no mundo.","potentialAction":[{"@type":"SearchAction","target":{"@type":"EntryPoint","urlTemplate":"https:\/\/www.correiobraziliense.com.br\/cbradar\/?s={search_term_string}"},"query-input":{"@type":"PropertyValueSpecification","valueRequired":true,"valueName":"search_term_string"}}],"inLanguage":"pt-BR"},{"@type":"Person","@id":"https:\/\/www.correiobraziliense.com.br\/cbradar\/#\/schema\/person\/4053c651a9bfc785afc6f4cbc9032fd3","name":"Maura Pereira","image":{"@type":"ImageObject","inLanguage":"pt-BR","@id":"https:\/\/www.correiobraziliense.com.br\/cbradar\/#\/schema\/person\/image\/","url":"https:\/\/secure.gravatar.com\/avatar\/3effd6bdadfa447f15089c7f7144eaa6?s=96&d=mm&r=g","contentUrl":"https:\/\/secure.gravatar.com\/avatar\/3effd6bdadfa447f15089c7f7144eaa6?s=96&d=mm&r=g","caption":"Maura Pereira"},"sameAs":["https:\/\/www.correiobraziliense.com.br\/"],"url":"https:\/\/www.correiobraziliense.com.br\/cbradar\/author\/mauramyth\/"}]}},"_links":{"self":[{"href":"https:\/\/www.correiobraziliense.com.br\/cbradar\/wp-json\/wp\/v2\/posts\/208689","targetHints":{"allow":["GET"]}}],"collection":[{"href":"https:\/\/www.correiobraziliense.com.br\/cbradar\/wp-json\/wp\/v2\/posts"}],"about":[{"href":"https:\/\/www.correiobraziliense.com.br\/cbradar\/wp-json\/wp\/v2\/types\/post"}],"author":[{"embeddable":true,"href":"https:\/\/www.correiobraziliense.com.br\/cbradar\/wp-json\/wp\/v2\/users\/8"}],"replies":[{"embeddable":true,"href":"https:\/\/www.correiobraziliense.com.br\/cbradar\/wp-json\/wp\/v2\/comments?post=208689"}],"version-history":[{"count":2,"href":"https:\/\/www.correiobraziliense.com.br\/cbradar\/wp-json\/wp\/v2\/posts\/208689\/revisions"}],"predecessor-version":[{"id":208889,"href":"https:\/\/www.correiobraziliense.com.br\/cbradar\/wp-json\/wp\/v2\/posts\/208689\/revisions\/208889"}],"wp:featuredmedia":[{"embeddable":true,"href":"https:\/\/www.correiobraziliense.com.br\/cbradar\/wp-json\/wp\/v2\/media\/142405"}],"wp:attachment":[{"href":"https:\/\/www.correiobraziliense.com.br\/cbradar\/wp-json\/wp\/v2\/media?parent=208689"}],"wp:term":[{"taxonomy":"category","embeddable":true,"href":"https:\/\/www.correiobraziliense.com.br\/cbradar\/wp-json\/wp\/v2\/categories?post=208689"},{"taxonomy":"post_tag","embeddable":true,"href":"https:\/\/www.correiobraziliense.com.br\/cbradar\/wp-json\/wp\/v2\/tags?post=208689"}],"curies":[{"name":"wp","href":"https:\/\/api.w.org\/{rel}","templated":true}]}}