{"id":208690,"date":"2026-03-15T15:25:00","date_gmt":"2026-03-15T18:25:00","guid":{"rendered":"https:\/\/www.correiobraziliense.com.br\/cbradar\/?p=208690"},"modified":"2026-03-15T16:34:46","modified_gmt":"2026-03-15T19:34:46","slug":"a-primeira-capital-do-brasil-tem-365-igrejas-e-a-maior-festa-de-rua-do-planeta","status":"publish","type":"post","link":"https:\/\/www.correiobraziliense.com.br\/cbradar\/a-primeira-capital-do-brasil-tem-365-igrejas-e-a-maior-festa-de-rua-do-planeta\/","title":{"rendered":"A primeira capital do Brasil tem 365 igrejas e a maior festa de rua do planeta"},"content":{"rendered":"\n<p>O cheiro de azeite de dend\u00ea sobe dos tabuleiros das baianas antes mesmo de se avistar o mar. <strong>Salvador<\/strong>, fundada em <strong>1549<\/strong> por <strong>Tom\u00e9 de Sousa<\/strong>, foi a primeira capital do <strong>Brasil<\/strong> e carregou o t\u00edtulo por 214 anos. Erguida sobre uma escarpa que divide a cidade em dois planos, a capital da <strong>Bahia<\/strong> re\u00fane o maior acervo de arquitetura colonial da <strong>Am\u00e9rica Latina<\/strong>, praias de \u00e1gua morna o ano inteiro e uma gastronomia que o <a href=\"http:\/\/portal.iphan.gov.br\/pagina\/detalhes\/35\/\" target=\"_blank\" rel=\"noreferrer noopener\"><strong>IPHAN<\/strong><\/a> reconheceu como patrim\u00f4nio imaterial.<\/p>\n\n\n\n<h2 class=\"wp-block-heading\">O Pelourinho \u00e9 Patrim\u00f4nio Mundial por qu\u00ea?<\/h2>\n\n\n\n<p>O centro hist\u00f3rico de Salvador foi tombado pelo <strong>IPHAN<\/strong> em 1984 e declarado <strong>Patrim\u00f4nio da Humanidade pela UNESCO<\/strong> no ano seguinte. S\u00e3o mais de 800 casar\u00f5es dos s\u00e9culos XVII e XVIII, com fachadas coloridas, azulejos portugueses e largos de pedra que formam um dos conjuntos urbanos mais preservados do urbanismo ultramarino portugu\u00eas.<\/p>\n\n\n\n<p>A <strong>Igreja e Convento de S\u00e3o Francisco<\/strong>, com o interior inteiro revestido em talha dourada, \u00e9 classificada como uma das <strong>Sete Maravilhas de Origem Portuguesa no Mundo<\/strong>. \u00c0s ter\u00e7as-feiras, o som do <strong>Olodum<\/strong> ecoa pelo Largo do Pelourinho e transforma as ladeiras em palco a c\u00e9u aberto. Foi ali que <strong>Michael Jackson<\/strong> gravou o clipe de <em>They Don&#8217;t Care About Us<\/em>, em 1995, ao lado do bloco afro.<\/p>\n\n\n<div class=\"wp-block-image\">\n<figure class=\"aligncenter size-large\"><img decoding=\"async\" width=\"1024\" height=\"576\" src=\"https:\/\/www.correiobraziliense.com.br\/cbradar\/wp-content\/uploads\/2025\/02\/salvador_1739606215913-1024x576.jpg\" alt=\"A primeira capital do Brasil atrai viajantes por ainda ser uma das cidades mais encantadoras do pa\u00eds\" class=\"wp-image-3402\" srcset=\"https:\/\/www.correiobraziliense.com.br\/cbradar\/wp-content\/uploads\/2025\/02\/salvador_1739606215913-1024x576.jpg 1024w, https:\/\/www.correiobraziliense.com.br\/cbradar\/wp-content\/uploads\/2025\/02\/salvador_1739606215913-300x169.jpg 300w, https:\/\/www.correiobraziliense.com.br\/cbradar\/wp-content\/uploads\/2025\/02\/salvador_1739606215913-768x432.jpg 768w, https:\/\/www.correiobraziliense.com.br\/cbradar\/wp-content\/uploads\/2025\/02\/salvador_1739606215913-750x422.jpg 750w, https:\/\/www.correiobraziliense.com.br\/cbradar\/wp-content\/uploads\/2025\/02\/salvador_1739606215913-1140x641.jpg 1140w, https:\/\/www.correiobraziliense.com.br\/cbradar\/wp-content\/uploads\/2025\/02\/salvador_1739606215913.jpg 1280w\" sizes=\"(max-width: 1024px) 100vw, 1024px\" \/><figcaption class=\"wp-element-caption\">Viva a magia de Salvador\ufeff com seu Carnaval vibrante e ra\u00edzes afro-brasileiras. \/\/ Cr\u00e9ditos: depositphotos.com \/ gustavofrazao<\/figcaption><\/figure><\/div>\n\n\n<h2 class=\"wp-block-heading\">O que mais visitar na Cidade Alta e na Cidade Baixa?<\/h2>\n\n\n\n<p>Salvador se divide em dois n\u00edveis separados por uma falha geol\u00f3gica de quase 90 metros. O <strong>Elevador Lacerda<\/strong>, inaugurado em 1873 e considerado o primeiro elevador urbano do mundo, faz a liga\u00e7\u00e3o em 30 segundos e oferece vista panor\u00e2mica da <strong>Ba\u00eda de Todos os Santos<\/strong>.<\/p>\n\n\n\n<ul class=\"wp-block-list\">\n<li><strong>Mercado Modelo<\/strong>: na Cidade Baixa, ao p\u00e9 do Elevador, com artesanato, comida t\u00edpica e apresenta\u00e7\u00f5es de capoeira.<\/li>\n\n\n\n<li><strong>Farol da Barra e Forte de Santo Ant\u00f4nio<\/strong>: fortaleza do s\u00e9culo XVII que abriga o Museu N\u00e1utico. Ponto cl\u00e1ssico para o p\u00f4r do sol.<\/li>\n\n\n\n<li><strong>Praia do Porto da Barra<\/strong>: enseada de \u00e1guas calmas e cristalinas no meio da cidade, eleita pelo jornal brit\u00e2nico <strong>The Guardian<\/strong> como uma das melhores praias do mundo.<\/li>\n\n\n\n<li><strong>Bas\u00edlica do Senhor do Bonfim<\/strong>: centro da f\u00e9 baiana, famosa pelas fitinhas coloridas e pela <strong>Lavagem do Bonfim<\/strong>, que acontece toda segunda quinta-feira de janeiro.<\/li>\n\n\n\n<li><strong>Solar do Unh\u00e3o \/ MAM-BA<\/strong>: casar\u00e3o do s\u00e9culo XVII que abriga o Museu de Arte Moderna da Bahia, com jardim \u00e0 beira da ba\u00eda e p\u00f4r do sol concorrido.<\/li>\n<\/ul>\n\n\n\n<p>As cores e a energia baiana transformam qualquer visita em uma experi\u00eancia vibrante. O v\u00eddeo \u00e9 do canal <strong>Vamos Fugir Blog<\/strong>, que conta com mais de <strong>160 mil<\/strong> inscritos, e apresenta o Pelourinho, Elevador Lacerda e acaraj\u00e9:<\/p>\n\n\n\n<figure class=\"wp-block-embed aligncenter is-type-video is-provider-youtube wp-block-embed-youtube wp-embed-aspect-16-9 wp-has-aspect-ratio\"><div class=\"wp-block-embed__wrapper\">\n<div class=\"jeg_video_container jeg_video_content\"><iframe loading=\"lazy\" title=\"O que fazer em SALVADOR? COM PRE\u00c7OS (Onde comer, melhores passeios, hospedagem e dicas)\" width=\"500\" height=\"281\" src=\"https:\/\/www.youtube.com\/embed\/xoTWhcnKZFw?feature=oembed\" frameborder=\"0\" allow=\"accelerometer; autoplay; clipboard-write; encrypted-media; gyroscope; picture-in-picture; web-share\" referrerpolicy=\"strict-origin-when-cross-origin\" allowfullscreen><\/iframe><\/div>\n<\/div><\/figure>\n\n\n\n<h2 class=\"wp-block-heading\">Dend\u00ea, leite de coco e patrim\u00f4nio imaterial na mesa<\/h2>\n\n\n\n<p>A culin\u00e1ria soteropolitana nasceu do encontro entre heran\u00e7as africana, ind\u00edgena e portuguesa. O <strong>of\u00edcio das baianas de acaraj\u00e9<\/strong> foi registrado pelo IPHAN em 2005 como patrim\u00f4nio cultural imaterial do <strong>Brasil<\/strong>. Vestidas com trajes brancos, turbantes e colares, essas mulheres mant\u00eam uma tradi\u00e7\u00e3o centen\u00e1ria herdada das africanas escravizadas.<\/p>\n\n\n\n<ul class=\"wp-block-list\">\n<li><strong>Acaraj\u00e9<\/strong>: bolinho de feij\u00e3o-fradinho frito em dend\u00ea, recheado com vatap\u00e1, caruru e camar\u00e3o seco. Os tabuleiros do bairro <strong>Rio Vermelho<\/strong> s\u00e3o refer\u00eancia.<\/li>\n\n\n\n<li><strong>Moqueca baiana<\/strong>: ensopado de peixe ou frutos do mar com dend\u00ea e leite de coco, servido borbulhante em panela de barro.<\/li>\n\n\n\n<li><strong>Bob\u00f3 de camar\u00e3o<\/strong>: creme de mandioca com camar\u00f5es frescos, leite de coco e temperos da regi\u00e3o.<\/li>\n\n\n\n<li><strong>Cocada<\/strong>: doce de coco vendido nos tabuleiros das baianas, com varia\u00e7\u00f5es que v\u00e3o da branca (mais \u00famida) \u00e0 preta (caramelizada).<\/li>\n<\/ul>\n\n\n\n<p><strong>Leia tamb\u00e9m: <a href=\"https:\/\/www.correiobraziliense.com.br\/cbradar\/nova-piscina-deixa-a-agua-limpa-sem-produtos-e-vira-substituta-dos-modelos-comuns\/\" target=\"_blank\" rel=\"noreferrer noopener\">Nova piscina deixa a \u00e1gua limpa sem produtos e vira substituta dos modelos comuns.<\/a><\/strong><\/p>\n\n\n\n<h2 class=\"wp-block-heading\">Quando a energia de Salvador est\u00e1 no auge?<\/h2>\n\n\n\n<p>O clima tropical garante calor o ano inteiro, com temperatura est\u00e1vel entre 24 \u00b0C e 30 \u00b0C. As chuvas se concentram entre abril e julho, mas costumam ser r\u00e1pidas. O per\u00edodo seco (setembro a mar\u00e7o) coincide com as maiores festas populares.<\/p>\n\n\n\n<div class=\"google-auto-ads-ignore\" style=\"font-family: 'Segoe UI', Roboto, -apple-system, sans-serif; max-width: 850px; margin: 20px auto; box-sizing: border-box; background-color: #ffffff; -webkit-font-smoothing: antialiased; text-rendering: optimizeLegibility;\">\n    \n    <div style=\"background: #fffcfc; border-radius: 20px; overflow: hidden; border: 1px solid #bae6fd; display: flex; flex-direction: column; box-shadow: 0 4px 15px rgba(2, 132, 199, 0.05);\">\n        \n        <div style=\"background: linear-gradient(135deg, #38bdf8 0%, #0284c7 100%); padding: 20px 30px; text-align: left;\">\n            <div style=\"font-size: 24px; font-weight: 800; color: #ffffff; letter-spacing: -0.5px; line-height: 1.2;\">\n                Sazonalidade e condi\u00e7\u00f5es para atividades\n            <\/div>\n            <div style=\"font-size: 14px; color: #e0f2fe; margin-top: 4px; font-weight: 500; opacity: 0.9;\">\n                An\u00e1lise clim\u00e1tica detalhada para planejamento de viagem e roteiros de sol, mar e navega\u00e7\u00e3o na regi\u00e3o.\n            <\/div>\n        <\/div>\n\n        <div style=\"padding: 15px;\">\n            <div style=\"display: grid; width: 100%; grid-template-columns: 0.8fr 0.7fr 1fr 0.7fr 1.8fr; gap: 1px; background-color: #7dd3fc; border-radius: 12px; border: 1px solid #7dd3fc; overflow: hidden;\">\n                \n                <div style=\"background: #f0f9ff; padding: 10px; font-weight: 800; font-size: 11px; text-transform: uppercase; color: #0c4a6e; text-align: center;\">Esta\u00e7\u00e3o<\/div>\n                <div style=\"background: #f0f9ff; padding: 10px; font-weight: 800; font-size: 11px; text-transform: uppercase; color: #0c4a6e; text-align: center;\">Meses<\/div>\n                <div style=\"background: #f0f9ff; padding: 10px; font-weight: 800; font-size: 11px; text-transform: uppercase; color: #0c4a6e; text-align: center;\">Temperatura<\/div>\n                <div style=\"background: #f0f9ff; padding: 10px; font-weight: 800; font-size: 11px; text-transform: uppercase; color: #0c4a6e; text-align: center;\">Chuva<\/div>\n                <div style=\"background: #f0f9ff; padding: 10px; font-weight: 800; font-size: 11px; text-transform: uppercase; color: #0c4a6e; text-align: center;\">O que fazer<\/div>\n\n                <div style=\"background: #ffffff; padding: 12px; font-weight: 800; color: #0284c7; font-size: 14px; display: flex; align-items: center; justify-content: center; gap: 5px;\">\u2600\ufe0f Ver\u00e3o<\/div>\n                <div style=\"background: #ffffff; padding: 12px; font-size: 13px; color: #1e293b; font-weight: 600; display: flex; align-items: center; justify-content: center;\">Dez-Fev<\/div>\n                <div style=\"background: #ffffff; padding: 12px; display: flex; align-items: center; justify-content: center; gap: 6px;\">\n                    <span style=\"font-size: 13px; font-weight: 700; color: #1e293b;\">24-34 \u00b0C<\/span>\n                <\/div>\n                <div style=\"background: #ffffff; padding: 12px; font-size: 13px; color: #4b5563; font-weight: 600; display: flex; align-items: center; justify-content: center;\">Alta<\/div>\n                <div style=\"background: #ffffff; padding: 12px; font-size: 13px; line-height: 1.4; color: #1e293b; display: flex; align-items: center;\">Praias, mergulho e festas de r\u00e9veillon.<\/div>\n\n                <div style=\"background: #f8fafc; padding: 12px; font-weight: 800; color: #0284c7; font-size: 14px; display: flex; align-items: center; justify-content: center; gap: 5px;\">\ud83c\udf42 Outono<\/div>\n                <div style=\"background: #f8fafc; padding: 12px; font-size: 13px; color: #1e293b; font-weight: 600; display: flex; align-items: center; justify-content: center;\">Mar-Mai<\/div>\n                <div style=\"background: #f8fafc; padding: 12px; display: flex; align-items: center; justify-content: center; gap: 6px;\">\n                    <span style=\"font-size: 13px; font-weight: 700; color: #1e293b;\">22-30 \u00b0C<\/span>\n                <\/div>\n                <div style=\"background: #f8fafc; padding: 12px; font-size: 13px; color: #4b5563; font-weight: 600; display: flex; align-items: center; justify-content: center;\">M\u00e9dia<\/div>\n                <div style=\"background: #f8fafc; padding: 12px; font-size: 13px; line-height: 1.4; color: #1e293b; display: flex; align-items: center;\">Passeios de barco e trilhas na natureza.<\/div>\n\n                <div style=\"background: #ffffff; padding: 12px; font-weight: 800; color: #0284c7; font-size: 14px; display: flex; align-items: center; justify-content: center; gap: 5px;\">\u2744\ufe0f Inverno<\/div>\n                <div style=\"background: #ffffff; padding: 12px; font-size: 13px; color: #1e293b; font-weight: 600; display: flex; align-items: center; justify-content: center;\">Jun-Ago<\/div>\n                <div style=\"background: #ffffff; padding: 12px; display: flex; align-items: center; justify-content: center; gap: 6px;\">\n                    <span style=\"font-size: 13px; font-weight: 700; color: #1e293b;\">18-26 \u00b0C<\/span>\n                <\/div>\n                <div style=\"background: #ffffff; padding: 12px; font-size: 13px; color: #4b5563; font-weight: 600; display: flex; align-items: center; justify-content: center;\">Baixa<\/div>\n                <div style=\"background: #ffffff; padding: 12px; font-size: 13px; line-height: 1.4; color: #1e293b; display: flex; align-items: center;\">Navega\u00e7\u00e3o e explora\u00e7\u00e3o do centro hist\u00f3rico.<\/div>\n\n                <div style=\"background: #f8fafc; padding: 12px; font-weight: 800; color: #0284c7; font-size: 14px; display: flex; align-items: center; justify-content: center; gap: 5px;\">\ud83c\udf3a Primavera<\/div>\n                <div style=\"background: #f8fafc; padding: 12px; font-size: 13px; color: #1e293b; font-weight: 600; display: flex; align-items: center; justify-content: center;\">Set-Nov<\/div>\n                <div style=\"background: #f8fafc; padding: 12px; display: flex; align-items: center; justify-content: center; gap: 6px;\">\n                    <span style=\"font-size: 13px; font-weight: 700; color: #1e293b;\">22-30 \u00b0C<\/span>\n                <\/div>\n                <div style=\"background: #f8fafc; padding: 12px; font-size: 13px; color: #4b5563; font-weight: 600; display: flex; align-items: center; justify-content: center;\">M\u00e9dia<\/div>\n                <div style=\"background: #f8fafc; padding: 12px; font-size: 13px; line-height: 1.4; color: #1e293b; display: flex; align-items: center;\">Mergulho, passeios \u00e0 Ilha Grande e escunas.<\/div>\n            <\/div>\n        <\/div>\n\n        <div style=\"padding: 10px 30px; background: #f0f9ff; border-top: 1px solid #bae6fd; font-size: 12px; color: #0c4a6e; font-style: italic; display: flex; align-items: center; gap: 8px; font-weight: 600;\">\n            <div style=\"width: 6px; height: 6px; background: #0284c7; border-radius: 50%;\"><\/div>\n            Informa\u00e7\u00e3o: O inverno, por ser a \u00e9poca mais seca, oferece c\u00e9us limpos e excelentes condi\u00e7\u00f5es para navega\u00e7\u00e3o e contempla\u00e7\u00e3o costeira.\n        <\/div>\n        \n    <\/div>\n<\/div>\n\n\n\n<p><em>Temperaturas aproximadas com base no <a href=\"https:\/\/www.climatempo.com.br\/previsao-do-tempo\/cidade\/56\/salvador-ba\" target=\"_blank\" rel=\"noreferrer noopener\"><strong>Climatempo<\/strong><\/a>. Condi\u00e7\u00f5es podem variar conforme o ano.<\/em><\/p>\n\n\n<div class=\"wp-block-image\">\n<figure class=\"aligncenter size-large\"><img decoding=\"async\" width=\"1024\" height=\"576\" src=\"https:\/\/www.correiobraziliense.com.br\/cbradar\/wp-content\/uploads\/2025\/02\/salvador_1739606174040-1024x576.jpg\" alt=\"Uma capital brasileira com praias de \u00e1guas cristalinas encanta os visitantes por ser \u00f3tima para viver a ainda aproveitar o mar\" class=\"wp-image-3401\" srcset=\"https:\/\/www.correiobraziliense.com.br\/cbradar\/wp-content\/uploads\/2025\/02\/salvador_1739606174040-1024x576.jpg 1024w, https:\/\/www.correiobraziliense.com.br\/cbradar\/wp-content\/uploads\/2025\/02\/salvador_1739606174040-300x169.jpg 300w, https:\/\/www.correiobraziliense.com.br\/cbradar\/wp-content\/uploads\/2025\/02\/salvador_1739606174040-768x432.jpg 768w, https:\/\/www.correiobraziliense.com.br\/cbradar\/wp-content\/uploads\/2025\/02\/salvador_1739606174040-750x422.jpg 750w, https:\/\/www.correiobraziliense.com.br\/cbradar\/wp-content\/uploads\/2025\/02\/salvador_1739606174040-1140x641.jpg 1140w, https:\/\/www.correiobraziliense.com.br\/cbradar\/wp-content\/uploads\/2025\/02\/salvador_1739606174040.jpg 1280w\" sizes=\"(max-width: 1024px) 100vw, 1024px\" \/><figcaption class=\"wp-element-caption\">Salvador, capital da Bahia, \u00e9 conhecida por sua rica hist\u00f3ria colonial e praias vibrantes. \/\/ Cr\u00e9ditos: depositphotos.com \/ gustavomello162.hotmail.com<\/figcaption><\/figure><\/div>\n\n\n<h2 class=\"wp-block-heading\">Como chegar \u00e0 capital da alegria?<\/h2>\n\n\n\n<p>O <strong>Aeroporto Internacional Lu\u00eds Eduardo Magalh\u00e3es (SSA)<\/strong> recebe voos diretos das principais capitais brasileiras e de destinos internacionais como <strong>Lisboa<\/strong> e <strong>Madri<\/strong>. Fica a 27 km do Pelourinho, com acesso por via litor\u00e2nea ou metr\u00f4. Salvador tamb\u00e9m \u00e9 conectada por rodovias federais como a <strong>BR-101<\/strong> e a <strong>BR-324<\/strong>. O <strong>Terminal Mar\u00edtimo<\/strong> oferece travessia de ferry-boat para a <strong>Ilha de Itaparica<\/strong>, encurtando o caminho para as praias do litoral sul.<\/p>\n\n\n\n<h2 class=\"wp-block-heading\">A cidade que dan\u00e7a mesmo quando n\u00e3o \u00e9 Carnaval<\/h2>\n\n\n\n<p>Salvador entrega o que poucas metr\u00f3poles brasileiras conseguem reunir: patrim\u00f4nio colonial reconhecido mundialmente, praias urbanas de \u00e1gua morna, uma gastronomia que \u00e9 patrim\u00f4nio imaterial e uma cultura afro-brasileira que se manifesta em cada esquina, da roda de capoeira ao toque dos atabaques nos terreiros de candombl\u00e9. Em 2015, a <strong>UNESCO<\/strong> reconheceu a cidade como <strong>Cidade Criativa da M\u00fasica<\/strong>, a primeira do Brasil na categoria.<\/p>\n\n\n\n<p>Voc\u00ea precisa caminhar pelas ladeiras do Pelourinho ao entardecer, provar um acaraj\u00e9 feito na hora no Rio Vermelho e sentir o ritmo de uma cidade que dan\u00e7a mesmo quando n\u00e3o \u00e9 Carnaval.<\/p>\n","protected":false},"excerpt":{"rendered":"<p>O cheiro de azeite de dend\u00ea sobe dos tabuleiros das baianas antes mesmo de se avistar o mar. Salvador, fundada em 1549 por Tom\u00e9 de Sousa, foi a primeira capital do Brasil e carregou o t\u00edtulo por 214 anos. Erguida sobre uma escarpa que divide a cidade em dois planos, a capital da Bahia re\u00fane [&hellip;]<\/p>\n","protected":false},"author":8,"featured_media":53035,"comment_status":"open","ping_status":"open","sticky":false,"template":"","format":"standard","meta":{"_yoast_wpseo_focuskw":"primeira capital","_yoast_wpseo_title":"","_yoast_wpseo_metadesc":"Conhecida por sua riqueza hist\u00f3rica, a primeira capital do Brasil re\u00fane 365 igrejas e uma das maiores festas populares do mundo.","jnews-multi-image_gallery":[],"jnews_single_post":{"format":"standard"},"jnews_primary_category":[],"jnews_social_meta":[],"jnews_override_counter":[],"footnotes":""},"categories":[108,111],"tags":[483,482],"class_list":["post-208690","post","type-post","status-publish","format-standard","has-post-thumbnail","hentry","category-cidades","category-turismo","tag-bahia","tag-salvador"],"yoast_head":"<!-- This site is optimized with the Yoast SEO plugin v24.6 - https:\/\/yoast.com\/wordpress\/plugins\/seo\/ -->\n<title>A primeira capital do Brasil tem 365 igrejas e a maior festa de rua do planeta - Correio Braziliense - Radar<\/title>\n<meta name=\"description\" content=\"Conhecida por sua riqueza hist\u00f3rica, a primeira capital do Brasil re\u00fane 365 igrejas e uma das maiores festas populares do mundo.\" \/>\n<meta name=\"robots\" content=\"index, follow, max-snippet:-1, max-image-preview:large, max-video-preview:-1\" \/>\n<link rel=\"canonical\" href=\"https:\/\/www.correiobraziliense.com.br\/cbradar\/a-primeira-capital-do-brasil-tem-365-igrejas-e-a-maior-festa-de-rua-do-planeta\/\" \/>\n<meta property=\"og:locale\" content=\"pt_BR\" \/>\n<meta property=\"og:type\" content=\"article\" \/>\n<meta property=\"og:title\" content=\"A primeira capital do Brasil tem 365 igrejas e a maior festa de rua do planeta - Correio Braziliense - Radar\" \/>\n<meta property=\"og:description\" content=\"Conhecida por sua riqueza hist\u00f3rica, a primeira capital do Brasil re\u00fane 365 igrejas e uma das maiores festas populares do mundo.\" \/>\n<meta property=\"og:url\" content=\"https:\/\/www.correiobraziliense.com.br\/cbradar\/a-primeira-capital-do-brasil-tem-365-igrejas-e-a-maior-festa-de-rua-do-planeta\/\" \/>\n<meta property=\"og:site_name\" content=\"Correio Braziliense - Radar\" \/>\n<meta property=\"article:published_time\" content=\"2026-03-15T18:25:00+00:00\" \/>\n<meta property=\"article:modified_time\" content=\"2026-03-15T19:34:46+00:00\" \/>\n<meta property=\"og:image\" content=\"https:\/\/www.correiobraziliense.com.br\/cbradar\/wp-content\/uploads\/2025\/06\/Salvador_1749877832910.jpg\" \/>\n\t<meta property=\"og:image:width\" content=\"1280\" \/>\n\t<meta property=\"og:image:height\" content=\"720\" \/>\n\t<meta property=\"og:image:type\" content=\"image\/jpeg\" \/>\n<meta name=\"author\" content=\"Maura Pereira\" \/>\n<meta name=\"twitter:card\" content=\"summary_large_image\" \/>\n<meta name=\"twitter:label1\" content=\"Escrito por\" \/>\n\t<meta name=\"twitter:data1\" content=\"Maura Pereira\" \/>\n\t<meta name=\"twitter:label2\" content=\"Est. tempo de leitura\" \/>\n\t<meta name=\"twitter:data2\" content=\"6 minutos\" \/>\n<!-- \/ Yoast SEO plugin. -->","yoast_head_json":{"title":"A primeira capital do Brasil tem 365 igrejas e a maior festa de rua do planeta - Correio Braziliense - Radar","description":"Conhecida por sua riqueza hist\u00f3rica, a primeira capital do Brasil re\u00fane 365 igrejas e uma das maiores festas populares do mundo.","robots":{"index":"index","follow":"follow","max-snippet":"max-snippet:-1","max-image-preview":"max-image-preview:large","max-video-preview":"max-video-preview:-1"},"canonical":"https:\/\/www.correiobraziliense.com.br\/cbradar\/a-primeira-capital-do-brasil-tem-365-igrejas-e-a-maior-festa-de-rua-do-planeta\/","og_locale":"pt_BR","og_type":"article","og_title":"A primeira capital do Brasil tem 365 igrejas e a maior festa de rua do planeta - Correio Braziliense - Radar","og_description":"Conhecida por sua riqueza hist\u00f3rica, a primeira capital do Brasil re\u00fane 365 igrejas e uma das maiores festas populares do mundo.","og_url":"https:\/\/www.correiobraziliense.com.br\/cbradar\/a-primeira-capital-do-brasil-tem-365-igrejas-e-a-maior-festa-de-rua-do-planeta\/","og_site_name":"Correio Braziliense - Radar","article_published_time":"2026-03-15T18:25:00+00:00","article_modified_time":"2026-03-15T19:34:46+00:00","og_image":[{"width":1280,"height":720,"url":"https:\/\/www.correiobraziliense.com.br\/cbradar\/wp-content\/uploads\/2025\/06\/Salvador_1749877832910.jpg","type":"image\/jpeg"}],"author":"Maura Pereira","twitter_card":"summary_large_image","twitter_misc":{"Escrito por":"Maura Pereira","Est. tempo de leitura":"6 minutos"},"schema":{"@context":"https:\/\/schema.org","@graph":[{"@type":"WebPage","@id":"https:\/\/www.correiobraziliense.com.br\/cbradar\/a-primeira-capital-do-brasil-tem-365-igrejas-e-a-maior-festa-de-rua-do-planeta\/","url":"https:\/\/www.correiobraziliense.com.br\/cbradar\/a-primeira-capital-do-brasil-tem-365-igrejas-e-a-maior-festa-de-rua-do-planeta\/","name":"A primeira capital do Brasil tem 365 igrejas e a maior festa de rua do planeta - Correio Braziliense - Radar","isPartOf":{"@id":"https:\/\/www.correiobraziliense.com.br\/cbradar\/#website"},"primaryImageOfPage":{"@id":"https:\/\/www.correiobraziliense.com.br\/cbradar\/a-primeira-capital-do-brasil-tem-365-igrejas-e-a-maior-festa-de-rua-do-planeta\/#primaryimage"},"image":{"@id":"https:\/\/www.correiobraziliense.com.br\/cbradar\/a-primeira-capital-do-brasil-tem-365-igrejas-e-a-maior-festa-de-rua-do-planeta\/#primaryimage"},"thumbnailUrl":"https:\/\/www.correiobraziliense.com.br\/cbradar\/wp-content\/uploads\/2025\/06\/Salvador_1749877832910.jpg","datePublished":"2026-03-15T18:25:00+00:00","dateModified":"2026-03-15T19:34:46+00:00","author":{"@id":"https:\/\/www.correiobraziliense.com.br\/cbradar\/#\/schema\/person\/4053c651a9bfc785afc6f4cbc9032fd3"},"description":"Conhecida por sua riqueza hist\u00f3rica, a primeira capital do Brasil re\u00fane 365 igrejas e uma das maiores festas populares do mundo.","breadcrumb":{"@id":"https:\/\/www.correiobraziliense.com.br\/cbradar\/a-primeira-capital-do-brasil-tem-365-igrejas-e-a-maior-festa-de-rua-do-planeta\/#breadcrumb"},"inLanguage":"pt-BR","potentialAction":[{"@type":"ReadAction","target":["https:\/\/www.correiobraziliense.com.br\/cbradar\/a-primeira-capital-do-brasil-tem-365-igrejas-e-a-maior-festa-de-rua-do-planeta\/"]}]},{"@type":"ImageObject","inLanguage":"pt-BR","@id":"https:\/\/www.correiobraziliense.com.br\/cbradar\/a-primeira-capital-do-brasil-tem-365-igrejas-e-a-maior-festa-de-rua-do-planeta\/#primaryimage","url":"https:\/\/www.correiobraziliense.com.br\/cbradar\/wp-content\/uploads\/2025\/06\/Salvador_1749877832910.jpg","contentUrl":"https:\/\/www.correiobraziliense.com.br\/cbradar\/wp-content\/uploads\/2025\/06\/Salvador_1749877832910.jpg","width":1280,"height":720,"caption":"Salvador \u00e9 reconhecida por sua diversidade cultural e celebra\u00e7\u00f5es populares. \/\/ Cr\u00e9ditos: depositphotos.com \/ gustavomello162.hotmail.com"},{"@type":"BreadcrumbList","@id":"https:\/\/www.correiobraziliense.com.br\/cbradar\/a-primeira-capital-do-brasil-tem-365-igrejas-e-a-maior-festa-de-rua-do-planeta\/#breadcrumb","itemListElement":[{"@type":"ListItem","position":1,"name":"In\u00edcio","item":"https:\/\/www.correiobraziliense.com.br\/cbradar\/"},{"@type":"ListItem","position":2,"name":"A primeira capital do Brasil tem 365 igrejas e a maior festa de rua do planeta"}]},{"@type":"WebSite","@id":"https:\/\/www.correiobraziliense.com.br\/cbradar\/#website","url":"https:\/\/www.correiobraziliense.com.br\/cbradar\/","name":"Correio Braziliense - Radar","description":"Acompanhe as \u00faltimas not\u00edcias e fique bem informado sobre tudo o que acontece no Brasil e no mundo.","potentialAction":[{"@type":"SearchAction","target":{"@type":"EntryPoint","urlTemplate":"https:\/\/www.correiobraziliense.com.br\/cbradar\/?s={search_term_string}"},"query-input":{"@type":"PropertyValueSpecification","valueRequired":true,"valueName":"search_term_string"}}],"inLanguage":"pt-BR"},{"@type":"Person","@id":"https:\/\/www.correiobraziliense.com.br\/cbradar\/#\/schema\/person\/4053c651a9bfc785afc6f4cbc9032fd3","name":"Maura Pereira","image":{"@type":"ImageObject","inLanguage":"pt-BR","@id":"https:\/\/www.correiobraziliense.com.br\/cbradar\/#\/schema\/person\/image\/","url":"https:\/\/secure.gravatar.com\/avatar\/3effd6bdadfa447f15089c7f7144eaa6?s=96&d=mm&r=g","contentUrl":"https:\/\/secure.gravatar.com\/avatar\/3effd6bdadfa447f15089c7f7144eaa6?s=96&d=mm&r=g","caption":"Maura Pereira"},"sameAs":["https:\/\/www.correiobraziliense.com.br\/"],"url":"https:\/\/www.correiobraziliense.com.br\/cbradar\/author\/mauramyth\/"}]}},"_links":{"self":[{"href":"https:\/\/www.correiobraziliense.com.br\/cbradar\/wp-json\/wp\/v2\/posts\/208690","targetHints":{"allow":["GET"]}}],"collection":[{"href":"https:\/\/www.correiobraziliense.com.br\/cbradar\/wp-json\/wp\/v2\/posts"}],"about":[{"href":"https:\/\/www.correiobraziliense.com.br\/cbradar\/wp-json\/wp\/v2\/types\/post"}],"author":[{"embeddable":true,"href":"https:\/\/www.correiobraziliense.com.br\/cbradar\/wp-json\/wp\/v2\/users\/8"}],"replies":[{"embeddable":true,"href":"https:\/\/www.correiobraziliense.com.br\/cbradar\/wp-json\/wp\/v2\/comments?post=208690"}],"version-history":[{"count":6,"href":"https:\/\/www.correiobraziliense.com.br\/cbradar\/wp-json\/wp\/v2\/posts\/208690\/revisions"}],"predecessor-version":[{"id":208895,"href":"https:\/\/www.correiobraziliense.com.br\/cbradar\/wp-json\/wp\/v2\/posts\/208690\/revisions\/208895"}],"wp:featuredmedia":[{"embeddable":true,"href":"https:\/\/www.correiobraziliense.com.br\/cbradar\/wp-json\/wp\/v2\/media\/53035"}],"wp:attachment":[{"href":"https:\/\/www.correiobraziliense.com.br\/cbradar\/wp-json\/wp\/v2\/media?parent=208690"}],"wp:term":[{"taxonomy":"category","embeddable":true,"href":"https:\/\/www.correiobraziliense.com.br\/cbradar\/wp-json\/wp\/v2\/categories?post=208690"},{"taxonomy":"post_tag","embeddable":true,"href":"https:\/\/www.correiobraziliense.com.br\/cbradar\/wp-json\/wp\/v2\/tags?post=208690"}],"curies":[{"name":"wp","href":"https:\/\/api.w.org\/{rel}","templated":true}]}}