{"id":20872,"date":"2025-04-09T22:10:00","date_gmt":"2025-04-10T01:10:00","guid":{"rendered":"https:\/\/www.correiobraziliense.com.br\/cbradar\/?p=20872"},"modified":"2025-04-08T19:30:58","modified_gmt":"2025-04-08T22:30:58","slug":"comunicado-importante-para-quem-e-beneficiario-do-cadunico-nesta-quarta-feira","status":"publish","type":"post","link":"https:\/\/www.correiobraziliense.com.br\/cbradar\/comunicado-importante-para-quem-e-beneficiario-do-cadunico-nesta-quarta-feira\/","title":{"rendered":"Comunicado importante para quem \u00e9 benefici\u00e1rio do Cad\u00danico nesta quarta-feira"},"content":{"rendered":"\n<p>O<strong> <\/strong><a href=\"https:\/\/www.gov.br\/mds\/pt-br\/acoes-e-programas\/suas\/beneficios-assistenciais\/beneficio-assistencial-ao-idoso-e-a-pessoa-com-deficiencia-bpc\" target=\"_blank\" rel=\"noreferrer noopener\"><strong>Benef\u00edcio de Presta\u00e7\u00e3o Continuada <\/strong>(<strong>BPC<\/strong>)<\/a> \u00e9 um importante suporte financeiro para idosos e pessoas com defici\u00eancia que n\u00e3o possuem meios de sustento. No entanto, para garantir a continuidade desse benef\u00edcio, \u00e9 essencial que os benefici\u00e1rios mantenham suas informa\u00e7\u00f5es atualizadas no <strong>Cadastro \u00danico<\/strong> (<strong><a href=\"https:\/\/www.correiobraziliense.com.br\/cbradar\/auxilio-gas-volta-a-ser-pago-em-abril-veja-quem-tem-direito\/\" target=\"_blank\" rel=\"noreferrer noopener\">Cad\u00danico<\/a><\/strong>). Recentemente, o Minist\u00e9rio do Desenvolvimento Social destacou a necessidade de regulariza\u00e7\u00e3o cadastral para aqueles que est\u00e3o sem inscri\u00e7\u00e3o ou n\u00e3o atualizam seus dados h\u00e1 mais de 48 meses.<\/p>\n\n\n\n<p>De acordo com dados do minist\u00e9rio, 505 mil pessoas precisam comparecer ao Centro de Refer\u00eancia e Assist\u00eancia Social (Cras) para regularizar sua situa\u00e7\u00e3o. Destas, 200 mil j\u00e1 tomaram as devidas provid\u00eancias, mas ainda restam 305 mil que precisam realizar o cadastro. A falta de atualiza\u00e7\u00e3o pode resultar no bloqueio do benef\u00edcio, impactando diretamente a vida de muitos brasileiros.<\/p>\n\n\n\n<h2 class=\"wp-block-heading\"><strong>Por que a atualiza\u00e7\u00e3o do Cad\u00danico \u00e9 importante?<\/strong><\/h2>\n\n\n\n<p>A atualiza\u00e7\u00e3o do Cad\u00danico \u00e9 fundamental para garantir que os benefici\u00e1rios do BPC continuem a receber o aux\u00edlio. A legisla\u00e7\u00e3o exige que as informa\u00e7\u00f5es sejam revisadas a cada dois anos, assegurando que os crit\u00e9rios de elegibilidade sejam mantidos. O n\u00e3o cumprimento dessa exig\u00eancia pode levar ao bloqueio do benef\u00edcio, o que pode ser evitado com a regulariza\u00e7\u00e3o no Cras local.<\/p>\n\n\n\n<figure class=\"wp-block-image size-large\"><img decoding=\"async\" width=\"1024\" height=\"576\" src=\"https:\/\/www.correiobraziliense.com.br\/cbradar\/wp-content\/uploads\/2025\/04\/idosos_1744123428581-1024x576.jpg\" alt=\"Cadastro \u00danico e BPC: Como Regularizar\" class=\"wp-image-20874\" srcset=\"https:\/\/www.correiobraziliense.com.br\/cbradar\/wp-content\/uploads\/2025\/04\/idosos_1744123428581-1024x576.jpg 1024w, https:\/\/www.correiobraziliense.com.br\/cbradar\/wp-content\/uploads\/2025\/04\/idosos_1744123428581-300x169.jpg 300w, https:\/\/www.correiobraziliense.com.br\/cbradar\/wp-content\/uploads\/2025\/04\/idosos_1744123428581-768x432.jpg 768w, https:\/\/www.correiobraziliense.com.br\/cbradar\/wp-content\/uploads\/2025\/04\/idosos_1744123428581-750x422.jpg 750w, https:\/\/www.correiobraziliense.com.br\/cbradar\/wp-content\/uploads\/2025\/04\/idosos_1744123428581-1140x641.jpg 1140w, https:\/\/www.correiobraziliense.com.br\/cbradar\/wp-content\/uploads\/2025\/04\/idosos_1744123428581.jpg 1280w\" sizes=\"(max-width: 1024px) 100vw, 1024px\" \/><figcaption class=\"wp-element-caption\">idosos.Cr\u00e9ditos: depositphotos.com \/ ArturVerkhovetskiy<\/figcaption><\/figure>\n\n\n\n<p>Al\u00e9m disso, a atualiza\u00e7\u00e3o cadastral \u00e9 uma medida que visa garantir a justi\u00e7a social, assegurando que o benef\u00edcio chegue a quem realmente necessita. O cruzamento de dados realizado pelo INSS \u00e9 uma ferramenta para verificar se os crit\u00e9rios de renda familiar est\u00e3o sendo cumpridos, evitando ac\u00famulos indevidos de benef\u00edcios.<\/p>\n\n\n\n<h2 class=\"wp-block-heading\"><strong>Como saber se \u00e9 necess\u00e1rio atualizar o cadastro?<\/strong><\/h2>\n\n\n\n<p>Os benefici\u00e1rios podem verificar a necessidade de atualiza\u00e7\u00e3o cadastral acessando o aplicativo Meu INSS. Com o n\u00famero do CPF, \u00e9 poss\u00edvel consultar se o nome est\u00e1 na lista para inscri\u00e7\u00e3o ou atualiza\u00e7\u00e3o. Essa ferramenta \u00e9 essencial para que os benefici\u00e1rios tomem ci\u00eancia de sua situa\u00e7\u00e3o e evitem o bloqueio do benef\u00edcio.<\/p>\n\n\n\n<p>\u00c9 importante ressaltar que n\u00e3o \u00e9 necess\u00e1rio aguardar uma notifica\u00e7\u00e3o para procurar o Cras. Aqueles que sabem que est\u00e3o com o cadastro desatualizado devem se dirigir ao centro de refer\u00eancia mais pr\u00f3ximo para regularizar sua situa\u00e7\u00e3o o quanto antes.<\/p>\n\n\n\n<h2 class=\"wp-block-heading\"><strong>O que fazer em caso de bloqueio do benef\u00edcio?<\/strong><\/h2>\n\n\n\n<p>Se o benef\u00edcio for bloqueado por falta de inscri\u00e7\u00e3o no Cad\u00danico, os benefici\u00e1rios devem entrar em contato com a Central de Atendimento 135 ou comparecer ao Cras com os documentos pessoais. Ap\u00f3s a regulariza\u00e7\u00e3o, o BPC ser\u00e1 desbloqueado em at\u00e9 72 horas. No entanto, \u00e9 crucial que a regulariza\u00e7\u00e3o ocorra dentro dos prazos estipulados pelo programa, que variam entre 45 e 90 dias, dependendo da regi\u00e3o.<\/p>\n\n\n\n<p>Os benefici\u00e1rios que residem em munic\u00edpios do Rio Grande do Sul em situa\u00e7\u00e3o de calamidade p\u00fablica est\u00e3o isentos do processo de inscri\u00e7\u00e3o ou atualiza\u00e7\u00e3o cadastral neste momento. Essa medida visa facilitar o acesso ao benef\u00edcio em situa\u00e7\u00f5es de emerg\u00eancia.<\/p>\n\n\n\n<h2 class=\"wp-block-heading\"><strong>Esclarecendo informa\u00e7\u00f5es falsas<\/strong><\/h2>\n\n\n\n<p>Recentemente, circulam nas redes sociais informa\u00e7\u00f5es falsas sobre cortes no BPC. O presidente do INSS, Alessandro Stefanutto, esclareceu que n\u00e3o h\u00e1 inten\u00e7\u00e3o de cortar benef\u00edcios. A atualiza\u00e7\u00e3o cadastral \u00e9 uma exig\u00eancia legal para garantir que o benef\u00edcio chegue a quem realmente tem direito, conforme os crit\u00e9rios estabelecidos.<\/p>\n\n\n\n<p>O BPC \u00e9 destinado a idosos com mais de 65 anos e pessoas com defici\u00eancia que atendam aos crit\u00e9rios de renda familiar. A atualiza\u00e7\u00e3o no Cad\u00danico \u00e9 uma etapa necess\u00e1ria para a manuten\u00e7\u00e3o desse direito, assegurando que o benef\u00edcio continue a ser pago a quem realmente precisa.<\/p>\n","protected":false},"excerpt":{"rendered":"<p>O que benefici\u00e1rios do BPC precisam saber sobre a regulariza\u00e7\u00e3o do Cadastro \u00d9nico: atualiza\u00e7\u00e3o importante para manter o benef\u00edcio e evitar bloqueios.<\/p>\n","protected":false},"author":3,"featured_media":20873,"comment_status":"open","ping_status":"open","sticky":false,"template":"","format":"standard","meta":{"jnews-multi-image_gallery":[],"jnews_single_post":{"format":"standard"},"jnews_primary_category":[],"jnews_social_meta":[],"jnews_override_counter":[],"footnotes":""},"categories":[128],"post_tag":[741,1565],"class_list":["post-20872","post","type-post","status-publish","format-standard","has-post-thumbnail","hentry","category-economia","tag-beneficio-social","tag-cadunico"],"yoast_head":"<!-- This site is optimized with the Yoast SEO plugin v24.6 - https:\/\/yoast.com\/wordpress\/plugins\/seo\/ -->\n<title>Comunicado importante para quem \u00e9 benefici\u00e1rio do Cad\u00danico nesta quarta-feira<\/title>\n<meta name=\"description\" content=\"O que benefici\u00e1rios do BPC precisam saber sobre a regulariza\u00e7\u00e3o do Cadastro \u00d9nico: atualiza\u00e7\u00e3o importante para manter o benef\u00edcio e evitar bloqueios.\" \/>\n<meta name=\"robots\" content=\"index, follow, max-snippet:-1, max-image-preview:large, max-video-preview:-1\" \/>\n<link rel=\"canonical\" href=\"https:\/\/www.correiobraziliense.com.br\/cbradar\/comunicado-importante-para-quem-e-beneficiario-do-cadunico-nesta-quarta-feira\/\" \/>\n<meta property=\"og:locale\" content=\"pt_BR\" \/>\n<meta property=\"og:type\" content=\"article\" \/>\n<meta property=\"og:title\" content=\"Comunicado importante para quem \u00e9 benefici\u00e1rio do Cad\u00danico nesta quarta-feira\" \/>\n<meta property=\"og:description\" content=\"O que benefici\u00e1rios do BPC precisam saber sobre a regulariza\u00e7\u00e3o do Cadastro \u00d9nico: atualiza\u00e7\u00e3o importante para manter o benef\u00edcio e evitar bloqueios.\" \/>\n<meta property=\"og:url\" content=\"https:\/\/www.correiobraziliense.com.br\/cbradar\/comunicado-importante-para-quem-e-beneficiario-do-cadunico-nesta-quarta-feira\/\" \/>\n<meta property=\"og:site_name\" content=\"Correio Braziliense - Radar\" \/>\n<meta property=\"article:published_time\" content=\"2025-04-10T01:10:00+00:00\" \/>\n<meta property=\"og:image\" content=\"https:\/\/www.correiobraziliense.com.br\/cbradar\/wp-content\/uploads\/2025\/04\/idosos_1744123293268.jpg\" \/>\n\t<meta property=\"og:image:width\" content=\"1280\" \/>\n\t<meta property=\"og:image:height\" content=\"720\" \/>\n\t<meta property=\"og:image:type\" content=\"image\/jpeg\" \/>\n<meta name=\"author\" content=\"Larissa Carvalho\" \/>\n<meta name=\"twitter:card\" content=\"summary_large_image\" \/>\n<meta name=\"twitter:label1\" content=\"Escrito por\" \/>\n\t<meta name=\"twitter:data1\" content=\"Larissa Carvalho\" \/>\n\t<meta name=\"twitter:label2\" content=\"Est. tempo de leitura\" \/>\n\t<meta name=\"twitter:data2\" content=\"4 minutos\" \/>\n<!-- \/ Yoast SEO plugin. -->","yoast_head_json":{"title":"Comunicado importante para quem \u00e9 benefici\u00e1rio do Cad\u00danico nesta quarta-feira","description":"O que benefici\u00e1rios do BPC precisam saber sobre a regulariza\u00e7\u00e3o do Cadastro \u00d9nico: atualiza\u00e7\u00e3o importante para manter o benef\u00edcio e evitar bloqueios.","robots":{"index":"index","follow":"follow","max-snippet":"max-snippet:-1","max-image-preview":"max-image-preview:large","max-video-preview":"max-video-preview:-1"},"canonical":"https:\/\/www.correiobraziliense.com.br\/cbradar\/comunicado-importante-para-quem-e-beneficiario-do-cadunico-nesta-quarta-feira\/","og_locale":"pt_BR","og_type":"article","og_title":"Comunicado importante para quem \u00e9 benefici\u00e1rio do Cad\u00danico nesta quarta-feira","og_description":"O que benefici\u00e1rios do BPC precisam saber sobre a regulariza\u00e7\u00e3o do Cadastro \u00d9nico: atualiza\u00e7\u00e3o importante para manter o benef\u00edcio e evitar bloqueios.","og_url":"https:\/\/www.correiobraziliense.com.br\/cbradar\/comunicado-importante-para-quem-e-beneficiario-do-cadunico-nesta-quarta-feira\/","og_site_name":"Correio Braziliense - Radar","article_published_time":"2025-04-10T01:10:00+00:00","og_image":[{"width":1280,"height":720,"url":"https:\/\/www.correiobraziliense.com.br\/cbradar\/wp-content\/uploads\/2025\/04\/idosos_1744123293268.jpg","type":"image\/jpeg"}],"author":"Larissa Carvalho","twitter_card":"summary_large_image","twitter_misc":{"Escrito por":"Larissa Carvalho","Est. tempo de leitura":"4 minutos"},"schema":{"@context":"https:\/\/schema.org","@graph":[{"@type":"WebPage","@id":"https:\/\/www.correiobraziliense.com.br\/cbradar\/comunicado-importante-para-quem-e-beneficiario-do-cadunico-nesta-quarta-feira\/","url":"https:\/\/www.correiobraziliense.com.br\/cbradar\/comunicado-importante-para-quem-e-beneficiario-do-cadunico-nesta-quarta-feira\/","name":"Comunicado importante para quem \u00e9 benefici\u00e1rio do Cad\u00danico nesta quarta-feira","isPartOf":{"@id":"https:\/\/www.correiobraziliense.com.br\/cbradar\/#website"},"primaryImageOfPage":{"@id":"https:\/\/www.correiobraziliense.com.br\/cbradar\/comunicado-importante-para-quem-e-beneficiario-do-cadunico-nesta-quarta-feira\/#primaryimage"},"image":{"@id":"https:\/\/www.correiobraziliense.com.br\/cbradar\/comunicado-importante-para-quem-e-beneficiario-do-cadunico-nesta-quarta-feira\/#primaryimage"},"thumbnailUrl":"https:\/\/www.correiobraziliense.com.br\/cbradar\/wp-content\/uploads\/2025\/04\/idosos_1744123293268.jpg","datePublished":"2025-04-10T01:10:00+00:00","author":{"@id":"https:\/\/www.correiobraziliense.com.br\/cbradar\/#\/schema\/person\/58422787644df994b53a19d3e56c1513"},"description":"O que benefici\u00e1rios do BPC precisam saber sobre a regulariza\u00e7\u00e3o do Cadastro \u00d9nico: atualiza\u00e7\u00e3o importante para manter o benef\u00edcio e evitar bloqueios.","breadcrumb":{"@id":"https:\/\/www.correiobraziliense.com.br\/cbradar\/comunicado-importante-para-quem-e-beneficiario-do-cadunico-nesta-quarta-feira\/#breadcrumb"},"inLanguage":"pt-BR","potentialAction":[{"@type":"ReadAction","target":["https:\/\/www.correiobraziliense.com.br\/cbradar\/comunicado-importante-para-quem-e-beneficiario-do-cadunico-nesta-quarta-feira\/"]}]},{"@type":"ImageObject","inLanguage":"pt-BR","@id":"https:\/\/www.correiobraziliense.com.br\/cbradar\/comunicado-importante-para-quem-e-beneficiario-do-cadunico-nesta-quarta-feira\/#primaryimage","url":"https:\/\/www.correiobraziliense.com.br\/cbradar\/wp-content\/uploads\/2025\/04\/idosos_1744123293268.jpg","contentUrl":"https:\/\/www.correiobraziliense.com.br\/cbradar\/wp-content\/uploads\/2025\/04\/idosos_1744123293268.jpg","width":1280,"height":720,"caption":"idosos.Cr\u00e9ditos: depositphotos.com \/ AndrewLozovyi"},{"@type":"BreadcrumbList","@id":"https:\/\/www.correiobraziliense.com.br\/cbradar\/comunicado-importante-para-quem-e-beneficiario-do-cadunico-nesta-quarta-feira\/#breadcrumb","itemListElement":[{"@type":"ListItem","position":1,"name":"In\u00edcio","item":"https:\/\/www.correiobraziliense.com.br\/cbradar\/"},{"@type":"ListItem","position":2,"name":"Comunicado importante para quem \u00e9 benefici\u00e1rio do Cad\u00danico nesta quarta-feira"}]},{"@type":"WebSite","@id":"https:\/\/www.correiobraziliense.com.br\/cbradar\/#website","url":"https:\/\/www.correiobraziliense.com.br\/cbradar\/","name":"Correio Braziliense - Radar","description":"Acompanhe as \u00faltimas not\u00edcias e fique bem informado sobre tudo o que acontece no Brasil e no mundo.","potentialAction":[{"@type":"SearchAction","target":{"@type":"EntryPoint","urlTemplate":"https:\/\/www.correiobraziliense.com.br\/cbradar\/?s={search_term_string}"},"query-input":{"@type":"PropertyValueSpecification","valueRequired":true,"valueName":"search_term_string"}}],"inLanguage":"pt-BR"},{"@type":"Person","@id":"https:\/\/www.correiobraziliense.com.br\/cbradar\/#\/schema\/person\/58422787644df994b53a19d3e56c1513","name":"Larissa Carvalho","image":{"@type":"ImageObject","inLanguage":"pt-BR","@id":"https:\/\/www.correiobraziliense.com.br\/cbradar\/#\/schema\/person\/image\/","url":"https:\/\/secure.gravatar.com\/avatar\/fe4f91a0de32b52a838d0d612abdc1aa?s=96&d=mm&r=g","contentUrl":"https:\/\/secure.gravatar.com\/avatar\/fe4f91a0de32b52a838d0d612abdc1aa?s=96&d=mm&r=g","caption":"Larissa Carvalho"},"url":"https:\/\/www.correiobraziliense.com.br\/cbradar\/author\/larissamyth\/"}]}},"_links":{"self":[{"href":"https:\/\/www.correiobraziliense.com.br\/cbradar\/wp-json\/wp\/v2\/posts\/20872","targetHints":{"allow":["GET"]}}],"collection":[{"href":"https:\/\/www.correiobraziliense.com.br\/cbradar\/wp-json\/wp\/v2\/posts"}],"about":[{"href":"https:\/\/www.correiobraziliense.com.br\/cbradar\/wp-json\/wp\/v2\/types\/post"}],"author":[{"embeddable":true,"href":"https:\/\/www.correiobraziliense.com.br\/cbradar\/wp-json\/wp\/v2\/users\/3"}],"replies":[{"embeddable":true,"href":"https:\/\/www.correiobraziliense.com.br\/cbradar\/wp-json\/wp\/v2\/comments?post=20872"}],"version-history":[{"count":2,"href":"https:\/\/www.correiobraziliense.com.br\/cbradar\/wp-json\/wp\/v2\/posts\/20872\/revisions"}],"predecessor-version":[{"id":20977,"href":"https:\/\/www.correiobraziliense.com.br\/cbradar\/wp-json\/wp\/v2\/posts\/20872\/revisions\/20977"}],"wp:featuredmedia":[{"embeddable":true,"href":"https:\/\/www.correiobraziliense.com.br\/cbradar\/wp-json\/wp\/v2\/media\/20873"}],"wp:attachment":[{"href":"https:\/\/www.correiobraziliense.com.br\/cbradar\/wp-json\/wp\/v2\/media?parent=20872"}],"wp:term":[{"taxonomy":"category","embeddable":true,"href":"https:\/\/www.correiobraziliense.com.br\/cbradar\/wp-json\/wp\/v2\/categories?post=20872"},{"taxonomy":"post_tag","embeddable":true,"href":"https:\/\/www.correiobraziliense.com.br\/cbradar\/wp-json\/wp\/v2\/post_tag?post=20872"}],"curies":[{"name":"wp","href":"https:\/\/api.w.org\/{rel}","templated":true}]}}