{"id":208759,"date":"2026-03-15T18:25:00","date_gmt":"2026-03-15T21:25:00","guid":{"rendered":"https:\/\/www.correiobraziliense.com.br\/cbradar\/?p=208759"},"modified":"2026-03-14T16:59:16","modified_gmt":"2026-03-14T19:59:16","slug":"principais-sintomas-de-infarto-que-exigem-atencao","status":"publish","type":"post","link":"https:\/\/www.correiobraziliense.com.br\/cbradar\/principais-sintomas-de-infarto-que-exigem-atencao\/","title":{"rendered":"Principais sintomas de infarto que exigem aten\u00e7\u00e3o"},"content":{"rendered":"\n<p>O <strong>Infarto<\/strong>, tamb\u00e9m conhecido como ataque card\u00edaco, \u00e9 uma das principais causas de mortalidade no Brasil. Este evento ocorre quando o fluxo sangu\u00edneo para o cora\u00e7\u00e3o \u00e9 interrompido devido a bloqueios nas art\u00e9rias por co\u00e1gulos sangu\u00edneos. A priva\u00e7\u00e3o de sangue e oxig\u00eanio leva a danos ao m\u00fasculo card\u00edaco em um curto per\u00edodo.<\/p>\n\n\n\n<p>Embora muitas vezes o infarto aparente surgir de maneira repentina, seu desenvolvimento \u00e9 gradual, frequentemente ao longo de anos, principalmente por conta do ac\u00famulo de gordura nas art\u00e9rias. Conforme apontado por especialistas, h\u00e1 sinais de alerta que podem ser notados antecipadamente, e a detec\u00e7\u00e3o precoce pode ser crucial para evitar resultados fatais.<\/p>\n\n\n\n<h2 class=\"wp-block-heading\">Quais s\u00e3o os principais sintomas de um infarto?<\/h2>\n\n\n\n<p>O sintoma mais reconhecido do infarto \u00e9 a dor intensa ou press\u00e3o no peito, geralmente descrita como um aperto ou sensa\u00e7\u00e3o de compress\u00e3o. Essa dor normalmente persiste por mais de 15 ou 20 minutos e n\u00e3o alivia com repouso. No entanto, os sintomas podem variar e inclui-se a dor que irradia para outras partes do corpo como bra\u00e7os, mand\u00edbula, pesco\u00e7o, ombros ou costas.<\/p>\n\n\n\n<p>Falta de ar \u00e9 outro indicador significativo, ocasionalmente sendo o \u00fanico sintoma percept\u00edvel, principalmente em mulheres e idosos. Outros sinais relatados por pacientes incluem cansa\u00e7o incomum, suor frio, tontura, sensa\u00e7\u00e3o de desmaio, al\u00e9m de n\u00e1useas e v\u00f4mitos, destacando a complexidade e variabilidade na apresenta\u00e7\u00e3o dos sintomas de infarto.<\/p>\n\n\n\n<iframe loading=\"lazy\" width=\"1396\" height=\"785\" src=\"https:\/\/www.youtube.com\/embed\/ViU4oX9NAKk\" title=\"Quais s\u00e3o os sintomas do infarto?\" frameborder=\"0\" allow=\"accelerometer; autoplay; clipboard-write; encrypted-media; gyroscope; picture-in-picture; web-share\" referrerpolicy=\"strict-origin-when-cross-origin\" allowfullscreen><\/iframe>\n\n\n\n<h2 class=\"wp-block-heading\">Como os fatores de risco contribuem para o infarto?<\/h2>\n\n\n\n<p>O desenvolvimento do infarto est\u00e1 intimamente ligado a v\u00e1rios fatores de risco ao longo da vida. Entre os principais, destacam-se o tabagismo, hipertens\u00e3o, colesterol elevado, diabetes, obesidade, sedentarismo e o hist\u00f3rico familiar de doen\u00e7as cardiovasculares. O estilo de vida e a dieta, em especial, t\u00eam um papel significativo neste contexto.<\/p>\n\n\n\n<p>H\u00e1 evid\u00eancias de que o consumo de alimentos ultraprocessados est\u00e1 associado a um aumento nas chances de eventos cardiovasculares. Essas dietas contribuem para condi\u00e7\u00f5es como obesidade e hipertens\u00e3o, que exacerbam o risco de bloqueio das art\u00e9rias card\u00edacas. Por isso, adotar h\u00e1bitos saud\u00e1veis, como uma dieta equilibrada e exerc\u00edcios f\u00edsicos regulares, \u00e9 essencial para a preven\u00e7\u00e3o. Veja na tabela a seguir:<\/p>\n\n\n\n<style>\n  .make-wrap{\n    max-width: 760px;\n    margin: 26px auto;\n    padding: 18px;\n    border-radius: 18px;\n    background: linear-gradient(135deg,#fff7fb 0%,#f6f2ff 100%);\n    border: 1px solid #f7d4ea;\n    box-shadow: 0 8px 20px rgba(236,72,153,.12);\n    font-family: system-ui, -apple-system, Segoe UI, Roboto, Helvetica, Arial, sans-serif;\n  }\n\n  .make-title{\n    display:flex; \n    align-items:center; \n    gap:10px;\n    margin:0 0 12px 4px;\n    font-size:1.2rem; \n    font-weight:900; \n    color:#9d174d;\n  }\n\n  .make-table{\n    width:100%;\n    border-collapse:separate;\n    border-spacing:0;\n    overflow:hidden;\n    border-radius:16px;\n    border:1px solid #f7d4ea;\n    background:#fff;\n    font-size:.92rem;\n  }\n\n  .make-table thead th{\n    background:linear-gradient(90deg,#fde7f3 0%,#f8e9ff 100%);\n    padding:12px;\n    color:#7a1e63;\n    font-weight:800;\n    text-align:left;\n    border-bottom:1px solid #f7d4ea;\n  }\n\n  .make-table tbody td{\n    padding:12px;\n    color:#374151;\n    vertical-align:top;\n    border-bottom:1px dashed #f7d4ea;\n  }\n\n  .make-table tbody tr:nth-child(odd){\n    background:#fffaff;\n  }\n\n  .price{\n    display:inline-flex;\n    align-items:center;\n    background:#fff7ed;\n    color:#b45309;\n    padding:6px 10px;\n    border-radius:10px;\n    border:1px solid #fed7aa;\n    font-weight:700;\n    white-space:nowrap;\n  }\n\n  .badge{\n    display:inline-block;\n    background:#fde7f3;\n    color:#c026d3;\n    border:1px solid #fecdd3;\n    padding:4px 10px;\n    border-radius:999px;\n    font-weight:700;\n    font-size:.78rem;\n  }\n\n  @media (max-width:720px){\n    .make-table thead{display:none}\n    .make-table, .make-table tbody, .make-table tr, .make-table td{\n      display:block; \n      width:100%;\n    }\n    .make-table tr{\n      margin-bottom:12px;\n      border:1px solid #f7d4ea;\n      border-radius:14px;\n      overflow:hidden;\n      background:#fff;\n    }\n    .make-table td[data-label]:before{\n      content:attr(data-label);\n      display:block;\n      font-weight:800;\n      color:#7a1e63;\n      margin-bottom:4px;\n    }\n    .make-table tbody td:last-child{border-bottom:none}\n  }\n<\/style>\n\n<div class=\"make-wrap\">\n  <h3 class=\"make-title\">\u2764\ufe0f\u26a0\ufe0f Principais Fatores de Risco para Infarto<\/h3>\n\n  <table class=\"make-table\">\n    <thead>\n      <tr>\n        <th>Fator<\/th>\n        <th>Impacto na Sa\u00fade<\/th>\n      <\/tr>\n    <\/thead>\n    <tbody>\n      <tr>\n        <td data-label=\"Fator\"><span class=\"badge\">Tabagismo<\/span><\/td>\n        <td data-label=\"Impacto na Sa\u00fade\">Aumenta o risco de danos \u00e0s art\u00e9rias e favorece o desenvolvimento de doen\u00e7as cardiovasculares.<\/td>\n      <\/tr>\n      <tr>\n        <td data-label=\"Fator\"><span class=\"badge\">Hipertens\u00e3o<\/span><\/td>\n        <td data-label=\"Impacto na Sa\u00fade\">A press\u00e3o alta sobrecarrega o cora\u00e7\u00e3o e pode acelerar o processo de obstru\u00e7\u00e3o das art\u00e9rias.<\/td>\n      <\/tr>\n      <tr>\n        <td data-label=\"Fator\"><span class=\"badge\">Colesterol elevado<\/span><\/td>\n        <td data-label=\"Impacto na Sa\u00fade\">Favorece o ac\u00famulo de placas nas art\u00e9rias, dificultando a circula\u00e7\u00e3o sangu\u00ednea.<\/td>\n      <\/tr>\n      <tr>\n        <td data-label=\"Fator\"><span class=\"badge\">Diabetes<\/span><\/td>\n        <td data-label=\"Impacto na Sa\u00fade\">Pode danificar os vasos sangu\u00edneos e aumentar a probabilidade de eventos cardiovasculares.<\/td>\n      <\/tr>\n      <tr>\n        <td data-label=\"Fator\"><span class=\"badge\">Obesidade e sedentarismo<\/span><\/td>\n        <td data-label=\"Impacto na Sa\u00fade\">Contribuem para altera\u00e7\u00f5es metab\u00f3licas que elevam o risco de doen\u00e7as do cora\u00e7\u00e3o.<\/td>\n      <\/tr>\n      <tr>\n        <td data-label=\"Fator\"><span class=\"badge\">Hist\u00f3rico familiar<\/span><\/td>\n        <td data-label=\"Impacto na Sa\u00fade\">A predisposi\u00e7\u00e3o gen\u00e9tica pode aumentar a chance de problemas cardiovasculares.<\/td>\n      <\/tr>\n      <tr>\n        <td data-label=\"Fator\"><span class=\"badge\">Alimentos ultraprocessados<\/span><\/td>\n        <td data-label=\"Impacto na Sa\u00fade\">Dietas ricas nesses alimentos podem favorecer obesidade, hipertens\u00e3o e maior risco de bloqueio das art\u00e9rias.<\/td>\n      <\/tr>\n    <\/tbody>\n  <\/table>\n\n  <p style=\"margin-top:14px; color:#6b7280; font-size:.9rem;\">\n    \ud83d\udca1 <strong>Dica:<\/strong> manter uma alimenta\u00e7\u00e3o equilibrada e praticar exerc\u00edcios regularmente s\u00e3o medidas importantes para reduzir o risco de infarto.\n  <\/p>\n<\/div>\n\n\n\n<h2 class=\"wp-block-heading\">Qual a import\u00e2ncia do atendimento r\u00e1pido em casos de infarto?<\/h2>\n\n\n\n<p>A rapidez no atendimento ao infarto \u00e9 vital para minimizar danos ao cora\u00e7\u00e3o. Existe um conceito na cardiologia conhecido como &#8220;tempo \u00e9 m\u00fasculo&#8221;, que destaca a import\u00e2ncia de uma interven\u00e7\u00e3o r\u00e1pida para restaurar o fluxo sangu\u00edneo. Quanto mais cedo o tratamento \u00e9 iniciado, menores s\u00e3o os danos ao m\u00fasculo card\u00edaco.<\/p>\n\n\n\n<p>As recomenda\u00e7\u00f5es m\u00e9dicas enfatizam a import\u00e2ncia de buscar ajuda imediata ao perceber sinais graves, como dor no peito persistente por mais de 20 minutos, especialmente se associado a outros sintomas. Contatar o Servi\u00e7o de Atendimento M\u00f3vel de Urg\u00eancia (SAMU) pelo n\u00famero 192 \u00e9 crucial para garantir um tratamento r\u00e1pido e eficaz ao paciente.<\/p>\n\n\n<a href=\"https:\/\/www.instagram.com\/dra.annaluisabf\/\" target=\"_blank\" rel=\"noopener\" style=\"text-decoration: none; color: inherit;\">\n    <span style=\"display: inline-block; border: 1px solid #ccc; border-radius: 10px; padding: 15px; max-width: 550px; font-family: sans-serif; box-shadow: 0 2px 5px rgba(0,0,0,0.1); width: 100%;\">\n\n      <!-- T\u00edtulo -->\n      <span style=\"display: block; margin: 0 0 15px 0; font-weight: bold; color: #2c3e50; text-align: center;\">\n        Entre em contato:\n      <\/span>\n\n      <!-- Linha do perfil -->\n      <span style=\"display: flex; align-items: center; gap: 15px;\">\n        <img decoding=\"async\"\n          src=\"https:\/\/www.correiobraziliense.com.br\/cbradar\/wp-content\/uploads\/2025\/08\/dra_anna_luisa.jpeg\"\n          alt=\"Foto da Dra. Anna Lu\u00edsa\"\n          style=\"border-radius: 50%; width: 80px; height: 80px; object-fit: cover;\"\n        \/>\n        <span style=\"display: flex; flex-direction: column;\">\n          <span style=\"font-size: 18px; font-weight: 700; color: #2c3e50;\">Dra. Anna Lu\u00edsa Barbosa Fernandes<\/span>\n          <span style=\"color: #555;\">CRM-GO 33.271<\/span>\n        <\/span>\n      <\/span>\n\n      <!-- Redes -->\n      <span style=\"display: flex; align-items: center; gap: 10px; margin-top: 12px;\">\n        <img decoding=\"async\" src=\"https:\/\/cdn-icons-png.flaticon.com\/24\/1384\/1384063.png\" alt=\"Instagram\" width=\"24\" height=\"24\" \/>\n        <span style=\"text-decoration: underline; color: #2c3e50;\">@dra.annaluisabf<\/span>\n      <\/span>\n\n    <\/span>\n  <\/a>","protected":false},"excerpt":{"rendered":"<p>O Infarto, tamb\u00e9m conhecido como ataque card\u00edaco, \u00e9 uma das principais causas de mortalidade no Brasil. Este evento ocorre quando o fluxo sangu\u00edneo para o cora\u00e7\u00e3o \u00e9 interrompido devido a bloqueios nas art\u00e9rias por co\u00e1gulos sangu\u00edneos. A priva\u00e7\u00e3o de sangue e oxig\u00eanio leva a danos ao m\u00fasculo card\u00edaco em um curto per\u00edodo. Embora muitas vezes [&hellip;]<\/p>\n","protected":false},"author":14,"featured_media":51838,"comment_status":"open","ping_status":"open","sticky":false,"template":"","format":"standard","meta":{"_yoast_wpseo_focuskw":"sintomas de um infarto","_yoast_wpseo_title":"","_yoast_wpseo_metadesc":"O infarto pode apresentar sintomas como dor no peito, falta de ar e suor frio. Saiba reconhecer os sinais.","jnews-multi-image_gallery":[],"jnews_single_post":{"format":"standard"},"jnews_primary_category":[],"jnews_social_meta":[],"jnews_override_counter":[],"footnotes":""},"categories":[4404],"tags":[120,247,1318],"class_list":["post-208759","post","type-post","status-publish","format-standard","has-post-thumbnail","hentry","category-saude","tag-bem-estar","tag-qualidade-de-vida","tag-saude-2"],"yoast_head":"<!-- This site is optimized with the Yoast SEO plugin v24.6 - https:\/\/yoast.com\/wordpress\/plugins\/seo\/ -->\n<title>Principais sintomas de infarto que exigem aten\u00e7\u00e3o - Correio Braziliense - Radar<\/title>\n<meta name=\"description\" content=\"O infarto pode apresentar sintomas como dor no peito, falta de ar e suor frio. Saiba reconhecer os sinais.\" \/>\n<meta name=\"robots\" content=\"index, follow, max-snippet:-1, max-image-preview:large, max-video-preview:-1\" \/>\n<link rel=\"canonical\" href=\"https:\/\/www.correiobraziliense.com.br\/cbradar\/principais-sintomas-de-infarto-que-exigem-atencao\/\" \/>\n<meta property=\"og:locale\" content=\"pt_BR\" \/>\n<meta property=\"og:type\" content=\"article\" \/>\n<meta property=\"og:title\" content=\"Principais sintomas de infarto que exigem aten\u00e7\u00e3o - Correio Braziliense - Radar\" \/>\n<meta property=\"og:description\" content=\"O infarto pode apresentar sintomas como dor no peito, falta de ar e suor frio. Saiba reconhecer os sinais.\" \/>\n<meta property=\"og:url\" content=\"https:\/\/www.correiobraziliense.com.br\/cbradar\/principais-sintomas-de-infarto-que-exigem-atencao\/\" \/>\n<meta property=\"og:site_name\" content=\"Correio Braziliense - Radar\" \/>\n<meta property=\"article:published_time\" content=\"2026-03-15T21:25:00+00:00\" \/>\n<meta property=\"og:image\" content=\"https:\/\/www.correiobraziliense.com.br\/cbradar\/wp-content\/uploads\/2025\/06\/infarto_1749650051021.jpg\" \/>\n\t<meta property=\"og:image:width\" content=\"1280\" \/>\n\t<meta property=\"og:image:height\" content=\"720\" \/>\n\t<meta property=\"og:image:type\" content=\"image\/jpeg\" \/>\n<meta name=\"author\" content=\"guilherme_saude\" \/>\n<meta name=\"twitter:card\" content=\"summary_large_image\" \/>\n<meta name=\"twitter:label1\" content=\"Escrito por\" \/>\n\t<meta name=\"twitter:data1\" content=\"guilherme_saude\" \/>\n\t<meta name=\"twitter:label2\" content=\"Est. tempo de leitura\" \/>\n\t<meta name=\"twitter:data2\" content=\"4 minutos\" \/>\n<!-- \/ Yoast SEO plugin. -->","yoast_head_json":{"title":"Principais sintomas de infarto que exigem aten\u00e7\u00e3o - Correio Braziliense - Radar","description":"O infarto pode apresentar sintomas como dor no peito, falta de ar e suor frio. Saiba reconhecer os sinais.","robots":{"index":"index","follow":"follow","max-snippet":"max-snippet:-1","max-image-preview":"max-image-preview:large","max-video-preview":"max-video-preview:-1"},"canonical":"https:\/\/www.correiobraziliense.com.br\/cbradar\/principais-sintomas-de-infarto-que-exigem-atencao\/","og_locale":"pt_BR","og_type":"article","og_title":"Principais sintomas de infarto que exigem aten\u00e7\u00e3o - Correio Braziliense - Radar","og_description":"O infarto pode apresentar sintomas como dor no peito, falta de ar e suor frio. Saiba reconhecer os sinais.","og_url":"https:\/\/www.correiobraziliense.com.br\/cbradar\/principais-sintomas-de-infarto-que-exigem-atencao\/","og_site_name":"Correio Braziliense - Radar","article_published_time":"2026-03-15T21:25:00+00:00","og_image":[{"width":1280,"height":720,"url":"https:\/\/www.correiobraziliense.com.br\/cbradar\/wp-content\/uploads\/2025\/06\/infarto_1749650051021.jpg","type":"image\/jpeg"}],"author":"guilherme_saude","twitter_card":"summary_large_image","twitter_misc":{"Escrito por":"guilherme_saude","Est. tempo de leitura":"4 minutos"},"schema":{"@context":"https:\/\/schema.org","@graph":[{"@type":"WebPage","@id":"https:\/\/www.correiobraziliense.com.br\/cbradar\/principais-sintomas-de-infarto-que-exigem-atencao\/","url":"https:\/\/www.correiobraziliense.com.br\/cbradar\/principais-sintomas-de-infarto-que-exigem-atencao\/","name":"Principais sintomas de infarto que exigem aten\u00e7\u00e3o - Correio Braziliense - Radar","isPartOf":{"@id":"https:\/\/www.correiobraziliense.com.br\/cbradar\/#website"},"primaryImageOfPage":{"@id":"https:\/\/www.correiobraziliense.com.br\/cbradar\/principais-sintomas-de-infarto-que-exigem-atencao\/#primaryimage"},"image":{"@id":"https:\/\/www.correiobraziliense.com.br\/cbradar\/principais-sintomas-de-infarto-que-exigem-atencao\/#primaryimage"},"thumbnailUrl":"https:\/\/www.correiobraziliense.com.br\/cbradar\/wp-content\/uploads\/2025\/06\/infarto_1749650051021.jpg","datePublished":"2026-03-15T21:25:00+00:00","author":{"@id":"https:\/\/www.correiobraziliense.com.br\/cbradar\/#\/schema\/person\/5aa4bf3c8fa699c267933611de12978b"},"description":"O infarto pode apresentar sintomas como dor no peito, falta de ar e suor frio. Saiba reconhecer os sinais.","breadcrumb":{"@id":"https:\/\/www.correiobraziliense.com.br\/cbradar\/principais-sintomas-de-infarto-que-exigem-atencao\/#breadcrumb"},"inLanguage":"pt-BR","potentialAction":[{"@type":"ReadAction","target":["https:\/\/www.correiobraziliense.com.br\/cbradar\/principais-sintomas-de-infarto-que-exigem-atencao\/"]}]},{"@type":"ImageObject","inLanguage":"pt-BR","@id":"https:\/\/www.correiobraziliense.com.br\/cbradar\/principais-sintomas-de-infarto-que-exigem-atencao\/#primaryimage","url":"https:\/\/www.correiobraziliense.com.br\/cbradar\/wp-content\/uploads\/2025\/06\/infarto_1749650051021.jpg","contentUrl":"https:\/\/www.correiobraziliense.com.br\/cbradar\/wp-content\/uploads\/2025\/06\/infarto_1749650051021.jpg","width":1280,"height":720,"caption":"Infarto - Cr\u00e9ditos: depositphotos.com \/ ArturVerkhovetskiy"},{"@type":"BreadcrumbList","@id":"https:\/\/www.correiobraziliense.com.br\/cbradar\/principais-sintomas-de-infarto-que-exigem-atencao\/#breadcrumb","itemListElement":[{"@type":"ListItem","position":1,"name":"In\u00edcio","item":"https:\/\/www.correiobraziliense.com.br\/cbradar\/"},{"@type":"ListItem","position":2,"name":"Principais sintomas de infarto que exigem aten\u00e7\u00e3o"}]},{"@type":"WebSite","@id":"https:\/\/www.correiobraziliense.com.br\/cbradar\/#website","url":"https:\/\/www.correiobraziliense.com.br\/cbradar\/","name":"Correio Braziliense - Radar","description":"Acompanhe as \u00faltimas not\u00edcias e fique bem informado sobre tudo o que acontece no Brasil e no mundo.","potentialAction":[{"@type":"SearchAction","target":{"@type":"EntryPoint","urlTemplate":"https:\/\/www.correiobraziliense.com.br\/cbradar\/?s={search_term_string}"},"query-input":{"@type":"PropertyValueSpecification","valueRequired":true,"valueName":"search_term_string"}}],"inLanguage":"pt-BR"},{"@type":"Person","@id":"https:\/\/www.correiobraziliense.com.br\/cbradar\/#\/schema\/person\/5aa4bf3c8fa699c267933611de12978b","name":"guilherme_saude","image":{"@type":"ImageObject","inLanguage":"pt-BR","@id":"https:\/\/www.correiobraziliense.com.br\/cbradar\/#\/schema\/person\/image\/","url":"https:\/\/secure.gravatar.com\/avatar\/df9adfb835d344bc0af109d41756253f?s=96&d=mm&r=g","contentUrl":"https:\/\/secure.gravatar.com\/avatar\/df9adfb835d344bc0af109d41756253f?s=96&d=mm&r=g","caption":"guilherme_saude"},"url":"https:\/\/www.correiobraziliense.com.br\/cbradar\/author\/guilherme_saude\/"}]}},"_links":{"self":[{"href":"https:\/\/www.correiobraziliense.com.br\/cbradar\/wp-json\/wp\/v2\/posts\/208759","targetHints":{"allow":["GET"]}}],"collection":[{"href":"https:\/\/www.correiobraziliense.com.br\/cbradar\/wp-json\/wp\/v2\/posts"}],"about":[{"href":"https:\/\/www.correiobraziliense.com.br\/cbradar\/wp-json\/wp\/v2\/types\/post"}],"author":[{"embeddable":true,"href":"https:\/\/www.correiobraziliense.com.br\/cbradar\/wp-json\/wp\/v2\/users\/14"}],"replies":[{"embeddable":true,"href":"https:\/\/www.correiobraziliense.com.br\/cbradar\/wp-json\/wp\/v2\/comments?post=208759"}],"version-history":[{"count":1,"href":"https:\/\/www.correiobraziliense.com.br\/cbradar\/wp-json\/wp\/v2\/posts\/208759\/revisions"}],"predecessor-version":[{"id":208764,"href":"https:\/\/www.correiobraziliense.com.br\/cbradar\/wp-json\/wp\/v2\/posts\/208759\/revisions\/208764"}],"wp:featuredmedia":[{"embeddable":true,"href":"https:\/\/www.correiobraziliense.com.br\/cbradar\/wp-json\/wp\/v2\/media\/51838"}],"wp:attachment":[{"href":"https:\/\/www.correiobraziliense.com.br\/cbradar\/wp-json\/wp\/v2\/media?parent=208759"}],"wp:term":[{"taxonomy":"category","embeddable":true,"href":"https:\/\/www.correiobraziliense.com.br\/cbradar\/wp-json\/wp\/v2\/categories?post=208759"},{"taxonomy":"post_tag","embeddable":true,"href":"https:\/\/www.correiobraziliense.com.br\/cbradar\/wp-json\/wp\/v2\/tags?post=208759"}],"curies":[{"name":"wp","href":"https:\/\/api.w.org\/{rel}","templated":true}]}}