{"id":208775,"date":"2026-03-15T21:35:00","date_gmt":"2026-03-16T00:35:00","guid":{"rendered":"https:\/\/www.correiobraziliense.com.br\/cbradar\/?p=208775"},"modified":"2026-03-14T17:07:27","modified_gmt":"2026-03-14T20:07:27","slug":"como-a-nutrigenomica-pode-ajudar-a-personalizar-dietas","status":"publish","type":"post","link":"https:\/\/www.correiobraziliense.com.br\/cbradar\/como-a-nutrigenomica-pode-ajudar-a-personalizar-dietas\/","title":{"rendered":"Como a nutrigen\u00f4mica pode ajudar a personalizar dietas"},"content":{"rendered":"\n<p>A rela\u00e7\u00e3o entre alimenta\u00e7\u00e3o, gen\u00e9tica e envelhecimento tem despertado um interesse crescente nos campos da nutri\u00e7\u00e3o e da sa\u00fade. Pesquisas cient\u00edficas indicam que varia\u00e7\u00f5es no DNA de cada indiv\u00edduo podem afetar a forma como o corpo responde aos nutrientes e padr\u00f5es alimentares. Nesse contexto, a nutrigen\u00f4mica ganha destaque por oferecer diretrizes nutricionais personalizadas, focadas na preven\u00e7\u00e3o de doen\u00e7as e na promo\u00e7\u00e3o de uma longevidade mais saud\u00e1vel.<\/p>\n\n\n\n<h2 class=\"wp-block-heading\">Como a nutrigen\u00f4mica analisa a intera\u00e7\u00e3o entre alimentos e genes?<\/h2>\n\n\n\n<p>O foco da nutrigen\u00f4mica \u00e9 analisar como os alimentos interagem com os genes, influenciando sua express\u00e3o em vez de modific\u00e1-los. Esse campo de estudo mapeia respostas biol\u00f3gicas a diferentes dietas, mostrando como certos nutrientes podem ativar ou silenciar genes ligados \u00e0 inflama\u00e7\u00e3o, ao metabolismo e ao estresse oxidativo.<\/p>\n\n\n\n<p>Com essas informa\u00e7\u00f5es, \u00e9 poss\u00edvel ajustar recomenda\u00e7\u00f5es diet\u00e9ticas para reduzir riscos de diabetes, hipertens\u00e3o e certos tipos de c\u00e2ncer. Assim, a nutrigen\u00f4mica auxilia na constru\u00e7\u00e3o de estrat\u00e9gias de preven\u00e7\u00e3o mais precisas, alinhadas ao perfil gen\u00e9tico de cada pessoa.<\/p>\n\n\n\n<p>O v\u00eddeo explica <strong>o que \u00e9 nutrigen\u00f4mica<\/strong>, que \u00e9 o estudo de como os alimentos influenciam a express\u00e3o dos nossos genes e, consequentemente, nossa sa\u00fade, desempenho e preven\u00e7\u00e3o de doen\u00e7as. Ele ajuda a entender como escolhas alimentares podem impactar de forma personalizada o corpo de cada pessoa.<\/p>\n\n\n\n<iframe loading=\"lazy\" width=\"1396\" height=\"785\" src=\"https:\/\/www.youtube.com\/embed\/ZiOFT-D3dz4\" title=\"O que \u00e9 nutrigen\u00f4mica?\" frameborder=\"0\" allow=\"accelerometer; autoplay; clipboard-write; encrypted-media; gyroscope; picture-in-picture; web-share\" referrerpolicy=\"strict-origin-when-cross-origin\" allowfullscreen><\/iframe>\n\n\n\n<h2 class=\"wp-block-heading\">Como a nutrigen\u00f4mica personaliza dietas de forma pr\u00e1tica?<\/h2>\n\n\n\n<p>A personaliza\u00e7\u00e3o de dietas baseada na nutrigen\u00f4mica adapta o plano alimentar \u00e0s caracter\u00edsticas gen\u00e9ticas individuais, em vez de aplicar dietas gen\u00e9ricas. Por meio de an\u00e1lises gen\u00e9ticas, \u00e9 poss\u00edvel saber se um indiv\u00edduo metaboliza melhor certos tipos de gorduras, \u00e9 mais sens\u00edvel \u00e0 cafe\u00edna ou apresenta maior resposta glic\u00eamica a determinados carboidratos.<\/p>\n\n\n\n<p>Entre as aplica\u00e7\u00f5es pr\u00e1ticas da nutrigen\u00f4mica, destacam-se ajustes no consumo de carboidratos, escolha de gorduras adequadas ao perfil gen\u00e9tico e defini\u00e7\u00e3o da necessidade de antioxidantes. Em muitos casos, um plano alimentar personalizado pode incluir orienta\u00e7\u00f5es como:<\/p>\n\n\n\n<style>\n  .make-wrap{\n    max-width: 760px;\n    margin: 26px auto;\n    padding: 18px;\n    border-radius: 18px;\n    background: linear-gradient(135deg,#fff7fb 0%,#f6f2ff 100%);\n    border: 1px solid #f7d4ea;\n    box-shadow: 0 8px 20px rgba(236,72,153,.12);\n    font-family: system-ui, -apple-system, Segoe UI, Roboto, Helvetica, Arial, sans-serif;\n  }\n\n  .make-title{\n    display:flex; \n    align-items:center; \n    gap:10px;\n    margin:0 0 12px 4px;\n    font-size:1.2rem; \n    font-weight:900; \n    color:#9d174d;\n  }\n\n  .make-table{\n    width:100%;\n    border-collapse:separate;\n    border-spacing:0;\n    overflow:hidden;\n    border-radius:16px;\n    border:1px solid #f7d4ea;\n    background:#fff;\n    font-size:.92rem;\n  }\n\n  .make-table thead th{\n    background:linear-gradient(90deg,#fde7f3 0%,#f8e9ff 100%);\n    padding:12px;\n    color:#7a1e63;\n    font-weight:800;\n    text-align:left;\n    border-bottom:1px solid #f7d4ea;\n  }\n\n  .make-table tbody td{\n    padding:12px;\n    color:#374151;\n    vertical-align:top;\n    border-bottom:1px dashed #f7d4ea;\n  }\n\n  .make-table tbody tr:nth-child(odd){\n    background:#fffaff;\n  }\n\n  .price{\n    display:inline-flex;\n    align-items:center;\n    background:#fff7ed;\n    color:#b45309;\n    padding:6px 10px;\n    border-radius:10px;\n    border:1px solid #fed7aa;\n    font-weight:700;\n    white-space:nowrap;\n  }\n\n  .badge{\n    display:inline-block;\n    background:#fde7f3;\n    color:#c026d3;\n    border:1px solid #fecdd3;\n    padding:4px 10px;\n    border-radius:999px;\n    font-weight:700;\n    font-size:.78rem;\n  }\n\n  @media (max-width:720px){\n    .make-table thead{display:none}\n    .make-table, .make-table tbody, .make-table tr, .make-table td{\n      display:block; \n      width:100%;\n    }\n    .make-table tr{\n      margin-bottom:12px;\n      border:1px solid #f7d4ea;\n      border-radius:14px;\n      overflow:hidden;\n      background:#fff;\n    }\n    .make-table td[data-label]:before{\n      content:attr(data-label);\n      display:block;\n      font-weight:800;\n      color:#7a1e63;\n      margin-bottom:4px;\n    }\n    .make-table tbody td:last-child{border-bottom:none}\n  }\n<\/style>\n\n<div class=\"make-wrap\">\n  <h3 class=\"make-title\">\ud83e\uddec\ud83e\udd57 Estrat\u00e9gias de Nutri\u00e7\u00e3o Personalizada<\/h3>\n\n  <table class=\"make-table\">\n    <thead>\n      <tr>\n        <th>Ajuste Nutricional<\/th>\n        <th>Como Funciona<\/th>\n      <\/tr>\n    <\/thead>\n    <tbody>\n      <tr>\n        <td data-label=\"Ajuste Nutricional\"><span class=\"badge\">Carboidratos<\/span><\/td>\n        <td data-label=\"Como Funciona\">Modular a quantidade e o tipo de carboidratos conforme a resposta glic\u00eamica individual.<\/td>\n      <\/tr>\n      <tr>\n        <td data-label=\"Ajuste Nutricional\"><span class=\"badge\">Gorduras saud\u00e1veis<\/span><\/td>\n        <td data-label=\"Como Funciona\">Priorizar gorduras mono e poli-insaturadas de acordo com variantes gen\u00e9ticas ligadas ao metabolismo lip\u00eddico.<\/td>\n      <\/tr>\n      <tr>\n        <td data-label=\"Ajuste Nutricional\"><span class=\"badge\">Cafe\u00edna<\/span><\/td>\n        <td data-label=\"Como Funciona\">Aumentar ou reduzir a ingest\u00e3o de cafe\u00edna conforme a velocidade de metaboliza\u00e7\u00e3o identificada nos genes.<\/td>\n      <\/tr>\n      <tr>\n        <td data-label=\"Ajuste Nutricional\"><span class=\"badge\">Antioxidantes e fibras<\/span><\/td>\n        <td data-label=\"Como Funciona\">Ajustar o consumo de antioxidantes naturais, fibras e micronutrientes para otimizar prote\u00e7\u00e3o celular e bem-estar.<\/td>\n      <\/tr>\n    <\/tbody>\n  <\/table>\n\n  <p style=\"margin-top:14px; color:#6b7280; font-size:.9rem;\">\n    \ud83d\udca1 <strong>Dica:<\/strong> a nutri\u00e7\u00e3o personalizada considera caracter\u00edsticas gen\u00e9ticas e metab\u00f3licas para orientar escolhas alimentares mais eficientes.\n  <\/p>\n<\/div>\n\n\n\n<h2 class=\"wp-block-heading\">De que maneira a nutrigen\u00f4mica contribui para a longevidade saud\u00e1vel?<\/h2>\n\n\n\n<p>A promo\u00e7\u00e3o da longevidade associada \u00e0 nutrigen\u00f4mica busca prolongar a vida com funcionalidade, autonomia e menor incid\u00eancia de doen\u00e7as cr\u00f4nicas. Certos genes influenciam a capacidade de reparar danos celulares, controlar a inflama\u00e7\u00e3o e neutralizar radicais livres, processos diretamente ligados ao envelhecimento.<\/p>\n\n\n\n<p>Ao identificar fragilidades nesses mecanismos biol\u00f3gicos, torna-se vi\u00e1vel elaborar um regime alimentar que fortale\u00e7a a prote\u00e7\u00e3o celular. Indiv\u00edduos com predisposi\u00e7\u00e3o ao estresse oxidativo podem se beneficiar de maior consumo de antioxidantes naturais, enquanto aqueles com tend\u00eancia a acumular gordura podem obter vantagens ao limitar a\u00e7\u00facares simples e aumentar o aporte de fibras.<\/p>\n\n\n\n<h2 class=\"wp-block-heading\">A nutrigen\u00f4mica \u00e9 adequada e acess\u00edvel para todas as pessoas?<\/h2>\n\n\n\n<p>Embora a nutrigen\u00f4mica ofere\u00e7a ferramentas avan\u00e7adas, sua aplica\u00e7\u00e3o requer testes gen\u00e9ticos confi\u00e1veis e o apoio de profissionais qualificados. Os resultados devem ser interpretados junto ao hist\u00f3rico m\u00e9dico, aos h\u00e1bitos de vida e a fatores sociais e psicol\u00f3gicos, evitando solu\u00e7\u00f5es simplistas baseadas apenas em um gene ou marcador isolado.<\/p>\n\n\n\n<p>\u00c9 importante destacar que a nutrigen\u00f4mica n\u00e3o substitui princ\u00edpios gerais da nutri\u00e7\u00e3o, como consumir frutas, verduras, legumes, cereais integrais e prote\u00ednas de qualidade. Com os avan\u00e7os esperados at\u00e9 2026, a tend\u00eancia \u00e9 que se integre ainda mais \u00e0 pr\u00e1tica cl\u00ednica, refinando recomenda\u00e7\u00f5es e ampliando o papel das dietas personalizadas na promo\u00e7\u00e3o do bem-estar ao longo da vida.<\/p>\n\n\n<a href=\"https:\/\/www.instagram.com\/dra.annaluisabf\/\" target=\"_blank\" rel=\"noopener\" style=\"text-decoration: none; color: inherit;\">\n    <span style=\"display: inline-block; border: 1px solid #ccc; border-radius: 10px; padding: 15px; max-width: 550px; font-family: sans-serif; box-shadow: 0 2px 5px rgba(0,0,0,0.1); width: 100%;\">\n\n      <!-- T\u00edtulo -->\n      <span style=\"display: block; margin: 0 0 15px 0; font-weight: bold; color: #2c3e50; text-align: center;\">\n        Entre em contato:\n      <\/span>\n\n      <!-- Linha do perfil -->\n      <span style=\"display: flex; align-items: center; gap: 15px;\">\n        <img decoding=\"async\"\n          src=\"https:\/\/www.correiobraziliense.com.br\/cbradar\/wp-content\/uploads\/2025\/08\/dra_anna_luisa.jpeg\"\n          alt=\"Foto da Dra. Anna Lu\u00edsa\"\n          style=\"border-radius: 50%; width: 80px; height: 80px; object-fit: cover;\"\n        \/>\n        <span style=\"display: flex; flex-direction: column;\">\n          <span style=\"font-size: 18px; font-weight: 700; color: #2c3e50;\">Dra. Anna Lu\u00edsa Barbosa Fernandes<\/span>\n          <span style=\"color: #555;\">CRM-GO 33.271<\/span>\n        <\/span>\n      <\/span>\n\n      <!-- Redes -->\n      <span style=\"display: flex; align-items: center; gap: 10px; margin-top: 12px;\">\n        <img decoding=\"async\" src=\"https:\/\/cdn-icons-png.flaticon.com\/24\/1384\/1384063.png\" alt=\"Instagram\" width=\"24\" height=\"24\" \/>\n        <span style=\"text-decoration: underline; color: #2c3e50;\">@dra.annaluisabf<\/span>\n      <\/span>\n\n    <\/span>\n  <\/a>","protected":false},"excerpt":{"rendered":"<p>A rela\u00e7\u00e3o entre alimenta\u00e7\u00e3o, gen\u00e9tica e envelhecimento tem despertado um interesse crescente nos campos da nutri\u00e7\u00e3o e da sa\u00fade. Pesquisas cient\u00edficas indicam que varia\u00e7\u00f5es no DNA de cada indiv\u00edduo podem afetar a forma como o corpo responde aos nutrientes e padr\u00f5es alimentares. Nesse contexto, a nutrigen\u00f4mica ganha destaque por oferecer diretrizes nutricionais personalizadas, focadas na [&hellip;]<\/p>\n","protected":false},"author":14,"featured_media":208784,"comment_status":"open","ping_status":"open","sticky":false,"template":"","format":"standard","meta":{"_yoast_wpseo_focuskw":"nutrigen\u00f4mica","_yoast_wpseo_title":"","_yoast_wpseo_metadesc":"A nutrigen\u00f4mica estuda como os alimentos interagem com os genes e podem influenciar a sa\u00fade.","jnews-multi-image_gallery":[],"jnews_single_post":{"format":"standard"},"jnews_primary_category":[],"jnews_social_meta":[],"jnews_override_counter":[],"footnotes":""},"categories":[4404],"tags":[120,247,565],"class_list":["post-208775","post","type-post","status-publish","format-standard","has-post-thumbnail","hentry","category-saude","tag-bem-estar","tag-qualidade-de-vida","tag-saude"],"yoast_head":"<!-- This site is optimized with the Yoast SEO plugin v24.6 - https:\/\/yoast.com\/wordpress\/plugins\/seo\/ -->\n<title>Como a nutrigen\u00f4mica pode ajudar a personalizar dietas - Correio Braziliense - Radar<\/title>\n<meta name=\"description\" content=\"A nutrigen\u00f4mica estuda como os alimentos interagem com os genes e podem influenciar a sa\u00fade.\" \/>\n<meta name=\"robots\" content=\"index, follow, max-snippet:-1, max-image-preview:large, max-video-preview:-1\" \/>\n<link rel=\"canonical\" href=\"https:\/\/www.correiobraziliense.com.br\/cbradar\/como-a-nutrigenomica-pode-ajudar-a-personalizar-dietas\/\" \/>\n<meta property=\"og:locale\" content=\"pt_BR\" \/>\n<meta property=\"og:type\" content=\"article\" \/>\n<meta property=\"og:title\" content=\"Como a nutrigen\u00f4mica pode ajudar a personalizar dietas - Correio Braziliense - Radar\" \/>\n<meta property=\"og:description\" content=\"A nutrigen\u00f4mica estuda como os alimentos interagem com os genes e podem influenciar a sa\u00fade.\" \/>\n<meta property=\"og:url\" content=\"https:\/\/www.correiobraziliense.com.br\/cbradar\/como-a-nutrigenomica-pode-ajudar-a-personalizar-dietas\/\" \/>\n<meta property=\"og:site_name\" content=\"Correio Braziliense - Radar\" \/>\n<meta property=\"article:published_time\" content=\"2026-03-16T00:35:00+00:00\" \/>\n<meta property=\"og:image\" content=\"https:\/\/www.correiobraziliense.com.br\/cbradar\/wp-content\/uploads\/2026\/03\/genoma_1773518800954.jpg\" \/>\n\t<meta property=\"og:image:width\" content=\"1280\" \/>\n\t<meta property=\"og:image:height\" content=\"720\" \/>\n\t<meta property=\"og:image:type\" content=\"image\/jpeg\" \/>\n<meta name=\"author\" content=\"guilherme_saude\" \/>\n<meta name=\"twitter:card\" content=\"summary_large_image\" \/>\n<meta name=\"twitter:label1\" content=\"Escrito por\" \/>\n\t<meta name=\"twitter:data1\" content=\"guilherme_saude\" \/>\n\t<meta name=\"twitter:label2\" content=\"Est. tempo de leitura\" \/>\n\t<meta name=\"twitter:data2\" content=\"5 minutos\" \/>\n<!-- \/ Yoast SEO plugin. -->","yoast_head_json":{"title":"Como a nutrigen\u00f4mica pode ajudar a personalizar dietas - Correio Braziliense - Radar","description":"A nutrigen\u00f4mica estuda como os alimentos interagem com os genes e podem influenciar a sa\u00fade.","robots":{"index":"index","follow":"follow","max-snippet":"max-snippet:-1","max-image-preview":"max-image-preview:large","max-video-preview":"max-video-preview:-1"},"canonical":"https:\/\/www.correiobraziliense.com.br\/cbradar\/como-a-nutrigenomica-pode-ajudar-a-personalizar-dietas\/","og_locale":"pt_BR","og_type":"article","og_title":"Como a nutrigen\u00f4mica pode ajudar a personalizar dietas - Correio Braziliense - Radar","og_description":"A nutrigen\u00f4mica estuda como os alimentos interagem com os genes e podem influenciar a sa\u00fade.","og_url":"https:\/\/www.correiobraziliense.com.br\/cbradar\/como-a-nutrigenomica-pode-ajudar-a-personalizar-dietas\/","og_site_name":"Correio Braziliense - Radar","article_published_time":"2026-03-16T00:35:00+00:00","og_image":[{"width":1280,"height":720,"url":"https:\/\/www.correiobraziliense.com.br\/cbradar\/wp-content\/uploads\/2026\/03\/genoma_1773518800954.jpg","type":"image\/jpeg"}],"author":"guilherme_saude","twitter_card":"summary_large_image","twitter_misc":{"Escrito por":"guilherme_saude","Est. tempo de leitura":"5 minutos"},"schema":{"@context":"https:\/\/schema.org","@graph":[{"@type":"WebPage","@id":"https:\/\/www.correiobraziliense.com.br\/cbradar\/como-a-nutrigenomica-pode-ajudar-a-personalizar-dietas\/","url":"https:\/\/www.correiobraziliense.com.br\/cbradar\/como-a-nutrigenomica-pode-ajudar-a-personalizar-dietas\/","name":"Como a nutrigen\u00f4mica pode ajudar a personalizar dietas - Correio Braziliense - Radar","isPartOf":{"@id":"https:\/\/www.correiobraziliense.com.br\/cbradar\/#website"},"primaryImageOfPage":{"@id":"https:\/\/www.correiobraziliense.com.br\/cbradar\/como-a-nutrigenomica-pode-ajudar-a-personalizar-dietas\/#primaryimage"},"image":{"@id":"https:\/\/www.correiobraziliense.com.br\/cbradar\/como-a-nutrigenomica-pode-ajudar-a-personalizar-dietas\/#primaryimage"},"thumbnailUrl":"https:\/\/www.correiobraziliense.com.br\/cbradar\/wp-content\/uploads\/2026\/03\/genoma_1773518800954.jpg","datePublished":"2026-03-16T00:35:00+00:00","author":{"@id":"https:\/\/www.correiobraziliense.com.br\/cbradar\/#\/schema\/person\/5aa4bf3c8fa699c267933611de12978b"},"description":"A nutrigen\u00f4mica estuda como os alimentos interagem com os genes e podem influenciar a sa\u00fade.","breadcrumb":{"@id":"https:\/\/www.correiobraziliense.com.br\/cbradar\/como-a-nutrigenomica-pode-ajudar-a-personalizar-dietas\/#breadcrumb"},"inLanguage":"pt-BR","potentialAction":[{"@type":"ReadAction","target":["https:\/\/www.correiobraziliense.com.br\/cbradar\/como-a-nutrigenomica-pode-ajudar-a-personalizar-dietas\/"]}]},{"@type":"ImageObject","inLanguage":"pt-BR","@id":"https:\/\/www.correiobraziliense.com.br\/cbradar\/como-a-nutrigenomica-pode-ajudar-a-personalizar-dietas\/#primaryimage","url":"https:\/\/www.correiobraziliense.com.br\/cbradar\/wp-content\/uploads\/2026\/03\/genoma_1773518800954.jpg","contentUrl":"https:\/\/www.correiobraziliense.com.br\/cbradar\/wp-content\/uploads\/2026\/03\/genoma_1773518800954.jpg","width":1280,"height":720,"caption":"Entenda como a nutrigen\u00f4mica influencia a alimenta\u00e7\u00e3o - Cr\u00e9ditos: depositphotos.com \/ HayDmitriy"},{"@type":"BreadcrumbList","@id":"https:\/\/www.correiobraziliense.com.br\/cbradar\/como-a-nutrigenomica-pode-ajudar-a-personalizar-dietas\/#breadcrumb","itemListElement":[{"@type":"ListItem","position":1,"name":"In\u00edcio","item":"https:\/\/www.correiobraziliense.com.br\/cbradar\/"},{"@type":"ListItem","position":2,"name":"Como a nutrigen\u00f4mica pode ajudar a personalizar dietas"}]},{"@type":"WebSite","@id":"https:\/\/www.correiobraziliense.com.br\/cbradar\/#website","url":"https:\/\/www.correiobraziliense.com.br\/cbradar\/","name":"Correio Braziliense - Radar","description":"Acompanhe as \u00faltimas not\u00edcias e fique bem informado sobre tudo o que acontece no Brasil e no mundo.","potentialAction":[{"@type":"SearchAction","target":{"@type":"EntryPoint","urlTemplate":"https:\/\/www.correiobraziliense.com.br\/cbradar\/?s={search_term_string}"},"query-input":{"@type":"PropertyValueSpecification","valueRequired":true,"valueName":"search_term_string"}}],"inLanguage":"pt-BR"},{"@type":"Person","@id":"https:\/\/www.correiobraziliense.com.br\/cbradar\/#\/schema\/person\/5aa4bf3c8fa699c267933611de12978b","name":"guilherme_saude","image":{"@type":"ImageObject","inLanguage":"pt-BR","@id":"https:\/\/www.correiobraziliense.com.br\/cbradar\/#\/schema\/person\/image\/","url":"https:\/\/secure.gravatar.com\/avatar\/df9adfb835d344bc0af109d41756253f?s=96&d=mm&r=g","contentUrl":"https:\/\/secure.gravatar.com\/avatar\/df9adfb835d344bc0af109d41756253f?s=96&d=mm&r=g","caption":"guilherme_saude"},"url":"https:\/\/www.correiobraziliense.com.br\/cbradar\/author\/guilherme_saude\/"}]}},"_links":{"self":[{"href":"https:\/\/www.correiobraziliense.com.br\/cbradar\/wp-json\/wp\/v2\/posts\/208775","targetHints":{"allow":["GET"]}}],"collection":[{"href":"https:\/\/www.correiobraziliense.com.br\/cbradar\/wp-json\/wp\/v2\/posts"}],"about":[{"href":"https:\/\/www.correiobraziliense.com.br\/cbradar\/wp-json\/wp\/v2\/types\/post"}],"author":[{"embeddable":true,"href":"https:\/\/www.correiobraziliense.com.br\/cbradar\/wp-json\/wp\/v2\/users\/14"}],"replies":[{"embeddable":true,"href":"https:\/\/www.correiobraziliense.com.br\/cbradar\/wp-json\/wp\/v2\/comments?post=208775"}],"version-history":[{"count":1,"href":"https:\/\/www.correiobraziliense.com.br\/cbradar\/wp-json\/wp\/v2\/posts\/208775\/revisions"}],"predecessor-version":[{"id":208786,"href":"https:\/\/www.correiobraziliense.com.br\/cbradar\/wp-json\/wp\/v2\/posts\/208775\/revisions\/208786"}],"wp:featuredmedia":[{"embeddable":true,"href":"https:\/\/www.correiobraziliense.com.br\/cbradar\/wp-json\/wp\/v2\/media\/208784"}],"wp:attachment":[{"href":"https:\/\/www.correiobraziliense.com.br\/cbradar\/wp-json\/wp\/v2\/media?parent=208775"}],"wp:term":[{"taxonomy":"category","embeddable":true,"href":"https:\/\/www.correiobraziliense.com.br\/cbradar\/wp-json\/wp\/v2\/categories?post=208775"},{"taxonomy":"post_tag","embeddable":true,"href":"https:\/\/www.correiobraziliense.com.br\/cbradar\/wp-json\/wp\/v2\/tags?post=208775"}],"curies":[{"name":"wp","href":"https:\/\/api.w.org\/{rel}","templated":true}]}}