{"id":208799,"date":"2026-03-15T10:45:10","date_gmt":"2026-03-15T13:45:10","guid":{"rendered":"https:\/\/www.correiobraziliense.com.br\/cbradar\/?p=208799"},"modified":"2026-03-14T17:44:11","modified_gmt":"2026-03-14T20:44:11","slug":"essa-planta-aromatica-facil-de-plantar-pode-perfumar-o-ambiente-e-trazer-sensacao-de-frescor-ao-respirar","status":"publish","type":"post","link":"https:\/\/www.correiobraziliense.com.br\/cbradar\/essa-planta-aromatica-facil-de-plantar-pode-perfumar-o-ambiente-e-trazer-sensacao-de-frescor-ao-respirar\/","title":{"rendered":"Essa planta arom\u00e1tica f\u00e1cil de plantar pode perfumar o ambiente e trazer sensa\u00e7\u00e3o de frescor ao respirar"},"content":{"rendered":"\n<p>Voc\u00ea j\u00e1 sentiu aquele cheirinho de <b>hortel\u00e3<\/b> ao passar a m\u00e3o nas folhas e pensou como seria ter isso em casa todos os dias? Plantar hortel\u00e3 em casa virou um <b>h\u00e1bito<\/b> em muitos lares, principalmente entre quem busca uma rotina mais leve, saud\u00e1vel e um ambiente com aroma natural. A hortel\u00e3 \u00e9 resistente, cresce r\u00e1pido e se adapta bem a espa\u00e7os pequenos, como varandas, janelas e \u00e1reas de servi\u00e7o. Al\u00e9m de ser usada em ch\u00e1s e receitas, a planta libera um perfume marcante que traz uma sensa\u00e7\u00e3o gostosa de <b>frescor<\/b> ao respirar.<\/p>\n\n\n\n<h2 class=\"wp-block-heading\">Como plantar hortel\u00e3 em casa passo a passo<\/h2>\n\n\n\n<p>Voc\u00ea pode come\u00e7ar seu vaso de <b>hortel\u00e3<\/b> tanto com sementes quanto com mudas j\u00e1 formadas. Para quem tem pouco tempo ou est\u00e1 come\u00e7ando agora, as mudas vendidas em feiras e hortifrutis costumam ser o caminho mais simples. Basta escolher um ramo saud\u00e1vel, com folhas firmes, verdes e sem manchas, e transferi-lo para um vaso <b>adequado<\/b>.<\/p>\n\n\n\n<p>Para plantar, alguns cuidados b\u00e1sicos costumam ser seguidos e ajudam muito no sucesso do <b>cultivo<\/b>:<\/p>\n\n\n<div class=\"wp-block-image\">\n<figure class=\"aligncenter size-full\"><img decoding=\"async\" width=\"1280\" height=\"720\" src=\"https:\/\/www.correiobraziliense.com.br\/cbradar\/wp-content\/uploads\/2026\/03\/Gemini_Generated_Image_yhz5teyhz5teyhz5-1.png\" alt=\"\" class=\"wp-image-208813\" srcset=\"https:\/\/www.correiobraziliense.com.br\/cbradar\/wp-content\/uploads\/2026\/03\/Gemini_Generated_Image_yhz5teyhz5teyhz5-1.png 1280w, https:\/\/www.correiobraziliense.com.br\/cbradar\/wp-content\/uploads\/2026\/03\/Gemini_Generated_Image_yhz5teyhz5teyhz5-1-300x169.png 300w, https:\/\/www.correiobraziliense.com.br\/cbradar\/wp-content\/uploads\/2026\/03\/Gemini_Generated_Image_yhz5teyhz5teyhz5-1-768x432.png 768w, https:\/\/www.correiobraziliense.com.br\/cbradar\/wp-content\/uploads\/2026\/03\/Gemini_Generated_Image_yhz5teyhz5teyhz5-1-750x422.png 750w, https:\/\/www.correiobraziliense.com.br\/cbradar\/wp-content\/uploads\/2026\/03\/Gemini_Generated_Image_yhz5teyhz5teyhz5-1-1140x641.png 1140w\" sizes=\"(max-width: 1280px) 100vw, 1280px\" \/><figcaption class=\"wp-element-caption\">Voc\u00ea pode come\u00e7ar seu vaso de hortel\u00e3 tanto com sementes quanto com mudas j\u00e1 formadas. Para quem tem pouco tempo ou est\u00e1 come\u00e7ando agora, as mudas vendidas em feiras e hortifrutis costumam ser o caminho mais simples. Basta escolher um ramo saud\u00e1vel, com folhas firmes, verdes e sem manchas, e transferi-lo para um vaso adequado.<\/figcaption><\/figure><\/div>\n\n\n<p>Com esse come\u00e7o simples, a hortel\u00e3 costuma brotar e se espalhar <b>r\u00e1pido<\/b>. Como ela \u00e9 bem expansiva, muita gente prefere cultivar em vasos individuais, para que n\u00e3o tome conta de <b>canteiros<\/b> e n\u00e3o atrapalhe outras plantas.<\/p>\n\n\n\n<p>Leia tamb\u00e9m:&nbsp;<a href=\"https:\/\/www.correiobraziliense.com.br\/cbradar\/plantar-essa-fruta-no-quintal-pode-ajudar-o-intestino-a-funcionar-melhor-no-dia-a-dia\/\" target=\"_blank\" rel=\"noopener\">Plantar essa fruta no quintal pode ajudar o intestino a funcionar melhor no dia a dia<\/a><\/p>\n\n\n\n<h2 class=\"wp-block-heading\">Quais cuidados manter com a hortel\u00e3 no dia a dia<\/h2>\n\n\n\n<p>Depois de plantada, a hortel\u00e3 precisa de uma rotina de cuidados bem <b>tranquila<\/b>. Ela gosta de bastante luz, mas pode sofrer se ficar muitas horas em sol direto muito forte, principalmente em regi\u00f5es quentes. Nesses casos, meia-sombra, como sacadas cobertas ou janelas bem iluminadas, costuma ser o ideal para manter as folhas <b>bonitas<\/b>.<\/p>\n\n\n\n<p>As regas devem ser frequentes, por\u00e9m sem exagero. Um jeito simples de saber se \u00e9 hora de regar \u00e9 tocar o solo: se a camada de cima estiver <b>seca<\/b>, \u00e9 o momento de colocar \u00e1gua. Al\u00e9m disso, podar pontinhas e tirar folhas mais <b>velhas<\/b> estimula brotos novos, deixando o vaso sempre produtivo e cheio.<\/p>\n\n\n\n<h2 class=\"wp-block-heading\">Quais cuidados extras ajudam a hortel\u00e3 a se manter saud\u00e1vel<\/h2>\n\n\n\n<p>Com o tempo, alguns cuidados adicionais podem fazer toda a diferen\u00e7a para que a hortel\u00e3 continue forte e <b>arom\u00e1tica<\/b>. Pequenas a\u00e7\u00f5es mensais ajudam a manter o solo nutritivo, evitar pragas e renovar a planta quando necess\u00e1rio, prolongando a <b>vida<\/b> do seu vaso.<\/p>\n\n\n\n<p>Veja algumas pr\u00e1ticas simples que podem ser inclu\u00eddas na sua rotina de cuidados com a <b>hortel\u00e3<\/b>:<\/p>\n\n\n\n<ul class=\"wp-block-list\">\n<li><strong>Aduba\u00e7\u00e3o leve mensal:<\/strong> pequenas quantidades de adubo org\u00e2nico podem ser adicionadas para repor <b>nutrientes<\/b> e manter o solo mais <b>solto<\/b>.<\/li>\n\n\n\n<li><strong>Controle de pragas:<\/strong> inspe\u00e7\u00f5es peri\u00f3dicas nas folhas ajudam a identificar presen\u00e7a de pulg\u00f5es ou <b>cochonilhas<\/b>. Em muitos casos, um spray de \u00e1gua com sab\u00e3o neutro pode auxiliar no <b>controle<\/b> natural.<\/li>\n\n\n\n<li><strong>Renova\u00e7\u00e3o do vaso:<\/strong> a cada um ou dois anos, muitas pessoas optam por replantar a hortel\u00e3, dividindo <b>touceiras<\/b> e renovando o substrato, o que estimula novas ra\u00edzes mais <b>vigorosas<\/b>.<\/li>\n<\/ul>\n\n\n\n<p>Se voc\u00ea gosta de cultivo, separamos esse v\u00eddeo do canal <a href=\"https:\/\/www.youtube.com\/@cultivando-canal\" target=\"_blank\" rel=\"noreferrer noopener\">Cultivando<\/a> ensinando a plantar hortel\u00e3 em casa:<\/p>\n\n\n\n<figure class=\"wp-block-embed is-type-video is-provider-youtube wp-block-embed-youtube wp-embed-aspect-16-9 wp-has-aspect-ratio\"><div class=\"wp-block-embed__wrapper\">\n<div class=\"jeg_video_container jeg_video_content\"><iframe loading=\"lazy\" title=\"Como cultivar Hortel\u00e3.\" width=\"500\" height=\"281\" src=\"https:\/\/www.youtube.com\/embed\/CygLElxvBVo?start=1&#038;feature=oembed\" frameborder=\"0\" allow=\"accelerometer; autoplay; clipboard-write; encrypted-media; gyroscope; picture-in-picture; web-share\" referrerpolicy=\"strict-origin-when-cross-origin\" allowfullscreen><\/iframe><\/div>\n<\/div><\/figure>\n\n\n\n<h2 class=\"wp-block-heading\">Quais s\u00e3o os benef\u00edcios arom\u00e1ticos da hortel\u00e3 para a respira\u00e7\u00e3o<\/h2>\n\n\n\n<p>Quando se fala em hortel\u00e3, muita gente logo lembra da sensa\u00e7\u00e3o de frescor na boca e no <b>nariz<\/b>. Isso acontece porque as folhas concentram \u00f3leos essenciais, como o mentol, respons\u00e1veis pelo aroma marcante. Em ch\u00e1s, inala\u00e7\u00f5es ou at\u00e9 s\u00f3 tendo o vaso por perto, o perfume que a planta libera pode trazer aquela sensa\u00e7\u00e3o de vias mais <b>livres<\/b>.<\/p>\n\n\n\n<p>Em ambientes fechados, \u00e9 comum usar a hortel\u00e3 como um recurso natural para deixar o ar mais <b>agrad\u00e1vel<\/b>. Ao amassar algumas folhas entre os dedos e aproxim\u00e1-las do nariz, o cheiro intenso aparece na hora, o que pode ser bem-vindo em dias de clima seco ou com muita <b>poeira<\/b>. Mas \u00e9 importante lembrar: ela \u00e9 uma aliada no bem-estar, n\u00e3o substitui <b>tratamento<\/b> m\u00e9dico.<\/p>\n\n\n\n<figure class=\"wp-block-embed is-type-rich is-provider-pinterest wp-block-embed-pinterest\"><div class=\"wp-block-embed__wrapper\">\n<iframe loading=\"lazy\" title=\" \" src=\"https:\/\/assets.pinterest.com\/ext\/embed.html?id=2744449768355271&#038;src=oembed\" height=\"899\" width=\"450\" frameborder=\"0\" scrolling=\"no\" ><\/iframe>\n<\/div><\/figure>\n\n\n\n<h2 class=\"wp-block-heading\">Como integrar a hortel\u00e3 ao cotidiano de forma pr\u00e1tica<\/h2>\n\n\n\n<p>Quando a hortel\u00e3 est\u00e1 bem estabelecida, ela passa a fazer parte da rotina sem <b>esfor\u00e7o<\/b>. As folhas entram no dia a dia em ch\u00e1s, \u00e1guas aromatizadas, sucos, saladas, molhos e sobremesas, dando um toque de frescor e <b>aroma<\/b>. Colher sempre as folhas mais externas ajuda a manter a planta cheia e pronta para uso frequente.<\/p>\n\n\n\n<p>Nos ambientes da casa, vasos de hortel\u00e3 podem compor um cantinho de ervas com manjeric\u00e3o, alecrim e outras <b>plantas<\/b>. Al\u00e9m de decorar, esse mini-jardim deixa o ar com uma fragr\u00e2ncia suave, principalmente quando as plantas s\u00e3o <b>manuseadas<\/b>. Assim, cultivar hortel\u00e3 em casa une praticidade, sabor na cozinha e um cuidado carinhoso com o bem-estar e a respira\u00e7\u00e3o no dia a dia.<\/p>\n","protected":false},"excerpt":{"rendered":"<p>Voc\u00ea j\u00e1 sentiu aquele cheirinho de hortel\u00e3 ao passar a m\u00e3o nas folhas e pensou como seria ter isso em casa todos os dias? Plantar hortel\u00e3 em casa virou um h\u00e1bito em muitos lares, principalmente entre quem busca uma rotina mais leve, saud\u00e1vel e um ambiente com aroma natural. A hortel\u00e3 \u00e9 resistente, cresce r\u00e1pido [&hellip;]<\/p>\n","protected":false},"author":9,"featured_media":153347,"comment_status":"open","ping_status":"open","sticky":false,"template":"","format":"standard","meta":{"_yoast_wpseo_focuskw":"como plantar hortel\u00e3","_yoast_wpseo_title":"","_yoast_wpseo_metadesc":"Uma erva arom\u00e1tica f\u00e1cil de cultivar pode perfumar o ambiente, crescer r\u00e1pido no vaso e ainda trazer frescor para ch\u00e1s e receitas do dia a dia.","jnews-multi-image_gallery":[],"jnews_single_post":{"format":"standard"},"jnews_primary_category":[],"jnews_social_meta":[],"jnews_override_counter":[],"footnotes":""},"categories":[119,136],"tags":[4351,14491,4636],"class_list":["post-208799","post","type-post","status-publish","format-standard","has-post-thumbnail","hentry","category-bem-estar","category-jardinagem","tag-como-plantar-hortela","tag-hortela-em-casa","tag-saude-respiratoria"],"yoast_head":"<!-- This site is optimized with the Yoast SEO plugin v24.6 - https:\/\/yoast.com\/wordpress\/plugins\/seo\/ -->\n<title>Essa planta arom\u00e1tica f\u00e1cil de plantar pode perfumar o ambiente e trazer sensa\u00e7\u00e3o de frescor ao respirar - Correio Braziliense - Radar<\/title>\n<meta name=\"description\" content=\"Uma erva arom\u00e1tica f\u00e1cil de cultivar pode perfumar o ambiente, crescer r\u00e1pido no vaso e ainda trazer frescor para ch\u00e1s e receitas do dia a dia.\" \/>\n<meta name=\"robots\" content=\"index, follow, max-snippet:-1, max-image-preview:large, max-video-preview:-1\" \/>\n<link rel=\"canonical\" href=\"https:\/\/www.correiobraziliense.com.br\/cbradar\/essa-planta-aromatica-facil-de-plantar-pode-perfumar-o-ambiente-e-trazer-sensacao-de-frescor-ao-respirar\/\" \/>\n<meta property=\"og:locale\" content=\"pt_BR\" \/>\n<meta property=\"og:type\" content=\"article\" \/>\n<meta property=\"og:title\" content=\"Essa planta arom\u00e1tica f\u00e1cil de plantar pode perfumar o ambiente e trazer sensa\u00e7\u00e3o de frescor ao respirar - Correio Braziliense - Radar\" \/>\n<meta property=\"og:description\" content=\"Uma erva arom\u00e1tica f\u00e1cil de cultivar pode perfumar o ambiente, crescer r\u00e1pido no vaso e ainda trazer frescor para ch\u00e1s e receitas do dia a dia.\" \/>\n<meta property=\"og:url\" content=\"https:\/\/www.correiobraziliense.com.br\/cbradar\/essa-planta-aromatica-facil-de-plantar-pode-perfumar-o-ambiente-e-trazer-sensacao-de-frescor-ao-respirar\/\" \/>\n<meta property=\"og:site_name\" content=\"Correio Braziliense - Radar\" \/>\n<meta property=\"article:published_time\" content=\"2026-03-15T13:45:10+00:00\" \/>\n<meta property=\"og:image\" content=\"https:\/\/www.correiobraziliense.com.br\/cbradar\/wp-content\/uploads\/2025\/12\/Gemini_Generated_Image_36xotd36xotd36xo-1.png\" \/>\n\t<meta property=\"og:image:width\" content=\"1280\" \/>\n\t<meta property=\"og:image:height\" content=\"720\" \/>\n\t<meta property=\"og:image:type\" content=\"image\/png\" \/>\n<meta name=\"author\" content=\"Daniely Cardoso\" \/>\n<meta name=\"twitter:card\" content=\"summary_large_image\" \/>\n<meta name=\"twitter:label1\" content=\"Escrito por\" \/>\n\t<meta name=\"twitter:data1\" content=\"Daniely Cardoso\" \/>\n\t<meta name=\"twitter:label2\" content=\"Est. tempo de leitura\" \/>\n\t<meta name=\"twitter:data2\" content=\"5 minutos\" \/>\n<!-- \/ Yoast SEO plugin. -->","yoast_head_json":{"title":"Essa planta arom\u00e1tica f\u00e1cil de plantar pode perfumar o ambiente e trazer sensa\u00e7\u00e3o de frescor ao respirar - Correio Braziliense - Radar","description":"Uma erva arom\u00e1tica f\u00e1cil de cultivar pode perfumar o ambiente, crescer r\u00e1pido no vaso e ainda trazer frescor para ch\u00e1s e receitas do dia a dia.","robots":{"index":"index","follow":"follow","max-snippet":"max-snippet:-1","max-image-preview":"max-image-preview:large","max-video-preview":"max-video-preview:-1"},"canonical":"https:\/\/www.correiobraziliense.com.br\/cbradar\/essa-planta-aromatica-facil-de-plantar-pode-perfumar-o-ambiente-e-trazer-sensacao-de-frescor-ao-respirar\/","og_locale":"pt_BR","og_type":"article","og_title":"Essa planta arom\u00e1tica f\u00e1cil de plantar pode perfumar o ambiente e trazer sensa\u00e7\u00e3o de frescor ao respirar - Correio Braziliense - Radar","og_description":"Uma erva arom\u00e1tica f\u00e1cil de cultivar pode perfumar o ambiente, crescer r\u00e1pido no vaso e ainda trazer frescor para ch\u00e1s e receitas do dia a dia.","og_url":"https:\/\/www.correiobraziliense.com.br\/cbradar\/essa-planta-aromatica-facil-de-plantar-pode-perfumar-o-ambiente-e-trazer-sensacao-de-frescor-ao-respirar\/","og_site_name":"Correio Braziliense - Radar","article_published_time":"2026-03-15T13:45:10+00:00","og_image":[{"width":1280,"height":720,"url":"https:\/\/www.correiobraziliense.com.br\/cbradar\/wp-content\/uploads\/2025\/12\/Gemini_Generated_Image_36xotd36xotd36xo-1.png","type":"image\/png"}],"author":"Daniely Cardoso","twitter_card":"summary_large_image","twitter_misc":{"Escrito por":"Daniely Cardoso","Est. tempo de leitura":"5 minutos"},"schema":{"@context":"https:\/\/schema.org","@graph":[{"@type":"WebPage","@id":"https:\/\/www.correiobraziliense.com.br\/cbradar\/essa-planta-aromatica-facil-de-plantar-pode-perfumar-o-ambiente-e-trazer-sensacao-de-frescor-ao-respirar\/","url":"https:\/\/www.correiobraziliense.com.br\/cbradar\/essa-planta-aromatica-facil-de-plantar-pode-perfumar-o-ambiente-e-trazer-sensacao-de-frescor-ao-respirar\/","name":"Essa planta arom\u00e1tica f\u00e1cil de plantar pode perfumar o ambiente e trazer sensa\u00e7\u00e3o de frescor ao respirar - Correio Braziliense - Radar","isPartOf":{"@id":"https:\/\/www.correiobraziliense.com.br\/cbradar\/#website"},"primaryImageOfPage":{"@id":"https:\/\/www.correiobraziliense.com.br\/cbradar\/essa-planta-aromatica-facil-de-plantar-pode-perfumar-o-ambiente-e-trazer-sensacao-de-frescor-ao-respirar\/#primaryimage"},"image":{"@id":"https:\/\/www.correiobraziliense.com.br\/cbradar\/essa-planta-aromatica-facil-de-plantar-pode-perfumar-o-ambiente-e-trazer-sensacao-de-frescor-ao-respirar\/#primaryimage"},"thumbnailUrl":"https:\/\/www.correiobraziliense.com.br\/cbradar\/wp-content\/uploads\/2025\/12\/Gemini_Generated_Image_36xotd36xotd36xo-1.png","datePublished":"2026-03-15T13:45:10+00:00","author":{"@id":"https:\/\/www.correiobraziliense.com.br\/cbradar\/#\/schema\/person\/7356666e12ec0ee53f348ee5db227032"},"description":"Uma erva arom\u00e1tica f\u00e1cil de cultivar pode perfumar o ambiente, crescer r\u00e1pido no vaso e ainda trazer frescor para ch\u00e1s e receitas do dia a dia.","breadcrumb":{"@id":"https:\/\/www.correiobraziliense.com.br\/cbradar\/essa-planta-aromatica-facil-de-plantar-pode-perfumar-o-ambiente-e-trazer-sensacao-de-frescor-ao-respirar\/#breadcrumb"},"inLanguage":"pt-BR","potentialAction":[{"@type":"ReadAction","target":["https:\/\/www.correiobraziliense.com.br\/cbradar\/essa-planta-aromatica-facil-de-plantar-pode-perfumar-o-ambiente-e-trazer-sensacao-de-frescor-ao-respirar\/"]}]},{"@type":"ImageObject","inLanguage":"pt-BR","@id":"https:\/\/www.correiobraziliense.com.br\/cbradar\/essa-planta-aromatica-facil-de-plantar-pode-perfumar-o-ambiente-e-trazer-sensacao-de-frescor-ao-respirar\/#primaryimage","url":"https:\/\/www.correiobraziliense.com.br\/cbradar\/wp-content\/uploads\/2025\/12\/Gemini_Generated_Image_36xotd36xotd36xo-1.png","contentUrl":"https:\/\/www.correiobraziliense.com.br\/cbradar\/wp-content\/uploads\/2025\/12\/Gemini_Generated_Image_36xotd36xotd36xo-1.png","width":1280,"height":720,"caption":"O principal composto bioativo respons\u00e1vel pelas propriedades medicinais da hortel\u00e3"},{"@type":"BreadcrumbList","@id":"https:\/\/www.correiobraziliense.com.br\/cbradar\/essa-planta-aromatica-facil-de-plantar-pode-perfumar-o-ambiente-e-trazer-sensacao-de-frescor-ao-respirar\/#breadcrumb","itemListElement":[{"@type":"ListItem","position":1,"name":"In\u00edcio","item":"https:\/\/www.correiobraziliense.com.br\/cbradar\/"},{"@type":"ListItem","position":2,"name":"Essa planta arom\u00e1tica f\u00e1cil de plantar pode perfumar o ambiente e trazer sensa\u00e7\u00e3o de frescor ao respirar"}]},{"@type":"WebSite","@id":"https:\/\/www.correiobraziliense.com.br\/cbradar\/#website","url":"https:\/\/www.correiobraziliense.com.br\/cbradar\/","name":"Correio Braziliense - Radar","description":"Acompanhe as \u00faltimas not\u00edcias e fique bem informado sobre tudo o que acontece no Brasil e no mundo.","potentialAction":[{"@type":"SearchAction","target":{"@type":"EntryPoint","urlTemplate":"https:\/\/www.correiobraziliense.com.br\/cbradar\/?s={search_term_string}"},"query-input":{"@type":"PropertyValueSpecification","valueRequired":true,"valueName":"search_term_string"}}],"inLanguage":"pt-BR"},{"@type":"Person","@id":"https:\/\/www.correiobraziliense.com.br\/cbradar\/#\/schema\/person\/7356666e12ec0ee53f348ee5db227032","name":"Daniely Cardoso","image":{"@type":"ImageObject","inLanguage":"pt-BR","@id":"https:\/\/www.correiobraziliense.com.br\/cbradar\/#\/schema\/person\/image\/","url":"https:\/\/secure.gravatar.com\/avatar\/4b80ddbd124d1f071b626d52d62e5dff?s=96&d=mm&r=g","contentUrl":"https:\/\/secure.gravatar.com\/avatar\/4b80ddbd124d1f071b626d52d62e5dff?s=96&d=mm&r=g","caption":"Daniely Cardoso"},"description":"Redatora nos portais CB Radar e EM Foco, formada pela Universidade Federal de Goi\u00e1s, em Goi\u00e2nia. Apaixonada por comunica\u00e7\u00e3o, arte, decora\u00e7\u00e3o e tend\u00eancias, atuo na produ\u00e7\u00e3o de conte\u00fados envolventes sobre curiosidades, moda, beleza e paisagismo, sempre com um olhar atento \u00e0s novidades do momento.","sameAs":["https:\/\/www.correiobraziliense.com.br\/cbradar"],"url":"https:\/\/www.correiobraziliense.com.br\/cbradar\/author\/danielymyth\/"}]}},"_links":{"self":[{"href":"https:\/\/www.correiobraziliense.com.br\/cbradar\/wp-json\/wp\/v2\/posts\/208799","targetHints":{"allow":["GET"]}}],"collection":[{"href":"https:\/\/www.correiobraziliense.com.br\/cbradar\/wp-json\/wp\/v2\/posts"}],"about":[{"href":"https:\/\/www.correiobraziliense.com.br\/cbradar\/wp-json\/wp\/v2\/types\/post"}],"author":[{"embeddable":true,"href":"https:\/\/www.correiobraziliense.com.br\/cbradar\/wp-json\/wp\/v2\/users\/9"}],"replies":[{"embeddable":true,"href":"https:\/\/www.correiobraziliense.com.br\/cbradar\/wp-json\/wp\/v2\/comments?post=208799"}],"version-history":[{"count":2,"href":"https:\/\/www.correiobraziliense.com.br\/cbradar\/wp-json\/wp\/v2\/posts\/208799\/revisions"}],"predecessor-version":[{"id":208819,"href":"https:\/\/www.correiobraziliense.com.br\/cbradar\/wp-json\/wp\/v2\/posts\/208799\/revisions\/208819"}],"wp:featuredmedia":[{"embeddable":true,"href":"https:\/\/www.correiobraziliense.com.br\/cbradar\/wp-json\/wp\/v2\/media\/153347"}],"wp:attachment":[{"href":"https:\/\/www.correiobraziliense.com.br\/cbradar\/wp-json\/wp\/v2\/media?parent=208799"}],"wp:term":[{"taxonomy":"category","embeddable":true,"href":"https:\/\/www.correiobraziliense.com.br\/cbradar\/wp-json\/wp\/v2\/categories?post=208799"},{"taxonomy":"post_tag","embeddable":true,"href":"https:\/\/www.correiobraziliense.com.br\/cbradar\/wp-json\/wp\/v2\/tags?post=208799"}],"curies":[{"name":"wp","href":"https:\/\/api.w.org\/{rel}","templated":true}]}}