{"id":208800,"date":"2026-03-15T14:25:16","date_gmt":"2026-03-15T17:25:16","guid":{"rendered":"https:\/\/www.correiobraziliense.com.br\/cbradar\/?p=208800"},"modified":"2026-03-14T17:49:06","modified_gmt":"2026-03-14T20:49:06","slug":"as-3-arvores-frutiferas-perfeitas-para-quintais-pequenos-e-faceis-de-cuidar","status":"publish","type":"post","link":"https:\/\/www.correiobraziliense.com.br\/cbradar\/as-3-arvores-frutiferas-perfeitas-para-quintais-pequenos-e-faceis-de-cuidar\/","title":{"rendered":"As 3 \u00e1rvores frut\u00edferas perfeitas para quintais pequenos e f\u00e1ceis de cuidar"},"content":{"rendered":"\n<p>Imagine chegar em casa depois de um dia cheio, ir at\u00e9 o quintal e, em poucos passos, colher um lim\u00e3o para o suco, algumas pitangas docinhas e acerolas carregadas de <strong>vitamina C<\/strong>, mesmo morando em um espa\u00e7o pequeno. Em muitos bairros urbanos e periurbanos, cada vez mais moradores est\u00e3o descobrindo que, com um pouco de planejamento e cuidado, \u00e9 poss\u00edvel transformar cantinhos apertados em pequenos pomares, com \u00e1rvores bem conduzidas, produtivas e que n\u00e3o atrapalham a circula\u00e7\u00e3o ou o lazer da fam\u00edlia.<\/p>\n\n\n\n<h2 class=\"wp-block-heading\">Como escolher \u00e1rvores frut\u00edferas para quintais pequenos<\/h2>\n\n\n\n<p>A escolha das esp\u00e9cies \u00e9 o primeiro passo para ter um quintal produtivo sem ficar amontoado. Em \u00e1reas reduzidas, vale priorizar plantas de porte baixo ou m\u00e9dio, ra\u00edzes menos agressivas e copas que possam ser podadas com facilidade, evitando danos a muros, pisos e encanamentos.<\/p>\n\n\n\n<p>Tamb\u00e9m \u00e9 importante considerar o clima da regi\u00e3o e o quanto de sol o quintal recebe por dia. Limoeiro, pitangueira e aceroleira se destacam porque se adaptam bem a diferentes partes do Brasil, produzem bastante e podem ser cultivados tanto diretamente no solo quanto em vasos grandes e bem preparados.<\/p>\n\n\n<div class=\"wp-block-image\">\n<figure class=\"aligncenter size-large\"><img decoding=\"async\" width=\"1024\" height=\"576\" src=\"https:\/\/www.correiobraziliense.com.br\/cbradar\/wp-content\/uploads\/2025\/12\/limao-plantacao_1766153274736-1024x576.jpg\" alt=\"\" class=\"wp-image-159121\" srcset=\"https:\/\/www.correiobraziliense.com.br\/cbradar\/wp-content\/uploads\/2025\/12\/limao-plantacao_1766153274736-1024x576.jpg 1024w, https:\/\/www.correiobraziliense.com.br\/cbradar\/wp-content\/uploads\/2025\/12\/limao-plantacao_1766153274736-300x169.jpg 300w, https:\/\/www.correiobraziliense.com.br\/cbradar\/wp-content\/uploads\/2025\/12\/limao-plantacao_1766153274736-768x432.jpg 768w, https:\/\/www.correiobraziliense.com.br\/cbradar\/wp-content\/uploads\/2025\/12\/limao-plantacao_1766153274736-750x422.jpg 750w, https:\/\/www.correiobraziliense.com.br\/cbradar\/wp-content\/uploads\/2025\/12\/limao-plantacao_1766153274736-1140x641.jpg 1140w, https:\/\/www.correiobraziliense.com.br\/cbradar\/wp-content\/uploads\/2025\/12\/limao-plantacao_1766153274736.jpg 1280w\" sizes=\"(max-width: 1024px) 100vw, 1024px\" \/><figcaption class=\"wp-element-caption\">Antes de plantar, \u00e9 importante definir qual tipo de lim\u00e3o se encaixa melhor no espa\u00e7o dispon\u00edvel e no clima da regi\u00e3o &#8211; Cr\u00e9ditos: depositphotos.com \/ welcomia<\/figcaption><\/figure><\/div>\n\n\n<p>Leia tamb\u00e9m:&nbsp;<a href=\"https:\/\/www.correiobraziliense.com.br\/cbradar\/plantar-essa-fruta-no-quintal-pode-ajudar-o-intestino-a-funcionar-melhor-no-dia-a-dia\/\" target=\"_blank\" rel=\"noopener\">Plantar essa fruta no quintal pode ajudar o intestino a funcionar melhor no dia a dia<\/a><\/p>\n\n\n\n<h2 class=\"wp-block-heading\">Como plantar \u00e1rvores frut\u00edferas em quintais pequenos passo a passo<\/h2>\n\n\n\n<p>Em espa\u00e7os menores, cada metro conta, ent\u00e3o planejar o local de plantio ajuda a evitar sombra excessiva e \u00e1reas apertadas. O preparo do solo, a abertura da cova e o posicionamento da muda influenciam na sa\u00fade da planta e no conforto de quem usa o quintal para descansar, brincar ou receber visitas.<\/p>\n\n\n\n<p>Seguindo uma sequ\u00eancia simples, \u00e9 poss\u00edvel padronizar os cuidados para limoeiro, pitangueira e aceroleira, fazendo apenas pequenos ajustes conforme o tipo de solo e o clima local. Com isso, voc\u00ea aumenta as chances de ter \u00e1rvores bem enraizadas, vigorosas e com boa produ\u00e7\u00e3o ao longo do ano.<\/p>\n\n\n\n<ol class=\"wp-block-list\">\n<li><strong>Planejamento do local<\/strong>: escolher pontos que recebam pelo menos 4 a 6 horas de sol direto por dia. Em quintais pequenos, costuma ser melhor posicionar as \u00e1rvores pr\u00f3ximas a muros, deixando o centro livre para circula\u00e7\u00e3o.<\/li>\n\n\n\n<li><strong>Preparo do solo<\/strong>: revolver a terra em uma \u00e1rea um pouco maior do que a cova, incorporando mat\u00e9ria org\u00e2nica bem curtida (como composto org\u00e2nico ou esterco de curral curtido). Isso melhora a drenagem e a estrutura do solo.<\/li>\n\n\n\n<li><strong>Abertura da cova<\/strong>: cavar, em m\u00e9dia, buracos de 40 x 40 x 40 cm para mudas jovens. Em solos muito compactados, pode ser interessante aumentar um pouco essa medida para favorecer o enraizamento.<\/li>\n\n\n\n<li><strong>Corre\u00e7\u00e3o e aduba\u00e7\u00e3o inicial<\/strong>: misturar \u00e0 terra retirada da cova uma parte de composto org\u00e2nico e, se necess\u00e1rio, corretivos recomendados ap\u00f3s an\u00e1lise de solo. Evitar adubos qu\u00edmicos em contato direto com as ra\u00edzes rec\u00e9m-plantadas.<\/li>\n\n\n\n<li><strong>Plantio da muda<\/strong>: posicionar a planta de forma que o torr\u00e3o fique nivelado com o solo, sem enterr\u00e1-la demais. Preencher as laterais com a mistura de terra e apertar levemente com as m\u00e3os, sem compactar em excesso.<\/li>\n\n\n\n<li><strong>Rega de estabelecimento<\/strong>: irrigar logo ap\u00f3s o plantio, em boa quantidade, para eliminar bols\u00f5es de ar e garantir o contato da terra com as ra\u00edzes.<\/li>\n<\/ol>\n\n\n\n<h2 class=\"wp-block-heading\">Quais cuidados especiais ter com limoeiro, pitangueira e aceroleira<\/h2>\n\n\n\n<p>Cada uma dessas \u00e1rvores tem seu ritmo e comportamento, mas todas funcionam bem em quintais pequenos quando recebem podas regulares e aten\u00e7\u00e3o \u00e0 rega. O limoeiro tende a ficar de porte m\u00e9dio, a pitangueira tem aspecto mais arbustivo e a aceroleira cresce r\u00e1pido, por isso controlar a altura e a largura da copa \u00e9 essencial para n\u00e3o ocupar todo o espa\u00e7o.<\/p>\n\n\n\n<p>Para facilitar o dia a dia, voc\u00ea pode organizar uma rotina simples de observa\u00e7\u00e3o, rega e aduba\u00e7\u00e3o, ajustando a frequ\u00eancia conforme o clima e a fase de crescimento da planta. Assim, o cuidado com o pomar se encaixa melhor na rotina da casa.<\/p>\n\n\n\n<ul class=\"wp-block-list\">\n<li><strong>Limoeiro<\/strong>: prefere sol pleno e solo bem drenado; fa\u00e7a podas leves anuais, evite encharcamento e use mat\u00e9ria org\u00e2nica com pequenas doses de adubo mineral.<\/li>\n<\/ul>\n\n\n\n<figure class=\"wp-block-embed is-type-rich is-provider-pinterest wp-block-embed-pinterest\"><div class=\"wp-block-embed__wrapper\">\n<iframe loading=\"lazy\" title=\"Voc\u00ea sabia que d\u00e1 pra fazer mudas de lim\u00e3o com apenas um galho e um pouco de babosa?\ud83c\udf4b  Essa t\u00e9cnica simples acelera o enraizamento e transforma qualquer galho em uma nova planta cheia de vida.  Em poucos dias, voc\u00ea ver\u00e1 as primeiras ra\u00edzes surgindo e em pouco tempo, um novo limoeiro pronto pra produzir!  \ud83c\udf3f Sem gastar com horm\u00f4nios, sem complica\u00e7\u00e3o s\u00f3 t\u00e9cnica natural e eficiente.  Quer aprender passo a passo como multiplicar suas plantas e montar seu pr\u00f3prio pomar em casa?  \ud83d\udc49 Acesse o link da ...\" src=\"https:\/\/assets.pinterest.com\/ext\/embed.html?id=51158145761993467&#038;src=oembed\" height=\"898\" width=\"450\" frameborder=\"0\" scrolling=\"no\" ><\/iframe>\n<\/div><\/figure>\n\n\n\n<ul class=\"wp-block-list\">\n<li><strong>Pitangueira<\/strong>: tolera bem podas, podendo ficar entre 2 e 3 metros de altura; mantenha boa ventila\u00e7\u00e3o entre os galhos e regas moderadas em \u00e9pocas secas.<\/li>\n<\/ul>\n\n\n\n<figure class=\"wp-block-embed is-type-rich is-provider-pinterest wp-block-embed-pinterest\"><div class=\"wp-block-embed__wrapper\">\n<iframe loading=\"lazy\" title=\"PITANGA  benef\u00edcios\" src=\"https:\/\/assets.pinterest.com\/ext\/embed.html?id=48906345949370774&#038;src=oembed\" height=\"899\" width=\"450\" frameborder=\"0\" scrolling=\"no\" ><\/iframe>\n<\/div><\/figure>\n\n\n\n<ul class=\"wp-block-list\">\n<li><strong>Aceroleira<\/strong>: cresce r\u00e1pido e produz muito; pode a copa ap\u00f3s a frutifica\u00e7\u00e3o, mantenha cobertura morta no solo e reforce a aduba\u00e7\u00e3o org\u00e2nica uma ou duas vezes por ano.<\/li>\n<\/ul>\n\n\n\n<figure class=\"wp-block-embed is-type-rich is-provider-pinterest wp-block-embed-pinterest\"><div class=\"wp-block-embed__wrapper\">\n<iframe loading=\"lazy\" title=\"Aprenda como plantar frut\u00edferas em vasos\" src=\"https:\/\/assets.pinterest.com\/ext\/embed.html?id=13721973860351241&#038;src=oembed\" height=\"899\" width=\"450\" frameborder=\"0\" scrolling=\"no\" ><\/iframe>\n<\/div><\/figure>\n\n\n\n<h2 class=\"wp-block-heading\">\u00c9 poss\u00edvel plantar \u00e1rvores frut\u00edferas em vasos em vez de usar o solo<\/h2>\n\n\n\n<p>Quando o quintal \u00e9 cimentado ou tem apenas pequenos canteiros, ainda assim \u00e9 poss\u00edvel ter frutas em casa usando vasos grandes. Essa alternativa \u00e9 pr\u00e1tica, bonita e permite mover as plantas conforme a posi\u00e7\u00e3o do sol ou quando voc\u00ea quiser reorganizar o espa\u00e7o da \u00e1rea externa.<\/p>\n\n\n\n<p>Os vasos precisam ter boa profundidade, furos de drenagem e um substrato leve, misturando terra, mat\u00e9ria org\u00e2nica e algo que ajude na aera\u00e7\u00e3o, como areia grossa ou casca de arroz carbonizada. A irriga\u00e7\u00e3o costuma ser mais frequente, e a fertiliza\u00e7\u00e3o em pequenas doses ao longo do ano mant\u00e9m limoeiro, pitangueira e aceroleira produtivos mesmo em \u00e1reas bem compactas.<\/p>\n","protected":false},"excerpt":{"rendered":"<p>Imagine chegar em casa depois de um dia cheio, ir at\u00e9 o quintal e, em poucos passos, colher um lim\u00e3o para o suco, algumas pitangas docinhas e acerolas carregadas de vitamina C, mesmo morando em um espa\u00e7o pequeno. Em muitos bairros urbanos e periurbanos, cada vez mais moradores est\u00e3o descobrindo que, com um pouco de [&hellip;]<\/p>\n","protected":false},"author":9,"featured_media":208822,"comment_status":"open","ping_status":"open","sticky":false,"template":"","format":"standard","meta":{"_yoast_wpseo_focuskw":"arvores frutiferas","_yoast_wpseo_title":"","_yoast_wpseo_metadesc":"Algumas \u00e1rvores frut\u00edferas podem crescer bem em quintais pequenos e produzir colheitas frescas quando recebem cuidados simples.","jnews-multi-image_gallery":[],"jnews_single_post":{"format":"standard"},"jnews_primary_category":[],"jnews_social_meta":[],"jnews_override_counter":[],"footnotes":""},"categories":[136],"tags":[1614,137,15722],"class_list":["post-208800","post","type-post","status-publish","format-standard","has-post-thumbnail","hentry","category-jardinagem","tag-arvores-frutiferas","tag-como-plantar","tag-quintal-pequeno"],"yoast_head":"<!-- This site is optimized with the Yoast SEO plugin v24.6 - https:\/\/yoast.com\/wordpress\/plugins\/seo\/ -->\n<title>As 3 \u00e1rvores frut\u00edferas perfeitas para quintais pequenos e f\u00e1ceis de cuidar - Correio Braziliense - Radar<\/title>\n<meta name=\"description\" content=\"Algumas \u00e1rvores frut\u00edferas podem crescer bem em quintais pequenos e produzir colheitas frescas quando recebem cuidados simples.\" \/>\n<meta name=\"robots\" content=\"index, follow, max-snippet:-1, max-image-preview:large, max-video-preview:-1\" \/>\n<link rel=\"canonical\" href=\"https:\/\/www.correiobraziliense.com.br\/cbradar\/as-3-arvores-frutiferas-perfeitas-para-quintais-pequenos-e-faceis-de-cuidar\/\" \/>\n<meta property=\"og:locale\" content=\"pt_BR\" \/>\n<meta property=\"og:type\" content=\"article\" \/>\n<meta property=\"og:title\" content=\"As 3 \u00e1rvores frut\u00edferas perfeitas para quintais pequenos e f\u00e1ceis de cuidar - Correio Braziliense - Radar\" \/>\n<meta property=\"og:description\" content=\"Algumas \u00e1rvores frut\u00edferas podem crescer bem em quintais pequenos e produzir colheitas frescas quando recebem cuidados simples.\" \/>\n<meta property=\"og:url\" content=\"https:\/\/www.correiobraziliense.com.br\/cbradar\/as-3-arvores-frutiferas-perfeitas-para-quintais-pequenos-e-faceis-de-cuidar\/\" \/>\n<meta property=\"og:site_name\" content=\"Correio Braziliense - Radar\" \/>\n<meta property=\"article:published_time\" content=\"2026-03-15T17:25:16+00:00\" \/>\n<meta property=\"og:image\" content=\"https:\/\/www.correiobraziliense.com.br\/cbradar\/wp-content\/uploads\/2026\/03\/Gemini_Generated_Image_pncschpncschpncs-1.png\" \/>\n\t<meta property=\"og:image:width\" content=\"1280\" \/>\n\t<meta property=\"og:image:height\" content=\"720\" \/>\n\t<meta property=\"og:image:type\" content=\"image\/png\" \/>\n<meta name=\"author\" content=\"Daniely Cardoso\" \/>\n<meta name=\"twitter:card\" content=\"summary_large_image\" \/>\n<meta name=\"twitter:label1\" content=\"Escrito por\" \/>\n\t<meta name=\"twitter:data1\" content=\"Daniely Cardoso\" \/>\n\t<meta name=\"twitter:label2\" content=\"Est. tempo de leitura\" \/>\n\t<meta name=\"twitter:data2\" content=\"6 minutos\" \/>\n<!-- \/ Yoast SEO plugin. -->","yoast_head_json":{"title":"As 3 \u00e1rvores frut\u00edferas perfeitas para quintais pequenos e f\u00e1ceis de cuidar - Correio Braziliense - Radar","description":"Algumas \u00e1rvores frut\u00edferas podem crescer bem em quintais pequenos e produzir colheitas frescas quando recebem cuidados simples.","robots":{"index":"index","follow":"follow","max-snippet":"max-snippet:-1","max-image-preview":"max-image-preview:large","max-video-preview":"max-video-preview:-1"},"canonical":"https:\/\/www.correiobraziliense.com.br\/cbradar\/as-3-arvores-frutiferas-perfeitas-para-quintais-pequenos-e-faceis-de-cuidar\/","og_locale":"pt_BR","og_type":"article","og_title":"As 3 \u00e1rvores frut\u00edferas perfeitas para quintais pequenos e f\u00e1ceis de cuidar - Correio Braziliense - Radar","og_description":"Algumas \u00e1rvores frut\u00edferas podem crescer bem em quintais pequenos e produzir colheitas frescas quando recebem cuidados simples.","og_url":"https:\/\/www.correiobraziliense.com.br\/cbradar\/as-3-arvores-frutiferas-perfeitas-para-quintais-pequenos-e-faceis-de-cuidar\/","og_site_name":"Correio Braziliense - Radar","article_published_time":"2026-03-15T17:25:16+00:00","og_image":[{"width":1280,"height":720,"url":"https:\/\/www.correiobraziliense.com.br\/cbradar\/wp-content\/uploads\/2026\/03\/Gemini_Generated_Image_pncschpncschpncs-1.png","type":"image\/png"}],"author":"Daniely Cardoso","twitter_card":"summary_large_image","twitter_misc":{"Escrito por":"Daniely Cardoso","Est. tempo de leitura":"6 minutos"},"schema":{"@context":"https:\/\/schema.org","@graph":[{"@type":"WebPage","@id":"https:\/\/www.correiobraziliense.com.br\/cbradar\/as-3-arvores-frutiferas-perfeitas-para-quintais-pequenos-e-faceis-de-cuidar\/","url":"https:\/\/www.correiobraziliense.com.br\/cbradar\/as-3-arvores-frutiferas-perfeitas-para-quintais-pequenos-e-faceis-de-cuidar\/","name":"As 3 \u00e1rvores frut\u00edferas perfeitas para quintais pequenos e f\u00e1ceis de cuidar - Correio Braziliense - Radar","isPartOf":{"@id":"https:\/\/www.correiobraziliense.com.br\/cbradar\/#website"},"primaryImageOfPage":{"@id":"https:\/\/www.correiobraziliense.com.br\/cbradar\/as-3-arvores-frutiferas-perfeitas-para-quintais-pequenos-e-faceis-de-cuidar\/#primaryimage"},"image":{"@id":"https:\/\/www.correiobraziliense.com.br\/cbradar\/as-3-arvores-frutiferas-perfeitas-para-quintais-pequenos-e-faceis-de-cuidar\/#primaryimage"},"thumbnailUrl":"https:\/\/www.correiobraziliense.com.br\/cbradar\/wp-content\/uploads\/2026\/03\/Gemini_Generated_Image_pncschpncschpncs-1.png","datePublished":"2026-03-15T17:25:16+00:00","author":{"@id":"https:\/\/www.correiobraziliense.com.br\/cbradar\/#\/schema\/person\/7356666e12ec0ee53f348ee5db227032"},"description":"Algumas \u00e1rvores frut\u00edferas podem crescer bem em quintais pequenos e produzir colheitas frescas quando recebem cuidados simples.","breadcrumb":{"@id":"https:\/\/www.correiobraziliense.com.br\/cbradar\/as-3-arvores-frutiferas-perfeitas-para-quintais-pequenos-e-faceis-de-cuidar\/#breadcrumb"},"inLanguage":"pt-BR","potentialAction":[{"@type":"ReadAction","target":["https:\/\/www.correiobraziliense.com.br\/cbradar\/as-3-arvores-frutiferas-perfeitas-para-quintais-pequenos-e-faceis-de-cuidar\/"]}]},{"@type":"ImageObject","inLanguage":"pt-BR","@id":"https:\/\/www.correiobraziliense.com.br\/cbradar\/as-3-arvores-frutiferas-perfeitas-para-quintais-pequenos-e-faceis-de-cuidar\/#primaryimage","url":"https:\/\/www.correiobraziliense.com.br\/cbradar\/wp-content\/uploads\/2026\/03\/Gemini_Generated_Image_pncschpncschpncs-1.png","contentUrl":"https:\/\/www.correiobraziliense.com.br\/cbradar\/wp-content\/uploads\/2026\/03\/Gemini_Generated_Image_pncschpncschpncs-1.png","width":1280,"height":720,"caption":"A escolha das esp\u00e9cies \u00e9 o primeiro passo para ter um quintal produtivo sem ficar amontoado"},{"@type":"BreadcrumbList","@id":"https:\/\/www.correiobraziliense.com.br\/cbradar\/as-3-arvores-frutiferas-perfeitas-para-quintais-pequenos-e-faceis-de-cuidar\/#breadcrumb","itemListElement":[{"@type":"ListItem","position":1,"name":"In\u00edcio","item":"https:\/\/www.correiobraziliense.com.br\/cbradar\/"},{"@type":"ListItem","position":2,"name":"As 3 \u00e1rvores frut\u00edferas perfeitas para quintais pequenos e f\u00e1ceis de cuidar"}]},{"@type":"WebSite","@id":"https:\/\/www.correiobraziliense.com.br\/cbradar\/#website","url":"https:\/\/www.correiobraziliense.com.br\/cbradar\/","name":"Correio Braziliense - Radar","description":"Acompanhe as \u00faltimas not\u00edcias e fique bem informado sobre tudo o que acontece no Brasil e no mundo.","potentialAction":[{"@type":"SearchAction","target":{"@type":"EntryPoint","urlTemplate":"https:\/\/www.correiobraziliense.com.br\/cbradar\/?s={search_term_string}"},"query-input":{"@type":"PropertyValueSpecification","valueRequired":true,"valueName":"search_term_string"}}],"inLanguage":"pt-BR"},{"@type":"Person","@id":"https:\/\/www.correiobraziliense.com.br\/cbradar\/#\/schema\/person\/7356666e12ec0ee53f348ee5db227032","name":"Daniely Cardoso","image":{"@type":"ImageObject","inLanguage":"pt-BR","@id":"https:\/\/www.correiobraziliense.com.br\/cbradar\/#\/schema\/person\/image\/","url":"https:\/\/secure.gravatar.com\/avatar\/4b80ddbd124d1f071b626d52d62e5dff?s=96&d=mm&r=g","contentUrl":"https:\/\/secure.gravatar.com\/avatar\/4b80ddbd124d1f071b626d52d62e5dff?s=96&d=mm&r=g","caption":"Daniely Cardoso"},"description":"Redatora nos portais CB Radar e EM Foco, formada pela Universidade Federal de Goi\u00e1s, em Goi\u00e2nia. Apaixonada por comunica\u00e7\u00e3o, arte, decora\u00e7\u00e3o e tend\u00eancias, atuo na produ\u00e7\u00e3o de conte\u00fados envolventes sobre curiosidades, moda, beleza e paisagismo, sempre com um olhar atento \u00e0s novidades do momento.","sameAs":["https:\/\/www.correiobraziliense.com.br\/cbradar"],"url":"https:\/\/www.correiobraziliense.com.br\/cbradar\/author\/danielymyth\/"}]}},"_links":{"self":[{"href":"https:\/\/www.correiobraziliense.com.br\/cbradar\/wp-json\/wp\/v2\/posts\/208800","targetHints":{"allow":["GET"]}}],"collection":[{"href":"https:\/\/www.correiobraziliense.com.br\/cbradar\/wp-json\/wp\/v2\/posts"}],"about":[{"href":"https:\/\/www.correiobraziliense.com.br\/cbradar\/wp-json\/wp\/v2\/types\/post"}],"author":[{"embeddable":true,"href":"https:\/\/www.correiobraziliense.com.br\/cbradar\/wp-json\/wp\/v2\/users\/9"}],"replies":[{"embeddable":true,"href":"https:\/\/www.correiobraziliense.com.br\/cbradar\/wp-json\/wp\/v2\/comments?post=208800"}],"version-history":[{"count":2,"href":"https:\/\/www.correiobraziliense.com.br\/cbradar\/wp-json\/wp\/v2\/posts\/208800\/revisions"}],"predecessor-version":[{"id":208823,"href":"https:\/\/www.correiobraziliense.com.br\/cbradar\/wp-json\/wp\/v2\/posts\/208800\/revisions\/208823"}],"wp:featuredmedia":[{"embeddable":true,"href":"https:\/\/www.correiobraziliense.com.br\/cbradar\/wp-json\/wp\/v2\/media\/208822"}],"wp:attachment":[{"href":"https:\/\/www.correiobraziliense.com.br\/cbradar\/wp-json\/wp\/v2\/media?parent=208800"}],"wp:term":[{"taxonomy":"category","embeddable":true,"href":"https:\/\/www.correiobraziliense.com.br\/cbradar\/wp-json\/wp\/v2\/categories?post=208800"},{"taxonomy":"post_tag","embeddable":true,"href":"https:\/\/www.correiobraziliense.com.br\/cbradar\/wp-json\/wp\/v2\/tags?post=208800"}],"curies":[{"name":"wp","href":"https:\/\/api.w.org\/{rel}","templated":true}]}}