{"id":208802,"date":"2026-03-15T17:45:27","date_gmt":"2026-03-15T20:45:27","guid":{"rendered":"https:\/\/www.correiobraziliense.com.br\/cbradar\/?p=208802"},"modified":"2026-03-14T17:57:44","modified_gmt":"2026-03-14T20:57:44","slug":"as-especies-que-florescem-o-ano-inteiro-e-deixam-sua-varanda-colorida-em-todas-as-estacoes","status":"publish","type":"post","link":"https:\/\/www.correiobraziliense.com.br\/cbradar\/as-especies-que-florescem-o-ano-inteiro-e-deixam-sua-varanda-colorida-em-todas-as-estacoes\/","title":{"rendered":"As esp\u00e9cies que florescem o ano inteiro e deixam sua varanda colorida em todas as esta\u00e7\u00f5es"},"content":{"rendered":"\n<p>Voc\u00ea j\u00e1 imaginou abrir a porta da varanda e encontrar um cantinho cheio de <b>flores<\/b>, mesmo morando em um <b>apartamento<\/b> pequeno? Com alguns vasos bem escolhidos, luz natural aproveitada do jeito certo e esp\u00e9cies ideais para o seu espa\u00e7o, d\u00e1 para criar um mini jardim que deixa o dia mais leve e a casa muito mais <b>acolhedora<\/b>.<\/p>\n\n\n\n<h2 class=\"wp-block-heading\">Como escolher flores para vasos na varanda de forma simples<\/h2>\n\n\n\n<p>A escolha das <b>flores<\/b> depende, principalmente, de quanto sol sua varanda recebe e do <b>clima<\/b> da regi\u00e3o. Em varandas com sol direto por v\u00e1rias horas, <strong>ger\u00e2nios<\/strong>, <strong>pet\u00fanias<\/strong>, <strong>cravos <\/strong>e <strong>lavandas <\/strong>costumam se adaptar bem e <b>florescer<\/b> com for\u00e7a. J\u00e1 em \u00e1reas de meia-sombra, <strong>beg\u00f4nias<\/strong>, <strong>azaleias an\u00e3s<\/strong>, <strong>violetas <\/strong>e <strong>ant\u00farios <\/strong>tendem a se desenvolver melhor.<\/p>\n\n\n\n<p>Tamb\u00e9m vale observar o tamanho das <b>plantas<\/b> para manter a circula\u00e7\u00e3o livre e o ambiente <b>harmonioso<\/b>. Em varandas estreitas, flores de porte baixo ou pendentes, como suculentas floridas, <strong>calibrachoas <\/strong>e \u201c<strong>marias-sem-vergonha<\/strong>\u201d, funcionam muito bem. Em varandas maiores, d\u00e1 para incluir vasos grandes com arbustos <b>floridos<\/b> e criar a sensa\u00e7\u00e3o de um mini jardim.<\/p>\n\n\n<div class=\"wp-block-image\">\n<figure class=\"aligncenter size-large\"><img decoding=\"async\" width=\"1024\" height=\"576\" src=\"https:\/\/www.correiobraziliense.com.br\/cbradar\/wp-content\/uploads\/2026\/02\/Gemini_Generated_Image_bkxdt6bkxdt6bkxd-1-1024x576.png\" alt=\"\" class=\"wp-image-200378\" srcset=\"https:\/\/www.correiobraziliense.com.br\/cbradar\/wp-content\/uploads\/2026\/02\/Gemini_Generated_Image_bkxdt6bkxdt6bkxd-1-1024x576.png 1024w, https:\/\/www.correiobraziliense.com.br\/cbradar\/wp-content\/uploads\/2026\/02\/Gemini_Generated_Image_bkxdt6bkxdt6bkxd-1-300x169.png 300w, https:\/\/www.correiobraziliense.com.br\/cbradar\/wp-content\/uploads\/2026\/02\/Gemini_Generated_Image_bkxdt6bkxdt6bkxd-1-768x432.png 768w, https:\/\/www.correiobraziliense.com.br\/cbradar\/wp-content\/uploads\/2026\/02\/Gemini_Generated_Image_bkxdt6bkxdt6bkxd-1-750x422.png 750w, https:\/\/www.correiobraziliense.com.br\/cbradar\/wp-content\/uploads\/2026\/02\/Gemini_Generated_Image_bkxdt6bkxdt6bkxd-1-1140x641.png 1140w, https:\/\/www.correiobraziliense.com.br\/cbradar\/wp-content\/uploads\/2026\/02\/Gemini_Generated_Image_bkxdt6bkxdt6bkxd-1.png 1280w\" sizes=\"(max-width: 1024px) 100vw, 1024px\" \/><figcaption class=\"wp-element-caption\">A colum\u00e9ia \u00e9 um g\u00eanero de plantas herb\u00e1ceas e pendentes, muito usada em vasos suspensos, que se adapta bem a apartamentos e varandas cobertas<\/figcaption><\/figure><\/div>\n\n\n<p>Leia tamb\u00e9m:&nbsp;<a href=\"https:\/\/www.correiobraziliense.com.br\/cbradar\/plantar-essa-fruta-no-quintal-pode-ajudar-o-intestino-a-funcionar-melhor-no-dia-a-dia\/\" target=\"_blank\" rel=\"noopener\">Plantar essa fruta no quintal pode ajudar o intestino a funcionar melhor no dia a dia<\/a><\/p>\n\n\n\n<h2 class=\"wp-block-heading\">Como combinar flores para ter uma varanda colorida o ano inteiro<\/h2>\n\n\n\n<p>Se a ideia \u00e9 ver <b>cor<\/b> na varanda em todas as esta\u00e7\u00f5es, compense os per\u00edodos de pouca flora\u00e7\u00e3o misturando esp\u00e9cies de \u00e9pocas <b>diferentes<\/b>. Algumas flores se destacam no ver\u00e3o, outras gostam mais do frio, e essa combina\u00e7\u00e3o evita que o espa\u00e7o fique apagado em certas \u00e9pocas. Assim, voc\u00ea sempre ter\u00e1 algum vaso chamando a <b>aten\u00e7\u00e3o<\/b>.<\/p>\n\n\n\n<p>Outra dica \u00e9 brincar com <b>estilos<\/b> e formatos: flores abertas, bot\u00f5es menores, tons intensos ou suaves. Ao unir plantas de alturas variadas e cores que se <b>complementam<\/b>, a varanda ganha movimento e personalidade. Mesmo com poucos vasos, a sensa\u00e7\u00e3o \u00e9 de um espa\u00e7o bem planejado e cheio de <b>vida<\/b>.<\/p>\n\n\n\n<figure class=\"wp-block-embed is-type-rich is-provider-pinterest wp-block-embed-pinterest\"><div class=\"wp-block-embed__wrapper\">\n<iframe loading=\"lazy\" title=\"Pair Easy Wave Petunias and Silver Falls Dichondra for a dreamy combination in hanging baskets!\" src=\"https:\/\/assets.pinterest.com\/ext\/embed.html?id=2462974792302040&#038;src=oembed\" height=\"899\" width=\"450\" frameborder=\"0\" scrolling=\"no\" ><\/iframe>\n<\/div><\/figure>\n\n\n\n<h2 class=\"wp-block-heading\">Como plantar flores em vasos passo a passo na pr\u00e1tica<\/h2>\n\n\n\n<p>O plantio correto \u00e9 o segredo para que suas <b>flores<\/b> durem mais e fiquem bonitas por muito tempo. Um erro comum \u00e9 usar apenas terra pesada, sem <b>drenagem<\/b>, o que deixa as ra\u00edzes encharcadas e favorece o apodrecimento. Com uma sequ\u00eancia simples, voc\u00ea evita esses problemas e ajuda as <b>plantas<\/b> a se adaptarem melhor.<\/p>\n\n\n\n<ol class=\"wp-block-list\">\n<li><strong>Escolher o vaso adequado<\/strong><br>O vaso precisa ter furos no <b>fundo<\/b> para a sa\u00edda da \u00e1gua. Modelos de <b>cer\u00e2mica<\/b> ret\u00eam mais umidade, enquanto os de pl\u00e1stico secam um pouco mais r\u00e1pido. Em varandas muito altas ou com vento forte, recipientes mais pesados d\u00e3o maior <b>estabilidade<\/b>.<\/li>\n\n\n\n<li><strong>Montar a drenagem<\/strong><br>Colocar uma camada de pedrinhas, argila expandida ou cacos de telha no fundo ajuda a escoar o excesso de <b>\u00e1gua<\/b>. Por cima, pode-se usar um peda\u00e7o de manta de drenagem ou tecido <b>sint\u00e9tico<\/b>, evitando que a terra escape pelos furos e mantendo o sistema de drenagem mais <b>eficiente<\/b>.<\/li>\n\n\n\n<li><strong>Preparar o substrato<\/strong><br>Para flores em vasos, use um substrato leve e <b>arejado<\/b>, com terra vegetal e mat\u00e9ria <b>org\u00e2nica<\/b>, podendo incluir um pouco de areia ou perlita. Essa mistura facilita o enraizamento e evita <b>encharcamento<\/b>.<\/li>\n\n\n\n<li><strong>Plantar as mudas<\/strong><br>Posicione as <b>mudas<\/b> no centro ou nas laterais, conforme o efeito desejado. Preencha com o substrato sem apertar demais e deixe um espa\u00e7o de um a dois dedos abaixo da <b>borda<\/b> do vaso para facilitar a rega e evitar que a \u00e1gua e a <b>terra<\/b> transbordem.<\/li>\n\n\n\n<li><strong>Regar ap\u00f3s o plantio<\/strong><br>A primeira <b>rega<\/b> deve ser mais abundante, at\u00e9 a \u00e1gua escorrer pelos furos. Depois, a frequ\u00eancia varia conforme a <b>esp\u00e9cie<\/b>, o clima e o quanto de sol a varanda recebe, ajustando sempre que notar o substrato muito seco ou <b>encharcado<\/b>.<\/li>\n<\/ol>\n\n\n\n<h2 class=\"wp-block-heading\">Como organizar os vasos para deixar a varanda mais colorida<\/h2>\n\n\n\n<p>Para criar uma varanda bem <b>colorida<\/b>, a forma de organizar os vasos faz tanta diferen\u00e7a quanto a escolha das <b>flores<\/b>. Voc\u00ea pode mesclar cores contrastantes, como amarelo com roxo ou vermelho com branco, para um visual vibrante, ou montar vasos em tons parecidos para um efeito mais suave e <b>elegante<\/b>.<\/p>\n\n\n\n<figure class=\"wp-block-embed is-type-rich is-provider-pinterest wp-block-embed-pinterest\"><div class=\"wp-block-embed__wrapper\">\n<iframe loading=\"lazy\" title=\"\ud83c\udf31Neste v\u00eddeo, vamos explorar tudo o que voc\u00ea precisa saber para cultivar e cuidar das deslumbrantes Beg\u00f4nias Flor. Descubra os segredos por tr\u00e1s das flores vibrantes e delicadas, aprendendo sobre a escolha do solo ideal, a ilumina\u00e7\u00e3o adequada e as melhores t\u00e9cnicas de rega. \ud83c\udf38 Deixe o mundo mais verde com a Plantei!!!\ud83c\udf33 #begoniaflor #vasoautoirrigavelplantei #lojaplantei #flores\" src=\"https:\/\/assets.pinterest.com\/ext\/embed.html?id=9851692933690807&#038;src=oembed\" height=\"899\" width=\"450\" frameborder=\"0\" scrolling=\"no\" ><\/iframe>\n<\/div><\/figure>\n\n\n\n<p>Em varandas pequenas, \u00e9 \u00fatil aproveitar as <b>paredes<\/b> e alturas diferentes para n\u00e3o ocupar todo o ch\u00e3o. J\u00e1 em \u00e1reas maiores, d\u00e1 para formar \u201cilhas\u201d de vasos em cantos estrat\u00e9gicos, criando um corredor verde que convida a passar mais <b>tempo<\/b> ali. Algumas ideias pr\u00e1ticas podem ajudar na hora de planejar esse <b>layout<\/b>:<\/p>\n\n\n\n<ul class=\"wp-block-list\">\n<li><strong>Usar vasos pendentes<\/strong> para flores em <b>cascata<\/b>, como pet\u00fanias pendentes e heras <b>floridas<\/b>.<\/li>\n\n\n\n<li><strong>Combinar tamanhos de vasos<\/strong> com vasos altos ao <b>fundo<\/b> e menores na frente para criar <b>profundidade<\/b>.<\/li>\n\n\n\n<li><strong>Organizar por necessidade de luz<\/strong>, deixando esp\u00e9cies de sol direto nas \u00e1reas mais <b>expostas<\/b> e as de meia-sombra perto das <b>paredes<\/b>.<\/li>\n<\/ul>\n\n\n\n<figure class=\"wp-block-embed is-type-rich is-provider-pinterest wp-block-embed-pinterest\"><div class=\"wp-block-embed__wrapper\">\n<iframe loading=\"lazy\" title=\"Anthurium\" src=\"https:\/\/assets.pinterest.com\/ext\/embed.html?id=30047522509563434&#038;src=oembed\" height=\"899\" width=\"450\" frameborder=\"0\" scrolling=\"no\" ><\/iframe>\n<\/div><\/figure>\n\n\n\n<h2 class=\"wp-block-heading\">Quais cuidados di\u00e1rios ajudam a manter flores saud\u00e1veis na varanda<\/h2>\n\n\n\n<p>Para manter os vasos bonitos, \u00e9 importante observar as <b>plantas<\/b> um pouquinho todos os dias. A rega merece aten\u00e7\u00e3o: toque o substrato com os dedos e veja se a superf\u00edcie est\u00e1 <b>seca<\/b> antes de molhar de novo. Em dias muito quentes, alguns vasos podem precisar de \u00e1gua mais de uma vez ao dia, enquanto em per\u00edodos chuvosos ou frios a rega tende a ser mais <b>espa\u00e7ada<\/b>.<\/p>\n\n\n\n<p>A aduba\u00e7\u00e3o peri\u00f3dica com fertilizantes pr\u00f3prios para <b>flores<\/b>, seguindo a orienta\u00e7\u00e3o do r\u00f3tulo, ajuda a prolongar a <b>flora\u00e7\u00e3o<\/b>. Retirar flores secas e folhas amareladas estimula novos bot\u00f5es e deixa tudo mais arrumado. Fique de olho tamb\u00e9m em manchas nas folhas, insetos e murchas repentinas; se notar algo estranho, busque orienta\u00e7\u00e3o confi\u00e1vel sobre defensivos ou solu\u00e7\u00f5es <b>caseiras<\/b>. Com alguns minutos de cuidado, sua varanda pode se transformar em um ref\u00fagio colorido e <b>aconchegante<\/b> durante boa parte do ano.<\/p>\n","protected":false},"excerpt":{"rendered":"<p>Voc\u00ea j\u00e1 imaginou abrir a porta da varanda e encontrar um cantinho cheio de flores, mesmo morando em um apartamento pequeno? Com alguns vasos bem escolhidos, luz natural aproveitada do jeito certo e esp\u00e9cies ideais para o seu espa\u00e7o, d\u00e1 para criar um mini jardim que deixa o dia mais leve e a casa muito [&hellip;]<\/p>\n","protected":false},"author":9,"featured_media":131330,"comment_status":"open","ping_status":"open","sticky":false,"template":"","format":"standard","meta":{"_yoast_wpseo_focuskw":"flores para varanda","_yoast_wpseo_title":"","_yoast_wpseo_metadesc":"Crie um mini jardim na sua varanda com dicas pr\u00e1ticas de plantio, escolha de esp\u00e9cies e organiza\u00e7\u00e3o de vasos.","jnews-multi-image_gallery":[],"jnews_single_post":{"format":"standard"},"jnews_primary_category":[],"jnews_social_meta":[],"jnews_override_counter":[],"footnotes":""},"categories":[136],"tags":[3025,11889,4365],"class_list":["post-208802","post","type-post","status-publish","format-standard","has-post-thumbnail","hentry","category-jardinagem","tag-como-plantar-flores","tag-flores-em-casa","tag-flores-em-vasos"],"yoast_head":"<!-- This site is optimized with the Yoast SEO plugin v24.6 - https:\/\/yoast.com\/wordpress\/plugins\/seo\/ -->\n<title>As esp\u00e9cies que florescem o ano inteiro e deixam sua varanda colorida em todas as esta\u00e7\u00f5es - Correio Braziliense - Radar<\/title>\n<meta name=\"description\" content=\"Crie um mini jardim na sua varanda com dicas pr\u00e1ticas de plantio, escolha de esp\u00e9cies e organiza\u00e7\u00e3o de vasos.\" \/>\n<meta name=\"robots\" content=\"index, follow, max-snippet:-1, max-image-preview:large, max-video-preview:-1\" \/>\n<link rel=\"canonical\" href=\"https:\/\/www.correiobraziliense.com.br\/cbradar\/as-especies-que-florescem-o-ano-inteiro-e-deixam-sua-varanda-colorida-em-todas-as-estacoes\/\" \/>\n<meta property=\"og:locale\" content=\"pt_BR\" \/>\n<meta property=\"og:type\" content=\"article\" \/>\n<meta property=\"og:title\" content=\"As esp\u00e9cies que florescem o ano inteiro e deixam sua varanda colorida em todas as esta\u00e7\u00f5es - Correio Braziliense - Radar\" \/>\n<meta property=\"og:description\" content=\"Crie um mini jardim na sua varanda com dicas pr\u00e1ticas de plantio, escolha de esp\u00e9cies e organiza\u00e7\u00e3o de vasos.\" \/>\n<meta property=\"og:url\" content=\"https:\/\/www.correiobraziliense.com.br\/cbradar\/as-especies-que-florescem-o-ano-inteiro-e-deixam-sua-varanda-colorida-em-todas-as-estacoes\/\" \/>\n<meta property=\"og:site_name\" content=\"Correio Braziliense - Radar\" \/>\n<meta property=\"article:published_time\" content=\"2026-03-15T20:45:27+00:00\" \/>\n<meta property=\"og:image\" content=\"https:\/\/www.correiobraziliense.com.br\/cbradar\/wp-content\/uploads\/2025\/11\/Design-sem-nome-24.png\" \/>\n\t<meta property=\"og:image:width\" content=\"1280\" \/>\n\t<meta property=\"og:image:height\" content=\"720\" \/>\n\t<meta property=\"og:image:type\" content=\"image\/png\" \/>\n<meta name=\"author\" content=\"Daniely Cardoso\" \/>\n<meta name=\"twitter:card\" content=\"summary_large_image\" \/>\n<meta name=\"twitter:label1\" content=\"Escrito por\" \/>\n\t<meta name=\"twitter:data1\" content=\"Daniely Cardoso\" \/>\n\t<meta name=\"twitter:label2\" content=\"Est. tempo de leitura\" \/>\n\t<meta name=\"twitter:data2\" content=\"6 minutos\" \/>\n<!-- \/ Yoast SEO plugin. -->","yoast_head_json":{"title":"As esp\u00e9cies que florescem o ano inteiro e deixam sua varanda colorida em todas as esta\u00e7\u00f5es - Correio Braziliense - Radar","description":"Crie um mini jardim na sua varanda com dicas pr\u00e1ticas de plantio, escolha de esp\u00e9cies e organiza\u00e7\u00e3o de vasos.","robots":{"index":"index","follow":"follow","max-snippet":"max-snippet:-1","max-image-preview":"max-image-preview:large","max-video-preview":"max-video-preview:-1"},"canonical":"https:\/\/www.correiobraziliense.com.br\/cbradar\/as-especies-que-florescem-o-ano-inteiro-e-deixam-sua-varanda-colorida-em-todas-as-estacoes\/","og_locale":"pt_BR","og_type":"article","og_title":"As esp\u00e9cies que florescem o ano inteiro e deixam sua varanda colorida em todas as esta\u00e7\u00f5es - Correio Braziliense - Radar","og_description":"Crie um mini jardim na sua varanda com dicas pr\u00e1ticas de plantio, escolha de esp\u00e9cies e organiza\u00e7\u00e3o de vasos.","og_url":"https:\/\/www.correiobraziliense.com.br\/cbradar\/as-especies-que-florescem-o-ano-inteiro-e-deixam-sua-varanda-colorida-em-todas-as-estacoes\/","og_site_name":"Correio Braziliense - Radar","article_published_time":"2026-03-15T20:45:27+00:00","og_image":[{"width":1280,"height":720,"url":"https:\/\/www.correiobraziliense.com.br\/cbradar\/wp-content\/uploads\/2025\/11\/Design-sem-nome-24.png","type":"image\/png"}],"author":"Daniely Cardoso","twitter_card":"summary_large_image","twitter_misc":{"Escrito por":"Daniely Cardoso","Est. tempo de leitura":"6 minutos"},"schema":{"@context":"https:\/\/schema.org","@graph":[{"@type":"WebPage","@id":"https:\/\/www.correiobraziliense.com.br\/cbradar\/as-especies-que-florescem-o-ano-inteiro-e-deixam-sua-varanda-colorida-em-todas-as-estacoes\/","url":"https:\/\/www.correiobraziliense.com.br\/cbradar\/as-especies-que-florescem-o-ano-inteiro-e-deixam-sua-varanda-colorida-em-todas-as-estacoes\/","name":"As esp\u00e9cies que florescem o ano inteiro e deixam sua varanda colorida em todas as esta\u00e7\u00f5es - Correio Braziliense - Radar","isPartOf":{"@id":"https:\/\/www.correiobraziliense.com.br\/cbradar\/#website"},"primaryImageOfPage":{"@id":"https:\/\/www.correiobraziliense.com.br\/cbradar\/as-especies-que-florescem-o-ano-inteiro-e-deixam-sua-varanda-colorida-em-todas-as-estacoes\/#primaryimage"},"image":{"@id":"https:\/\/www.correiobraziliense.com.br\/cbradar\/as-especies-que-florescem-o-ano-inteiro-e-deixam-sua-varanda-colorida-em-todas-as-estacoes\/#primaryimage"},"thumbnailUrl":"https:\/\/www.correiobraziliense.com.br\/cbradar\/wp-content\/uploads\/2025\/11\/Design-sem-nome-24.png","datePublished":"2026-03-15T20:45:27+00:00","author":{"@id":"https:\/\/www.correiobraziliense.com.br\/cbradar\/#\/schema\/person\/7356666e12ec0ee53f348ee5db227032"},"description":"Crie um mini jardim na sua varanda com dicas pr\u00e1ticas de plantio, escolha de esp\u00e9cies e organiza\u00e7\u00e3o de vasos.","breadcrumb":{"@id":"https:\/\/www.correiobraziliense.com.br\/cbradar\/as-especies-que-florescem-o-ano-inteiro-e-deixam-sua-varanda-colorida-em-todas-as-estacoes\/#breadcrumb"},"inLanguage":"pt-BR","potentialAction":[{"@type":"ReadAction","target":["https:\/\/www.correiobraziliense.com.br\/cbradar\/as-especies-que-florescem-o-ano-inteiro-e-deixam-sua-varanda-colorida-em-todas-as-estacoes\/"]}]},{"@type":"ImageObject","inLanguage":"pt-BR","@id":"https:\/\/www.correiobraziliense.com.br\/cbradar\/as-especies-que-florescem-o-ano-inteiro-e-deixam-sua-varanda-colorida-em-todas-as-estacoes\/#primaryimage","url":"https:\/\/www.correiobraziliense.com.br\/cbradar\/wp-content\/uploads\/2025\/11\/Design-sem-nome-24.png","contentUrl":"https:\/\/www.correiobraziliense.com.br\/cbradar\/wp-content\/uploads\/2025\/11\/Design-sem-nome-24.png","width":1280,"height":720,"caption":"Os bougainvilles s\u00e3o trepadeiras conhecidas por suas flores vibrantes"},{"@type":"BreadcrumbList","@id":"https:\/\/www.correiobraziliense.com.br\/cbradar\/as-especies-que-florescem-o-ano-inteiro-e-deixam-sua-varanda-colorida-em-todas-as-estacoes\/#breadcrumb","itemListElement":[{"@type":"ListItem","position":1,"name":"In\u00edcio","item":"https:\/\/www.correiobraziliense.com.br\/cbradar\/"},{"@type":"ListItem","position":2,"name":"As esp\u00e9cies que florescem o ano inteiro e deixam sua varanda colorida em todas as esta\u00e7\u00f5es"}]},{"@type":"WebSite","@id":"https:\/\/www.correiobraziliense.com.br\/cbradar\/#website","url":"https:\/\/www.correiobraziliense.com.br\/cbradar\/","name":"Correio Braziliense - Radar","description":"Acompanhe as \u00faltimas not\u00edcias e fique bem informado sobre tudo o que acontece no Brasil e no mundo.","potentialAction":[{"@type":"SearchAction","target":{"@type":"EntryPoint","urlTemplate":"https:\/\/www.correiobraziliense.com.br\/cbradar\/?s={search_term_string}"},"query-input":{"@type":"PropertyValueSpecification","valueRequired":true,"valueName":"search_term_string"}}],"inLanguage":"pt-BR"},{"@type":"Person","@id":"https:\/\/www.correiobraziliense.com.br\/cbradar\/#\/schema\/person\/7356666e12ec0ee53f348ee5db227032","name":"Daniely Cardoso","image":{"@type":"ImageObject","inLanguage":"pt-BR","@id":"https:\/\/www.correiobraziliense.com.br\/cbradar\/#\/schema\/person\/image\/","url":"https:\/\/secure.gravatar.com\/avatar\/4b80ddbd124d1f071b626d52d62e5dff?s=96&d=mm&r=g","contentUrl":"https:\/\/secure.gravatar.com\/avatar\/4b80ddbd124d1f071b626d52d62e5dff?s=96&d=mm&r=g","caption":"Daniely Cardoso"},"description":"Redatora nos portais CB Radar e EM Foco, formada pela Universidade Federal de Goi\u00e1s, em Goi\u00e2nia. Apaixonada por comunica\u00e7\u00e3o, arte, decora\u00e7\u00e3o e tend\u00eancias, atuo na produ\u00e7\u00e3o de conte\u00fados envolventes sobre curiosidades, moda, beleza e paisagismo, sempre com um olhar atento \u00e0s novidades do momento.","sameAs":["https:\/\/www.correiobraziliense.com.br\/cbradar"],"url":"https:\/\/www.correiobraziliense.com.br\/cbradar\/author\/danielymyth\/"}]}},"_links":{"self":[{"href":"https:\/\/www.correiobraziliense.com.br\/cbradar\/wp-json\/wp\/v2\/posts\/208802","targetHints":{"allow":["GET"]}}],"collection":[{"href":"https:\/\/www.correiobraziliense.com.br\/cbradar\/wp-json\/wp\/v2\/posts"}],"about":[{"href":"https:\/\/www.correiobraziliense.com.br\/cbradar\/wp-json\/wp\/v2\/types\/post"}],"author":[{"embeddable":true,"href":"https:\/\/www.correiobraziliense.com.br\/cbradar\/wp-json\/wp\/v2\/users\/9"}],"replies":[{"embeddable":true,"href":"https:\/\/www.correiobraziliense.com.br\/cbradar\/wp-json\/wp\/v2\/comments?post=208802"}],"version-history":[{"count":2,"href":"https:\/\/www.correiobraziliense.com.br\/cbradar\/wp-json\/wp\/v2\/posts\/208802\/revisions"}],"predecessor-version":[{"id":208826,"href":"https:\/\/www.correiobraziliense.com.br\/cbradar\/wp-json\/wp\/v2\/posts\/208802\/revisions\/208826"}],"wp:featuredmedia":[{"embeddable":true,"href":"https:\/\/www.correiobraziliense.com.br\/cbradar\/wp-json\/wp\/v2\/media\/131330"}],"wp:attachment":[{"href":"https:\/\/www.correiobraziliense.com.br\/cbradar\/wp-json\/wp\/v2\/media?parent=208802"}],"wp:term":[{"taxonomy":"category","embeddable":true,"href":"https:\/\/www.correiobraziliense.com.br\/cbradar\/wp-json\/wp\/v2\/categories?post=208802"},{"taxonomy":"post_tag","embeddable":true,"href":"https:\/\/www.correiobraziliense.com.br\/cbradar\/wp-json\/wp\/v2\/tags?post=208802"}],"curies":[{"name":"wp","href":"https:\/\/api.w.org\/{rel}","templated":true}]}}