{"id":208803,"date":"2026-03-15T19:55:34","date_gmt":"2026-03-15T22:55:34","guid":{"rendered":"https:\/\/www.correiobraziliense.com.br\/cbradar\/?p=208803"},"modified":"2026-03-14T18:00:57","modified_gmt":"2026-03-14T21:00:57","slug":"plantar-essa-erva-na-varanda-pode-perfumar-o-ambiente-e-estimular-a-concentracao","status":"publish","type":"post","link":"https:\/\/www.correiobraziliense.com.br\/cbradar\/plantar-essa-erva-na-varanda-pode-perfumar-o-ambiente-e-estimular-a-concentracao\/","title":{"rendered":"Plantar essa erva na varanda pode perfumar o ambiente e estimular a concentra\u00e7\u00e3o"},"content":{"rendered":"\n<p>Imagine abrir a janela de manh\u00e3, sentir o cheiro fresco das <strong>plantas<\/strong> e perceber que, bem ali no seu vaso da varanda, cresce uma <strong>erva<\/strong> que perfuma a casa e ainda \u00e9 famosa por ajudar na concentra\u00e7\u00e3o: a s\u00e1lvia. F\u00e1cil de cuidar, bonita e vers\u00e1til na <strong>cozinha<\/strong>, ela virou queridinha de quem mora em apartamentos e quer um cantinho verde com utilidade no dia a dia.<\/p>\n\n\n\n<h2 class=\"wp-block-heading\">Como preparar o vaso ideal para plantar s\u00e1lvia em casa<\/h2>\n\n\n\n<p>Para que a s\u00e1lvia cres\u00e7a forte em vasos, o primeiro passo \u00e9 escolher bem o <strong>recipiente<\/strong>. Ele precisa ter furos de drenagem e prato coletor, mas sem deixar a <strong>\u00e1gua<\/strong> parada por muito tempo. Um vaso com pelo menos 20 cm de profundidade j\u00e1 \u00e9 suficiente para as <strong>ra\u00edzes<\/strong> se espalharem sem aperto.<\/p>\n\n\n\n<p>O substrato deve ser leve, soltinho e permitir que a \u00e1gua escorra com facilidade. Uma mistura simples e eficiente pode ser feita com partes iguais de terra comum bem solta, composto org\u00e2nico ou h\u00famus de minhoca e areia grossa ou perlita. Antes de colocar essa mistura, vale cobrir o fundo do vaso com <strong>pedrinhas<\/strong>, argila expandida ou cacos de cer\u00e2mica para evitar <strong>encharcamento<\/strong> e proteger as ra\u00edzes de <strong>fungos<\/strong>.<\/p>\n\n\n<div class=\"wp-block-image\">\n<figure class=\"aligncenter size-large\"><img decoding=\"async\" width=\"1024\" height=\"576\" src=\"https:\/\/www.correiobraziliense.com.br\/cbradar\/wp-content\/uploads\/2026\/01\/salvia-planta_1767879345734-1024x576.jpg\" alt=\"\" class=\"wp-image-171017\" srcset=\"https:\/\/www.correiobraziliense.com.br\/cbradar\/wp-content\/uploads\/2026\/01\/salvia-planta_1767879345734-1024x576.jpg 1024w, https:\/\/www.correiobraziliense.com.br\/cbradar\/wp-content\/uploads\/2026\/01\/salvia-planta_1767879345734-300x169.jpg 300w, https:\/\/www.correiobraziliense.com.br\/cbradar\/wp-content\/uploads\/2026\/01\/salvia-planta_1767879345734-768x432.jpg 768w, https:\/\/www.correiobraziliense.com.br\/cbradar\/wp-content\/uploads\/2026\/01\/salvia-planta_1767879345734-750x422.jpg 750w, https:\/\/www.correiobraziliense.com.br\/cbradar\/wp-content\/uploads\/2026\/01\/salvia-planta_1767879345734-1140x641.jpg 1140w, https:\/\/www.correiobraziliense.com.br\/cbradar\/wp-content\/uploads\/2026\/01\/salvia-planta_1767879345734.jpg 1280w\" sizes=\"(max-width: 1024px) 100vw, 1024px\" \/><figcaption class=\"wp-element-caption\">A s\u00e1lvia \u00e9 apontada em estudos e na pr\u00e1tica popular como uma aliada no cuidado com a respira\u00e7\u00e3o &#8211; Cr\u00e9ditos: depositphotos.com \/ seagamess<\/figcaption><\/figure><\/div>\n\n\n<p>Leia tamb\u00e9m:&nbsp;<a href=\"https:\/\/www.correiobraziliense.com.br\/cbradar\/plantar-essa-fruta-no-quintal-pode-ajudar-o-intestino-a-funcionar-melhor-no-dia-a-dia\/\" target=\"_blank\" rel=\"noopener\">Plantar essa fruta no quintal pode ajudar o intestino a funcionar melhor no dia a dia<\/a><\/p>\n\n\n\n<h2 class=\"wp-block-heading\">Como cuidar da s\u00e1lvia em vaso no dia a dia<\/h2>\n\n\n\n<p>Depois do plantio, a rotina de cuidados com a s\u00e1lvia \u00e9 simples, mas pede um pouco de aten\u00e7\u00e3o. A ideia \u00e9 buscar <strong>equil\u00edbrio<\/strong>: nem \u00e1gua demais, nem de menos; nem sol o dia inteiro queimando as folhas, nem sombra constante. Assim, ela tende a ficar mais <strong>resistente<\/strong> e com folhas bem arom\u00e1ticas para uso sempre que voc\u00ea <strong>precisar<\/strong>.<\/p>\n\n\n\n<p>No dia a dia, vale observar o ambiente e os sinais da planta. A s\u00e1lvia gosta de sol direto por 4 a 6 horas, geralmente em varandas e janelas bem iluminadas. A <strong>rega<\/strong> pode ser feita quando o topo da terra estiver seco ao toque, aumentando a frequ\u00eancia no calor e reduzindo no frio. Ambientes <strong>arejados<\/strong> ajudam a evitar fungos, e uma aduba\u00e7\u00e3o leve com composto org\u00e2nico a cada 40 a 60 dias mant\u00e9m o substrato <strong>nutritivo<\/strong>.<\/p>\n\n\n\n<h2 class=\"wp-block-heading\">Por que a s\u00e1lvia \u00e9 t\u00e3o associada \u00e0 mem\u00f3ria e \u00e0 concentra\u00e7\u00e3o<\/h2>\n\n\n\n<p>A fama da s\u00e1lvia como \u201cerva da mente\u201d vem de muito tempo. Em tradi\u00e7\u00f5es europeias e mediterr\u00e2neas, ela era ligada \u00e0 clareza <strong>mental<\/strong>, estudo e rituais de foco e aten\u00e7\u00e3o. Com o tempo, essa curiosidade chegou aos <strong>laborat\u00f3rios<\/strong>, onde come\u00e7aram a investigar os compostos presentes em suas folhas e como eles podem influenciar o funcionamento do <strong>c\u00e9rebro<\/strong>.<\/p>\n\n\n\n<p>Pesquisas recentes analisam extratos padronizados de s\u00e1lvia em c\u00e1psulas, ch\u00e1s concentrados e \u00f3leos, observando efeitos sobre mem\u00f3ria de curto prazo, aten\u00e7\u00e3o sustentada e velocidade de processamento de informa\u00e7\u00f5es simples, principalmente em adultos e idosos. Os resultados s\u00e3o animadores em alguns casos, mas ainda pedem mais <strong>estudos<\/strong>. J\u00e1 o cultivo caseiro segue uma linha mais suave, focada no uso culin\u00e1rio e arom\u00e1tico, sem substituir <strong>orienta\u00e7\u00e3o<\/strong> profissional ou acompanhamento de <strong>sa\u00fade<\/strong>.<\/p>\n\n\n\n<p>Se voc\u00ca gosta de cultivo, separamos esse v\u00eddeo do canal <a href=\"https:\/\/www.youtube.com\/@PlantasEmVasos\" target=\"_blank\" rel=\"noreferrer noopener\">Plantas Em Vasos<\/a> ensinando a plantar s\u00e1lvia em casa:<\/p>\n\n\n\n<figure class=\"wp-block-embed is-type-video is-provider-youtube wp-block-embed-youtube wp-embed-aspect-16-9 wp-has-aspect-ratio\"><div class=\"wp-block-embed__wrapper\">\n<div class=\"jeg_video_container jeg_video_content\"><iframe loading=\"lazy\" title=\"S\u00e1lvia: como plantar e cuidar.\" width=\"500\" height=\"281\" src=\"https:\/\/www.youtube.com\/embed\/hNDC31qqXQo?feature=oembed\" frameborder=\"0\" allow=\"accelerometer; autoplay; clipboard-write; encrypted-media; gyroscope; picture-in-picture; web-share\" referrerpolicy=\"strict-origin-when-cross-origin\" allowfullscreen><\/iframe><\/div>\n<\/div><\/figure>\n\n\n\n<h2 class=\"wp-block-heading\">Como integrar a s\u00e1lvia cultivada em casa na rotina com praticidade<\/h2>\n\n\n\n<p>Para aproveitar melhor a planta no dia a dia, voc\u00ea pode inserir a s\u00e1lvia em preparos r\u00e1pidos e acess\u00edveis, trazendo sabor e aroma sem complica\u00e7\u00e3o. Algumas ideias pr\u00e1ticas de uso da s\u00e1lvia cultivada em vasos incluem:<\/p>\n\n\n\n<ul class=\"wp-block-list\">\n<li>temperar <strong>legumes<\/strong> assados, frango ou peixe com s\u00e1lvia, alho, lim\u00e3o e <strong>azeite<\/strong>;<\/li>\n\n\n\n<li>preparar ch\u00e1s suaves com poucas <strong>folhas<\/strong>, consumindo com modera\u00e7\u00e3o;<\/li>\n\n\n\n<li>aromatizar manteigas e <strong>\u00f3leos<\/strong>, guardando na geladeira para uso ao longo da <strong>semana<\/strong>;<\/li>\n\n\n\n<li>secar as folhas para montar um <strong>mix<\/strong> de ervas caseiro para sopas e <strong>molhos<\/strong>.<\/li>\n<\/ul>\n\n\n\n<p>Ter um vaso de s\u00e1lvia \u00e0 m\u00e3o facilita muito a vida na <strong>cozinha<\/strong> e no cuidado com a pr\u00f3pria rotina. Com poucas folhas, voc\u00ea j\u00e1 consegue dar um toque especial a pratos simples e at\u00e9 criar pequenos rituais: um ch\u00e1 leve \u00e0 noite, um <strong>tempero<\/strong> diferente no almo\u00e7o ou um \u00f3leo aromatizado para usar na <strong>semana<\/strong>.<\/p>\n","protected":false},"excerpt":{"rendered":"<p>Imagine abrir a janela de manh\u00e3, sentir o cheiro fresco das plantas e perceber que, bem ali no seu vaso da varanda, cresce uma erva que perfuma a casa e ainda \u00e9 famosa por ajudar na concentra\u00e7\u00e3o: a s\u00e1lvia. F\u00e1cil de cuidar, bonita e vers\u00e1til na cozinha, ela virou queridinha de quem mora em apartamentos [&hellip;]<\/p>\n","protected":false},"author":9,"featured_media":194990,"comment_status":"open","ping_status":"open","sticky":false,"template":"","format":"standard","meta":{"_yoast_wpseo_focuskw":"como plantar s\u00e1lvia","_yoast_wpseo_title":"","_yoast_wpseo_metadesc":"Erva arom\u00e1tica f\u00e1cil de cultivar em vasos pode perfumar o ambiente e ainda ser associada ao foco e \u00e0 concentra\u00e7\u00e3o no dia a dia.","jnews-multi-image_gallery":[],"jnews_single_post":{"format":"standard"},"jnews_primary_category":[],"jnews_social_meta":[],"jnews_override_counter":[],"footnotes":""},"categories":[119,136],"tags":[16158,13612,2932],"class_list":["post-208803","post","type-post","status-publish","format-standard","has-post-thumbnail","hentry","category-bem-estar","category-jardinagem","tag-erva-para-memoria","tag-plantar-salvia","tag-salvia"],"yoast_head":"<!-- This site is optimized with the Yoast SEO plugin v24.6 - https:\/\/yoast.com\/wordpress\/plugins\/seo\/ -->\n<title>Plantar essa erva na varanda pode perfumar o ambiente e estimular a concentra\u00e7\u00e3o - Correio Braziliense - Radar<\/title>\n<meta name=\"description\" content=\"Erva arom\u00e1tica f\u00e1cil de cultivar em vasos pode perfumar o ambiente e ainda ser associada ao foco e \u00e0 concentra\u00e7\u00e3o no dia a dia.\" \/>\n<meta name=\"robots\" content=\"index, follow, max-snippet:-1, max-image-preview:large, max-video-preview:-1\" \/>\n<link rel=\"canonical\" href=\"https:\/\/www.correiobraziliense.com.br\/cbradar\/plantar-essa-erva-na-varanda-pode-perfumar-o-ambiente-e-estimular-a-concentracao\/\" \/>\n<meta property=\"og:locale\" content=\"pt_BR\" \/>\n<meta property=\"og:type\" content=\"article\" \/>\n<meta property=\"og:title\" content=\"Plantar essa erva na varanda pode perfumar o ambiente e estimular a concentra\u00e7\u00e3o - Correio Braziliense - Radar\" \/>\n<meta property=\"og:description\" content=\"Erva arom\u00e1tica f\u00e1cil de cultivar em vasos pode perfumar o ambiente e ainda ser associada ao foco e \u00e0 concentra\u00e7\u00e3o no dia a dia.\" \/>\n<meta property=\"og:url\" content=\"https:\/\/www.correiobraziliense.com.br\/cbradar\/plantar-essa-erva-na-varanda-pode-perfumar-o-ambiente-e-estimular-a-concentracao\/\" \/>\n<meta property=\"og:site_name\" content=\"Correio Braziliense - Radar\" \/>\n<meta property=\"article:published_time\" content=\"2026-03-15T22:55:34+00:00\" \/>\n<meta property=\"og:image\" content=\"https:\/\/www.correiobraziliense.com.br\/cbradar\/wp-content\/uploads\/2026\/02\/Gemini_Generated_Image_1b09b21b09b21b09-2.png\" \/>\n\t<meta property=\"og:image:width\" content=\"1280\" \/>\n\t<meta property=\"og:image:height\" content=\"720\" \/>\n\t<meta property=\"og:image:type\" content=\"image\/png\" \/>\n<meta name=\"author\" content=\"Daniely Cardoso\" \/>\n<meta name=\"twitter:card\" content=\"summary_large_image\" \/>\n<meta name=\"twitter:label1\" content=\"Escrito por\" \/>\n\t<meta name=\"twitter:data1\" content=\"Daniely Cardoso\" \/>\n\t<meta name=\"twitter:label2\" content=\"Est. tempo de leitura\" \/>\n\t<meta name=\"twitter:data2\" content=\"5 minutos\" \/>\n<!-- \/ Yoast SEO plugin. -->","yoast_head_json":{"title":"Plantar essa erva na varanda pode perfumar o ambiente e estimular a concentra\u00e7\u00e3o - Correio Braziliense - Radar","description":"Erva arom\u00e1tica f\u00e1cil de cultivar em vasos pode perfumar o ambiente e ainda ser associada ao foco e \u00e0 concentra\u00e7\u00e3o no dia a dia.","robots":{"index":"index","follow":"follow","max-snippet":"max-snippet:-1","max-image-preview":"max-image-preview:large","max-video-preview":"max-video-preview:-1"},"canonical":"https:\/\/www.correiobraziliense.com.br\/cbradar\/plantar-essa-erva-na-varanda-pode-perfumar-o-ambiente-e-estimular-a-concentracao\/","og_locale":"pt_BR","og_type":"article","og_title":"Plantar essa erva na varanda pode perfumar o ambiente e estimular a concentra\u00e7\u00e3o - Correio Braziliense - Radar","og_description":"Erva arom\u00e1tica f\u00e1cil de cultivar em vasos pode perfumar o ambiente e ainda ser associada ao foco e \u00e0 concentra\u00e7\u00e3o no dia a dia.","og_url":"https:\/\/www.correiobraziliense.com.br\/cbradar\/plantar-essa-erva-na-varanda-pode-perfumar-o-ambiente-e-estimular-a-concentracao\/","og_site_name":"Correio Braziliense - Radar","article_published_time":"2026-03-15T22:55:34+00:00","og_image":[{"width":1280,"height":720,"url":"https:\/\/www.correiobraziliense.com.br\/cbradar\/wp-content\/uploads\/2026\/02\/Gemini_Generated_Image_1b09b21b09b21b09-2.png","type":"image\/png"}],"author":"Daniely Cardoso","twitter_card":"summary_large_image","twitter_misc":{"Escrito por":"Daniely Cardoso","Est. tempo de leitura":"5 minutos"},"schema":{"@context":"https:\/\/schema.org","@graph":[{"@type":"WebPage","@id":"https:\/\/www.correiobraziliense.com.br\/cbradar\/plantar-essa-erva-na-varanda-pode-perfumar-o-ambiente-e-estimular-a-concentracao\/","url":"https:\/\/www.correiobraziliense.com.br\/cbradar\/plantar-essa-erva-na-varanda-pode-perfumar-o-ambiente-e-estimular-a-concentracao\/","name":"Plantar essa erva na varanda pode perfumar o ambiente e estimular a concentra\u00e7\u00e3o - Correio Braziliense - Radar","isPartOf":{"@id":"https:\/\/www.correiobraziliense.com.br\/cbradar\/#website"},"primaryImageOfPage":{"@id":"https:\/\/www.correiobraziliense.com.br\/cbradar\/plantar-essa-erva-na-varanda-pode-perfumar-o-ambiente-e-estimular-a-concentracao\/#primaryimage"},"image":{"@id":"https:\/\/www.correiobraziliense.com.br\/cbradar\/plantar-essa-erva-na-varanda-pode-perfumar-o-ambiente-e-estimular-a-concentracao\/#primaryimage"},"thumbnailUrl":"https:\/\/www.correiobraziliense.com.br\/cbradar\/wp-content\/uploads\/2026\/02\/Gemini_Generated_Image_1b09b21b09b21b09-2.png","datePublished":"2026-03-15T22:55:34+00:00","author":{"@id":"https:\/\/www.correiobraziliense.com.br\/cbradar\/#\/schema\/person\/7356666e12ec0ee53f348ee5db227032"},"description":"Erva arom\u00e1tica f\u00e1cil de cultivar em vasos pode perfumar o ambiente e ainda ser associada ao foco e \u00e0 concentra\u00e7\u00e3o no dia a dia.","breadcrumb":{"@id":"https:\/\/www.correiobraziliense.com.br\/cbradar\/plantar-essa-erva-na-varanda-pode-perfumar-o-ambiente-e-estimular-a-concentracao\/#breadcrumb"},"inLanguage":"pt-BR","potentialAction":[{"@type":"ReadAction","target":["https:\/\/www.correiobraziliense.com.br\/cbradar\/plantar-essa-erva-na-varanda-pode-perfumar-o-ambiente-e-estimular-a-concentracao\/"]}]},{"@type":"ImageObject","inLanguage":"pt-BR","@id":"https:\/\/www.correiobraziliense.com.br\/cbradar\/plantar-essa-erva-na-varanda-pode-perfumar-o-ambiente-e-estimular-a-concentracao\/#primaryimage","url":"https:\/\/www.correiobraziliense.com.br\/cbradar\/wp-content\/uploads\/2026\/02\/Gemini_Generated_Image_1b09b21b09b21b09-2.png","contentUrl":"https:\/\/www.correiobraziliense.com.br\/cbradar\/wp-content\/uploads\/2026\/02\/Gemini_Generated_Image_1b09b21b09b21b09-2.png","width":1280,"height":720,"caption":"Algumas evid\u00eancias sugerem que a s\u00e1lvia possa ajudar a reduzir ondas de calor, suor excessivo e desconfortos ligados \u00e0 varia\u00e7\u00e3o de estrog\u00eanio"},{"@type":"BreadcrumbList","@id":"https:\/\/www.correiobraziliense.com.br\/cbradar\/plantar-essa-erva-na-varanda-pode-perfumar-o-ambiente-e-estimular-a-concentracao\/#breadcrumb","itemListElement":[{"@type":"ListItem","position":1,"name":"In\u00edcio","item":"https:\/\/www.correiobraziliense.com.br\/cbradar\/"},{"@type":"ListItem","position":2,"name":"Plantar essa erva na varanda pode perfumar o ambiente e estimular a concentra\u00e7\u00e3o"}]},{"@type":"WebSite","@id":"https:\/\/www.correiobraziliense.com.br\/cbradar\/#website","url":"https:\/\/www.correiobraziliense.com.br\/cbradar\/","name":"Correio Braziliense - Radar","description":"Acompanhe as \u00faltimas not\u00edcias e fique bem informado sobre tudo o que acontece no Brasil e no mundo.","potentialAction":[{"@type":"SearchAction","target":{"@type":"EntryPoint","urlTemplate":"https:\/\/www.correiobraziliense.com.br\/cbradar\/?s={search_term_string}"},"query-input":{"@type":"PropertyValueSpecification","valueRequired":true,"valueName":"search_term_string"}}],"inLanguage":"pt-BR"},{"@type":"Person","@id":"https:\/\/www.correiobraziliense.com.br\/cbradar\/#\/schema\/person\/7356666e12ec0ee53f348ee5db227032","name":"Daniely Cardoso","image":{"@type":"ImageObject","inLanguage":"pt-BR","@id":"https:\/\/www.correiobraziliense.com.br\/cbradar\/#\/schema\/person\/image\/","url":"https:\/\/secure.gravatar.com\/avatar\/4b80ddbd124d1f071b626d52d62e5dff?s=96&d=mm&r=g","contentUrl":"https:\/\/secure.gravatar.com\/avatar\/4b80ddbd124d1f071b626d52d62e5dff?s=96&d=mm&r=g","caption":"Daniely Cardoso"},"description":"Redatora nos portais CB Radar e EM Foco, formada pela Universidade Federal de Goi\u00e1s, em Goi\u00e2nia. Apaixonada por comunica\u00e7\u00e3o, arte, decora\u00e7\u00e3o e tend\u00eancias, atuo na produ\u00e7\u00e3o de conte\u00fados envolventes sobre curiosidades, moda, beleza e paisagismo, sempre com um olhar atento \u00e0s novidades do momento.","sameAs":["https:\/\/www.correiobraziliense.com.br\/cbradar"],"url":"https:\/\/www.correiobraziliense.com.br\/cbradar\/author\/danielymyth\/"}]}},"_links":{"self":[{"href":"https:\/\/www.correiobraziliense.com.br\/cbradar\/wp-json\/wp\/v2\/posts\/208803","targetHints":{"allow":["GET"]}}],"collection":[{"href":"https:\/\/www.correiobraziliense.com.br\/cbradar\/wp-json\/wp\/v2\/posts"}],"about":[{"href":"https:\/\/www.correiobraziliense.com.br\/cbradar\/wp-json\/wp\/v2\/types\/post"}],"author":[{"embeddable":true,"href":"https:\/\/www.correiobraziliense.com.br\/cbradar\/wp-json\/wp\/v2\/users\/9"}],"replies":[{"embeddable":true,"href":"https:\/\/www.correiobraziliense.com.br\/cbradar\/wp-json\/wp\/v2\/comments?post=208803"}],"version-history":[{"count":2,"href":"https:\/\/www.correiobraziliense.com.br\/cbradar\/wp-json\/wp\/v2\/posts\/208803\/revisions"}],"predecessor-version":[{"id":208827,"href":"https:\/\/www.correiobraziliense.com.br\/cbradar\/wp-json\/wp\/v2\/posts\/208803\/revisions\/208827"}],"wp:featuredmedia":[{"embeddable":true,"href":"https:\/\/www.correiobraziliense.com.br\/cbradar\/wp-json\/wp\/v2\/media\/194990"}],"wp:attachment":[{"href":"https:\/\/www.correiobraziliense.com.br\/cbradar\/wp-json\/wp\/v2\/media?parent=208803"}],"wp:term":[{"taxonomy":"category","embeddable":true,"href":"https:\/\/www.correiobraziliense.com.br\/cbradar\/wp-json\/wp\/v2\/categories?post=208803"},{"taxonomy":"post_tag","embeddable":true,"href":"https:\/\/www.correiobraziliense.com.br\/cbradar\/wp-json\/wp\/v2\/tags?post=208803"}],"curies":[{"name":"wp","href":"https:\/\/api.w.org\/{rel}","templated":true}]}}