{"id":208811,"date":"2026-03-15T08:25:00","date_gmt":"2026-03-15T11:25:00","guid":{"rendered":"https:\/\/www.correiobraziliense.com.br\/cbradar\/?p=208811"},"modified":"2026-03-15T05:42:26","modified_gmt":"2026-03-15T08:42:26","slug":"fundada-em-1880-por-22-familias-essa-cidade-de-santa-catarina-agora-tem-a-melhor-atencao-basica-de-saude-do-pais","status":"publish","type":"post","link":"https:\/\/www.correiobraziliense.com.br\/cbradar\/fundada-em-1880-por-22-familias-essa-cidade-de-santa-catarina-agora-tem-a-melhor-atencao-basica-de-saude-do-pais\/","title":{"rendered":"Fundada em 1880 por 22 fam\u00edlias, essa cidade de Santa Catarina agora tem a melhor aten\u00e7\u00e3o b\u00e1sica de sa\u00fade do pa\u00eds"},"content":{"rendered":"\n<p>O nome nasceu de um capim alto que cobria as margens do rio quando 22 fam\u00edlias italianas abriram picada pela mata em 1880. <strong>Crici\u00fama<\/strong>, no sul de <strong>Santa Catarina<\/strong>, cresceu sobre minas de carv\u00e3o, recebeu sete etnias diferentes e hoje surpreende quem chega de fora: \u00e9 a primeira cidade do <strong>Brasil<\/strong> em cobertura de Aten\u00e7\u00e3o Prim\u00e1ria em Sa\u00fade e ostenta IDH de 0,788, entre os 100 maiores do pa\u00eds.<\/p>\n\n\n\n<h2 class=\"wp-block-heading\">Do carv\u00e3o \u00e0 cer\u00e2mica: como a economia se reinventou<\/h2>\n\n\n\n<p>Em 1893, o colono <strong>Gi\u00e1como Sonego<\/strong> descobriu carv\u00e3o mineral por acaso ao queimar uma coivara sobre o solo da sua propriedade. Pedras que permaneciam fumegantes por horas foram enviadas ao <strong>Rio de Janeiro<\/strong> e confirmadas como carv\u00e3o. A partir de 1913, a extra\u00e7\u00e3o ganhou escala e moldou a identidade local por d\u00e9cadas. Crici\u00fama chegou a ter cerca de 40 minas no subsolo.<\/p>\n\n\n\n<p>Desde 2013, n\u00e3o h\u00e1 mais minas ativas na cidade. A economia migrou para a ind\u00fastria cer\u00e2mica, que fez do munic\u00edpio um dos maiores produtores mundiais de revestimentos. Confec\u00e7\u00e3o, pl\u00e1sticos, metalmec\u00e2nica e o setor de servi\u00e7os completam uma base diversificada, com PIB que ultrapassa R$ 10 bilh\u00f5es e com\u00e9rcio exterior de US$ 631 milh\u00f5es em 2024.<\/p>\n\n\n<div class=\"wp-block-image\">\n<figure class=\"aligncenter size-large\"><img decoding=\"async\" width=\"1024\" height=\"576\" src=\"https:\/\/www.correiobraziliense.com.br\/cbradar\/wp-content\/uploads\/2025\/07\/Edicoes-36-1024x576.png\" alt=\"A cidade de Santa Catarina que surpreende pelo crescimento e atra\u00ed novos moradores por ser simbolo de prosperidade\" class=\"wp-image-65283\" srcset=\"https:\/\/www.correiobraziliense.com.br\/cbradar\/wp-content\/uploads\/2025\/07\/Edicoes-36-1024x576.png 1024w, https:\/\/www.correiobraziliense.com.br\/cbradar\/wp-content\/uploads\/2025\/07\/Edicoes-36-300x169.png 300w, https:\/\/www.correiobraziliense.com.br\/cbradar\/wp-content\/uploads\/2025\/07\/Edicoes-36-768x432.png 768w, https:\/\/www.correiobraziliense.com.br\/cbradar\/wp-content\/uploads\/2025\/07\/Edicoes-36-750x422.png 750w, https:\/\/www.correiobraziliense.com.br\/cbradar\/wp-content\/uploads\/2025\/07\/Edicoes-36-1140x641.png 1140w, https:\/\/www.correiobraziliense.com.br\/cbradar\/wp-content\/uploads\/2025\/07\/Edicoes-36.png 1280w\" sizes=\"(max-width: 1024px) 100vw, 1024px\" \/><figcaption class=\"wp-element-caption\">Crici\u00fama destaca-se como a principal cidade da Regi\u00e3o Metropolitana Carbon\u00edfera, com crescimento cont\u00ednuo. \/\/ Cr\u00e9ditos: Wikimedia Commons<\/figcaption><\/figure><\/div>\n\n\n<h2 class=\"wp-block-heading\">Sa\u00fade e educa\u00e7\u00e3o sustentam a qualidade de vida?<\/h2>\n\n\n\n<p>Sim. Crici\u00fama lidera o ranking nacional de cobertura na Aten\u00e7\u00e3o Prim\u00e1ria em Sa\u00fade, segundo dados divulgados pela <a href=\"https:\/\/mais.criciuma.sc.gov.br\/\" target=\"_blank\" rel=\"noreferrer noopener\"><strong>Prefeitura de Crici\u00fama<\/strong><\/a>. A cidade conta com tr\u00eas hospitais, duas unidades de atendimento 24 horas e funciona como refer\u00eancia regional para mais de 1 milh\u00e3o de pessoas no sul catarinense.<\/p>\n\n\n\n<p>No ensino superior, a <strong>Universidade do Extremo Sul Catarinense (UNESC)<\/strong>, com nota m\u00e1xima do <strong>MEC<\/strong>, e a <strong>Satc<\/strong>, que nasceu como bra\u00e7o assistencial da ind\u00fastria carbon\u00edfera, formam profissionais em \u00e1reas que v\u00e3o de engenharia a psicologia. A taxa de escolariza\u00e7\u00e3o entre crian\u00e7as de 6 a 14 anos \u00e9 de 99,42%, segundo o <strong>IBGE<\/strong>.<\/p>\n\n\n\n<p><strong>Crici\u00fama \u00e9 um importante polo de desenvolvimento no sul de Santa Catarina.<\/strong> O v\u00eddeo \u00e9 do canal <strong>Cidades do Interior,<\/strong> que conta com mais de <strong>73 mil inscritos<\/strong>, e detalha a for\u00e7a da ind\u00fastria cer\u00e2mica, as excelentes op\u00e7\u00f5es de lazer como o Parque das Na\u00e7\u00f5es e a \u00fanica mina de carv\u00e3o aberta \u00e0 visita\u00e7\u00e3o na Am\u00e9rica Latina:<\/p>\n\n\n\n<figure class=\"wp-block-embed aligncenter is-type-video is-provider-youtube wp-block-embed-youtube wp-embed-aspect-16-9 wp-has-aspect-ratio\"><div class=\"wp-block-embed__wrapper\">\n<div class=\"jeg_video_container jeg_video_content\"><iframe loading=\"lazy\" title=\"\u00c9 BOM MORAR EM CRICI\u00daMA-SC? | DESCUBRA como \u00e9 MORAR nessa CIDADE CATARINENSE!\" width=\"500\" height=\"281\" src=\"https:\/\/www.youtube.com\/embed\/LGJ6yYtIuog?feature=oembed\" frameborder=\"0\" allow=\"accelerometer; autoplay; clipboard-write; encrypted-media; gyroscope; picture-in-picture; web-share\" referrerpolicy=\"strict-origin-when-cross-origin\" allowfullscreen><\/iframe><\/div>\n<\/div><\/figure>\n\n\n\n<h2 class=\"wp-block-heading\">Seguran\u00e7a e custo de vida no cotidiano do morador<\/h2>\n\n\n\n<p>Crici\u00fama figura entre as cidades mais seguras de <strong>Santa Catarina<\/strong> na faixa acima de 200 mil habitantes, conforme o ranking <strong>Connected Smart Cities 2023<\/strong>. No <strong>Ranking de Competitividade dos Munic\u00edpios (CLP 2025)<\/strong>, ocupa a 4\u00aa posi\u00e7\u00e3o no estado e a 18\u00aa no <strong>Brasil<\/strong>.<\/p>\n\n\n\n<p>O custo de vida \u00e9 mais equilibrado do que o de capitais catarinenses. A cidade oferece shoppings, feiras semanais, parques bem distribu\u00eddos e um tr\u00e2nsito que permite cruzar a \u00e1rea urbana sem o desgaste dos grandes centros. A sede da <strong>Rede Angeloni<\/strong>, maior rede de supermercados de Santa Catarina, \u00e9 criciumense.<\/p>\n\n\n<div class=\"wp-block-image\">\n<figure class=\"aligncenter size-large\"><img decoding=\"async\" width=\"1024\" height=\"576\" src=\"https:\/\/www.correiobraziliense.com.br\/cbradar\/wp-content\/uploads\/2025\/07\/Edicoes-35-1024x576.png\" alt=\"A cidade de que surpreende pelo crescimento industrial do carv\u00e3o e cer\u00e2mica e atra\u00ed novos moradores por ser simbolo de prosperidade\" class=\"wp-image-65284\" srcset=\"https:\/\/www.correiobraziliense.com.br\/cbradar\/wp-content\/uploads\/2025\/07\/Edicoes-35-1024x576.png 1024w, https:\/\/www.correiobraziliense.com.br\/cbradar\/wp-content\/uploads\/2025\/07\/Edicoes-35-300x169.png 300w, https:\/\/www.correiobraziliense.com.br\/cbradar\/wp-content\/uploads\/2025\/07\/Edicoes-35-768x432.png 768w, https:\/\/www.correiobraziliense.com.br\/cbradar\/wp-content\/uploads\/2025\/07\/Edicoes-35-750x422.png 750w, https:\/\/www.correiobraziliense.com.br\/cbradar\/wp-content\/uploads\/2025\/07\/Edicoes-35-1140x641.png 1140w, https:\/\/www.correiobraziliense.com.br\/cbradar\/wp-content\/uploads\/2025\/07\/Edicoes-35.png 1280w\" sizes=\"(max-width: 1024px) 100vw, 1024px\" \/><figcaption class=\"wp-element-caption\">Curta parques, eventos culturais e gastronomia local em Crici\u00fama, uma cidade acolhedora para moradores e visitantes. \/\/ Cr\u00e9ditos: Wikimedia Commons<\/figcaption><\/figure><\/div>\n\n\n<h2 class=\"wp-block-heading\">O que ocupa o tempo livre na Capital do Carv\u00e3o?<\/h2>\n\n\n\n<p>Os parques viraram marca registrada de Crici\u00fama. A cidade \u00e9 reconhecida como <strong>Capital Catarinense dos Parques Urbanos<\/strong>, e cada bairro principal tem o seu.<\/p>\n\n\n\n<ul class=\"wp-block-list\">\n<li><strong>Mina de Visita\u00e7\u00e3o Oct\u00e1vio Fontana<\/strong>: \u00fanica mina de carv\u00e3o aberta ao p\u00fablico na <strong>Am\u00e9rica Latina<\/strong>. O percurso de 300 metros \u00e9 feito a p\u00e9 ou em mini locomotiva r\u00e9plica de um modelo de 1922.<\/li>\n\n\n\n<li><strong>Parque das Na\u00e7\u00f5es Cincinato Naspolini<\/strong>: maior \u00e1rea de lazer da cidade, com ciclovias, quadras, lago e a locomotiva hist\u00f3rica &#8220;Teresinha 01&#8221;.<\/li>\n\n\n\n<li><strong>Parque Astron\u00f4mico<\/strong>: inaugurado em 2023 no Morro Cechinel, tem planet\u00e1rio digital, telesc\u00f3pios e laborat\u00f3rios de ci\u00eancia. Um dos mais modernos do <strong>Brasil<\/strong>.<\/li>\n\n\n\n<li><strong>Pra\u00e7a Nereu Ramos<\/strong>: cora\u00e7\u00e3o do centro, com a <strong>Catedral S\u00e3o Jos\u00e9<\/strong> ao lado e o Brique do Cal\u00e7ad\u00e3o aos s\u00e1bados pela manh\u00e3.<\/li>\n<\/ul>\n\n\n\n<p><strong>Leia tamb\u00e9m: <a href=\"https:\/\/www.correiobraziliense.com.br\/cbradar\/nova-piscina-deixa-a-agua-limpa-sem-produtos-e-vira-substituta-dos-modelos-comuns\/\" target=\"_blank\" rel=\"noreferrer noopener\">Nova piscina deixa a \u00e1gua limpa sem produtos e vira substituta dos modelos comuns.<\/a><\/strong><\/p>\n\n\n\n<h2 class=\"wp-block-heading\">Polenta, xis salada e a Festa das Etnias<\/h2>\n\n\n\n<p>A mesa criciumense mistura a heran\u00e7a italiana com inven\u00e7\u00f5es pr\u00f3prias. Polenta, massas artesanais e galeto dividem espa\u00e7o com o prato que virou s\u00edmbolo da cidade: o <strong>xis salada<\/strong>, servido aberto, com bastante milho e maionese caseira. Desde 2023, o lanche \u00e9 <strong>patrim\u00f4nio cultural e imaterial<\/strong> de Crici\u00fama, reconhecido pela Lei Municipal n\u00ba 8.503.<\/p>\n\n\n\n<p>A <strong>Festa das Etnias<\/strong>, realizada h\u00e1 mais de duas d\u00e9cadas, celebra as sete culturas que formaram o munic\u00edpio: italiana, alem\u00e3, polonesa, portuguesa, espanhola, africana e \u00e1rabe. Gastronomia t\u00edpica, dan\u00e7as folcl\u00f3ricas e exposi\u00e7\u00f5es culturais atraem milhares de visitantes todos os anos. E o futebol tem peso: o <strong>Crici\u00fama Esporte Clube<\/strong>, o Tigre, \u00e9 o \u00fanico time catarinense campe\u00e3o da <strong>Copa do Brasil<\/strong> (1991, com campanha invicta).<\/p>\n\n\n<div class=\"wp-block-image\">\n<figure class=\"aligncenter size-large\"><img decoding=\"async\" width=\"1024\" height=\"576\" src=\"https:\/\/www.correiobraziliense.com.br\/cbradar\/wp-content\/uploads\/2025\/08\/Edicoes-2025-08-05T200608.027-1024x576.png\" alt=\"\" class=\"wp-image-81670\" srcset=\"https:\/\/www.correiobraziliense.com.br\/cbradar\/wp-content\/uploads\/2025\/08\/Edicoes-2025-08-05T200608.027-1024x576.png 1024w, https:\/\/www.correiobraziliense.com.br\/cbradar\/wp-content\/uploads\/2025\/08\/Edicoes-2025-08-05T200608.027-300x169.png 300w, https:\/\/www.correiobraziliense.com.br\/cbradar\/wp-content\/uploads\/2025\/08\/Edicoes-2025-08-05T200608.027-768x432.png 768w, https:\/\/www.correiobraziliense.com.br\/cbradar\/wp-content\/uploads\/2025\/08\/Edicoes-2025-08-05T200608.027-750x422.png 750w, https:\/\/www.correiobraziliense.com.br\/cbradar\/wp-content\/uploads\/2025\/08\/Edicoes-2025-08-05T200608.027-1140x641.png 1140w, https:\/\/www.correiobraziliense.com.br\/cbradar\/wp-content\/uploads\/2025\/08\/Edicoes-2025-08-05T200608.027.png 1280w\" sizes=\"(max-width: 1024px) 100vw, 1024px\" \/><figcaption class=\"wp-element-caption\">A cidade atrai estudantes de v\u00e1rias regi\u00f5es, contando com infraestrutura moderna em sa\u00fade e educa\u00e7\u00e3o. \/\/ Cr\u00e9ditos: YouTube @dronesflysul3670<\/figcaption><\/figure><\/div>\n\n\n<h2 class=\"wp-block-heading\">Quando o clima favorece cada atividade?<\/h2>\n\n\n\n<p>O clima subtropical garante esta\u00e7\u00f5es bem definidas. O ver\u00e3o \u00e9 quente e \u00famido, o inverno traz manh\u00e3s frias e noites que pedem agasalho.<\/p>\n\n\n\n<div class=\"google-auto-ads-ignore\" style=\"font-family: 'Segoe UI', Roboto, -apple-system, sans-serif; max-width: 850px; margin: 20px auto; box-sizing: border-box; background-color: #ffffff; -webkit-font-smoothing: antialiased; text-rendering: optimizeLegibility;\">\n    \n    <div style=\"background: #fffcfc; border-radius: 20px; overflow: hidden; border: 1px solid #bae6fd; display: flex; flex-direction: column; box-shadow: 0 4px 15px rgba(2, 132, 199, 0.05);\">\n        \n        <div style=\"background: linear-gradient(135deg, #38bdf8 0%, #0284c7 100%); padding: 20px 30px; text-align: left;\">\n            <div style=\"font-size: 24px; font-weight: 800; color: #ffffff; letter-spacing: -0.5px; line-height: 1.2;\">\n                Sazonalidade e condi\u00e7\u00f5es para atividades\n            <\/div>\n            <div style=\"font-size: 14px; color: #e0f2fe; margin-top: 4px; font-weight: 500; opacity: 0.9;\">\n                An\u00e1lise clim\u00e1tica detalhada para planejamento de viagem e roteiros urbanos e culturais\n            <\/div>\n        <\/div>\n\n        <div style=\"padding: 15px;\">\n            <div style=\"display: grid; width: 100%; grid-template-columns: 0.8fr 0.7fr 1.5fr 0.7fr 1.8fr; gap: 1px; background-color: #7dd3fc; border-radius: 12px; border: 1px solid #7dd3fc; overflow: hidden;\">\n                \n                <div style=\"background: #f0f9ff; padding: 10px; font-weight: 800; font-size: 11px; text-transform: uppercase; color: #0c4a6e; text-align: center;\">Esta\u00e7\u00e3o<\/div>\n                <div style=\"background: #f0f9ff; padding: 10px; font-weight: 800; font-size: 11px; text-transform: uppercase; color: #0c4a6e; text-align: center;\">Meses<\/div>\n                <div style=\"background: #f0f9ff; padding: 10px; font-weight: 800; font-size: 11px; text-transform: uppercase; color: #0c4a6e; text-align: center;\">Temperatura<\/div>\n                <div style=\"background: #f0f9ff; padding: 10px; font-weight: 800; font-size: 11px; text-transform: uppercase; color: #0c4a6e; text-align: center;\">Chuva<\/div>\n                <div style=\"background: #f0f9ff; padding: 10px; font-weight: 800; font-size: 11px; text-transform: uppercase; color: #0c4a6e; text-align: center;\">O que fazer<\/div>\n\n                <div style=\"background: #ffffff; padding: 12px; font-weight: 800; color: #0284c7; font-size: 14px; display: flex; align-items: center; justify-content: center;\">Ver\u00e3o<\/div>\n                <div style=\"background: #ffffff; padding: 12px; font-size: 13px; color: #1e293b; font-weight: 600; display: flex; align-items: center; justify-content: center;\">Dez-Fev<\/div>\n                <div style=\"background: #ffffff; padding: 12px; display: flex; align-items: center; justify-content: center; gap: 6px;\">\n                    <span style=\"font-size: 13px; font-weight: 700; color: #1e293b;\">20-32 \u00b0C<\/span>\n                    <span style=\"font-size: 14px;\">\u2600\ufe0f<\/span>\n                <\/div>\n                <div style=\"background: #ffffff; padding: 12px; font-size: 13px; color: #4b5563; font-weight: 600; display: flex; align-items: center; justify-content: center;\">Alta<\/div>\n                <div style=\"background: #ffffff; padding: 12px; font-size: 13px; line-height: 1.4; color: #1e293b; display: flex; align-items: center;\">Parques locais e praias do litoral pr\u00f3ximo.<\/div>\n\n                <div style=\"background: #f8fafc; padding: 12px; font-weight: 800; color: #0284c7; font-size: 14px; display: flex; align-items: center; justify-content: center;\">Outono<\/div>\n                <div style=\"background: #f8fafc; padding: 12px; font-size: 13px; color: #1e293b; font-weight: 600; display: flex; align-items: center; justify-content: center;\">Mar-Mai<\/div>\n                <div style=\"background: #f8fafc; padding: 12px; display: flex; align-items: center; justify-content: center; gap: 6px;\">\n                    <span style=\"font-size: 13px; font-weight: 700; color: #1e293b;\">14-26 \u00b0C<\/span>\n                    <span style=\"font-size: 14px;\">\ud83c\udf42<\/span>\n                <\/div>\n                <div style=\"background: #f8fafc; padding: 12px; font-size: 13px; color: #4b5563; font-weight: 600; display: flex; align-items: center; justify-content: center;\">M\u00e9dia<\/div>\n                <div style=\"background: #f8fafc; padding: 12px; font-size: 13px; line-height: 1.4; color: #1e293b; display: flex; align-items: center;\">Mina de visita\u00e7\u00e3o, museus e ciclovias.<\/div>\n\n                <div style=\"background: #ffffff; padding: 12px; font-weight: 800; color: #0284c7; font-size: 14px; display: flex; align-items: center; justify-content: center;\">Inverno<\/div>\n                <div style=\"background: #ffffff; padding: 12px; font-size: 13px; color: #1e293b; font-weight: 600; display: flex; align-items: center; justify-content: center;\">Jun-Ago<\/div>\n                <div style=\"background: #ffffff; padding: 12px; display: flex; align-items: center; justify-content: center; gap: 6px;\">\n                    <span style=\"font-size: 13px; font-weight: 700; color: #1e293b;\">8-20 \u00b0C<\/span>\n                    <span style=\"font-size: 14px;\">\u2744\ufe0f<\/span>\n                <\/div>\n                <div style=\"background: #ffffff; padding: 12px; font-size: 13px; color: #4b5563; font-weight: 600; display: flex; align-items: center; justify-content: center;\">M\u00e9dia<\/div>\n                <div style=\"background: #ffffff; padding: 12px; font-size: 13px; line-height: 1.4; color: #1e293b; display: flex; align-items: center;\">Gastronomia, cultura e fondues.<\/div>\n\n                <div style=\"background: #f8fafc; padding: 12px; font-weight: 800; color: #0284c7; font-size: 14px; display: flex; align-items: center; justify-content: center;\">Primavera<\/div>\n                <div style=\"background: #f8fafc; padding: 12px; font-size: 13px; color: #1e293b; font-weight: 600; display: flex; align-items: center; justify-content: center;\">Set-Nov<\/div>\n                <div style=\"background: #f8fafc; padding: 12px; display: flex; align-items: center; justify-content: center; gap: 6px;\">\n                    <span style=\"font-size: 13px; font-weight: 700; color: #1e293b;\">14-28 \u00b0C<\/span>\n                    <span style=\"font-size: 14px;\">\ud83c\udf3a<\/span>\n                <\/div>\n                <div style=\"background: #f8fafc; padding: 12px; font-size: 13px; color: #4b5563; font-weight: 600; display: flex; align-items: center; justify-content: center;\">M\u00e9dia<\/div>\n                <div style=\"background: #f8fafc; padding: 12px; font-size: 13px; line-height: 1.4; color: #1e293b; display: flex; align-items: center;\">Festa das Etnias e trilhas ecol\u00f3gicas.<\/div>\n            <\/div>\n        <\/div>\n\n        <div style=\"padding: 10px 30px; background: #f0f9ff; border-top: 1px solid #bae6fd; font-size: 12px; color: #0c4a6e; font-style: italic; display: flex; align-items: center; gap: 8px; font-weight: 600;\">\n            <div style=\"width: 6px; height: 6px; background: #0284c7; border-radius: 50%;\"><\/div>\n            Dica: A primavera \u00e9 a \u00e9poca ideal para vivenciar a pluralidade cultural na tradicional Festa das Etnias.\n        <\/div>\n        \n    <\/div>\n<\/div>\n\n\n\n<p><em>Temperaturas aproximadas com base no <a href=\"https:\/\/www.climatempo.com.br\/previsao-do-tempo\/cidade\/376\/criciuma-sc\" target=\"_blank\" rel=\"noreferrer noopener\"><strong>Climatempo<\/strong><\/a>. Condi\u00e7\u00f5es podem variar conforme o ano.<\/em><\/p>\n\n\n\n<h2 class=\"wp-block-heading\">Como chegar ao sul catarinense?<\/h2>\n\n\n\n<p>Crici\u00fama fica a cerca de 200 km de <strong>Florian\u00f3polis<\/strong> pela <strong>BR-101<\/strong>, aproximadamente 2h30 de carro. \u00d4nibus partem da rodovi\u00e1ria da capital com frequ\u00eancia ao longo do dia. O <strong>Aeroporto Diom\u00edcio Freitas<\/strong>, em <strong>Forquilhinha<\/strong>, fica a 15 km do centro e opera voos regionais. Para quem vem do <strong>Rio Grande do Sul<\/strong>, a divisa estadual est\u00e1 a cerca de 90 km ao sul pela mesma BR-101.<\/p>\n\n\n\n<h2 class=\"wp-block-heading\">A cidade que trocou a fuligem por parques<\/h2>\n\n\n\n<p><strong>Crici\u00fama prova que reinven\u00e7\u00e3o n\u00e3o \u00e9 s\u00f3 discurso.<\/strong> A cidade que nasceu sobre minas de carv\u00e3o hoje lidera indicadores de sa\u00fade, forma profissionais em universidades reconhecidas e preserva no subsolo e na mesa a mem\u00f3ria de sete povos que resolveram ficar.<\/p>\n\n\n\n<p>Voc\u00ea precisa descer os 300 metros da Mina Oct\u00e1vio Fontana e depois sentar num banco do Parque das Na\u00e7\u00f5es para entender como uma Capital do Carv\u00e3o se transformou numa das melhores cidades para viver no sul do Brasil.<\/p>\n","protected":false},"excerpt":{"rendered":"<p>O nome nasceu de um capim alto que cobria as margens do rio quando 22 fam\u00edlias italianas abriram picada pela mata em 1880. Crici\u00fama, no sul de Santa Catarina, cresceu sobre minas de carv\u00e3o, recebeu sete etnias diferentes e hoje surpreende quem chega de fora: \u00e9 a primeira cidade do Brasil em cobertura de Aten\u00e7\u00e3o [&hellip;]<\/p>\n","protected":false},"author":8,"featured_media":193619,"comment_status":"open","ping_status":"open","sticky":false,"template":"","format":"standard","meta":{"_yoast_wpseo_focuskw":"santa catarina","_yoast_wpseo_title":"","_yoast_wpseo_metadesc":"De origem pequena a destaque nacional, essa cidade de Santa Catarina alcan\u00e7ou o melhor \u00edndice de aten\u00e7\u00e3o b\u00e1sica do pa\u00eds.","jnews-multi-image_gallery":[],"jnews_single_post":{"format":"standard"},"jnews_primary_category":[],"jnews_social_meta":[],"jnews_override_counter":[],"footnotes":""},"categories":[108,111],"tags":[7776,851],"class_list":["post-208811","post","type-post","status-publish","format-standard","has-post-thumbnail","hentry","category-cidades","category-turismo","tag-criciuma","tag-santa-catarina"],"yoast_head":"<!-- This site is optimized with the Yoast SEO plugin v24.6 - https:\/\/yoast.com\/wordpress\/plugins\/seo\/ -->\n<title>Fundada em 1880 por 22 fam\u00edlias, essa cidade de Santa Catarina agora tem a melhor aten\u00e7\u00e3o b\u00e1sica de sa\u00fade do pa\u00eds - Correio Braziliense - Radar<\/title>\n<meta name=\"description\" content=\"De origem pequena a destaque nacional, essa cidade de Santa Catarina alcan\u00e7ou o melhor \u00edndice de aten\u00e7\u00e3o b\u00e1sica do pa\u00eds.\" \/>\n<meta name=\"robots\" content=\"index, follow, max-snippet:-1, max-image-preview:large, max-video-preview:-1\" \/>\n<link rel=\"canonical\" href=\"https:\/\/www.correiobraziliense.com.br\/cbradar\/fundada-em-1880-por-22-familias-essa-cidade-de-santa-catarina-agora-tem-a-melhor-atencao-basica-de-saude-do-pais\/\" \/>\n<meta property=\"og:locale\" content=\"pt_BR\" \/>\n<meta property=\"og:type\" content=\"article\" \/>\n<meta property=\"og:title\" content=\"Fundada em 1880 por 22 fam\u00edlias, essa cidade de Santa Catarina agora tem a melhor aten\u00e7\u00e3o b\u00e1sica de sa\u00fade do pa\u00eds - Correio Braziliense - Radar\" \/>\n<meta property=\"og:description\" content=\"De origem pequena a destaque nacional, essa cidade de Santa Catarina alcan\u00e7ou o melhor \u00edndice de aten\u00e7\u00e3o b\u00e1sica do pa\u00eds.\" \/>\n<meta property=\"og:url\" content=\"https:\/\/www.correiobraziliense.com.br\/cbradar\/fundada-em-1880-por-22-familias-essa-cidade-de-santa-catarina-agora-tem-a-melhor-atencao-basica-de-saude-do-pais\/\" \/>\n<meta property=\"og:site_name\" content=\"Correio Braziliense - Radar\" \/>\n<meta property=\"article:published_time\" content=\"2026-03-15T11:25:00+00:00\" \/>\n<meta property=\"og:image\" content=\"https:\/\/www.correiobraziliense.com.br\/cbradar\/wp-content\/uploads\/2026\/02\/aaa-2026-02-14T111348.493.png\" \/>\n\t<meta property=\"og:image:width\" content=\"1280\" \/>\n\t<meta property=\"og:image:height\" content=\"720\" \/>\n\t<meta property=\"og:image:type\" content=\"image\/png\" \/>\n<meta name=\"author\" content=\"Maura Pereira\" \/>\n<meta name=\"twitter:card\" content=\"summary_large_image\" \/>\n<meta name=\"twitter:label1\" content=\"Escrito por\" \/>\n\t<meta name=\"twitter:data1\" content=\"Maura Pereira\" \/>\n\t<meta name=\"twitter:label2\" content=\"Est. tempo de leitura\" \/>\n\t<meta name=\"twitter:data2\" content=\"7 minutos\" \/>\n<!-- \/ Yoast SEO plugin. -->","yoast_head_json":{"title":"Fundada em 1880 por 22 fam\u00edlias, essa cidade de Santa Catarina agora tem a melhor aten\u00e7\u00e3o b\u00e1sica de sa\u00fade do pa\u00eds - Correio Braziliense - Radar","description":"De origem pequena a destaque nacional, essa cidade de Santa Catarina alcan\u00e7ou o melhor \u00edndice de aten\u00e7\u00e3o b\u00e1sica do pa\u00eds.","robots":{"index":"index","follow":"follow","max-snippet":"max-snippet:-1","max-image-preview":"max-image-preview:large","max-video-preview":"max-video-preview:-1"},"canonical":"https:\/\/www.correiobraziliense.com.br\/cbradar\/fundada-em-1880-por-22-familias-essa-cidade-de-santa-catarina-agora-tem-a-melhor-atencao-basica-de-saude-do-pais\/","og_locale":"pt_BR","og_type":"article","og_title":"Fundada em 1880 por 22 fam\u00edlias, essa cidade de Santa Catarina agora tem a melhor aten\u00e7\u00e3o b\u00e1sica de sa\u00fade do pa\u00eds - Correio Braziliense - Radar","og_description":"De origem pequena a destaque nacional, essa cidade de Santa Catarina alcan\u00e7ou o melhor \u00edndice de aten\u00e7\u00e3o b\u00e1sica do pa\u00eds.","og_url":"https:\/\/www.correiobraziliense.com.br\/cbradar\/fundada-em-1880-por-22-familias-essa-cidade-de-santa-catarina-agora-tem-a-melhor-atencao-basica-de-saude-do-pais\/","og_site_name":"Correio Braziliense - Radar","article_published_time":"2026-03-15T11:25:00+00:00","og_image":[{"width":1280,"height":720,"url":"https:\/\/www.correiobraziliense.com.br\/cbradar\/wp-content\/uploads\/2026\/02\/aaa-2026-02-14T111348.493.png","type":"image\/png"}],"author":"Maura Pereira","twitter_card":"summary_large_image","twitter_misc":{"Escrito por":"Maura Pereira","Est. tempo de leitura":"7 minutos"},"schema":{"@context":"https:\/\/schema.org","@graph":[{"@type":"WebPage","@id":"https:\/\/www.correiobraziliense.com.br\/cbradar\/fundada-em-1880-por-22-familias-essa-cidade-de-santa-catarina-agora-tem-a-melhor-atencao-basica-de-saude-do-pais\/","url":"https:\/\/www.correiobraziliense.com.br\/cbradar\/fundada-em-1880-por-22-familias-essa-cidade-de-santa-catarina-agora-tem-a-melhor-atencao-basica-de-saude-do-pais\/","name":"Fundada em 1880 por 22 fam\u00edlias, essa cidade de Santa Catarina agora tem a melhor aten\u00e7\u00e3o b\u00e1sica de sa\u00fade do pa\u00eds - Correio Braziliense - Radar","isPartOf":{"@id":"https:\/\/www.correiobraziliense.com.br\/cbradar\/#website"},"primaryImageOfPage":{"@id":"https:\/\/www.correiobraziliense.com.br\/cbradar\/fundada-em-1880-por-22-familias-essa-cidade-de-santa-catarina-agora-tem-a-melhor-atencao-basica-de-saude-do-pais\/#primaryimage"},"image":{"@id":"https:\/\/www.correiobraziliense.com.br\/cbradar\/fundada-em-1880-por-22-familias-essa-cidade-de-santa-catarina-agora-tem-a-melhor-atencao-basica-de-saude-do-pais\/#primaryimage"},"thumbnailUrl":"https:\/\/www.correiobraziliense.com.br\/cbradar\/wp-content\/uploads\/2026\/02\/aaa-2026-02-14T111348.493.png","datePublished":"2026-03-15T11:25:00+00:00","author":{"@id":"https:\/\/www.correiobraziliense.com.br\/cbradar\/#\/schema\/person\/4053c651a9bfc785afc6f4cbc9032fd3"},"description":"De origem pequena a destaque nacional, essa cidade de Santa Catarina alcan\u00e7ou o melhor \u00edndice de aten\u00e7\u00e3o b\u00e1sica do pa\u00eds.","breadcrumb":{"@id":"https:\/\/www.correiobraziliense.com.br\/cbradar\/fundada-em-1880-por-22-familias-essa-cidade-de-santa-catarina-agora-tem-a-melhor-atencao-basica-de-saude-do-pais\/#breadcrumb"},"inLanguage":"pt-BR","potentialAction":[{"@type":"ReadAction","target":["https:\/\/www.correiobraziliense.com.br\/cbradar\/fundada-em-1880-por-22-familias-essa-cidade-de-santa-catarina-agora-tem-a-melhor-atencao-basica-de-saude-do-pais\/"]}]},{"@type":"ImageObject","inLanguage":"pt-BR","@id":"https:\/\/www.correiobraziliense.com.br\/cbradar\/fundada-em-1880-por-22-familias-essa-cidade-de-santa-catarina-agora-tem-a-melhor-atencao-basica-de-saude-do-pais\/#primaryimage","url":"https:\/\/www.correiobraziliense.com.br\/cbradar\/wp-content\/uploads\/2026\/02\/aaa-2026-02-14T111348.493.png","contentUrl":"https:\/\/www.correiobraziliense.com.br\/cbradar\/wp-content\/uploads\/2026\/02\/aaa-2026-02-14T111348.493.png","width":1280,"height":720,"caption":"Crici\u00fama diversificou sua economia e consolidou-se como um dos maiores centros mundiais de revestimentos cer\u00e2micos. \/ Imagem ilustrativa"},{"@type":"BreadcrumbList","@id":"https:\/\/www.correiobraziliense.com.br\/cbradar\/fundada-em-1880-por-22-familias-essa-cidade-de-santa-catarina-agora-tem-a-melhor-atencao-basica-de-saude-do-pais\/#breadcrumb","itemListElement":[{"@type":"ListItem","position":1,"name":"In\u00edcio","item":"https:\/\/www.correiobraziliense.com.br\/cbradar\/"},{"@type":"ListItem","position":2,"name":"Fundada em 1880 por 22 fam\u00edlias, essa cidade de Santa Catarina agora tem a melhor aten\u00e7\u00e3o b\u00e1sica de sa\u00fade do pa\u00eds"}]},{"@type":"WebSite","@id":"https:\/\/www.correiobraziliense.com.br\/cbradar\/#website","url":"https:\/\/www.correiobraziliense.com.br\/cbradar\/","name":"Correio Braziliense - Radar","description":"Acompanhe as \u00faltimas not\u00edcias e fique bem informado sobre tudo o que acontece no Brasil e no mundo.","potentialAction":[{"@type":"SearchAction","target":{"@type":"EntryPoint","urlTemplate":"https:\/\/www.correiobraziliense.com.br\/cbradar\/?s={search_term_string}"},"query-input":{"@type":"PropertyValueSpecification","valueRequired":true,"valueName":"search_term_string"}}],"inLanguage":"pt-BR"},{"@type":"Person","@id":"https:\/\/www.correiobraziliense.com.br\/cbradar\/#\/schema\/person\/4053c651a9bfc785afc6f4cbc9032fd3","name":"Maura Pereira","image":{"@type":"ImageObject","inLanguage":"pt-BR","@id":"https:\/\/www.correiobraziliense.com.br\/cbradar\/#\/schema\/person\/image\/","url":"https:\/\/secure.gravatar.com\/avatar\/3effd6bdadfa447f15089c7f7144eaa6?s=96&d=mm&r=g","contentUrl":"https:\/\/secure.gravatar.com\/avatar\/3effd6bdadfa447f15089c7f7144eaa6?s=96&d=mm&r=g","caption":"Maura Pereira"},"sameAs":["https:\/\/www.correiobraziliense.com.br\/"],"url":"https:\/\/www.correiobraziliense.com.br\/cbradar\/author\/mauramyth\/"}]}},"_links":{"self":[{"href":"https:\/\/www.correiobraziliense.com.br\/cbradar\/wp-json\/wp\/v2\/posts\/208811","targetHints":{"allow":["GET"]}}],"collection":[{"href":"https:\/\/www.correiobraziliense.com.br\/cbradar\/wp-json\/wp\/v2\/posts"}],"about":[{"href":"https:\/\/www.correiobraziliense.com.br\/cbradar\/wp-json\/wp\/v2\/types\/post"}],"author":[{"embeddable":true,"href":"https:\/\/www.correiobraziliense.com.br\/cbradar\/wp-json\/wp\/v2\/users\/8"}],"replies":[{"embeddable":true,"href":"https:\/\/www.correiobraziliense.com.br\/cbradar\/wp-json\/wp\/v2\/comments?post=208811"}],"version-history":[{"count":8,"href":"https:\/\/www.correiobraziliense.com.br\/cbradar\/wp-json\/wp\/v2\/posts\/208811\/revisions"}],"predecessor-version":[{"id":208868,"href":"https:\/\/www.correiobraziliense.com.br\/cbradar\/wp-json\/wp\/v2\/posts\/208811\/revisions\/208868"}],"wp:featuredmedia":[{"embeddable":true,"href":"https:\/\/www.correiobraziliense.com.br\/cbradar\/wp-json\/wp\/v2\/media\/193619"}],"wp:attachment":[{"href":"https:\/\/www.correiobraziliense.com.br\/cbradar\/wp-json\/wp\/v2\/media?parent=208811"}],"wp:term":[{"taxonomy":"category","embeddable":true,"href":"https:\/\/www.correiobraziliense.com.br\/cbradar\/wp-json\/wp\/v2\/categories?post=208811"},{"taxonomy":"post_tag","embeddable":true,"href":"https:\/\/www.correiobraziliense.com.br\/cbradar\/wp-json\/wp\/v2\/tags?post=208811"}],"curies":[{"name":"wp","href":"https:\/\/api.w.org\/{rel}","templated":true}]}}