{"id":208850,"date":"2026-03-16T15:15:00","date_gmt":"2026-03-16T18:15:00","guid":{"rendered":"https:\/\/www.correiobraziliense.com.br\/cbradar\/?p=208850"},"modified":"2026-03-15T09:44:26","modified_gmt":"2026-03-15T12:44:26","slug":"por-que-o-portugues-do-brasil-e-o-de-portugal-ficaram-tao-diferentes-com-o-passar-dos-seculos","status":"publish","type":"post","link":"https:\/\/www.correiobraziliense.com.br\/cbradar\/por-que-o-portugues-do-brasil-e-o-de-portugal-ficaram-tao-diferentes-com-o-passar-dos-seculos\/","title":{"rendered":"Por que o portugu\u00eas do Brasil e o de Portugal ficaram t\u00e3o diferentes com o passar dos s\u00e9culos"},"content":{"rendered":"\n<p>A l\u00edngua portuguesa chegou ao territ\u00f3rio brasileiro no s\u00e9culo XVI com a coloniza\u00e7\u00e3o de <strong>Portugal<\/strong>. Ao longo do tempo, o idioma passou por transforma\u00e7\u00f5es influenciadas por diferentes culturas, povos e contextos sociais. Esse processo fez com que o portugu\u00eas falado no <strong>Brasil<\/strong> seguisse um caminho pr\u00f3prio, criando diferen\u00e7as percept\u00edveis em vocabul\u00e1rio, pron\u00fancia e constru\u00e7\u00e3o de frases.<\/p>\n\n\n\n<h2 class=\"wp-block-heading\">Por que o portugu\u00eas mudou de forma diferente no Brasil?<\/h2>\n\n\n\n<p>Quando o <a href=\"https:\/\/www.correiobraziliense.com.br\/cbradar\/a-palavra-do-portugues-que-muitos-escrevem-com-x-mas-o-correto-e-com-ch\/\" target=\"_blank\" rel=\"noreferrer noopener\">portugu\u00eas <\/a>chegou ao <strong>Brasil<\/strong>, o idioma entrou em contato com diversas l\u00ednguas ind\u00edgenas e africanas. Esse encontro lingu\u00edstico gerou novas palavras, express\u00f5es e formas de comunica\u00e7\u00e3o que passaram a fazer parte do cotidiano da popula\u00e7\u00e3o local.<\/p>\n\n\n\n<p>Al\u00e9m disso, o territ\u00f3rio brasileiro possu\u00eda grande extens\u00e3o geogr\u00e1fica e diferentes contextos culturais. Essa diversidade contribuiu para a adapta\u00e7\u00e3o do idioma \u00e0s realidades regionais, permitindo que o portugu\u00eas brasileiro desenvolvesse caracter\u00edsticas pr\u00f3prias ao longo dos s\u00e9culos.<\/p>\n\n\n\n<figure class=\"wp-block-image size-full\"><img decoding=\"async\" width=\"1280\" height=\"720\" src=\"https:\/\/www.correiobraziliense.com.br\/cbradar\/wp-content\/uploads\/2026\/03\/indigenas-brasil_1773538218893.jpg\" alt=\"Por que o portugu\u00eas do Brasil e o de Portugal ficaram t\u00e3o diferentes com o passar dos s\u00e9culos\" class=\"wp-image-208852\" srcset=\"https:\/\/www.correiobraziliense.com.br\/cbradar\/wp-content\/uploads\/2026\/03\/indigenas-brasil_1773538218893.jpg 1280w, https:\/\/www.correiobraziliense.com.br\/cbradar\/wp-content\/uploads\/2026\/03\/indigenas-brasil_1773538218893-300x169.jpg 300w, https:\/\/www.correiobraziliense.com.br\/cbradar\/wp-content\/uploads\/2026\/03\/indigenas-brasil_1773538218893-768x432.jpg 768w, https:\/\/www.correiobraziliense.com.br\/cbradar\/wp-content\/uploads\/2026\/03\/indigenas-brasil_1773538218893-750x422.jpg 750w, https:\/\/www.correiobraziliense.com.br\/cbradar\/wp-content\/uploads\/2026\/03\/indigenas-brasil_1773538218893-1140x641.jpg 1140w\" sizes=\"(max-width: 1280px) 100vw, 1280px\" \/><figcaption class=\"wp-element-caption\">A hist\u00f3ria que explica as diferen\u00e7as do portugu\u00eas brasileiro &#8211; Cr\u00e9ditos: depositphotos.com \/ joasouza<\/figcaption><\/figure>\n\n\n\n<h2 class=\"wp-block-heading\">Como o isolamento geogr\u00e1fico influenciou o idioma?<\/h2>\n\n\n\n<p>Durante muitos per\u00edodos da hist\u00f3ria, o contato direto entre <strong>Brasil<\/strong> e <strong>Portugal<\/strong> foi limitado pela dist\u00e2ncia e pelas condi\u00e7\u00f5es de transporte da \u00e9poca. Esse afastamento permitiu que cada sociedade moldasse o idioma de acordo com suas necessidades culturais e sociais.<\/p>\n\n\n\n<p>Enquanto o portugu\u00eas europeu continuava evoluindo dentro da realidade portuguesa, o portugu\u00eas brasileiro incorporava elementos locais. Com o passar do tempo, essas mudan\u00e7as acumuladas ampliaram as diferen\u00e7as entre as duas formas de falar o mesmo idioma.<\/p>\n\n\n\n<h2 class=\"wp-block-heading\">Quais fatores hist\u00f3ricos contribu\u00edram para essas diferen\u00e7as?<\/h2>\n\n\n\n<p>Diversos acontecimentos hist\u00f3ricos contribu\u00edram para que o portugu\u00eas falado no <strong>Brasil<\/strong> seguisse um caminho lingu\u00edstico pr\u00f3prio. A conviv\u00eancia com diferentes povos e culturas influenciou a cria\u00e7\u00e3o de novos termos e formas de express\u00e3o.<\/p>\n\n\n\n<p>Entre os fatores mais relevantes est\u00e3o:<\/p>\n\n\n\n<ul class=\"wp-block-list\">\n<li><strong>Contato com l\u00ednguas ind\u00edgenas presentes no territ\u00f3rio brasileiro<\/strong><\/li>\n\n\n\n<li><strong>Influ\u00eancia cultural e lingu\u00edstica de povos africanos trazidos durante o per\u00edodo colonial<\/strong><\/li>\n\n\n\n<li><strong>Grande diversidade regional dentro do Brasil<\/strong><\/li>\n\n\n\n<li><strong>Mudan\u00e7as culturais e sociais ao longo da hist\u00f3ria brasileira<\/strong><\/li>\n\n\n\n<li><strong>Dist\u00e2ncia geogr\u00e1fica entre Brasil e Portugal<\/strong><\/li>\n<\/ul>\n\n\n\n<h2 class=\"wp-block-heading\">As diferen\u00e7as aparecem apenas no vocabul\u00e1rio?<\/h2>\n\n\n\n<p>As diferen\u00e7as entre o portugu\u00eas do <strong>Brasil<\/strong> e de <strong>Portugal<\/strong> n\u00e3o se limitam ao vocabul\u00e1rio. Aspectos como pron\u00fancia, entona\u00e7\u00e3o e ritmo da fala tamb\u00e9m evolu\u00edram de maneira distinta em cada pa\u00eds.<\/p>\n\n\n\n<p>No portugu\u00eas europeu, muitas palavras s\u00e3o pronunciadas de forma mais curta ou com sons reduzidos. J\u00e1 no portugu\u00eas brasileiro, a fala tende a ser mais aberta e clara, caracter\u00edstica que influencia diretamente a musicalidade do idioma.<\/p>\n\n\n\n<p>Se voc\u00ea gosta de curiosidades sobre o idioma portugu\u00eas, este v\u00eddeo do canal <strong><a href=\"https:\/\/www.youtube.com\/@Mikazi\" target=\"_blank\" rel=\"noreferrer noopener\">Mikazi<\/a><\/strong>, com 66,3 mil inscritos, foi escolhido para voc\u00ea. Nele, voc\u00ea confere palavras que existem tanto em Portugal quanto no Brasil, mas que t\u00eam significados completamente diferentes.<\/p>\n\n\n\n<figure class=\"wp-block-embed is-type-video is-provider-youtube wp-block-embed-youtube wp-embed-aspect-16-9 wp-has-aspect-ratio\"><div class=\"wp-block-embed__wrapper\">\n<div class=\"jeg_video_container jeg_video_content\"><iframe loading=\"lazy\" title=\"Portugal VS Brasil - Palavras Iguais com Significados Diferesntes \/ Rea\u00e7\u00e3o\" width=\"500\" height=\"281\" src=\"https:\/\/www.youtube.com\/embed\/jcmofEKpMJk?feature=oembed\" frameborder=\"0\" allow=\"accelerometer; autoplay; clipboard-write; encrypted-media; gyroscope; picture-in-picture; web-share\" referrerpolicy=\"strict-origin-when-cross-origin\" allowfullscreen><\/iframe><\/div>\n<\/div><\/figure>\n\n\n\n<h2 class=\"wp-block-heading\">O portugu\u00eas continua sendo o mesmo idioma?<\/h2>\n\n\n\n<p>Apesar das diferen\u00e7as, o portugu\u00eas falado em <strong>Brasil<\/strong> e <strong>Portugal<\/strong> continua pertencendo ao mesmo sistema lingu\u00edstico. As regras gramaticais fundamentais permanecem semelhantes, permitindo comunica\u00e7\u00e3o entre os dois pa\u00edses.<\/p>\n\n\n\n<p>Essas varia\u00e7\u00f5es refletem o processo natural de evolu\u00e7\u00e3o de qualquer idioma ao longo do tempo. A diversidade lingu\u00edstica mostra como a l\u00edngua portuguesa se adaptou a diferentes culturas, mantendo ao mesmo tempo uma base comum compartilhada por milh\u00f5es de pessoas.<\/p>\n","protected":false},"excerpt":{"rendered":"<p>Mesmo sendo o mesmo idioma, Brasil e Portugal apresentam diferen\u00e7as de vocabul\u00e1rio e pron\u00fancia. Veja o motivo<\/p>\n","protected":false},"author":23,"featured_media":208851,"comment_status":"open","ping_status":"open","sticky":false,"template":"","format":"standard","meta":{"_yoast_wpseo_focuskw":"Portugu\u00eas do Brasil","_yoast_wpseo_title":"","_yoast_wpseo_metadesc":"Mesmo sendo o mesmo idioma, Brasil e Portugal apresentam diferen\u00e7as de vocabul\u00e1rio e pron\u00fancia. Veja o motivo","jnews-multi-image_gallery":[],"jnews_single_post":{"format":"standard"},"jnews_primary_category":[],"jnews_social_meta":[],"jnews_override_counter":[],"footnotes":""},"categories":[112],"tags":[144,11254,6081],"class_list":["post-208850","post","type-post","status-publish","format-standard","has-post-thumbnail","hentry","category-curiosidades","tag-curiosidades","tag-lingua-2","tag-portugues"],"yoast_head":"<!-- This site is optimized with the Yoast SEO plugin v24.6 - https:\/\/yoast.com\/wordpress\/plugins\/seo\/ -->\n<title>Por que o portugu\u00eas do Brasil e o de Portugal ficaram t\u00e3o diferentes com o passar dos s\u00e9culos - Correio Braziliense - Radar<\/title>\n<meta name=\"description\" content=\"Mesmo sendo o mesmo idioma, Brasil e Portugal apresentam diferen\u00e7as de vocabul\u00e1rio e pron\u00fancia. Veja o motivo\" \/>\n<meta name=\"robots\" content=\"index, follow, max-snippet:-1, max-image-preview:large, max-video-preview:-1\" \/>\n<link rel=\"canonical\" href=\"https:\/\/www.correiobraziliense.com.br\/cbradar\/por-que-o-portugues-do-brasil-e-o-de-portugal-ficaram-tao-diferentes-com-o-passar-dos-seculos\/\" \/>\n<meta property=\"og:locale\" content=\"pt_BR\" \/>\n<meta property=\"og:type\" content=\"article\" \/>\n<meta property=\"og:title\" content=\"Por que o portugu\u00eas do Brasil e o de Portugal ficaram t\u00e3o diferentes com o passar dos s\u00e9culos - Correio Braziliense - Radar\" \/>\n<meta property=\"og:description\" content=\"Mesmo sendo o mesmo idioma, Brasil e Portugal apresentam diferen\u00e7as de vocabul\u00e1rio e pron\u00fancia. Veja o motivo\" \/>\n<meta property=\"og:url\" content=\"https:\/\/www.correiobraziliense.com.br\/cbradar\/por-que-o-portugues-do-brasil-e-o-de-portugal-ficaram-tao-diferentes-com-o-passar-dos-seculos\/\" \/>\n<meta property=\"og:site_name\" content=\"Correio Braziliense - Radar\" \/>\n<meta property=\"article:published_time\" content=\"2026-03-16T18:15:00+00:00\" \/>\n<meta property=\"og:image\" content=\"https:\/\/www.correiobraziliense.com.br\/cbradar\/wp-content\/uploads\/2026\/03\/por-que-o-portugues-do-brasil-e-o-de-portugal-fica.png\" \/>\n\t<meta property=\"og:image:width\" content=\"1280\" \/>\n\t<meta property=\"og:image:height\" content=\"721\" \/>\n\t<meta property=\"og:image:type\" content=\"image\/png\" \/>\n<meta name=\"author\" content=\"Nicolas Otto\" \/>\n<meta name=\"twitter:card\" content=\"summary_large_image\" \/>\n<meta name=\"twitter:label1\" content=\"Escrito por\" \/>\n\t<meta name=\"twitter:data1\" content=\"Nicolas Otto\" \/>\n\t<meta name=\"twitter:label2\" content=\"Est. tempo de leitura\" \/>\n\t<meta name=\"twitter:data2\" content=\"4 minutos\" \/>\n<!-- \/ Yoast SEO plugin. -->","yoast_head_json":{"title":"Por que o portugu\u00eas do Brasil e o de Portugal ficaram t\u00e3o diferentes com o passar dos s\u00e9culos - Correio Braziliense - Radar","description":"Mesmo sendo o mesmo idioma, Brasil e Portugal apresentam diferen\u00e7as de vocabul\u00e1rio e pron\u00fancia. Veja o motivo","robots":{"index":"index","follow":"follow","max-snippet":"max-snippet:-1","max-image-preview":"max-image-preview:large","max-video-preview":"max-video-preview:-1"},"canonical":"https:\/\/www.correiobraziliense.com.br\/cbradar\/por-que-o-portugues-do-brasil-e-o-de-portugal-ficaram-tao-diferentes-com-o-passar-dos-seculos\/","og_locale":"pt_BR","og_type":"article","og_title":"Por que o portugu\u00eas do Brasil e o de Portugal ficaram t\u00e3o diferentes com o passar dos s\u00e9culos - Correio Braziliense - Radar","og_description":"Mesmo sendo o mesmo idioma, Brasil e Portugal apresentam diferen\u00e7as de vocabul\u00e1rio e pron\u00fancia. Veja o motivo","og_url":"https:\/\/www.correiobraziliense.com.br\/cbradar\/por-que-o-portugues-do-brasil-e-o-de-portugal-ficaram-tao-diferentes-com-o-passar-dos-seculos\/","og_site_name":"Correio Braziliense - Radar","article_published_time":"2026-03-16T18:15:00+00:00","og_image":[{"width":1280,"height":721,"url":"https:\/\/www.correiobraziliense.com.br\/cbradar\/wp-content\/uploads\/2026\/03\/por-que-o-portugues-do-brasil-e-o-de-portugal-fica.png","type":"image\/png"}],"author":"Nicolas Otto","twitter_card":"summary_large_image","twitter_misc":{"Escrito por":"Nicolas Otto","Est. tempo de leitura":"4 minutos"},"schema":{"@context":"https:\/\/schema.org","@graph":[{"@type":"WebPage","@id":"https:\/\/www.correiobraziliense.com.br\/cbradar\/por-que-o-portugues-do-brasil-e-o-de-portugal-ficaram-tao-diferentes-com-o-passar-dos-seculos\/","url":"https:\/\/www.correiobraziliense.com.br\/cbradar\/por-que-o-portugues-do-brasil-e-o-de-portugal-ficaram-tao-diferentes-com-o-passar-dos-seculos\/","name":"Por que o portugu\u00eas do Brasil e o de Portugal ficaram t\u00e3o diferentes com o passar dos s\u00e9culos - Correio Braziliense - Radar","isPartOf":{"@id":"https:\/\/www.correiobraziliense.com.br\/cbradar\/#website"},"primaryImageOfPage":{"@id":"https:\/\/www.correiobraziliense.com.br\/cbradar\/por-que-o-portugues-do-brasil-e-o-de-portugal-ficaram-tao-diferentes-com-o-passar-dos-seculos\/#primaryimage"},"image":{"@id":"https:\/\/www.correiobraziliense.com.br\/cbradar\/por-que-o-portugues-do-brasil-e-o-de-portugal-ficaram-tao-diferentes-com-o-passar-dos-seculos\/#primaryimage"},"thumbnailUrl":"https:\/\/www.correiobraziliense.com.br\/cbradar\/wp-content\/uploads\/2026\/03\/por-que-o-portugues-do-brasil-e-o-de-portugal-fica.png","datePublished":"2026-03-16T18:15:00+00:00","author":{"@id":"https:\/\/www.correiobraziliense.com.br\/cbradar\/#\/schema\/person\/3221b250518e74ac52c442d1c1236aaa"},"description":"Mesmo sendo o mesmo idioma, Brasil e Portugal apresentam diferen\u00e7as de vocabul\u00e1rio e pron\u00fancia. Veja o motivo","breadcrumb":{"@id":"https:\/\/www.correiobraziliense.com.br\/cbradar\/por-que-o-portugues-do-brasil-e-o-de-portugal-ficaram-tao-diferentes-com-o-passar-dos-seculos\/#breadcrumb"},"inLanguage":"pt-BR","potentialAction":[{"@type":"ReadAction","target":["https:\/\/www.correiobraziliense.com.br\/cbradar\/por-que-o-portugues-do-brasil-e-o-de-portugal-ficaram-tao-diferentes-com-o-passar-dos-seculos\/"]}]},{"@type":"ImageObject","inLanguage":"pt-BR","@id":"https:\/\/www.correiobraziliense.com.br\/cbradar\/por-que-o-portugues-do-brasil-e-o-de-portugal-ficaram-tao-diferentes-com-o-passar-dos-seculos\/#primaryimage","url":"https:\/\/www.correiobraziliense.com.br\/cbradar\/wp-content\/uploads\/2026\/03\/por-que-o-portugues-do-brasil-e-o-de-portugal-fica.png","contentUrl":"https:\/\/www.correiobraziliense.com.br\/cbradar\/wp-content\/uploads\/2026\/03\/por-que-o-portugues-do-brasil-e-o-de-portugal-fica.png","width":1280,"height":721,"caption":"A hist\u00f3ria que explica as diferen\u00e7as do portugu\u00eas brasileiro"},{"@type":"BreadcrumbList","@id":"https:\/\/www.correiobraziliense.com.br\/cbradar\/por-que-o-portugues-do-brasil-e-o-de-portugal-ficaram-tao-diferentes-com-o-passar-dos-seculos\/#breadcrumb","itemListElement":[{"@type":"ListItem","position":1,"name":"In\u00edcio","item":"https:\/\/www.correiobraziliense.com.br\/cbradar\/"},{"@type":"ListItem","position":2,"name":"Por que o portugu\u00eas do Brasil e o de Portugal ficaram t\u00e3o diferentes com o passar dos s\u00e9culos"}]},{"@type":"WebSite","@id":"https:\/\/www.correiobraziliense.com.br\/cbradar\/#website","url":"https:\/\/www.correiobraziliense.com.br\/cbradar\/","name":"Correio Braziliense - Radar","description":"Acompanhe as \u00faltimas not\u00edcias e fique bem informado sobre tudo o que acontece no Brasil e no mundo.","potentialAction":[{"@type":"SearchAction","target":{"@type":"EntryPoint","urlTemplate":"https:\/\/www.correiobraziliense.com.br\/cbradar\/?s={search_term_string}"},"query-input":{"@type":"PropertyValueSpecification","valueRequired":true,"valueName":"search_term_string"}}],"inLanguage":"pt-BR"},{"@type":"Person","@id":"https:\/\/www.correiobraziliense.com.br\/cbradar\/#\/schema\/person\/3221b250518e74ac52c442d1c1236aaa","name":"Nicolas Otto","image":{"@type":"ImageObject","inLanguage":"pt-BR","@id":"https:\/\/www.correiobraziliense.com.br\/cbradar\/#\/schema\/person\/image\/","url":"https:\/\/secure.gravatar.com\/avatar\/05925f730d72f0ea0df144f236adfb18?s=96&d=mm&r=g","contentUrl":"https:\/\/secure.gravatar.com\/avatar\/05925f730d72f0ea0df144f236adfb18?s=96&d=mm&r=g","caption":"Nicolas Otto"},"sameAs":["https:\/\/www.correiobraziliense.com.br\/cbradar\/"],"url":"https:\/\/www.correiobraziliense.com.br\/cbradar\/author\/nicolas-otto\/"}]}},"_links":{"self":[{"href":"https:\/\/www.correiobraziliense.com.br\/cbradar\/wp-json\/wp\/v2\/posts\/208850","targetHints":{"allow":["GET"]}}],"collection":[{"href":"https:\/\/www.correiobraziliense.com.br\/cbradar\/wp-json\/wp\/v2\/posts"}],"about":[{"href":"https:\/\/www.correiobraziliense.com.br\/cbradar\/wp-json\/wp\/v2\/types\/post"}],"author":[{"embeddable":true,"href":"https:\/\/www.correiobraziliense.com.br\/cbradar\/wp-json\/wp\/v2\/users\/23"}],"replies":[{"embeddable":true,"href":"https:\/\/www.correiobraziliense.com.br\/cbradar\/wp-json\/wp\/v2\/comments?post=208850"}],"version-history":[{"count":3,"href":"https:\/\/www.correiobraziliense.com.br\/cbradar\/wp-json\/wp\/v2\/posts\/208850\/revisions"}],"predecessor-version":[{"id":209068,"href":"https:\/\/www.correiobraziliense.com.br\/cbradar\/wp-json\/wp\/v2\/posts\/208850\/revisions\/209068"}],"wp:featuredmedia":[{"embeddable":true,"href":"https:\/\/www.correiobraziliense.com.br\/cbradar\/wp-json\/wp\/v2\/media\/208851"}],"wp:attachment":[{"href":"https:\/\/www.correiobraziliense.com.br\/cbradar\/wp-json\/wp\/v2\/media?parent=208850"}],"wp:term":[{"taxonomy":"category","embeddable":true,"href":"https:\/\/www.correiobraziliense.com.br\/cbradar\/wp-json\/wp\/v2\/categories?post=208850"},{"taxonomy":"post_tag","embeddable":true,"href":"https:\/\/www.correiobraziliense.com.br\/cbradar\/wp-json\/wp\/v2\/tags?post=208850"}],"curies":[{"name":"wp","href":"https:\/\/api.w.org\/{rel}","templated":true}]}}