{"id":208923,"date":"2026-03-17T01:15:00","date_gmt":"2026-03-17T04:15:00","guid":{"rendered":"https:\/\/www.correiobraziliense.com.br\/cbradar\/?p=208923"},"modified":"2026-03-16T23:18:15","modified_gmt":"2026-03-17T02:18:15","slug":"citacao-do-dia-da-escritora-maya-angelou-faca-o-melhor-que-puder-ate-saber-mais-quando-souber-mais-faca-melhor","status":"publish","type":"post","link":"https:\/\/www.correiobraziliense.com.br\/cbradar\/citacao-do-dia-da-escritora-maya-angelou-faca-o-melhor-que-puder-ate-saber-mais-quando-souber-mais-faca-melhor\/","title":{"rendered":"Cita\u00e7\u00e3o do dia da escritora Maya Angelou: \u201cFa\u00e7a o melhor que puder at\u00e9 saber mais. Quando souber mais, fa\u00e7a melhor\u201d"},"content":{"rendered":"\n<p>A frase inspiradora de <strong>Maya Angelou<\/strong> destaca a import\u00e2ncia da evolu\u00e7\u00e3o cont\u00ednua no desenvolvimento humano e profissional em nossa sociedade globalizada. Ao aceitarmos nossas limita\u00e7\u00f5es moment\u00e2neas, criamos espa\u00e7o para o aprendizado real e profundo. Essa mentalidade transformadora permite que cada indiv\u00edduo alcance patamares mais elevados de excel\u00eancia \u00e9tica e t\u00e9cnica di\u00e1ria.<\/p>\n\n\n\n<h2 class=\"wp-block-heading\">Como o aprendizado constante redefine os nossos padr\u00f5es de excel\u00eancia?<\/h2>\n\n\n\n<p>O compromisso com o crescimento pessoal exige uma honestidade intelectual profunda sobre as nossas capacidades t\u00e9cnicas e emocionais atuais. Segundo a <strong>UNESCO<\/strong>, a educa\u00e7\u00e3o ao longo da vida \u00e9 essencial para o desenvolvimento sustent\u00e1vel de todas as na\u00e7\u00f5es modernas. Ao reconhecer que o saber \u00e9 fluido, evitamos a estagna\u00e7\u00e3o e nos preparamos para novos desafios complexos e globais.<\/p>\n\n\n\n<p>Agir com base no conhecimento dispon\u00edvel no momento \u00e9 um ato de coragem que impulsiona a inova\u00e7\u00e3o pr\u00e1tica no cotidiano. Quando novas informa\u00e7\u00f5es surgem, a nossa responsabilidade \u00e9tica nos obriga a ajustar comportamentos e processos para atingir resultados muito superiores. Essa din\u00e2mica de aprimoramento constante \u00e9 o que garante a <strong><a href=\"https:\/\/www.correiobraziliense.com.br\/cbradar\/david-sinclair-pesquisador-de-longevidade-se-voce-tem-mais-de-45-anos-reduzir-acucar-pode-ajudar-a-envelhecer-melhor\/\" target=\"_blank\" rel=\"noreferrer noopener\">longevidade <\/a>do sucesso pessoal<\/strong> e profissional de todos os indiv\u00edduos.<\/p>\n\n\n\n<figure class=\"wp-block-image size-full\"><img decoding=\"async\" width=\"1280\" height=\"720\" src=\"https:\/\/www.correiobraziliense.com.br\/cbradar\/wp-content\/uploads\/2026\/03\/Gemini_Generated_Image_h9tcu5h9tcu5h9tc-1-1.png\" alt=\"Cita\u00e7\u00e3o do dia da escritora Maya Angelou: \u201cFa\u00e7a o melhor que puder at\u00e9 saber mais. Quando souber mais, fa\u00e7a melhor\u201d\" class=\"wp-image-208930\" srcset=\"https:\/\/www.correiobraziliense.com.br\/cbradar\/wp-content\/uploads\/2026\/03\/Gemini_Generated_Image_h9tcu5h9tcu5h9tc-1-1.png 1280w, https:\/\/www.correiobraziliense.com.br\/cbradar\/wp-content\/uploads\/2026\/03\/Gemini_Generated_Image_h9tcu5h9tcu5h9tc-1-1-300x169.png 300w, https:\/\/www.correiobraziliense.com.br\/cbradar\/wp-content\/uploads\/2026\/03\/Gemini_Generated_Image_h9tcu5h9tcu5h9tc-1-1-768x432.png 768w, https:\/\/www.correiobraziliense.com.br\/cbradar\/wp-content\/uploads\/2026\/03\/Gemini_Generated_Image_h9tcu5h9tcu5h9tc-1-1-750x422.png 750w, https:\/\/www.correiobraziliense.com.br\/cbradar\/wp-content\/uploads\/2026\/03\/Gemini_Generated_Image_h9tcu5h9tcu5h9tc-1-1-1140x641.png 1140w\" sizes=\"(max-width: 1280px) 100vw, 1280px\" \/><figcaption class=\"wp-element-caption\">Uma reflex\u00e3o inspiradora de Maya Angelou provoca um novo olhar sobre evolu\u00e7\u00e3o pessoal e aprendizado cont\u00ednuo<\/figcaption><\/figure>\n\n\n\n<h2 class=\"wp-block-heading\">Por que a humildade intelectual \u00e9 o motor da transforma\u00e7\u00e3o humana?<\/h2>\n\n\n\n<p>Aceitar que n\u00e3o possu\u00edmos todas as respostas permite que a curiosidade natural flores\u00e7a e guie as nossas a\u00e7\u00f5es mais produtivas hoje. Esse estado de abertura mental facilita a absor\u00e7\u00e3o de cr\u00edticas construtivas e a integra\u00e7\u00e3o de perspectivas diversas em nosso fluxo de trabalho. A humildade \u00e9 a base necess\u00e1ria para que a <strong>sabedoria real se manifeste<\/strong> com clareza absoluta e inquestion\u00e1vel.<\/p>\n\n\n\n<p>A busca incessante por fazer melhor exige disciplina para abandonar m\u00e9todos obsoletos que n\u00e3o atendem mais \u00e0s demandas da realidade contempor\u00e2nea. Transformar a teoria em pr\u00e1tica exige um esfor\u00e7o consciente para superar medos e resist\u00eancias internas que bloqueiam a evolu\u00e7\u00e3o constante. A evolu\u00e7\u00e3o de Angelou \u00e9 um convite para sermos <strong>protagonistas da nossa pr\u00f3pria hist\u00f3ria<\/strong> de supera\u00e7\u00e3o total e cont\u00ednua.<\/p>\n\n\n\n<h2 class=\"wp-block-heading\">Quais atitudes pr\u00e1ticas aceleram o processo de evolu\u00e7\u00e3o di\u00e1ria?<\/h2>\n\n\n\n<p>Implementar pequenas mudan\u00e7as baseadas em novas descobertas cient\u00edficas ou experi\u00eancias pr\u00e1ticas fortalece a resili\u00eancia e a agilidade mental de cada indiv\u00edduo. O foco deve ser sempre a melhoria incremental, permitindo que cada erro seja transformado em uma li\u00e7\u00e3o t\u00e9cnica valiosa para o futuro. Esse processo de refinamento constante \u00e9 o que constr\u00f3i uma <strong>trajet\u00f3ria de autoridade inabal\u00e1vel<\/strong> e s\u00f3lida.<\/p>\n\n\n\n<p>Existem caminhos pr\u00e1ticos para integrar essa vis\u00e3o racional ao seu cotidiano e fortalecer seu intelecto de maneira constante:<\/p>\n\n\n\n<figure class=\"wp-block-image size-large\"><img decoding=\"async\" width=\"1182\" height=\"720\" src=\"https:\/\/www.correiobraziliense.com.br\/cbradar\/wp-content\/uploads\/2026\/03\/convertido-56-1182x720.jpg\" alt=\"\" class=\"wp-image-208932\" srcset=\"https:\/\/www.correiobraziliense.com.br\/cbradar\/wp-content\/uploads\/2026\/03\/convertido-56-1182x720.jpg 1182w, https:\/\/www.correiobraziliense.com.br\/cbradar\/wp-content\/uploads\/2026\/03\/convertido-56-300x183.jpg 300w, https:\/\/www.correiobraziliense.com.br\/cbradar\/wp-content\/uploads\/2026\/03\/convertido-56-768x468.jpg 768w, https:\/\/www.correiobraziliense.com.br\/cbradar\/wp-content\/uploads\/2026\/03\/convertido-56-750x457.jpg 750w, https:\/\/www.correiobraziliense.com.br\/cbradar\/wp-content\/uploads\/2026\/03\/convertido-56-1140x695.jpg 1140w, https:\/\/www.correiobraziliense.com.br\/cbradar\/wp-content\/uploads\/2026\/03\/convertido-56.jpg 1280w\" sizes=\"(max-width: 1182px) 100vw, 1182px\" \/><\/figure>\n\n\n\n<h2 class=\"wp-block-heading\">De que maneira o autoconhecimento impacta a qualidade das nossas escolhas?<\/h2>\n\n\n\n<p>Entender os pr\u00f3prios limites permite que as decis\u00f5es sejam tomadas com maior seguran\u00e7a e base fundamentada em dados concretos e l\u00f3gicos. Quando ignoramos a nossa necessidade de aprender mais, corremos o risco de repetir falhas estruturais que comprometem o progresso social e t\u00e9cnico. O autoconhecimento \u00e9 a <strong>b\u00fassola que guia a evolu\u00e7\u00e3o consciente<\/strong> em todas as dire\u00e7\u00f5es mundiais atualmente.<\/p>\n\n\n\n<p>Ao aplicar o princ\u00edpio de Angelou, transformamos a nossa rotina em um laborat\u00f3rio constante de testes e refinamentos intelectuais e pr\u00e1ticos. Essa postura ativa diante da vida reduz o arrependimento por erros passados, pois foca no potencial de fazer melhor no presente. A evolu\u00e7\u00e3o pessoal \u00e9 uma <strong>jornada sem destino final<\/strong> que exige dedica\u00e7\u00e3o total e absoluta de cada ser humano.<\/p>\n\n\n\n<p>Algumas personalidades marcaram a hist\u00f3ria por sua for\u00e7a, talento e impacto cultural, inspirando gera\u00e7\u00f5es com suas palavras e trajet\u00f3ria de vida. Suas experi\u00eancias continuam motivando reflex\u00f5es importantes. No conte\u00fado do <strong>Canal da Mait\u00ea<\/strong>, com 352 mil inscritos, voc\u00ea conhece essa hist\u00f3ria:<\/p>\n\n\n\n<figure class=\"wp-block-embed is-type-video is-provider-youtube wp-block-embed-youtube wp-embed-aspect-16-9 wp-has-aspect-ratio\"><div class=\"wp-block-embed__wrapper\">\n<div class=\"jeg_video_container jeg_video_content\"><iframe loading=\"lazy\" title=\"MAYA ANGELOU | MULHER DE FIBRA\" width=\"500\" height=\"281\" src=\"https:\/\/www.youtube.com\/embed\/eBY1g1VW5E0?feature=oembed\" frameborder=\"0\" allow=\"accelerometer; autoplay; clipboard-write; encrypted-media; gyroscope; picture-in-picture; web-share\" referrerpolicy=\"strict-origin-when-cross-origin\" allowfullscreen><\/iframe><\/div>\n<\/div><\/figure>\n\n\n\n<h2 class=\"wp-block-heading\">Como a ci\u00eancia explica a nossa capacidade de adapta\u00e7\u00e3o e progresso?<\/h2>\n\n\n\n<p>A neuroci\u00eancia demonstra que o c\u00e9rebro humano \u00e9 capaz de reorganizar conex\u00f5es neurais atrav\u00e9s da pr\u00e1tica deliberada e do foco intencional e profundo. Essa maleabilidade biol\u00f3gica \u00e9 o que sustenta a nossa capacidade de aprender coisas novas e superar h\u00e1bitos que antes pareciam ser imut\u00e1veis. O esfor\u00e7o consciente para evoluir \u00e9 um <strong>investimento de alto retorno biol\u00f3gico<\/strong> positivo e muito necess\u00e1rio.<\/p>\n\n\n\n<p>Para aprofundar seu conhecimento sobre o impacto das palavras e da hist\u00f3ria no empoderamento humano, visite o acervo oficial da <strong><a target=\"_blank\" rel=\"noreferrer noopener\" href=\"https:\/\/www.mayaangelou.com\/biography\/\">Maya Angelou Foundation<\/a><\/strong>. O acesso a informa\u00e7\u00f5es biogr\u00e1ficas aut\u00eanticas permite que a inspira\u00e7\u00e3o se transforme em a\u00e7\u00e3o concreta para mudar a realidade ao seu redor. Buscar fontes oficiais \u00e9 o segredo para manter a <strong>integridade intelectual e a credibilidade<\/strong> profissional.<\/p>\n","protected":false},"excerpt":{"rendered":"<p>A frase inspiradora de Maya Angelou destaca a import\u00e2ncia da evolu\u00e7\u00e3o cont\u00ednua no desenvolvimento humano e profissional em nossa sociedade globalizada. Ao aceitarmos nossas limita\u00e7\u00f5es moment\u00e2neas, criamos espa\u00e7o para o aprendizado real e profundo. Essa mentalidade transformadora permite que cada indiv\u00edduo alcance patamares mais elevados de excel\u00eancia \u00e9tica e t\u00e9cnica di\u00e1ria. Como o aprendizado constante [&hellip;]<\/p>\n","protected":false},"author":21,"featured_media":208926,"comment_status":"open","ping_status":"open","sticky":false,"template":"","format":"standard","meta":{"_yoast_wpseo_focuskw":"frase de maya angelou sobre evolu\u00e7\u00e3o","_yoast_wpseo_title":"","_yoast_wpseo_metadesc":"Uma frase marcante de Maya Angelou traz uma reflex\u00e3o poderosa sobre evolu\u00e7\u00e3o pessoal e mudan\u00e7a de atitudes.","jnews-multi-image_gallery":[],"jnews_single_post":{"format":"standard"},"jnews_primary_category":[],"jnews_social_meta":[],"jnews_override_counter":[],"footnotes":""},"categories":[112],"tags":[14352,10978,16162],"class_list":["post-208923","post","type-post","status-publish","format-standard","has-post-thumbnail","hentry","category-curiosidades","tag-citacao","tag-escritora","tag-maya-angelou"],"yoast_head":"<!-- This site is optimized with the Yoast SEO plugin v24.6 - https:\/\/yoast.com\/wordpress\/plugins\/seo\/ -->\n<title>Cita\u00e7\u00e3o do dia da escritora Maya Angelou: \u201cFa\u00e7a o melhor que puder at\u00e9 saber mais. Quando souber mais, fa\u00e7a melhor\u201d - Correio Braziliense - Radar<\/title>\n<meta name=\"description\" content=\"Uma frase marcante de Maya Angelou traz uma reflex\u00e3o poderosa sobre evolu\u00e7\u00e3o pessoal e mudan\u00e7a de atitudes.\" \/>\n<meta name=\"robots\" content=\"index, follow, max-snippet:-1, max-image-preview:large, max-video-preview:-1\" \/>\n<link rel=\"canonical\" href=\"https:\/\/www.correiobraziliense.com.br\/cbradar\/citacao-do-dia-da-escritora-maya-angelou-faca-o-melhor-que-puder-ate-saber-mais-quando-souber-mais-faca-melhor\/\" \/>\n<meta property=\"og:locale\" content=\"pt_BR\" \/>\n<meta property=\"og:type\" content=\"article\" \/>\n<meta property=\"og:title\" content=\"Cita\u00e7\u00e3o do dia da escritora Maya Angelou: \u201cFa\u00e7a o melhor que puder at\u00e9 saber mais. Quando souber mais, fa\u00e7a melhor\u201d - Correio Braziliense - Radar\" \/>\n<meta property=\"og:description\" content=\"Uma frase marcante de Maya Angelou traz uma reflex\u00e3o poderosa sobre evolu\u00e7\u00e3o pessoal e mudan\u00e7a de atitudes.\" \/>\n<meta property=\"og:url\" content=\"https:\/\/www.correiobraziliense.com.br\/cbradar\/citacao-do-dia-da-escritora-maya-angelou-faca-o-melhor-que-puder-ate-saber-mais-quando-souber-mais-faca-melhor\/\" \/>\n<meta property=\"og:site_name\" content=\"Correio Braziliense - Radar\" \/>\n<meta property=\"article:published_time\" content=\"2026-03-17T04:15:00+00:00\" \/>\n<meta property=\"og:image\" content=\"https:\/\/www.correiobraziliense.com.br\/cbradar\/wp-content\/uploads\/2026\/03\/Gemini_Generated_Image_lfyxe4lfyxe4lfyx-1-1.png\" \/>\n\t<meta property=\"og:image:width\" content=\"1280\" \/>\n\t<meta property=\"og:image:height\" content=\"720\" \/>\n\t<meta property=\"og:image:type\" content=\"image\/png\" \/>\n<meta name=\"author\" content=\"Patrick Silva\" \/>\n<meta name=\"twitter:card\" content=\"summary_large_image\" \/>\n<meta name=\"twitter:label1\" content=\"Escrito por\" \/>\n\t<meta name=\"twitter:data1\" content=\"Patrick Silva\" \/>\n\t<meta name=\"twitter:label2\" content=\"Est. tempo de leitura\" \/>\n\t<meta name=\"twitter:data2\" content=\"5 minutos\" \/>\n<!-- \/ Yoast SEO plugin. -->","yoast_head_json":{"title":"Cita\u00e7\u00e3o do dia da escritora Maya Angelou: \u201cFa\u00e7a o melhor que puder at\u00e9 saber mais. Quando souber mais, fa\u00e7a melhor\u201d - Correio Braziliense - Radar","description":"Uma frase marcante de Maya Angelou traz uma reflex\u00e3o poderosa sobre evolu\u00e7\u00e3o pessoal e mudan\u00e7a de atitudes.","robots":{"index":"index","follow":"follow","max-snippet":"max-snippet:-1","max-image-preview":"max-image-preview:large","max-video-preview":"max-video-preview:-1"},"canonical":"https:\/\/www.correiobraziliense.com.br\/cbradar\/citacao-do-dia-da-escritora-maya-angelou-faca-o-melhor-que-puder-ate-saber-mais-quando-souber-mais-faca-melhor\/","og_locale":"pt_BR","og_type":"article","og_title":"Cita\u00e7\u00e3o do dia da escritora Maya Angelou: \u201cFa\u00e7a o melhor que puder at\u00e9 saber mais. Quando souber mais, fa\u00e7a melhor\u201d - Correio Braziliense - Radar","og_description":"Uma frase marcante de Maya Angelou traz uma reflex\u00e3o poderosa sobre evolu\u00e7\u00e3o pessoal e mudan\u00e7a de atitudes.","og_url":"https:\/\/www.correiobraziliense.com.br\/cbradar\/citacao-do-dia-da-escritora-maya-angelou-faca-o-melhor-que-puder-ate-saber-mais-quando-souber-mais-faca-melhor\/","og_site_name":"Correio Braziliense - Radar","article_published_time":"2026-03-17T04:15:00+00:00","og_image":[{"width":1280,"height":720,"url":"https:\/\/www.correiobraziliense.com.br\/cbradar\/wp-content\/uploads\/2026\/03\/Gemini_Generated_Image_lfyxe4lfyxe4lfyx-1-1.png","type":"image\/png"}],"author":"Patrick Silva","twitter_card":"summary_large_image","twitter_misc":{"Escrito por":"Patrick Silva","Est. tempo de leitura":"5 minutos"},"schema":{"@context":"https:\/\/schema.org","@graph":[{"@type":"WebPage","@id":"https:\/\/www.correiobraziliense.com.br\/cbradar\/citacao-do-dia-da-escritora-maya-angelou-faca-o-melhor-que-puder-ate-saber-mais-quando-souber-mais-faca-melhor\/","url":"https:\/\/www.correiobraziliense.com.br\/cbradar\/citacao-do-dia-da-escritora-maya-angelou-faca-o-melhor-que-puder-ate-saber-mais-quando-souber-mais-faca-melhor\/","name":"Cita\u00e7\u00e3o do dia da escritora Maya Angelou: \u201cFa\u00e7a o melhor que puder at\u00e9 saber mais. Quando souber mais, fa\u00e7a melhor\u201d - Correio Braziliense - Radar","isPartOf":{"@id":"https:\/\/www.correiobraziliense.com.br\/cbradar\/#website"},"primaryImageOfPage":{"@id":"https:\/\/www.correiobraziliense.com.br\/cbradar\/citacao-do-dia-da-escritora-maya-angelou-faca-o-melhor-que-puder-ate-saber-mais-quando-souber-mais-faca-melhor\/#primaryimage"},"image":{"@id":"https:\/\/www.correiobraziliense.com.br\/cbradar\/citacao-do-dia-da-escritora-maya-angelou-faca-o-melhor-que-puder-ate-saber-mais-quando-souber-mais-faca-melhor\/#primaryimage"},"thumbnailUrl":"https:\/\/www.correiobraziliense.com.br\/cbradar\/wp-content\/uploads\/2026\/03\/Gemini_Generated_Image_lfyxe4lfyxe4lfyx-1-1.png","datePublished":"2026-03-17T04:15:00+00:00","author":{"@id":"https:\/\/www.correiobraziliense.com.br\/cbradar\/#\/schema\/person\/5440b72be9c7eb74f446c846479dc4da"},"description":"Uma frase marcante de Maya Angelou traz uma reflex\u00e3o poderosa sobre evolu\u00e7\u00e3o pessoal e mudan\u00e7a de atitudes.","breadcrumb":{"@id":"https:\/\/www.correiobraziliense.com.br\/cbradar\/citacao-do-dia-da-escritora-maya-angelou-faca-o-melhor-que-puder-ate-saber-mais-quando-souber-mais-faca-melhor\/#breadcrumb"},"inLanguage":"pt-BR","potentialAction":[{"@type":"ReadAction","target":["https:\/\/www.correiobraziliense.com.br\/cbradar\/citacao-do-dia-da-escritora-maya-angelou-faca-o-melhor-que-puder-ate-saber-mais-quando-souber-mais-faca-melhor\/"]}]},{"@type":"ImageObject","inLanguage":"pt-BR","@id":"https:\/\/www.correiobraziliense.com.br\/cbradar\/citacao-do-dia-da-escritora-maya-angelou-faca-o-melhor-que-puder-ate-saber-mais-quando-souber-mais-faca-melhor\/#primaryimage","url":"https:\/\/www.correiobraziliense.com.br\/cbradar\/wp-content\/uploads\/2026\/03\/Gemini_Generated_Image_lfyxe4lfyxe4lfyx-1-1.png","contentUrl":"https:\/\/www.correiobraziliense.com.br\/cbradar\/wp-content\/uploads\/2026\/03\/Gemini_Generated_Image_lfyxe4lfyxe4lfyx-1-1.png","width":1280,"height":720,"caption":"Uma reflex\u00e3o inspiradora de Maya Angelou provoca um novo olhar sobre evolu\u00e7\u00e3o pessoal e aprendizado cont\u00ednuo"},{"@type":"BreadcrumbList","@id":"https:\/\/www.correiobraziliense.com.br\/cbradar\/citacao-do-dia-da-escritora-maya-angelou-faca-o-melhor-que-puder-ate-saber-mais-quando-souber-mais-faca-melhor\/#breadcrumb","itemListElement":[{"@type":"ListItem","position":1,"name":"In\u00edcio","item":"https:\/\/www.correiobraziliense.com.br\/cbradar\/"},{"@type":"ListItem","position":2,"name":"Cita\u00e7\u00e3o do dia da escritora Maya Angelou: \u201cFa\u00e7a o melhor que puder at\u00e9 saber mais. Quando souber mais, fa\u00e7a melhor\u201d"}]},{"@type":"WebSite","@id":"https:\/\/www.correiobraziliense.com.br\/cbradar\/#website","url":"https:\/\/www.correiobraziliense.com.br\/cbradar\/","name":"Correio Braziliense - Radar","description":"Acompanhe as \u00faltimas not\u00edcias e fique bem informado sobre tudo o que acontece no Brasil e no mundo.","potentialAction":[{"@type":"SearchAction","target":{"@type":"EntryPoint","urlTemplate":"https:\/\/www.correiobraziliense.com.br\/cbradar\/?s={search_term_string}"},"query-input":{"@type":"PropertyValueSpecification","valueRequired":true,"valueName":"search_term_string"}}],"inLanguage":"pt-BR"},{"@type":"Person","@id":"https:\/\/www.correiobraziliense.com.br\/cbradar\/#\/schema\/person\/5440b72be9c7eb74f446c846479dc4da","name":"Patrick Silva","image":{"@type":"ImageObject","inLanguage":"pt-BR","@id":"https:\/\/www.correiobraziliense.com.br\/cbradar\/#\/schema\/person\/image\/","url":"https:\/\/secure.gravatar.com\/avatar\/944109df296fc087785c9715fd5f80b2?s=96&d=mm&r=g","contentUrl":"https:\/\/secure.gravatar.com\/avatar\/944109df296fc087785c9715fd5f80b2?s=96&d=mm&r=g","caption":"Patrick Silva"},"sameAs":["https:\/\/www.correiobraziliense.com.br\/cbradar\/"],"url":"https:\/\/www.correiobraziliense.com.br\/cbradar\/author\/patrick-silva\/"}]}},"_links":{"self":[{"href":"https:\/\/www.correiobraziliense.com.br\/cbradar\/wp-json\/wp\/v2\/posts\/208923","targetHints":{"allow":["GET"]}}],"collection":[{"href":"https:\/\/www.correiobraziliense.com.br\/cbradar\/wp-json\/wp\/v2\/posts"}],"about":[{"href":"https:\/\/www.correiobraziliense.com.br\/cbradar\/wp-json\/wp\/v2\/types\/post"}],"author":[{"embeddable":true,"href":"https:\/\/www.correiobraziliense.com.br\/cbradar\/wp-json\/wp\/v2\/users\/21"}],"replies":[{"embeddable":true,"href":"https:\/\/www.correiobraziliense.com.br\/cbradar\/wp-json\/wp\/v2\/comments?post=208923"}],"version-history":[{"count":7,"href":"https:\/\/www.correiobraziliense.com.br\/cbradar\/wp-json\/wp\/v2\/posts\/208923\/revisions"}],"predecessor-version":[{"id":208933,"href":"https:\/\/www.correiobraziliense.com.br\/cbradar\/wp-json\/wp\/v2\/posts\/208923\/revisions\/208933"}],"wp:featuredmedia":[{"embeddable":true,"href":"https:\/\/www.correiobraziliense.com.br\/cbradar\/wp-json\/wp\/v2\/media\/208926"}],"wp:attachment":[{"href":"https:\/\/www.correiobraziliense.com.br\/cbradar\/wp-json\/wp\/v2\/media?parent=208923"}],"wp:term":[{"taxonomy":"category","embeddable":true,"href":"https:\/\/www.correiobraziliense.com.br\/cbradar\/wp-json\/wp\/v2\/categories?post=208923"},{"taxonomy":"post_tag","embeddable":true,"href":"https:\/\/www.correiobraziliense.com.br\/cbradar\/wp-json\/wp\/v2\/tags?post=208923"}],"curies":[{"name":"wp","href":"https:\/\/api.w.org\/{rel}","templated":true}]}}