{"id":208934,"date":"2026-03-17T00:25:00","date_gmt":"2026-03-17T03:25:00","guid":{"rendered":"https:\/\/www.correiobraziliense.com.br\/cbradar\/?p=208934"},"modified":"2026-03-16T23:18:04","modified_gmt":"2026-03-17T02:18:04","slug":"citacao-do-dia-do-lider-sul-africano-nelson-mandela-a-educacao-e-a-arma-mais-poderosa-que-voce-pode-usar-para-mudar-o-mundo","status":"publish","type":"post","link":"https:\/\/www.correiobraziliense.com.br\/cbradar\/citacao-do-dia-do-lider-sul-africano-nelson-mandela-a-educacao-e-a-arma-mais-poderosa-que-voce-pode-usar-para-mudar-o-mundo\/","title":{"rendered":"Cita\u00e7\u00e3o do dia do l\u00edder sul-africano Nelson Mandela: \u201cA educa\u00e7\u00e3o \u00e9 a arma mais poderosa que voc\u00ea pode usar para mudar o mundo\u201d"},"content":{"rendered":"\n<p>A frase hist\u00f3rica de <strong>Nelson Mandela<\/strong> ecoa como um lembrete fundamental sobre o papel transformador do conhecimento em nossa sociedade globalizada. Ao investir no ensino, as na\u00e7\u00f5es garantem ferramentas para combater desigualdades e promover a justi\u00e7a social de forma definitiva. Essa vis\u00e3o estrat\u00e9gica transforma a realidade ao oferecer oportunidades concretas para todos.<\/p>\n\n\n\n<h2 class=\"wp-block-heading\">Como o acesso ao ensino formal redefine o futuro das comunidades vulner\u00e1veis?<\/h2>\n\n\n\n<p>O acesso democr\u00e1tico \u00e0 instru\u00e7\u00e3o de qualidade permite que indiv\u00edduos em situa\u00e7\u00f5es de vulnerabilidade quebrem ciclos de pobreza extrema e alcancem autonomia financeira real. Quando uma comunidade valoriza o aprendizado, ela desenvolve solu\u00e7\u00f5es inovadoras para problemas locais complexos, fortalecendo a economia e a coes\u00e3o social interna. Esse processo de emancipa\u00e7\u00e3o \u00e9 a base para a cidadania plena.<\/p>\n\n\n\n<p>Programas educacionais inclusivos reduzem drasticamente os \u00edndices de viol\u00eancia e aumentam a expectativa de vida ao promover h\u00e1bitos saud\u00e1veis e consci\u00eancia cr\u00edtica. O conhecimento t\u00e9cnico e cient\u00edfico capacita jovens para o mercado de trabalho moderno, garantindo que o progresso tecnol\u00f3gico beneficie todas as camadas da popula\u00e7\u00e3o mundial. A <a href=\"https:\/\/www.correiobraziliense.com.br\/cbradar\/proverbio-biblico-do-mes-ensina-a-crianca-no-caminho-em-que-deve-andar-a-licao-sobre-educacao\/\" target=\"_blank\" rel=\"noreferrer noopener\">educa\u00e7\u00e3o <\/a>\u00e9, sem d\u00favida, o <strong>motor fundamental da mudan\u00e7a social sustent\u00e1vel<\/strong>.<\/p>\n\n\n\n<p>Algumas lideran\u00e7as se tornaram s\u00edmbolos mundiais de resist\u00eancia, justi\u00e7a e luta por direitos humanos. Suas trajet\u00f3rias mostram como determina\u00e7\u00e3o e coragem podem transformar sociedades. No conte\u00fado do <strong>Brasil Escola Oficial<\/strong>, com 2,32 milh\u00f5es de inscritos, voc\u00ea conhece essa hist\u00f3ria:<\/p>\n\n\n\n<figure class=\"wp-block-embed is-type-video is-provider-youtube wp-block-embed-youtube wp-embed-aspect-16-9 wp-has-aspect-ratio\"><div class=\"wp-block-embed__wrapper\">\n<div class=\"jeg_video_container jeg_video_content\"><iframe loading=\"lazy\" title=\"Quem foi Nelson Mandela? - Brasil Escola\" width=\"500\" height=\"281\" src=\"https:\/\/www.youtube.com\/embed\/C_3dp3EflaY?feature=oembed\" frameborder=\"0\" allow=\"accelerometer; autoplay; clipboard-write; encrypted-media; gyroscope; picture-in-picture; web-share\" referrerpolicy=\"strict-origin-when-cross-origin\" allowfullscreen><\/iframe><\/div>\n<\/div><\/figure>\n\n\n\n<h2 class=\"wp-block-heading\">Por que a forma\u00e7\u00e3o cr\u00edtica \u00e9 essencial para o fortalecimento da democracia?<\/h2>\n\n\n\n<p>Indiv\u00edduos bem informados possuem maior capacidade de analisar discursos pol\u00edticos e identificar manipula\u00e7\u00f5es de dados em ambientes digitais altamente saturados. A educa\u00e7\u00e3o promove o pensamento l\u00f3gico e a argumenta\u00e7\u00e3o fundamentada, elementos vitais para a manuten\u00e7\u00e3o de um debate p\u00fablico saud\u00e1vel e respeitoso. Sem uma base intelectual s\u00f3lida, as institui\u00e7\u00f5es democr\u00e1ticas tornam-se fr\u00e1geis diante de amea\u00e7as autorit\u00e1rias globais.<\/p>\n\n\n\n<p>O exerc\u00edcio da liberdade exige compreens\u00e3o plena dos direitos e deveres constitucionais que regem a vida em coletividade em qualquer na\u00e7\u00e3o soberana. Ao incentivar a leitura e a pesquisa independente, as escolas formam cidad\u00e3os preparados para tomar decis\u00f5es conscientes nas urnas e no cotidiano profissional. A <strong>consci\u00eancia pol\u00edtica despertada pelo saber<\/strong> \u00e9 o que garante a estabilidade institucional de um povo.<\/p>\n\n\n\n<h2 class=\"wp-block-heading\">Quais compet\u00eancias cognitivas s\u00e3o desenvolvidas atrav\u00e9s da alfabetiza\u00e7\u00e3o universal e cient\u00edfica?<\/h2>\n\n\n\n<p>O dom\u00ednio da linguagem e do racioc\u00ednio matem\u00e1tico amplia a percep\u00e7\u00e3o espacial e a habilidade de resolver conflitos de maneira pac\u00edfica. Ao compreender leis f\u00edsicas e conceitos biol\u00f3gicos, o estudante ganha autonomia para interpretar o mundo ao seu redor com total precis\u00e3o e clareza absoluta. Essa evolu\u00e7\u00e3o mental \u00e9 um processo cont\u00ednuo que enriquece a jornada humana individual e coletiva.<\/p>\n\n\n\n<p>Confira a lista abaixo:<\/p>\n\n\n\n<ul class=\"wp-block-list\">\n<li>Melhoria na capacidade de s\u00edntese e comunica\u00e7\u00e3o interpessoal.<\/li>\n\n\n\n<li>Desenvolvimento de empatia atrav\u00e9s da leitura liter\u00e1ria constante.<\/li>\n\n\n\n<li>Est\u00edmulo \u00e0 criatividade para propor solu\u00e7\u00f5es tecnol\u00f3gicas in\u00e9ditas.<\/li>\n\n\n\n<li>Fortalecimento da mem\u00f3ria de longo prazo e foco atencional.<\/li>\n\n\n\n<li>Habilidade de interpreta\u00e7\u00e3o de gr\u00e1ficos e dados estat\u00edsticos complexos.<\/li>\n<\/ul>\n\n\n\n<h2 class=\"wp-block-heading\">De que maneira o aprendizado cont\u00ednuo impacta a produtividade econ\u00f4mica das na\u00e7\u00f5es desenvolvidas?<\/h2>\n\n\n\n<p>Pa\u00edses que priorizam o investimento em capital humano apresentam taxas superiores de inova\u00e7\u00e3o e crescimento do Produto Interno Bruto anualmente. A qualifica\u00e7\u00e3o constante da m\u00e3o de obra permite que as ind\u00fastrias operem com maior efici\u00eancia t\u00e9cnica e reduzam desperd\u00edcios de recursos naturais preciosos. A educa\u00e7\u00e3o t\u00e9cnica avan\u00e7ada \u00e9 o diferencial competitivo que posiciona os pa\u00edses na vanguarda da economia mundial moderna.<\/p>\n\n\n\n<p>A atualiza\u00e7\u00e3o frequente de compet\u00eancias garante que o trabalhador permane\u00e7a relevante diante da automa\u00e7\u00e3o e da intelig\u00eancia artificial no mercado de trabalho. O aprendizado ao longo da vida promove a mobilidade social e reduz as lacunas de renda entre diferentes setores da sociedade produtiva. O <strong>sucesso financeiro de uma na\u00e7\u00e3o<\/strong> depende diretamente do n\u00edvel de instru\u00e7\u00e3o do seu povo.<\/p>\n\n\n\n<figure class=\"wp-block-image size-full\"><img decoding=\"async\" width=\"1280\" height=\"720\" src=\"https:\/\/www.correiobraziliense.com.br\/cbradar\/wp-content\/uploads\/2026\/03\/Gemini_Generated_Image_db5r7ddb5r7ddb5r-1-1.png\" alt=\"Cita\u00e7\u00e3o do dia do l\u00edder sul-africano Nelson Mandela: \u201cA educa\u00e7\u00e3o \u00e9 a arma mais poderosa que voc\u00ea pode usar para mudar o mundo\u201d\" class=\"wp-image-208937\" srcset=\"https:\/\/www.correiobraziliense.com.br\/cbradar\/wp-content\/uploads\/2026\/03\/Gemini_Generated_Image_db5r7ddb5r7ddb5r-1-1.png 1280w, https:\/\/www.correiobraziliense.com.br\/cbradar\/wp-content\/uploads\/2026\/03\/Gemini_Generated_Image_db5r7ddb5r7ddb5r-1-1-300x169.png 300w, https:\/\/www.correiobraziliense.com.br\/cbradar\/wp-content\/uploads\/2026\/03\/Gemini_Generated_Image_db5r7ddb5r7ddb5r-1-1-768x432.png 768w, https:\/\/www.correiobraziliense.com.br\/cbradar\/wp-content\/uploads\/2026\/03\/Gemini_Generated_Image_db5r7ddb5r7ddb5r-1-1-750x422.png 750w, https:\/\/www.correiobraziliense.com.br\/cbradar\/wp-content\/uploads\/2026\/03\/Gemini_Generated_Image_db5r7ddb5r7ddb5r-1-1-1140x641.png 1140w\" sizes=\"(max-width: 1280px) 100vw, 1280px\" \/><figcaption class=\"wp-element-caption\">Uma frase marcante de Nelson Mandela inspira reflex\u00e3o sobre conhecimento educa\u00e7\u00e3o e transforma\u00e7\u00e3o social<\/figcaption><\/figure>\n\n\n\n<h2 class=\"wp-block-heading\">Qual a import\u00e2ncia da coopera\u00e7\u00e3o internacional para garantir o direito humano \u00e0 instru\u00e7\u00e3o?<\/h2>\n\n\n\n<p>Alian\u00e7as entre governos e organiza\u00e7\u00f5es n\u00e3o governamentais s\u00e3o cruciais para levar recursos did\u00e1ticos e infraestrutura b\u00e1sica \u00e0s regi\u00f5es mais isoladas do globo. O compartilhamento de metodologias de ensino eficazes acelera a erradica\u00e7\u00e3o do analfabetismo funcional e promove a paz entre povos de culturas diversas. A solidariedade global na \u00e1rea educacional \u00e9 a garantia de um futuro mais justo e equilibrado.<\/p>\n\n\n\n<p>O monitoramento constante das metas de desenvolvimento permite que os avan\u00e7os sejam quantificados e as estrat\u00e9gias ajustadas conforme as necessidades de cada pa\u00eds. Para compreender os dados oficiais sobre o progresso do ensino mundial e suas diretrizes, consulte o portal da <strong><a href=\"https:\/\/www.unesco.org\/pt\" target=\"_blank\" rel=\"noreferrer noopener\">UNESCO<\/a><\/strong>. Garantir que cada crian\u00e7a tenha acesso a uma escola de qualidade \u00e9 um <strong>dever \u00e9tico universal e urgente<\/strong>.<\/p>\n","protected":false},"excerpt":{"rendered":"<p>A frase hist\u00f3rica de Nelson Mandela ecoa como um lembrete fundamental sobre o papel transformador do conhecimento em nossa sociedade globalizada. Ao investir no ensino, as na\u00e7\u00f5es garantem ferramentas para combater desigualdades e promover a justi\u00e7a social de forma definitiva. Essa vis\u00e3o estrat\u00e9gica transforma a realidade ao oferecer oportunidades concretas para todos. Como o acesso [&hellip;]<\/p>\n","protected":false},"author":21,"featured_media":208936,"comment_status":"open","ping_status":"open","sticky":false,"template":"","format":"standard","meta":{"_yoast_wpseo_focuskw":"frase de nelson mandela sobre educa\u00e7\u00e3o","_yoast_wpseo_title":"","_yoast_wpseo_metadesc":"Uma frase marcante de Nelson Mandela revela uma reflex\u00e3o poderosa sobre conhecimento, oportunidades e transforma\u00e7\u00e3o social.","jnews-multi-image_gallery":[],"jnews_single_post":{"format":"standard"},"jnews_primary_category":[],"jnews_social_meta":[],"jnews_override_counter":[],"footnotes":""},"categories":[112],"tags":[14352,149,226,15236],"class_list":["post-208934","post","type-post","status-publish","format-standard","has-post-thumbnail","hentry","category-curiosidades","tag-citacao","tag-educacao","tag-mundo","tag-nelson-mandela"],"yoast_head":"<!-- This site is optimized with the Yoast SEO plugin v24.6 - https:\/\/yoast.com\/wordpress\/plugins\/seo\/ -->\n<title>Cita\u00e7\u00e3o do dia do l\u00edder sul-africano Nelson Mandela: \u201cA educa\u00e7\u00e3o \u00e9 a arma mais poderosa que voc\u00ea pode usar para mudar o mundo\u201d - Correio Braziliense - Radar<\/title>\n<meta name=\"description\" content=\"Uma frase marcante de Nelson Mandela revela uma reflex\u00e3o poderosa sobre conhecimento, oportunidades e transforma\u00e7\u00e3o social.\" \/>\n<meta name=\"robots\" content=\"index, follow, max-snippet:-1, max-image-preview:large, max-video-preview:-1\" \/>\n<link rel=\"canonical\" href=\"https:\/\/www.correiobraziliense.com.br\/cbradar\/citacao-do-dia-do-lider-sul-africano-nelson-mandela-a-educacao-e-a-arma-mais-poderosa-que-voce-pode-usar-para-mudar-o-mundo\/\" \/>\n<meta property=\"og:locale\" content=\"pt_BR\" \/>\n<meta property=\"og:type\" content=\"article\" \/>\n<meta property=\"og:title\" content=\"Cita\u00e7\u00e3o do dia do l\u00edder sul-africano Nelson Mandela: \u201cA educa\u00e7\u00e3o \u00e9 a arma mais poderosa que voc\u00ea pode usar para mudar o mundo\u201d - Correio Braziliense - Radar\" \/>\n<meta property=\"og:description\" content=\"Uma frase marcante de Nelson Mandela revela uma reflex\u00e3o poderosa sobre conhecimento, oportunidades e transforma\u00e7\u00e3o social.\" \/>\n<meta property=\"og:url\" content=\"https:\/\/www.correiobraziliense.com.br\/cbradar\/citacao-do-dia-do-lider-sul-africano-nelson-mandela-a-educacao-e-a-arma-mais-poderosa-que-voce-pode-usar-para-mudar-o-mundo\/\" \/>\n<meta property=\"og:site_name\" content=\"Correio Braziliense - Radar\" \/>\n<meta property=\"article:published_time\" content=\"2026-03-17T03:25:00+00:00\" \/>\n<meta property=\"og:image\" content=\"https:\/\/www.correiobraziliense.com.br\/cbradar\/wp-content\/uploads\/2026\/03\/Gemini_Generated_Image_nyaquxnyaquxnyaq-1-1.png\" \/>\n\t<meta property=\"og:image:width\" content=\"1280\" \/>\n\t<meta property=\"og:image:height\" content=\"720\" \/>\n\t<meta property=\"og:image:type\" content=\"image\/png\" \/>\n<meta name=\"author\" content=\"Patrick Silva\" \/>\n<meta name=\"twitter:card\" content=\"summary_large_image\" \/>\n<meta name=\"twitter:label1\" content=\"Escrito por\" \/>\n\t<meta name=\"twitter:data1\" content=\"Patrick Silva\" \/>\n\t<meta name=\"twitter:label2\" content=\"Est. tempo de leitura\" \/>\n\t<meta name=\"twitter:data2\" content=\"5 minutos\" \/>\n<!-- \/ Yoast SEO plugin. -->","yoast_head_json":{"title":"Cita\u00e7\u00e3o do dia do l\u00edder sul-africano Nelson Mandela: \u201cA educa\u00e7\u00e3o \u00e9 a arma mais poderosa que voc\u00ea pode usar para mudar o mundo\u201d - Correio Braziliense - Radar","description":"Uma frase marcante de Nelson Mandela revela uma reflex\u00e3o poderosa sobre conhecimento, oportunidades e transforma\u00e7\u00e3o social.","robots":{"index":"index","follow":"follow","max-snippet":"max-snippet:-1","max-image-preview":"max-image-preview:large","max-video-preview":"max-video-preview:-1"},"canonical":"https:\/\/www.correiobraziliense.com.br\/cbradar\/citacao-do-dia-do-lider-sul-africano-nelson-mandela-a-educacao-e-a-arma-mais-poderosa-que-voce-pode-usar-para-mudar-o-mundo\/","og_locale":"pt_BR","og_type":"article","og_title":"Cita\u00e7\u00e3o do dia do l\u00edder sul-africano Nelson Mandela: \u201cA educa\u00e7\u00e3o \u00e9 a arma mais poderosa que voc\u00ea pode usar para mudar o mundo\u201d - Correio Braziliense - Radar","og_description":"Uma frase marcante de Nelson Mandela revela uma reflex\u00e3o poderosa sobre conhecimento, oportunidades e transforma\u00e7\u00e3o social.","og_url":"https:\/\/www.correiobraziliense.com.br\/cbradar\/citacao-do-dia-do-lider-sul-africano-nelson-mandela-a-educacao-e-a-arma-mais-poderosa-que-voce-pode-usar-para-mudar-o-mundo\/","og_site_name":"Correio Braziliense - Radar","article_published_time":"2026-03-17T03:25:00+00:00","og_image":[{"width":1280,"height":720,"url":"https:\/\/www.correiobraziliense.com.br\/cbradar\/wp-content\/uploads\/2026\/03\/Gemini_Generated_Image_nyaquxnyaquxnyaq-1-1.png","type":"image\/png"}],"author":"Patrick Silva","twitter_card":"summary_large_image","twitter_misc":{"Escrito por":"Patrick Silva","Est. tempo de leitura":"5 minutos"},"schema":{"@context":"https:\/\/schema.org","@graph":[{"@type":"WebPage","@id":"https:\/\/www.correiobraziliense.com.br\/cbradar\/citacao-do-dia-do-lider-sul-africano-nelson-mandela-a-educacao-e-a-arma-mais-poderosa-que-voce-pode-usar-para-mudar-o-mundo\/","url":"https:\/\/www.correiobraziliense.com.br\/cbradar\/citacao-do-dia-do-lider-sul-africano-nelson-mandela-a-educacao-e-a-arma-mais-poderosa-que-voce-pode-usar-para-mudar-o-mundo\/","name":"Cita\u00e7\u00e3o do dia do l\u00edder sul-africano Nelson Mandela: \u201cA educa\u00e7\u00e3o \u00e9 a arma mais poderosa que voc\u00ea pode usar para mudar o mundo\u201d - Correio Braziliense - Radar","isPartOf":{"@id":"https:\/\/www.correiobraziliense.com.br\/cbradar\/#website"},"primaryImageOfPage":{"@id":"https:\/\/www.correiobraziliense.com.br\/cbradar\/citacao-do-dia-do-lider-sul-africano-nelson-mandela-a-educacao-e-a-arma-mais-poderosa-que-voce-pode-usar-para-mudar-o-mundo\/#primaryimage"},"image":{"@id":"https:\/\/www.correiobraziliense.com.br\/cbradar\/citacao-do-dia-do-lider-sul-africano-nelson-mandela-a-educacao-e-a-arma-mais-poderosa-que-voce-pode-usar-para-mudar-o-mundo\/#primaryimage"},"thumbnailUrl":"https:\/\/www.correiobraziliense.com.br\/cbradar\/wp-content\/uploads\/2026\/03\/Gemini_Generated_Image_nyaquxnyaquxnyaq-1-1.png","datePublished":"2026-03-17T03:25:00+00:00","author":{"@id":"https:\/\/www.correiobraziliense.com.br\/cbradar\/#\/schema\/person\/5440b72be9c7eb74f446c846479dc4da"},"description":"Uma frase marcante de Nelson Mandela revela uma reflex\u00e3o poderosa sobre conhecimento, oportunidades e transforma\u00e7\u00e3o social.","breadcrumb":{"@id":"https:\/\/www.correiobraziliense.com.br\/cbradar\/citacao-do-dia-do-lider-sul-africano-nelson-mandela-a-educacao-e-a-arma-mais-poderosa-que-voce-pode-usar-para-mudar-o-mundo\/#breadcrumb"},"inLanguage":"pt-BR","potentialAction":[{"@type":"ReadAction","target":["https:\/\/www.correiobraziliense.com.br\/cbradar\/citacao-do-dia-do-lider-sul-africano-nelson-mandela-a-educacao-e-a-arma-mais-poderosa-que-voce-pode-usar-para-mudar-o-mundo\/"]}]},{"@type":"ImageObject","inLanguage":"pt-BR","@id":"https:\/\/www.correiobraziliense.com.br\/cbradar\/citacao-do-dia-do-lider-sul-africano-nelson-mandela-a-educacao-e-a-arma-mais-poderosa-que-voce-pode-usar-para-mudar-o-mundo\/#primaryimage","url":"https:\/\/www.correiobraziliense.com.br\/cbradar\/wp-content\/uploads\/2026\/03\/Gemini_Generated_Image_nyaquxnyaquxnyaq-1-1.png","contentUrl":"https:\/\/www.correiobraziliense.com.br\/cbradar\/wp-content\/uploads\/2026\/03\/Gemini_Generated_Image_nyaquxnyaquxnyaq-1-1.png","width":1280,"height":720,"caption":"Uma frase marcante de Nelson Mandela inspira reflex\u00e3o sobre conhecimento educa\u00e7\u00e3o e transforma\u00e7\u00e3o social"},{"@type":"BreadcrumbList","@id":"https:\/\/www.correiobraziliense.com.br\/cbradar\/citacao-do-dia-do-lider-sul-africano-nelson-mandela-a-educacao-e-a-arma-mais-poderosa-que-voce-pode-usar-para-mudar-o-mundo\/#breadcrumb","itemListElement":[{"@type":"ListItem","position":1,"name":"In\u00edcio","item":"https:\/\/www.correiobraziliense.com.br\/cbradar\/"},{"@type":"ListItem","position":2,"name":"Cita\u00e7\u00e3o do dia do l\u00edder sul-africano Nelson Mandela: \u201cA educa\u00e7\u00e3o \u00e9 a arma mais poderosa que voc\u00ea pode usar para mudar o mundo\u201d"}]},{"@type":"WebSite","@id":"https:\/\/www.correiobraziliense.com.br\/cbradar\/#website","url":"https:\/\/www.correiobraziliense.com.br\/cbradar\/","name":"Correio Braziliense - Radar","description":"Acompanhe as \u00faltimas not\u00edcias e fique bem informado sobre tudo o que acontece no Brasil e no mundo.","potentialAction":[{"@type":"SearchAction","target":{"@type":"EntryPoint","urlTemplate":"https:\/\/www.correiobraziliense.com.br\/cbradar\/?s={search_term_string}"},"query-input":{"@type":"PropertyValueSpecification","valueRequired":true,"valueName":"search_term_string"}}],"inLanguage":"pt-BR"},{"@type":"Person","@id":"https:\/\/www.correiobraziliense.com.br\/cbradar\/#\/schema\/person\/5440b72be9c7eb74f446c846479dc4da","name":"Patrick Silva","image":{"@type":"ImageObject","inLanguage":"pt-BR","@id":"https:\/\/www.correiobraziliense.com.br\/cbradar\/#\/schema\/person\/image\/","url":"https:\/\/secure.gravatar.com\/avatar\/944109df296fc087785c9715fd5f80b2?s=96&d=mm&r=g","contentUrl":"https:\/\/secure.gravatar.com\/avatar\/944109df296fc087785c9715fd5f80b2?s=96&d=mm&r=g","caption":"Patrick Silva"},"sameAs":["https:\/\/www.correiobraziliense.com.br\/cbradar\/"],"url":"https:\/\/www.correiobraziliense.com.br\/cbradar\/author\/patrick-silva\/"}]}},"_links":{"self":[{"href":"https:\/\/www.correiobraziliense.com.br\/cbradar\/wp-json\/wp\/v2\/posts\/208934","targetHints":{"allow":["GET"]}}],"collection":[{"href":"https:\/\/www.correiobraziliense.com.br\/cbradar\/wp-json\/wp\/v2\/posts"}],"about":[{"href":"https:\/\/www.correiobraziliense.com.br\/cbradar\/wp-json\/wp\/v2\/types\/post"}],"author":[{"embeddable":true,"href":"https:\/\/www.correiobraziliense.com.br\/cbradar\/wp-json\/wp\/v2\/users\/21"}],"replies":[{"embeddable":true,"href":"https:\/\/www.correiobraziliense.com.br\/cbradar\/wp-json\/wp\/v2\/comments?post=208934"}],"version-history":[{"count":4,"href":"https:\/\/www.correiobraziliense.com.br\/cbradar\/wp-json\/wp\/v2\/posts\/208934\/revisions"}],"predecessor-version":[{"id":208940,"href":"https:\/\/www.correiobraziliense.com.br\/cbradar\/wp-json\/wp\/v2\/posts\/208934\/revisions\/208940"}],"wp:featuredmedia":[{"embeddable":true,"href":"https:\/\/www.correiobraziliense.com.br\/cbradar\/wp-json\/wp\/v2\/media\/208936"}],"wp:attachment":[{"href":"https:\/\/www.correiobraziliense.com.br\/cbradar\/wp-json\/wp\/v2\/media?parent=208934"}],"wp:term":[{"taxonomy":"category","embeddable":true,"href":"https:\/\/www.correiobraziliense.com.br\/cbradar\/wp-json\/wp\/v2\/categories?post=208934"},{"taxonomy":"post_tag","embeddable":true,"href":"https:\/\/www.correiobraziliense.com.br\/cbradar\/wp-json\/wp\/v2\/tags?post=208934"}],"curies":[{"name":"wp","href":"https:\/\/api.w.org\/{rel}","templated":true}]}}