{"id":208949,"date":"2026-03-17T11:35:00","date_gmt":"2026-03-17T14:35:00","guid":{"rendered":"https:\/\/www.correiobraziliense.com.br\/cbradar\/?p=208949"},"modified":"2026-03-15T07:10:10","modified_gmt":"2026-03-15T10:10:10","slug":"pouca-gente-sabe-mas-a-beldroega-considerada-mato-e-rica-em-omega-3-e-cresce-facilmente-em-quintais","status":"publish","type":"post","link":"https:\/\/www.correiobraziliense.com.br\/cbradar\/pouca-gente-sabe-mas-a-beldroega-considerada-mato-e-rica-em-omega-3-e-cresce-facilmente-em-quintais\/","title":{"rendered":"Pouca gente sabe, mas a beldroega considerada mato \u00e9 rica em \u00f4mega-3 e cresce facilmente em quintais"},"content":{"rendered":"\n<p>A beldroega \u00e9 uma planta rasteira frequentemente ignorada nos jardins brasileiros por ser confundida com ervas daninhas indesejadas e comuns. Entretanto, essa esp\u00e9cie resiliente esconde um perfil nutricional extraordin\u00e1rio, sendo uma das maiores fontes vegetais de \u00f4mega-3 conhecidas hoje. Entender como utilizar essa joia bot\u00e2nica melhora a sa\u00fade de forma acess\u00edvel.<\/p>\n\n\n\n<h2 class=\"wp-block-heading\">Como essa planta silvestre consegue superar o valor nutricional de vegetais cultivados?<\/h2>\n\n\n\n<p>A beldroega destaca-se por possuir concentra\u00e7\u00f5es elevadas de \u00e1cido alfa-linol\u00eanico, um tipo essencial de <strong><a href=\"https:\/\/www.correiobraziliense.com.br\/cbradar\/a-receita-com-omega-3-que-ajuda-a-nutrir-o-cerebro-e-melhorar-a-concentracao\/\" target=\"_blank\" rel=\"noreferrer noopener\">\u00f4mega-3 <\/a><\/strong>que auxilia na prote\u00e7\u00e3o do sistema cardiovascular. Diferente das alfaces convencionais, ela suporta condi\u00e7\u00f5es clim\u00e1ticas adversas e solos pobres sem perder sua densidade vitam\u00ednica. Esse vigor biol\u00f3gico garante que os nutrientes permane\u00e7am intactos at\u00e9 o momento do consumo direto na mesa.<\/p>\n\n\n\n<p>Essa suculenta comest\u00edvel tamb\u00e9m oferece uma carga generosa de antioxidantes potentes, como as vitaminas A e C, que combatem o envelhecimento celular. Ao crescer espontaneamente em quintais, ela economiza recursos e oferece uma nutri\u00e7\u00e3o org\u00e2nica superior para quem busca longevidade. Integrar esse vegetal na dieta \u00e9 uma <strong>estrat\u00e9gia inteligente para fortalecer o organismo<\/strong> de maneira natural.<\/p>\n\n\n\n<p>Algumas plantas pouco conhecidas fazem parte das chamadas PANCs (Plantas Aliment\u00edcias N\u00e3o Convencionais) e podem trazer grande valor nutricional para a alimenta\u00e7\u00e3o. Conhecer essas esp\u00e9cies amplia as possibilidades na cozinha e no cultivo. No conte\u00fado do <strong>Mundo Agro<\/strong>, com 142 mil inscritos, voc\u00ea descobre mais:<\/p>\n\n\n\n<figure class=\"wp-block-embed is-type-video is-provider-youtube wp-block-embed-youtube wp-embed-aspect-16-9 wp-has-aspect-ratio\"><div class=\"wp-block-embed__wrapper\">\n<div class=\"jeg_video_container jeg_video_content\"><iframe loading=\"lazy\" title=\"Conhe\u00e7a a BELDROEGA | PANCs: Plantas Aliment\u00edcias N\u00e3o Convencionais\" width=\"500\" height=\"281\" src=\"https:\/\/www.youtube.com\/embed\/EB8Kn4FmDAs?feature=oembed\" frameborder=\"0\" allow=\"accelerometer; autoplay; clipboard-write; encrypted-media; gyroscope; picture-in-picture; web-share\" referrerpolicy=\"strict-origin-when-cross-origin\" allowfullscreen><\/iframe><\/div>\n<\/div><\/figure>\n\n\n\n<h2 class=\"wp-block-heading\">Quais s\u00e3o os impactos reais do consumo frequente desta erva no sistema circulat\u00f3rio?<\/h2>\n\n\n\n<p>O \u00f4mega-3 presente na planta ajuda a reduzir os n\u00edveis de colesterol ruim e triglicer\u00eddeos, prevenindo o entupimento das art\u00e9rias vitais do corpo. Essa gordura saud\u00e1vel promove a elasticidade dos vasos sangu\u00edneos, facilitando o transporte de oxig\u00eanio para todos os tecidos perif\u00e9ricos. Manter o cora\u00e7\u00e3o protegido atrav\u00e9s da alimenta\u00e7\u00e3o natural \u00e9 um passo decisivo para evitar doen\u00e7as graves.<\/p>\n\n\n\n<p>Al\u00e9m dos benef\u00edcios lip\u00eddicos, as propriedades anti-inflamat\u00f3rias da beldroega auxiliam na regula\u00e7\u00e3o da press\u00e3o arterial em indiv\u00edduos com predisposi\u00e7\u00e3o hipertensiva constante. A ingest\u00e3o de folhas frescas em saladas ou sucos verdes potencializa a absor\u00e7\u00e3o desses compostos bioativos essenciais. Essa planta \u00e9 um <strong>verdadeiro rem\u00e9dio natural dispon\u00edvel gratuitamente<\/strong> em muitos terrenos e cal\u00e7adas urbanas nutritivas hoje.<\/p>\n\n\n\n<h2 class=\"wp-block-heading\">De que maneira voc\u00ea pode identificar e preparar este vegetal com total seguran\u00e7a?<\/h2>\n\n\n\n<p>Para aproveitar as virtudes desta planta, \u00e9 fundamental colh\u00ea-la em locais livres de polui\u00e7\u00e3o qu\u00edmica ou dejetos de animais dom\u00e9sticos comuns. Suas folhas ovais e caules avermelhados s\u00e3o caracter\u00edsticas marcantes que facilitam a identifica\u00e7\u00e3o correta por qualquer pessoa interessada em bot\u00e2nica aplicada. Lavar bem o vegetal garante uma experi\u00eancia culin\u00e1ria segura e muito gratificante para todos.<\/p>\n\n\n\n<p>Existem caminhos pr\u00e1ticos para integrar essa vis\u00e3o nutricional ao seu cotidiano e fortalecer seu organismo de maneira constante:<\/p>\n\n\n\n<figure class=\"wp-block-image size-large\"><img decoding=\"async\" width=\"1182\" height=\"720\" src=\"https:\/\/www.correiobraziliense.com.br\/cbradar\/wp-content\/uploads\/2026\/03\/convertido-58-1182x720.jpg\" alt=\"\" class=\"wp-image-208956\" srcset=\"https:\/\/www.correiobraziliense.com.br\/cbradar\/wp-content\/uploads\/2026\/03\/convertido-58-1182x720.jpg 1182w, https:\/\/www.correiobraziliense.com.br\/cbradar\/wp-content\/uploads\/2026\/03\/convertido-58-300x183.jpg 300w, https:\/\/www.correiobraziliense.com.br\/cbradar\/wp-content\/uploads\/2026\/03\/convertido-58-768x468.jpg 768w, https:\/\/www.correiobraziliense.com.br\/cbradar\/wp-content\/uploads\/2026\/03\/convertido-58-750x457.jpg 750w, https:\/\/www.correiobraziliense.com.br\/cbradar\/wp-content\/uploads\/2026\/03\/convertido-58-1140x695.jpg 1140w, https:\/\/www.correiobraziliense.com.br\/cbradar\/wp-content\/uploads\/2026\/03\/convertido-58.jpg 1280w\" sizes=\"(max-width: 1182px) 100vw, 1182px\" \/><\/figure>\n\n\n\n<h2 class=\"wp-block-heading\">Por que a resili\u00eancia bot\u00e2nica da beldroega favorece o cultivo dom\u00e9stico sustent\u00e1vel?<\/h2>\n\n\n\n<p>Diferente de hortali\u00e7as sens\u00edveis, a beldroega exige pouqu\u00edssima irriga\u00e7\u00e3o e se adapta perfeitamente a vasos pequenos em apartamentos ensolarados ou quintais abertos. Essa autonomia h\u00eddrica torna a planta uma op\u00e7\u00e3o ecol\u00f3gica para quem deseja produzir o pr\u00f3prio alimento com baixo custo. O cultivo dom\u00e9stico garante que voc\u00ea tenha acesso a um <strong>superalimento fresco e livre de agrot\u00f3xicos<\/strong> perigosos.<\/p>\n\n\n\n<p>A planta tamb\u00e9m atua como uma cobertura de solo natural, mantendo a umidade e protegendo outras esp\u00e9cies de pragas invasoras em jardins produtivos. Ao permitir que ela cres\u00e7a, voc\u00ea promove a biodiversidade local e reduz o desperd\u00edcio de recursos naturais preciosos. Ter essa erva por perto \u00e9 um compromisso com a <strong>sustentabilidade ambiental e com a sa\u00fade integral<\/strong> pessoal.<\/p>\n\n\n\n<figure class=\"wp-block-image size-full\"><img decoding=\"async\" width=\"1280\" height=\"720\" src=\"https:\/\/www.correiobraziliense.com.br\/cbradar\/wp-content\/uploads\/2026\/03\/Gemini_Generated_Image_r6ofaxr6ofaxr6of-1-1.png\" alt=\"Pouca gente sabe, mas a beldroega considerada mato \u00e9 rica em \u00f4mega-3 e cresce facilmente em quintais\" class=\"wp-image-208953\" srcset=\"https:\/\/www.correiobraziliense.com.br\/cbradar\/wp-content\/uploads\/2026\/03\/Gemini_Generated_Image_r6ofaxr6ofaxr6of-1-1.png 1280w, https:\/\/www.correiobraziliense.com.br\/cbradar\/wp-content\/uploads\/2026\/03\/Gemini_Generated_Image_r6ofaxr6ofaxr6of-1-1-300x169.png 300w, https:\/\/www.correiobraziliense.com.br\/cbradar\/wp-content\/uploads\/2026\/03\/Gemini_Generated_Image_r6ofaxr6ofaxr6of-1-1-768x432.png 768w, https:\/\/www.correiobraziliense.com.br\/cbradar\/wp-content\/uploads\/2026\/03\/Gemini_Generated_Image_r6ofaxr6ofaxr6of-1-1-750x422.png 750w, https:\/\/www.correiobraziliense.com.br\/cbradar\/wp-content\/uploads\/2026\/03\/Gemini_Generated_Image_r6ofaxr6ofaxr6of-1-1-1140x641.png 1140w\" sizes=\"(max-width: 1280px) 100vw, 1280px\" \/><figcaption class=\"wp-element-caption\">A beldroega cresce em muitos jardins mas poucos conhecem o valor nutricional surpreendente dessa planta<\/figcaption><\/figure>\n\n\n\n<h2 class=\"wp-block-heading\">Como a ci\u00eancia moderna valida as propriedades terap\u00eauticas desta suculenta milenar?<\/h2>\n\n\n\n<p>Pesquisadores de diversas institui\u00e7\u00f5es ao redor do mundo comprovam que os polifen\u00f3is da beldroega ajudam a modular as respostas glic\u00eamicas e inflamat\u00f3rias no corpo. Esses estudos laboratoriais refor\u00e7am o papel da planta na preven\u00e7\u00e3o de doen\u00e7as metab\u00f3licas cr\u00f4nicas em popula\u00e7\u00f5es com dietas desequilibradas. O conhecimento cient\u00edfico transforma o que era considerado mato em uma ferramenta terap\u00eautica de alto valor biol\u00f3gico.<\/p>\n\n\n\n<p>A an\u00e1lise bioqu\u00edmica das folhas revela que a presen\u00e7a de pot\u00e1ssio e magn\u00e9sio auxilia na recupera\u00e7\u00e3o muscular e no equil\u00edbrio dos eletr\u00f3litos essenciais. Para verificar os dados oficiais sobre o perfil nutritivo e a seguran\u00e7a alimentar desta esp\u00e9cie, consulte as informa\u00e7\u00f5es detalhadas no portal da <strong><a target=\"_blank\" rel=\"noreferrer noopener\" href=\"https:\/\/www.fao.org\/nutrition\/en\/\">Food and Agriculture Organization<\/a><\/strong>. O acesso a dados de autoridade garante que sua alimenta\u00e7\u00e3o seja baseada em fatos seguros.<\/p>\n","protected":false},"excerpt":{"rendered":"<p>A beldroega \u00e9 uma planta rasteira frequentemente ignorada nos jardins brasileiros por ser confundida com ervas daninhas indesejadas e comuns. Entretanto, essa esp\u00e9cie resiliente esconde um perfil nutricional extraordin\u00e1rio, sendo uma das maiores fontes vegetais de \u00f4mega-3 conhecidas hoje. Entender como utilizar essa joia bot\u00e2nica melhora a sa\u00fade de forma acess\u00edvel. Como essa planta silvestre [&hellip;]<\/p>\n","protected":false},"author":21,"featured_media":208952,"comment_status":"open","ping_status":"open","sticky":false,"template":"","format":"standard","meta":{"_yoast_wpseo_focuskw":"beldroega benef\u00edcios nutricionais planta","_yoast_wpseo_title":"","_yoast_wpseo_metadesc":"Uma planta comum nos quintais costuma ser ignorada por muitos, mas seu perfil nutricional chama aten\u00e7\u00e3o de especialistas.","jnews-multi-image_gallery":[],"jnews_single_post":{"format":"standard"},"jnews_primary_category":[],"jnews_social_meta":[],"jnews_override_counter":[],"footnotes":""},"categories":[136],"tags":[14016,16164,10131,16165],"class_list":["post-208949","post","type-post","status-publish","format-standard","has-post-thumbnail","hentry","category-jardinagem","tag-beldroega","tag-mato","tag-omega-3-3","tag-quintais"],"yoast_head":"<!-- This site is optimized with the Yoast SEO plugin v24.6 - https:\/\/yoast.com\/wordpress\/plugins\/seo\/ -->\n<title>Pouca gente sabe, mas a beldroega considerada mato \u00e9 rica em \u00f4mega-3 e cresce facilmente em quintais - Correio Braziliense - Radar<\/title>\n<meta name=\"description\" content=\"Uma planta comum nos quintais costuma ser ignorada por muitos, mas seu perfil nutricional chama aten\u00e7\u00e3o de especialistas.\" \/>\n<meta name=\"robots\" content=\"index, follow, max-snippet:-1, max-image-preview:large, max-video-preview:-1\" \/>\n<link rel=\"canonical\" href=\"https:\/\/www.correiobraziliense.com.br\/cbradar\/pouca-gente-sabe-mas-a-beldroega-considerada-mato-e-rica-em-omega-3-e-cresce-facilmente-em-quintais\/\" \/>\n<meta property=\"og:locale\" content=\"pt_BR\" \/>\n<meta property=\"og:type\" content=\"article\" \/>\n<meta property=\"og:title\" content=\"Pouca gente sabe, mas a beldroega considerada mato \u00e9 rica em \u00f4mega-3 e cresce facilmente em quintais - Correio Braziliense - Radar\" \/>\n<meta property=\"og:description\" content=\"Uma planta comum nos quintais costuma ser ignorada por muitos, mas seu perfil nutricional chama aten\u00e7\u00e3o de especialistas.\" \/>\n<meta property=\"og:url\" content=\"https:\/\/www.correiobraziliense.com.br\/cbradar\/pouca-gente-sabe-mas-a-beldroega-considerada-mato-e-rica-em-omega-3-e-cresce-facilmente-em-quintais\/\" \/>\n<meta property=\"og:site_name\" content=\"Correio Braziliense - Radar\" \/>\n<meta property=\"article:published_time\" content=\"2026-03-17T14:35:00+00:00\" \/>\n<meta property=\"og:image\" content=\"https:\/\/www.correiobraziliense.com.br\/cbradar\/wp-content\/uploads\/2026\/03\/Gemini_Generated_Image_ob7bv8ob7bv8ob7b-1-1-1.png\" \/>\n\t<meta property=\"og:image:width\" content=\"1280\" \/>\n\t<meta property=\"og:image:height\" content=\"720\" \/>\n\t<meta property=\"og:image:type\" content=\"image\/png\" \/>\n<meta name=\"author\" content=\"Patrick Silva\" \/>\n<meta name=\"twitter:card\" content=\"summary_large_image\" \/>\n<meta name=\"twitter:label1\" content=\"Escrito por\" \/>\n\t<meta name=\"twitter:data1\" content=\"Patrick Silva\" \/>\n\t<meta name=\"twitter:label2\" content=\"Est. tempo de leitura\" \/>\n\t<meta name=\"twitter:data2\" content=\"5 minutos\" \/>\n<!-- \/ Yoast SEO plugin. -->","yoast_head_json":{"title":"Pouca gente sabe, mas a beldroega considerada mato \u00e9 rica em \u00f4mega-3 e cresce facilmente em quintais - Correio Braziliense - Radar","description":"Uma planta comum nos quintais costuma ser ignorada por muitos, mas seu perfil nutricional chama aten\u00e7\u00e3o de especialistas.","robots":{"index":"index","follow":"follow","max-snippet":"max-snippet:-1","max-image-preview":"max-image-preview:large","max-video-preview":"max-video-preview:-1"},"canonical":"https:\/\/www.correiobraziliense.com.br\/cbradar\/pouca-gente-sabe-mas-a-beldroega-considerada-mato-e-rica-em-omega-3-e-cresce-facilmente-em-quintais\/","og_locale":"pt_BR","og_type":"article","og_title":"Pouca gente sabe, mas a beldroega considerada mato \u00e9 rica em \u00f4mega-3 e cresce facilmente em quintais - Correio Braziliense - Radar","og_description":"Uma planta comum nos quintais costuma ser ignorada por muitos, mas seu perfil nutricional chama aten\u00e7\u00e3o de especialistas.","og_url":"https:\/\/www.correiobraziliense.com.br\/cbradar\/pouca-gente-sabe-mas-a-beldroega-considerada-mato-e-rica-em-omega-3-e-cresce-facilmente-em-quintais\/","og_site_name":"Correio Braziliense - Radar","article_published_time":"2026-03-17T14:35:00+00:00","og_image":[{"width":1280,"height":720,"url":"https:\/\/www.correiobraziliense.com.br\/cbradar\/wp-content\/uploads\/2026\/03\/Gemini_Generated_Image_ob7bv8ob7bv8ob7b-1-1-1.png","type":"image\/png"}],"author":"Patrick Silva","twitter_card":"summary_large_image","twitter_misc":{"Escrito por":"Patrick Silva","Est. tempo de leitura":"5 minutos"},"schema":{"@context":"https:\/\/schema.org","@graph":[{"@type":"WebPage","@id":"https:\/\/www.correiobraziliense.com.br\/cbradar\/pouca-gente-sabe-mas-a-beldroega-considerada-mato-e-rica-em-omega-3-e-cresce-facilmente-em-quintais\/","url":"https:\/\/www.correiobraziliense.com.br\/cbradar\/pouca-gente-sabe-mas-a-beldroega-considerada-mato-e-rica-em-omega-3-e-cresce-facilmente-em-quintais\/","name":"Pouca gente sabe, mas a beldroega considerada mato \u00e9 rica em \u00f4mega-3 e cresce facilmente em quintais - Correio Braziliense - Radar","isPartOf":{"@id":"https:\/\/www.correiobraziliense.com.br\/cbradar\/#website"},"primaryImageOfPage":{"@id":"https:\/\/www.correiobraziliense.com.br\/cbradar\/pouca-gente-sabe-mas-a-beldroega-considerada-mato-e-rica-em-omega-3-e-cresce-facilmente-em-quintais\/#primaryimage"},"image":{"@id":"https:\/\/www.correiobraziliense.com.br\/cbradar\/pouca-gente-sabe-mas-a-beldroega-considerada-mato-e-rica-em-omega-3-e-cresce-facilmente-em-quintais\/#primaryimage"},"thumbnailUrl":"https:\/\/www.correiobraziliense.com.br\/cbradar\/wp-content\/uploads\/2026\/03\/Gemini_Generated_Image_ob7bv8ob7bv8ob7b-1-1-1.png","datePublished":"2026-03-17T14:35:00+00:00","author":{"@id":"https:\/\/www.correiobraziliense.com.br\/cbradar\/#\/schema\/person\/5440b72be9c7eb74f446c846479dc4da"},"description":"Uma planta comum nos quintais costuma ser ignorada por muitos, mas seu perfil nutricional chama aten\u00e7\u00e3o de especialistas.","breadcrumb":{"@id":"https:\/\/www.correiobraziliense.com.br\/cbradar\/pouca-gente-sabe-mas-a-beldroega-considerada-mato-e-rica-em-omega-3-e-cresce-facilmente-em-quintais\/#breadcrumb"},"inLanguage":"pt-BR","potentialAction":[{"@type":"ReadAction","target":["https:\/\/www.correiobraziliense.com.br\/cbradar\/pouca-gente-sabe-mas-a-beldroega-considerada-mato-e-rica-em-omega-3-e-cresce-facilmente-em-quintais\/"]}]},{"@type":"ImageObject","inLanguage":"pt-BR","@id":"https:\/\/www.correiobraziliense.com.br\/cbradar\/pouca-gente-sabe-mas-a-beldroega-considerada-mato-e-rica-em-omega-3-e-cresce-facilmente-em-quintais\/#primaryimage","url":"https:\/\/www.correiobraziliense.com.br\/cbradar\/wp-content\/uploads\/2026\/03\/Gemini_Generated_Image_ob7bv8ob7bv8ob7b-1-1-1.png","contentUrl":"https:\/\/www.correiobraziliense.com.br\/cbradar\/wp-content\/uploads\/2026\/03\/Gemini_Generated_Image_ob7bv8ob7bv8ob7b-1-1-1.png","width":1280,"height":720,"caption":"A beldroega cresce em muitos jardins mas poucos conhecem o valor nutricional surpreendente dessa planta"},{"@type":"BreadcrumbList","@id":"https:\/\/www.correiobraziliense.com.br\/cbradar\/pouca-gente-sabe-mas-a-beldroega-considerada-mato-e-rica-em-omega-3-e-cresce-facilmente-em-quintais\/#breadcrumb","itemListElement":[{"@type":"ListItem","position":1,"name":"In\u00edcio","item":"https:\/\/www.correiobraziliense.com.br\/cbradar\/"},{"@type":"ListItem","position":2,"name":"Pouca gente sabe, mas a beldroega considerada mato \u00e9 rica em \u00f4mega-3 e cresce facilmente em quintais"}]},{"@type":"WebSite","@id":"https:\/\/www.correiobraziliense.com.br\/cbradar\/#website","url":"https:\/\/www.correiobraziliense.com.br\/cbradar\/","name":"Correio Braziliense - Radar","description":"Acompanhe as \u00faltimas not\u00edcias e fique bem informado sobre tudo o que acontece no Brasil e no mundo.","potentialAction":[{"@type":"SearchAction","target":{"@type":"EntryPoint","urlTemplate":"https:\/\/www.correiobraziliense.com.br\/cbradar\/?s={search_term_string}"},"query-input":{"@type":"PropertyValueSpecification","valueRequired":true,"valueName":"search_term_string"}}],"inLanguage":"pt-BR"},{"@type":"Person","@id":"https:\/\/www.correiobraziliense.com.br\/cbradar\/#\/schema\/person\/5440b72be9c7eb74f446c846479dc4da","name":"Patrick Silva","image":{"@type":"ImageObject","inLanguage":"pt-BR","@id":"https:\/\/www.correiobraziliense.com.br\/cbradar\/#\/schema\/person\/image\/","url":"https:\/\/secure.gravatar.com\/avatar\/944109df296fc087785c9715fd5f80b2?s=96&d=mm&r=g","contentUrl":"https:\/\/secure.gravatar.com\/avatar\/944109df296fc087785c9715fd5f80b2?s=96&d=mm&r=g","caption":"Patrick Silva"},"sameAs":["https:\/\/www.correiobraziliense.com.br\/cbradar\/"],"url":"https:\/\/www.correiobraziliense.com.br\/cbradar\/author\/patrick-silva\/"}]}},"_links":{"self":[{"href":"https:\/\/www.correiobraziliense.com.br\/cbradar\/wp-json\/wp\/v2\/posts\/208949","targetHints":{"allow":["GET"]}}],"collection":[{"href":"https:\/\/www.correiobraziliense.com.br\/cbradar\/wp-json\/wp\/v2\/posts"}],"about":[{"href":"https:\/\/www.correiobraziliense.com.br\/cbradar\/wp-json\/wp\/v2\/types\/post"}],"author":[{"embeddable":true,"href":"https:\/\/www.correiobraziliense.com.br\/cbradar\/wp-json\/wp\/v2\/users\/21"}],"replies":[{"embeddable":true,"href":"https:\/\/www.correiobraziliense.com.br\/cbradar\/wp-json\/wp\/v2\/comments?post=208949"}],"version-history":[{"count":5,"href":"https:\/\/www.correiobraziliense.com.br\/cbradar\/wp-json\/wp\/v2\/posts\/208949\/revisions"}],"predecessor-version":[{"id":208957,"href":"https:\/\/www.correiobraziliense.com.br\/cbradar\/wp-json\/wp\/v2\/posts\/208949\/revisions\/208957"}],"wp:featuredmedia":[{"embeddable":true,"href":"https:\/\/www.correiobraziliense.com.br\/cbradar\/wp-json\/wp\/v2\/media\/208952"}],"wp:attachment":[{"href":"https:\/\/www.correiobraziliense.com.br\/cbradar\/wp-json\/wp\/v2\/media?parent=208949"}],"wp:term":[{"taxonomy":"category","embeddable":true,"href":"https:\/\/www.correiobraziliense.com.br\/cbradar\/wp-json\/wp\/v2\/categories?post=208949"},{"taxonomy":"post_tag","embeddable":true,"href":"https:\/\/www.correiobraziliense.com.br\/cbradar\/wp-json\/wp\/v2\/tags?post=208949"}],"curies":[{"name":"wp","href":"https:\/\/api.w.org\/{rel}","templated":true}]}}