{"id":208966,"date":"2026-03-17T16:15:00","date_gmt":"2026-03-17T19:15:00","guid":{"rendered":"https:\/\/www.correiobraziliense.com.br\/cbradar\/?p=208966"},"modified":"2026-03-15T07:27:02","modified_gmt":"2026-03-15T10:27:02","slug":"pouca-gente-sabe-mas-a-serralha-que-aparece-no-jardim-e-comestivel-e-rica-em-vitaminas","status":"publish","type":"post","link":"https:\/\/www.correiobraziliense.com.br\/cbradar\/pouca-gente-sabe-mas-a-serralha-que-aparece-no-jardim-e-comestivel-e-rica-em-vitaminas\/","title":{"rendered":"Pouca gente sabe, mas a serralha que aparece no jardim \u00e9 comest\u00edvel e rica em vitaminas"},"content":{"rendered":"\n<p>A serralha \u00e9 frequentemente confundida com ervas daninhas comuns, mas essa planta espont\u00e2nea esconde um perfil nutricional surpreendente e valioso. Rica em ferro e vitaminas vitais, ela oferece benef\u00edcios terap\u00eauticos que auxiliam na digest\u00e3o e no fortalecimento imunol\u00f3gico. Integrar esse recurso natural na culin\u00e1ria di\u00e1ria \u00e9 uma estrat\u00e9gia inteligente.<\/p>\n\n\n\n<h2 class=\"wp-block-heading\">Quais nutrientes tornam essa planta espont\u00e2nea um superalimento?<\/h2>\n\n\n\n<p>A serralha destaca-se pela alta concentra\u00e7\u00e3o de vitamina A e complexo B, elementos fundamentais para a sa\u00fade ocular e o metabolismo energ\u00e9tico. O consumo regular das folhas frescas auxilia na manuten\u00e7\u00e3o da integridade celular e previne defici\u00eancias nutricionais comuns em dietas restritivas. Incorporar vegetais silvestres garante um aporte diversificado de minerais essenciais para o bom funcionamento org\u00e2nico.<\/p>\n\n\n\n<p>Al\u00e9m das <a href=\"https:\/\/www.correiobraziliense.com.br\/cbradar\/esse-tempero-comum-da-cozinha-pode-trazer-vitaminas-e-antioxidantes-mesmo-usado-em-pequenas-porcoes\/\" target=\"_blank\" rel=\"noreferrer noopener\">vitaminas <\/a>mencionadas, essa erva comest\u00edvel \u00e9 uma fonte excepcional de ferro e c\u00e1lcio, minerais cruciais para a sa\u00fade \u00f3ssea e o transporte de oxig\u00eanio. O aproveitamento integral da planta em refogados ou sucos verdes potencializa a absor\u00e7\u00e3o desses nutrientes de forma org\u00e2nica. Valorizar esp\u00e9cies nativas em nossos jardins promove uma alimenta\u00e7\u00e3o mais sustent\u00e1vel e equilibrada.<\/p>\n\n\n\n<p>A serralha \u00e9 uma das plantas consideradas <strong>PANCs (Plantas Aliment\u00edcias N\u00e3o Convencionais)<\/strong> e tamb\u00e9m \u00e9 conhecida pelo uso tradicional em prepara\u00e7\u00f5es medicinais. Conhecer seus tipos e formas de uso amplia as possibilidades na alimenta\u00e7\u00e3o e no cultivo. No conte\u00fado do <strong>Mundo Agro<\/strong>, com 142 mil inscritos, voc\u00ea aprende mais:<\/p>\n\n\n\n<figure class=\"wp-block-embed is-type-video is-provider-youtube wp-block-embed-youtube wp-embed-aspect-16-9 wp-has-aspect-ratio\"><div class=\"wp-block-embed__wrapper\">\n<div class=\"jeg_video_container jeg_video_content\"><iframe loading=\"lazy\" title=\"Tipos de SERRALHA, benef\u00edcios e como usar | Serralha \u00e9 PANC e Medicinal\" width=\"500\" height=\"281\" src=\"https:\/\/www.youtube.com\/embed\/ELzfpeyv-JA?feature=oembed\" frameborder=\"0\" allow=\"accelerometer; autoplay; clipboard-write; encrypted-media; gyroscope; picture-in-picture; web-share\" referrerpolicy=\"strict-origin-when-cross-origin\" allowfullscreen><\/iframe><\/div>\n<\/div><\/figure>\n\n\n\n<h2 class=\"wp-block-heading\">Como identificar a esp\u00e9cie correta para consumo seguro?<\/h2>\n\n\n\n<p>A identifica\u00e7\u00e3o precisa \u00e9 o primeiro passo para garantir uma experi\u00eancia gastron\u00f4mica segura e proveitosa com as plantas aliment\u00edcias n\u00e3o convencionais. A <strong>Serralha<\/strong> possui folhas denteadas e flores amarelas que lembram pequenos dentes-de-le\u00e3o, mas seu caule oco solta um l\u00e1tex branco quando cortado. Observar essas caracter\u00edsticas morfol\u00f3gicas detalhadamente evita confus\u00f5es perigosas com outras esp\u00e9cies vegetais t\u00f3xicas.<\/p>\n\n\n\n<p>Outro detalhe importante para o reconhecimento visual envolve a textura das folhas, que s\u00e3o geralmente macias e possuem um verde levemente acinzentado. O h\u00e1bito de crescimento vertical tamb\u00e9m diferencia essa planta de rasteiras semelhantes que habitam o mesmo ambiente urbano ou rural. Conhecer a bot\u00e2nica local transforma o quintal em uma despensa natural repleta de possibilidades culin\u00e1rias.<\/p>\n\n\n\n<h2 class=\"wp-block-heading\">De que maneira preparar as folhas preserva as propriedades?<\/h2>\n\n\n\n<p>O preparo adequado da serralha exige rapidez para evitar a perda de nutrientes sens\u00edveis ao calor excessivo durante o cozimento. Refogar levemente as folhas com alho e azeite preserva o sabor suavemente amargo que estimula a produ\u00e7\u00e3o de enzimas digestivas no est\u00f4mago. Manter o frescor do vegetal \u00e9 o segredo para extrair o m\u00e1ximo de <strong>benef\u00edcios medicinais<\/strong>.<\/p>\n\n\n\n<p>Para garantir que sua colheita seja segura e resulte em uma refei\u00e7\u00e3o nutritiva para toda a sua fam\u00edlia, considere os seguintes pontos essenciais:<\/p>\n\n\n\n<figure class=\"wp-block-image size-large\"><img decoding=\"async\" width=\"1182\" height=\"720\" src=\"https:\/\/www.correiobraziliense.com.br\/cbradar\/wp-content\/uploads\/2026\/03\/convertido-60-1182x720.jpg\" alt=\"\" class=\"wp-image-208968\" srcset=\"https:\/\/www.correiobraziliense.com.br\/cbradar\/wp-content\/uploads\/2026\/03\/convertido-60-1182x720.jpg 1182w, https:\/\/www.correiobraziliense.com.br\/cbradar\/wp-content\/uploads\/2026\/03\/convertido-60-300x183.jpg 300w, https:\/\/www.correiobraziliense.com.br\/cbradar\/wp-content\/uploads\/2026\/03\/convertido-60-768x468.jpg 768w, https:\/\/www.correiobraziliense.com.br\/cbradar\/wp-content\/uploads\/2026\/03\/convertido-60-750x457.jpg 750w, https:\/\/www.correiobraziliense.com.br\/cbradar\/wp-content\/uploads\/2026\/03\/convertido-60-1140x695.jpg 1140w, https:\/\/www.correiobraziliense.com.br\/cbradar\/wp-content\/uploads\/2026\/03\/convertido-60.jpg 1280w\" sizes=\"(max-width: 1182px) 100vw, 1182px\" \/><\/figure>\n\n\n\n<h2 class=\"wp-block-heading\">Quais s\u00e3o as aplica\u00e7\u00f5es terap\u00eauticas tradicionais dessa erva?<\/h2>\n\n\n\n<p>Historicamente, a <strong>Serralha<\/strong> tem sido utilizada pela medicina popular como um agente depurativo eficaz para limpar o sangue de impurezas. Suas propriedades diur\u00e9ticas auxiliam na elimina\u00e7\u00e3o de l\u00edquidos retidos, reduzindo o incha\u00e7o e melhorando a fun\u00e7\u00e3o renal de maneira suave. O uso consciente dessas tradi\u00e7\u00f5es ancestrais complementa o cuidado moderno com a sa\u00fade e o bem-estar f\u00edsico.<\/p>\n\n\n\n<p>O suco extra\u00eddo do caule \u00e9 frequentemente aplicado em tratamentos t\u00f3picos simples para acalmar irrita\u00e7\u00f5es cut\u00e2neas leves ou picadas de insetos. Essa versatilidade torna a planta uma aliada valiosa para quem busca solu\u00e7\u00f5es naturais e acess\u00edveis dentro da pr\u00f3pria resid\u00eancia. Resgatar esses conhecimentos promove uma conex\u00e3o mais profunda com os recursos biol\u00f3gicos dispon\u00edveis gratuitamente na nossa biodiversidade.<\/p>\n\n\n\n<figure class=\"wp-block-image size-full\"><img decoding=\"async\" width=\"1280\" height=\"720\" src=\"https:\/\/www.correiobraziliense.com.br\/cbradar\/wp-content\/uploads\/2026\/03\/Gemini_Generated_Image_wzqtxfwzqtxfwzqt-1-1.png\" alt=\"Pouca gente sabe, mas a serralha que aparece no jardim \u00e9 comest\u00edvel e rica em vitaminas\" class=\"wp-image-208969\" srcset=\"https:\/\/www.correiobraziliense.com.br\/cbradar\/wp-content\/uploads\/2026\/03\/Gemini_Generated_Image_wzqtxfwzqtxfwzqt-1-1.png 1280w, https:\/\/www.correiobraziliense.com.br\/cbradar\/wp-content\/uploads\/2026\/03\/Gemini_Generated_Image_wzqtxfwzqtxfwzqt-1-1-300x169.png 300w, https:\/\/www.correiobraziliense.com.br\/cbradar\/wp-content\/uploads\/2026\/03\/Gemini_Generated_Image_wzqtxfwzqtxfwzqt-1-1-768x432.png 768w, https:\/\/www.correiobraziliense.com.br\/cbradar\/wp-content\/uploads\/2026\/03\/Gemini_Generated_Image_wzqtxfwzqtxfwzqt-1-1-750x422.png 750w, https:\/\/www.correiobraziliense.com.br\/cbradar\/wp-content\/uploads\/2026\/03\/Gemini_Generated_Image_wzqtxfwzqtxfwzqt-1-1-1140x641.png 1140w\" sizes=\"(max-width: 1280px) 100vw, 1280px\" \/><figcaption class=\"wp-element-caption\">A serralha cresce em muitos quintais mas poucos conhecem o valor nutricional presente nessa planta comum<\/figcaption><\/figure>\n\n\n\n<h2 class=\"wp-block-heading\">Por que a ci\u00eancia recomenda incluir plantas silvestres na dieta?<\/h2>\n\n\n\n<p>Estudos contempor\u00e2neos demonstram que vegetais espont\u00e2neos possuem densidade nutricional superior a muitas esp\u00e9cies cultivadas comercialmente em larga escala. A resili\u00eancia dessas plantas ao ambiente hostil resulta na produ\u00e7\u00e3o de compostos bioativos potentes que fortalecem o sistema imunit\u00e1rio humano de forma \u00fanica. Priorizar a biodiversidade alimentar contribui para a <strong>seguran\u00e7a nutricional<\/strong> e a preserva\u00e7\u00e3o dos ecossistemas locais urbanos.<\/p>\n\n\n\n<p>O portal oficial da <strong>World Health Organization<\/strong> destaca a import\u00e2ncia de diversificar as fontes vegetais para combater a desnutri\u00e7\u00e3o e as doen\u00e7as cr\u00f4nicas globais. Para entender melhor os benef\u00edcios da inclus\u00e3o dessas plantas na alimenta\u00e7\u00e3o di\u00e1ria, acesse o guia detalhado neste <a target=\"_blank\" rel=\"noreferrer noopener\" href=\"https:\/\/www.who.int\/news-room\/fact-sheets\/detail\/healthy-diet\">link direto para a autoridade<\/a>. Informa\u00e7\u00e3o de qualidade \u00e9 a base para uma vida saud\u00e1vel.<\/p>\n","protected":false},"excerpt":{"rendered":"<p>A serralha \u00e9 frequentemente confundida com ervas daninhas comuns, mas essa planta espont\u00e2nea esconde um perfil nutricional surpreendente e valioso. Rica em ferro e vitaminas vitais, ela oferece benef\u00edcios terap\u00eauticos que auxiliam na digest\u00e3o e no fortalecimento imunol\u00f3gico. Integrar esse recurso natural na culin\u00e1ria di\u00e1ria \u00e9 uma estrat\u00e9gia inteligente. Quais nutrientes tornam essa planta espont\u00e2nea [&hellip;]<\/p>\n","protected":false},"author":21,"featured_media":208971,"comment_status":"open","ping_status":"open","sticky":false,"template":"","format":"standard","meta":{"_yoast_wpseo_focuskw":"serralha benef\u00edcios nutricionais da planta","_yoast_wpseo_title":"","_yoast_wpseo_metadesc":"Uma erva simples que cresce espontaneamente em muitos lugares pode esconder um valor nutricional que pouca gente imagina.","jnews-multi-image_gallery":[],"jnews_single_post":{"format":"standard"},"jnews_primary_category":[],"jnews_social_meta":[],"jnews_override_counter":[],"footnotes":""},"categories":[136],"tags":[733,1432,16166,5485],"class_list":["post-208966","post","type-post","status-publish","format-standard","has-post-thumbnail","hentry","category-jardinagem","tag-jardim","tag-nutrientes","tag-serralha","tag-vitaminas"],"yoast_head":"<!-- This site is optimized with the Yoast SEO plugin v24.6 - https:\/\/yoast.com\/wordpress\/plugins\/seo\/ -->\n<title>Pouca gente sabe, mas a serralha que aparece no jardim \u00e9 comest\u00edvel e rica em vitaminas - Correio Braziliense - Radar<\/title>\n<meta name=\"description\" content=\"Uma erva simples que cresce espontaneamente em muitos lugares pode esconder um valor nutricional que pouca gente imagina.\" \/>\n<meta name=\"robots\" content=\"index, follow, max-snippet:-1, max-image-preview:large, max-video-preview:-1\" \/>\n<link rel=\"canonical\" href=\"https:\/\/www.correiobraziliense.com.br\/cbradar\/pouca-gente-sabe-mas-a-serralha-que-aparece-no-jardim-e-comestivel-e-rica-em-vitaminas\/\" \/>\n<meta property=\"og:locale\" content=\"pt_BR\" \/>\n<meta property=\"og:type\" content=\"article\" \/>\n<meta property=\"og:title\" content=\"Pouca gente sabe, mas a serralha que aparece no jardim \u00e9 comest\u00edvel e rica em vitaminas - Correio Braziliense - Radar\" \/>\n<meta property=\"og:description\" content=\"Uma erva simples que cresce espontaneamente em muitos lugares pode esconder um valor nutricional que pouca gente imagina.\" \/>\n<meta property=\"og:url\" content=\"https:\/\/www.correiobraziliense.com.br\/cbradar\/pouca-gente-sabe-mas-a-serralha-que-aparece-no-jardim-e-comestivel-e-rica-em-vitaminas\/\" \/>\n<meta property=\"og:site_name\" content=\"Correio Braziliense - Radar\" \/>\n<meta property=\"article:published_time\" content=\"2026-03-17T19:15:00+00:00\" \/>\n<meta property=\"og:image\" content=\"https:\/\/www.correiobraziliense.com.br\/cbradar\/wp-content\/uploads\/2026\/03\/Gemini_Generated_Image_5268pu5268pu5268-1-1.png\" \/>\n\t<meta property=\"og:image:width\" content=\"1280\" \/>\n\t<meta property=\"og:image:height\" content=\"720\" \/>\n\t<meta property=\"og:image:type\" content=\"image\/png\" \/>\n<meta name=\"author\" content=\"Patrick Silva\" \/>\n<meta name=\"twitter:card\" content=\"summary_large_image\" \/>\n<meta name=\"twitter:label1\" content=\"Escrito por\" \/>\n\t<meta name=\"twitter:data1\" content=\"Patrick Silva\" \/>\n\t<meta name=\"twitter:label2\" content=\"Est. tempo de leitura\" \/>\n\t<meta name=\"twitter:data2\" content=\"5 minutos\" \/>\n<!-- \/ Yoast SEO plugin. -->","yoast_head_json":{"title":"Pouca gente sabe, mas a serralha que aparece no jardim \u00e9 comest\u00edvel e rica em vitaminas - Correio Braziliense - Radar","description":"Uma erva simples que cresce espontaneamente em muitos lugares pode esconder um valor nutricional que pouca gente imagina.","robots":{"index":"index","follow":"follow","max-snippet":"max-snippet:-1","max-image-preview":"max-image-preview:large","max-video-preview":"max-video-preview:-1"},"canonical":"https:\/\/www.correiobraziliense.com.br\/cbradar\/pouca-gente-sabe-mas-a-serralha-que-aparece-no-jardim-e-comestivel-e-rica-em-vitaminas\/","og_locale":"pt_BR","og_type":"article","og_title":"Pouca gente sabe, mas a serralha que aparece no jardim \u00e9 comest\u00edvel e rica em vitaminas - Correio Braziliense - Radar","og_description":"Uma erva simples que cresce espontaneamente em muitos lugares pode esconder um valor nutricional que pouca gente imagina.","og_url":"https:\/\/www.correiobraziliense.com.br\/cbradar\/pouca-gente-sabe-mas-a-serralha-que-aparece-no-jardim-e-comestivel-e-rica-em-vitaminas\/","og_site_name":"Correio Braziliense - Radar","article_published_time":"2026-03-17T19:15:00+00:00","og_image":[{"width":1280,"height":720,"url":"https:\/\/www.correiobraziliense.com.br\/cbradar\/wp-content\/uploads\/2026\/03\/Gemini_Generated_Image_5268pu5268pu5268-1-1.png","type":"image\/png"}],"author":"Patrick Silva","twitter_card":"summary_large_image","twitter_misc":{"Escrito por":"Patrick Silva","Est. tempo de leitura":"5 minutos"},"schema":{"@context":"https:\/\/schema.org","@graph":[{"@type":"WebPage","@id":"https:\/\/www.correiobraziliense.com.br\/cbradar\/pouca-gente-sabe-mas-a-serralha-que-aparece-no-jardim-e-comestivel-e-rica-em-vitaminas\/","url":"https:\/\/www.correiobraziliense.com.br\/cbradar\/pouca-gente-sabe-mas-a-serralha-que-aparece-no-jardim-e-comestivel-e-rica-em-vitaminas\/","name":"Pouca gente sabe, mas a serralha que aparece no jardim \u00e9 comest\u00edvel e rica em vitaminas - Correio Braziliense - Radar","isPartOf":{"@id":"https:\/\/www.correiobraziliense.com.br\/cbradar\/#website"},"primaryImageOfPage":{"@id":"https:\/\/www.correiobraziliense.com.br\/cbradar\/pouca-gente-sabe-mas-a-serralha-que-aparece-no-jardim-e-comestivel-e-rica-em-vitaminas\/#primaryimage"},"image":{"@id":"https:\/\/www.correiobraziliense.com.br\/cbradar\/pouca-gente-sabe-mas-a-serralha-que-aparece-no-jardim-e-comestivel-e-rica-em-vitaminas\/#primaryimage"},"thumbnailUrl":"https:\/\/www.correiobraziliense.com.br\/cbradar\/wp-content\/uploads\/2026\/03\/Gemini_Generated_Image_5268pu5268pu5268-1-1.png","datePublished":"2026-03-17T19:15:00+00:00","author":{"@id":"https:\/\/www.correiobraziliense.com.br\/cbradar\/#\/schema\/person\/5440b72be9c7eb74f446c846479dc4da"},"description":"Uma erva simples que cresce espontaneamente em muitos lugares pode esconder um valor nutricional que pouca gente imagina.","breadcrumb":{"@id":"https:\/\/www.correiobraziliense.com.br\/cbradar\/pouca-gente-sabe-mas-a-serralha-que-aparece-no-jardim-e-comestivel-e-rica-em-vitaminas\/#breadcrumb"},"inLanguage":"pt-BR","potentialAction":[{"@type":"ReadAction","target":["https:\/\/www.correiobraziliense.com.br\/cbradar\/pouca-gente-sabe-mas-a-serralha-que-aparece-no-jardim-e-comestivel-e-rica-em-vitaminas\/"]}]},{"@type":"ImageObject","inLanguage":"pt-BR","@id":"https:\/\/www.correiobraziliense.com.br\/cbradar\/pouca-gente-sabe-mas-a-serralha-que-aparece-no-jardim-e-comestivel-e-rica-em-vitaminas\/#primaryimage","url":"https:\/\/www.correiobraziliense.com.br\/cbradar\/wp-content\/uploads\/2026\/03\/Gemini_Generated_Image_5268pu5268pu5268-1-1.png","contentUrl":"https:\/\/www.correiobraziliense.com.br\/cbradar\/wp-content\/uploads\/2026\/03\/Gemini_Generated_Image_5268pu5268pu5268-1-1.png","width":1280,"height":720,"caption":"A serralha cresce em muitos quintais mas poucos conhecem o valor nutricional presente nessa planta comum"},{"@type":"BreadcrumbList","@id":"https:\/\/www.correiobraziliense.com.br\/cbradar\/pouca-gente-sabe-mas-a-serralha-que-aparece-no-jardim-e-comestivel-e-rica-em-vitaminas\/#breadcrumb","itemListElement":[{"@type":"ListItem","position":1,"name":"In\u00edcio","item":"https:\/\/www.correiobraziliense.com.br\/cbradar\/"},{"@type":"ListItem","position":2,"name":"Pouca gente sabe, mas a serralha que aparece no jardim \u00e9 comest\u00edvel e rica em vitaminas"}]},{"@type":"WebSite","@id":"https:\/\/www.correiobraziliense.com.br\/cbradar\/#website","url":"https:\/\/www.correiobraziliense.com.br\/cbradar\/","name":"Correio Braziliense - Radar","description":"Acompanhe as \u00faltimas not\u00edcias e fique bem informado sobre tudo o que acontece no Brasil e no mundo.","potentialAction":[{"@type":"SearchAction","target":{"@type":"EntryPoint","urlTemplate":"https:\/\/www.correiobraziliense.com.br\/cbradar\/?s={search_term_string}"},"query-input":{"@type":"PropertyValueSpecification","valueRequired":true,"valueName":"search_term_string"}}],"inLanguage":"pt-BR"},{"@type":"Person","@id":"https:\/\/www.correiobraziliense.com.br\/cbradar\/#\/schema\/person\/5440b72be9c7eb74f446c846479dc4da","name":"Patrick Silva","image":{"@type":"ImageObject","inLanguage":"pt-BR","@id":"https:\/\/www.correiobraziliense.com.br\/cbradar\/#\/schema\/person\/image\/","url":"https:\/\/secure.gravatar.com\/avatar\/944109df296fc087785c9715fd5f80b2?s=96&d=mm&r=g","contentUrl":"https:\/\/secure.gravatar.com\/avatar\/944109df296fc087785c9715fd5f80b2?s=96&d=mm&r=g","caption":"Patrick Silva"},"sameAs":["https:\/\/www.correiobraziliense.com.br\/cbradar\/"],"url":"https:\/\/www.correiobraziliense.com.br\/cbradar\/author\/patrick-silva\/"}]}},"_links":{"self":[{"href":"https:\/\/www.correiobraziliense.com.br\/cbradar\/wp-json\/wp\/v2\/posts\/208966","targetHints":{"allow":["GET"]}}],"collection":[{"href":"https:\/\/www.correiobraziliense.com.br\/cbradar\/wp-json\/wp\/v2\/posts"}],"about":[{"href":"https:\/\/www.correiobraziliense.com.br\/cbradar\/wp-json\/wp\/v2\/types\/post"}],"author":[{"embeddable":true,"href":"https:\/\/www.correiobraziliense.com.br\/cbradar\/wp-json\/wp\/v2\/users\/21"}],"replies":[{"embeddable":true,"href":"https:\/\/www.correiobraziliense.com.br\/cbradar\/wp-json\/wp\/v2\/comments?post=208966"}],"version-history":[{"count":2,"href":"https:\/\/www.correiobraziliense.com.br\/cbradar\/wp-json\/wp\/v2\/posts\/208966\/revisions"}],"predecessor-version":[{"id":208970,"href":"https:\/\/www.correiobraziliense.com.br\/cbradar\/wp-json\/wp\/v2\/posts\/208966\/revisions\/208970"}],"wp:featuredmedia":[{"embeddable":true,"href":"https:\/\/www.correiobraziliense.com.br\/cbradar\/wp-json\/wp\/v2\/media\/208971"}],"wp:attachment":[{"href":"https:\/\/www.correiobraziliense.com.br\/cbradar\/wp-json\/wp\/v2\/media?parent=208966"}],"wp:term":[{"taxonomy":"category","embeddable":true,"href":"https:\/\/www.correiobraziliense.com.br\/cbradar\/wp-json\/wp\/v2\/categories?post=208966"},{"taxonomy":"post_tag","embeddable":true,"href":"https:\/\/www.correiobraziliense.com.br\/cbradar\/wp-json\/wp\/v2\/tags?post=208966"}],"curies":[{"name":"wp","href":"https:\/\/api.w.org\/{rel}","templated":true}]}}