{"id":209038,"date":"2026-03-16T07:59:58","date_gmt":"2026-03-16T10:59:58","guid":{"rendered":"https:\/\/www.correiobraziliense.com.br\/cbradar\/?p=209038"},"modified":"2026-03-16T08:00:00","modified_gmt":"2026-03-16T11:00:00","slug":"a-psicologia-diz-que-quem-nao-se-importa-com-a-opiniao-dos-outros-nao-e-egoista-apenas-encontrou-paz-interior","status":"publish","type":"post","link":"https:\/\/www.correiobraziliense.com.br\/cbradar\/a-psicologia-diz-que-quem-nao-se-importa-com-a-opiniao-dos-outros-nao-e-egoista-apenas-encontrou-paz-interior\/","title":{"rendered":"A psicologia diz que quem n\u00e3o se importa com a opini\u00e3o dos outros n\u00e3o \u00e9 ego\u00edsta, apenas encontrou paz interior"},"content":{"rendered":"\n<p>Muitos acreditam que ignorar o julgamento alheio \u00e9 um ato de puro ego\u00edsmo, mas a psicologia contempor\u00e2nea sugere uma perspectiva muito mais profunda sobre o tema. Essa postura indica, na verdade, um estado avan\u00e7ado de maturidade emocional onde a valida\u00e7\u00e3o externa perde espa\u00e7o para a paz interior e a autoconfian\u00e7a plena.<\/p>\n\n\n\n<h2 class=\"wp-block-heading\">Por que a independ\u00eancia emocional \u00e9 frequentemente confundida com o egocentrismo?<\/h2>\n\n\n\n<p>A confus\u00e3o entre autonomia e ego\u00edsmo ocorre porque a sociedade moderna valoriza excessivamente a conformidade e a aprova\u00e7\u00e3o constante dos grupos sociais. Quando algu\u00e9m decide agir conforme seus pr\u00f3prios princ\u00edpios, rompe com expectativas externas, o que pode ser interpretado como falta de considera\u00e7\u00e3o pelos outros envolvidos na din\u00e2mica social.<\/p>\n\n\n\n<p>No entanto, a verdadeira independ\u00eancia emocional n\u00e3o ignora o pr\u00f3ximo, mas sim o poder que o julgamento alheio exerce sobre as decis\u00f5es individuais mais \u00edntimas. Encontrar esse equil\u00edbrio permite que o indiv\u00edduo cultive rela\u00e7\u00f5es muito mais aut\u00eanticas e sinceras, baseadas na verdade pessoal em vez de apar\u00eancias ou m\u00e1scaras sociais.<\/p>\n\n\n\n<figure class=\"wp-block-image size-full\"><img decoding=\"async\" width=\"1280\" height=\"720\" src=\"https:\/\/www.correiobraziliense.com.br\/cbradar\/wp-content\/uploads\/2026\/03\/Gemini_Generated_Image_my3sq8my3sq8my3s-1-1.png\" alt=\"A psicologia diz que quem n\u00e3o se importa com a opini\u00e3o dos outros n\u00e3o \u00e9 ego\u00edsta \u2014 apenas encontrou paz interior\" class=\"wp-image-209040\" srcset=\"https:\/\/www.correiobraziliense.com.br\/cbradar\/wp-content\/uploads\/2026\/03\/Gemini_Generated_Image_my3sq8my3sq8my3s-1-1.png 1280w, https:\/\/www.correiobraziliense.com.br\/cbradar\/wp-content\/uploads\/2026\/03\/Gemini_Generated_Image_my3sq8my3sq8my3s-1-1-300x169.png 300w, https:\/\/www.correiobraziliense.com.br\/cbradar\/wp-content\/uploads\/2026\/03\/Gemini_Generated_Image_my3sq8my3sq8my3s-1-1-768x432.png 768w, https:\/\/www.correiobraziliense.com.br\/cbradar\/wp-content\/uploads\/2026\/03\/Gemini_Generated_Image_my3sq8my3sq8my3s-1-1-750x422.png 750w, https:\/\/www.correiobraziliense.com.br\/cbradar\/wp-content\/uploads\/2026\/03\/Gemini_Generated_Image_my3sq8my3sq8my3s-1-1-1140x641.png 1140w\" sizes=\"(max-width: 1280px) 100vw, 1280px\" \/><figcaption class=\"wp-element-caption\">Ignorar o julgamento alheio pode revelar maturidade emocional e um forte senso de identidade pessoal<\/figcaption><\/figure>\n\n\n\n<h2 class=\"wp-block-heading\">Como o desapego das expectativas externas promove a sa\u00fade mental duradoura?<\/h2>\n\n\n\n<p>Viver em busca de valida\u00e7\u00e3o externa gera um estado de alerta constante e ansiedade cr\u00f4nica que drena a energia ps\u00edquica necess\u00e1ria para o crescimento. Ao desapegar dessas opini\u00f5es, o c\u00e9rebro reduz a produ\u00e7\u00e3o de cortisol, favorecendo um estado de calma que \u00e9 essencial para a <strong>paz interior<\/strong> e longevidade.<\/p>\n\n\n\n<p>Esse processo de liberta\u00e7\u00e3o permite que a pessoa foque em seus pr\u00f3prios valores e objetivos, sem o peso paralisante do medo da cr\u00edtica negativa. A sa\u00fade mental floresce quando deixamos de ser ref\u00e9ns da percep\u00e7\u00e3o alheia, permitindo que a autoconsci\u00eancia guie cada passo dado em dire\u00e7\u00e3o ao bem-estar e equil\u00edbrio pessoal.<\/p>\n\n\n\n<h2 class=\"wp-block-heading\">Qual a diferen\u00e7a pr\u00e1tica entre indiferen\u00e7a social e autoconfian\u00e7a s\u00f3lida?<\/h2>\n\n\n\n<p>Embora pare\u00e7am comportamentos semelhantes, a indiferen\u00e7a ignora as necessidades do outro, enquanto a autoconfian\u00e7a s\u00f3lida apenas recusa que o julgamento alheio defina o valor pessoal. Indiv\u00edduos seguros de si ouvem cr\u00edticas construtivas, mas n\u00e3o permitem que opini\u00f5es superficiais abalem sua estrutura emocional b\u00e1sica. Essa distin\u00e7\u00e3o \u00e9 crucial para manter a sa\u00fade.<\/p>\n\n\n\n<p>Para compreender melhor os tra\u00e7os que definem essa postura resiliente e como ela se manifesta nas diferentes esferas da vida cotidiana:<\/p>\n\n\n\n<ul class=\"wp-block-list\">\n<li>Aceita\u00e7\u00e3o integral das pr\u00f3prias falhas e virtudes sem necessidade de defesa.<\/li>\n\n\n\n<li>Capacidade de dizer n\u00e3o para demandas que violam princ\u00edpios pessoais b\u00e1sicos.<\/li>\n\n\n\n<li>Redu\u00e7\u00e3o dr\u00e1stica da necessidade de compara\u00e7\u00e3o com a trajet\u00f3ria de terceiros.<\/li>\n\n\n\n<li>Foco aumentado na execu\u00e7\u00e3o de tarefas em vez do resultado social esperado.<\/li>\n<\/ul>\n\n\n\n<h2 class=\"wp-block-heading\">De que maneira a quietude interna influencia o sucesso nas rela\u00e7\u00f5es interpessoais?<\/h2>\n\n\n\n<p>Ironicamente, quem n\u00e3o depende da aprova\u00e7\u00e3o alheia costuma ser mais admirado e respeitado em seus c\u00edrculos de conviv\u00eancia profissional e familiar. Isso ocorre porque a autenticidade \u00e9 uma caracter\u00edstica magn\u00e9tica que transmite seguran\u00e7a e honestidade para quem est\u00e1 ao redor. Rela\u00e7\u00f5es baseadas na autonomia s\u00e3o mais leves e genu\u00ednas para todos os envolvidos.<\/p>\n\n\n\n<p>Quando voc\u00ea para de tentar agradar a todos, sobra mais tempo e energia para investir em conex\u00f5es que realmente importam e agregam valor. A quietude interna permite que voc\u00ea selecione melhor suas companhias, priorizando <strong><a href=\"https:\/\/www.correiobraziliense.com.br\/cbradar\/a-psicologia-aponta-que-saber-ficar-em-silencio-durante-conflitos-e-traco-comum-de-pessoas-emocionalmente-inteligentes\/\" target=\"_blank\" rel=\"noreferrer noopener\">pessoas <\/a><\/strong>que respeitam sua individualidade e incentivam sua evolu\u00e7\u00e3o pessoal constante e necess\u00e1ria nos dias de hoje.<\/p>\n\n\n\n<figure class=\"wp-block-image size-full\"><img decoding=\"async\" width=\"1280\" height=\"720\" src=\"https:\/\/www.correiobraziliense.com.br\/cbradar\/wp-content\/uploads\/2026\/03\/Gemini_Generated_Image_mi75yymi75yymi75-1-1.png\" alt=\"A psicologia diz que quem n\u00e3o se importa com a opini\u00e3o dos outros n\u00e3o \u00e9 ego\u00edsta \u2014 apenas encontrou paz interior\" class=\"wp-image-209044\" srcset=\"https:\/\/www.correiobraziliense.com.br\/cbradar\/wp-content\/uploads\/2026\/03\/Gemini_Generated_Image_mi75yymi75yymi75-1-1.png 1280w, https:\/\/www.correiobraziliense.com.br\/cbradar\/wp-content\/uploads\/2026\/03\/Gemini_Generated_Image_mi75yymi75yymi75-1-1-300x169.png 300w, https:\/\/www.correiobraziliense.com.br\/cbradar\/wp-content\/uploads\/2026\/03\/Gemini_Generated_Image_mi75yymi75yymi75-1-1-768x432.png 768w, https:\/\/www.correiobraziliense.com.br\/cbradar\/wp-content\/uploads\/2026\/03\/Gemini_Generated_Image_mi75yymi75yymi75-1-1-750x422.png 750w, https:\/\/www.correiobraziliense.com.br\/cbradar\/wp-content\/uploads\/2026\/03\/Gemini_Generated_Image_mi75yymi75yymi75-1-1-1140x641.png 1140w\" sizes=\"(max-width: 1280px) 100vw, 1280px\" \/><figcaption class=\"wp-element-caption\">Ignorar o julgamento alheio pode revelar maturidade emocional e um forte senso de identidade pessoal<\/figcaption><\/figure>\n\n\n\n<h2 class=\"wp-block-heading\">O que a neuroci\u00eancia explica sobre a regula\u00e7\u00e3o do medo social?<\/h2>\n\n\n\n<p>Estudos avan\u00e7ados demonstram que a regula\u00e7\u00e3o emocional consciente pode diminuir a atividade da am\u00edgdala cerebral, respons\u00e1vel pelas rea\u00e7\u00f5es de medo e ansiedade social. Indiv\u00edduos que alcan\u00e7am a paz interior apresentam circuitos neurais mais eficientes para lidar com cr\u00edticas sem ativar respostas de estresse. A biologia confirma que a calma \u00e9 uma habilidade trein\u00e1vel.<\/p>\n\n\n\n<p>Portais de sa\u00fade mental oferecem diretrizes fundamentais para quem busca fortalecer a resili\u00eancia psicol\u00f3gica e o autoconhecimento profundo atrav\u00e9s de pr\u00e1ticas baseadas em evid\u00eancias. \u00c9 poss\u00edvel conferir informa\u00e7\u00f5es t\u00e9cnicas sobre a regula\u00e7\u00e3o das emo\u00e7\u00f5es e o comportamento humano nas publica\u00e7\u00f5es da <a target=\"_blank\" rel=\"noreferrer noopener\" href=\"https:\/\/www.psychologytoday.com\/intl\/basics\/self-esteem\">Psychology Today<\/a> acess\u00edveis para o p\u00fablico. A ci\u00eancia apoia a jornada da autoconfian\u00e7a plena.<\/p>\n","protected":false},"excerpt":{"rendered":"<p>Muitos acreditam que ignorar o julgamento alheio \u00e9 um ato de puro ego\u00edsmo, mas a psicologia contempor\u00e2nea sugere uma perspectiva muito mais profunda sobre o tema. Essa postura indica, na verdade, um estado avan\u00e7ado de maturidade emocional onde a valida\u00e7\u00e3o externa perde espa\u00e7o para a paz interior e a autoconfian\u00e7a plena. Por que a independ\u00eancia [&hellip;]<\/p>\n","protected":false},"author":21,"featured_media":209039,"comment_status":"open","ping_status":"open","sticky":false,"template":"","format":"standard","meta":{"_yoast_wpseo_focuskw":"n\u00e3o ligar opini\u00e3o dos outros psicologia","_yoast_wpseo_title":"","_yoast_wpseo_metadesc":"Ignorar o julgamento alheio pode revelar um n\u00edvel de maturidade emocional que poucas pessoas conseguem desenvolver.","jnews-multi-image_gallery":[],"jnews_single_post":{"format":"standard"},"jnews_primary_category":[],"jnews_social_meta":[],"jnews_override_counter":[],"footnotes":""},"categories":[112],"tags":[16171,14741,16172,404],"class_list":["post-209038","post","type-post","status-publish","format-standard","has-post-thumbnail","hentry","category-curiosidades","tag-egoista","tag-opiniao","tag-paz-interior","tag-psicologia"],"yoast_head":"<!-- This site is optimized with the Yoast SEO plugin v24.6 - https:\/\/yoast.com\/wordpress\/plugins\/seo\/ -->\n<title>A psicologia diz que quem n\u00e3o se importa com a opini\u00e3o dos outros n\u00e3o \u00e9 ego\u00edsta, apenas encontrou paz interior - Correio Braziliense - Radar<\/title>\n<meta name=\"description\" content=\"Ignorar o julgamento alheio pode revelar um n\u00edvel de maturidade emocional que poucas pessoas conseguem desenvolver.\" \/>\n<meta name=\"robots\" content=\"index, follow, max-snippet:-1, max-image-preview:large, max-video-preview:-1\" \/>\n<link rel=\"canonical\" href=\"https:\/\/www.correiobraziliense.com.br\/cbradar\/a-psicologia-diz-que-quem-nao-se-importa-com-a-opiniao-dos-outros-nao-e-egoista-apenas-encontrou-paz-interior\/\" \/>\n<meta property=\"og:locale\" content=\"pt_BR\" \/>\n<meta property=\"og:type\" content=\"article\" \/>\n<meta property=\"og:title\" content=\"A psicologia diz que quem n\u00e3o se importa com a opini\u00e3o dos outros n\u00e3o \u00e9 ego\u00edsta, apenas encontrou paz interior - Correio Braziliense - Radar\" \/>\n<meta property=\"og:description\" content=\"Ignorar o julgamento alheio pode revelar um n\u00edvel de maturidade emocional que poucas pessoas conseguem desenvolver.\" \/>\n<meta property=\"og:url\" content=\"https:\/\/www.correiobraziliense.com.br\/cbradar\/a-psicologia-diz-que-quem-nao-se-importa-com-a-opiniao-dos-outros-nao-e-egoista-apenas-encontrou-paz-interior\/\" \/>\n<meta property=\"og:site_name\" content=\"Correio Braziliense - Radar\" \/>\n<meta property=\"article:published_time\" content=\"2026-03-16T10:59:58+00:00\" \/>\n<meta property=\"article:modified_time\" content=\"2026-03-16T11:00:00+00:00\" \/>\n<meta property=\"og:image\" content=\"https:\/\/www.correiobraziliense.com.br\/cbradar\/wp-content\/uploads\/2026\/03\/Gemini_Generated_Image_yx0qolyx0qolyx0q-1-1.png\" \/>\n\t<meta property=\"og:image:width\" content=\"1280\" \/>\n\t<meta property=\"og:image:height\" content=\"720\" \/>\n\t<meta property=\"og:image:type\" content=\"image\/png\" \/>\n<meta name=\"author\" content=\"Patrick Silva\" \/>\n<meta name=\"twitter:card\" content=\"summary_large_image\" \/>\n<meta name=\"twitter:label1\" content=\"Escrito por\" \/>\n\t<meta name=\"twitter:data1\" content=\"Patrick Silva\" \/>\n\t<meta name=\"twitter:label2\" content=\"Est. tempo de leitura\" \/>\n\t<meta name=\"twitter:data2\" content=\"5 minutos\" \/>\n<!-- \/ Yoast SEO plugin. -->","yoast_head_json":{"title":"A psicologia diz que quem n\u00e3o se importa com a opini\u00e3o dos outros n\u00e3o \u00e9 ego\u00edsta, apenas encontrou paz interior - Correio Braziliense - Radar","description":"Ignorar o julgamento alheio pode revelar um n\u00edvel de maturidade emocional que poucas pessoas conseguem desenvolver.","robots":{"index":"index","follow":"follow","max-snippet":"max-snippet:-1","max-image-preview":"max-image-preview:large","max-video-preview":"max-video-preview:-1"},"canonical":"https:\/\/www.correiobraziliense.com.br\/cbradar\/a-psicologia-diz-que-quem-nao-se-importa-com-a-opiniao-dos-outros-nao-e-egoista-apenas-encontrou-paz-interior\/","og_locale":"pt_BR","og_type":"article","og_title":"A psicologia diz que quem n\u00e3o se importa com a opini\u00e3o dos outros n\u00e3o \u00e9 ego\u00edsta, apenas encontrou paz interior - Correio Braziliense - Radar","og_description":"Ignorar o julgamento alheio pode revelar um n\u00edvel de maturidade emocional que poucas pessoas conseguem desenvolver.","og_url":"https:\/\/www.correiobraziliense.com.br\/cbradar\/a-psicologia-diz-que-quem-nao-se-importa-com-a-opiniao-dos-outros-nao-e-egoista-apenas-encontrou-paz-interior\/","og_site_name":"Correio Braziliense - Radar","article_published_time":"2026-03-16T10:59:58+00:00","article_modified_time":"2026-03-16T11:00:00+00:00","og_image":[{"width":1280,"height":720,"url":"https:\/\/www.correiobraziliense.com.br\/cbradar\/wp-content\/uploads\/2026\/03\/Gemini_Generated_Image_yx0qolyx0qolyx0q-1-1.png","type":"image\/png"}],"author":"Patrick Silva","twitter_card":"summary_large_image","twitter_misc":{"Escrito por":"Patrick Silva","Est. tempo de leitura":"5 minutos"},"schema":{"@context":"https:\/\/schema.org","@graph":[{"@type":"WebPage","@id":"https:\/\/www.correiobraziliense.com.br\/cbradar\/a-psicologia-diz-que-quem-nao-se-importa-com-a-opiniao-dos-outros-nao-e-egoista-apenas-encontrou-paz-interior\/","url":"https:\/\/www.correiobraziliense.com.br\/cbradar\/a-psicologia-diz-que-quem-nao-se-importa-com-a-opiniao-dos-outros-nao-e-egoista-apenas-encontrou-paz-interior\/","name":"A psicologia diz que quem n\u00e3o se importa com a opini\u00e3o dos outros n\u00e3o \u00e9 ego\u00edsta, apenas encontrou paz interior - Correio Braziliense - Radar","isPartOf":{"@id":"https:\/\/www.correiobraziliense.com.br\/cbradar\/#website"},"primaryImageOfPage":{"@id":"https:\/\/www.correiobraziliense.com.br\/cbradar\/a-psicologia-diz-que-quem-nao-se-importa-com-a-opiniao-dos-outros-nao-e-egoista-apenas-encontrou-paz-interior\/#primaryimage"},"image":{"@id":"https:\/\/www.correiobraziliense.com.br\/cbradar\/a-psicologia-diz-que-quem-nao-se-importa-com-a-opiniao-dos-outros-nao-e-egoista-apenas-encontrou-paz-interior\/#primaryimage"},"thumbnailUrl":"https:\/\/www.correiobraziliense.com.br\/cbradar\/wp-content\/uploads\/2026\/03\/Gemini_Generated_Image_yx0qolyx0qolyx0q-1-1.png","datePublished":"2026-03-16T10:59:58+00:00","dateModified":"2026-03-16T11:00:00+00:00","author":{"@id":"https:\/\/www.correiobraziliense.com.br\/cbradar\/#\/schema\/person\/5440b72be9c7eb74f446c846479dc4da"},"description":"Ignorar o julgamento alheio pode revelar um n\u00edvel de maturidade emocional que poucas pessoas conseguem desenvolver.","breadcrumb":{"@id":"https:\/\/www.correiobraziliense.com.br\/cbradar\/a-psicologia-diz-que-quem-nao-se-importa-com-a-opiniao-dos-outros-nao-e-egoista-apenas-encontrou-paz-interior\/#breadcrumb"},"inLanguage":"pt-BR","potentialAction":[{"@type":"ReadAction","target":["https:\/\/www.correiobraziliense.com.br\/cbradar\/a-psicologia-diz-que-quem-nao-se-importa-com-a-opiniao-dos-outros-nao-e-egoista-apenas-encontrou-paz-interior\/"]}]},{"@type":"ImageObject","inLanguage":"pt-BR","@id":"https:\/\/www.correiobraziliense.com.br\/cbradar\/a-psicologia-diz-que-quem-nao-se-importa-com-a-opiniao-dos-outros-nao-e-egoista-apenas-encontrou-paz-interior\/#primaryimage","url":"https:\/\/www.correiobraziliense.com.br\/cbradar\/wp-content\/uploads\/2026\/03\/Gemini_Generated_Image_yx0qolyx0qolyx0q-1-1.png","contentUrl":"https:\/\/www.correiobraziliense.com.br\/cbradar\/wp-content\/uploads\/2026\/03\/Gemini_Generated_Image_yx0qolyx0qolyx0q-1-1.png","width":1280,"height":720,"caption":"Ignorar o julgamento alheio pode revelar maturidade emocional e um forte senso de identidade pessoal"},{"@type":"BreadcrumbList","@id":"https:\/\/www.correiobraziliense.com.br\/cbradar\/a-psicologia-diz-que-quem-nao-se-importa-com-a-opiniao-dos-outros-nao-e-egoista-apenas-encontrou-paz-interior\/#breadcrumb","itemListElement":[{"@type":"ListItem","position":1,"name":"In\u00edcio","item":"https:\/\/www.correiobraziliense.com.br\/cbradar\/"},{"@type":"ListItem","position":2,"name":"A psicologia diz que quem n\u00e3o se importa com a opini\u00e3o dos outros n\u00e3o \u00e9 ego\u00edsta, apenas encontrou paz interior"}]},{"@type":"WebSite","@id":"https:\/\/www.correiobraziliense.com.br\/cbradar\/#website","url":"https:\/\/www.correiobraziliense.com.br\/cbradar\/","name":"Correio Braziliense - Radar","description":"Acompanhe as \u00faltimas not\u00edcias e fique bem informado sobre tudo o que acontece no Brasil e no mundo.","potentialAction":[{"@type":"SearchAction","target":{"@type":"EntryPoint","urlTemplate":"https:\/\/www.correiobraziliense.com.br\/cbradar\/?s={search_term_string}"},"query-input":{"@type":"PropertyValueSpecification","valueRequired":true,"valueName":"search_term_string"}}],"inLanguage":"pt-BR"},{"@type":"Person","@id":"https:\/\/www.correiobraziliense.com.br\/cbradar\/#\/schema\/person\/5440b72be9c7eb74f446c846479dc4da","name":"Patrick Silva","image":{"@type":"ImageObject","inLanguage":"pt-BR","@id":"https:\/\/www.correiobraziliense.com.br\/cbradar\/#\/schema\/person\/image\/","url":"https:\/\/secure.gravatar.com\/avatar\/944109df296fc087785c9715fd5f80b2?s=96&d=mm&r=g","contentUrl":"https:\/\/secure.gravatar.com\/avatar\/944109df296fc087785c9715fd5f80b2?s=96&d=mm&r=g","caption":"Patrick Silva"},"sameAs":["https:\/\/www.correiobraziliense.com.br\/cbradar\/"],"url":"https:\/\/www.correiobraziliense.com.br\/cbradar\/author\/patrick-silva\/"}]}},"_links":{"self":[{"href":"https:\/\/www.correiobraziliense.com.br\/cbradar\/wp-json\/wp\/v2\/posts\/209038","targetHints":{"allow":["GET"]}}],"collection":[{"href":"https:\/\/www.correiobraziliense.com.br\/cbradar\/wp-json\/wp\/v2\/posts"}],"about":[{"href":"https:\/\/www.correiobraziliense.com.br\/cbradar\/wp-json\/wp\/v2\/types\/post"}],"author":[{"embeddable":true,"href":"https:\/\/www.correiobraziliense.com.br\/cbradar\/wp-json\/wp\/v2\/users\/21"}],"replies":[{"embeddable":true,"href":"https:\/\/www.correiobraziliense.com.br\/cbradar\/wp-json\/wp\/v2\/comments?post=209038"}],"version-history":[{"count":6,"href":"https:\/\/www.correiobraziliense.com.br\/cbradar\/wp-json\/wp\/v2\/posts\/209038\/revisions"}],"predecessor-version":[{"id":209066,"href":"https:\/\/www.correiobraziliense.com.br\/cbradar\/wp-json\/wp\/v2\/posts\/209038\/revisions\/209066"}],"wp:featuredmedia":[{"embeddable":true,"href":"https:\/\/www.correiobraziliense.com.br\/cbradar\/wp-json\/wp\/v2\/media\/209039"}],"wp:attachment":[{"href":"https:\/\/www.correiobraziliense.com.br\/cbradar\/wp-json\/wp\/v2\/media?parent=209038"}],"wp:term":[{"taxonomy":"category","embeddable":true,"href":"https:\/\/www.correiobraziliense.com.br\/cbradar\/wp-json\/wp\/v2\/categories?post=209038"},{"taxonomy":"post_tag","embeddable":true,"href":"https:\/\/www.correiobraziliense.com.br\/cbradar\/wp-json\/wp\/v2\/tags?post=209038"}],"curies":[{"name":"wp","href":"https:\/\/api.w.org\/{rel}","templated":true}]}}