{"id":209057,"date":"2026-03-15T19:59:17","date_gmt":"2026-03-15T22:59:17","guid":{"rendered":"https:\/\/www.correiobraziliense.com.br\/cbradar\/?p=209057"},"modified":"2026-03-15T19:59:19","modified_gmt":"2026-03-15T22:59:19","slug":"a-psicologia-diz-que-a-parte-mais-dificil-de-ver-seus-pais-envelhecerem-nao-e-a-idade-e-perceber-que-voce-se-tornou-a-pessoa-forte-da-familia","status":"publish","type":"post","link":"https:\/\/www.correiobraziliense.com.br\/cbradar\/a-psicologia-diz-que-a-parte-mais-dificil-de-ver-seus-pais-envelhecerem-nao-e-a-idade-e-perceber-que-voce-se-tornou-a-pessoa-forte-da-familia\/","title":{"rendered":"A psicologia diz que a parte mais dif\u00edcil de ver seus pais envelhecerem n\u00e3o \u00e9 a idade, \u00e9 perceber que voc\u00ea se tornou a pessoa forte da fam\u00edlia"},"content":{"rendered":"\n<p>O ciclo natural da vida reserva um momento de transi\u00e7\u00e3o profunda que costuma ocorrer sem avisos ou preparos formais. A psicologia do desenvolvimento explica que o impacto emocional de observar o decl\u00ednio f\u00edsico dos genitores \u00e9, na verdade, o reflexo do fim da nossa pr\u00f3pria inf\u00e2ncia psicol\u00f3gica. Assumir o papel de suporte central exige resili\u00eancia.<\/p>\n\n\n\n<h2 class=\"wp-block-heading\">Como a invers\u00e3o de pap\u00e9is impacta o equil\u00edbrio emocional dos filhos?<\/h2>\n\n\n\n<p>A percep\u00e7\u00e3o de que os pais n\u00e3o s\u00e3o mais as figuras invulner\u00e1veis que protegiam o lar gera um luto simb\u00f3lico pela seguran\u00e7a do passado. Esse fen\u00f4meno for\u00e7a o indiv\u00edduo a amadurecer abruptamente, assumindo decis\u00f5es financeiras, m\u00e9dicas e log\u00edsticas que antes eram delegadas aos mais velhos. A responsabilidade de ser a <strong>Pilar da Fam\u00edlia<\/strong> traz um peso emocional.<\/p>\n\n\n\n<p>Durante essa fase, o filho deixa de ser o receptor de cuidados para se tornar o provedor de estabilidade e seguran\u00e7a. Essa mudan\u00e7a de hierarquia emocional pode causar sentimentos de solid\u00e3o e sobrecarga, pois o apoio que antes era garantido agora depende exclusivamente da sua for\u00e7a. Compreender essa din\u00e2mica \u00e9 o primeiro passo para exercer o cuidado com equil\u00edbrio e serenidade.<\/p>\n\n\n\n<figure class=\"wp-block-image size-full\"><img decoding=\"async\" width=\"1280\" height=\"720\" src=\"https:\/\/www.correiobraziliense.com.br\/cbradar\/wp-content\/uploads\/2026\/03\/Gemini_Generated_Image_3dgxo93dgxo93dgx-1-1.png\" alt=\"A psicologia diz que a parte mais dif\u00edcil de ver seus pais envelhecerem n\u00e3o \u00e9 a idade \u2014 \u00e9 perceber que voc\u00ea se tornou a pessoa forte da fam\u00edlia\" class=\"wp-image-209058\" srcset=\"https:\/\/www.correiobraziliense.com.br\/cbradar\/wp-content\/uploads\/2026\/03\/Gemini_Generated_Image_3dgxo93dgxo93dgx-1-1.png 1280w, https:\/\/www.correiobraziliense.com.br\/cbradar\/wp-content\/uploads\/2026\/03\/Gemini_Generated_Image_3dgxo93dgxo93dgx-1-1-300x169.png 300w, https:\/\/www.correiobraziliense.com.br\/cbradar\/wp-content\/uploads\/2026\/03\/Gemini_Generated_Image_3dgxo93dgxo93dgx-1-1-768x432.png 768w, https:\/\/www.correiobraziliense.com.br\/cbradar\/wp-content\/uploads\/2026\/03\/Gemini_Generated_Image_3dgxo93dgxo93dgx-1-1-750x422.png 750w, https:\/\/www.correiobraziliense.com.br\/cbradar\/wp-content\/uploads\/2026\/03\/Gemini_Generated_Image_3dgxo93dgxo93dgx-1-1-1140x641.png 1140w\" sizes=\"(max-width: 1280px) 100vw, 1280px\" \/><figcaption class=\"wp-element-caption\">Existe um momento da vida em que a rela\u00e7\u00e3o com os pais muda e revela uma nova fase emocional familiar<\/figcaption><\/figure>\n\n\n\n<h2 class=\"wp-block-heading\">Por que a percep\u00e7\u00e3o da pr\u00f3pria for\u00e7a gera sentimentos de isolamento?<\/h2>\n\n\n\n<p>Ser a <strong>pessoa <\/strong>forte da <a href=\"https:\/\/www.correiobraziliense.com.br\/cbradar\/a-psicologia-diz-que-pessoas-que-sempre-sao-chamadas-para-resolver-problemas-na-familia-nao-sao-naturalmente-mais-fortes-elas-apenas-aprenderam-cedo-que-ninguem-mais-assumi\/\" target=\"_blank\" rel=\"noreferrer noopener\">fam\u00edlia <\/a>significa, muitas vezes, carregar as ang\u00fastias dos outros sem ter um porto seguro imediato para desabafar. O medo de demonstrar vulnerabilidade diante de pais envelhecidos ou irm\u00e3os mais jovens cria uma barreira de isolamento emocional que desgasta a sa\u00fade mental. A for\u00e7a, nesse contexto, pode ser sentida como uma <strong>solid\u00e3o necess\u00e1ria<\/strong>.<\/p>\n\n\n\n<p>A mente precisa processar a perda da prote\u00e7\u00e3o parental ao mesmo tempo em que gerencia as demandas pr\u00e1ticas do presente conturbado. Esse ac\u00famulo de fun\u00e7\u00f5es exige um alto n\u00edvel de intelig\u00eancia emocional para n\u00e3o permitir que o estresse se transforme em ressentimento ou exaust\u00e3o cr\u00f4nica. Reconhecer os pr\u00f3prios limites \u00e9 fundamental para manter a integridade f\u00edsica e mental.<\/p>\n\n\n\n<h2 class=\"wp-block-heading\">De que maneira organizar o cuidado preserva a dignidade dos pais?<\/h2>\n\n\n\n<p>Exercer a for\u00e7a n\u00e3o significa anular a autonomia dos pais, mas sim criar um ambiente onde eles se sintam seguros e respeitados. Delegar tarefas e organizar uma rede de apoio externa permite que o papel de &#8220;pessoa forte&#8221; n\u00e3o se torne um fardo insustent\u00e1vel a longo prazo. O respeito \u00e0 hist\u00f3ria deles \u00e9 o <strong>Pilar do Cuidado<\/strong>.<\/p>\n\n\n\n<p>Para que voc\u00ea consiga gerenciar essa transi\u00e7\u00e3o com a sabedoria e a empatia necess\u00e1rias para manter a harmonia familiar, considere as seguintes pr\u00e1ticas:<\/p>\n\n\n\n<ul class=\"wp-block-list\">\n<li>Estabele\u00e7a momentos de di\u00e1logo sincero sobre as necessidades reais e desejos futuros.<\/li>\n\n\n\n<li>Organize documentos e informa\u00e7\u00f5es m\u00e9dicas em locais de f\u00e1cil acesso para emerg\u00eancias.<\/li>\n\n\n\n<li>Busque aux\u00edlio profissional ou grupos de apoio para compartilhar experi\u00eancias e ang\u00fastias.<\/li>\n\n\n\n<li>Reserve um tempo semanal para o seu pr\u00f3prio autocuidado e descanso restaurador.<\/li>\n<\/ul>\n\n\n\n<h2 class=\"wp-block-heading\">Quais s\u00e3o as estrat\u00e9gias para evitar o esgotamento do cuidador familiar?<\/h2>\n\n\n\n<p>O esgotamento, conhecido tecnicamente como estresse do cuidador, ocorre quando o filho ignora suas pr\u00f3prias necessidades em prol da sobreviv\u00eancia emocional do grupo. \u00c9 vital entender que ser a pessoa forte n\u00e3o significa ser inesgot\u00e1vel ou imune ao cansa\u00e7o e \u00e0 tristeza profunda. Aceitar ajuda externa \u00e9 uma demonstra\u00e7\u00e3o de intelig\u00eancia e <strong>maturidade psicol\u00f3gica<\/strong>.<\/p>\n\n\n\n<p>A manuten\u00e7\u00e3o da pr\u00f3pria vida social e profissional atua como uma v\u00e1lvula de escape essencial para processar o luto da invers\u00e3o de pap\u00e9is. Encontrar prazer em atividades fora do n\u00facleo familiar ajuda a recarregar as energias necess\u00e1rias para enfrentar os desafios do envelhecimento parental. O equil\u00edbrio entre o dever filial e a preserva\u00e7\u00e3o pessoal garante um cuidado mais humano.<\/p>\n\n\n\n<figure class=\"wp-block-image size-full\"><img decoding=\"async\" width=\"1280\" height=\"720\" src=\"https:\/\/www.correiobraziliense.com.br\/cbradar\/wp-content\/uploads\/2026\/03\/Gemini_Generated_Image_vy6l5hvy6l5hvy6l-1-1.png\" alt=\"A psicologia diz que a parte mais dif\u00edcil de ver seus pais envelhecerem n\u00e3o \u00e9 a idade \u2014 \u00e9 perceber que voc\u00ea se tornou a pessoa forte da fam\u00edlia\" class=\"wp-image-209060\" srcset=\"https:\/\/www.correiobraziliense.com.br\/cbradar\/wp-content\/uploads\/2026\/03\/Gemini_Generated_Image_vy6l5hvy6l5hvy6l-1-1.png 1280w, https:\/\/www.correiobraziliense.com.br\/cbradar\/wp-content\/uploads\/2026\/03\/Gemini_Generated_Image_vy6l5hvy6l5hvy6l-1-1-300x169.png 300w, https:\/\/www.correiobraziliense.com.br\/cbradar\/wp-content\/uploads\/2026\/03\/Gemini_Generated_Image_vy6l5hvy6l5hvy6l-1-1-768x432.png 768w, https:\/\/www.correiobraziliense.com.br\/cbradar\/wp-content\/uploads\/2026\/03\/Gemini_Generated_Image_vy6l5hvy6l5hvy6l-1-1-750x422.png 750w, https:\/\/www.correiobraziliense.com.br\/cbradar\/wp-content\/uploads\/2026\/03\/Gemini_Generated_Image_vy6l5hvy6l5hvy6l-1-1-1140x641.png 1140w\" sizes=\"(max-width: 1280px) 100vw, 1280px\" \/><figcaption class=\"wp-element-caption\">Existe um momento da vida em que a rela\u00e7\u00e3o com os pais muda e revela uma nova fase emocional familiar<\/figcaption><\/figure>\n\n\n\n<h2 class=\"wp-block-heading\">O que os estudos de gerontologia sugerem sobre o apoio aos cuidadores?<\/h2>\n\n\n\n<p>A ci\u00eancia reconhece que o suporte psicol\u00f3gico ao cuidador \u00e9 t\u00e3o importante quanto o tratamento m\u00e9dico direcionado ao idoso em decl\u00ednio. Portais de sa\u00fade e organiza\u00e7\u00f5es internacionais oferecem guias detalhados sobre como enfrentar a finitude e as mudan\u00e7as comportamentais t\u00edpicas da terceira idade. Informar-se sobre o processo de envelhecimento reduz a ansiedade e melhora a qualidade do conv\u00edvio.<\/p>\n\n\n\n<p>O <strong>National Institute on Aging<\/strong> disponibiliza recursos abrangentes sobre os desafios de cuidar de pais idosos e a import\u00e2ncia do suporte emocional para a fam\u00edlia. Voc\u00ea pode acessar orienta\u00e7\u00f5es t\u00e9cnicas sobre a sa\u00fade do cuidador e o manejo do estresse nas p\u00e1ginas oficiais do <a href=\"https:\/\/www.nia.nih.gov\/health\/caregiving\/taking-care-yourself-tips-caregivers\" target=\"_blank\" rel=\"noreferrer noopener\">NIA<\/a> destinadas ao p\u00fablico. A informa\u00e7\u00e3o correta \u00e9 a base da resili\u00eancia.<\/p>\n","protected":false},"excerpt":{"rendered":"<p>O ciclo natural da vida reserva um momento de transi\u00e7\u00e3o profunda que costuma ocorrer sem avisos ou preparos formais. A psicologia do desenvolvimento explica que o impacto emocional de observar o decl\u00ednio f\u00edsico dos genitores \u00e9, na verdade, o reflexo do fim da nossa pr\u00f3pria inf\u00e2ncia psicol\u00f3gica. Assumir o papel de suporte central exige resili\u00eancia. [&hellip;]<\/p>\n","protected":false},"author":21,"featured_media":209061,"comment_status":"open","ping_status":"open","sticky":false,"template":"","format":"standard","meta":{"_yoast_wpseo_focuskw":"quando os pais envelhecem psicologia fam\u00edlia","_yoast_wpseo_title":"","_yoast_wpseo_metadesc":"Existe um momento silencioso da vida em que muitos percebem que algo profundo mudou na rela\u00e7\u00e3o com os pais.","jnews-multi-image_gallery":[],"jnews_single_post":{"format":"standard"},"jnews_primary_category":[],"jnews_social_meta":[],"jnews_override_counter":[],"footnotes":""},"categories":[112],"tags":[206,4422,2857,404],"class_list":["post-209057","post","type-post","status-publish","format-standard","has-post-thumbnail","hentry","category-curiosidades","tag-familia","tag-idade","tag-pais","tag-psicologia"],"yoast_head":"<!-- This site is optimized with the Yoast SEO plugin v24.6 - https:\/\/yoast.com\/wordpress\/plugins\/seo\/ -->\n<title>A psicologia diz que a parte mais dif\u00edcil de ver seus pais envelhecerem n\u00e3o \u00e9 a idade, \u00e9 perceber que voc\u00ea se tornou a pessoa forte da fam\u00edlia - Correio Braziliense - Radar<\/title>\n<meta name=\"description\" content=\"Existe um momento silencioso da vida em que muitos percebem que algo profundo mudou na rela\u00e7\u00e3o com os pais.\" \/>\n<meta name=\"robots\" content=\"index, follow, max-snippet:-1, max-image-preview:large, max-video-preview:-1\" \/>\n<link rel=\"canonical\" href=\"https:\/\/www.correiobraziliense.com.br\/cbradar\/a-psicologia-diz-que-a-parte-mais-dificil-de-ver-seus-pais-envelhecerem-nao-e-a-idade-e-perceber-que-voce-se-tornou-a-pessoa-forte-da-familia\/\" \/>\n<meta property=\"og:locale\" content=\"pt_BR\" \/>\n<meta property=\"og:type\" content=\"article\" \/>\n<meta property=\"og:title\" content=\"A psicologia diz que a parte mais dif\u00edcil de ver seus pais envelhecerem n\u00e3o \u00e9 a idade, \u00e9 perceber que voc\u00ea se tornou a pessoa forte da fam\u00edlia - Correio Braziliense - Radar\" \/>\n<meta property=\"og:description\" content=\"Existe um momento silencioso da vida em que muitos percebem que algo profundo mudou na rela\u00e7\u00e3o com os pais.\" \/>\n<meta property=\"og:url\" content=\"https:\/\/www.correiobraziliense.com.br\/cbradar\/a-psicologia-diz-que-a-parte-mais-dificil-de-ver-seus-pais-envelhecerem-nao-e-a-idade-e-perceber-que-voce-se-tornou-a-pessoa-forte-da-familia\/\" \/>\n<meta property=\"og:site_name\" content=\"Correio Braziliense - Radar\" \/>\n<meta property=\"article:published_time\" content=\"2026-03-15T22:59:17+00:00\" \/>\n<meta property=\"article:modified_time\" content=\"2026-03-15T22:59:19+00:00\" \/>\n<meta property=\"og:image\" content=\"https:\/\/www.correiobraziliense.com.br\/cbradar\/wp-content\/uploads\/2026\/03\/Gemini_Generated_Image_ncjpo2ncjpo2ncjp-1-1.png\" \/>\n\t<meta property=\"og:image:width\" content=\"1280\" \/>\n\t<meta property=\"og:image:height\" content=\"720\" \/>\n\t<meta property=\"og:image:type\" content=\"image\/png\" \/>\n<meta name=\"author\" content=\"Patrick Silva\" \/>\n<meta name=\"twitter:card\" content=\"summary_large_image\" \/>\n<meta name=\"twitter:label1\" content=\"Escrito por\" \/>\n\t<meta name=\"twitter:data1\" content=\"Patrick Silva\" \/>\n\t<meta name=\"twitter:label2\" content=\"Est. tempo de leitura\" \/>\n\t<meta name=\"twitter:data2\" content=\"5 minutos\" \/>\n<!-- \/ Yoast SEO plugin. -->","yoast_head_json":{"title":"A psicologia diz que a parte mais dif\u00edcil de ver seus pais envelhecerem n\u00e3o \u00e9 a idade, \u00e9 perceber que voc\u00ea se tornou a pessoa forte da fam\u00edlia - Correio Braziliense - Radar","description":"Existe um momento silencioso da vida em que muitos percebem que algo profundo mudou na rela\u00e7\u00e3o com os pais.","robots":{"index":"index","follow":"follow","max-snippet":"max-snippet:-1","max-image-preview":"max-image-preview:large","max-video-preview":"max-video-preview:-1"},"canonical":"https:\/\/www.correiobraziliense.com.br\/cbradar\/a-psicologia-diz-que-a-parte-mais-dificil-de-ver-seus-pais-envelhecerem-nao-e-a-idade-e-perceber-que-voce-se-tornou-a-pessoa-forte-da-familia\/","og_locale":"pt_BR","og_type":"article","og_title":"A psicologia diz que a parte mais dif\u00edcil de ver seus pais envelhecerem n\u00e3o \u00e9 a idade, \u00e9 perceber que voc\u00ea se tornou a pessoa forte da fam\u00edlia - Correio Braziliense - Radar","og_description":"Existe um momento silencioso da vida em que muitos percebem que algo profundo mudou na rela\u00e7\u00e3o com os pais.","og_url":"https:\/\/www.correiobraziliense.com.br\/cbradar\/a-psicologia-diz-que-a-parte-mais-dificil-de-ver-seus-pais-envelhecerem-nao-e-a-idade-e-perceber-que-voce-se-tornou-a-pessoa-forte-da-familia\/","og_site_name":"Correio Braziliense - Radar","article_published_time":"2026-03-15T22:59:17+00:00","article_modified_time":"2026-03-15T22:59:19+00:00","og_image":[{"width":1280,"height":720,"url":"https:\/\/www.correiobraziliense.com.br\/cbradar\/wp-content\/uploads\/2026\/03\/Gemini_Generated_Image_ncjpo2ncjpo2ncjp-1-1.png","type":"image\/png"}],"author":"Patrick Silva","twitter_card":"summary_large_image","twitter_misc":{"Escrito por":"Patrick Silva","Est. tempo de leitura":"5 minutos"},"schema":{"@context":"https:\/\/schema.org","@graph":[{"@type":"WebPage","@id":"https:\/\/www.correiobraziliense.com.br\/cbradar\/a-psicologia-diz-que-a-parte-mais-dificil-de-ver-seus-pais-envelhecerem-nao-e-a-idade-e-perceber-que-voce-se-tornou-a-pessoa-forte-da-familia\/","url":"https:\/\/www.correiobraziliense.com.br\/cbradar\/a-psicologia-diz-que-a-parte-mais-dificil-de-ver-seus-pais-envelhecerem-nao-e-a-idade-e-perceber-que-voce-se-tornou-a-pessoa-forte-da-familia\/","name":"A psicologia diz que a parte mais dif\u00edcil de ver seus pais envelhecerem n\u00e3o \u00e9 a idade, \u00e9 perceber que voc\u00ea se tornou a pessoa forte da fam\u00edlia - Correio Braziliense - Radar","isPartOf":{"@id":"https:\/\/www.correiobraziliense.com.br\/cbradar\/#website"},"primaryImageOfPage":{"@id":"https:\/\/www.correiobraziliense.com.br\/cbradar\/a-psicologia-diz-que-a-parte-mais-dificil-de-ver-seus-pais-envelhecerem-nao-e-a-idade-e-perceber-que-voce-se-tornou-a-pessoa-forte-da-familia\/#primaryimage"},"image":{"@id":"https:\/\/www.correiobraziliense.com.br\/cbradar\/a-psicologia-diz-que-a-parte-mais-dificil-de-ver-seus-pais-envelhecerem-nao-e-a-idade-e-perceber-que-voce-se-tornou-a-pessoa-forte-da-familia\/#primaryimage"},"thumbnailUrl":"https:\/\/www.correiobraziliense.com.br\/cbradar\/wp-content\/uploads\/2026\/03\/Gemini_Generated_Image_ncjpo2ncjpo2ncjp-1-1.png","datePublished":"2026-03-15T22:59:17+00:00","dateModified":"2026-03-15T22:59:19+00:00","author":{"@id":"https:\/\/www.correiobraziliense.com.br\/cbradar\/#\/schema\/person\/5440b72be9c7eb74f446c846479dc4da"},"description":"Existe um momento silencioso da vida em que muitos percebem que algo profundo mudou na rela\u00e7\u00e3o com os pais.","breadcrumb":{"@id":"https:\/\/www.correiobraziliense.com.br\/cbradar\/a-psicologia-diz-que-a-parte-mais-dificil-de-ver-seus-pais-envelhecerem-nao-e-a-idade-e-perceber-que-voce-se-tornou-a-pessoa-forte-da-familia\/#breadcrumb"},"inLanguage":"pt-BR","potentialAction":[{"@type":"ReadAction","target":["https:\/\/www.correiobraziliense.com.br\/cbradar\/a-psicologia-diz-que-a-parte-mais-dificil-de-ver-seus-pais-envelhecerem-nao-e-a-idade-e-perceber-que-voce-se-tornou-a-pessoa-forte-da-familia\/"]}]},{"@type":"ImageObject","inLanguage":"pt-BR","@id":"https:\/\/www.correiobraziliense.com.br\/cbradar\/a-psicologia-diz-que-a-parte-mais-dificil-de-ver-seus-pais-envelhecerem-nao-e-a-idade-e-perceber-que-voce-se-tornou-a-pessoa-forte-da-familia\/#primaryimage","url":"https:\/\/www.correiobraziliense.com.br\/cbradar\/wp-content\/uploads\/2026\/03\/Gemini_Generated_Image_ncjpo2ncjpo2ncjp-1-1.png","contentUrl":"https:\/\/www.correiobraziliense.com.br\/cbradar\/wp-content\/uploads\/2026\/03\/Gemini_Generated_Image_ncjpo2ncjpo2ncjp-1-1.png","width":1280,"height":720,"caption":"Existe um momento da vida em que a rela\u00e7\u00e3o com os pais muda e revela uma nova fase emocional familiar"},{"@type":"BreadcrumbList","@id":"https:\/\/www.correiobraziliense.com.br\/cbradar\/a-psicologia-diz-que-a-parte-mais-dificil-de-ver-seus-pais-envelhecerem-nao-e-a-idade-e-perceber-que-voce-se-tornou-a-pessoa-forte-da-familia\/#breadcrumb","itemListElement":[{"@type":"ListItem","position":1,"name":"In\u00edcio","item":"https:\/\/www.correiobraziliense.com.br\/cbradar\/"},{"@type":"ListItem","position":2,"name":"A psicologia diz que a parte mais dif\u00edcil de ver seus pais envelhecerem n\u00e3o \u00e9 a idade, \u00e9 perceber que voc\u00ea se tornou a pessoa forte da fam\u00edlia"}]},{"@type":"WebSite","@id":"https:\/\/www.correiobraziliense.com.br\/cbradar\/#website","url":"https:\/\/www.correiobraziliense.com.br\/cbradar\/","name":"Correio Braziliense - Radar","description":"Acompanhe as \u00faltimas not\u00edcias e fique bem informado sobre tudo o que acontece no Brasil e no mundo.","potentialAction":[{"@type":"SearchAction","target":{"@type":"EntryPoint","urlTemplate":"https:\/\/www.correiobraziliense.com.br\/cbradar\/?s={search_term_string}"},"query-input":{"@type":"PropertyValueSpecification","valueRequired":true,"valueName":"search_term_string"}}],"inLanguage":"pt-BR"},{"@type":"Person","@id":"https:\/\/www.correiobraziliense.com.br\/cbradar\/#\/schema\/person\/5440b72be9c7eb74f446c846479dc4da","name":"Patrick Silva","image":{"@type":"ImageObject","inLanguage":"pt-BR","@id":"https:\/\/www.correiobraziliense.com.br\/cbradar\/#\/schema\/person\/image\/","url":"https:\/\/secure.gravatar.com\/avatar\/944109df296fc087785c9715fd5f80b2?s=96&d=mm&r=g","contentUrl":"https:\/\/secure.gravatar.com\/avatar\/944109df296fc087785c9715fd5f80b2?s=96&d=mm&r=g","caption":"Patrick Silva"},"sameAs":["https:\/\/www.correiobraziliense.com.br\/cbradar\/"],"url":"https:\/\/www.correiobraziliense.com.br\/cbradar\/author\/patrick-silva\/"}]}},"_links":{"self":[{"href":"https:\/\/www.correiobraziliense.com.br\/cbradar\/wp-json\/wp\/v2\/posts\/209057","targetHints":{"allow":["GET"]}}],"collection":[{"href":"https:\/\/www.correiobraziliense.com.br\/cbradar\/wp-json\/wp\/v2\/posts"}],"about":[{"href":"https:\/\/www.correiobraziliense.com.br\/cbradar\/wp-json\/wp\/v2\/types\/post"}],"author":[{"embeddable":true,"href":"https:\/\/www.correiobraziliense.com.br\/cbradar\/wp-json\/wp\/v2\/users\/21"}],"replies":[{"embeddable":true,"href":"https:\/\/www.correiobraziliense.com.br\/cbradar\/wp-json\/wp\/v2\/comments?post=209057"}],"version-history":[{"count":5,"href":"https:\/\/www.correiobraziliense.com.br\/cbradar\/wp-json\/wp\/v2\/posts\/209057\/revisions"}],"predecessor-version":[{"id":209065,"href":"https:\/\/www.correiobraziliense.com.br\/cbradar\/wp-json\/wp\/v2\/posts\/209057\/revisions\/209065"}],"wp:featuredmedia":[{"embeddable":true,"href":"https:\/\/www.correiobraziliense.com.br\/cbradar\/wp-json\/wp\/v2\/media\/209061"}],"wp:attachment":[{"href":"https:\/\/www.correiobraziliense.com.br\/cbradar\/wp-json\/wp\/v2\/media?parent=209057"}],"wp:term":[{"taxonomy":"category","embeddable":true,"href":"https:\/\/www.correiobraziliense.com.br\/cbradar\/wp-json\/wp\/v2\/categories?post=209057"},{"taxonomy":"post_tag","embeddable":true,"href":"https:\/\/www.correiobraziliense.com.br\/cbradar\/wp-json\/wp\/v2\/tags?post=209057"}],"curies":[{"name":"wp","href":"https:\/\/api.w.org\/{rel}","templated":true}]}}