{"id":209074,"date":"2026-03-17T10:45:05","date_gmt":"2026-03-17T13:45:05","guid":{"rendered":"https:\/\/www.correiobraziliense.com.br\/cbradar\/?p=209074"},"modified":"2026-03-16T14:48:25","modified_gmt":"2026-03-16T17:48:25","slug":"o-legume-laranja-famoso-por-ajudar-os-olhos-tambem-pode-ser-cultivado-facilmente-na-horta-de-casa","status":"publish","type":"post","link":"https:\/\/www.correiobraziliense.com.br\/cbradar\/o-legume-laranja-famoso-por-ajudar-os-olhos-tambem-pode-ser-cultivado-facilmente-na-horta-de-casa\/","title":{"rendered":"O legume laranja famoso por ajudar os olhos tamb\u00e9m pode ser cultivado facilmente na horta de casa"},"content":{"rendered":"\n<p>Quem nunca ouviu algu\u00e9m dizer que <b>\u201ccenoura faz bem para a vis\u00e3o\u201d<\/b> enquanto pica o legume para a salada? Al\u00e9m de estar sempre presente na cozinha, a <b>cenoura<\/b> tamb\u00e9m \u00e9 uma das queridinhas das hortas caseiras, f\u00e1cil de plantar at\u00e9 em vasos e famosa por ajudar na sa\u00fade dos olhos gra\u00e7as aos seus nutrientes. Entender como cultivar cenoura em casa e como ela realmente se relaciona com a <b>vis\u00e3o<\/b> \u00e9 um passo importante para quem quer produzir e consumir o pr\u00f3prio alimento de forma mais consciente e prazerosa.<\/p>\n\n\n\n<h2 class=\"wp-block-heading\">Como preparar o solo para plantar cenoura na horta<\/h2>\n\n\n\n<p>Para que a cenoura cres\u00e7a bonita e reta, o segredo come\u00e7a debaixo da terra. Ela gosta de um solo <b>fofo<\/b>, profundo e bem drenado, sem pedras ou torr\u00f5es que possam desviar o caminho da raiz. Em geral, vale garantir pelo menos 25 a 30 cent\u00edmetros de <b>profundidade<\/b> para que a cenoura se desenvolva sem encontrar barreiras.<\/p>\n\n\n\n<p>Antes de jogar as sementes, \u00e9 importante soltar bem a terra com <b>enxada<\/b> ou p\u00e1, retirar restos de ra\u00edzes e galhos e misturar mat\u00e9ria org\u00e2nica bem curtida, como composto ou esterco j\u00e1 decomposto. O ideal \u00e9 deixar o solo levemente <b>\u00famido<\/b>, mas n\u00e3o encharcado. Em vasos fundos ou jardineiras, a l\u00f3gica \u00e9 a mesma: um substrato leve, com boa drenagem e espa\u00e7o suficiente para as ra\u00edzes crescerem <b>livres<\/b>.<\/p>\n\n\n<div class=\"wp-block-image\">\n<figure class=\"aligncenter size-large\"><img decoding=\"async\" width=\"1024\" height=\"576\" src=\"https:\/\/www.correiobraziliense.com.br\/cbradar\/wp-content\/uploads\/2025\/11\/cenoura-plantacao_1762874003984-1024x576.jpg\" alt=\"\" class=\"wp-image-135825\" srcset=\"https:\/\/www.correiobraziliense.com.br\/cbradar\/wp-content\/uploads\/2025\/11\/cenoura-plantacao_1762874003984-1024x576.jpg 1024w, https:\/\/www.correiobraziliense.com.br\/cbradar\/wp-content\/uploads\/2025\/11\/cenoura-plantacao_1762874003984-300x169.jpg 300w, https:\/\/www.correiobraziliense.com.br\/cbradar\/wp-content\/uploads\/2025\/11\/cenoura-plantacao_1762874003984-768x432.jpg 768w, https:\/\/www.correiobraziliense.com.br\/cbradar\/wp-content\/uploads\/2025\/11\/cenoura-plantacao_1762874003984-750x422.jpg 750w, https:\/\/www.correiobraziliense.com.br\/cbradar\/wp-content\/uploads\/2025\/11\/cenoura-plantacao_1762874003984-1140x641.jpg 1140w, https:\/\/www.correiobraziliense.com.br\/cbradar\/wp-content\/uploads\/2025\/11\/cenoura-plantacao_1762874003984.jpg 1280w\" sizes=\"(max-width: 1024px) 100vw, 1024px\" \/><figcaption class=\"wp-element-caption\">Redu\u00e7\u00e3o de custos em compras de hortali\u00e7as &#8211; Cr\u00e9ditos: depositphotos.com \/ greoss@ukr.net<\/figcaption><\/figure><\/div>\n\n\n<p>Leia tamb\u00e9m:&nbsp;<a href=\"https:\/\/www.correiobraziliense.com.br\/cbradar\/plantar-essa-erva-na-varanda-pode-perfumar-o-ambiente-e-estimular-a-concentracao\/\" target=\"_blank\" rel=\"noopener\">Plantar essa erva na varanda pode perfumar o ambiente e estimular a concentra\u00e7\u00e3o<\/a><\/p>\n\n\n\n<h2 class=\"wp-block-heading\">Como plantar cenoura na horta passo a passo<\/h2>\n\n\n\n<p>Depois do solo pronto, chega a parte mais gostosa: o <b>plantio<\/b>. A cenoura \u00e9 quase sempre cultivada por sementes, diretamente no local definitivo, porque o transplante de mudas costuma deformar a <b>raiz<\/b>. Isso vale tanto para canteiros no ch\u00e3o quanto para vasos grandes na sacada ou varanda, garantindo um cultivo mais <b>uniforme<\/b> e produtivo.<\/p>\n\n\n\n<ol class=\"wp-block-list\">\n<li><strong>Abertura de sulcos<\/strong> Fazer pequenos sulcos com cerca de <b>1 a 2<\/b> cent\u00edmetros de profundidade, mantendo 20 a 30 cent\u00edmetros entre as <b>linhas<\/b>.<\/li>\n\n\n\n<li><strong>Distribui\u00e7\u00e3o das sementes<\/strong> Espalhar as <b>sementes<\/b> de forma homog\u00eanea ao longo do sulco, evitando agrup\u00e1-las demais. Essa distribui\u00e7\u00e3o mais <b>uniforme<\/b> facilita o crescimento das ra\u00edzes e reduz a necessidade de desbaste.<\/li>\n\n\n\n<li><strong>Cobertura leve<\/strong> Cobrir com uma fina camada de terra <b>peneirada<\/b> ou substrato, sem apertar muito. Essa camada protege as sementes e mant\u00e9m a <b>umidade<\/b> adequada para uma boa germina\u00e7\u00e3o.<\/li>\n\n\n\n<li><strong>Primeira rega<\/strong> Umedecer com cuidado usando regador com <b>chuveirinho<\/b> ou borrifador para n\u00e3o deslocar as sementes. A \u00e1gua deve cair de forma <b>suave<\/b> para evitar eros\u00e3o do solo e exposi\u00e7\u00e3o das sementes.<\/li>\n<\/ol>\n\n\n\n<p>A germina\u00e7\u00e3o costuma levar de <b>7 a 21<\/b> dias, dependendo da temperatura. Quando as mudinhas estiverem com alguns cent\u00edmetros, entra a etapa do <b>desbaste<\/b>: retirar as plantas que est\u00e3o muito pr\u00f3ximas, deixando cerca de 5 a 8 cent\u00edmetros entre cada uma, para que cada cenoura tenha espa\u00e7o para engordar e crescer <b>saud\u00e1vel<\/b>.<\/p>\n\n\n\n<h2 class=\"wp-block-heading\">Quais s\u00e3o os cuidados b\u00e1sicos com rega luz e \u00e9poca de colheita<\/h2>\n\n\n\n<p>Depois que a cenoura nasce, ela precisa de rotina: <b>sol<\/b>, \u00e1gua na medida certa e um pouco de paci\u00eancia at\u00e9 o ponto de colheita. A planta gosta de boa <b>luminosidade<\/b>, de prefer\u00eancia algumas horas de sol direto por dia; em locais muito quentes, um sombreamento leve nos hor\u00e1rios de pico ajuda a reduzir o <b>estresse<\/b>.<\/p>\n\n\n\n<p>A rega deve manter o solo sempre <b>\u00famido<\/b>, mas nunca encharcado. Em dias quentes e secos, costuma ser necess\u00e1ria rega di\u00e1ria; j\u00e1 em \u00e9pocas chuvosas, \u00e9 melhor aumentar o intervalo para evitar excesso de \u00e1gua e doen\u00e7as <b>f\u00fangicas<\/b>. Em m\u00e9dia, a colheita acontece entre 70 e 120 dias ap\u00f3s o <b>plantio<\/b>, quando o di\u00e2metro da raiz j\u00e1 aparece na base das folhas, bem na superf\u00edcie do solo.<\/p>\n\n\n\n<p>Se voc\u00ea gosta de cultivo, separamos esse v\u00eddeo do canal <a href=\"https:\/\/www.youtube.com\/@SpagnholPlantas1\" target=\"_blank\" rel=\"noreferrer noopener\">Spagnhol Plantas<\/a> ensinando a plantar cenoura em casa:<\/p>\n\n\n\n<figure class=\"wp-block-embed is-type-video is-provider-youtube wp-block-embed-youtube wp-embed-aspect-16-9 wp-has-aspect-ratio\"><div class=\"wp-block-embed__wrapper\">\n<div class=\"jeg_video_container jeg_video_content\"><iframe loading=\"lazy\" title=\"Como plantar CENOURA em VASO e colher mais de 1kg em 90 dias\" width=\"500\" height=\"281\" src=\"https:\/\/www.youtube.com\/embed\/tPaXHopzj94?feature=oembed\" frameborder=\"0\" allow=\"accelerometer; autoplay; clipboard-write; encrypted-media; gyroscope; picture-in-picture; web-share\" referrerpolicy=\"strict-origin-when-cross-origin\" allowfullscreen><\/iframe><\/div>\n<\/div><\/figure>\n\n\n\n<h2 class=\"wp-block-heading\">Por que a cenoura \u00e9 ligada \u00e0 sa\u00fade dos olhos<\/h2>\n\n\n\n<p>A fama da cenoura como amiga da vis\u00e3o n\u00e3o surgiu \u00e0 toa. Ela \u00e9 rica em <b>betacaroteno<\/b>, um pigmento que o corpo transforma em vitamina A, nutriente fundamental para a adapta\u00e7\u00e3o dos olhos \u00e0 luz e para a prote\u00e7\u00e3o de estruturas importantes da vis\u00e3o. \u00c9 por isso que a express\u00e3o <b>\u201csa\u00fade dos olhos\u201d<\/b> aparece tanto quando se fala desse legume.<\/p>\n\n\n\n<p>Al\u00e9m do betacaroteno, a cenoura tamb\u00e9m oferece outros carotenoides com a\u00e7\u00e3o <b>antioxidante<\/b>, um pouco de vitamina C e fibras que ajudam o intestino a funcionar melhor, o que influencia a absor\u00e7\u00e3o de <b>nutrientes<\/b>. Esses elementos n\u00e3o curam problemas de vis\u00e3o, mas integram uma alimenta\u00e7\u00e3o variada que contribui para manter os olhos <b>saud\u00e1veis<\/b> ao longo da vida.<\/p>\n\n\n\n<h2 class=\"wp-block-heading\">A cenoura sozinha consegue proteger a vis\u00e3o<\/h2>\n\n\n\n<p>A ideia de que \u201c\u00e9 s\u00f3 comer cenoura que voc\u00ea nunca vai usar \u00f3culos\u201d \u00e9 um <b>mito<\/b>. O consumo regular desse legume realmente ajuda a fornecer vitamina A e antioxidantes importantes, mas a sa\u00fade ocular depende de muitos fatores: <b>gen\u00e9tica<\/b>, tempo de exposi\u00e7\u00e3o \u00e0s telas, prote\u00e7\u00e3o contra a luz intensa, h\u00e1bitos de leitura e acompanhamento com oftalmologista.<\/p>\n\n\n\n<figure class=\"wp-block-embed is-type-rich is-provider-pinterest wp-block-embed-pinterest\"><div class=\"wp-block-embed__wrapper\">\n<iframe loading=\"lazy\" title=\"Como plantar cenoura\" src=\"https:\/\/assets.pinterest.com\/ext\/embed.html?id=809733208020178358&#038;src=oembed\" height=\"899\" width=\"450\" frameborder=\"0\" scrolling=\"no\" ><\/iframe>\n<\/div><\/figure>\n\n\n\n<p>Outros alimentos tamb\u00e9m entram nesse cuidado com os olhos, e vale inclu\u00ed-los no dia a dia para montar pratos coloridos e <b>variados<\/b>:<\/p>\n\n\n\n<ul class=\"wp-block-list\">\n<li>Ab\u00f3bora, manga e folhas verde-escuras, que tamb\u00e9m fornecem vitamina A ou seus <b>precursores<\/b>.<\/li>\n\n\n\n<li>Couve, espinafre e br\u00f3colis, fontes de <b>lute\u00edna<\/b> e zeaxantina, importantes para a retina.<\/li>\n\n\n\n<li>Frutas e legumes diversos, que somam vitaminas, minerais e <b>antioxidantes<\/b> ao card\u00e1pio.<\/li>\n<\/ul>\n\n\n\n<p>Ter cenoura na horta facilita o consumo frequente desse legume, cru ou cozido, em saladas, sucos, refogados e <b>sopas<\/b>. Assim, com um cultivo simples e um perfil nutricional interessante, plantar cenoura em casa une o prazer de colher o pr\u00f3prio <b>alimento<\/b> com o cuidado di\u00e1rio com a sa\u00fade dos olhos dentro de uma alimenta\u00e7\u00e3o <b>equilibrada<\/b>.<\/p>\n","protected":false},"excerpt":{"rendered":"<p>Quem nunca ouviu algu\u00e9m dizer que \u201ccenoura faz bem para a vis\u00e3o\u201d enquanto pica o legume para a salada? Al\u00e9m de estar sempre presente na cozinha, a cenoura tamb\u00e9m \u00e9 uma das queridinhas das hortas caseiras, f\u00e1cil de plantar at\u00e9 em vasos e famosa por ajudar na sa\u00fade dos olhos gra\u00e7as aos seus nutrientes. Entender [&hellip;]<\/p>\n","protected":false},"author":9,"featured_media":187284,"comment_status":"open","ping_status":"open","sticky":false,"template":"","format":"standard","meta":{"_yoast_wpseo_focuskw":"plantar cenoura","_yoast_wpseo_title":"","_yoast_wpseo_metadesc":"Cultivo simples na horta ou em vasos e nutrientes importantes fazem esse alimento ganhar destaque na alimenta\u00e7\u00e3o di\u00e1ria.","jnews-multi-image_gallery":[],"jnews_single_post":{"format":"standard"},"jnews_primary_category":[],"jnews_social_meta":[],"jnews_override_counter":[],"footnotes":""},"categories":[119,136],"tags":[6713,11560,16174],"class_list":["post-209074","post","type-post","status-publish","format-standard","has-post-thumbnail","hentry","category-bem-estar","category-jardinagem","tag-como-plantar-cenoura","tag-plantar-cenoura","tag-saude-dos-seus-olhos"],"yoast_head":"<!-- This site is optimized with the Yoast SEO plugin v24.6 - https:\/\/yoast.com\/wordpress\/plugins\/seo\/ -->\n<title>O legume laranja famoso por ajudar os olhos tamb\u00e9m pode ser cultivado facilmente na horta de casa - Correio Braziliense - Radar<\/title>\n<meta name=\"description\" content=\"Cultivo simples na horta ou em vasos e nutrientes importantes fazem esse alimento ganhar destaque na alimenta\u00e7\u00e3o di\u00e1ria.\" \/>\n<meta name=\"robots\" content=\"index, follow, max-snippet:-1, max-image-preview:large, max-video-preview:-1\" \/>\n<link rel=\"canonical\" href=\"https:\/\/www.correiobraziliense.com.br\/cbradar\/o-legume-laranja-famoso-por-ajudar-os-olhos-tambem-pode-ser-cultivado-facilmente-na-horta-de-casa\/\" \/>\n<meta property=\"og:locale\" content=\"pt_BR\" \/>\n<meta property=\"og:type\" content=\"article\" \/>\n<meta property=\"og:title\" content=\"O legume laranja famoso por ajudar os olhos tamb\u00e9m pode ser cultivado facilmente na horta de casa - Correio Braziliense - Radar\" \/>\n<meta property=\"og:description\" content=\"Cultivo simples na horta ou em vasos e nutrientes importantes fazem esse alimento ganhar destaque na alimenta\u00e7\u00e3o di\u00e1ria.\" \/>\n<meta property=\"og:url\" content=\"https:\/\/www.correiobraziliense.com.br\/cbradar\/o-legume-laranja-famoso-por-ajudar-os-olhos-tambem-pode-ser-cultivado-facilmente-na-horta-de-casa\/\" \/>\n<meta property=\"og:site_name\" content=\"Correio Braziliense - Radar\" \/>\n<meta property=\"article:published_time\" content=\"2026-03-17T13:45:05+00:00\" \/>\n<meta property=\"og:image\" content=\"https:\/\/www.correiobraziliense.com.br\/cbradar\/wp-content\/uploads\/2026\/02\/Gemini_Generated_Image_b6ar15b6ar15b6ar-1.png\" \/>\n\t<meta property=\"og:image:width\" content=\"1280\" \/>\n\t<meta property=\"og:image:height\" content=\"720\" \/>\n\t<meta property=\"og:image:type\" content=\"image\/png\" \/>\n<meta name=\"author\" content=\"Daniely Cardoso\" \/>\n<meta name=\"twitter:card\" content=\"summary_large_image\" \/>\n<meta name=\"twitter:label1\" content=\"Escrito por\" \/>\n\t<meta name=\"twitter:data1\" content=\"Daniely Cardoso\" \/>\n\t<meta name=\"twitter:label2\" content=\"Est. tempo de leitura\" \/>\n\t<meta name=\"twitter:data2\" content=\"6 minutos\" \/>\n<!-- \/ Yoast SEO plugin. -->","yoast_head_json":{"title":"O legume laranja famoso por ajudar os olhos tamb\u00e9m pode ser cultivado facilmente na horta de casa - Correio Braziliense - Radar","description":"Cultivo simples na horta ou em vasos e nutrientes importantes fazem esse alimento ganhar destaque na alimenta\u00e7\u00e3o di\u00e1ria.","robots":{"index":"index","follow":"follow","max-snippet":"max-snippet:-1","max-image-preview":"max-image-preview:large","max-video-preview":"max-video-preview:-1"},"canonical":"https:\/\/www.correiobraziliense.com.br\/cbradar\/o-legume-laranja-famoso-por-ajudar-os-olhos-tambem-pode-ser-cultivado-facilmente-na-horta-de-casa\/","og_locale":"pt_BR","og_type":"article","og_title":"O legume laranja famoso por ajudar os olhos tamb\u00e9m pode ser cultivado facilmente na horta de casa - Correio Braziliense - Radar","og_description":"Cultivo simples na horta ou em vasos e nutrientes importantes fazem esse alimento ganhar destaque na alimenta\u00e7\u00e3o di\u00e1ria.","og_url":"https:\/\/www.correiobraziliense.com.br\/cbradar\/o-legume-laranja-famoso-por-ajudar-os-olhos-tambem-pode-ser-cultivado-facilmente-na-horta-de-casa\/","og_site_name":"Correio Braziliense - Radar","article_published_time":"2026-03-17T13:45:05+00:00","og_image":[{"width":1280,"height":720,"url":"https:\/\/www.correiobraziliense.com.br\/cbradar\/wp-content\/uploads\/2026\/02\/Gemini_Generated_Image_b6ar15b6ar15b6ar-1.png","type":"image\/png"}],"author":"Daniely Cardoso","twitter_card":"summary_large_image","twitter_misc":{"Escrito por":"Daniely Cardoso","Est. tempo de leitura":"6 minutos"},"schema":{"@context":"https:\/\/schema.org","@graph":[{"@type":"WebPage","@id":"https:\/\/www.correiobraziliense.com.br\/cbradar\/o-legume-laranja-famoso-por-ajudar-os-olhos-tambem-pode-ser-cultivado-facilmente-na-horta-de-casa\/","url":"https:\/\/www.correiobraziliense.com.br\/cbradar\/o-legume-laranja-famoso-por-ajudar-os-olhos-tambem-pode-ser-cultivado-facilmente-na-horta-de-casa\/","name":"O legume laranja famoso por ajudar os olhos tamb\u00e9m pode ser cultivado facilmente na horta de casa - Correio Braziliense - Radar","isPartOf":{"@id":"https:\/\/www.correiobraziliense.com.br\/cbradar\/#website"},"primaryImageOfPage":{"@id":"https:\/\/www.correiobraziliense.com.br\/cbradar\/o-legume-laranja-famoso-por-ajudar-os-olhos-tambem-pode-ser-cultivado-facilmente-na-horta-de-casa\/#primaryimage"},"image":{"@id":"https:\/\/www.correiobraziliense.com.br\/cbradar\/o-legume-laranja-famoso-por-ajudar-os-olhos-tambem-pode-ser-cultivado-facilmente-na-horta-de-casa\/#primaryimage"},"thumbnailUrl":"https:\/\/www.correiobraziliense.com.br\/cbradar\/wp-content\/uploads\/2026\/02\/Gemini_Generated_Image_b6ar15b6ar15b6ar-1.png","datePublished":"2026-03-17T13:45:05+00:00","author":{"@id":"https:\/\/www.correiobraziliense.com.br\/cbradar\/#\/schema\/person\/7356666e12ec0ee53f348ee5db227032"},"description":"Cultivo simples na horta ou em vasos e nutrientes importantes fazem esse alimento ganhar destaque na alimenta\u00e7\u00e3o di\u00e1ria.","breadcrumb":{"@id":"https:\/\/www.correiobraziliense.com.br\/cbradar\/o-legume-laranja-famoso-por-ajudar-os-olhos-tambem-pode-ser-cultivado-facilmente-na-horta-de-casa\/#breadcrumb"},"inLanguage":"pt-BR","potentialAction":[{"@type":"ReadAction","target":["https:\/\/www.correiobraziliense.com.br\/cbradar\/o-legume-laranja-famoso-por-ajudar-os-olhos-tambem-pode-ser-cultivado-facilmente-na-horta-de-casa\/"]}]},{"@type":"ImageObject","inLanguage":"pt-BR","@id":"https:\/\/www.correiobraziliense.com.br\/cbradar\/o-legume-laranja-famoso-por-ajudar-os-olhos-tambem-pode-ser-cultivado-facilmente-na-horta-de-casa\/#primaryimage","url":"https:\/\/www.correiobraziliense.com.br\/cbradar\/wp-content\/uploads\/2026\/02\/Gemini_Generated_Image_b6ar15b6ar15b6ar-1.png","contentUrl":"https:\/\/www.correiobraziliense.com.br\/cbradar\/wp-content\/uploads\/2026\/02\/Gemini_Generated_Image_b6ar15b6ar15b6ar-1.png","width":1280,"height":720,"caption":"A principal caracter\u00edstica da cenoura \u00e9 sua elevada concentra\u00e7\u00e3o de betacaroteno"},{"@type":"BreadcrumbList","@id":"https:\/\/www.correiobraziliense.com.br\/cbradar\/o-legume-laranja-famoso-por-ajudar-os-olhos-tambem-pode-ser-cultivado-facilmente-na-horta-de-casa\/#breadcrumb","itemListElement":[{"@type":"ListItem","position":1,"name":"In\u00edcio","item":"https:\/\/www.correiobraziliense.com.br\/cbradar\/"},{"@type":"ListItem","position":2,"name":"O legume laranja famoso por ajudar os olhos tamb\u00e9m pode ser cultivado facilmente na horta de casa"}]},{"@type":"WebSite","@id":"https:\/\/www.correiobraziliense.com.br\/cbradar\/#website","url":"https:\/\/www.correiobraziliense.com.br\/cbradar\/","name":"Correio Braziliense - Radar","description":"Acompanhe as \u00faltimas not\u00edcias e fique bem informado sobre tudo o que acontece no Brasil e no mundo.","potentialAction":[{"@type":"SearchAction","target":{"@type":"EntryPoint","urlTemplate":"https:\/\/www.correiobraziliense.com.br\/cbradar\/?s={search_term_string}"},"query-input":{"@type":"PropertyValueSpecification","valueRequired":true,"valueName":"search_term_string"}}],"inLanguage":"pt-BR"},{"@type":"Person","@id":"https:\/\/www.correiobraziliense.com.br\/cbradar\/#\/schema\/person\/7356666e12ec0ee53f348ee5db227032","name":"Daniely Cardoso","image":{"@type":"ImageObject","inLanguage":"pt-BR","@id":"https:\/\/www.correiobraziliense.com.br\/cbradar\/#\/schema\/person\/image\/","url":"https:\/\/secure.gravatar.com\/avatar\/4b80ddbd124d1f071b626d52d62e5dff?s=96&d=mm&r=g","contentUrl":"https:\/\/secure.gravatar.com\/avatar\/4b80ddbd124d1f071b626d52d62e5dff?s=96&d=mm&r=g","caption":"Daniely Cardoso"},"description":"Redatora nos portais CB Radar e EM Foco, formada pela Universidade Federal de Goi\u00e1s, em Goi\u00e2nia. Apaixonada por comunica\u00e7\u00e3o, arte, decora\u00e7\u00e3o e tend\u00eancias, atuo na produ\u00e7\u00e3o de conte\u00fados envolventes sobre curiosidades, moda, beleza e paisagismo, sempre com um olhar atento \u00e0s novidades do momento.","sameAs":["https:\/\/www.correiobraziliense.com.br\/cbradar"],"url":"https:\/\/www.correiobraziliense.com.br\/cbradar\/author\/danielymyth\/"}]}},"_links":{"self":[{"href":"https:\/\/www.correiobraziliense.com.br\/cbradar\/wp-json\/wp\/v2\/posts\/209074","targetHints":{"allow":["GET"]}}],"collection":[{"href":"https:\/\/www.correiobraziliense.com.br\/cbradar\/wp-json\/wp\/v2\/posts"}],"about":[{"href":"https:\/\/www.correiobraziliense.com.br\/cbradar\/wp-json\/wp\/v2\/types\/post"}],"author":[{"embeddable":true,"href":"https:\/\/www.correiobraziliense.com.br\/cbradar\/wp-json\/wp\/v2\/users\/9"}],"replies":[{"embeddable":true,"href":"https:\/\/www.correiobraziliense.com.br\/cbradar\/wp-json\/wp\/v2\/comments?post=209074"}],"version-history":[{"count":2,"href":"https:\/\/www.correiobraziliense.com.br\/cbradar\/wp-json\/wp\/v2\/posts\/209074\/revisions"}],"predecessor-version":[{"id":209365,"href":"https:\/\/www.correiobraziliense.com.br\/cbradar\/wp-json\/wp\/v2\/posts\/209074\/revisions\/209365"}],"wp:featuredmedia":[{"embeddable":true,"href":"https:\/\/www.correiobraziliense.com.br\/cbradar\/wp-json\/wp\/v2\/media\/187284"}],"wp:attachment":[{"href":"https:\/\/www.correiobraziliense.com.br\/cbradar\/wp-json\/wp\/v2\/media?parent=209074"}],"wp:term":[{"taxonomy":"category","embeddable":true,"href":"https:\/\/www.correiobraziliense.com.br\/cbradar\/wp-json\/wp\/v2\/categories?post=209074"},{"taxonomy":"post_tag","embeddable":true,"href":"https:\/\/www.correiobraziliense.com.br\/cbradar\/wp-json\/wp\/v2\/tags?post=209074"}],"curies":[{"name":"wp","href":"https:\/\/api.w.org\/{rel}","templated":true}]}}