{"id":209080,"date":"2026-03-15T21:05:00","date_gmt":"2026-03-16T00:05:00","guid":{"rendered":"https:\/\/www.correiobraziliense.com.br\/cbradar\/?p=209080"},"modified":"2026-03-15T17:04:06","modified_gmt":"2026-03-15T20:04:06","slug":"a-quarta-cidade-mais-antiga-do-brasil-tem-um-cristo-redentor-anterior-ao-do-rio-de-janeiro","status":"publish","type":"post","link":"https:\/\/www.correiobraziliense.com.br\/cbradar\/a-quarta-cidade-mais-antiga-do-brasil-tem-um-cristo-redentor-anterior-ao-do-rio-de-janeiro\/","title":{"rendered":"A quarta cidade mais antiga do Brasil tem um Cristo Redentor anterior ao do Rio de Janeiro"},"content":{"rendered":"\n<p>Ruas de pedra, fachadas coloniais e o sil\u00eancio de quem entra numa igreja do s\u00e9culo XVII recebem o visitante que sobe a ladeira at\u00e9 o centro hist\u00f3rico de <strong>S\u00e3o Crist\u00f3v\u00e3o<\/strong>, a quarta cidade mais antiga do Brasil, a 25 km de <strong>Aracaju<\/strong>.<\/p>\n\n\n\n<h2 class=\"wp-block-heading\">Por que a Pra\u00e7a S\u00e3o Francisco \u00e9 \u00fanica nas Am\u00e9ricas?<\/h2>\n\n\n\n<p>Porque o seu tra\u00e7ado segue as <strong>Ordena\u00e7\u00f5es Filipinas<\/strong>, c\u00f3digo urbano espanhol aplicado durante a <strong>Uni\u00e3o Ib\u00e9rica (1580-1640)<\/strong>. O resultado \u00e9 uma fus\u00e3o rara entre o modelo de Plaza Mayor hisp\u00e2nica e o padr\u00e3o colonial portugu\u00eas, algo que n\u00e3o se repetiu em nenhum outro lugar do continente. Em 2010, a <strong>Organiza\u00e7\u00e3o das Na\u00e7\u00f5es Unidas para a Educa\u00e7\u00e3o, a Ci\u00eancia e a Cultura (<a href=\"http:\/\/portal.iphan.gov.br\/pagina\/detalhes\/43\" target=\"_blank\" rel=\"noreferrer noopener\"><strong>UNESCO<\/strong><\/a>)<\/strong> reconheceu o conjunto como Patrim\u00f4nio Mundial.<\/p>\n\n\n\n<p>O quadril\u00e1tero re\u00fane a <strong>Igreja e Convento de S\u00e3o Francisco<\/strong>, a antiga <strong>Santa Casa de Miseric\u00f3rdia<\/strong>, o <strong>Museu Hist\u00f3rico de Sergipe<\/strong> e casar\u00f5es dos s\u00e9culos XVIII e XIX. Os primeiros tombamentos pelo <a href=\"http:\/\/portal.iphan.gov.br\/pagina\/detalhes\/289\" target=\"_blank\" rel=\"noreferrer noopener\"><strong>IPHAN<\/strong><\/a> ocorreram na d\u00e9cada de 1940, e o conjunto urbano inteiro foi protegido em 1967.<\/p>\n\n\n<div class=\"wp-block-image\">\n<figure class=\"aligncenter size-large\"><img decoding=\"async\" width=\"1024\" height=\"576\" src=\"https:\/\/www.correiobraziliense.com.br\/cbradar\/wp-content\/uploads\/2025\/12\/Design-sem-nome-55-1024x576.png\" alt=\"A 4\u00aa cidade mais antiga do Brasil, fundada em 1590, chama aten\u00e7\u00e3o por causar uma aut\u00eantica viagem no tempo\" class=\"wp-image-158312\" srcset=\"https:\/\/www.correiobraziliense.com.br\/cbradar\/wp-content\/uploads\/2025\/12\/Design-sem-nome-55-1024x576.png 1024w, https:\/\/www.correiobraziliense.com.br\/cbradar\/wp-content\/uploads\/2025\/12\/Design-sem-nome-55-300x169.png 300w, https:\/\/www.correiobraziliense.com.br\/cbradar\/wp-content\/uploads\/2025\/12\/Design-sem-nome-55-768x432.png 768w, https:\/\/www.correiobraziliense.com.br\/cbradar\/wp-content\/uploads\/2025\/12\/Design-sem-nome-55-750x422.png 750w, https:\/\/www.correiobraziliense.com.br\/cbradar\/wp-content\/uploads\/2025\/12\/Design-sem-nome-55-1140x641.png 1140w, https:\/\/www.correiobraziliense.com.br\/cbradar\/wp-content\/uploads\/2025\/12\/Design-sem-nome-55.png 1280w\" sizes=\"(max-width: 1024px) 100vw, 1024px\" \/><figcaption class=\"wp-element-caption\">S\u00e3o Crist\u00f3v\u00e3o encanta com ruas de pedra, casario colonial e a Pra\u00e7a S\u00e3o Francisco, onde o tempo parece ter parado em meio a igrejas, museus e serenidade. \/\/ Cr\u00e9ditos: Wikip\u00e9dia<\/figcaption><\/figure><\/div>\n\n\n<h2 class=\"wp-block-heading\">Um Cristo Redentor inaugurado cinco anos antes do carioca<\/h2>\n\n\n\n<p>No alto da colina de <strong>S\u00e3o Gon\u00e7alo<\/strong>, a 90 metros de altitude, o Cristo Redentor sancristovense observa a cidade desde janeiro de <strong>1926<\/strong>. Com 16 metros de altura, a escultura foi encomendada pelo governador <strong>Graccho Cardoso<\/strong> ao arquiteto italiano <strong>Bellando Bellandi<\/strong>. A pose \u00e9 diferente da vers\u00e3o carioca: um bra\u00e7o acolhe, o outro aponta para a cidade.<\/p>\n\n\n\n<p>Pesquisadores da <strong>Faculdade de Belas Artes de S\u00e3o Paulo<\/strong> identificaram, em 1984, o exemplar sergipano como o mais antigo e original entre mais de 1.200 monumentos semelhantes catalogados no pa\u00eds. O mirante foi <a href=\"https:\/\/www.saocristovao.se.gov.br\/noticia\/prefeitura-de-sao-cristovao-inaugura-obra-de-requalificacao-do-primeiro-cristo-redentor-do-brasil\" target=\"_blank\" rel=\"noreferrer noopener\"><strong>requalificado pela Prefeitura<\/strong><\/a> e oferece vista panor\u00e2mica do centro hist\u00f3rico e do rio Vaza-Barris.<\/p>\n\n\n\n<p><strong>A hist\u00f3ria e a tradi\u00e7\u00e3o de uma das cidades mais antigas do Brasil revelam a heran\u00e7a colonial de Sergipe. <\/strong>O v\u00eddeo \u00e9 do canal <strong>Hugo Corelli<\/strong>, que conta com mais de <strong>100 mil<\/strong> inscritos, e apresenta a Pra\u00e7a S\u00e3o Francisco, as tradicionais queijadinhas e o memorial da Irm\u00e3 Dulce:<\/p>\n\n\n\n<figure class=\"wp-block-embed aligncenter is-type-video is-provider-youtube wp-block-embed-youtube wp-embed-aspect-16-9 wp-has-aspect-ratio\"><div class=\"wp-block-embed__wrapper\">\n<div class=\"jeg_video_container jeg_video_content\"><iframe loading=\"lazy\" title=\"A Cidade Mais Antiga de Sergipe | S\u00e3o Crist\u00f3v\u00e3o\" width=\"500\" height=\"281\" src=\"https:\/\/www.youtube.com\/embed\/EEGnmNsLpQI?feature=oembed\" frameborder=\"0\" allow=\"accelerometer; autoplay; clipboard-write; encrypted-media; gyroscope; picture-in-picture; web-share\" referrerpolicy=\"strict-origin-when-cross-origin\" allowfullscreen><\/iframe><\/div>\n<\/div><\/figure>\n\n\n\n<h2 class=\"wp-block-heading\">O que visitar na Cidade M\u00e3e de Sergipe?<\/h2>\n\n\n\n<p>O centro hist\u00f3rico concentra as atra\u00e7\u00f5es em poucas quadras, todas acess\u00edveis a p\u00e9. Meio dia \u00e9 suficiente para percorrer os principais pontos, mas o ritmo lento da cidade convida a ficar mais.<\/p>\n\n\n\n<ul class=\"wp-block-list\">\n<li><strong>Museu de Arte Sacra<\/strong>: instalado na antiga Ordem Terceira de S\u00e3o Francisco, re\u00fane mais de 500 pe\u00e7as dos s\u00e9culos XVII ao XX, incluindo um trono em cedro folheado a ouro. Considerado um dos tr\u00eas mais importantes do g\u00eanero no Brasil.<\/li>\n\n\n\n<li><strong>Museu Hist\u00f3rico de Sergipe<\/strong>: funciona no antigo Pal\u00e1cio Provincial, onde <strong>Dom Pedro II<\/strong> se hospedou em 1860. Restaurado e reaberto em 2025, exibe mobili\u00e1rio imperial e documentos originais.<\/li>\n\n\n\n<li><strong>Igreja Matriz de Nossa Senhora da Vit\u00f3ria<\/strong>: templo mais antigo de Sergipe, erguido em 1608, sobreviveu \u00e0 invas\u00e3o holandesa e foi elevado a Santu\u00e1rio em 2023.<\/li>\n\n\n\n<li><strong>Igreja do Ros\u00e1rio dos Homens Pretos<\/strong>: fundada em 1746 por negros escravizados, carrega s\u00e9culos de resist\u00eancia e f\u00e9 em sua arquitetura.<\/li>\n\n\n\n<li><strong>Parque Natural Bica dos Pintos<\/strong>: \u00e1rea verde com nascentes de \u00e1gua natural, ideal para uma pausa entre os passeios hist\u00f3ricos.<\/li>\n<\/ul>\n\n\n<div class=\"wp-block-image\">\n<figure class=\"aligncenter size-large\"><img decoding=\"async\" width=\"1024\" height=\"576\" src=\"https:\/\/www.correiobraziliense.com.br\/cbradar\/wp-content\/uploads\/2025\/12\/Design-sem-nome-56-1024x576.png\" alt=\"A 4\u00aa cidade mais antiga do Brasil, fundada em 1590, chama aten\u00e7\u00e3o por causar uma aut\u00eantica viagem no tempo\" class=\"wp-image-158311\" srcset=\"https:\/\/www.correiobraziliense.com.br\/cbradar\/wp-content\/uploads\/2025\/12\/Design-sem-nome-56-1024x576.png 1024w, https:\/\/www.correiobraziliense.com.br\/cbradar\/wp-content\/uploads\/2025\/12\/Design-sem-nome-56-300x169.png 300w, https:\/\/www.correiobraziliense.com.br\/cbradar\/wp-content\/uploads\/2025\/12\/Design-sem-nome-56-768x432.png 768w, https:\/\/www.correiobraziliense.com.br\/cbradar\/wp-content\/uploads\/2025\/12\/Design-sem-nome-56-750x422.png 750w, https:\/\/www.correiobraziliense.com.br\/cbradar\/wp-content\/uploads\/2025\/12\/Design-sem-nome-56-1140x641.png 1140w, https:\/\/www.correiobraziliense.com.br\/cbradar\/wp-content\/uploads\/2025\/12\/Design-sem-nome-56.png 1280w\" sizes=\"(max-width: 1024px) 100vw, 1024px\" \/><figcaption class=\"wp-element-caption\">S\u00e3o Crist\u00f3v\u00e3o encanta ao combinar religiosidade, patrim\u00f4nio hist\u00f3rico e sabores t\u00edpicos, oferecendo aos visitantes uma experi\u00eancia cultural completa em Sergipe. \/\/ Cr\u00e9ditos: Wikipedia<\/figcaption><\/figure><\/div>\n\n\n<p><strong>Leia tamb\u00e9m: <a href=\"https:\/\/www.correiobraziliense.com.br\/cbradar\/sem-pregos-parafusos-ou-cimento-o-sistema-frances-de-blocos-de-madeira-que-permite-montar-uma-casa-termica-em-15-dias\/\" target=\"_blank\" rel=\"noreferrer noopener\">Sem pregos, parafusos ou cimento: o sistema franc\u00eas de blocos de madeira que permite montar uma casa t\u00e9rmica em 15 dias.<\/a><\/strong><\/p>\n\n\n\n<h2 class=\"wp-block-heading\">Queijada sem queijo e biscoitos su\u00ed\u00e7os no Nordeste<\/h2>\n\n\n\n<p>A gastronomia sancristovense gira em torno de receitas que cruzaram oceanos e ganharam sabor local. Tr\u00eas iguarias s\u00e3o parada obrigat\u00f3ria.<\/p>\n\n\n\n<ul class=\"wp-block-list\">\n<li><strong>Queijada<\/strong>: apesar do nome, n\u00e3o leva queijo. Pessoas escravizadas substitu\u00edram o ingrediente original por coco, abundante na regi\u00e3o. A receita atravessa gera\u00e7\u00f5es e \u00e9 <strong>Patrim\u00f4nio Cultural Imaterial de Sergipe<\/strong>. A <strong>Casa da Queijada<\/strong>, na Pra\u00e7a da Matriz, mant\u00e9m a tradi\u00e7\u00e3o.<\/li>\n\n\n\n<li><strong>Bricelet<\/strong>: biscoito fino e crocante de origem su\u00ed\u00e7a, trazido por freiras beneditinas que viveram enclausuradas na antiga Santa Casa. Leva farinha, ovos e suco de laranja. \u00c9 <a href=\"https:\/\/www.saocristovao.se.gov.br\/noticia\/bricelet-produzido-em-sao-cristovao-e-patrimonio-cultural-imaterial-do-estado-de-sergipe\" target=\"_blank\" rel=\"noreferrer noopener\"><strong>Patrim\u00f4nio Cultural Imaterial do estado<\/strong><\/a> desde 2021.<\/li>\n\n\n\n<li><strong>Beij\u00fa<\/strong>: heran\u00e7a ind\u00edgena feita com farinha de tapioca e coco, vendido na Casa do Beij\u00fa, no centro hist\u00f3rico.<\/li>\n<\/ul>\n\n\n\n<h2 class=\"wp-block-heading\">Quando o clima favorece os passeios pelo centro hist\u00f3rico?<\/h2>\n\n\n\n<p>S\u00e3o Crist\u00f3v\u00e3o tem clima tropical quente e \u00famido durante o ano inteiro. O sol forte real\u00e7a as fachadas coloridas, mas exige prote\u00e7\u00e3o durante as caminhadas nas ladeiras de pedra.<\/p>\n\n\n\n<div class=\"google-auto-ads-ignore\" style=\"font-family: 'Segoe UI', Roboto, -apple-system, sans-serif; max-width: 850px; margin: 20px auto; box-sizing: border-box; background-color: #ffffff; -webkit-font-smoothing: antialiased; text-rendering: optimizeLegibility;\">\n    \n    <div style=\"background: #fffcfc; border-radius: 20px; overflow: hidden; border: 1px solid #bae6fd; display: flex; flex-direction: column; box-shadow: 0 4px 15px rgba(2, 132, 199, 0.05);\">\n        \n        <div style=\"background: linear-gradient(135deg, #38bdf8 0%, #0284c7 100%); padding: 20px 30px; text-align: left;\">\n            <div style=\"font-size: 24px; font-weight: 800; color: #ffffff; letter-spacing: -0.5px; line-height: 1.2;\">\n                Sazonalidade e condi\u00e7\u00f5es para atividades em S\u00e3o Crist\u00f3v\u00e3o\n            <\/div>\n            <div style=\"font-size: 14px; color: #e0f2fe; margin-top: 4px; font-weight: 500; opacity: 0.9;\">\n                An\u00e1lise clim\u00e1tica detalhada para planejamento de viagem e roteiros hist\u00f3ricos e culturais na quarta cidade mais antiga do Brasil\n            <\/div>\n        <\/div>\n\n        <div style=\"padding: 15px;\">\n            <div style=\"display: grid; width: 100%; grid-template-columns: 0.8fr 0.7fr 1fr 0.7fr 1.8fr; gap: 1px; background-color: #7dd3fc; border-radius: 12px; border: 1px solid #7dd3fc; overflow: hidden;\">\n                \n                <div style=\"background: #f0f9ff; padding: 10px; font-weight: 800; font-size: 11px; text-transform: uppercase; color: #0c4a6e; text-align: center;\">Esta\u00e7\u00e3o<\/div>\n                <div style=\"background: #f0f9ff; padding: 10px; font-weight: 800; font-size: 11px; text-transform: uppercase; color: #0c4a6e; text-align: center;\">Meses<\/div>\n                <div style=\"background: #f0f9ff; padding: 10px; font-weight: 800; font-size: 11px; text-transform: uppercase; color: #0c4a6e; text-align: center;\">Temperatura<\/div>\n                <div style=\"background: #f0f9ff; padding: 10px; font-weight: 800; font-size: 11px; text-transform: uppercase; color: #0c4a6e; text-align: center;\">Chuva<\/div>\n                <div style=\"background: #f0f9ff; padding: 10px; font-weight: 800; font-size: 11px; text-transform: uppercase; color: #0c4a6e; text-align: center;\">O que fazer<\/div>\n\n                <div style=\"background: #ffffff; padding: 12px; font-weight: 800; color: #0284c7; font-size: 14px; display: flex; align-items: center; justify-content: center; gap: 5px;\">\u2600\ufe0f Ver\u00e3o<\/div>\n                <div style=\"background: #ffffff; padding: 12px; font-size: 13px; color: #1e293b; font-weight: 600; display: flex; align-items: center; justify-content: center;\">Dez-Fev<\/div>\n                <div style=\"background: #ffffff; padding: 12px; display: flex; align-items: center; justify-content: center; gap: 6px;\">\n                    <span style=\"font-size: 13px; font-weight: 700; color: #1e293b;\">25-32\u00b0C<\/span>\n                <\/div>\n                <div style=\"background: #ffffff; padding: 12px; font-size: 13px; color: #4b5563; font-weight: 600; display: flex; align-items: center; justify-content: center;\">Baixa<\/div>\n                <div style=\"background: #ffffff; padding: 12px; font-size: 13px; line-height: 1.4; color: #1e293b; display: flex; align-items: center;\">Centro hist\u00f3rico e vista do mirante do Cristo.<\/div>\n\n                <div style=\"background: #f8fafc; padding: 12px; font-weight: 800; color: #0284c7; font-size: 14px; display: flex; align-items: center; justify-content: center; gap: 5px;\">\ud83c\udf42 Outono<\/div>\n                <div style=\"background: #f8fafc; padding: 12px; font-size: 13px; color: #1e293b; font-weight: 600; display: flex; align-items: center; justify-content: center;\">Mar-Mai<\/div>\n                <div style=\"background: #f8fafc; padding: 12px; display: flex; align-items: center; justify-content: center; gap: 6px;\">\n                    <span style=\"font-size: 13px; font-weight: 700; color: #1e293b;\">24-30\u00b0C<\/span>\n                <\/div>\n                <div style=\"background: #f8fafc; padding: 12px; font-size: 13px; color: #4b5563; font-weight: 600; display: flex; align-items: center; justify-content: center;\">M\u00e9dia<\/div>\n                <div style=\"background: #f8fafc; padding: 12px; font-size: 13px; line-height: 1.4; color: #1e293b; display: flex; align-items: center;\">Museus de Arte Sacra e a rica gastronomia local.<\/div>\n\n                <div style=\"background: #ffffff; padding: 12px; font-weight: 800; color: #0284c7; font-size: 14px; display: flex; align-items: center; justify-content: center; gap: 5px;\">\u2744\ufe0f Inverno<\/div>\n                <div style=\"background: #ffffff; padding: 12px; font-size: 13px; color: #1e293b; font-weight: 600; display: flex; align-items: center; justify-content: center;\">Jun-Ago<\/div>\n                <div style=\"background: #ffffff; padding: 12px; display: flex; align-items: center; justify-content: center; gap: 6px;\">\n                    <span style=\"font-size: 13px; font-weight: 700; color: #1e293b;\">22-28\u00b0C<\/span>\n                <\/div>\n                <div style=\"background: #ffffff; padding: 12px; font-size: 13px; color: #ef4444; font-weight: 600; display: flex; align-items: center; justify-content: center;\">Alta<\/div>\n                <div style=\"background: #ffffff; padding: 12px; font-size: 13px; line-height: 1.4; color: #1e293b; display: flex; align-items: center;\">Roteiro de igrejas hist\u00f3ricas e artesanato.<\/div>\n\n                <div style=\"background: #f8fafc; padding: 12px; font-weight: 800; color: #0284c7; font-size: 14px; display: flex; align-items: center; justify-content: center; gap: 5px;\">\ud83c\udfa8 Primavera<\/div>\n                <div style=\"background: #f8fafc; padding: 12px; font-size: 13px; color: #1e293b; font-weight: 600; display: flex; align-items: center; justify-content: center;\">Set-Nov<\/div>\n                <div style=\"background: #f8fafc; padding: 12px; display: flex; align-items: center; justify-content: center; gap: 6px;\">\n                    <span style=\"font-size: 13px; font-weight: 700; color: #1e293b;\">24-31\u00b0C<\/span>\n                <\/div>\n                <div style=\"background: #f8fafc; padding: 12px; font-size: 13px; color: #4b5563; font-weight: 600; display: flex; align-items: center; justify-content: center;\">M\u00e9dia<\/div>\n                <div style=\"background: #f8fafc; padding: 12px; font-size: 13px; line-height: 1.4; color: #1e293b; display: flex; align-items: center;\">FASC (Festival de Artes) e trilhas no Parque Bica dos Pintos.<\/div>\n            <\/div>\n        <\/div>\n\n        <div style=\"padding: 10px 30px; background: #f0f9ff; border-top: 1px solid #bae6fd; font-size: 12px; color: #0c4a6e; font-style: italic; display: flex; align-items: center; gap: 8px; font-weight: 600;\">\n            <div style=\"width: 6px; height: 6px; background: #0284c7; border-radius: 50%;\"><\/div>\n            Informa\u00e7\u00e3o: A primavera \u00e9 o auge cultural da cidade com a realiza\u00e7\u00e3o do FASC, unindo arte e hist\u00f3ria sob um clima agrad\u00e1vel.\n        <\/div>\n        \n    <\/div>\n<\/div>\n\n\n\n<p><em>Temperaturas aproximadas com base no <a href=\"https:\/\/www.climatempo.com.br\/previsao-do-tempo\/cidade\/1463\/saocristovao-se\" target=\"_blank\" rel=\"noreferrer noopener\"><strong>Climatempo<\/strong><\/a>. Condi\u00e7\u00f5es podem variar.<\/em><\/p>\n\n\n<div class=\"wp-block-image\">\n<figure class=\"aligncenter size-large\"><img decoding=\"async\" width=\"1024\" height=\"576\" src=\"https:\/\/www.correiobraziliense.com.br\/cbradar\/wp-content\/uploads\/2025\/12\/Design-sem-nome-57-1024x576.png\" alt=\"\" class=\"wp-image-158314\" srcset=\"https:\/\/www.correiobraziliense.com.br\/cbradar\/wp-content\/uploads\/2025\/12\/Design-sem-nome-57-1024x576.png 1024w, https:\/\/www.correiobraziliense.com.br\/cbradar\/wp-content\/uploads\/2025\/12\/Design-sem-nome-57-300x169.png 300w, https:\/\/www.correiobraziliense.com.br\/cbradar\/wp-content\/uploads\/2025\/12\/Design-sem-nome-57-768x432.png 768w, https:\/\/www.correiobraziliense.com.br\/cbradar\/wp-content\/uploads\/2025\/12\/Design-sem-nome-57-750x422.png 750w, https:\/\/www.correiobraziliense.com.br\/cbradar\/wp-content\/uploads\/2025\/12\/Design-sem-nome-57-1140x641.png 1140w, https:\/\/www.correiobraziliense.com.br\/cbradar\/wp-content\/uploads\/2025\/12\/Design-sem-nome-57.png 1280w\" sizes=\"(max-width: 1024px) 100vw, 1024px\" \/><figcaption class=\"wp-element-caption\">S\u00e3o Crist\u00f3v\u00e3o \u00e9 conhecida como \u201cCidade M\u00e3e de Sergipe\u201d, por ter sido ber\u00e7o pol\u00edtico e administrativo do estado, com forte legado religioso e cultural preservado. \/\/ Cr\u00e9ditos: YouTube @ViajandotodoobrasilBr<\/figcaption><\/figure><\/div>\n\n\n<h2 class=\"wp-block-heading\">Como chegar a S\u00e3o Crist\u00f3v\u00e3o saindo de Aracaju?<\/h2>\n\n\n\n<p>A Cidade M\u00e3e de Sergipe fica a 25 km de Aracaju, cerca de 30 minutos de carro. Micro-\u00f4nibus partem da Rodovi\u00e1ria Velha da capital com destino ao centro hist\u00f3rico e param na Pra\u00e7a S\u00e3o Francisco. Quem vem de outros estados acessa a cidade pela <strong>BR-101<\/strong> e segue pela rodovia estadual.<\/p>\n\n\n\n<h2 class=\"wp-block-heading\">A cidade onde o Brasil come\u00e7ou a ser Sergipe<\/h2>\n\n\n\n<p>Fundada em <strong>1590<\/strong>, S\u00e3o Crist\u00f3v\u00e3o concentra em poucas quadras mais de quatro s\u00e9culos de hist\u00f3ria, um acervo sacro raro, uma do\u00e7aria de receitas centen\u00e1rias e o primeiro Cristo Redentor erguido no pa\u00eds.<\/p>\n\n\n\n<p>Voc\u00ea precisa subir a ladeira de pedra e sentir o peso do tempo em cada fachada da Cidade M\u00e3e, a menos de meia hora de Aracaju.<\/p>\n","protected":false},"excerpt":{"rendered":"<p>Ruas de pedra, fachadas coloniais e o sil\u00eancio de quem entra numa igreja do s\u00e9culo XVII recebem o visitante que sobe a ladeira at\u00e9 o centro hist\u00f3rico de S\u00e3o Crist\u00f3v\u00e3o, a quarta cidade mais antiga do Brasil, a 25 km de Aracaju. Por que a Pra\u00e7a S\u00e3o Francisco \u00e9 \u00fanica nas Am\u00e9ricas? Porque o seu [&hellip;]<\/p>\n","protected":false},"author":8,"featured_media":209094,"comment_status":"open","ping_status":"open","sticky":false,"template":"","format":"standard","meta":{"_yoast_wpseo_focuskw":"cidade mais antiga do Brasil","_yoast_wpseo_title":"","_yoast_wpseo_metadesc":"A 4\u00aa cidade mais antiga do Brasil guarda uma curiosidade hist\u00f3rica: um Cristo Redentor anterior ao do Rio de Janeiro.","jnews-multi-image_gallery":[],"jnews_single_post":{"format":"standard"},"jnews_primary_category":[],"jnews_social_meta":[],"jnews_override_counter":[],"footnotes":""},"categories":[108,111],"tags":[16178,12947],"class_list":["post-209080","post","type-post","status-publish","format-standard","has-post-thumbnail","hentry","category-cidades","category-turismo","tag-sao-cristovao-2","tag-sergipe"],"yoast_head":"<!-- This site is optimized with the Yoast SEO plugin v24.6 - https:\/\/yoast.com\/wordpress\/plugins\/seo\/ -->\n<title>A quarta cidade mais antiga do Brasil tem um Cristo Redentor anterior ao do Rio de Janeiro - Correio Braziliense - Radar<\/title>\n<meta name=\"description\" content=\"A 4\u00aa cidade mais antiga do Brasil guarda uma curiosidade hist\u00f3rica: um Cristo Redentor anterior ao do Rio de Janeiro.\" \/>\n<meta name=\"robots\" content=\"index, follow, max-snippet:-1, max-image-preview:large, max-video-preview:-1\" \/>\n<link rel=\"canonical\" href=\"https:\/\/www.correiobraziliense.com.br\/cbradar\/a-quarta-cidade-mais-antiga-do-brasil-tem-um-cristo-redentor-anterior-ao-do-rio-de-janeiro\/\" \/>\n<meta property=\"og:locale\" content=\"pt_BR\" \/>\n<meta property=\"og:type\" content=\"article\" \/>\n<meta property=\"og:title\" content=\"A quarta cidade mais antiga do Brasil tem um Cristo Redentor anterior ao do Rio de Janeiro - Correio Braziliense - Radar\" \/>\n<meta property=\"og:description\" content=\"A 4\u00aa cidade mais antiga do Brasil guarda uma curiosidade hist\u00f3rica: um Cristo Redentor anterior ao do Rio de Janeiro.\" \/>\n<meta property=\"og:url\" content=\"https:\/\/www.correiobraziliense.com.br\/cbradar\/a-quarta-cidade-mais-antiga-do-brasil-tem-um-cristo-redentor-anterior-ao-do-rio-de-janeiro\/\" \/>\n<meta property=\"og:site_name\" content=\"Correio Braziliense - Radar\" \/>\n<meta property=\"article:published_time\" content=\"2026-03-16T00:05:00+00:00\" \/>\n<meta property=\"og:image\" content=\"https:\/\/www.correiobraziliense.com.br\/cbradar\/wp-content\/uploads\/2026\/03\/aaa-25.png\" \/>\n\t<meta property=\"og:image:width\" content=\"1280\" \/>\n\t<meta property=\"og:image:height\" content=\"720\" \/>\n\t<meta property=\"og:image:type\" content=\"image\/png\" \/>\n<meta name=\"author\" content=\"Maura Pereira\" \/>\n<meta name=\"twitter:card\" content=\"summary_large_image\" \/>\n<meta name=\"twitter:label1\" content=\"Escrito por\" \/>\n\t<meta name=\"twitter:data1\" content=\"Maura Pereira\" \/>\n\t<meta name=\"twitter:label2\" content=\"Est. tempo de leitura\" \/>\n\t<meta name=\"twitter:data2\" content=\"7 minutos\" \/>\n<!-- \/ Yoast SEO plugin. -->","yoast_head_json":{"title":"A quarta cidade mais antiga do Brasil tem um Cristo Redentor anterior ao do Rio de Janeiro - Correio Braziliense - Radar","description":"A 4\u00aa cidade mais antiga do Brasil guarda uma curiosidade hist\u00f3rica: um Cristo Redentor anterior ao do Rio de Janeiro.","robots":{"index":"index","follow":"follow","max-snippet":"max-snippet:-1","max-image-preview":"max-image-preview:large","max-video-preview":"max-video-preview:-1"},"canonical":"https:\/\/www.correiobraziliense.com.br\/cbradar\/a-quarta-cidade-mais-antiga-do-brasil-tem-um-cristo-redentor-anterior-ao-do-rio-de-janeiro\/","og_locale":"pt_BR","og_type":"article","og_title":"A quarta cidade mais antiga do Brasil tem um Cristo Redentor anterior ao do Rio de Janeiro - Correio Braziliense - Radar","og_description":"A 4\u00aa cidade mais antiga do Brasil guarda uma curiosidade hist\u00f3rica: um Cristo Redentor anterior ao do Rio de Janeiro.","og_url":"https:\/\/www.correiobraziliense.com.br\/cbradar\/a-quarta-cidade-mais-antiga-do-brasil-tem-um-cristo-redentor-anterior-ao-do-rio-de-janeiro\/","og_site_name":"Correio Braziliense - Radar","article_published_time":"2026-03-16T00:05:00+00:00","og_image":[{"width":1280,"height":720,"url":"https:\/\/www.correiobraziliense.com.br\/cbradar\/wp-content\/uploads\/2026\/03\/aaa-25.png","type":"image\/png"}],"author":"Maura Pereira","twitter_card":"summary_large_image","twitter_misc":{"Escrito por":"Maura Pereira","Est. tempo de leitura":"7 minutos"},"schema":{"@context":"https:\/\/schema.org","@graph":[{"@type":"WebPage","@id":"https:\/\/www.correiobraziliense.com.br\/cbradar\/a-quarta-cidade-mais-antiga-do-brasil-tem-um-cristo-redentor-anterior-ao-do-rio-de-janeiro\/","url":"https:\/\/www.correiobraziliense.com.br\/cbradar\/a-quarta-cidade-mais-antiga-do-brasil-tem-um-cristo-redentor-anterior-ao-do-rio-de-janeiro\/","name":"A quarta cidade mais antiga do Brasil tem um Cristo Redentor anterior ao do Rio de Janeiro - Correio Braziliense - Radar","isPartOf":{"@id":"https:\/\/www.correiobraziliense.com.br\/cbradar\/#website"},"primaryImageOfPage":{"@id":"https:\/\/www.correiobraziliense.com.br\/cbradar\/a-quarta-cidade-mais-antiga-do-brasil-tem-um-cristo-redentor-anterior-ao-do-rio-de-janeiro\/#primaryimage"},"image":{"@id":"https:\/\/www.correiobraziliense.com.br\/cbradar\/a-quarta-cidade-mais-antiga-do-brasil-tem-um-cristo-redentor-anterior-ao-do-rio-de-janeiro\/#primaryimage"},"thumbnailUrl":"https:\/\/www.correiobraziliense.com.br\/cbradar\/wp-content\/uploads\/2026\/03\/aaa-25.png","datePublished":"2026-03-16T00:05:00+00:00","author":{"@id":"https:\/\/www.correiobraziliense.com.br\/cbradar\/#\/schema\/person\/4053c651a9bfc785afc6f4cbc9032fd3"},"description":"A 4\u00aa cidade mais antiga do Brasil guarda uma curiosidade hist\u00f3rica: um Cristo Redentor anterior ao do Rio de Janeiro.","breadcrumb":{"@id":"https:\/\/www.correiobraziliense.com.br\/cbradar\/a-quarta-cidade-mais-antiga-do-brasil-tem-um-cristo-redentor-anterior-ao-do-rio-de-janeiro\/#breadcrumb"},"inLanguage":"pt-BR","potentialAction":[{"@type":"ReadAction","target":["https:\/\/www.correiobraziliense.com.br\/cbradar\/a-quarta-cidade-mais-antiga-do-brasil-tem-um-cristo-redentor-anterior-ao-do-rio-de-janeiro\/"]}]},{"@type":"ImageObject","inLanguage":"pt-BR","@id":"https:\/\/www.correiobraziliense.com.br\/cbradar\/a-quarta-cidade-mais-antiga-do-brasil-tem-um-cristo-redentor-anterior-ao-do-rio-de-janeiro\/#primaryimage","url":"https:\/\/www.correiobraziliense.com.br\/cbradar\/wp-content\/uploads\/2026\/03\/aaa-25.png","contentUrl":"https:\/\/www.correiobraziliense.com.br\/cbradar\/wp-content\/uploads\/2026\/03\/aaa-25.png","width":1280,"height":720,"caption":"Fundada em 1590, S\u00e3o Crist\u00f3v\u00e3o concentra em poucas quadras mais de quatro s\u00e9culos de hist\u00f3ria. \/ Imagem ilustrativa"},{"@type":"BreadcrumbList","@id":"https:\/\/www.correiobraziliense.com.br\/cbradar\/a-quarta-cidade-mais-antiga-do-brasil-tem-um-cristo-redentor-anterior-ao-do-rio-de-janeiro\/#breadcrumb","itemListElement":[{"@type":"ListItem","position":1,"name":"In\u00edcio","item":"https:\/\/www.correiobraziliense.com.br\/cbradar\/"},{"@type":"ListItem","position":2,"name":"A quarta cidade mais antiga do Brasil tem um Cristo Redentor anterior ao do Rio de Janeiro"}]},{"@type":"WebSite","@id":"https:\/\/www.correiobraziliense.com.br\/cbradar\/#website","url":"https:\/\/www.correiobraziliense.com.br\/cbradar\/","name":"Correio Braziliense - Radar","description":"Acompanhe as \u00faltimas not\u00edcias e fique bem informado sobre tudo o que acontece no Brasil e no mundo.","potentialAction":[{"@type":"SearchAction","target":{"@type":"EntryPoint","urlTemplate":"https:\/\/www.correiobraziliense.com.br\/cbradar\/?s={search_term_string}"},"query-input":{"@type":"PropertyValueSpecification","valueRequired":true,"valueName":"search_term_string"}}],"inLanguage":"pt-BR"},{"@type":"Person","@id":"https:\/\/www.correiobraziliense.com.br\/cbradar\/#\/schema\/person\/4053c651a9bfc785afc6f4cbc9032fd3","name":"Maura Pereira","image":{"@type":"ImageObject","inLanguage":"pt-BR","@id":"https:\/\/www.correiobraziliense.com.br\/cbradar\/#\/schema\/person\/image\/","url":"https:\/\/secure.gravatar.com\/avatar\/3effd6bdadfa447f15089c7f7144eaa6?s=96&d=mm&r=g","contentUrl":"https:\/\/secure.gravatar.com\/avatar\/3effd6bdadfa447f15089c7f7144eaa6?s=96&d=mm&r=g","caption":"Maura Pereira"},"sameAs":["https:\/\/www.correiobraziliense.com.br\/"],"url":"https:\/\/www.correiobraziliense.com.br\/cbradar\/author\/mauramyth\/"}]}},"_links":{"self":[{"href":"https:\/\/www.correiobraziliense.com.br\/cbradar\/wp-json\/wp\/v2\/posts\/209080","targetHints":{"allow":["GET"]}}],"collection":[{"href":"https:\/\/www.correiobraziliense.com.br\/cbradar\/wp-json\/wp\/v2\/posts"}],"about":[{"href":"https:\/\/www.correiobraziliense.com.br\/cbradar\/wp-json\/wp\/v2\/types\/post"}],"author":[{"embeddable":true,"href":"https:\/\/www.correiobraziliense.com.br\/cbradar\/wp-json\/wp\/v2\/users\/8"}],"replies":[{"embeddable":true,"href":"https:\/\/www.correiobraziliense.com.br\/cbradar\/wp-json\/wp\/v2\/comments?post=209080"}],"version-history":[{"count":8,"href":"https:\/\/www.correiobraziliense.com.br\/cbradar\/wp-json\/wp\/v2\/posts\/209080\/revisions"}],"predecessor-version":[{"id":209095,"href":"https:\/\/www.correiobraziliense.com.br\/cbradar\/wp-json\/wp\/v2\/posts\/209080\/revisions\/209095"}],"wp:featuredmedia":[{"embeddable":true,"href":"https:\/\/www.correiobraziliense.com.br\/cbradar\/wp-json\/wp\/v2\/media\/209094"}],"wp:attachment":[{"href":"https:\/\/www.correiobraziliense.com.br\/cbradar\/wp-json\/wp\/v2\/media?parent=209080"}],"wp:term":[{"taxonomy":"category","embeddable":true,"href":"https:\/\/www.correiobraziliense.com.br\/cbradar\/wp-json\/wp\/v2\/categories?post=209080"},{"taxonomy":"post_tag","embeddable":true,"href":"https:\/\/www.correiobraziliense.com.br\/cbradar\/wp-json\/wp\/v2\/tags?post=209080"}],"curies":[{"name":"wp","href":"https:\/\/api.w.org\/{rel}","templated":true}]}}