{"id":209082,"date":"2026-03-17T14:25:59","date_gmt":"2026-03-17T17:25:59","guid":{"rendered":"https:\/\/www.correiobraziliense.com.br\/cbradar\/?p=209082"},"modified":"2026-03-16T16:37:36","modified_gmt":"2026-03-16T19:37:36","slug":"essas-arvores-podem-reduzir-o-calor-no-quintal-e-criar-uma-sombra-natural-perfeita-para-dias-quentes","status":"publish","type":"post","link":"https:\/\/www.correiobraziliense.com.br\/cbradar\/essas-arvores-podem-reduzir-o-calor-no-quintal-e-criar-uma-sombra-natural-perfeita-para-dias-quentes\/","title":{"rendered":"Essas \u00e1rvores podem reduzir o calor no quintal e criar uma sombra natural perfeita para dias quentes"},"content":{"rendered":"\n<p>Imagine abrir a porta de casa em um dia quente e, em vez de um quintal escaldante, encontrar um cantinho fresco, com <b>sombra gostosa<\/b> e barulho de <b>passarinhos<\/b>. Ter \u00e1rvores ao redor da casa \u00e9 uma das formas mais simples de reduzir a temperatura, deixar o ambiente mais agrad\u00e1vel e ainda valorizar o visual do <b>jardim<\/b>, sem precisar de grandes reformas ou investimentos.<\/p>\n\n\n\n<h2 class=\"wp-block-heading\">Por que vale a pena ter \u00e1rvores de sombra no quintal<\/h2>\n\n\n\n<p>As \u00e1rvores de sombra funcionam como uma <b>cobertura natural<\/b> que filtra a luz do sol e reduz o calor direto em pisos, paredes e janelas. Com isso, o solo esquenta menos, o ar fica mais <b>fresco<\/b> e, em muitos casos, a casa chega a precisar menos de ventilador e <b>ar-condicionado<\/b> em certos hor\u00e1rios.<\/p>\n\n\n\n<p>Al\u00e9m de refrescar, \u00e1rvores como <b>ip\u00ea-roxo<\/b>, <b>pitangueira<\/b> e <b>jacarand\u00e1-mimoso<\/b> oferecem flores, frutos e folhas decorativas, deixando o quintal mais bonito e acolhedor. Elas tamb\u00e9m atraem p\u00e1ssaros e <b>borboletas<\/b>, melhoram o ar e ajudam a organizar o espa\u00e7o, criando \u00e1reas de descanso, de brincar com as crian\u00e7as ou at\u00e9 de montar uma <b>horta<\/b> na sombra parcial.<\/p>\n\n\n<div class=\"wp-block-image\">\n<figure class=\"aligncenter size-full\"><img decoding=\"async\" width=\"1280\" height=\"720\" src=\"https:\/\/www.correiobraziliense.com.br\/cbradar\/wp-content\/uploads\/2026\/03\/Gemini_Generated_Image_vy632svy632svy63-1.png\" alt=\"\" class=\"wp-image-206691\" srcset=\"https:\/\/www.correiobraziliense.com.br\/cbradar\/wp-content\/uploads\/2026\/03\/Gemini_Generated_Image_vy632svy632svy63-1.png 1280w, https:\/\/www.correiobraziliense.com.br\/cbradar\/wp-content\/uploads\/2026\/03\/Gemini_Generated_Image_vy632svy632svy63-1-300x169.png 300w, https:\/\/www.correiobraziliense.com.br\/cbradar\/wp-content\/uploads\/2026\/03\/Gemini_Generated_Image_vy632svy632svy63-1-768x432.png 768w, https:\/\/www.correiobraziliense.com.br\/cbradar\/wp-content\/uploads\/2026\/03\/Gemini_Generated_Image_vy632svy632svy63-1-750x422.png 750w, https:\/\/www.correiobraziliense.com.br\/cbradar\/wp-content\/uploads\/2026\/03\/Gemini_Generated_Image_vy632svy632svy63-1-1140x641.png 1140w\" sizes=\"(max-width: 1280px) 100vw, 1280px\" \/><figcaption class=\"wp-element-caption\">Ao escolher esp\u00e9cies para \u00e1reas externas de menor tamanho, especialistas em paisagismo costumam alertar que algumas \u00e1rvores, apesar de muito populares<\/figcaption><\/figure><\/div>\n\n\n<p>Leia tamb\u00e9m:&nbsp;<a href=\"https:\/\/www.correiobraziliense.com.br\/cbradar\/a-arvore-tropical-que-produz-frutos-nutritivos-e-ainda-traz-aroma-agradavel-para-o-quintal\/\" target=\"_blank\" rel=\"noopener\">A \u00e1rvore tropical que produz frutos nutritivos e ainda traz aroma agrad\u00e1vel para o quintal<\/a><\/p>\n\n\n\n<h2 class=\"wp-block-heading\">Como plantar \u00e1rvores de sombra no quintal passo a passo<\/h2>\n\n\n\n<p>Antes de sair cavando o solo, vale olhar bem o <b>tamanho<\/b> do quintal e imaginar o porte da \u00e1rvore depois de adulta. Isso evita que, no futuro, galhos encostem em telhados, muros, <b>fia\u00e7\u00f5es<\/b> ou prejudiquem a passagem em \u00e1reas de <b>circula\u00e7\u00e3o<\/b>.<\/p>\n\n\n\n<ol class=\"wp-block-list\">\n<li><strong>Escolha do local:<\/strong> selecionar um ponto com sol direto boa parte do dia, mantendo pelo menos <b>3 a 4<\/b> metros de dist\u00e2ncia de paredes, encanamentos aparentes e estruturas <b>enterradas<\/b>.<\/li>\n\n\n\n<li><strong>Abertura da cova:<\/strong> cavar um buraco com cerca de <b>40 a 60<\/b> cm de profundidade e largura, ou o dobro do tamanho do torr\u00e3o da muda, facilitando o crescimento das <b>ra\u00edzes<\/b>.<\/li>\n\n\n\n<li><strong>Prepara\u00e7\u00e3o do solo:<\/strong> misturar a terra retirada com mat\u00e9ria org\u00e2nica bem decomposta (como composto ou <b>esterco curtido<\/b>) e um pouco de areia se o solo for muito argiloso, melhorando a <b>drenagem<\/b>.<\/li>\n\n\n\n<li><strong>Posicionamento da muda:<\/strong> colocar a muda no centro da cova, deixando o <b>colo<\/b> (encontro entre caule e raiz) no mesmo n\u00edvel do solo, sem enterrar <b>demais<\/b>.<\/li>\n\n\n\n<li><strong>Reenchimento e firmeza:<\/strong> preencher o buraco com a <b>terra preparada<\/b>, apertando levemente ao redor para tirar bols\u00f5es de ar, mas sem compactar <b>demais<\/b>.<\/li>\n\n\n\n<li><strong>Rega inicial:<\/strong> regar bem logo ap\u00f3s o <b>plantio<\/b>, para que o solo fique \u00famido em profundidade e ajude a planta a se <b>adaptar<\/b>.<\/li>\n<\/ol>\n\n\n\n<p>Nos primeiros meses, a rega deve ser frequente, principalmente em dias muito <b>quentes<\/b>. Se a muda for alta ou estiver em local com vento, um <b>tutor<\/b> (estaca) preso com material flex\u00edvel ajuda a manter o tronco firme, e uma camada de folhas secas ou cascas ao redor mant\u00e9m a umidade e deixa o solo mais <b>fresco<\/b>.<\/p>\n\n\n\n<h2 class=\"wp-block-heading\">Quais \u00e1rvores de sombra s\u00e3o boas para quintais residenciais<\/h2>\n\n\n\n<p>Na hora de escolher a esp\u00e9cie, \u00e9 importante pensar no <b>tamanho do terreno<\/b>, na proximidade com constru\u00e7\u00f5es e no tipo de sombra desejada. Algumas \u00e1rvores s\u00e3o melhores para <b>quintais pequenos<\/b>; outras precisam de mais espa\u00e7o para crescer sem <b>apertos<\/b>.<\/p>\n\n\n\n<p>Entre as op\u00e7\u00f5es que costumam funcionar bem em casas, algumas se destacam pela sombra agrad\u00e1vel e pela <b>beleza<\/b> ao longo do ano:<\/p>\n\n\n\n<ul class=\"wp-block-list\">\n<li><strong>Pitangueira (Eugenia uniflora):<\/strong> \u00e1rvore de pequeno a <b>m\u00e9dio porte<\/b>, boa para quintais urbanos. D\u00e1 sombra moderada, folhas verdes brilhantes e frutos vermelhos <b>saborosos<\/b>, com ra\u00edzes geralmente menos <b>agressivas<\/b>.<\/li>\n<\/ul>\n\n\n\n<figure class=\"wp-block-embed is-type-rich is-provider-pinterest wp-block-embed-pinterest\"><div class=\"wp-block-embed__wrapper\">\n<iframe loading=\"lazy\" title=\"Op\u00e7\u00e3o de \u00e1rvore: Pitangueira. Medianamente r\u00fastica, porte pequeno a m\u00e9dio, com 2m a 4m de altura, mas alcan\u00e7ando, em \u00f3timas condi\u00e7\u00f5es de clima e de solo, qdo adulta, alturas acima de 6m\u00a03\u00a0e at\u00e9, no m\u00e1ximo, 12m. Folhagem perene. Folhas pequenas e verde-escuras, quando amassadas, exalam um forte aroma caracter\u00edstico. As flores s\u00e3o brancas e pequenas.Cultivada tradicionalmente em quintais dom\u00e9sticos.\" src=\"https:\/\/assets.pinterest.com\/ext\/embed.html?id=633387431304592&#038;src=oembed\" height=\"705\" width=\"450\" frameborder=\"0\" scrolling=\"no\" ><\/iframe>\n<\/div><\/figure>\n\n\n\n<ul class=\"wp-block-list\">\n<li><strong>Ip\u00ea-roxo (Handroanthus impetiginosus):<\/strong> cresce um pouco mais devagar, mas oferece sombra filtrada e uma florada marcante no inverno ou na <b>primavera<\/b>, sendo \u00f3timo ponto focal perto de bancos ou <b>redes<\/b>.<\/li>\n<\/ul>\n\n\n\n<figure class=\"wp-block-embed is-type-rich is-provider-pinterest wp-block-embed-pinterest\"><div class=\"wp-block-embed__wrapper\">\n<iframe loading=\"lazy\" title=\"S\u00e9rie com Ip\u00ea-Roxo Bola (Tabebuia impetiginosa) - Series with the Pau DArco Bark - 11-06-2008 - IMG_3949\" src=\"https:\/\/assets.pinterest.com\/ext\/embed.html?id=22447698115151442&#038;src=oembed\" height=\"674\" width=\"450\" frameborder=\"0\" scrolling=\"no\" ><\/iframe>\n<\/div><\/figure>\n\n\n\n<ul class=\"wp-block-list\">\n<li><strong>Jacarand\u00e1-mimoso (Jacaranda mimosifolia):<\/strong> indicado para \u00e1reas maiores, forma copa ampla e muita <b>sombra<\/b>, com flores roxas bonitas; solta bastante folha, o que enriquece o solo, mas exige <b>varri\u00e7\u00e3o<\/b> frequente.<\/li>\n<\/ul>\n\n\n\n<figure class=\"wp-block-embed is-type-rich is-provider-pinterest wp-block-embed-pinterest\"><div class=\"wp-block-embed__wrapper\">\n<iframe loading=\"lazy\" title=\"Como plantar Jacarand\u00e1\" src=\"https:\/\/assets.pinterest.com\/ext\/embed.html?id=22799541850704855&#038;src=oembed\" height=\"699\" width=\"450\" frameborder=\"0\" scrolling=\"no\" ><\/iframe>\n<\/div><\/figure>\n\n\n\n<h2 class=\"wp-block-heading\">Quais cuidados manter depois de plantar \u00e1rvores de sombra<\/h2>\n\n\n\n<p>Depois do plantio, a \u00e1rvore precisa de acompanhamento para crescer forte e <b>saud\u00e1vel<\/b>. Mais do que s\u00f3 regar, \u00e9 importante observar o tronco, a copa, as ra\u00edzes aparentes e qualquer sinal de <b>praga<\/b> ou doen\u00e7a, como folhas muito manchadas ou galhos <b>secos<\/b>.<\/p>\n\n\n\n<p>Alguns h\u00e1bitos simples mant\u00eam a \u00e1rvore bonita por muitos anos: regas profundas em \u00e9pocas secas, aduba\u00e7\u00e3o com mat\u00e9ria org\u00e2nica de 2 a 3 vezes por ano, podas leves para tirar galhos cruzados ou secos e cuidado para n\u00e3o machucar o <b>tronco<\/b> com cortadores de grama ou pisoteio. Com esse cuidado b\u00e1sico, o quintal se transforma em um espa\u00e7o mais <b>fresco<\/b>, agrad\u00e1vel e cheio de <b>vida<\/b> em todas as esta\u00e7\u00f5es.<\/p>\n","protected":false},"excerpt":{"rendered":"<p>Imagine abrir a porta de casa em um dia quente e, em vez de um quintal escaldante, encontrar um cantinho fresco, com sombra gostosa e barulho de passarinhos. Ter \u00e1rvores ao redor da casa \u00e9 uma das formas mais simples de reduzir a temperatura, deixar o ambiente mais agrad\u00e1vel e ainda valorizar o visual do [&hellip;]<\/p>\n","protected":false},"author":9,"featured_media":209639,"comment_status":"open","ping_status":"open","sticky":false,"template":"","format":"standard","meta":{"_yoast_wpseo_focuskw":"\u00e1rvores de sombra no quintal","_yoast_wpseo_title":"","_yoast_wpseo_metadesc":"Algumas \u00e1rvores podem reduzir o calor do quintal, criar sombra natural e deixar o jardim mais bonito e agrad\u00e1vel.","jnews-multi-image_gallery":[],"jnews_single_post":{"format":"standard"},"jnews_primary_category":[],"jnews_social_meta":[],"jnews_override_counter":[],"footnotes":""},"categories":[136],"tags":[2578,16177,224,6040],"class_list":["post-209082","post","type-post","status-publish","format-standard","has-post-thumbnail","hentry","category-jardinagem","tag-arvores","tag-arvores-em-casa","tag-plantas","tag-quintal"],"yoast_head":"<!-- This site is optimized with the Yoast SEO plugin v24.6 - https:\/\/yoast.com\/wordpress\/plugins\/seo\/ -->\n<title>Essas \u00e1rvores podem reduzir o calor no quintal e criar uma sombra natural perfeita para dias quentes - Correio Braziliense - Radar<\/title>\n<meta name=\"description\" content=\"Algumas \u00e1rvores podem reduzir o calor do quintal, criar sombra natural e deixar o jardim mais bonito e agrad\u00e1vel.\" \/>\n<meta name=\"robots\" content=\"index, follow, max-snippet:-1, max-image-preview:large, max-video-preview:-1\" \/>\n<link rel=\"canonical\" href=\"https:\/\/www.correiobraziliense.com.br\/cbradar\/essas-arvores-podem-reduzir-o-calor-no-quintal-e-criar-uma-sombra-natural-perfeita-para-dias-quentes\/\" \/>\n<meta property=\"og:locale\" content=\"pt_BR\" \/>\n<meta property=\"og:type\" content=\"article\" \/>\n<meta property=\"og:title\" content=\"Essas \u00e1rvores podem reduzir o calor no quintal e criar uma sombra natural perfeita para dias quentes - Correio Braziliense - Radar\" \/>\n<meta property=\"og:description\" content=\"Algumas \u00e1rvores podem reduzir o calor do quintal, criar sombra natural e deixar o jardim mais bonito e agrad\u00e1vel.\" \/>\n<meta property=\"og:url\" content=\"https:\/\/www.correiobraziliense.com.br\/cbradar\/essas-arvores-podem-reduzir-o-calor-no-quintal-e-criar-uma-sombra-natural-perfeita-para-dias-quentes\/\" \/>\n<meta property=\"og:site_name\" content=\"Correio Braziliense - Radar\" \/>\n<meta property=\"article:published_time\" content=\"2026-03-17T17:25:59+00:00\" \/>\n<meta property=\"og:image\" content=\"https:\/\/www.correiobraziliense.com.br\/cbradar\/wp-content\/uploads\/2026\/03\/pets-39.jpg\" \/>\n\t<meta property=\"og:image:width\" content=\"1280\" \/>\n\t<meta property=\"og:image:height\" content=\"720\" \/>\n\t<meta property=\"og:image:type\" content=\"image\/jpeg\" \/>\n<meta name=\"author\" content=\"Daniely Cardoso\" \/>\n<meta name=\"twitter:card\" content=\"summary_large_image\" \/>\n<meta name=\"twitter:label1\" content=\"Escrito por\" \/>\n\t<meta name=\"twitter:data1\" content=\"Daniely Cardoso\" \/>\n\t<meta name=\"twitter:label2\" content=\"Est. tempo de leitura\" \/>\n\t<meta name=\"twitter:data2\" content=\"5 minutos\" \/>\n<!-- \/ Yoast SEO plugin. -->","yoast_head_json":{"title":"Essas \u00e1rvores podem reduzir o calor no quintal e criar uma sombra natural perfeita para dias quentes - Correio Braziliense - Radar","description":"Algumas \u00e1rvores podem reduzir o calor do quintal, criar sombra natural e deixar o jardim mais bonito e agrad\u00e1vel.","robots":{"index":"index","follow":"follow","max-snippet":"max-snippet:-1","max-image-preview":"max-image-preview:large","max-video-preview":"max-video-preview:-1"},"canonical":"https:\/\/www.correiobraziliense.com.br\/cbradar\/essas-arvores-podem-reduzir-o-calor-no-quintal-e-criar-uma-sombra-natural-perfeita-para-dias-quentes\/","og_locale":"pt_BR","og_type":"article","og_title":"Essas \u00e1rvores podem reduzir o calor no quintal e criar uma sombra natural perfeita para dias quentes - Correio Braziliense - Radar","og_description":"Algumas \u00e1rvores podem reduzir o calor do quintal, criar sombra natural e deixar o jardim mais bonito e agrad\u00e1vel.","og_url":"https:\/\/www.correiobraziliense.com.br\/cbradar\/essas-arvores-podem-reduzir-o-calor-no-quintal-e-criar-uma-sombra-natural-perfeita-para-dias-quentes\/","og_site_name":"Correio Braziliense - Radar","article_published_time":"2026-03-17T17:25:59+00:00","og_image":[{"width":1280,"height":720,"url":"https:\/\/www.correiobraziliense.com.br\/cbradar\/wp-content\/uploads\/2026\/03\/pets-39.jpg","type":"image\/jpeg"}],"author":"Daniely Cardoso","twitter_card":"summary_large_image","twitter_misc":{"Escrito por":"Daniely Cardoso","Est. tempo de leitura":"5 minutos"},"schema":{"@context":"https:\/\/schema.org","@graph":[{"@type":"WebPage","@id":"https:\/\/www.correiobraziliense.com.br\/cbradar\/essas-arvores-podem-reduzir-o-calor-no-quintal-e-criar-uma-sombra-natural-perfeita-para-dias-quentes\/","url":"https:\/\/www.correiobraziliense.com.br\/cbradar\/essas-arvores-podem-reduzir-o-calor-no-quintal-e-criar-uma-sombra-natural-perfeita-para-dias-quentes\/","name":"Essas \u00e1rvores podem reduzir o calor no quintal e criar uma sombra natural perfeita para dias quentes - Correio Braziliense - Radar","isPartOf":{"@id":"https:\/\/www.correiobraziliense.com.br\/cbradar\/#website"},"primaryImageOfPage":{"@id":"https:\/\/www.correiobraziliense.com.br\/cbradar\/essas-arvores-podem-reduzir-o-calor-no-quintal-e-criar-uma-sombra-natural-perfeita-para-dias-quentes\/#primaryimage"},"image":{"@id":"https:\/\/www.correiobraziliense.com.br\/cbradar\/essas-arvores-podem-reduzir-o-calor-no-quintal-e-criar-uma-sombra-natural-perfeita-para-dias-quentes\/#primaryimage"},"thumbnailUrl":"https:\/\/www.correiobraziliense.com.br\/cbradar\/wp-content\/uploads\/2026\/03\/pets-39.jpg","datePublished":"2026-03-17T17:25:59+00:00","author":{"@id":"https:\/\/www.correiobraziliense.com.br\/cbradar\/#\/schema\/person\/7356666e12ec0ee53f348ee5db227032"},"description":"Algumas \u00e1rvores podem reduzir o calor do quintal, criar sombra natural e deixar o jardim mais bonito e agrad\u00e1vel.","breadcrumb":{"@id":"https:\/\/www.correiobraziliense.com.br\/cbradar\/essas-arvores-podem-reduzir-o-calor-no-quintal-e-criar-uma-sombra-natural-perfeita-para-dias-quentes\/#breadcrumb"},"inLanguage":"pt-BR","potentialAction":[{"@type":"ReadAction","target":["https:\/\/www.correiobraziliense.com.br\/cbradar\/essas-arvores-podem-reduzir-o-calor-no-quintal-e-criar-uma-sombra-natural-perfeita-para-dias-quentes\/"]}]},{"@type":"ImageObject","inLanguage":"pt-BR","@id":"https:\/\/www.correiobraziliense.com.br\/cbradar\/essas-arvores-podem-reduzir-o-calor-no-quintal-e-criar-uma-sombra-natural-perfeita-para-dias-quentes\/#primaryimage","url":"https:\/\/www.correiobraziliense.com.br\/cbradar\/wp-content\/uploads\/2026\/03\/pets-39.jpg","contentUrl":"https:\/\/www.correiobraziliense.com.br\/cbradar\/wp-content\/uploads\/2026\/03\/pets-39.jpg","width":1280,"height":720,"caption":"As \u00e1rvores de sombra funcionam como uma cobertura natural que filtra a luz do sol e reduz o calor direto em pisos, paredes e janelas"},{"@type":"BreadcrumbList","@id":"https:\/\/www.correiobraziliense.com.br\/cbradar\/essas-arvores-podem-reduzir-o-calor-no-quintal-e-criar-uma-sombra-natural-perfeita-para-dias-quentes\/#breadcrumb","itemListElement":[{"@type":"ListItem","position":1,"name":"In\u00edcio","item":"https:\/\/www.correiobraziliense.com.br\/cbradar\/"},{"@type":"ListItem","position":2,"name":"Essas \u00e1rvores podem reduzir o calor no quintal e criar uma sombra natural perfeita para dias quentes"}]},{"@type":"WebSite","@id":"https:\/\/www.correiobraziliense.com.br\/cbradar\/#website","url":"https:\/\/www.correiobraziliense.com.br\/cbradar\/","name":"Correio Braziliense - Radar","description":"Acompanhe as \u00faltimas not\u00edcias e fique bem informado sobre tudo o que acontece no Brasil e no mundo.","potentialAction":[{"@type":"SearchAction","target":{"@type":"EntryPoint","urlTemplate":"https:\/\/www.correiobraziliense.com.br\/cbradar\/?s={search_term_string}"},"query-input":{"@type":"PropertyValueSpecification","valueRequired":true,"valueName":"search_term_string"}}],"inLanguage":"pt-BR"},{"@type":"Person","@id":"https:\/\/www.correiobraziliense.com.br\/cbradar\/#\/schema\/person\/7356666e12ec0ee53f348ee5db227032","name":"Daniely Cardoso","image":{"@type":"ImageObject","inLanguage":"pt-BR","@id":"https:\/\/www.correiobraziliense.com.br\/cbradar\/#\/schema\/person\/image\/","url":"https:\/\/secure.gravatar.com\/avatar\/4b80ddbd124d1f071b626d52d62e5dff?s=96&d=mm&r=g","contentUrl":"https:\/\/secure.gravatar.com\/avatar\/4b80ddbd124d1f071b626d52d62e5dff?s=96&d=mm&r=g","caption":"Daniely Cardoso"},"description":"Redatora nos portais CB Radar e EM Foco, formada pela Universidade Federal de Goi\u00e1s, em Goi\u00e2nia. Apaixonada por comunica\u00e7\u00e3o, arte, decora\u00e7\u00e3o e tend\u00eancias, atuo na produ\u00e7\u00e3o de conte\u00fados envolventes sobre curiosidades, moda, beleza e paisagismo, sempre com um olhar atento \u00e0s novidades do momento.","sameAs":["https:\/\/www.correiobraziliense.com.br\/cbradar"],"url":"https:\/\/www.correiobraziliense.com.br\/cbradar\/author\/danielymyth\/"}]}},"_links":{"self":[{"href":"https:\/\/www.correiobraziliense.com.br\/cbradar\/wp-json\/wp\/v2\/posts\/209082","targetHints":{"allow":["GET"]}}],"collection":[{"href":"https:\/\/www.correiobraziliense.com.br\/cbradar\/wp-json\/wp\/v2\/posts"}],"about":[{"href":"https:\/\/www.correiobraziliense.com.br\/cbradar\/wp-json\/wp\/v2\/types\/post"}],"author":[{"embeddable":true,"href":"https:\/\/www.correiobraziliense.com.br\/cbradar\/wp-json\/wp\/v2\/users\/9"}],"replies":[{"embeddable":true,"href":"https:\/\/www.correiobraziliense.com.br\/cbradar\/wp-json\/wp\/v2\/comments?post=209082"}],"version-history":[{"count":2,"href":"https:\/\/www.correiobraziliense.com.br\/cbradar\/wp-json\/wp\/v2\/posts\/209082\/revisions"}],"predecessor-version":[{"id":209380,"href":"https:\/\/www.correiobraziliense.com.br\/cbradar\/wp-json\/wp\/v2\/posts\/209082\/revisions\/209380"}],"wp:featuredmedia":[{"embeddable":true,"href":"https:\/\/www.correiobraziliense.com.br\/cbradar\/wp-json\/wp\/v2\/media\/209639"}],"wp:attachment":[{"href":"https:\/\/www.correiobraziliense.com.br\/cbradar\/wp-json\/wp\/v2\/media?parent=209082"}],"wp:term":[{"taxonomy":"category","embeddable":true,"href":"https:\/\/www.correiobraziliense.com.br\/cbradar\/wp-json\/wp\/v2\/categories?post=209082"},{"taxonomy":"post_tag","embeddable":true,"href":"https:\/\/www.correiobraziliense.com.br\/cbradar\/wp-json\/wp\/v2\/tags?post=209082"}],"curies":[{"name":"wp","href":"https:\/\/api.w.org\/{rel}","templated":true}]}}