{"id":209083,"date":"2026-03-17T17:45:44","date_gmt":"2026-03-17T20:45:44","guid":{"rendered":"https:\/\/www.correiobraziliense.com.br\/cbradar\/?p=209083"},"modified":"2026-03-16T14:52:32","modified_gmt":"2026-03-16T17:52:32","slug":"essas-plantas-podem-ajudar-a-deixar-o-ar-da-casa-mais-leve-reduzir-odores-e-ainda-trazer-mais-verde-para-salas-e-quartos","status":"publish","type":"post","link":"https:\/\/www.correiobraziliense.com.br\/cbradar\/essas-plantas-podem-ajudar-a-deixar-o-ar-da-casa-mais-leve-reduzir-odores-e-ainda-trazer-mais-verde-para-salas-e-quartos\/","title":{"rendered":"Essas plantas podem ajudar a deixar o ar da casa mais leve, reduzir odores e ainda trazer mais verde para salas e quartos"},"content":{"rendered":"\n<p>Voc\u00ea j\u00e1 entrou em uma casa cheia de plantas e sentiu na hora que o ar parecia mais leve? Em cidades grandes, onde nem sempre d\u00e1 para abrir bem as janelas, usar plantas dentro de casa virou uma forma simples de deixar o ambiente mais bonito, acolhedor e com sensa\u00e7\u00e3o de frescor. Algumas esp\u00e9cies ainda ajudam a reduzir poeira, cheiros fortes e subst\u00e2ncias liberadas por m\u00f3veis, tintas e eletr\u00f4nicos, mas \u00e9 preciso saber quais escolher e como cuidar para que esse benef\u00edcio realmente apare\u00e7a no dia a dia.<\/p>\n\n\n\n<h2 class=\"wp-block-heading\">O que s\u00e3o plantas que purificam o ar e como elas funcionam<\/h2>\n\n\n\n<p>As chamadas <strong>plantas que purificam o ar<\/strong> s\u00e3o esp\u00e9cies que ajudam a deixar o ambiente interno menos \u201cpesado\u201d, absorvendo parte dos poluentes, liberando oxig\u00eanio e aumentando um pouco a umidade. Estudos em laborat\u00f3rio j\u00e1 mostraram que algumas delas interagem com compostos como formalde\u00eddo, benzeno e tolueno, comuns em locais com muitos materiais sint\u00e9ticos.<\/p>\n\n\n\n<p>Dentro de casa o efeito \u00e9 mais discreto, mas ainda assim faz diferen\u00e7a, especialmente em c\u00f4modos muito fechados. Boa parte desse trabalho \u00e9 feita em conjunto com os microorganismos presentes no substrato: ra\u00edzes e solo funcionam como um filtro natural. Por isso, n\u00e3o basta ter qualquer planta na sala; \u00e9 importante dar a ela um bom vaso, solo bem drenado e cuidados simples para que cres\u00e7a com sa\u00fade.<\/p>\n\n\n<div class=\"wp-block-image\">\n<figure class=\"aligncenter size-large\"><img decoding=\"async\" width=\"1024\" height=\"576\" src=\"https:\/\/www.correiobraziliense.com.br\/cbradar\/wp-content\/uploads\/2026\/02\/Gemini_Generated_Image_amwldjamwldjamwl-2-1024x576.png\" alt=\"\" class=\"wp-image-192558\" srcset=\"https:\/\/www.correiobraziliense.com.br\/cbradar\/wp-content\/uploads\/2026\/02\/Gemini_Generated_Image_amwldjamwldjamwl-2-1024x576.png 1024w, https:\/\/www.correiobraziliense.com.br\/cbradar\/wp-content\/uploads\/2026\/02\/Gemini_Generated_Image_amwldjamwldjamwl-2-300x169.png 300w, https:\/\/www.correiobraziliense.com.br\/cbradar\/wp-content\/uploads\/2026\/02\/Gemini_Generated_Image_amwldjamwldjamwl-2-768x432.png 768w, https:\/\/www.correiobraziliense.com.br\/cbradar\/wp-content\/uploads\/2026\/02\/Gemini_Generated_Image_amwldjamwldjamwl-2-750x422.png 750w, https:\/\/www.correiobraziliense.com.br\/cbradar\/wp-content\/uploads\/2026\/02\/Gemini_Generated_Image_amwldjamwldjamwl-2-1140x641.png 1140w, https:\/\/www.correiobraziliense.com.br\/cbradar\/wp-content\/uploads\/2026\/02\/Gemini_Generated_Image_amwldjamwldjamwl-2.png 1280w\" sizes=\"(max-width: 1024px) 100vw, 1024px\" \/><figcaption class=\"wp-element-caption\">O significado de ter muitas plantas dentro de casa varia conforme o contexto de cada pessoa<\/figcaption><\/figure><\/div>\n\n\n<p>Leia tamb\u00e9m:&nbsp;<a href=\"https:\/\/www.correiobraziliense.com.br\/cbradar\/plantar-essa-erva-na-varanda-pode-perfumar-o-ambiente-e-estimular-a-concentracao\/\" target=\"_blank\" rel=\"noopener\">Plantar essa erva na varanda pode perfumar o ambiente e estimular a concentra\u00e7\u00e3o<\/a><\/p>\n\n\n\n<h2 class=\"wp-block-heading\">Quais s\u00e3o as melhores plantas para purificar o ar dentro de casa<\/h2>\n\n\n\n<p>Algumas esp\u00e9cies se adaptam melhor a ambientes internos porque gostam de meia-sombra e luz indireta. Elas vivem bem em salas, quartos, escrit\u00f3rios e corredores com alguma luminosidade, sem precisar de sol direto o dia todo. Isso facilita a vida de quem passa muitas horas fora de casa e n\u00e3o consegue cuidar de plantas mais delicadas.<\/p>\n\n\n\n<p>Entre as op\u00e7\u00f5es mais usadas como <strong>plantas purificadoras de ar<\/strong> em apartamentos e casas est\u00e3o:<\/p>\n\n\n\n<ul class=\"wp-block-list\">\n<li><strong>Espada-de-s\u00e3o-jorge<\/strong>: resistente, suporta ambientes com pouca luz e aguenta per\u00edodos moderados de seca.<\/li>\n<\/ul>\n\n\n\n<figure class=\"wp-block-embed is-type-rich is-provider-pinterest wp-block-embed-pinterest\"><div class=\"wp-block-embed__wrapper\">\n<iframe loading=\"lazy\" title=\"Inspira\u00e7\u00e3o | Espada de S\u00e3o Jorge\" src=\"https:\/\/assets.pinterest.com\/ext\/embed.html?id=14214555069577007&#038;src=oembed\" height=\"899\" width=\"450\" frameborder=\"0\" scrolling=\"no\" ><\/iframe>\n<\/div><\/figure>\n\n\n\n<ul class=\"wp-block-list\">\n<li><strong>Jiboia<\/strong>: trepadeira vers\u00e1til que pode ser cultivada em vasos suspensos ou apoiada em suportes.<\/li>\n<\/ul>\n\n\n\n<figure class=\"wp-block-embed is-type-rich is-provider-pinterest wp-block-embed-pinterest\"><div class=\"wp-block-embed__wrapper\">\n<iframe loading=\"lazy\" title=\"Quer um arranjo bonito, f\u00e1cil de cuidar e que deixa a casa com cara de Pinterest? \ud83d\ude0d A jiboia na \u00e1gua \u00e9 perfeita pra quem ama plantas, mas n\u00e3o quer complica\u00e7\u00e3o! Ela cresce super bem s\u00f3 com \u00e1gua e luz indireta \u2014 e o efeito decorativo \u00e9 incr\u00edvel! \ud83d\udc9a  \ud83c\udf3f Quer mais ideias lindas assim? \ud83d\udccc O link com achadinhos e dicas pr\u00e1ticas t\u00e1 na bio!  #JiboiaNa\u00c1gua #ArranjoVerde #Decora\u00e7\u00e3oComPlantas #CantinhoVerde #PlantasEmCasa #DicaDePlanta #PlantasNa\u00c1gua #AmorPorPlantas #AchadinhoVerde #PlantinhaF\u00e1cil #ReelsDe...\" src=\"https:\/\/assets.pinterest.com\/ext\/embed.html?id=15692298697988196&#038;src=oembed\" height=\"899\" width=\"450\" frameborder=\"0\" scrolling=\"no\" ><\/iframe>\n<\/div><\/figure>\n\n\n\n<ul class=\"wp-block-list\">\n<li><strong>L\u00edrio-da-paz<\/strong>: aprecia ambientes \u00famidos e meia-sombra, al\u00e9m de florescer ao longo do ano.<\/li>\n<\/ul>\n\n\n\n<figure class=\"wp-block-embed is-type-rich is-provider-pinterest wp-block-embed-pinterest\"><div class=\"wp-block-embed__wrapper\">\n<iframe loading=\"lazy\" title=\"Lirio de paz \ud83c\udf31\ud83e\udd0d\" src=\"https:\/\/assets.pinterest.com\/ext\/embed.html?id=32088216098383571&#038;src=oembed\" height=\"899\" width=\"450\" frameborder=\"0\" scrolling=\"no\" ><\/iframe>\n<\/div><\/figure>\n\n\n\n<ul class=\"wp-block-list\">\n<li><strong>Clorofito (gravata)<\/strong>: forma touceiras cheias, ideal para prateleiras e floreiras.<\/li>\n<\/ul>\n\n\n\n<figure class=\"wp-block-embed is-type-rich is-provider-pinterest wp-block-embed-pinterest\"><div class=\"wp-block-embed__wrapper\">\n<iframe loading=\"lazy\" title=\" \" src=\"https:\/\/assets.pinterest.com\/ext\/embed.html?id=12244230228531132&#038;src=oembed\" height=\"777\" width=\"450\" frameborder=\"0\" scrolling=\"no\" ><\/iframe>\n<\/div><\/figure>\n\n\n\n<ul class=\"wp-block-list\">\n<li><strong>Palmeira-areca<\/strong>: indicada para salas amplas, ajuda a dar sensa\u00e7\u00e3o de frescor.<\/li>\n<\/ul>\n\n\n\n<figure class=\"wp-block-embed is-type-rich is-provider-pinterest wp-block-embed-pinterest\"><div class=\"wp-block-embed__wrapper\">\n<iframe loading=\"lazy\" title=\" \" src=\"https:\/\/assets.pinterest.com\/ext\/embed.html?id=78390849760874366&#038;src=oembed\" height=\"775\" width=\"450\" frameborder=\"0\" scrolling=\"no\" ><\/iframe>\n<\/div><\/figure>\n\n\n\n<h2 class=\"wp-block-heading\">Como plantar plantas que purificam o ar dentro de casa passo a passo<\/h2>\n\n\n\n<p>Para que as plantas que limpam o ar se mantenham bonitas e firmes, o jeito de plant\u00e1-las faz muita diferen\u00e7a. O processo \u00e9 simples, mas alguns cuidados evitam problemas como ra\u00edzes apodrecidas, mofo no substrato e folhas sempre ca\u00eddas. Vale adaptar o tipo de vaso e de terra conforme a esp\u00e9cie escolhida.<\/p>\n\n\n\n<ol class=\"wp-block-list\">\n<li><strong>Escolha do vaso<\/strong><br>Prefira vasos com furos de drenagem no fundo e, se poss\u00edvel, pratinho para conter o excesso de \u00e1gua. Vasos de cer\u00e2mica ajudam a manter a temperatura do substrato mais est\u00e1vel, enquanto modelos de pl\u00e1stico ret\u00eam mais umidade, algo que pode ser \u00fatil em locais muito secos.<\/li>\n\n\n\n<li><strong>Prepara\u00e7\u00e3o da drenagem<\/strong><br>Cubra o fundo do vaso com uma camada de pedrinhas, argila expandida ou cacos de telha. Em seguida, coloque uma manta de drenagem ou peda\u00e7o de tecido sint\u00e9tico para impedir que a terra escape pelos furos. Essa etapa evita encharcamento e apodrecimento das ra\u00edzes.<\/li>\n\n\n\n<li><strong>Substrato adequado<\/strong><br>Use um substrato leve e bem aerado, misturando terra vegetal com composto org\u00e2nico e um pouco de areia lavada ou perlita. Plantas como espada-de-s\u00e3o-jorge e jiboia preferem solos que n\u00e3o acumulem \u00e1gua por muito tempo.<\/li>\n\n\n\n<li><strong>Plantio da muda<\/strong><br>Posicione a muda no centro do vaso, preenchendo as laterais com o substrato preparado. Pressione levemente com as m\u00e3os para firmar a planta, sem compactar demais o solo, permitindo que o ar circule entre as part\u00edculas.<\/li>\n\n\n\n<li><strong>Primeira rega<\/strong><br>Regue at\u00e9 que a \u00e1gua comece a sair pelo fundo do vaso. Em seguida, descarte o excesso que ficar no pratinho. A partir da\u00ed, observe o tempo que o substrato leva para secar, ajustando a frequ\u00eancia de regas.<\/li>\n<\/ol>\n\n\n\n<figure class=\"wp-block-embed is-type-rich is-provider-pinterest wp-block-embed-pinterest\"><div class=\"wp-block-embed__wrapper\">\n<iframe loading=\"lazy\" title=\"Scandinavian Interior Bedroom: 10 Essential Elements for That Perfect Nordic Look\" src=\"https:\/\/assets.pinterest.com\/ext\/embed.html?id=227994799879898908&#038;src=oembed\" height=\"901\" width=\"450\" frameborder=\"0\" scrolling=\"no\" ><\/iframe>\n<\/div><\/figure>\n\n\n\n<h2 class=\"wp-block-heading\">Onde colocar as plantas purificadoras de ar dentro de casa<\/h2>\n\n\n\n<p>A posi\u00e7\u00e3o dos vasos influencia diretamente o bem-estar das plantas e, consequentemente, o quanto elas conseguem colaborar com o ambiente. Em geral, locais com luz indireta, como perto de janelas com cortinas finas, ajudam na fotoss\u00edntese sem queimar as folhas. Banheiros ventilados podem receber esp\u00e9cies que gostam de umidade, como o l\u00edrio-da-paz.<\/p>\n\n\n\n<p>Uma distribui\u00e7\u00e3o comum em apartamentos e casas inclui quartos com espada-de-s\u00e3o-jorge em vasos m\u00e9dios, salas com palmeira-areca, jiboia pendente e clorofito em estantes, e cozinhas com plantas mais resistentes \u00e0s varia\u00e7\u00f5es de temperatura. S\u00f3 evite ar-condicionado ou vento forte batendo direto nas folhas e, se houver crian\u00e7as ou animais, coloque esp\u00e9cies potencialmente t\u00f3xicas em locais altos e fora do alcance.<\/p>\n","protected":false},"excerpt":{"rendered":"<p>Voc\u00ea j\u00e1 entrou em uma casa cheia de plantas e sentiu na hora que o ar parecia mais leve? Em cidades grandes, onde nem sempre d\u00e1 para abrir bem as janelas, usar plantas dentro de casa virou uma forma simples de deixar o ambiente mais bonito, acolhedor e com sensa\u00e7\u00e3o de frescor. Algumas esp\u00e9cies ainda [&hellip;]<\/p>\n","protected":false},"author":9,"featured_media":181822,"comment_status":"open","ping_status":"open","sticky":false,"template":"","format":"standard","meta":{"_yoast_wpseo_focuskw":"plantas que purificam o ar","_yoast_wpseo_title":"","_yoast_wpseo_metadesc":"Algumas plantas podem ajudar a deixar o ar da casa mais leve e trazer mais frescor para ambientes internos.","jnews-multi-image_gallery":[],"jnews_single_post":{"format":"standard"},"jnews_primary_category":[],"jnews_social_meta":[],"jnews_override_counter":[],"footnotes":""},"categories":[136],"tags":[887,3174,224],"class_list":["post-209083","post","type-post","status-publish","format-standard","has-post-thumbnail","hentry","category-jardinagem","tag-casa","tag-plantar-em-casa","tag-plantas"],"yoast_head":"<!-- This site is optimized with the Yoast SEO plugin v24.6 - https:\/\/yoast.com\/wordpress\/plugins\/seo\/ -->\n<title>Essas plantas podem ajudar a deixar o ar da casa mais leve, reduzir odores e ainda trazer mais verde para salas e quartos - Correio Braziliense - Radar<\/title>\n<meta name=\"description\" content=\"Algumas plantas podem ajudar a deixar o ar da casa mais leve e trazer mais frescor para ambientes internos.\" \/>\n<meta name=\"robots\" content=\"index, follow, max-snippet:-1, max-image-preview:large, max-video-preview:-1\" \/>\n<link rel=\"canonical\" href=\"https:\/\/www.correiobraziliense.com.br\/cbradar\/essas-plantas-podem-ajudar-a-deixar-o-ar-da-casa-mais-leve-reduzir-odores-e-ainda-trazer-mais-verde-para-salas-e-quartos\/\" \/>\n<meta property=\"og:locale\" content=\"pt_BR\" \/>\n<meta property=\"og:type\" content=\"article\" \/>\n<meta property=\"og:title\" content=\"Essas plantas podem ajudar a deixar o ar da casa mais leve, reduzir odores e ainda trazer mais verde para salas e quartos - Correio Braziliense - Radar\" \/>\n<meta property=\"og:description\" content=\"Algumas plantas podem ajudar a deixar o ar da casa mais leve e trazer mais frescor para ambientes internos.\" \/>\n<meta property=\"og:url\" content=\"https:\/\/www.correiobraziliense.com.br\/cbradar\/essas-plantas-podem-ajudar-a-deixar-o-ar-da-casa-mais-leve-reduzir-odores-e-ainda-trazer-mais-verde-para-salas-e-quartos\/\" \/>\n<meta property=\"og:site_name\" content=\"Correio Braziliense - Radar\" \/>\n<meta property=\"article:published_time\" content=\"2026-03-17T20:45:44+00:00\" \/>\n<meta property=\"og:image\" content=\"https:\/\/www.correiobraziliense.com.br\/cbradar\/wp-content\/uploads\/2026\/01\/Gemini_Generated_Image_c5msvic5msvic5ms-2.png\" \/>\n\t<meta property=\"og:image:width\" content=\"1280\" \/>\n\t<meta property=\"og:image:height\" content=\"720\" \/>\n\t<meta property=\"og:image:type\" content=\"image\/png\" \/>\n<meta name=\"author\" content=\"Daniely Cardoso\" \/>\n<meta name=\"twitter:card\" content=\"summary_large_image\" \/>\n<meta name=\"twitter:label1\" content=\"Escrito por\" \/>\n\t<meta name=\"twitter:data1\" content=\"Daniely Cardoso\" \/>\n\t<meta name=\"twitter:label2\" content=\"Est. tempo de leitura\" \/>\n\t<meta name=\"twitter:data2\" content=\"5 minutos\" \/>\n<!-- \/ Yoast SEO plugin. -->","yoast_head_json":{"title":"Essas plantas podem ajudar a deixar o ar da casa mais leve, reduzir odores e ainda trazer mais verde para salas e quartos - Correio Braziliense - Radar","description":"Algumas plantas podem ajudar a deixar o ar da casa mais leve e trazer mais frescor para ambientes internos.","robots":{"index":"index","follow":"follow","max-snippet":"max-snippet:-1","max-image-preview":"max-image-preview:large","max-video-preview":"max-video-preview:-1"},"canonical":"https:\/\/www.correiobraziliense.com.br\/cbradar\/essas-plantas-podem-ajudar-a-deixar-o-ar-da-casa-mais-leve-reduzir-odores-e-ainda-trazer-mais-verde-para-salas-e-quartos\/","og_locale":"pt_BR","og_type":"article","og_title":"Essas plantas podem ajudar a deixar o ar da casa mais leve, reduzir odores e ainda trazer mais verde para salas e quartos - Correio Braziliense - Radar","og_description":"Algumas plantas podem ajudar a deixar o ar da casa mais leve e trazer mais frescor para ambientes internos.","og_url":"https:\/\/www.correiobraziliense.com.br\/cbradar\/essas-plantas-podem-ajudar-a-deixar-o-ar-da-casa-mais-leve-reduzir-odores-e-ainda-trazer-mais-verde-para-salas-e-quartos\/","og_site_name":"Correio Braziliense - Radar","article_published_time":"2026-03-17T20:45:44+00:00","og_image":[{"width":1280,"height":720,"url":"https:\/\/www.correiobraziliense.com.br\/cbradar\/wp-content\/uploads\/2026\/01\/Gemini_Generated_Image_c5msvic5msvic5ms-2.png","type":"image\/png"}],"author":"Daniely Cardoso","twitter_card":"summary_large_image","twitter_misc":{"Escrito por":"Daniely Cardoso","Est. tempo de leitura":"5 minutos"},"schema":{"@context":"https:\/\/schema.org","@graph":[{"@type":"WebPage","@id":"https:\/\/www.correiobraziliense.com.br\/cbradar\/essas-plantas-podem-ajudar-a-deixar-o-ar-da-casa-mais-leve-reduzir-odores-e-ainda-trazer-mais-verde-para-salas-e-quartos\/","url":"https:\/\/www.correiobraziliense.com.br\/cbradar\/essas-plantas-podem-ajudar-a-deixar-o-ar-da-casa-mais-leve-reduzir-odores-e-ainda-trazer-mais-verde-para-salas-e-quartos\/","name":"Essas plantas podem ajudar a deixar o ar da casa mais leve, reduzir odores e ainda trazer mais verde para salas e quartos - Correio Braziliense - Radar","isPartOf":{"@id":"https:\/\/www.correiobraziliense.com.br\/cbradar\/#website"},"primaryImageOfPage":{"@id":"https:\/\/www.correiobraziliense.com.br\/cbradar\/essas-plantas-podem-ajudar-a-deixar-o-ar-da-casa-mais-leve-reduzir-odores-e-ainda-trazer-mais-verde-para-salas-e-quartos\/#primaryimage"},"image":{"@id":"https:\/\/www.correiobraziliense.com.br\/cbradar\/essas-plantas-podem-ajudar-a-deixar-o-ar-da-casa-mais-leve-reduzir-odores-e-ainda-trazer-mais-verde-para-salas-e-quartos\/#primaryimage"},"thumbnailUrl":"https:\/\/www.correiobraziliense.com.br\/cbradar\/wp-content\/uploads\/2026\/01\/Gemini_Generated_Image_c5msvic5msvic5ms-2.png","datePublished":"2026-03-17T20:45:44+00:00","author":{"@id":"https:\/\/www.correiobraziliense.com.br\/cbradar\/#\/schema\/person\/7356666e12ec0ee53f348ee5db227032"},"description":"Algumas plantas podem ajudar a deixar o ar da casa mais leve e trazer mais frescor para ambientes internos.","breadcrumb":{"@id":"https:\/\/www.correiobraziliense.com.br\/cbradar\/essas-plantas-podem-ajudar-a-deixar-o-ar-da-casa-mais-leve-reduzir-odores-e-ainda-trazer-mais-verde-para-salas-e-quartos\/#breadcrumb"},"inLanguage":"pt-BR","potentialAction":[{"@type":"ReadAction","target":["https:\/\/www.correiobraziliense.com.br\/cbradar\/essas-plantas-podem-ajudar-a-deixar-o-ar-da-casa-mais-leve-reduzir-odores-e-ainda-trazer-mais-verde-para-salas-e-quartos\/"]}]},{"@type":"ImageObject","inLanguage":"pt-BR","@id":"https:\/\/www.correiobraziliense.com.br\/cbradar\/essas-plantas-podem-ajudar-a-deixar-o-ar-da-casa-mais-leve-reduzir-odores-e-ainda-trazer-mais-verde-para-salas-e-quartos\/#primaryimage","url":"https:\/\/www.correiobraziliense.com.br\/cbradar\/wp-content\/uploads\/2026\/01\/Gemini_Generated_Image_c5msvic5msvic5ms-2.png","contentUrl":"https:\/\/www.correiobraziliense.com.br\/cbradar\/wp-content\/uploads\/2026\/01\/Gemini_Generated_Image_c5msvic5msvic5ms-2.png","width":1280,"height":720,"caption":"Ao falar em plantas seguras para quarto com pets, algumas esp\u00e9cies costumam aparecer com frequ\u00eancia"},{"@type":"BreadcrumbList","@id":"https:\/\/www.correiobraziliense.com.br\/cbradar\/essas-plantas-podem-ajudar-a-deixar-o-ar-da-casa-mais-leve-reduzir-odores-e-ainda-trazer-mais-verde-para-salas-e-quartos\/#breadcrumb","itemListElement":[{"@type":"ListItem","position":1,"name":"In\u00edcio","item":"https:\/\/www.correiobraziliense.com.br\/cbradar\/"},{"@type":"ListItem","position":2,"name":"Essas plantas podem ajudar a deixar o ar da casa mais leve, reduzir odores e ainda trazer mais verde para salas e quartos"}]},{"@type":"WebSite","@id":"https:\/\/www.correiobraziliense.com.br\/cbradar\/#website","url":"https:\/\/www.correiobraziliense.com.br\/cbradar\/","name":"Correio Braziliense - Radar","description":"Acompanhe as \u00faltimas not\u00edcias e fique bem informado sobre tudo o que acontece no Brasil e no mundo.","potentialAction":[{"@type":"SearchAction","target":{"@type":"EntryPoint","urlTemplate":"https:\/\/www.correiobraziliense.com.br\/cbradar\/?s={search_term_string}"},"query-input":{"@type":"PropertyValueSpecification","valueRequired":true,"valueName":"search_term_string"}}],"inLanguage":"pt-BR"},{"@type":"Person","@id":"https:\/\/www.correiobraziliense.com.br\/cbradar\/#\/schema\/person\/7356666e12ec0ee53f348ee5db227032","name":"Daniely Cardoso","image":{"@type":"ImageObject","inLanguage":"pt-BR","@id":"https:\/\/www.correiobraziliense.com.br\/cbradar\/#\/schema\/person\/image\/","url":"https:\/\/secure.gravatar.com\/avatar\/4b80ddbd124d1f071b626d52d62e5dff?s=96&d=mm&r=g","contentUrl":"https:\/\/secure.gravatar.com\/avatar\/4b80ddbd124d1f071b626d52d62e5dff?s=96&d=mm&r=g","caption":"Daniely Cardoso"},"description":"Redatora nos portais CB Radar e EM Foco, formada pela Universidade Federal de Goi\u00e1s, em Goi\u00e2nia. Apaixonada por comunica\u00e7\u00e3o, arte, decora\u00e7\u00e3o e tend\u00eancias, atuo na produ\u00e7\u00e3o de conte\u00fados envolventes sobre curiosidades, moda, beleza e paisagismo, sempre com um olhar atento \u00e0s novidades do momento.","sameAs":["https:\/\/www.correiobraziliense.com.br\/cbradar"],"url":"https:\/\/www.correiobraziliense.com.br\/cbradar\/author\/danielymyth\/"}]}},"_links":{"self":[{"href":"https:\/\/www.correiobraziliense.com.br\/cbradar\/wp-json\/wp\/v2\/posts\/209083","targetHints":{"allow":["GET"]}}],"collection":[{"href":"https:\/\/www.correiobraziliense.com.br\/cbradar\/wp-json\/wp\/v2\/posts"}],"about":[{"href":"https:\/\/www.correiobraziliense.com.br\/cbradar\/wp-json\/wp\/v2\/types\/post"}],"author":[{"embeddable":true,"href":"https:\/\/www.correiobraziliense.com.br\/cbradar\/wp-json\/wp\/v2\/users\/9"}],"replies":[{"embeddable":true,"href":"https:\/\/www.correiobraziliense.com.br\/cbradar\/wp-json\/wp\/v2\/comments?post=209083"}],"version-history":[{"count":2,"href":"https:\/\/www.correiobraziliense.com.br\/cbradar\/wp-json\/wp\/v2\/posts\/209083\/revisions"}],"predecessor-version":[{"id":209418,"href":"https:\/\/www.correiobraziliense.com.br\/cbradar\/wp-json\/wp\/v2\/posts\/209083\/revisions\/209418"}],"wp:featuredmedia":[{"embeddable":true,"href":"https:\/\/www.correiobraziliense.com.br\/cbradar\/wp-json\/wp\/v2\/media\/181822"}],"wp:attachment":[{"href":"https:\/\/www.correiobraziliense.com.br\/cbradar\/wp-json\/wp\/v2\/media?parent=209083"}],"wp:term":[{"taxonomy":"category","embeddable":true,"href":"https:\/\/www.correiobraziliense.com.br\/cbradar\/wp-json\/wp\/v2\/categories?post=209083"},{"taxonomy":"post_tag","embeddable":true,"href":"https:\/\/www.correiobraziliense.com.br\/cbradar\/wp-json\/wp\/v2\/tags?post=209083"}],"curies":[{"name":"wp","href":"https:\/\/api.w.org\/{rel}","templated":true}]}}