{"id":209096,"date":"2026-03-17T08:05:24","date_gmt":"2026-03-17T11:05:24","guid":{"rendered":"https:\/\/www.correiobraziliense.com.br\/cbradar\/?p=209096"},"modified":"2026-03-16T14:44:48","modified_gmt":"2026-03-16T17:44:48","slug":"3-oleos-da-inoar-que-ajudam-no-brilho-reduzem-frizz-e-ainda-deixam-o-cabelo-super-cheiroso","status":"publish","type":"post","link":"https:\/\/www.correiobraziliense.com.br\/cbradar\/3-oleos-da-inoar-que-ajudam-no-brilho-reduzem-frizz-e-ainda-deixam-o-cabelo-super-cheiroso\/","title":{"rendered":"3 \u00f3leos da Inoar que ajudam no brilho, reduzem frizz e ainda deixam o cabelo super cheiroso"},"content":{"rendered":"\n<p>Voc\u00ea j\u00e1 sentiu que seu <b>cabelo<\/b> estava arrumado, mas faltava \u201cum charme a mais\u201d, como <b>brilho<\/b> e um cheiro gostoso que dura o dia todo? \u00c9 exatamente a\u00ed que entram os \u00f3leos capilares, e os da <b>Inoar<\/b> ganharam espa\u00e7o nas rotinas de beleza por unirem tratamento e perfume marcante nos fios.<\/p>\n\n\n\n<h2 class=\"wp-block-heading\">Como os \u00f3leos capilares da Inoar podem ser usados no dia a dia<\/h2>\n\n\n\n<p>Um dos motivos da popularidade desses produtos \u00e9 a <b>versatilidade<\/b>. Um mesmo \u00f3leo pode funcionar em diferentes momentos da rotina, o que facilita muito a vida de quem gosta de praticidade, mas n\u00e3o quer abrir m\u00e3o de fios <b>cheirosos<\/b> e bem <b>cuidados<\/b>.<\/p>\n\n\n\n<p>Dependendo do tipo de <b>cabelo<\/b> e da quantidade aplicada, o \u00f3leo pode entrar como pr\u00e9-shampoo, finalizador p\u00f3s-escova, ajuda no day after de cabelos cacheados ou apenas como um truque r\u00e1pido para <b>perfumear<\/b> os fios entre uma lavagem e outra, mantendo o <b>aroma<\/b> presente por mais tempo.<\/p>\n\n\n\n<figure class=\"wp-block-image size-full\"><img decoding=\"async\" width=\"1280\" height=\"720\" src=\"https:\/\/www.correiobraziliense.com.br\/cbradar\/wp-content\/uploads\/2026\/03\/oleo-capilar_1773666101212.jpg\" alt=\"\" class=\"wp-image-209350\" srcset=\"https:\/\/www.correiobraziliense.com.br\/cbradar\/wp-content\/uploads\/2026\/03\/oleo-capilar_1773666101212.jpg 1280w, https:\/\/www.correiobraziliense.com.br\/cbradar\/wp-content\/uploads\/2026\/03\/oleo-capilar_1773666101212-300x169.jpg 300w, https:\/\/www.correiobraziliense.com.br\/cbradar\/wp-content\/uploads\/2026\/03\/oleo-capilar_1773666101212-768x432.jpg 768w, https:\/\/www.correiobraziliense.com.br\/cbradar\/wp-content\/uploads\/2026\/03\/oleo-capilar_1773666101212-750x422.jpg 750w, https:\/\/www.correiobraziliense.com.br\/cbradar\/wp-content\/uploads\/2026\/03\/oleo-capilar_1773666101212-1140x641.jpg 1140w\" sizes=\"(max-width: 1280px) 100vw, 1280px\" \/><figcaption class=\"wp-element-caption\">Entre as linhas da marca, alguns \u00f3leos ficaram conhecidos justamente por unir cuidado e fragr\u00e2ncia marcante &#8211; Cr\u00e9ditos: depositphotos.com \/ IgorVetushko<\/figcaption><\/figure>\n\n\n\n<p>Leia tamb\u00e9m:&nbsp;<a href=\"https:\/\/www.correiobraziliense.com.br\/cbradar\/5-shampoos-nacionais-que-ajudam-a-manter-o-brilho-e-a-cor-do-cabelo-por-mais-tempo\/\" target=\"_blank\" rel=\"noopener\">5 shampoos nacionais que ajudam a manter o brilho e a cor do cabelo por mais tempo<\/a><\/p>\n\n\n\n<h2 class=\"wp-block-heading\">Quais s\u00e3o 3 \u00f3leos capilares da Inoar que deixam o cabelo perfumado<\/h2>\n\n\n\n<p>Entre as linhas da marca, alguns \u00f3leos ficaram conhecidos justamente por unir cuidado e fragr\u00e2ncia marcante. A seguir, voc\u00ea encontra quatro op\u00e7\u00f5es bastante populares, com indica\u00e7\u00f5es gerais, forma de uso e para quem costumam funcionar melhor, ajudando a alinhar, <b>nutrir<\/b> e <b>perfumar<\/b> os fios.<\/p>\n\n\n\n<ul class=\"wp-block-list\">\n<li><strong>\u00d3leo de Argan Inoar<\/strong><br><p>O \u00f3leo de argan foi um dos primeiros grandes <b>sucessos<\/b> da marca. Feito com <b>\u00f3leo<\/b> de argan marroquino, \u00e9 indicado para fios ressecados, com frizz e danificados por qu\u00edmicas ou ferramentas de calor. A textura parece mais densa nas m\u00e3os, mas espalha bem em pequenas quantidades, e o perfume \u00e9 adocicado e ambarado, bem <b>caracter\u00edstico<\/b>.<\/p><\/li>\n<\/ul>\n\n\n\n<figure class=\"wp-block-embed is-type-rich is-provider-pinterest wp-block-embed-pinterest\"><div class=\"wp-block-embed__wrapper\">\n<iframe loading=\"lazy\" title=\" \" src=\"https:\/\/assets.pinterest.com\/ext\/embed.html?id=586523551512263045&#038;src=oembed\" height=\"550\" width=\"450\" frameborder=\"0\" scrolling=\"no\" ><\/iframe>\n<\/div><\/figure>\n\n\n\n<ul class=\"wp-block-list\">\n<li><strong>\u00d3leo Capilar Inoar K\u00e1lice<\/strong><br><p>O <b>Inoar<\/b> K\u00e1lice \u00e9 um \u00f3leo multifuncional 3 em 1, que pode ser usado no cabelo, corpo e rosto. A f\u00f3rmula re\u00fane sete \u00f3leos vegetais, como argan, macad\u00e2mia e oliva, com textura leve e toque mais sequinho. O destaque fica para a <b>fragr\u00e2ncia<\/b> floral-frutada, suave, mas bem percept\u00edvel logo ap\u00f3s a <b>aplica\u00e7\u00e3o<\/b>.<\/p><\/li>\n<\/ul>\n\n\n\n<figure class=\"wp-block-embed is-type-rich is-provider-pinterest wp-block-embed-pinterest\"><div class=\"wp-block-embed__wrapper\">\n<iframe loading=\"lazy\" title=\"Com vitamina E e 7 \u00f3leos vegetais preciosos para cabelo, corpo e rosto, o \u00f3leo pode ser usado como: - Umecta\u00e7\u00e3o dos cabelos - Finaliza\u00e7\u00e3o dos cabelos - Hidrata\u00e7\u00e3o do corpo - Misturado \u00e0 maquiagem - Demaquilante Al\u00e9m de hidratar, nutrir, reparar, o \u00d3leo Multifuncional Kalice tem fun\u00e7\u00e3o antioxidante, suavizante, protetora e emoliente, com toque leve e um aroma suave e exclusivo. #inoar #inoarbrasil #crueltyfree #vegan #vegano #rotinacapilar #haircare #oleomultifuncional #linhapremium\" src=\"https:\/\/assets.pinterest.com\/ext\/embed.html?id=705728204133179723&#038;src=oembed\" height=\"899\" width=\"450\" frameborder=\"0\" scrolling=\"no\" ><\/iframe>\n<\/div><\/figure>\n\n\n\n<ul class=\"wp-block-list\">\n<li><strong>\u00d3leo CicatriFios Inoar<\/strong><br><p>O \u00f3leo <b>CicatriFios<\/b> foi pensado para cabelos que passaram por colora\u00e7\u00e3o, progressiva, descolora\u00e7\u00e3o ou outras qu\u00edmicas. A ideia \u00e9 agir como um \u201cselante\u201d das <b>pontas<\/b>, ajudando no alinhamento, no toque macio e na apar\u00eancia de cabelo mais tratado. A fragr\u00e2ncia \u00e9 moderna, lembrando perfumes de uso di\u00e1rio, e costuma chamar aten\u00e7\u00e3o de quem gosta de cheiros mais <b>intensos<\/b>.<\/p><\/li>\n<\/ul>\n\n\n\n<figure class=\"wp-block-embed is-type-rich is-provider-pinterest wp-block-embed-pinterest\"><div class=\"wp-block-embed__wrapper\">\n<iframe loading=\"lazy\" title=\"- \u00d3leo de Argan S\u00e9rum 7mlA Inoar utiliza de tecnologias cuidadosamente selecionadas, resultando em f\u00f3rmulas que reparam e cuidam dos cabelos, oferecendo solu\u00e7\u00f5es de longo prazo para um cabelo saud\u00e1vel, brilhante e cheio de vida por mais tempo.\u00c9 um finalizador multifuncional e um tratamento sem enx\u00e1gue que proporciona cabelos nutridos, protegidos e suaves, possui uma combina\u00e7\u00e3o de \u00f3leos naturais de argan, junco e semi di lino. Uniformiza a fibra capilar envolvendo o fio, suaviza e d\u00e1 um brilho imediato proporcionando uma nutri\u00e7\u00e3o enriquecida aos cabelos secos, rebeldes e desgastados. Adiciona corpo e movimento, al\u00e9m de disciplinar e doar brilho instant\u00e2neo.- \u00d3leo Inoar Cicatrifios Oil Renova\u00e7\u00e3o Absoluta 7ml\u00d3leo Cicatrifios conta com o rejucomplex3 e \u00f3leo de Argan, o \u00f3leo Cicatrifios conta c\" src=\"https:\/\/assets.pinterest.com\/ext\/embed.html?id=4596979062870365952&#038;src=oembed\" height=\"699\" width=\"450\" frameborder=\"0\" scrolling=\"no\" ><\/iframe>\n<\/div><\/figure>\n\n\n\n<h2 class=\"wp-block-heading\">Como escolher o melhor \u00f3leo capilar da Inoar para o seu tipo de cabelo<\/h2>\n\n\n\n<p>Na hora de escolher o <b>melhor<\/b> \u00f3leo capilar da Inoar, vale considerar espessura do fio, n\u00edvel de ressecamento, presen\u00e7a de qu\u00edmica e o que voc\u00ea mais busca: tratamento, <b>perfume<\/b> ou os dois juntos. De forma geral, cabelos grossos e muito secos costumam aceitar melhor f\u00f3rmulas mais densas, enquanto fios finos e oleosos pedem texturas mais <b>leves<\/b>.<\/p>\n\n\n\n<p>Para facilitar, veja algumas combina\u00e7\u00f5es que costumam funcionar bem em diferentes situa\u00e7\u00f5es do dia a dia:<\/p>\n\n\n\n<ul class=\"wp-block-list\">\n<li><b>Cabelos<\/b> finos e oleosos: vers\u00f5es leves, como K\u00e1lice, com poucas gotas apenas nas <b>pontas<\/b>.<\/li>\n\n\n\n<li><b>Cabelos<\/b> normais a secos: Argan tradicional ou Argan Infusion ajudam no <b>brilho<\/b> e no controle de frizz.<\/li>\n\n\n\n<li><b>Cabelos<\/b> danificados por qu\u00edmica: CicatriFios se encaixa melhor na rotina de prote\u00e7\u00e3o e <b>reparo<\/b> di\u00e1rio.<\/li>\n\n\n\n<li><b>Cabelos<\/b> cacheados e crespos: costumam se beneficiar de \u00f3leos mais <b>nutritivos<\/b>, ap\u00f3s o creme de pentear, para selar a hidrata\u00e7\u00e3o.<\/li>\n<\/ul>\n\n\n\n<p>Independentemente da linha escolhida, vale evitar <b>excessos<\/b>, manter o produto longe da raiz, espalhar bem nas m\u00e3os antes de aplicar e observar como o cabelo reage nas primeiras vezes. Assim, o \u00f3leo deixa de ser s\u00f3 um finalizador est\u00e9tico e vira um aliado di\u00e1rio para manter os fios alinhados, <b>nutridos<\/b> e com um aroma agrad\u00e1vel ao longo do dia.<\/p>\n","protected":false},"excerpt":{"rendered":"<p>Voc\u00ea j\u00e1 sentiu que seu cabelo estava arrumado, mas faltava \u201cum charme a mais\u201d, como brilho e um cheiro gostoso que dura o dia todo? \u00c9 exatamente a\u00ed que entram os \u00f3leos capilares, e os da Inoar ganharam espa\u00e7o nas rotinas de beleza por unirem tratamento e perfume marcante nos fios. Como os \u00f3leos capilares [&hellip;]<\/p>\n","protected":false},"author":9,"featured_media":209349,"comment_status":"open","ping_status":"open","sticky":false,"template":"","format":"standard","meta":{"_yoast_wpseo_focuskw":"\u00f3leos capilares da Inoar","_yoast_wpseo_title":"","_yoast_wpseo_metadesc":"\u00d3leos capilares da Inoar ajudam a nutrir os fios, controlar frizz e deixam um perfume marcante que dura horas no cabelo.","jnews-multi-image_gallery":[],"jnews_single_post":{"format":"standard"},"jnews_primary_category":[],"jnews_social_meta":[],"jnews_override_counter":[],"footnotes":""},"categories":[124],"tags":[126,16179,16180],"class_list":["post-209096","post","type-post","status-publish","format-standard","has-post-thumbnail","hentry","category-beleza","tag-cabelo","tag-oleos-capilares","tag-oleos-capilares-da-inoar"],"yoast_head":"<!-- This site is optimized with the Yoast SEO plugin v24.6 - https:\/\/yoast.com\/wordpress\/plugins\/seo\/ -->\n<title>3 \u00f3leos da Inoar que ajudam no brilho, reduzem frizz e ainda deixam o cabelo super cheiroso - Correio Braziliense - Radar<\/title>\n<meta name=\"description\" content=\"\u00d3leos capilares da Inoar ajudam a nutrir os fios, controlar frizz e deixam um perfume marcante que dura horas no cabelo.\" \/>\n<meta name=\"robots\" content=\"index, follow, max-snippet:-1, max-image-preview:large, max-video-preview:-1\" \/>\n<link rel=\"canonical\" href=\"https:\/\/www.correiobraziliense.com.br\/cbradar\/3-oleos-da-inoar-que-ajudam-no-brilho-reduzem-frizz-e-ainda-deixam-o-cabelo-super-cheiroso\/\" \/>\n<meta property=\"og:locale\" content=\"pt_BR\" \/>\n<meta property=\"og:type\" content=\"article\" \/>\n<meta property=\"og:title\" content=\"3 \u00f3leos da Inoar que ajudam no brilho, reduzem frizz e ainda deixam o cabelo super cheiroso - Correio Braziliense - Radar\" \/>\n<meta property=\"og:description\" content=\"\u00d3leos capilares da Inoar ajudam a nutrir os fios, controlar frizz e deixam um perfume marcante que dura horas no cabelo.\" \/>\n<meta property=\"og:url\" content=\"https:\/\/www.correiobraziliense.com.br\/cbradar\/3-oleos-da-inoar-que-ajudam-no-brilho-reduzem-frizz-e-ainda-deixam-o-cabelo-super-cheiroso\/\" \/>\n<meta property=\"og:site_name\" content=\"Correio Braziliense - Radar\" \/>\n<meta property=\"article:published_time\" content=\"2026-03-17T11:05:24+00:00\" \/>\n<meta property=\"og:image\" content=\"https:\/\/www.correiobraziliense.com.br\/cbradar\/wp-content\/uploads\/2026\/03\/Gemini_Generated_Image_lsil8xlsil8xlsil-1-1.png\" \/>\n\t<meta property=\"og:image:width\" content=\"1280\" \/>\n\t<meta property=\"og:image:height\" content=\"720\" \/>\n\t<meta property=\"og:image:type\" content=\"image\/png\" \/>\n<meta name=\"author\" content=\"Daniely Cardoso\" \/>\n<meta name=\"twitter:card\" content=\"summary_large_image\" \/>\n<meta name=\"twitter:label1\" content=\"Escrito por\" \/>\n\t<meta name=\"twitter:data1\" content=\"Daniely Cardoso\" \/>\n\t<meta name=\"twitter:label2\" content=\"Est. tempo de leitura\" \/>\n\t<meta name=\"twitter:data2\" content=\"4 minutos\" \/>\n<!-- \/ Yoast SEO plugin. -->","yoast_head_json":{"title":"3 \u00f3leos da Inoar que ajudam no brilho, reduzem frizz e ainda deixam o cabelo super cheiroso - Correio Braziliense - Radar","description":"\u00d3leos capilares da Inoar ajudam a nutrir os fios, controlar frizz e deixam um perfume marcante que dura horas no cabelo.","robots":{"index":"index","follow":"follow","max-snippet":"max-snippet:-1","max-image-preview":"max-image-preview:large","max-video-preview":"max-video-preview:-1"},"canonical":"https:\/\/www.correiobraziliense.com.br\/cbradar\/3-oleos-da-inoar-que-ajudam-no-brilho-reduzem-frizz-e-ainda-deixam-o-cabelo-super-cheiroso\/","og_locale":"pt_BR","og_type":"article","og_title":"3 \u00f3leos da Inoar que ajudam no brilho, reduzem frizz e ainda deixam o cabelo super cheiroso - Correio Braziliense - Radar","og_description":"\u00d3leos capilares da Inoar ajudam a nutrir os fios, controlar frizz e deixam um perfume marcante que dura horas no cabelo.","og_url":"https:\/\/www.correiobraziliense.com.br\/cbradar\/3-oleos-da-inoar-que-ajudam-no-brilho-reduzem-frizz-e-ainda-deixam-o-cabelo-super-cheiroso\/","og_site_name":"Correio Braziliense - Radar","article_published_time":"2026-03-17T11:05:24+00:00","og_image":[{"width":1280,"height":720,"url":"https:\/\/www.correiobraziliense.com.br\/cbradar\/wp-content\/uploads\/2026\/03\/Gemini_Generated_Image_lsil8xlsil8xlsil-1-1.png","type":"image\/png"}],"author":"Daniely Cardoso","twitter_card":"summary_large_image","twitter_misc":{"Escrito por":"Daniely Cardoso","Est. tempo de leitura":"4 minutos"},"schema":{"@context":"https:\/\/schema.org","@graph":[{"@type":"WebPage","@id":"https:\/\/www.correiobraziliense.com.br\/cbradar\/3-oleos-da-inoar-que-ajudam-no-brilho-reduzem-frizz-e-ainda-deixam-o-cabelo-super-cheiroso\/","url":"https:\/\/www.correiobraziliense.com.br\/cbradar\/3-oleos-da-inoar-que-ajudam-no-brilho-reduzem-frizz-e-ainda-deixam-o-cabelo-super-cheiroso\/","name":"3 \u00f3leos da Inoar que ajudam no brilho, reduzem frizz e ainda deixam o cabelo super cheiroso - Correio Braziliense - Radar","isPartOf":{"@id":"https:\/\/www.correiobraziliense.com.br\/cbradar\/#website"},"primaryImageOfPage":{"@id":"https:\/\/www.correiobraziliense.com.br\/cbradar\/3-oleos-da-inoar-que-ajudam-no-brilho-reduzem-frizz-e-ainda-deixam-o-cabelo-super-cheiroso\/#primaryimage"},"image":{"@id":"https:\/\/www.correiobraziliense.com.br\/cbradar\/3-oleos-da-inoar-que-ajudam-no-brilho-reduzem-frizz-e-ainda-deixam-o-cabelo-super-cheiroso\/#primaryimage"},"thumbnailUrl":"https:\/\/www.correiobraziliense.com.br\/cbradar\/wp-content\/uploads\/2026\/03\/Gemini_Generated_Image_lsil8xlsil8xlsil-1-1.png","datePublished":"2026-03-17T11:05:24+00:00","author":{"@id":"https:\/\/www.correiobraziliense.com.br\/cbradar\/#\/schema\/person\/7356666e12ec0ee53f348ee5db227032"},"description":"\u00d3leos capilares da Inoar ajudam a nutrir os fios, controlar frizz e deixam um perfume marcante que dura horas no cabelo.","breadcrumb":{"@id":"https:\/\/www.correiobraziliense.com.br\/cbradar\/3-oleos-da-inoar-que-ajudam-no-brilho-reduzem-frizz-e-ainda-deixam-o-cabelo-super-cheiroso\/#breadcrumb"},"inLanguage":"pt-BR","potentialAction":[{"@type":"ReadAction","target":["https:\/\/www.correiobraziliense.com.br\/cbradar\/3-oleos-da-inoar-que-ajudam-no-brilho-reduzem-frizz-e-ainda-deixam-o-cabelo-super-cheiroso\/"]}]},{"@type":"ImageObject","inLanguage":"pt-BR","@id":"https:\/\/www.correiobraziliense.com.br\/cbradar\/3-oleos-da-inoar-que-ajudam-no-brilho-reduzem-frizz-e-ainda-deixam-o-cabelo-super-cheiroso\/#primaryimage","url":"https:\/\/www.correiobraziliense.com.br\/cbradar\/wp-content\/uploads\/2026\/03\/Gemini_Generated_Image_lsil8xlsil8xlsil-1-1.png","contentUrl":"https:\/\/www.correiobraziliense.com.br\/cbradar\/wp-content\/uploads\/2026\/03\/Gemini_Generated_Image_lsil8xlsil8xlsil-1-1.png","width":1280,"height":720,"caption":"Um dos motivos da popularidade desses produtos \u00e9 a versatilidade"},{"@type":"BreadcrumbList","@id":"https:\/\/www.correiobraziliense.com.br\/cbradar\/3-oleos-da-inoar-que-ajudam-no-brilho-reduzem-frizz-e-ainda-deixam-o-cabelo-super-cheiroso\/#breadcrumb","itemListElement":[{"@type":"ListItem","position":1,"name":"In\u00edcio","item":"https:\/\/www.correiobraziliense.com.br\/cbradar\/"},{"@type":"ListItem","position":2,"name":"3 \u00f3leos da Inoar que ajudam no brilho, reduzem frizz e ainda deixam o cabelo super cheiroso"}]},{"@type":"WebSite","@id":"https:\/\/www.correiobraziliense.com.br\/cbradar\/#website","url":"https:\/\/www.correiobraziliense.com.br\/cbradar\/","name":"Correio Braziliense - Radar","description":"Acompanhe as \u00faltimas not\u00edcias e fique bem informado sobre tudo o que acontece no Brasil e no mundo.","potentialAction":[{"@type":"SearchAction","target":{"@type":"EntryPoint","urlTemplate":"https:\/\/www.correiobraziliense.com.br\/cbradar\/?s={search_term_string}"},"query-input":{"@type":"PropertyValueSpecification","valueRequired":true,"valueName":"search_term_string"}}],"inLanguage":"pt-BR"},{"@type":"Person","@id":"https:\/\/www.correiobraziliense.com.br\/cbradar\/#\/schema\/person\/7356666e12ec0ee53f348ee5db227032","name":"Daniely Cardoso","image":{"@type":"ImageObject","inLanguage":"pt-BR","@id":"https:\/\/www.correiobraziliense.com.br\/cbradar\/#\/schema\/person\/image\/","url":"https:\/\/secure.gravatar.com\/avatar\/4b80ddbd124d1f071b626d52d62e5dff?s=96&d=mm&r=g","contentUrl":"https:\/\/secure.gravatar.com\/avatar\/4b80ddbd124d1f071b626d52d62e5dff?s=96&d=mm&r=g","caption":"Daniely Cardoso"},"description":"Redatora nos portais CB Radar e EM Foco, formada pela Universidade Federal de Goi\u00e1s, em Goi\u00e2nia. Apaixonada por comunica\u00e7\u00e3o, arte, decora\u00e7\u00e3o e tend\u00eancias, atuo na produ\u00e7\u00e3o de conte\u00fados envolventes sobre curiosidades, moda, beleza e paisagismo, sempre com um olhar atento \u00e0s novidades do momento.","sameAs":["https:\/\/www.correiobraziliense.com.br\/cbradar"],"url":"https:\/\/www.correiobraziliense.com.br\/cbradar\/author\/danielymyth\/"}]}},"_links":{"self":[{"href":"https:\/\/www.correiobraziliense.com.br\/cbradar\/wp-json\/wp\/v2\/posts\/209096","targetHints":{"allow":["GET"]}}],"collection":[{"href":"https:\/\/www.correiobraziliense.com.br\/cbradar\/wp-json\/wp\/v2\/posts"}],"about":[{"href":"https:\/\/www.correiobraziliense.com.br\/cbradar\/wp-json\/wp\/v2\/types\/post"}],"author":[{"embeddable":true,"href":"https:\/\/www.correiobraziliense.com.br\/cbradar\/wp-json\/wp\/v2\/users\/9"}],"replies":[{"embeddable":true,"href":"https:\/\/www.correiobraziliense.com.br\/cbradar\/wp-json\/wp\/v2\/comments?post=209096"}],"version-history":[{"count":2,"href":"https:\/\/www.correiobraziliense.com.br\/cbradar\/wp-json\/wp\/v2\/posts\/209096\/revisions"}],"predecessor-version":[{"id":209351,"href":"https:\/\/www.correiobraziliense.com.br\/cbradar\/wp-json\/wp\/v2\/posts\/209096\/revisions\/209351"}],"wp:featuredmedia":[{"embeddable":true,"href":"https:\/\/www.correiobraziliense.com.br\/cbradar\/wp-json\/wp\/v2\/media\/209349"}],"wp:attachment":[{"href":"https:\/\/www.correiobraziliense.com.br\/cbradar\/wp-json\/wp\/v2\/media?parent=209096"}],"wp:term":[{"taxonomy":"category","embeddable":true,"href":"https:\/\/www.correiobraziliense.com.br\/cbradar\/wp-json\/wp\/v2\/categories?post=209096"},{"taxonomy":"post_tag","embeddable":true,"href":"https:\/\/www.correiobraziliense.com.br\/cbradar\/wp-json\/wp\/v2\/tags?post=209096"}],"curies":[{"name":"wp","href":"https:\/\/api.w.org\/{rel}","templated":true}]}}