{"id":209097,"date":"2026-03-17T09:25:31","date_gmt":"2026-03-17T12:25:31","guid":{"rendered":"https:\/\/www.correiobraziliense.com.br\/cbradar\/?p=209097"},"modified":"2026-03-16T14:49:12","modified_gmt":"2026-03-16T17:49:12","slug":"5-mascaras-da-kerastase-que-ajudam-a-recuperar-cabelos-ressecados-com-frizz-ou-danificados","status":"publish","type":"post","link":"https:\/\/www.correiobraziliense.com.br\/cbradar\/5-mascaras-da-kerastase-que-ajudam-a-recuperar-cabelos-ressecados-com-frizz-ou-danificados\/","title":{"rendered":"5 m\u00e1scaras da K\u00e9rastase que ajudam a recuperar cabelos ressecados, com frizz ou danificados"},"content":{"rendered":"\n<p>Quem nunca olhou no espelho e sentiu que o <b>cabelo<\/b> perdeu o brilho, ficou \u00e1spero ou sem vida de uma hora para outra? Entre <b>qu\u00edmicas<\/b>, sol, polui\u00e7\u00e3o e ferramentas de calor, os fios acabam pedindo socorro \u2013 e \u00e9 a\u00ed que entram as m\u00e1scaras da K\u00e9rastase, conhecidas por tratar danos de forma mais profunda, com propostas diferentes para cada tipo de cabelo e rotina.<\/p>\n\n\n\n<h2 class=\"wp-block-heading\">M\u00e1scara K\u00e9rastase Nutritive Masquintense oferece hidrata\u00e7\u00e3o profunda para cabelos ressecados<\/h2>\n\n\n\n<p>A Nutritive Masquintense \u00e9 aquela m\u00e1scara ideal para quem sente o <b>cabelo<\/b> seco, \u00e1spero ao toque e sem movimento. Ela ajuda a devolver \u00e1gua e <b>\u00f3leos<\/b> essenciais \u00e0 fibra capilar, deixando os fios mais macios, brilhantes e f\u00e1ceis de pentear, reduzindo a <b>quebra<\/b> na hora de desembara\u00e7ar.<\/p>\n\n\n\n<p>Existem vers\u00f5es para cabelos <b>finos<\/b> e para fios grossos, o que torna o tratamento mais ajustado \u00e0 espessura de cada cabelo. Usada uma ou duas vezes por semana, logo ap\u00f3s o <b>shampoo<\/b>, ela costuma agir em poucos minutos e se encaixa bem em rotinas mais corridas, ajudando tamb\u00e9m a proteger do <b>ressecamento<\/b> di\u00e1rio.<\/p>\n\n\n\n<figure class=\"wp-block-embed is-type-rich is-provider-pinterest wp-block-embed-pinterest\"><div class=\"wp-block-embed__wrapper\">\n<iframe loading=\"lazy\" title=\"Maravilhosa. Uma das favoritas da vida.\" src=\"https:\/\/assets.pinterest.com\/ext\/embed.html?id=203787951882841014&#038;src=oembed\" height=\"699\" width=\"450\" frameborder=\"0\" scrolling=\"no\" ><\/iframe>\n<\/div><\/figure>\n\n\n\n<p>Leia tamb\u00e9m:&nbsp;<a href=\"https:\/\/www.correiobraziliense.com.br\/cbradar\/5-shampoos-nacionais-que-ajudam-a-manter-o-brilho-e-a-cor-do-cabelo-por-mais-tempo\/\" target=\"_blank\" rel=\"noopener\">5 shampoos nacionais que ajudam a manter o brilho e a cor do cabelo por mais tempo<\/a><\/p>\n\n\n\n<h2 class=\"wp-block-heading\">M\u00e1scara K\u00e9rastase Discipline Maskeratine controla o frizz e alinha os fios indisciplinados<\/h2>\n\n\n\n<p>Para quem sofre com <b>frizz<\/b>, cabelo armado ou sem forma, a Discipline Maskeratine \u00e9 uma aliada para deixar os fios mais alinhados, suaves e com balan\u00e7o natural, sem precisar de qu\u00edmica de alisamento. Ela ajuda a suavizar a superf\u00edcie do <b>fio<\/b>, criando um efeito de disciplina e polimento ao toque.<\/p>\n\n\n\n<p>\u00c9 muito indicada para cabelos que arrepiam com a <b>umidade<\/b>, com escova frequente ou com aquele frizz que n\u00e3o abaixa de jeito nenhum. Pode ser usada semanalmente ou em dias alternados, e o resultado costuma ficar ainda melhor quando combinada com um bom <b>protetor<\/b> t\u00e9rmico durante a escova\u00e7\u00e3o ou uso de <b>chapinha<\/b>.<\/p>\n\n\n\n<figure class=\"wp-block-embed is-type-rich is-provider-pinterest wp-block-embed-pinterest\"><div class=\"wp-block-embed__wrapper\">\n<iframe loading=\"lazy\" title=\"K\u00e9rastase Discipline\" src=\"https:\/\/assets.pinterest.com\/ext\/embed.html?id=4433299608540504&#038;src=oembed\" height=\"550\" width=\"450\" frameborder=\"0\" scrolling=\"no\" ><\/iframe>\n<\/div><\/figure>\n\n\n\n<h2 class=\"wp-block-heading\">M\u00e1scara K\u00e9rastase R\u00e9sistance Therapiste reconstr\u00f3i cabelos extremamente danificados<\/h2>\n\n\n\n<p>Se o cabelo est\u00e1 <b>el\u00e1stico<\/b>, quebrando com facilidade ou muito poroso ap\u00f3s v\u00e1rias qu\u00edmicas, a R\u00e9sistance Therapiste entra como um \u201csocorro urgente\u201d. Ela foca na reconstru\u00e7\u00e3o da <b>estrutura<\/b> interna do fio, ajudando a repor massa capilar e trazendo mais for\u00e7a e consist\u00eancia ao <b>toque<\/b>.<\/p>\n\n\n\n<p>Por ser uma m\u00e1scara mais intensa, com textura <b>densa<\/b>, costuma ser usada em menor quantidade e aplicada do comprimento \u00e0s pontas. Em muitos cronogramas capilares, entra a cada 15 dias, intercalada com m\u00e1scaras mais hidratantes, para evitar ficar com o cabelo r\u00edgido demais e manter equil\u00edbrio entre <b>for\u00e7a<\/b> e maciez.<\/p>\n\n\n\n<figure class=\"wp-block-embed is-type-rich is-provider-pinterest wp-block-embed-pinterest\"><div class=\"wp-block-embed__wrapper\">\n<iframe loading=\"lazy\" title=\"M\u00e1scara De Reconstru\u00e7\u00e3o Profunda Para Cabelos Danificados, For\u00e7a E Elasticidade R\u00e9sistance Th\u00e9rapiste K\u00e9rastase 200ml\" src=\"https:\/\/assets.pinterest.com\/ext\/embed.html?id=529032287500773064&#038;src=oembed\" height=\"899\" width=\"450\" frameborder=\"0\" scrolling=\"no\" ><\/iframe>\n<\/div><\/figure>\n\n\n\n<h2 class=\"wp-block-heading\">M\u00e1scaras K\u00e9rastase Blond Absolu e Chronologiste cuidam de loiros e fios maduros<\/h2>\n\n\n\n<p>Quem tem cabelo <b>loiro<\/b>, grisalho ou descolorido sabe como \u00e9 f\u00e1cil ele ficar amarelado e ressecado. A m\u00e1scara Blond Absolu, como a Masque Ultra-Violet, ajuda a neutralizar reflexos indesejados e a devolver <b>maciez<\/b> e brilho frio, deixando o loiro mais bonito e menos \u201cdesbotado\u201d.<\/p>\n\n\n\n<p>J\u00e1 a m\u00e1scara <b>Chronologiste<\/b> \u00e9 pensada para fios maduros ou que perderam densidade, brilho e movimento com o tempo ou com excesso de qu\u00edmicas. Ela traz mais <b>corpo<\/b>, suavidade e sensa\u00e7\u00e3o de revitaliza\u00e7\u00e3o, sendo muito usada como um cuidado especial, quase um \u201cspa capilar\u201d em casa, em dias em que voc\u00ea quer um tratamento mais <b>completo<\/b>.<\/p>\n\n\n\n<p>Leia tamb\u00e9m:&nbsp;<a href=\"https:\/\/www.correiobraziliense.com.br\/cbradar\/5-shampoos-nacionais-que-ajudam-a-manter-o-brilho-e-a-cor-do-cabelo-por-mais-tempo\/\" target=\"_blank\" rel=\"noopener\">5 shampoos nacionais que ajudam a manter o brilho e a cor do cabelo por mais tempo<\/a><\/p>\n\n\n\n<figure class=\"wp-block-embed is-type-rich is-provider-pinterest wp-block-embed-pinterest\"><div class=\"wp-block-embed__wrapper\">\n<iframe loading=\"lazy\" title=\"M\u00e1scara Capilar Regeneradora Com Abyssine Para Hidrata\u00e7\u00e3o Profunda, Brilho Intenso E Controle Do Frizz Chronologiste Intense R\u00e9g\u00e9n\u00e9rant K\u00e9rastase 200ml\" src=\"https:\/\/assets.pinterest.com\/ext\/embed.html?id=749356825537399301&#038;src=oembed\" height=\"899\" width=\"450\" frameborder=\"0\" scrolling=\"no\" ><\/iframe>\n<\/div><\/figure>\n\n\n\n<figure class=\"wp-block-embed is-type-rich is-provider-pinterest wp-block-embed-pinterest\"><div class=\"wp-block-embed__wrapper\">\n<iframe loading=\"lazy\" title=\"Weekend Ritual: K\u00e9rastase Blond Absolu \ud83d\udc9cBlonde, grey, highlighted - whatever your shade, Blond Absolu keeps it bright, fresh, and totally free from brass. Watch Vivo Stylist Hannah bring this ritual to life - glossy, luminous, blonde perfection.\ud83d\udca1 Did you know? Used as a full routine, Blond Absolu delivers +94% stronger hair and +85% more hydration.From Bain Lumi\u00e8re (that\u2019s \u201cshampoo,\u201d en fran\u00e7ais \ud83d\ude09) to a rich mask, silky serum, and dreamy overnight treatment - it\u2019s everything your weekend...\" src=\"https:\/\/assets.pinterest.com\/ext\/embed.html?id=356839970500106157&#038;src=oembed\" height=\"899\" width=\"450\" frameborder=\"0\" scrolling=\"no\" ><\/iframe>\n<\/div><\/figure>\n\n\n\n<h2 class=\"wp-block-heading\">Como usar as m\u00e1scaras da K\u00e9rastase para potencializar resultados no dia a dia<\/h2>\n\n\n\n<p>Mais do que escolher a m\u00e1scara certa, o modo de uso faz toda a diferen\u00e7a no <b>resultado<\/b> final. Um passo a passo simples, seguido com regularidade, ajuda a evitar ac\u00famulo de <b>produto<\/b>, excesso de oleosidade e at\u00e9 fios pesados ou sem <b>volume<\/b>.<\/p>\n\n\n\n<p>Para aproveitar melhor cada m\u00e1scara e deixar o cabelo mais bonito e saud\u00e1vel, vale seguir alguns cuidados b\u00e1sicos na <b>rotina<\/b>:<\/p>\n\n\n\n<ul class=\"wp-block-list\">\n<li><strong>Lavar bem<\/strong> o <b>couro<\/b> cabeludo e o comprimento antes da aplica\u00e7\u00e3o, removendo res\u00edduos de <b>produtos<\/b> antigos.<\/li>\n\n\n\n<li><strong>Retirar o excesso de \u00e1gua<\/strong> com toalha, sem esfregar, para n\u00e3o diluir a m\u00e1scara e nem agredir os <b>fios<\/b>.<\/li>\n\n\n\n<li><strong>Aplicar em mechas<\/strong>, massageando o comprimento e <b>pontas<\/b> para garantir que o produto chegue em todos os <b>fios<\/b>.<\/li>\n\n\n\n<li><strong>Respeitar o tempo de a\u00e7\u00e3o<\/strong> indicado na embalagem, normalmente entre 5 e 10 <b>minutos<\/b>.<\/li>\n\n\n\n<li><strong>Enxaguar completamente<\/strong>, at\u00e9 sentir o cabelo leve, sem sensa\u00e7\u00e3o de <b>produto<\/b> acumulado.<\/li>\n<\/ul>\n\n\n\n<p>Para organizar a rotina, muita gente monta um pequeno <b>roteiro<\/b> baseado no que o cabelo mais precisa naquele momento. Assim, fica mais f\u00e1cil alternar entre hidratar, nutrir, disciplinar, reconstruir ou <b>matizar<\/b>, sem sobrecarregar os fios e evitando a necessidade de cortes corretivos <b>frequentes<\/b>.<\/p>\n\n\n\n<p>Ao entender o papel de cada uma das cinco m\u00e1scaras da K\u00e9rastase citadas, voc\u00ea consegue montar um plano de <b>cuidados<\/b> que fa\u00e7a sentido para a sua realidade. Com o uso consistente, os fios tendem a ficar mais fortes, brilhantes e <b>macios<\/b>, com menos danos acumulados e mais liberdade para experimentar estilos diferentes sem medo de prejudicar tanto o <b>cabelo<\/b>.<\/p>\n","protected":false},"excerpt":{"rendered":"<p>Quem nunca olhou no espelho e sentiu que o cabelo perdeu o brilho, ficou \u00e1spero ou sem vida de uma hora para outra? Entre qu\u00edmicas, sol, polui\u00e7\u00e3o e ferramentas de calor, os fios acabam pedindo socorro \u2013 e \u00e9 a\u00ed que entram as m\u00e1scaras da K\u00e9rastase, conhecidas por tratar danos de forma mais profunda, com [&hellip;]<\/p>\n","protected":false},"author":9,"featured_media":209356,"comment_status":"open","ping_status":"open","sticky":false,"template":"","format":"standard","meta":{"_yoast_wpseo_focuskw":"M\u00e1scaras da K\u00e9rastase","_yoast_wpseo_title":"","_yoast_wpseo_metadesc":"M\u00e1scaras da K\u00e9rastase ajudam a hidratar, reconstruir e controlar frizz, tratando cabelos secos, loiros ou danificados.","jnews-multi-image_gallery":[],"jnews_single_post":{"format":"standard"},"jnews_primary_category":[],"jnews_social_meta":[],"jnews_override_counter":[],"footnotes":""},"categories":[124],"tags":[126,10551,16181],"class_list":["post-209097","post","type-post","status-publish","format-standard","has-post-thumbnail","hentry","category-beleza","tag-cabelo","tag-mascaras-capilares","tag-mascaras-da-kerastase"],"yoast_head":"<!-- This site is optimized with the Yoast SEO plugin v24.6 - https:\/\/yoast.com\/wordpress\/plugins\/seo\/ -->\n<title>5 m\u00e1scaras da K\u00e9rastase que ajudam a recuperar cabelos ressecados, com frizz ou danificados - Correio Braziliense - Radar<\/title>\n<meta name=\"description\" content=\"M\u00e1scaras da K\u00e9rastase ajudam a hidratar, reconstruir e controlar frizz, tratando cabelos secos, loiros ou danificados.\" \/>\n<meta name=\"robots\" content=\"index, follow, max-snippet:-1, max-image-preview:large, max-video-preview:-1\" \/>\n<link rel=\"canonical\" href=\"https:\/\/www.correiobraziliense.com.br\/cbradar\/5-mascaras-da-kerastase-que-ajudam-a-recuperar-cabelos-ressecados-com-frizz-ou-danificados\/\" \/>\n<meta property=\"og:locale\" content=\"pt_BR\" \/>\n<meta property=\"og:type\" content=\"article\" \/>\n<meta property=\"og:title\" content=\"5 m\u00e1scaras da K\u00e9rastase que ajudam a recuperar cabelos ressecados, com frizz ou danificados - Correio Braziliense - Radar\" \/>\n<meta property=\"og:description\" content=\"M\u00e1scaras da K\u00e9rastase ajudam a hidratar, reconstruir e controlar frizz, tratando cabelos secos, loiros ou danificados.\" \/>\n<meta property=\"og:url\" content=\"https:\/\/www.correiobraziliense.com.br\/cbradar\/5-mascaras-da-kerastase-que-ajudam-a-recuperar-cabelos-ressecados-com-frizz-ou-danificados\/\" \/>\n<meta property=\"og:site_name\" content=\"Correio Braziliense - Radar\" \/>\n<meta property=\"article:published_time\" content=\"2026-03-17T12:25:31+00:00\" \/>\n<meta property=\"og:image\" content=\"https:\/\/www.correiobraziliense.com.br\/cbradar\/wp-content\/uploads\/2026\/03\/Gemini_Generated_Image_dg59gbdg59gbdg59-1.png\" \/>\n\t<meta property=\"og:image:width\" content=\"1280\" \/>\n\t<meta property=\"og:image:height\" content=\"720\" \/>\n\t<meta property=\"og:image:type\" content=\"image\/png\" \/>\n<meta name=\"author\" content=\"Daniely Cardoso\" \/>\n<meta name=\"twitter:card\" content=\"summary_large_image\" \/>\n<meta name=\"twitter:label1\" content=\"Escrito por\" \/>\n\t<meta name=\"twitter:data1\" content=\"Daniely Cardoso\" \/>\n\t<meta name=\"twitter:label2\" content=\"Est. tempo de leitura\" \/>\n\t<meta name=\"twitter:data2\" content=\"5 minutos\" \/>\n<!-- \/ Yoast SEO plugin. -->","yoast_head_json":{"title":"5 m\u00e1scaras da K\u00e9rastase que ajudam a recuperar cabelos ressecados, com frizz ou danificados - Correio Braziliense - Radar","description":"M\u00e1scaras da K\u00e9rastase ajudam a hidratar, reconstruir e controlar frizz, tratando cabelos secos, loiros ou danificados.","robots":{"index":"index","follow":"follow","max-snippet":"max-snippet:-1","max-image-preview":"max-image-preview:large","max-video-preview":"max-video-preview:-1"},"canonical":"https:\/\/www.correiobraziliense.com.br\/cbradar\/5-mascaras-da-kerastase-que-ajudam-a-recuperar-cabelos-ressecados-com-frizz-ou-danificados\/","og_locale":"pt_BR","og_type":"article","og_title":"5 m\u00e1scaras da K\u00e9rastase que ajudam a recuperar cabelos ressecados, com frizz ou danificados - Correio Braziliense - Radar","og_description":"M\u00e1scaras da K\u00e9rastase ajudam a hidratar, reconstruir e controlar frizz, tratando cabelos secos, loiros ou danificados.","og_url":"https:\/\/www.correiobraziliense.com.br\/cbradar\/5-mascaras-da-kerastase-que-ajudam-a-recuperar-cabelos-ressecados-com-frizz-ou-danificados\/","og_site_name":"Correio Braziliense - Radar","article_published_time":"2026-03-17T12:25:31+00:00","og_image":[{"width":1280,"height":720,"url":"https:\/\/www.correiobraziliense.com.br\/cbradar\/wp-content\/uploads\/2026\/03\/Gemini_Generated_Image_dg59gbdg59gbdg59-1.png","type":"image\/png"}],"author":"Daniely Cardoso","twitter_card":"summary_large_image","twitter_misc":{"Escrito por":"Daniely Cardoso","Est. tempo de leitura":"5 minutos"},"schema":{"@context":"https:\/\/schema.org","@graph":[{"@type":"WebPage","@id":"https:\/\/www.correiobraziliense.com.br\/cbradar\/5-mascaras-da-kerastase-que-ajudam-a-recuperar-cabelos-ressecados-com-frizz-ou-danificados\/","url":"https:\/\/www.correiobraziliense.com.br\/cbradar\/5-mascaras-da-kerastase-que-ajudam-a-recuperar-cabelos-ressecados-com-frizz-ou-danificados\/","name":"5 m\u00e1scaras da K\u00e9rastase que ajudam a recuperar cabelos ressecados, com frizz ou danificados - Correio Braziliense - Radar","isPartOf":{"@id":"https:\/\/www.correiobraziliense.com.br\/cbradar\/#website"},"primaryImageOfPage":{"@id":"https:\/\/www.correiobraziliense.com.br\/cbradar\/5-mascaras-da-kerastase-que-ajudam-a-recuperar-cabelos-ressecados-com-frizz-ou-danificados\/#primaryimage"},"image":{"@id":"https:\/\/www.correiobraziliense.com.br\/cbradar\/5-mascaras-da-kerastase-que-ajudam-a-recuperar-cabelos-ressecados-com-frizz-ou-danificados\/#primaryimage"},"thumbnailUrl":"https:\/\/www.correiobraziliense.com.br\/cbradar\/wp-content\/uploads\/2026\/03\/Gemini_Generated_Image_dg59gbdg59gbdg59-1.png","datePublished":"2026-03-17T12:25:31+00:00","author":{"@id":"https:\/\/www.correiobraziliense.com.br\/cbradar\/#\/schema\/person\/7356666e12ec0ee53f348ee5db227032"},"description":"M\u00e1scaras da K\u00e9rastase ajudam a hidratar, reconstruir e controlar frizz, tratando cabelos secos, loiros ou danificados.","breadcrumb":{"@id":"https:\/\/www.correiobraziliense.com.br\/cbradar\/5-mascaras-da-kerastase-que-ajudam-a-recuperar-cabelos-ressecados-com-frizz-ou-danificados\/#breadcrumb"},"inLanguage":"pt-BR","potentialAction":[{"@type":"ReadAction","target":["https:\/\/www.correiobraziliense.com.br\/cbradar\/5-mascaras-da-kerastase-que-ajudam-a-recuperar-cabelos-ressecados-com-frizz-ou-danificados\/"]}]},{"@type":"ImageObject","inLanguage":"pt-BR","@id":"https:\/\/www.correiobraziliense.com.br\/cbradar\/5-mascaras-da-kerastase-que-ajudam-a-recuperar-cabelos-ressecados-com-frizz-ou-danificados\/#primaryimage","url":"https:\/\/www.correiobraziliense.com.br\/cbradar\/wp-content\/uploads\/2026\/03\/Gemini_Generated_Image_dg59gbdg59gbdg59-1.png","contentUrl":"https:\/\/www.correiobraziliense.com.br\/cbradar\/wp-content\/uploads\/2026\/03\/Gemini_Generated_Image_dg59gbdg59gbdg59-1.png","width":1280,"height":720,"caption":"Mais do que escolher a m\u00e1scara certa, o modo de uso faz toda a diferen\u00e7a no resultado final"},{"@type":"BreadcrumbList","@id":"https:\/\/www.correiobraziliense.com.br\/cbradar\/5-mascaras-da-kerastase-que-ajudam-a-recuperar-cabelos-ressecados-com-frizz-ou-danificados\/#breadcrumb","itemListElement":[{"@type":"ListItem","position":1,"name":"In\u00edcio","item":"https:\/\/www.correiobraziliense.com.br\/cbradar\/"},{"@type":"ListItem","position":2,"name":"5 m\u00e1scaras da K\u00e9rastase que ajudam a recuperar cabelos ressecados, com frizz ou danificados"}]},{"@type":"WebSite","@id":"https:\/\/www.correiobraziliense.com.br\/cbradar\/#website","url":"https:\/\/www.correiobraziliense.com.br\/cbradar\/","name":"Correio Braziliense - Radar","description":"Acompanhe as \u00faltimas not\u00edcias e fique bem informado sobre tudo o que acontece no Brasil e no mundo.","potentialAction":[{"@type":"SearchAction","target":{"@type":"EntryPoint","urlTemplate":"https:\/\/www.correiobraziliense.com.br\/cbradar\/?s={search_term_string}"},"query-input":{"@type":"PropertyValueSpecification","valueRequired":true,"valueName":"search_term_string"}}],"inLanguage":"pt-BR"},{"@type":"Person","@id":"https:\/\/www.correiobraziliense.com.br\/cbradar\/#\/schema\/person\/7356666e12ec0ee53f348ee5db227032","name":"Daniely Cardoso","image":{"@type":"ImageObject","inLanguage":"pt-BR","@id":"https:\/\/www.correiobraziliense.com.br\/cbradar\/#\/schema\/person\/image\/","url":"https:\/\/secure.gravatar.com\/avatar\/4b80ddbd124d1f071b626d52d62e5dff?s=96&d=mm&r=g","contentUrl":"https:\/\/secure.gravatar.com\/avatar\/4b80ddbd124d1f071b626d52d62e5dff?s=96&d=mm&r=g","caption":"Daniely Cardoso"},"description":"Redatora nos portais CB Radar e EM Foco, formada pela Universidade Federal de Goi\u00e1s, em Goi\u00e2nia. Apaixonada por comunica\u00e7\u00e3o, arte, decora\u00e7\u00e3o e tend\u00eancias, atuo na produ\u00e7\u00e3o de conte\u00fados envolventes sobre curiosidades, moda, beleza e paisagismo, sempre com um olhar atento \u00e0s novidades do momento.","sameAs":["https:\/\/www.correiobraziliense.com.br\/cbradar"],"url":"https:\/\/www.correiobraziliense.com.br\/cbradar\/author\/danielymyth\/"}]}},"_links":{"self":[{"href":"https:\/\/www.correiobraziliense.com.br\/cbradar\/wp-json\/wp\/v2\/posts\/209097","targetHints":{"allow":["GET"]}}],"collection":[{"href":"https:\/\/www.correiobraziliense.com.br\/cbradar\/wp-json\/wp\/v2\/posts"}],"about":[{"href":"https:\/\/www.correiobraziliense.com.br\/cbradar\/wp-json\/wp\/v2\/types\/post"}],"author":[{"embeddable":true,"href":"https:\/\/www.correiobraziliense.com.br\/cbradar\/wp-json\/wp\/v2\/users\/9"}],"replies":[{"embeddable":true,"href":"https:\/\/www.correiobraziliense.com.br\/cbradar\/wp-json\/wp\/v2\/comments?post=209097"}],"version-history":[{"count":2,"href":"https:\/\/www.correiobraziliense.com.br\/cbradar\/wp-json\/wp\/v2\/posts\/209097\/revisions"}],"predecessor-version":[{"id":209357,"href":"https:\/\/www.correiobraziliense.com.br\/cbradar\/wp-json\/wp\/v2\/posts\/209097\/revisions\/209357"}],"wp:featuredmedia":[{"embeddable":true,"href":"https:\/\/www.correiobraziliense.com.br\/cbradar\/wp-json\/wp\/v2\/media\/209356"}],"wp:attachment":[{"href":"https:\/\/www.correiobraziliense.com.br\/cbradar\/wp-json\/wp\/v2\/media?parent=209097"}],"wp:term":[{"taxonomy":"category","embeddable":true,"href":"https:\/\/www.correiobraziliense.com.br\/cbradar\/wp-json\/wp\/v2\/categories?post=209097"},{"taxonomy":"post_tag","embeddable":true,"href":"https:\/\/www.correiobraziliense.com.br\/cbradar\/wp-json\/wp\/v2\/tags?post=209097"}],"curies":[{"name":"wp","href":"https:\/\/api.w.org\/{rel}","templated":true}]}}