{"id":209112,"date":"2026-03-16T21:05:00","date_gmt":"2026-03-17T00:05:00","guid":{"rendered":"https:\/\/www.correiobraziliense.com.br\/cbradar\/?p=209112"},"modified":"2026-03-16T14:24:03","modified_gmt":"2026-03-16T17:24:03","slug":"uma-pequena-italia-no-interior-do-sul-com-2-600-moradores-e-a-maior-produtora-de-uvas-preserva-tradicoes-e-encanta-turistas","status":"publish","type":"post","link":"https:\/\/www.correiobraziliense.com.br\/cbradar\/uma-pequena-italia-no-interior-do-sul-com-2-600-moradores-e-a-maior-produtora-de-uvas-preserva-tradicoes-e-encanta-turistas\/","title":{"rendered":"Uma pequena It\u00e1lia no interior do Sul com 2.600 moradores \u00e9 a maior produtora de uvas, preserva tradi\u00e7\u00f5es e encanta turistas"},"content":{"rendered":"\n<p>O dialeto v\u00eaneto ainda ecoa nas cal\u00e7adas de <strong>Monte Belo do Sul<\/strong>, uma vila de coloniza\u00e7\u00e3o 100% italiana encravada a 618 metros de altitude no <strong>Rio Grande do Sul<\/strong>. A &#8220;pequena It\u00e1lia&#8221; produz 16 toneladas de uva por habitante ao ano e guarda vin\u00edcolas familiares onde o visitante prova r\u00f3tulos que n\u00e3o chegam \u00e0s prateleiras de capitais.<\/p>\n\n\n\n<h2 class=\"wp-block-heading\">Uma col\u00f4nia italiana que o tempo preservou na serra<\/h2>\n\n\n\n<p>Em <strong>1877<\/strong>, 416 fam\u00edlias vindas de nove prov\u00edncias italianas subiram a serra e fundaram a comunidade que daria origem a Monte Belo do Sul. Passaram por ali imigrantes de <strong>Udine<\/strong>, <strong>Veneza<\/strong>, <strong>Vicenza<\/strong>, <strong>Treviso<\/strong> e <strong>B\u00e9rgamo<\/strong>, entre outras cidades. A heran\u00e7a permanece viva nos capit\u00e9is floridos \u00e0 beira das estradas rurais, nas capelas com santos esculpidos em madeira e no sotaque carregado dos moradores mais velhos.<\/p>\n\n\n\n<p>O munic\u00edpio mant\u00e9m um pacto de irmandade, o <a href=\"https:\/\/www.montebelodosul.rs.gov.br\/pagina\/view\/2\" target=\"_blank\" rel=\"noreferrer noopener\"><strong>Gemellaggio<\/strong><\/a>, com a cidade de <strong>Schiavon<\/strong>, na prov\u00edncia de Vicenza. A troca vai al\u00e9m do simb\u00f3lico: delega\u00e7\u00f5es se visitam, fam\u00edlias hospedam italianos em suas casas e Schiavon batizou uma de suas ruas com o nome do munic\u00edpio ga\u00facho.<\/p>\n\n\n<div class=\"wp-block-image\">\n<figure class=\"aligncenter size-large\"><img decoding=\"async\" width=\"1024\" height=\"576\" src=\"https:\/\/www.correiobraziliense.com.br\/cbradar\/wp-content\/uploads\/2026\/01\/Monte-Belo-do-Sul_1769561262424-1024x576.jpg\" alt=\"Uma pequena It\u00e1lia no interior do Sul com apenas 2.600 moradores preserva sua cultura intocada e recebe turistas com hospitalidade\" class=\"wp-image-182930\" srcset=\"https:\/\/www.correiobraziliense.com.br\/cbradar\/wp-content\/uploads\/2026\/01\/Monte-Belo-do-Sul_1769561262424-1024x576.jpg 1024w, https:\/\/www.correiobraziliense.com.br\/cbradar\/wp-content\/uploads\/2026\/01\/Monte-Belo-do-Sul_1769561262424-300x169.jpg 300w, https:\/\/www.correiobraziliense.com.br\/cbradar\/wp-content\/uploads\/2026\/01\/Monte-Belo-do-Sul_1769561262424-768x432.jpg 768w, https:\/\/www.correiobraziliense.com.br\/cbradar\/wp-content\/uploads\/2026\/01\/Monte-Belo-do-Sul_1769561262424-750x422.jpg 750w, https:\/\/www.correiobraziliense.com.br\/cbradar\/wp-content\/uploads\/2026\/01\/Monte-Belo-do-Sul_1769561262424-1140x641.jpg 1140w, https:\/\/www.correiobraziliense.com.br\/cbradar\/wp-content\/uploads\/2026\/01\/Monte-Belo-do-Sul_1769561262424.jpg 1280w\" sizes=\"(max-width: 1024px) 100vw, 1024px\" \/><figcaption class=\"wp-element-caption\"> Monte Belo do Sul, RS, Vale dos Vinhedos com parreirais, mirante Dal Castel e coloniza\u00e7\u00e3o italiana preservada. \/ Cr\u00e9ditos: depositphotos.com \/ lltrarbach<\/figcaption><\/figure><\/div>\n\n\n<h2 class=\"wp-block-heading\">O que visitar em Monte Belo do Sul al\u00e9m das vin\u00edcolas?<\/h2>\n\n\n\n<p>A cidade surpreende quem espera apenas degusta\u00e7\u00e3o. Algumas atra\u00e7\u00f5es ficam a minutos do centro, e o ritmo tranquilo permite explorar tudo a p\u00e9 ou de bicicleta.<\/p>\n\n\n\n<ul class=\"wp-block-list\">\n<li><strong>Igreja Matriz S\u00e3o Francisco de Assis<\/strong>: suas torres dominam a paisagem e s\u00e3o avistadas de v\u00e1rios pontos da regi\u00e3o. Fica em frente \u00e0 <strong>Pra\u00e7a Padre Jos\u00e9 Ferlin<\/strong>, ponto de encontro da comunidade.<\/li>\n\n\n\n<li><strong>Tanoaria Mesacaza<\/strong>: tr\u00eas gera\u00e7\u00f5es de tanoeiros fabricam e restauram barris de madeira nativa. A arte da tanoaria est\u00e1 em extin\u00e7\u00e3o no Brasil, e Monte Belo preserva duas oficinas ativas. Visitas por agendamento.<\/li>\n\n\n\n<li><strong>Mirante Dal Castel<\/strong>: vista panor\u00e2mica dos parreirais e do <strong>Vale do Rio das Antas<\/strong>, ideal para o fim de tarde.<\/li>\n\n\n\n<li><strong>Cave Brandalise<\/strong>: castelo constru\u00eddo em pedra que funciona como cart\u00e3o postal na entrada da cidade e serve refei\u00e7\u00f5es nos fins de semana.<\/li>\n\n\n\n<li><strong>Senzafine Lavandas<\/strong>: campo de lavandas no centro, aberto de quinta a domingo.<\/li>\n<\/ul>\n\n\n\n<p><strong>A alma italiana da Serra Ga\u00facha revela-se em costumes preservados e vistas deslumbrantes do topo dos morros.<\/strong> O v\u00eddeo \u00e9 do canal <strong>Diogo Elzinga<\/strong>, refer\u00eancia com mais de <strong>1 milh\u00e3o<\/strong> de inscritos, e apresenta o Talian, o Polenta\u00e7o e as tradi\u00e7\u00f5es de Monte Belo do Sul:<\/p>\n\n\n\n<figure class=\"wp-block-embed aligncenter is-type-video is-provider-youtube wp-block-embed-youtube wp-embed-aspect-16-9 wp-has-aspect-ratio\"><div class=\"wp-block-embed__wrapper\">\n<div class=\"jeg_video_container jeg_video_content\"><iframe loading=\"lazy\" title=\"A ALMA ITALIANA da Serra Ga\u00facha | Monte Belo do Sul [DOCUMENT\u00c1RIO]\" width=\"500\" height=\"281\" src=\"https:\/\/www.youtube.com\/embed\/VZxqF9h79d8?feature=oembed\" frameborder=\"0\" allow=\"accelerometer; autoplay; clipboard-write; encrypted-media; gyroscope; picture-in-picture; web-share\" referrerpolicy=\"strict-origin-when-cross-origin\" allowfullscreen><\/iframe><\/div>\n<\/div><\/figure>\n\n\n\n<h2 class=\"wp-block-heading\">Vin\u00edcolas familiares com selo de origem controlada<\/h2>\n\n\n\n<p>Monte Belo do Sul recebeu em 2013 a <strong>Indica\u00e7\u00e3o de Proced\u00eancia (IP) Monte Belo<\/strong>, registrada pelo <a href=\"https:\/\/www.embrapa.br\/uva-e-vinho\/indicacoes-geograficas-de-vinhos-do-brasil\/ip-monte-belo\" target=\"_blank\" rel=\"noreferrer noopener\"><strong>INPI<\/strong><\/a> com apoio da <strong>Embrapa Uva e Vinho<\/strong>. O diferencial: todas as vin\u00edcolas certificadas s\u00e3o familiares e de pequeno porte. A regi\u00e3o usa at\u00e9 uma levedura aut\u00f3ctone, selecionada das pr\u00f3prias uvas locais, para dar identidade sensorial aos r\u00f3tulos.<\/p>\n\n\n\n<p>Entre as vin\u00edcolas abertas \u00e0 visita\u00e7\u00e3o est\u00e3o <strong>Calza<\/strong>, <strong>Fa\u00e9<\/strong>, <strong>Famiglia Tasca<\/strong>, <strong>Angheben<\/strong> e <strong>Faccin<\/strong>. A maioria pede agendamento pr\u00e9vio, e o atendimento costuma ser feito pelos pr\u00f3prios donos. Prove o espumante pelo m\u00e9todo tradicional, com corte exclusivo de Riesling It\u00e1lico, Pinot Noir e Chardonnay.<\/p>\n\n\n\n<h2 class=\"wp-block-heading\">Onde comer na capital per capita da uva?<\/h2>\n\n\n\n<p>A gastronomia local \u00e9 farta, colonial e ligada \u00e0 terra. Os restaurantes de Monte Belo ganharam destaque no <strong>Pr\u00eamio Revista Sabores do Sul 2022<\/strong> em duas categorias.<\/p>\n\n\n\n<ul class=\"wp-block-list\">\n<li><strong>Francesco Trattoria<\/strong>: cozinha italiana sofisticada em casar\u00e3o de 1938. O tortino di polenta \u00e9 cria\u00e7\u00e3o da casa.<\/li>\n\n\n\n<li><strong>Nonna Metilde<\/strong>: comida colonial servida em ambiente familiar, com massas cortadas \u00e0 faca e galeto.<\/li>\n\n\n\n<li><strong>Beco Caf\u00e9<\/strong>: caf\u00e9s especiais nos fundos de uma galeria no centro, inaugurado em 2024.<\/li>\n\n\n\n<li><strong>Menarosto<\/strong>: prato t\u00edpico de carnes em espeto girat\u00f3rio, servido em eventos comunit\u00e1rios com polenta brustolada e radicci.<\/li>\n<\/ul>\n\n\n<div class=\"wp-block-image\">\n<figure class=\"aligncenter size-large\"><img decoding=\"async\" width=\"1024\" height=\"576\" src=\"https:\/\/www.correiobraziliense.com.br\/cbradar\/wp-content\/uploads\/2026\/01\/Monte-Belo-do-Sul_1769561306596-1024x576.jpg\" alt=\"Uma pequena cidade no Sul com apenas 2.600 moradores preserva at\u00e9 mesmo um idioma pr\u00f3prio e cultura rara no Brasil\" class=\"wp-image-182932\" srcset=\"https:\/\/www.correiobraziliense.com.br\/cbradar\/wp-content\/uploads\/2026\/01\/Monte-Belo-do-Sul_1769561306596-1024x576.jpg 1024w, https:\/\/www.correiobraziliense.com.br\/cbradar\/wp-content\/uploads\/2026\/01\/Monte-Belo-do-Sul_1769561306596-300x169.jpg 300w, https:\/\/www.correiobraziliense.com.br\/cbradar\/wp-content\/uploads\/2026\/01\/Monte-Belo-do-Sul_1769561306596-768x432.jpg 768w, https:\/\/www.correiobraziliense.com.br\/cbradar\/wp-content\/uploads\/2026\/01\/Monte-Belo-do-Sul_1769561306596-750x422.jpg 750w, https:\/\/www.correiobraziliense.com.br\/cbradar\/wp-content\/uploads\/2026\/01\/Monte-Belo-do-Sul_1769561306596-1140x641.jpg 1140w, https:\/\/www.correiobraziliense.com.br\/cbradar\/wp-content\/uploads\/2026\/01\/Monte-Belo-do-Sul_1769561306596.jpg 1280w\" sizes=\"(max-width: 1024px) 100vw, 1024px\" \/><figcaption class=\"wp-element-caption\">Visite vin\u00edcolas, Piazza Schiavon e trilhas em Monte Belo do Sul: um ref\u00fagio sereno na rota dos vinhos italianos. \/ Cr\u00e9ditos: depositphotos.com \/ lltrarbach<\/figcaption><\/figure><\/div>\n\n\n<p><strong>Leia tamb\u00e9m: <a href=\"https:\/\/www.correiobraziliense.com.br\/cbradar\/a-quarta-cidade-mais-antiga-do-brasil-tem-um-cristo-redentor-anterior-ao-do-rio-de-janeiro\/\" target=\"_blank\" rel=\"noreferrer noopener\">A quarta cidade mais antiga do Brasil tem um Cristo Redentor anterior ao do Rio de Janeiro.<\/a><\/strong><\/p>\n\n\n\n<h2 class=\"wp-block-heading\">Quando o clima favorece o enoturismo na serra?<\/h2>\n\n\n\n<p>O clima temperado de altitude marca bem as esta\u00e7\u00f5es. O inverno seco \u00e9 a \u00e9poca preferida para degusta\u00e7\u00f5es, enquanto o ver\u00e3o aquece os parreirais e traz chuvas de fim de tarde.<\/p>\n\n\n\n<div class=\"google-auto-ads-ignore\" style=\"font-family: 'Segoe UI', Roboto, -apple-system, sans-serif; max-width: 850px; margin: 20px auto; box-sizing: border-box; background-color: #ffffff; -webkit-font-smoothing: antialiased; text-rendering: optimizeLegibility;\">\n    \n    <div style=\"background: #fffcfc; border-radius: 20px; overflow: hidden; border: 1px solid #bae6fd; display: flex; flex-direction: column; box-shadow: 0 4px 15px rgba(2, 132, 199, 0.05);\">\n        \n        <div style=\"background: linear-gradient(135deg, #38bdf8 0%, #0284c7 100%); padding: 20px 30px; text-align: left;\">\n            <div style=\"font-size: 24px; font-weight: 800; color: #ffffff; letter-spacing: -0.5px; line-height: 1.2;\">\n                Sazonalidade e condi\u00e7\u00f5es para atividades\n            <\/div>\n            <div style=\"font-size: 14px; color: #e0f2fe; margin-top: 4px; font-weight: 500; opacity: 0.9;\">\n                An\u00e1lise clim\u00e1tica detalhada para planejamento de roteiros de enoturismo e experi\u00eancias serranas\n            <\/div>\n        <\/div>\n\n        <div style=\"padding: 15px;\">\n            <div style=\"display: grid; width: 100%; grid-template-columns: 0.8fr 0.7fr 1fr 0.7fr 1.8fr; gap: 1px; background-color: #7dd3fc; border-radius: 12px; border: 1px solid #7dd3fc; overflow: hidden;\">\n                \n                <div style=\"background: #f0f9ff; padding: 10px; font-weight: 800; font-size: 11px; text-transform: uppercase; color: #0c4a6e; text-align: center;\">Esta\u00e7\u00e3o<\/div>\n                <div style=\"background: #f0f9ff; padding: 10px; font-weight: 800; font-size: 11px; text-transform: uppercase; color: #0c4a6e; text-align: center;\">Meses<\/div>\n                <div style=\"background: #f0f9ff; padding: 10px; font-weight: 800; font-size: 11px; text-transform: uppercase; color: #0c4a6e; text-align: center;\">Temperatura<\/div>\n                <div style=\"background: #f0f9ff; padding: 10px; font-weight: 800; font-size: 11px; text-transform: uppercase; color: #0c4a6e; text-align: center;\">Chuva<\/div>\n                <div style=\"background: #f0f9ff; padding: 10px; font-weight: 800; font-size: 11px; text-transform: uppercase; color: #0c4a6e; text-align: center;\">O que fazer<\/div>\n\n                <div style=\"background: #ffffff; padding: 12px; font-weight: 800; color: #0284c7; font-size: 14px; display: flex; align-items: center; justify-content: center; gap: 5px;\">\ud83c\udf47 Ver\u00e3o<\/div>\n                <div style=\"background: #ffffff; padding: 12px; font-size: 13px; color: #1e293b; font-weight: 600; display: flex; align-items: center; justify-content: center;\">Dez-Fev<\/div>\n                <div style=\"background: #ffffff; padding: 12px; display: flex; align-items: center; justify-content: center; gap: 6px;\">\n                    <span style=\"font-size: 13px; font-weight: 700; color: #1e293b;\">17-30\u00b0C<\/span>\n                <\/div>\n                <div style=\"background: #ffffff; padding: 12px; font-size: 13px; color: #4b5563; font-weight: 600; display: flex; align-items: center; justify-content: center;\">Alta<\/div>\n                <div style=\"background: #ffffff; padding: 12px; font-size: 13px; line-height: 1.4; color: #1e293b; display: flex; align-items: center;\">Vindima (colheita da uva) e passeios matinais.<\/div>\n\n                <div style=\"background: #f8fafc; padding: 12px; font-weight: 800; color: #0284c7; font-size: 14px; display: flex; align-items: center; justify-content: center; gap: 5px;\">\ud83c\udf42 Outono<\/div>\n                <div style=\"background: #f8fafc; padding: 12px; font-size: 13px; color: #1e293b; font-weight: 600; display: flex; align-items: center; justify-content: center;\">Mar-Mai<\/div>\n                <div style=\"background: #f8fafc; padding: 12px; display: flex; align-items: center; justify-content: center; gap: 6px;\">\n                    <span style=\"font-size: 13px; font-weight: 700; color: #1e293b;\">12-24\u00b0C<\/span>\n                <\/div>\n                <div style=\"background: #f8fafc; padding: 12px; font-size: 13px; color: #4b5563; font-weight: 600; display: flex; align-items: center; justify-content: center;\">M\u00e9dia<\/div>\n                <div style=\"background: #f8fafc; padding: 12px; font-size: 13px; line-height: 1.4; color: #1e293b; display: flex; align-items: center;\">Festivais culturais e colheita tardia.<\/div>\n\n                <div style=\"background: #ffffff; padding: 12px; font-weight: 800; color: #0284c7; font-size: 14px; display: flex; align-items: center; justify-content: center; gap: 5px;\">\u2744\ufe0f Inverno<\/div>\n                <div style=\"background: #ffffff; padding: 12px; font-size: 13px; color: #1e293b; font-weight: 600; display: flex; align-items: center; justify-content: center;\">Jun-Ago<\/div>\n                <div style=\"background: #ffffff; padding: 12px; display: flex; align-items: center; justify-content: center; gap: 6px;\">\n                    <span style=\"font-size: 13px; font-weight: 700; color: #1e293b;\">4-16\u00b0C<\/span>\n                <\/div>\n                <div style=\"background: #ffffff; padding: 12px; font-size: 13px; color: #4b5563; font-weight: 600; display: flex; align-items: center; justify-content: center;\">Baixa<\/div>\n                <div style=\"background: #ffffff; padding: 12px; font-size: 13px; line-height: 1.4; color: #1e293b; display: flex; align-items: center;\">Degusta\u00e7\u00f5es premium e jantares com fondue.<\/div>\n\n                <div style=\"background: #f8fafc; padding: 12px; font-weight: 800; color: #0284c7; font-size: 14px; display: flex; align-items: center; justify-content: center; gap: 5px;\">\ud83c\udf3f Primavera<\/div>\n                <div style=\"background: #f8fafc; padding: 12px; font-size: 13px; color: #1e293b; font-weight: 600; display: flex; align-items: center; justify-content: center;\">Set-Nov<\/div>\n                <div style=\"background: #f8fafc; padding: 12px; display: flex; align-items: center; justify-content: center; gap: 6px;\">\n                    <span style=\"font-size: 13px; font-weight: 700; color: #1e293b;\">12-25\u00b0C<\/span>\n                <\/div>\n                <div style=\"background: #f8fafc; padding: 12px; font-size: 13px; color: #4b5563; font-weight: 600; display: flex; align-items: center; justify-content: center;\">M\u00e9dia<\/div>\n                <div style=\"background: #f8fafc; padding: 12px; font-size: 13px; line-height: 1.4; color: #1e293b; display: flex; align-items: center;\">Brota\u00e7\u00e3o das videiras e jardins floridos.<\/div>\n            <\/div>\n        <\/div>\n\n        <div style=\"padding: 10px 30px; background: #f0f9ff; border-top: 1px solid #bae6fd; font-size: 12px; color: #0c4a6e; font-style: italic; display: flex; align-items: center; gap: 8px; font-weight: 600;\">\n            <div style=\"width: 6px; height: 6px; background: #0284c7; border-radius: 50%;\"><\/div>\n            Informa\u00e7\u00e3o: O ver\u00e3o \u00e9 a \u00e9poca de ouro para quem deseja vivenciar a Vindima, a grande festa da colheita ga\u00facha.\n        <\/div>\n        \n    <\/div>\n<\/div>\n\n\n\n<p><em>Temperaturas aproximadas. Consulte a previs\u00e3o atualizada no <a href=\"https:\/\/www.climatempo.com.br\/previsao-do-tempo\/cidade\/3340\/montebelodosul-rs\" target=\"_blank\" rel=\"noreferrer noopener\"><strong>Climatempo<\/strong><\/a>.<\/em><\/p>\n\n\n<div class=\"wp-block-image\">\n<figure class=\"aligncenter size-large\"><img decoding=\"async\" width=\"1024\" height=\"576\" src=\"https:\/\/www.correiobraziliense.com.br\/cbradar\/wp-content\/uploads\/2026\/01\/Monte-Belo-do-Sul_1769561355770-1024x576.jpg\" alt=\"Uma pequena It\u00e1lia no interior do Sul com apenas 2.600 moradores preserva sua cultura intocada e recebe turistas com hospitalidade\" class=\"wp-image-182934\" srcset=\"https:\/\/www.correiobraziliense.com.br\/cbradar\/wp-content\/uploads\/2026\/01\/Monte-Belo-do-Sul_1769561355770-1024x576.jpg 1024w, https:\/\/www.correiobraziliense.com.br\/cbradar\/wp-content\/uploads\/2026\/01\/Monte-Belo-do-Sul_1769561355770-300x169.jpg 300w, https:\/\/www.correiobraziliense.com.br\/cbradar\/wp-content\/uploads\/2026\/01\/Monte-Belo-do-Sul_1769561355770-768x432.jpg 768w, https:\/\/www.correiobraziliense.com.br\/cbradar\/wp-content\/uploads\/2026\/01\/Monte-Belo-do-Sul_1769561355770-750x422.jpg 750w, https:\/\/www.correiobraziliense.com.br\/cbradar\/wp-content\/uploads\/2026\/01\/Monte-Belo-do-Sul_1769561355770-1140x641.jpg 1140w, https:\/\/www.correiobraziliense.com.br\/cbradar\/wp-content\/uploads\/2026\/01\/Monte-Belo-do-Sul_1769561355770.jpg 1280w\" sizes=\"(max-width: 1024px) 100vw, 1024px\" \/><figcaption class=\"wp-element-caption\">Monte Belo do Sul, RS, Vale dos Vinhedos com parreirais, mirante Dal Castel e coloniza\u00e7\u00e3o italiana preservada. \/ Cr\u00e9ditos: depositphotos.com \/ lltrarbach<\/figcaption><\/figure><\/div>\n\n\n<h2 class=\"wp-block-heading\">Como chegar a Monte Belo do Sul saindo de Porto Alegre?<\/h2>\n\n\n\n<p>Monte Belo do Sul fica a 121 km de <strong>Porto Alegre<\/strong>. O acesso mais comum \u00e9 via <strong>Bento Gon\u00e7alves<\/strong>, pela <strong>RS-444<\/strong>, que corta o <a href=\"https:\/\/www.turismo.rs.gov.br\/turismo\/municipio\/visualizar\/203\" target=\"_blank\" rel=\"noreferrer noopener\"><strong>Vale dos Vinhedos<\/strong><\/a>. O aeroporto mais pr\u00f3ximo \u00e9 o <strong>Hugo Cantergiani<\/strong>, em <strong>Caxias do Sul<\/strong>, a cerca de 50 km. Estradas principais s\u00e3o pavimentadas, mas alguns caminhos rurais at\u00e9 vin\u00edcolas podem ser de terra.<\/p>\n\n\n\n<h2 class=\"wp-block-heading\">A vila onde cada fam\u00edlia cultiva sua videira<\/h2>\n\n\n\n<p><strong>Monte Belo do Sul condensa em 70 km\u00b2 o que a Serra Ga\u00facha tem de mais aut\u00eantico: <\/strong>vin\u00edcolas onde o dono serve a ta\u00e7a, tanoeiros que moldam barris \u00e0 m\u00e3o e uma comunidade que ainda fala o dialeto dos av\u00f3s. Tudo isso a pouco mais de uma hora de Porto Alegre.<\/p>\n\n\n\n<p>Voc\u00ea precisa subir essa serra e brindar com um espumante que s\u00f3 existe ali, na cidade onde a uva \u00e9 mais do que fruto, \u00e9 sobrenome de fam\u00edlia.<\/p>\n","protected":false},"excerpt":{"rendered":"<p>O dialeto v\u00eaneto ainda ecoa nas cal\u00e7adas de Monte Belo do Sul, uma vila de coloniza\u00e7\u00e3o 100% italiana encravada a 618 metros de altitude no Rio Grande do Sul. A &#8220;pequena It\u00e1lia&#8221; produz 16 toneladas de uva por habitante ao ano e guarda vin\u00edcolas familiares onde o visitante prova r\u00f3tulos que n\u00e3o chegam \u00e0s prateleiras [&hellip;]<\/p>\n","protected":false},"author":8,"featured_media":182956,"comment_status":"open","ping_status":"open","sticky":false,"template":"","format":"standard","meta":{"_yoast_wpseo_focuskw":"pequena It\u00e1lia","_yoast_wpseo_title":"","_yoast_wpseo_metadesc":"Com apenas 2.600 moradores, essa pequena It\u00e1lia no Sul lidera a produ\u00e7\u00e3o de uvas e preserva tradi\u00e7\u00f5es culturais.","jnews-multi-image_gallery":[],"jnews_single_post":{"format":"standard"},"jnews_primary_category":[],"jnews_social_meta":[],"jnews_override_counter":[],"footnotes":""},"categories":[108,111],"tags":[14487,217],"class_list":["post-209112","post","type-post","status-publish","format-standard","has-post-thumbnail","hentry","category-cidades","category-turismo","tag-monte-belo-do-sul","tag-rio-grande-do-sul"],"yoast_head":"<!-- This site is optimized with the Yoast SEO plugin v24.6 - https:\/\/yoast.com\/wordpress\/plugins\/seo\/ -->\n<title>Uma pequena It\u00e1lia no interior do Sul com 2.600 moradores \u00e9 a maior produtora de uvas, preserva tradi\u00e7\u00f5es e encanta turistas - Correio Braziliense - Radar<\/title>\n<meta name=\"description\" content=\"Com apenas 2.600 moradores, essa pequena It\u00e1lia no Sul lidera a produ\u00e7\u00e3o de uvas e preserva tradi\u00e7\u00f5es culturais.\" \/>\n<meta name=\"robots\" content=\"index, follow, max-snippet:-1, max-image-preview:large, max-video-preview:-1\" \/>\n<link rel=\"canonical\" href=\"https:\/\/www.correiobraziliense.com.br\/cbradar\/uma-pequena-italia-no-interior-do-sul-com-2-600-moradores-e-a-maior-produtora-de-uvas-preserva-tradicoes-e-encanta-turistas\/\" \/>\n<meta property=\"og:locale\" content=\"pt_BR\" \/>\n<meta property=\"og:type\" content=\"article\" \/>\n<meta property=\"og:title\" content=\"Uma pequena It\u00e1lia no interior do Sul com 2.600 moradores \u00e9 a maior produtora de uvas, preserva tradi\u00e7\u00f5es e encanta turistas - Correio Braziliense - Radar\" \/>\n<meta property=\"og:description\" content=\"Com apenas 2.600 moradores, essa pequena It\u00e1lia no Sul lidera a produ\u00e7\u00e3o de uvas e preserva tradi\u00e7\u00f5es culturais.\" \/>\n<meta property=\"og:url\" content=\"https:\/\/www.correiobraziliense.com.br\/cbradar\/uma-pequena-italia-no-interior-do-sul-com-2-600-moradores-e-a-maior-produtora-de-uvas-preserva-tradicoes-e-encanta-turistas\/\" \/>\n<meta property=\"og:site_name\" content=\"Correio Braziliense - Radar\" \/>\n<meta property=\"article:published_time\" content=\"2026-03-17T00:05:00+00:00\" \/>\n<meta property=\"og:image\" content=\"https:\/\/www.correiobraziliense.com.br\/cbradar\/wp-content\/uploads\/2026\/01\/aaa-2026-01-27T221122.952.png\" \/>\n\t<meta property=\"og:image:width\" content=\"1280\" \/>\n\t<meta property=\"og:image:height\" content=\"720\" \/>\n\t<meta property=\"og:image:type\" content=\"image\/png\" \/>\n<meta name=\"author\" content=\"Maura Pereira\" \/>\n<meta name=\"twitter:card\" content=\"summary_large_image\" \/>\n<meta name=\"twitter:label1\" content=\"Escrito por\" \/>\n\t<meta name=\"twitter:data1\" content=\"Maura Pereira\" \/>\n\t<meta name=\"twitter:label2\" content=\"Est. tempo de leitura\" \/>\n\t<meta name=\"twitter:data2\" content=\"7 minutos\" \/>\n<!-- \/ Yoast SEO plugin. -->","yoast_head_json":{"title":"Uma pequena It\u00e1lia no interior do Sul com 2.600 moradores \u00e9 a maior produtora de uvas, preserva tradi\u00e7\u00f5es e encanta turistas - Correio Braziliense - Radar","description":"Com apenas 2.600 moradores, essa pequena It\u00e1lia no Sul lidera a produ\u00e7\u00e3o de uvas e preserva tradi\u00e7\u00f5es culturais.","robots":{"index":"index","follow":"follow","max-snippet":"max-snippet:-1","max-image-preview":"max-image-preview:large","max-video-preview":"max-video-preview:-1"},"canonical":"https:\/\/www.correiobraziliense.com.br\/cbradar\/uma-pequena-italia-no-interior-do-sul-com-2-600-moradores-e-a-maior-produtora-de-uvas-preserva-tradicoes-e-encanta-turistas\/","og_locale":"pt_BR","og_type":"article","og_title":"Uma pequena It\u00e1lia no interior do Sul com 2.600 moradores \u00e9 a maior produtora de uvas, preserva tradi\u00e7\u00f5es e encanta turistas - Correio Braziliense - Radar","og_description":"Com apenas 2.600 moradores, essa pequena It\u00e1lia no Sul lidera a produ\u00e7\u00e3o de uvas e preserva tradi\u00e7\u00f5es culturais.","og_url":"https:\/\/www.correiobraziliense.com.br\/cbradar\/uma-pequena-italia-no-interior-do-sul-com-2-600-moradores-e-a-maior-produtora-de-uvas-preserva-tradicoes-e-encanta-turistas\/","og_site_name":"Correio Braziliense - Radar","article_published_time":"2026-03-17T00:05:00+00:00","og_image":[{"width":1280,"height":720,"url":"https:\/\/www.correiobraziliense.com.br\/cbradar\/wp-content\/uploads\/2026\/01\/aaa-2026-01-27T221122.952.png","type":"image\/png"}],"author":"Maura Pereira","twitter_card":"summary_large_image","twitter_misc":{"Escrito por":"Maura Pereira","Est. tempo de leitura":"7 minutos"},"schema":{"@context":"https:\/\/schema.org","@graph":[{"@type":"WebPage","@id":"https:\/\/www.correiobraziliense.com.br\/cbradar\/uma-pequena-italia-no-interior-do-sul-com-2-600-moradores-e-a-maior-produtora-de-uvas-preserva-tradicoes-e-encanta-turistas\/","url":"https:\/\/www.correiobraziliense.com.br\/cbradar\/uma-pequena-italia-no-interior-do-sul-com-2-600-moradores-e-a-maior-produtora-de-uvas-preserva-tradicoes-e-encanta-turistas\/","name":"Uma pequena It\u00e1lia no interior do Sul com 2.600 moradores \u00e9 a maior produtora de uvas, preserva tradi\u00e7\u00f5es e encanta turistas - Correio Braziliense - Radar","isPartOf":{"@id":"https:\/\/www.correiobraziliense.com.br\/cbradar\/#website"},"primaryImageOfPage":{"@id":"https:\/\/www.correiobraziliense.com.br\/cbradar\/uma-pequena-italia-no-interior-do-sul-com-2-600-moradores-e-a-maior-produtora-de-uvas-preserva-tradicoes-e-encanta-turistas\/#primaryimage"},"image":{"@id":"https:\/\/www.correiobraziliense.com.br\/cbradar\/uma-pequena-italia-no-interior-do-sul-com-2-600-moradores-e-a-maior-produtora-de-uvas-preserva-tradicoes-e-encanta-turistas\/#primaryimage"},"thumbnailUrl":"https:\/\/www.correiobraziliense.com.br\/cbradar\/wp-content\/uploads\/2026\/01\/aaa-2026-01-27T221122.952.png","datePublished":"2026-03-17T00:05:00+00:00","author":{"@id":"https:\/\/www.correiobraziliense.com.br\/cbradar\/#\/schema\/person\/4053c651a9bfc785afc6f4cbc9032fd3"},"description":"Com apenas 2.600 moradores, essa pequena It\u00e1lia no Sul lidera a produ\u00e7\u00e3o de uvas e preserva tradi\u00e7\u00f5es culturais.","breadcrumb":{"@id":"https:\/\/www.correiobraziliense.com.br\/cbradar\/uma-pequena-italia-no-interior-do-sul-com-2-600-moradores-e-a-maior-produtora-de-uvas-preserva-tradicoes-e-encanta-turistas\/#breadcrumb"},"inLanguage":"pt-BR","potentialAction":[{"@type":"ReadAction","target":["https:\/\/www.correiobraziliense.com.br\/cbradar\/uma-pequena-italia-no-interior-do-sul-com-2-600-moradores-e-a-maior-produtora-de-uvas-preserva-tradicoes-e-encanta-turistas\/"]}]},{"@type":"ImageObject","inLanguage":"pt-BR","@id":"https:\/\/www.correiobraziliense.com.br\/cbradar\/uma-pequena-italia-no-interior-do-sul-com-2-600-moradores-e-a-maior-produtora-de-uvas-preserva-tradicoes-e-encanta-turistas\/#primaryimage","url":"https:\/\/www.correiobraziliense.com.br\/cbradar\/wp-content\/uploads\/2026\/01\/aaa-2026-01-27T221122.952.png","contentUrl":"https:\/\/www.correiobraziliense.com.br\/cbradar\/wp-content\/uploads\/2026\/01\/aaa-2026-01-27T221122.952.png","width":1280,"height":720,"caption":"A cidade de Monte Belo do Sul localiza-se na Serra Ga\u00facha, a cerca de 120 km da capital Porto Alegre."},{"@type":"BreadcrumbList","@id":"https:\/\/www.correiobraziliense.com.br\/cbradar\/uma-pequena-italia-no-interior-do-sul-com-2-600-moradores-e-a-maior-produtora-de-uvas-preserva-tradicoes-e-encanta-turistas\/#breadcrumb","itemListElement":[{"@type":"ListItem","position":1,"name":"In\u00edcio","item":"https:\/\/www.correiobraziliense.com.br\/cbradar\/"},{"@type":"ListItem","position":2,"name":"Uma pequena It\u00e1lia no interior do Sul com 2.600 moradores \u00e9 a maior produtora de uvas, preserva tradi\u00e7\u00f5es e encanta turistas"}]},{"@type":"WebSite","@id":"https:\/\/www.correiobraziliense.com.br\/cbradar\/#website","url":"https:\/\/www.correiobraziliense.com.br\/cbradar\/","name":"Correio Braziliense - Radar","description":"Acompanhe as \u00faltimas not\u00edcias e fique bem informado sobre tudo o que acontece no Brasil e no mundo.","potentialAction":[{"@type":"SearchAction","target":{"@type":"EntryPoint","urlTemplate":"https:\/\/www.correiobraziliense.com.br\/cbradar\/?s={search_term_string}"},"query-input":{"@type":"PropertyValueSpecification","valueRequired":true,"valueName":"search_term_string"}}],"inLanguage":"pt-BR"},{"@type":"Person","@id":"https:\/\/www.correiobraziliense.com.br\/cbradar\/#\/schema\/person\/4053c651a9bfc785afc6f4cbc9032fd3","name":"Maura Pereira","image":{"@type":"ImageObject","inLanguage":"pt-BR","@id":"https:\/\/www.correiobraziliense.com.br\/cbradar\/#\/schema\/person\/image\/","url":"https:\/\/secure.gravatar.com\/avatar\/3effd6bdadfa447f15089c7f7144eaa6?s=96&d=mm&r=g","contentUrl":"https:\/\/secure.gravatar.com\/avatar\/3effd6bdadfa447f15089c7f7144eaa6?s=96&d=mm&r=g","caption":"Maura Pereira"},"sameAs":["https:\/\/www.correiobraziliense.com.br\/"],"url":"https:\/\/www.correiobraziliense.com.br\/cbradar\/author\/mauramyth\/"}]}},"_links":{"self":[{"href":"https:\/\/www.correiobraziliense.com.br\/cbradar\/wp-json\/wp\/v2\/posts\/209112","targetHints":{"allow":["GET"]}}],"collection":[{"href":"https:\/\/www.correiobraziliense.com.br\/cbradar\/wp-json\/wp\/v2\/posts"}],"about":[{"href":"https:\/\/www.correiobraziliense.com.br\/cbradar\/wp-json\/wp\/v2\/types\/post"}],"author":[{"embeddable":true,"href":"https:\/\/www.correiobraziliense.com.br\/cbradar\/wp-json\/wp\/v2\/users\/8"}],"replies":[{"embeddable":true,"href":"https:\/\/www.correiobraziliense.com.br\/cbradar\/wp-json\/wp\/v2\/comments?post=209112"}],"version-history":[{"count":12,"href":"https:\/\/www.correiobraziliense.com.br\/cbradar\/wp-json\/wp\/v2\/posts\/209112\/revisions"}],"predecessor-version":[{"id":209610,"href":"https:\/\/www.correiobraziliense.com.br\/cbradar\/wp-json\/wp\/v2\/posts\/209112\/revisions\/209610"}],"wp:featuredmedia":[{"embeddable":true,"href":"https:\/\/www.correiobraziliense.com.br\/cbradar\/wp-json\/wp\/v2\/media\/182956"}],"wp:attachment":[{"href":"https:\/\/www.correiobraziliense.com.br\/cbradar\/wp-json\/wp\/v2\/media?parent=209112"}],"wp:term":[{"taxonomy":"category","embeddable":true,"href":"https:\/\/www.correiobraziliense.com.br\/cbradar\/wp-json\/wp\/v2\/categories?post=209112"},{"taxonomy":"post_tag","embeddable":true,"href":"https:\/\/www.correiobraziliense.com.br\/cbradar\/wp-json\/wp\/v2\/tags?post=209112"}],"curies":[{"name":"wp","href":"https:\/\/api.w.org\/{rel}","templated":true}]}}