{"id":209113,"date":"2026-03-16T06:25:00","date_gmt":"2026-03-16T09:25:00","guid":{"rendered":"https:\/\/www.correiobraziliense.com.br\/cbradar\/?p=209113"},"modified":"2026-03-16T02:01:41","modified_gmt":"2026-03-16T05:01:41","slug":"com-esculturas-naturais-de-300-milhoes-de-anos-e-cerveja-artesanal-premiada-essa-cidade-brasileira-atrai-turistas-do-mundo-todo","status":"publish","type":"post","link":"https:\/\/www.correiobraziliense.com.br\/cbradar\/com-esculturas-naturais-de-300-milhoes-de-anos-e-cerveja-artesanal-premiada-essa-cidade-brasileira-atrai-turistas-do-mundo-todo\/","title":{"rendered":"Com esculturas naturais de 300 milh\u00f5es de anos e cerveja artesanal premiada, essa cidade brasileira atrai turistas do mundo todo"},"content":{"rendered":"\n<p>Quando o supercontinente Gondwana ainda existia e um mar interior cobria o sul do <strong>Brasil<\/strong>, camadas de areia se depositavam no fundo desse oceano perdido. Hoje, essas camadas s\u00e3o os arenitos do <strong>Parque Estadual de Vila Velha<\/strong>, em <strong>Ponta Grossa<\/strong>, a 120 km de <strong>Curitiba<\/strong>. A cidade nos <strong>Campos Gerais<\/strong> do <strong>Paran\u00e1<\/strong> re\u00fane geologia rara, cachoeiras em c\u00e2nions e uma cerveja artesanal que cresce a cada ano.<\/p>\n\n\n\n<h2 class=\"wp-block-heading\">O primeiro parque estadual do Paran\u00e1 nasceu entre ru\u00ednas de pedra<\/h2>\n\n\n\n<p>Criado em <strong>1953<\/strong>, o <a href=\"https:\/\/parquevilavelha.com.br\/\" target=\"_blank\" rel=\"noreferrer noopener\"><strong>Parque Estadual de Vila Velha<\/strong><\/a> foi a primeira unidade de conserva\u00e7\u00e3o estadual do Paran\u00e1. Em <strong>1966<\/strong>, recebeu tombamento como <a href=\"https:\/\/www.patrimoniocultural.pr.gov.br\/Bem-Tombado\/Parque-Vila-Velha-Furnas-e-Lagoa-Dourada-Ponta-Grossa\" target=\"_blank\" rel=\"noreferrer noopener\"><strong>Patrim\u00f4nio Hist\u00f3rico e Art\u00edstico Estadual<\/strong><\/a>. S\u00e3o mais de 3 mil hectares de campos nativos, arauc\u00e1rias e forma\u00e7\u00f5es geol\u00f3gicas que atraem visitantes do mundo inteiro.<\/p>\n\n\n\n<p>Os arenitos come\u00e7aram a se formar h\u00e1 cerca de 300 milh\u00f5es de anos, no Per\u00edodo Carbon\u00edfero. A regi\u00e3o ficava pr\u00f3xima ao Polo Sul e era coberta por geleiras. Com o degelo, rios e enxurradas carregaram sedimentos que, compactados ao longo de eras, viraram esculturas naturais. A <strong>Ta\u00e7a<\/strong>, a mais famosa delas, tornou-se s\u00edmbolo de Ponta Grossa.<\/p>\n\n\n<div class=\"wp-block-image\">\n<figure class=\"aligncenter size-large\"><img decoding=\"async\" width=\"1024\" height=\"576\" src=\"https:\/\/www.correiobraziliense.com.br\/cbradar\/wp-content\/uploads\/2025\/11\/ponta-grossa_1762046053423-1024x576.jpg\" alt=\"Cidade de pedra no interior do Brasil vira atra\u00e7\u00e3o inesperada e atrai fila de visitantes\" class=\"wp-image-129640\" srcset=\"https:\/\/www.correiobraziliense.com.br\/cbradar\/wp-content\/uploads\/2025\/11\/ponta-grossa_1762046053423-1024x576.jpg 1024w, https:\/\/www.correiobraziliense.com.br\/cbradar\/wp-content\/uploads\/2025\/11\/ponta-grossa_1762046053423-300x169.jpg 300w, https:\/\/www.correiobraziliense.com.br\/cbradar\/wp-content\/uploads\/2025\/11\/ponta-grossa_1762046053423-768x432.jpg 768w, https:\/\/www.correiobraziliense.com.br\/cbradar\/wp-content\/uploads\/2025\/11\/ponta-grossa_1762046053423-750x422.jpg 750w, https:\/\/www.correiobraziliense.com.br\/cbradar\/wp-content\/uploads\/2025\/11\/ponta-grossa_1762046053423-1140x641.jpg 1140w, https:\/\/www.correiobraziliense.com.br\/cbradar\/wp-content\/uploads\/2025\/11\/ponta-grossa_1762046053423.jpg 1280w\" sizes=\"(max-width: 1024px) 100vw, 1024px\" \/><figcaption class=\"wp-element-caption\">Parque Vila Velha em Ponta Grossa atrai visitantes de todo Brasil com sua beleza geol\u00f3gica e atra\u00e7\u00f5es modernas. \/\/ Cr\u00e9ditos: depositphotos.com \/ artush<\/figcaption><\/figure><\/div>\n\n\n<h2 class=\"wp-block-heading\">O que visitar dentro do parque al\u00e9m dos arenitos?<\/h2>\n\n\n\n<p><strong>Vila Velha se divide em tr\u00eas n\u00facleos de visita\u00e7\u00e3o, conectados por \u00f4nibus interno. <\/strong>O ingresso d\u00e1 acesso \u00e0s tr\u00eas \u00e1reas, e a estrutura inclui restaurante, loja, banheiros e Wi-Fi.<\/p>\n\n\n\n<ul class=\"wp-block-list\">\n<li><strong>Trilha dos Arenitos<\/strong>: percurso de 1.100 metros, 100% acess\u00edvel, que leva at\u00e9 a Ta\u00e7a e outras forma\u00e7\u00f5es como o Camelo e a Bota. A Trilha do Bosque, com 1.600 metros, oferece imers\u00e3o maior na mata.<\/li>\n\n\n\n<li><strong>Furnas<\/strong>: cavernas verticais com at\u00e9 100 metros de profundidade e rochas de 400 milh\u00f5es de anos. S\u00e3o 12 furnas no parque, duas delas com \u00e1gua do len\u00e7ol subterr\u00e2neo vis\u00edvel do mirante.<\/li>\n\n\n\n<li><strong>Lagoa Dourada<\/strong>: lago de \u00e1guas cristalinas com fundo de mica, que ganha tom dourado ao refletir a luz do sol. Cerca de 300 metros de di\u00e2metro.<\/li>\n\n\n\n<li><strong>Caminhada Noturna<\/strong>: passeio em noites de lua cheia ou nova, com telesc\u00f3pio e guia. Os arenitos ganham tonalidade azulada sob a luz lunar.<\/li>\n<\/ul>\n\n\n\n<p><strong>A integra\u00e7\u00e3o entre modernidade e belezas naturais faz do interior paranaense um polo de prosperidade.<\/strong> O v\u00eddeo \u00e9 do canal <strong>Cidades do Interior<\/strong>, refer\u00eancia com <strong>60 mil<\/strong> inscritos, e detalha o Parque Estadual de Vila Velha, o Buraco do Padre e a economia local:<\/p>\n\n\n\n<figure class=\"wp-block-embed aligncenter is-type-video is-provider-youtube wp-block-embed-youtube wp-embed-aspect-16-9 wp-has-aspect-ratio\"><div class=\"wp-block-embed__wrapper\">\n<div class=\"jeg_video_container jeg_video_content\"><iframe loading=\"lazy\" title=\"PONTA GROSSA - PR | Uma das MELHORES cidades do PARAN\u00c1!\" width=\"500\" height=\"281\" src=\"https:\/\/www.youtube.com\/embed\/rERlwG0-whY?feature=oembed\" frameborder=\"0\" allow=\"accelerometer; autoplay; clipboard-write; encrypted-media; gyroscope; picture-in-picture; web-share\" referrerpolicy=\"strict-origin-when-cross-origin\" allowfullscreen><\/iframe><\/div>\n<\/div><\/figure>\n\n\n\n<h2 class=\"wp-block-heading\">Quais atra\u00e7\u00f5es naturais ficam fora de Vila Velha?<\/h2>\n\n\n\n<p>A regi\u00e3o dos Campos Gerais concentra outras forma\u00e7\u00f5es geol\u00f3gicas impressionantes. O acesso \u00e0 maioria \u00e9 pela <strong>Rodovia do Talco (PR-513)<\/strong>, seguido por estradas de terra.<\/p>\n\n\n\n<ul class=\"wp-block-list\">\n<li><strong>Buraco do Padre<\/strong>: furna com cachoeira de 30 metros dentro de um c\u00e2nion, a 15 km do centro. Tamb\u00e9m oferece a <strong>Fenda da Freira<\/strong>, trilha mais \u00edngreme para aventureiros.<\/li>\n\n\n\n<li><strong>Cachoeira da Mariquinha<\/strong>: queda de 25 metros em meio \u00e0 mata nativa, acess\u00edvel por trilha curta.<\/li>\n\n\n\n<li><strong>Recanto Cachoeira do Rio S\u00e3o Jorge<\/strong>: parque com diversas quedas d&#8217;\u00e1gua e op\u00e7\u00e3o de camping. Procurado para rappel e escalada.<\/li>\n\n\n\n<li><strong>Represa de Alagados<\/strong>: lago artificial a 20 km da cidade, usado para esportes n\u00e1uticos, pesca e contempla\u00e7\u00e3o.<\/li>\n<\/ul>\n\n\n<div class=\"wp-block-image\">\n<figure class=\"aligncenter size-large\"><img decoding=\"async\" width=\"1024\" height=\"576\" src=\"https:\/\/www.correiobraziliense.com.br\/cbradar\/wp-content\/uploads\/2025\/09\/Design-sem-nome-15-1024x576.png\" alt=\"Com esculturas naturais de 300 milh\u00f5es de anos e cerveja artesanal premiada, essa cidade brasileira atrai turistas do mundo todo\" class=\"wp-image-98426\" srcset=\"https:\/\/www.correiobraziliense.com.br\/cbradar\/wp-content\/uploads\/2025\/09\/Design-sem-nome-15-1024x576.png 1024w, https:\/\/www.correiobraziliense.com.br\/cbradar\/wp-content\/uploads\/2025\/09\/Design-sem-nome-15-300x169.png 300w, https:\/\/www.correiobraziliense.com.br\/cbradar\/wp-content\/uploads\/2025\/09\/Design-sem-nome-15-768x432.png 768w, https:\/\/www.correiobraziliense.com.br\/cbradar\/wp-content\/uploads\/2025\/09\/Design-sem-nome-15-750x422.png 750w, https:\/\/www.correiobraziliense.com.br\/cbradar\/wp-content\/uploads\/2025\/09\/Design-sem-nome-15-1140x641.png 1140w, https:\/\/www.correiobraziliense.com.br\/cbradar\/wp-content\/uploads\/2025\/09\/Design-sem-nome-15.png 1280w\" sizes=\"(max-width: 1024px) 100vw, 1024px\" \/><figcaption class=\"wp-element-caption\">O Buraco do Padre \u00e9 uma furna em Ponta Grossa com cascata de 30 m dentro de um anfiteatro natural. \/\/ Cr\u00e9ditos: Wikip\u00e9dia<\/figcaption><\/figure><\/div>\n\n\n<h2 class=\"wp-block-heading\">Cerveja artesanal e alcatra na pedra na capital dos Campos Gerais<\/h2>\n\n\n\n<p>Ponta Grossa se firmou como um dos grandes centros cervejeiros do sul do pa\u00eds. Dezenas de microcervejarias produzem r\u00f3tulos premiados, da cl\u00e1ssica Pilsen \u00e0s encorpadas Stout e IPA. A <strong>Schultz Bier<\/strong>, primeira cervejaria artesanal da cidade, j\u00e1 coleciona medalhas em festivais nacionais.<\/p>\n\n\n\n<p>O prato oficial do munic\u00edpio \u00e9 a <strong>alcatra na pedra<\/strong>: corte assado no fogo a lenha que inclui picanha, mignon e maminha, servido sobre pedra quente. Entre os restaurantes, o <strong>Villa Mikullis<\/strong> oferece cozinha autoral e o <strong>Boteking<\/strong> aposta no estilo pub retr\u00f4.<\/p>\n\n\n\n<h2 class=\"wp-block-heading\">O que \u00e9 a MunchenFest e quando acontece?<\/h2>\n\n\n\n<p>A <a href=\"https:\/\/www.viajeparana.com\/Ponta-Grossa\" target=\"_blank\" rel=\"noreferrer noopener\"><strong>MunchenFest<\/strong><\/a> \u00e9 o maior festival de cultura e cerveja do Paran\u00e1. Realizada em novembro, a festa \u00e9 a \u00fanica do Brasil com chancela do Consulado da Alemanha no Sul do pa\u00eds. S\u00e3o dias de chope artesanal, gastronomia germ\u00e2nica, bandas t\u00edpicas e concursos tradicionais como o Cabo de Guerra e o Chope em Metro. A edi\u00e7\u00e3o de 2025 chegou \u00e0 34\u00aa edi\u00e7\u00e3o e reuniu cervejarias locais que prepararam mais de 100 mil litros de chope.<\/p>\n\n\n<div class=\"wp-block-image\">\n<figure class=\"aligncenter size-large\"><img decoding=\"async\" width=\"1024\" height=\"576\" src=\"https:\/\/www.correiobraziliense.com.br\/cbradar\/wp-content\/uploads\/2025\/06\/Edicoes-26-1024x576.png\" alt=\"Com esculturas naturais de 300 milh\u00f5es de anos e cerveja artesanal premiada, essa cidade brasileira atrai turistas do mundo todo\" class=\"wp-image-48396\" srcset=\"https:\/\/www.correiobraziliense.com.br\/cbradar\/wp-content\/uploads\/2025\/06\/Edicoes-26-1024x576.png 1024w, https:\/\/www.correiobraziliense.com.br\/cbradar\/wp-content\/uploads\/2025\/06\/Edicoes-26-300x169.png 300w, https:\/\/www.correiobraziliense.com.br\/cbradar\/wp-content\/uploads\/2025\/06\/Edicoes-26-768x432.png 768w, https:\/\/www.correiobraziliense.com.br\/cbradar\/wp-content\/uploads\/2025\/06\/Edicoes-26-750x422.png 750w, https:\/\/www.correiobraziliense.com.br\/cbradar\/wp-content\/uploads\/2025\/06\/Edicoes-26-1140x641.png 1140w, https:\/\/www.correiobraziliense.com.br\/cbradar\/wp-content\/uploads\/2025\/06\/Edicoes-26.png 1280w\" sizes=\"(max-width: 1024px) 100vw, 1024px\" \/><figcaption class=\"wp-element-caption\">Ponta Grossa cresceu de um pouso de tropeiros a uma cidade vibrante cheia de cultura e hist\u00f3ria. \/\/ Reprodu\u00e7\u00e3o: Wikip\u00e9dia<\/figcaption><\/figure><\/div>\n\n\n<p><strong>Leia tamb\u00e9m: <a href=\"https:\/\/www.correiobraziliense.com.br\/cbradar\/a-quarta-cidade-mais-antiga-do-brasil-tem-um-cristo-redentor-anterior-ao-do-rio-de-janeiro\/\" target=\"_blank\" rel=\"noreferrer noopener\">A quarta cidade mais antiga do Brasil tem um Cristo Redentor anterior ao do Rio de Janeiro.<\/a><\/strong><\/p>\n\n\n\n<h2 class=\"wp-block-heading\">Quando o clima favorece os passeios nos Campos Gerais?<\/h2>\n\n\n\n<p>O clima subtropical de Ponta Grossa tem quatro esta\u00e7\u00f5es bem definidas. A temperatura m\u00e9dia anual gira em torno de 17\u00b0C, o que faz da cidade uma das mais frias do Paran\u00e1.<\/p>\n\n\n\n<div class=\"google-auto-ads-ignore\" style=\"font-family: 'Segoe UI', Roboto, -apple-system, sans-serif; max-width: 850px; margin: 20px auto; box-sizing: border-box; background-color: #ffffff; -webkit-font-smoothing: antialiased; text-rendering: optimizeLegibility;\">\n    \n    <div style=\"background: #fffcfc; border-radius: 20px; overflow: hidden; border: 1px solid #bae6fd; display: flex; flex-direction: column; box-shadow: 0 4px 15px rgba(2, 132, 199, 0.05);\">\n        \n        <div style=\"background: linear-gradient(135deg, #38bdf8 0%, #0284c7 100%); padding: 20px 30px; text-align: left;\">\n            <div style=\"font-size: 24px; font-weight: 800; color: #ffffff; letter-spacing: -0.5px; line-height: 1.2;\">\n                Sazonalidade e condi\u00e7\u00f5es para atividades em Ponta Grossa\n            <\/div>\n            <div style=\"font-size: 14px; color: #e0f2fe; margin-top: 4px; font-weight: 500; opacity: 0.9;\">\n                An\u00e1lise clim\u00e1tica detalhada para planejamento de roteiros de ecoturismo, lazer e eventos na regi\u00e3o\n            <\/div>\n        <\/div>\n\n        <div style=\"padding: 15px;\">\n            <div style=\"display: grid; width: 100%; grid-template-columns: 0.8fr 0.7fr 1fr 0.7fr 1.8fr; gap: 1px; background-color: #7dd3fc; border-radius: 12px; border: 1px solid #7dd3fc; overflow: hidden;\">\n                \n                <div style=\"background: #f0f9ff; padding: 10px; font-weight: 800; font-size: 11px; text-transform: uppercase; color: #0c4a6e; text-align: center;\">Esta\u00e7\u00e3o<\/div>\n                <div style=\"background: #f0f9ff; padding: 10px; font-weight: 800; font-size: 11px; text-transform: uppercase; color: #0c4a6e; text-align: center;\">Meses<\/div>\n                <div style=\"background: #f0f9ff; padding: 10px; font-weight: 800; font-size: 11px; text-transform: uppercase; color: #0c4a6e; text-align: center;\">Temperatura<\/div>\n                <div style=\"background: #f0f9ff; padding: 10px; font-weight: 800; font-size: 11px; text-transform: uppercase; color: #0c4a6e; text-align: center;\">Chuva<\/div>\n                <div style=\"background: #f0f9ff; padding: 10px; font-weight: 800; font-size: 11px; text-transform: uppercase; color: #0c4a6e; text-align: center;\">O que fazer<\/div>\n\n                <div style=\"background: #ffffff; padding: 12px; font-weight: 800; color: #0284c7; font-size: 14px; display: flex; align-items: center; justify-content: center; gap: 5px;\">\ud83c\udf0a Ver\u00e3o<\/div>\n                <div style=\"background: #ffffff; padding: 12px; font-size: 13px; color: #1e293b; font-weight: 600; display: flex; align-items: center; justify-content: center;\">Dez-Fev<\/div>\n                <div style=\"background: #ffffff; padding: 12px; display: flex; align-items: center; justify-content: center; gap: 6px;\">\n                    <span style=\"font-size: 13px; font-weight: 700; color: #1e293b;\">15-28\u00b0C<\/span>\n                <\/div>\n                <div style=\"background: #ffffff; padding: 12px; font-size: 13px; color: #ef4444; font-weight: 600; display: flex; align-items: center; justify-content: center;\">Alta<\/div>\n                <div style=\"background: #ffffff; padding: 12px; font-size: 13px; line-height: 1.4; color: #1e293b; display: flex; align-items: center;\">Cachoeiras com volume m\u00e1ximo e piscinas naturais.<\/div>\n\n                <div style=\"background: #f8fafc; padding: 12px; font-weight: 800; color: #0284c7; font-size: 14px; display: flex; align-items: center; justify-content: center; gap: 5px;\">\ud83c\udf42 Outono<\/div>\n                <div style=\"background: #f8fafc; padding: 12px; font-size: 13px; color: #1e293b; font-weight: 600; display: flex; align-items: center; justify-content: center;\">Mar-Mai<\/div>\n                <div style=\"background: #f8fafc; padding: 12px; display: flex; align-items: center; justify-content: center; gap: 6px;\">\n                    <span style=\"font-size: 13px; font-weight: 700; color: #1e293b;\">10-23\u00b0C<\/span>\n                <\/div>\n                <div style=\"background: #f8fafc; padding: 12px; font-size: 13px; color: #4b5563; font-weight: 600; display: flex; align-items: center; justify-content: center;\">M\u00e9dia<\/div>\n                <div style=\"background: #f8fafc; padding: 12px; font-size: 13px; line-height: 1.4; color: #1e293b; display: flex; align-items: center;\">Trilhas nos parques e cicloturismo com clima ameno.<\/div>\n\n                <div style=\"background: #ffffff; padding: 12px; font-weight: 800; color: #0284c7; font-size: 14px; display: flex; align-items: center; justify-content: center; gap: 5px;\">\ud83c\udf0c Inverno<\/div>\n                <div style=\"background: #ffffff; padding: 12px; font-size: 13px; color: #1e293b; font-weight: 600; display: flex; align-items: center; justify-content: center;\">Jun-Ago<\/div>\n                <div style=\"background: #ffffff; padding: 12px; display: flex; align-items: center; justify-content: center; gap: 6px;\">\n                    <span style=\"font-size: 13px; font-weight: 700; color: #1e293b;\">4-18\u00b0C<\/span>\n                <\/div>\n                <div style=\"background: #ffffff; padding: 12px; font-size: 13px; color: #4b5563; font-weight: 600; display: flex; align-items: center; justify-content: center;\">Baixa<\/div>\n                <div style=\"background: #ffffff; padding: 12px; font-size: 13px; line-height: 1.4; color: #1e293b; display: flex; align-items: center;\">Caminhada Noturna e tour pelas cervejarias locais.<\/div>\n\n                <div style=\"background: #f8fafc; padding: 12px; font-weight: 800; color: #0284c7; font-size: 14px; display: flex; align-items: center; justify-content: center; gap: 5px;\">\ud83c\udfa1 Primavera<\/div>\n                <div style=\"background: #f8fafc; padding: 12px; font-size: 13px; color: #1e293b; font-weight: 600; display: flex; align-items: center; justify-content: center;\">Set-Nov<\/div>\n                <div style=\"background: #f8fafc; padding: 12px; display: flex; align-items: center; justify-content: center; gap: 6px;\">\n                    <span style=\"font-size: 13px; font-weight: 700; color: #1e293b;\">10-25\u00b0C<\/span>\n                <\/div>\n                <div style=\"background: #f8fafc; padding: 12px; font-size: 13px; color: #4b5563; font-weight: 600; display: flex; align-items: center; justify-content: center;\">M\u00e9dia<\/div>\n                <div style=\"background: #f8fafc; padding: 12px; font-size: 13px; line-height: 1.4; color: #1e293b; display: flex; align-items: center;\">MunchenFest e contempla\u00e7\u00e3o de parques floridos.<\/div>\n            <\/div>\n        <\/div>\n\n        <div style=\"padding: 10px 30px; background: #f0f9ff; border-top: 1px solid #bae6fd; font-size: 12px; color: #0c4a6e; font-style: italic; display: flex; align-items: center; gap: 8px; font-weight: 600;\">\n            <div style=\"width: 6px; height: 6px; background: #0284c7; border-radius: 50%;\"><\/div>\n            Informa\u00e7\u00e3o: O inverno, por ser a \u00e9poca mais seca, oferece c\u00e9us limpos e excelentes condi\u00e7\u00f5es para astronomia e turismo cervejeiro.\n        <\/div>\n        \n    <\/div>\n<\/div>\n\n\n\n<p><em>Temperaturas aproximadas. Consulte a previs\u00e3o atualizada no <a href=\"https:\/\/www.climatempo.com.br\/previsao-do-tempo\/cidade\/279\/pontagrossa-pr\" target=\"_blank\" rel=\"noreferrer noopener\"><strong>Climatempo<\/strong><\/a>.<\/em><\/p>\n\n\n\n<h2 class=\"wp-block-heading\">Como chegar a Ponta Grossa saindo de Curitiba?<\/h2>\n\n\n\n<p>Ponta Grossa fica a 120 km de Curitiba pela <strong>BR-376<\/strong>, rodovia duplicada e com ped\u00e1gios. O trajeto leva cerca de 1h40. A cidade tem o <strong>Aeroporto Sant&#8217;Ana<\/strong>, que recebe voos comerciais com frequ\u00eancia limitada. Para quem chega por Curitiba, alugar um carro \u00e9 a melhor op\u00e7\u00e3o, j\u00e1 que as atra\u00e7\u00f5es naturais ficam espalhadas pelo interior do munic\u00edpio.<\/p>\n\n\n\n<h2 class=\"wp-block-heading\">Conhe\u00e7a a cidade onde o fundo do mar virou mirante<\/h2>\n\n\n\n<p>Ponta Grossa oferece uma experi\u00eancia rara: caminhar sobre o que foi leito de oceano e hoje se ergue a quase 900 metros de altitude, entre arauc\u00e1rias e campos abertos. Da geologia milenar aos chopps artesanais da MunchenFest, a Princesa dos Campos Gerais entrega aventura e sabor numa combina\u00e7\u00e3o dif\u00edcil de encontrar.<\/p>\n\n\n\n<p>Voc\u00ea precisa subir o planalto paranaense e ver de perto como 300 milh\u00f5es de anos esculpiram um dos cen\u00e1rios mais surpreendentes do sul do Brasil.<\/p>\n","protected":false},"excerpt":{"rendered":"<p>Quando o supercontinente Gondwana ainda existia e um mar interior cobria o sul do Brasil, camadas de areia se depositavam no fundo desse oceano perdido. Hoje, essas camadas s\u00e3o os arenitos do Parque Estadual de Vila Velha, em Ponta Grossa, a 120 km de Curitiba. A cidade nos Campos Gerais do Paran\u00e1 re\u00fane geologia rara, [&hellip;]<\/p>\n","protected":false},"author":8,"featured_media":202042,"comment_status":"open","ping_status":"open","sticky":false,"template":"","format":"standard","meta":{"_yoast_wpseo_focuskw":"cerveja artesanal","_yoast_wpseo_title":"","_yoast_wpseo_metadesc":"Com forma\u00e7\u00f5es rochosas de 300 milh\u00f5es de anos e cerveja artesanal premiada, essa cidade brasileira re\u00fane natureza e cultura.","jnews-multi-image_gallery":[],"jnews_single_post":{"format":"standard"},"jnews_primary_category":[],"jnews_social_meta":[],"jnews_override_counter":[],"footnotes":""},"categories":[108,111],"tags":[664,5962],"class_list":["post-209113","post","type-post","status-publish","format-standard","has-post-thumbnail","hentry","category-cidades","category-turismo","tag-parana","tag-ponta-grossa"],"yoast_head":"<!-- This site is optimized with the Yoast SEO plugin v24.6 - https:\/\/yoast.com\/wordpress\/plugins\/seo\/ -->\n<title>Com esculturas naturais de 300 milh\u00f5es de anos e cerveja artesanal premiada, essa cidade brasileira atrai turistas do mundo todo - Correio Braziliense - Radar<\/title>\n<meta name=\"description\" content=\"Com forma\u00e7\u00f5es rochosas de 300 milh\u00f5es de anos e cerveja artesanal premiada, essa cidade brasileira re\u00fane natureza e cultura.\" \/>\n<meta name=\"robots\" content=\"index, follow, max-snippet:-1, max-image-preview:large, max-video-preview:-1\" \/>\n<link rel=\"canonical\" href=\"https:\/\/www.correiobraziliense.com.br\/cbradar\/com-esculturas-naturais-de-300-milhoes-de-anos-e-cerveja-artesanal-premiada-essa-cidade-brasileira-atrai-turistas-do-mundo-todo\/\" \/>\n<meta property=\"og:locale\" content=\"pt_BR\" \/>\n<meta property=\"og:type\" content=\"article\" \/>\n<meta property=\"og:title\" content=\"Com esculturas naturais de 300 milh\u00f5es de anos e cerveja artesanal premiada, essa cidade brasileira atrai turistas do mundo todo - Correio Braziliense - Radar\" \/>\n<meta property=\"og:description\" content=\"Com forma\u00e7\u00f5es rochosas de 300 milh\u00f5es de anos e cerveja artesanal premiada, essa cidade brasileira re\u00fane natureza e cultura.\" \/>\n<meta property=\"og:url\" content=\"https:\/\/www.correiobraziliense.com.br\/cbradar\/com-esculturas-naturais-de-300-milhoes-de-anos-e-cerveja-artesanal-premiada-essa-cidade-brasileira-atrai-turistas-do-mundo-todo\/\" \/>\n<meta property=\"og:site_name\" content=\"Correio Braziliense - Radar\" \/>\n<meta property=\"article:published_time\" content=\"2026-03-16T09:25:00+00:00\" \/>\n<meta property=\"og:image\" content=\"https:\/\/www.correiobraziliense.com.br\/cbradar\/wp-content\/uploads\/2026\/03\/aaa-2026-03-02T221658.660.png\" \/>\n\t<meta property=\"og:image:width\" content=\"1280\" \/>\n\t<meta property=\"og:image:height\" content=\"720\" \/>\n\t<meta property=\"og:image:type\" content=\"image\/png\" \/>\n<meta name=\"author\" content=\"Maura Pereira\" \/>\n<meta name=\"twitter:card\" content=\"summary_large_image\" \/>\n<meta name=\"twitter:label1\" content=\"Escrito por\" \/>\n\t<meta name=\"twitter:data1\" content=\"Maura Pereira\" \/>\n\t<meta name=\"twitter:label2\" content=\"Est. tempo de leitura\" \/>\n\t<meta name=\"twitter:data2\" content=\"7 minutos\" \/>\n<!-- \/ Yoast SEO plugin. -->","yoast_head_json":{"title":"Com esculturas naturais de 300 milh\u00f5es de anos e cerveja artesanal premiada, essa cidade brasileira atrai turistas do mundo todo - Correio Braziliense - Radar","description":"Com forma\u00e7\u00f5es rochosas de 300 milh\u00f5es de anos e cerveja artesanal premiada, essa cidade brasileira re\u00fane natureza e cultura.","robots":{"index":"index","follow":"follow","max-snippet":"max-snippet:-1","max-image-preview":"max-image-preview:large","max-video-preview":"max-video-preview:-1"},"canonical":"https:\/\/www.correiobraziliense.com.br\/cbradar\/com-esculturas-naturais-de-300-milhoes-de-anos-e-cerveja-artesanal-premiada-essa-cidade-brasileira-atrai-turistas-do-mundo-todo\/","og_locale":"pt_BR","og_type":"article","og_title":"Com esculturas naturais de 300 milh\u00f5es de anos e cerveja artesanal premiada, essa cidade brasileira atrai turistas do mundo todo - Correio Braziliense - Radar","og_description":"Com forma\u00e7\u00f5es rochosas de 300 milh\u00f5es de anos e cerveja artesanal premiada, essa cidade brasileira re\u00fane natureza e cultura.","og_url":"https:\/\/www.correiobraziliense.com.br\/cbradar\/com-esculturas-naturais-de-300-milhoes-de-anos-e-cerveja-artesanal-premiada-essa-cidade-brasileira-atrai-turistas-do-mundo-todo\/","og_site_name":"Correio Braziliense - Radar","article_published_time":"2026-03-16T09:25:00+00:00","og_image":[{"width":1280,"height":720,"url":"https:\/\/www.correiobraziliense.com.br\/cbradar\/wp-content\/uploads\/2026\/03\/aaa-2026-03-02T221658.660.png","type":"image\/png"}],"author":"Maura Pereira","twitter_card":"summary_large_image","twitter_misc":{"Escrito por":"Maura Pereira","Est. tempo de leitura":"7 minutos"},"schema":{"@context":"https:\/\/schema.org","@graph":[{"@type":"WebPage","@id":"https:\/\/www.correiobraziliense.com.br\/cbradar\/com-esculturas-naturais-de-300-milhoes-de-anos-e-cerveja-artesanal-premiada-essa-cidade-brasileira-atrai-turistas-do-mundo-todo\/","url":"https:\/\/www.correiobraziliense.com.br\/cbradar\/com-esculturas-naturais-de-300-milhoes-de-anos-e-cerveja-artesanal-premiada-essa-cidade-brasileira-atrai-turistas-do-mundo-todo\/","name":"Com esculturas naturais de 300 milh\u00f5es de anos e cerveja artesanal premiada, essa cidade brasileira atrai turistas do mundo todo - Correio Braziliense - Radar","isPartOf":{"@id":"https:\/\/www.correiobraziliense.com.br\/cbradar\/#website"},"primaryImageOfPage":{"@id":"https:\/\/www.correiobraziliense.com.br\/cbradar\/com-esculturas-naturais-de-300-milhoes-de-anos-e-cerveja-artesanal-premiada-essa-cidade-brasileira-atrai-turistas-do-mundo-todo\/#primaryimage"},"image":{"@id":"https:\/\/www.correiobraziliense.com.br\/cbradar\/com-esculturas-naturais-de-300-milhoes-de-anos-e-cerveja-artesanal-premiada-essa-cidade-brasileira-atrai-turistas-do-mundo-todo\/#primaryimage"},"thumbnailUrl":"https:\/\/www.correiobraziliense.com.br\/cbradar\/wp-content\/uploads\/2026\/03\/aaa-2026-03-02T221658.660.png","datePublished":"2026-03-16T09:25:00+00:00","author":{"@id":"https:\/\/www.correiobraziliense.com.br\/cbradar\/#\/schema\/person\/4053c651a9bfc785afc6f4cbc9032fd3"},"description":"Com forma\u00e7\u00f5es rochosas de 300 milh\u00f5es de anos e cerveja artesanal premiada, essa cidade brasileira re\u00fane natureza e cultura.","breadcrumb":{"@id":"https:\/\/www.correiobraziliense.com.br\/cbradar\/com-esculturas-naturais-de-300-milhoes-de-anos-e-cerveja-artesanal-premiada-essa-cidade-brasileira-atrai-turistas-do-mundo-todo\/#breadcrumb"},"inLanguage":"pt-BR","potentialAction":[{"@type":"ReadAction","target":["https:\/\/www.correiobraziliense.com.br\/cbradar\/com-esculturas-naturais-de-300-milhoes-de-anos-e-cerveja-artesanal-premiada-essa-cidade-brasileira-atrai-turistas-do-mundo-todo\/"]}]},{"@type":"ImageObject","inLanguage":"pt-BR","@id":"https:\/\/www.correiobraziliense.com.br\/cbradar\/com-esculturas-naturais-de-300-milhoes-de-anos-e-cerveja-artesanal-premiada-essa-cidade-brasileira-atrai-turistas-do-mundo-todo\/#primaryimage","url":"https:\/\/www.correiobraziliense.com.br\/cbradar\/wp-content\/uploads\/2026\/03\/aaa-2026-03-02T221658.660.png","contentUrl":"https:\/\/www.correiobraziliense.com.br\/cbradar\/wp-content\/uploads\/2026\/03\/aaa-2026-03-02T221658.660.png","width":1280,"height":720,"caption":"Vila Velha \u00e9 daqueles lugares que fazem o visitante recalcular a pr\u00f3pria escala de tempo. \/ Imagem ilustrativa"},{"@type":"BreadcrumbList","@id":"https:\/\/www.correiobraziliense.com.br\/cbradar\/com-esculturas-naturais-de-300-milhoes-de-anos-e-cerveja-artesanal-premiada-essa-cidade-brasileira-atrai-turistas-do-mundo-todo\/#breadcrumb","itemListElement":[{"@type":"ListItem","position":1,"name":"In\u00edcio","item":"https:\/\/www.correiobraziliense.com.br\/cbradar\/"},{"@type":"ListItem","position":2,"name":"Com esculturas naturais de 300 milh\u00f5es de anos e cerveja artesanal premiada, essa cidade brasileira atrai turistas do mundo todo"}]},{"@type":"WebSite","@id":"https:\/\/www.correiobraziliense.com.br\/cbradar\/#website","url":"https:\/\/www.correiobraziliense.com.br\/cbradar\/","name":"Correio Braziliense - Radar","description":"Acompanhe as \u00faltimas not\u00edcias e fique bem informado sobre tudo o que acontece no Brasil e no mundo.","potentialAction":[{"@type":"SearchAction","target":{"@type":"EntryPoint","urlTemplate":"https:\/\/www.correiobraziliense.com.br\/cbradar\/?s={search_term_string}"},"query-input":{"@type":"PropertyValueSpecification","valueRequired":true,"valueName":"search_term_string"}}],"inLanguage":"pt-BR"},{"@type":"Person","@id":"https:\/\/www.correiobraziliense.com.br\/cbradar\/#\/schema\/person\/4053c651a9bfc785afc6f4cbc9032fd3","name":"Maura Pereira","image":{"@type":"ImageObject","inLanguage":"pt-BR","@id":"https:\/\/www.correiobraziliense.com.br\/cbradar\/#\/schema\/person\/image\/","url":"https:\/\/secure.gravatar.com\/avatar\/3effd6bdadfa447f15089c7f7144eaa6?s=96&d=mm&r=g","contentUrl":"https:\/\/secure.gravatar.com\/avatar\/3effd6bdadfa447f15089c7f7144eaa6?s=96&d=mm&r=g","caption":"Maura Pereira"},"sameAs":["https:\/\/www.correiobraziliense.com.br\/"],"url":"https:\/\/www.correiobraziliense.com.br\/cbradar\/author\/mauramyth\/"}]}},"_links":{"self":[{"href":"https:\/\/www.correiobraziliense.com.br\/cbradar\/wp-json\/wp\/v2\/posts\/209113","targetHints":{"allow":["GET"]}}],"collection":[{"href":"https:\/\/www.correiobraziliense.com.br\/cbradar\/wp-json\/wp\/v2\/posts"}],"about":[{"href":"https:\/\/www.correiobraziliense.com.br\/cbradar\/wp-json\/wp\/v2\/types\/post"}],"author":[{"embeddable":true,"href":"https:\/\/www.correiobraziliense.com.br\/cbradar\/wp-json\/wp\/v2\/users\/8"}],"replies":[{"embeddable":true,"href":"https:\/\/www.correiobraziliense.com.br\/cbradar\/wp-json\/wp\/v2\/comments?post=209113"}],"version-history":[{"count":15,"href":"https:\/\/www.correiobraziliense.com.br\/cbradar\/wp-json\/wp\/v2\/posts\/209113\/revisions"}],"predecessor-version":[{"id":209166,"href":"https:\/\/www.correiobraziliense.com.br\/cbradar\/wp-json\/wp\/v2\/posts\/209113\/revisions\/209166"}],"wp:featuredmedia":[{"embeddable":true,"href":"https:\/\/www.correiobraziliense.com.br\/cbradar\/wp-json\/wp\/v2\/media\/202042"}],"wp:attachment":[{"href":"https:\/\/www.correiobraziliense.com.br\/cbradar\/wp-json\/wp\/v2\/media?parent=209113"}],"wp:term":[{"taxonomy":"category","embeddable":true,"href":"https:\/\/www.correiobraziliense.com.br\/cbradar\/wp-json\/wp\/v2\/categories?post=209113"},{"taxonomy":"post_tag","embeddable":true,"href":"https:\/\/www.correiobraziliense.com.br\/cbradar\/wp-json\/wp\/v2\/tags?post=209113"}],"curies":[{"name":"wp","href":"https:\/\/api.w.org\/{rel}","templated":true}]}}