{"id":209114,"date":"2026-03-16T07:55:00","date_gmt":"2026-03-16T10:55:00","guid":{"rendered":"https:\/\/www.correiobraziliense.com.br\/cbradar\/?p=209114"},"modified":"2026-03-16T02:14:55","modified_gmt":"2026-03-16T05:14:55","slug":"a-montanha-de-2-bilhoes-de-anos-a-2-810-metros-na-fronteira-do-brasil-com-a-venezuela-inspirou-o-famoso-filme-up-altas-aventuras","status":"publish","type":"post","link":"https:\/\/www.correiobraziliense.com.br\/cbradar\/a-montanha-de-2-bilhoes-de-anos-a-2-810-metros-na-fronteira-do-brasil-com-a-venezuela-inspirou-o-famoso-filme-up-altas-aventuras\/","title":{"rendered":"A montanha de 2 bilh\u00f5es de anos a 2.810 metros na fronteira do Brasil com a Venezuela inspirou o famoso filme \u201cUp: Altas Aventuras\u201d"},"content":{"rendered":"\n<p>Na l\u00edngua do povo <strong>Pemon<\/strong>, tepui significa &#8220;casa dos deuses&#8221;. O <strong>Monte Roraima<\/strong> \u00e9 o mais alto desse grupo de montanhas tabulares do <strong>Escudo das Guianas<\/strong>, formadas entre 1,7 e 2 bilh\u00f5es de anos no Pr\u00e9-Cambriano. Chegar ao topo a 2.810 metros de altitude exige dias de caminhada por savanas, rios e pared\u00f5es verticais na tr\u00edplice fronteira entre <strong>Brasil<\/strong>, <strong>Venezuela<\/strong> e <strong>Guiana<\/strong>.<\/p>\n\n\n\n<h2 class=\"wp-block-heading\">Uma montanha que j\u00e1 era velha quando os dinossauros surgiram<\/h2>\n\n\n\n<p>O plat\u00f4 do Monte Roraima \u00e9 composto por arenito quartz\u00edtico da chamada <strong>Forma\u00e7\u00e3o Roraima<\/strong>, com 98% de gr\u00e3os de s\u00edlica. A eros\u00e3o ao longo de centenas de milh\u00f5es de anos isolou blocos de rocha e criou mesas naturais cercadas por fal\u00e9sias de at\u00e9 mil metros. Esse isolamento funciona como uma ilha biol\u00f3gica: cerca de 35% das plantas do topo s\u00e3o end\u00eamicas e n\u00e3o existem em nenhum outro ponto do planeta.<\/p>\n\n\n\n<p>Entre as esp\u00e9cies exclusivas est\u00e3o plantas carn\u00edvoras adaptadas ao solo pobre em nutrientes e o sapinho preto <strong>Oreophrynella quelchii<\/strong>, que n\u00e3o salta. O cen\u00e1rio inspirou <strong>Arthur Conan Doyle<\/strong> a escrever o romance <strong>O Mundo Perdido<\/strong> em <strong>1912<\/strong> e, d\u00e9cadas depois, serviu de refer\u00eancia visual para o filme <strong>Up: Altas Aventuras<\/strong>, da <strong>Pixar<\/strong>.<\/p>\n\n\n<div class=\"wp-block-image\">\n<figure class=\"aligncenter size-large\"><img decoding=\"async\" width=\"1024\" height=\"576\" src=\"https:\/\/www.correiobraziliense.com.br\/cbradar\/wp-content\/uploads\/2025\/12\/Uma-peninsula-de-areia-com-uma-vila-esquecida-com-dunas-de-salinas-que-parecem-neve-50-1024x576.png\" alt=\"Uma montanha pr\u00e9-hist\u00f3rica a 2.810 metros na fronteira do Brasil com a Venezuela inspirou o famoso filme \u201cUp: Altas Aventuras\u201d\" class=\"wp-image-159760\" srcset=\"https:\/\/www.correiobraziliense.com.br\/cbradar\/wp-content\/uploads\/2025\/12\/Uma-peninsula-de-areia-com-uma-vila-esquecida-com-dunas-de-salinas-que-parecem-neve-50-1024x576.png 1024w, https:\/\/www.correiobraziliense.com.br\/cbradar\/wp-content\/uploads\/2025\/12\/Uma-peninsula-de-areia-com-uma-vila-esquecida-com-dunas-de-salinas-que-parecem-neve-50-300x169.png 300w, https:\/\/www.correiobraziliense.com.br\/cbradar\/wp-content\/uploads\/2025\/12\/Uma-peninsula-de-areia-com-uma-vila-esquecida-com-dunas-de-salinas-que-parecem-neve-50-768x432.png 768w, https:\/\/www.correiobraziliense.com.br\/cbradar\/wp-content\/uploads\/2025\/12\/Uma-peninsula-de-areia-com-uma-vila-esquecida-com-dunas-de-salinas-que-parecem-neve-50-750x422.png 750w, https:\/\/www.correiobraziliense.com.br\/cbradar\/wp-content\/uploads\/2025\/12\/Uma-peninsula-de-areia-com-uma-vila-esquecida-com-dunas-de-salinas-que-parecem-neve-50-1140x641.png 1140w, https:\/\/www.correiobraziliense.com.br\/cbradar\/wp-content\/uploads\/2025\/12\/Uma-peninsula-de-areia-com-uma-vila-esquecida-com-dunas-de-salinas-que-parecem-neve-50.png 1280w\" sizes=\"(max-width: 1024px) 100vw, 1024px\" \/><figcaption class=\"wp-element-caption\">Monte Roraima encanta com neblina m\u00edstica, vales de cristais e mirantes abissais, convidando jornadas transformadoras no \u201cmundo perdido\u201d amaz\u00f4nico. \/\/ Cr\u00e9ditos: Wikip\u00e9dia<\/figcaption><\/figure><\/div>\n\n\n<h2 class=\"wp-block-heading\">O que existe no topo do Monte Roraima?<\/h2>\n\n\n\n<p>Ap\u00f3s tr\u00eas dias de subida, o plat\u00f4 revela um labirinto de rochas negras esculpidas pelo vento, cortadas por riachos gelados e cobertas por l\u00edquens. As atra\u00e7\u00f5es exigem dias de explora\u00e7\u00e3o com guia.<\/p>\n\n\n\n<ul class=\"wp-block-list\">\n<li><strong>Vale dos Cristais<\/strong>: extens\u00e3o coberta por cristais de quartzo branco e rosado que brilham sob o sol. \u00c9 proibido retirar qualquer pedra.<\/li>\n\n\n\n<li><strong>Jacuzzis<\/strong>: piscinas naturais de \u00e1guas geladas entre rochas, com fundo forrado de cristais. O banho gelado renova as energias ap\u00f3s horas de trilha.<\/li>\n\n\n\n<li><strong>El Fosso<\/strong>: cratera profunda com lago acess\u00edvel por gruta subterr\u00e2nea ou salto direto na \u00e1gua, quando o n\u00edvel permite.<\/li>\n\n\n\n<li><strong>La Ventana<\/strong>: abertura na rocha que emoldura o tepui vizinho <strong>Kuken\u00e1n<\/strong> e um abismo de tirar o f\u00f4lego.<\/li>\n\n\n\n<li><strong>Marco da Tr\u00edplice Fronteira<\/strong>: pir\u00e2mide a 2.734 metros onde se encontram Brasil, Venezuela e Guiana.<\/li>\n\n\n\n<li><strong>Pedra Maverick<\/strong>: ponto culminante do tepui, a 2.810 metros, batizado pela semelhan\u00e7a com o ve\u00edculo da <strong>Ford<\/strong>.<\/li>\n<\/ul>\n\n\n\n<p><strong>O topo do mundo reserva paisagens colossais que desafiam a nossa percep\u00e7\u00e3o de magnitude.<\/strong> O v\u00eddeo \u00e9 do canal <strong>Rol\u00ea Fam\u00edlia<\/strong>, com mais de <strong>250 mil<\/strong> inscritos, e apresenta uma expedi\u00e7\u00e3o completa pelo Monte Roraima, incluindo trilhas e curiosidades:<\/p>\n\n\n\n<figure class=\"wp-block-embed aligncenter is-type-video is-provider-youtube wp-block-embed-youtube wp-embed-aspect-16-9 wp-has-aspect-ratio\"><div class=\"wp-block-embed__wrapper\">\n<div class=\"jeg_video_container jeg_video_content\"><iframe loading=\"lazy\" title=\"Por que o MONTE RORAIMA \u00e9 um dos lugares mais incr\u00edveis do mundo? | Document\u00e1rio\" width=\"500\" height=\"281\" src=\"https:\/\/www.youtube.com\/embed\/E9tWR_3DDL0?feature=oembed\" frameborder=\"0\" allow=\"accelerometer; autoplay; clipboard-write; encrypted-media; gyroscope; picture-in-picture; web-share\" referrerpolicy=\"strict-origin-when-cross-origin\" allowfullscreen><\/iframe><\/div>\n<\/div><\/figure>\n\n\n\n<h2 class=\"wp-block-heading\">Como funciona o trekking e quem pode fazer?<\/h2>\n\n\n\n<p>O acesso ao topo acontece pelo lado venezuelano. A trilha parte da aldeia ind\u00edgena de <strong>Paraitepuy<\/strong>, no <strong>Parque Nacional Canaima<\/strong>, reconhecido como <a href=\"https:\/\/pt.wikipedia.org\/wiki\/Monte_Roraima\" target=\"_blank\" rel=\"noreferrer noopener\"><strong>Patrim\u00f4nio Mundial pela UNESCO<\/strong><\/a> desde 1994. S\u00e3o entre 80 e 100 km de caminhada (ida e volta), com dura\u00e7\u00e3o de 7 a 9 dias dependendo do roteiro escolhido. A subida leva tr\u00eas dias, a descida dois, e o restante \u00e9 dedicado \u00e0 explora\u00e7\u00e3o do plat\u00f4.<\/p>\n\n\n\n<p>\u00c9 obrigat\u00f3rio contratar ag\u00eancia com guias ind\u00edgenas credenciados. Os pacotes incluem transporte, alimenta\u00e7\u00e3o, barracas, cozinheiro e carregadores. O trekking \u00e9 classificado como moderado a dif\u00edcil. Preparo f\u00edsico \u00e9 fundamental: caminhadas longas com mochila, treinos de subida e fortalecimento de membros inferiores devem come\u00e7ar pelo menos dois meses antes da expedi\u00e7\u00e3o.<\/p>\n\n\n<div class=\"wp-block-image\">\n<figure class=\"aligncenter size-large\"><img decoding=\"async\" width=\"1024\" height=\"576\" src=\"https:\/\/www.correiobraziliense.com.br\/cbradar\/wp-content\/uploads\/2025\/12\/Uma-peninsula-de-areia-com-uma-vila-esquecida-com-dunas-de-salinas-que-parecem-neve-51-1024x576.png\" alt=\"\" class=\"wp-image-159759\" srcset=\"https:\/\/www.correiobraziliense.com.br\/cbradar\/wp-content\/uploads\/2025\/12\/Uma-peninsula-de-areia-com-uma-vila-esquecida-com-dunas-de-salinas-que-parecem-neve-51-1024x576.png 1024w, https:\/\/www.correiobraziliense.com.br\/cbradar\/wp-content\/uploads\/2025\/12\/Uma-peninsula-de-areia-com-uma-vila-esquecida-com-dunas-de-salinas-que-parecem-neve-51-300x169.png 300w, https:\/\/www.correiobraziliense.com.br\/cbradar\/wp-content\/uploads\/2025\/12\/Uma-peninsula-de-areia-com-uma-vila-esquecida-com-dunas-de-salinas-que-parecem-neve-51-768x432.png 768w, https:\/\/www.correiobraziliense.com.br\/cbradar\/wp-content\/uploads\/2025\/12\/Uma-peninsula-de-areia-com-uma-vila-esquecida-com-dunas-de-salinas-que-parecem-neve-51-750x422.png 750w, https:\/\/www.correiobraziliense.com.br\/cbradar\/wp-content\/uploads\/2025\/12\/Uma-peninsula-de-areia-com-uma-vila-esquecida-com-dunas-de-salinas-que-parecem-neve-51-1140x641.png 1140w, https:\/\/www.correiobraziliense.com.br\/cbradar\/wp-content\/uploads\/2025\/12\/Uma-peninsula-de-areia-com-uma-vila-esquecida-com-dunas-de-salinas-que-parecem-neve-51.png 1280w\" sizes=\"(max-width: 1024px) 100vw, 1024px\" \/><figcaption class=\"wp-element-caption\">Monte Roraima consolida-se como \u00edcone do ecoturismo sul-americano com expedi\u00e7\u00f5es guiadas partindo de Boa Vista e Gran Sabana em alta recente.\u200b \/\/ Cr\u00e9ditos: Wikimedia Commons<\/figcaption><\/figure><\/div>\n\n\n<h2 class=\"wp-block-heading\">Quem protege o Monte Roraima nos tr\u00eas pa\u00edses?<\/h2>\n\n\n\n<p>No <strong>Brasil<\/strong>, o <strong>Parque Nacional do Monte Roraima<\/strong> foi criado em <strong>1989<\/strong> e protege 116.747 hectares de savana e floresta amaz\u00f4nica. A gest\u00e3o \u00e9 compartilhada entre <strong>ICMBio<\/strong>, <strong>Funai<\/strong> e a comunidade <strong>Ingarik\u00f3<\/strong>, j\u00e1 que toda a \u00e1rea est\u00e1 sobreposta \u00e0 <strong>Terra Ind\u00edgena Raposa Serra do Sol<\/strong>. Na Venezuela, o tepui integra o Parque Nacional Canaima, com 3 milh\u00f5es de hectares e mais de 70 tepuis. Para os povos Pemon, Ingarik\u00f3 e Macuxi, a montanha \u00e9 a <strong>Casa de Makunaima<\/strong>, her\u00f3i criador dos \u00edndios caribes.<\/p>\n\n\n\n<p><strong>Leia tamb\u00e9m: <a href=\"https:\/\/www.correiobraziliense.com.br\/cbradar\/a-quarta-cidade-mais-antiga-do-brasil-tem-um-cristo-redentor-anterior-ao-do-rio-de-janeiro\/\" target=\"_blank\" rel=\"noreferrer noopener\">A quarta cidade mais antiga do Brasil tem um Cristo Redentor anterior ao do Rio de Janeiro.<\/a><\/strong><\/p>\n\n\n\n<h2 class=\"wp-block-heading\">Quando o clima favorece a expedi\u00e7\u00e3o ao tepui?<\/h2>\n\n\n\n<p>A base do Monte Roraima tem clima tropical, mas o topo \u00e9 imprevis\u00edvel. Sol, chuva e neblina podem se alternar em poucas horas. \u00c0 noite, a temperatura pode chegar perto de 0\u00b0C mesmo pr\u00f3ximo \u00e0 linha do Equador.<\/p>\n\n\n\n<div class=\"google-auto-ads-ignore\" style=\"font-family: 'Segoe UI', Roboto, -apple-system, sans-serif; max-width: 850px; margin: 20px auto; box-sizing: border-box; background-color: #ffffff; -webkit-font-smoothing: antialiased; text-rendering: optimizeLegibility;\">\n    \n    <div style=\"background: #fffcfc; border-radius: 20px; overflow: hidden; border: 1px solid #bae6fd; display: flex; flex-direction: column; box-shadow: 0 4px 15px rgba(2, 132, 199, 0.05);\">\n        \n        <div style=\"background: linear-gradient(135deg, #38bdf8 0%, #0284c7 100%); padding: 20px 30px; text-align: left;\">\n            <div style=\"font-size: 24px; font-weight: 800; color: #ffffff; letter-spacing: -0.5px; line-height: 1.2;\">\n                Sazonalidade e condi\u00e7\u00f5es clim\u00e1ticas de altitude\n            <\/div>\n            <div style=\"font-size: 14px; color: #e0f2fe; margin-top: 4px; font-weight: 500; opacity: 0.9;\">\n                An\u00e1lise t\u00e9cnica para planejamento de ascens\u00f5es, seguran\u00e7a em trilhas e visibilidade no topo\n            <\/div>\n        <\/div>\n\n        <div style=\"padding: 15px;\">\n            <div style=\"display: grid; width: 100%; grid-template-columns: 0.7fr 0.7fr 0.7fr 1fr 1.9fr; gap: 1px; background-color: #7dd3fc; border-radius: 12px; border: 1px solid #7dd3fc; overflow: hidden;\">\n                \n                <div style=\"background: #f0f9ff; padding: 10px; font-weight: 800; font-size: 11px; text-transform: uppercase; color: #0c4a6e; text-align: center;\">Per\u00edodo<\/div>\n                <div style=\"background: #f0f9ff; padding: 10px; font-weight: 800; font-size: 11px; text-transform: uppercase; color: #0c4a6e; text-align: center;\">Meses<\/div>\n                <div style=\"background: #f0f9ff; padding: 10px; font-weight: 800; font-size: 11px; text-transform: uppercase; color: #0c4a6e; text-align: center;\">Chuva<\/div>\n                <div style=\"background: #f0f9ff; padding: 10px; font-weight: 800; font-size: 11px; text-transform: uppercase; color: #0c4a6e; text-align: center;\">Temp. no Topo<\/div>\n                <div style=\"background: #f0f9ff; padding: 10px; font-weight: 800; font-size: 11px; text-transform: uppercase; color: #0c4a6e; text-align: center;\">Condi\u00e7\u00f5es<\/div>\n\n                <div style=\"background: #ffffff; padding: 12px; font-weight: 800; color: #0284c7; font-size: 14px; display: flex; align-items: center; justify-content: center; gap: 5px;\">\u2600\ufe0f Seco<\/div>\n                <div style=\"background: #ffffff; padding: 12px; font-size: 13px; color: #1e293b; font-weight: 600; display: flex; align-items: center; justify-content: center;\">Set-Mar<\/div>\n                <div style=\"background: #ffffff; padding: 12px; font-size: 13px; color: #4b5563; font-weight: 600; display: flex; align-items: center; justify-content: center;\">Menor<\/div>\n                <div style=\"background: #ffffff; padding: 12px; display: flex; align-items: center; justify-content: center; gap: 6px;\">\n                    <span style=\"font-size: 13px; font-weight: 700; color: #1e293b;\">2-15\u00b0C<\/span>\n                <\/div>\n                <div style=\"background: #ffffff; padding: 12px; font-size: 13px; line-height: 1.4; color: #1e293b; display: flex; align-items: center;\">Trilhas firmes, c\u00e9u aberto e a melhor visibilidade para fotos.<\/div>\n\n                <div style=\"background: #f8fafc; padding: 12px; font-weight: 800; color: #0284c7; font-size: 14px; display: flex; align-items: center; justify-content: center; gap: 5px;\">\ud83c\udf27\ufe0f Chuvoso<\/div>\n                <div style=\"background: #f8fafc; padding: 12px; font-size: 13px; color: #1e293b; font-weight: 600; display: flex; align-items: center; justify-content: center;\">Abr-Ago<\/div>\n                <div style=\"background: #f8fafc; padding: 12px; font-size: 13px; color: #ef4444; font-weight: 600; display: flex; align-items: center; justify-content: center;\">Intensa<\/div>\n                <div style=\"background: #f8fafc; padding: 12px; display: flex; align-items: center; justify-content: center; gap: 6px;\">\n                    <span style=\"font-size: 13px; font-weight: 700; color: #1e293b;\">2-12\u00b0C<\/span>\n                <\/div>\n                <div style=\"background: #f8fafc; padding: 12px; font-size: 13px; line-height: 1.4; color: #1e293b; display: flex; align-items: center;\">Trilhas escorregadias, neblina constante e surgimento de cachoeiras extras.<\/div>\n            <\/div>\n        <\/div>\n\n        <div style=\"padding: 10px 30px; background: #f0f9ff; border-top: 1px solid #bae6fd; font-size: 12px; color: #0c4a6e; font-style: italic; display: flex; align-items: center; gap: 8px; font-weight: 600;\">\n            <div style=\"width: 6px; height: 6px; background: #0284c7; border-radius: 50%;\"><\/div>\n            Dica de Seguran\u00e7a: O per\u00edodo seco \u00e9 o mais indicado para montanhistas iniciantes devido \u00e0 estabilidade do terreno.\n        <\/div>\n        \n    <\/div>\n<\/div>\n\n\n\n<p><em>Na base (Pacaraima\/Santa Elena), as temperaturas variam entre 20\u00b0C e 33\u00b0C o ano inteiro. Consulte a previs\u00e3o atualizada no <a href=\"https:\/\/www.climatempo.com.br\/previsao-do-tempo\/cidade\/5334\/pacaraima-rr\" target=\"_blank\" rel=\"noreferrer noopener\"><strong>Climatempo<\/strong><\/a>.<\/em><\/p>\n\n\n<div class=\"wp-block-image\">\n<figure class=\"aligncenter size-large\"><img decoding=\"async\" width=\"1024\" height=\"576\" src=\"https:\/\/www.correiobraziliense.com.br\/cbradar\/wp-content\/uploads\/2025\/12\/Uma-peninsula-de-areia-com-uma-vila-esquecida-com-dunas-de-salinas-que-parecem-neve-52-1024x576.png\" alt=\"\" class=\"wp-image-159758\" srcset=\"https:\/\/www.correiobraziliense.com.br\/cbradar\/wp-content\/uploads\/2025\/12\/Uma-peninsula-de-areia-com-uma-vila-esquecida-com-dunas-de-salinas-que-parecem-neve-52-1024x576.png 1024w, https:\/\/www.correiobraziliense.com.br\/cbradar\/wp-content\/uploads\/2025\/12\/Uma-peninsula-de-areia-com-uma-vila-esquecida-com-dunas-de-salinas-que-parecem-neve-52-300x169.png 300w, https:\/\/www.correiobraziliense.com.br\/cbradar\/wp-content\/uploads\/2025\/12\/Uma-peninsula-de-areia-com-uma-vila-esquecida-com-dunas-de-salinas-que-parecem-neve-52-768x432.png 768w, https:\/\/www.correiobraziliense.com.br\/cbradar\/wp-content\/uploads\/2025\/12\/Uma-peninsula-de-areia-com-uma-vila-esquecida-com-dunas-de-salinas-que-parecem-neve-52-750x422.png 750w, https:\/\/www.correiobraziliense.com.br\/cbradar\/wp-content\/uploads\/2025\/12\/Uma-peninsula-de-areia-com-uma-vila-esquecida-com-dunas-de-salinas-que-parecem-neve-52-1140x641.png 1140w, https:\/\/www.correiobraziliense.com.br\/cbradar\/wp-content\/uploads\/2025\/12\/Uma-peninsula-de-areia-com-uma-vila-esquecida-com-dunas-de-salinas-que-parecem-neve-52.png 1280w\" sizes=\"(max-width: 1024px) 100vw, 1024px\" \/><figcaption class=\"wp-element-caption\">Curta banhos em cachoeiras cristalinas e \u201cjacuzzis\u201d naturais no topo do Monte Roraima, ref\u00fagio gostoso com clima ameno e paisagens de outro planeta. \/\/ Cr\u00e9ditos: Wikip\u00e9dia<\/figcaption><\/figure><\/div>\n\n\n<h2 class=\"wp-block-heading\">Como chegar ao Monte Roraima saindo de Boa Vista?<\/h2>\n\n\n\n<p>O ponto de partida \u00e9 o <strong>Aeroporto Internacional de Boa Vista<\/strong>, que recebe voos de <strong>Bras\u00edlia<\/strong>, <strong>Manaus<\/strong> e outras capitais. De l\u00e1, s\u00e3o 220 km pela <strong>BR-174<\/strong> at\u00e9 <strong>Pacaraima<\/strong>, na fronteira com a Venezuela. Ap\u00f3s os tr\u00e2mites migrat\u00f3rios, segue-se at\u00e9 <strong>Santa Elena de Uair\u00e9n<\/strong> e depois em ve\u00edculos 4&#215;4 at\u00e9 Paraitepuy, onde come\u00e7a a caminhada. Para entrar na Venezuela, basta apresentar RG f\u00edsico dentro da validade ou passaporte. Vacina contra febre amarela com certificado internacional \u00e9 obrigat\u00f3ria.<\/p>\n\n\n\n<h2 class=\"wp-block-heading\">Suba onde tr\u00eas pa\u00edses se encontram acima das nuvens<\/h2>\n\n\n\n<p><strong>O Monte Roraima n\u00e3o \u00e9 um passeio de fim de semana.<\/strong> \u00c9 uma jornada por uma das forma\u00e7\u00f5es mais antigas da Terra, onde cada passo revela algo que n\u00e3o existe em nenhum outro lugar do planeta. Dos cristais de quartzo sob os p\u00e9s ao sil\u00eancio absoluto acima da neblina, a montanha entrega uma experi\u00eancia que transforma quem chega ao topo.<\/p>\n\n\n\n<p>Voc\u00ea precisa encarar essa trilha e pisar nas rochas que j\u00e1 eram velhas quando a vida na Terra ainda era microsc\u00f3pica.<\/p>\n","protected":false},"excerpt":{"rendered":"<p>Na l\u00edngua do povo Pemon, tepui significa &#8220;casa dos deuses&#8221;. O Monte Roraima \u00e9 o mais alto desse grupo de montanhas tabulares do Escudo das Guianas, formadas entre 1,7 e 2 bilh\u00f5es de anos no Pr\u00e9-Cambriano. Chegar ao topo a 2.810 metros de altitude exige dias de caminhada por savanas, rios e pared\u00f5es verticais na [&hellip;]<\/p>\n","protected":false},"author":8,"featured_media":159787,"comment_status":"open","ping_status":"open","sticky":false,"template":"","format":"standard","meta":{"_yoast_wpseo_focuskw":"fronteira do brasil","_yoast_wpseo_title":"","_yoast_wpseo_metadesc":"A montanha de 2 bilh\u00f5es de anos a 2.810 metros na fronteira do Brasil com a Venezuela inspirou o famoso filme \u201cUp: Altas Aventuras\u201d","jnews-multi-image_gallery":[],"jnews_single_post":{"format":"standard"},"jnews_primary_category":[],"jnews_social_meta":[],"jnews_override_counter":[],"footnotes":""},"categories":[108,111],"tags":[13035,13036],"class_list":["post-209114","post","type-post","status-publish","format-standard","has-post-thumbnail","hentry","category-cidades","category-turismo","tag-monte-roraima","tag-roraima"],"yoast_head":"<!-- This site is optimized with the Yoast SEO plugin v24.6 - https:\/\/yoast.com\/wordpress\/plugins\/seo\/ -->\n<title>A montanha de 2 bilh\u00f5es de anos a 2.810 metros na fronteira do Brasil com a Venezuela inspirou o famoso filme \u201cUp: Altas Aventuras\u201d - Correio Braziliense - Radar<\/title>\n<meta name=\"description\" content=\"A montanha de 2 bilh\u00f5es de anos a 2.810 metros na fronteira do Brasil com a Venezuela inspirou o famoso filme \u201cUp: Altas Aventuras\u201d\" \/>\n<meta name=\"robots\" content=\"index, follow, max-snippet:-1, max-image-preview:large, max-video-preview:-1\" \/>\n<link rel=\"canonical\" href=\"https:\/\/www.correiobraziliense.com.br\/cbradar\/a-montanha-de-2-bilhoes-de-anos-a-2-810-metros-na-fronteira-do-brasil-com-a-venezuela-inspirou-o-famoso-filme-up-altas-aventuras\/\" \/>\n<meta property=\"og:locale\" content=\"pt_BR\" \/>\n<meta property=\"og:type\" content=\"article\" \/>\n<meta property=\"og:title\" content=\"A montanha de 2 bilh\u00f5es de anos a 2.810 metros na fronteira do Brasil com a Venezuela inspirou o famoso filme \u201cUp: Altas Aventuras\u201d - Correio Braziliense - Radar\" \/>\n<meta property=\"og:description\" content=\"A montanha de 2 bilh\u00f5es de anos a 2.810 metros na fronteira do Brasil com a Venezuela inspirou o famoso filme \u201cUp: Altas Aventuras\u201d\" \/>\n<meta property=\"og:url\" content=\"https:\/\/www.correiobraziliense.com.br\/cbradar\/a-montanha-de-2-bilhoes-de-anos-a-2-810-metros-na-fronteira-do-brasil-com-a-venezuela-inspirou-o-famoso-filme-up-altas-aventuras\/\" \/>\n<meta property=\"og:site_name\" content=\"Correio Braziliense - Radar\" \/>\n<meta property=\"article:published_time\" content=\"2026-03-16T10:55:00+00:00\" \/>\n<meta property=\"og:image\" content=\"https:\/\/www.correiobraziliense.com.br\/cbradar\/wp-content\/uploads\/2025\/12\/Uma-peninsula-de-areia-com-uma-vila-esquecida-com-dunas-de-salinas-que-parecem-neve.png\" \/>\n\t<meta property=\"og:image:width\" content=\"1280\" \/>\n\t<meta property=\"og:image:height\" content=\"720\" \/>\n\t<meta property=\"og:image:type\" content=\"image\/png\" \/>\n<meta name=\"author\" content=\"Maura Pereira\" \/>\n<meta name=\"twitter:card\" content=\"summary_large_image\" \/>\n<meta name=\"twitter:label1\" content=\"Escrito por\" \/>\n\t<meta name=\"twitter:data1\" content=\"Maura Pereira\" \/>\n\t<meta name=\"twitter:label2\" content=\"Est. tempo de leitura\" \/>\n\t<meta name=\"twitter:data2\" content=\"7 minutos\" \/>\n<!-- \/ Yoast SEO plugin. -->","yoast_head_json":{"title":"A montanha de 2 bilh\u00f5es de anos a 2.810 metros na fronteira do Brasil com a Venezuela inspirou o famoso filme \u201cUp: Altas Aventuras\u201d - Correio Braziliense - Radar","description":"A montanha de 2 bilh\u00f5es de anos a 2.810 metros na fronteira do Brasil com a Venezuela inspirou o famoso filme \u201cUp: Altas Aventuras\u201d","robots":{"index":"index","follow":"follow","max-snippet":"max-snippet:-1","max-image-preview":"max-image-preview:large","max-video-preview":"max-video-preview:-1"},"canonical":"https:\/\/www.correiobraziliense.com.br\/cbradar\/a-montanha-de-2-bilhoes-de-anos-a-2-810-metros-na-fronteira-do-brasil-com-a-venezuela-inspirou-o-famoso-filme-up-altas-aventuras\/","og_locale":"pt_BR","og_type":"article","og_title":"A montanha de 2 bilh\u00f5es de anos a 2.810 metros na fronteira do Brasil com a Venezuela inspirou o famoso filme \u201cUp: Altas Aventuras\u201d - Correio Braziliense - Radar","og_description":"A montanha de 2 bilh\u00f5es de anos a 2.810 metros na fronteira do Brasil com a Venezuela inspirou o famoso filme \u201cUp: Altas Aventuras\u201d","og_url":"https:\/\/www.correiobraziliense.com.br\/cbradar\/a-montanha-de-2-bilhoes-de-anos-a-2-810-metros-na-fronteira-do-brasil-com-a-venezuela-inspirou-o-famoso-filme-up-altas-aventuras\/","og_site_name":"Correio Braziliense - Radar","article_published_time":"2026-03-16T10:55:00+00:00","og_image":[{"width":1280,"height":720,"url":"https:\/\/www.correiobraziliense.com.br\/cbradar\/wp-content\/uploads\/2025\/12\/Uma-peninsula-de-areia-com-uma-vila-esquecida-com-dunas-de-salinas-que-parecem-neve.png","type":"image\/png"}],"author":"Maura Pereira","twitter_card":"summary_large_image","twitter_misc":{"Escrito por":"Maura Pereira","Est. tempo de leitura":"7 minutos"},"schema":{"@context":"https:\/\/schema.org","@graph":[{"@type":"WebPage","@id":"https:\/\/www.correiobraziliense.com.br\/cbradar\/a-montanha-de-2-bilhoes-de-anos-a-2-810-metros-na-fronteira-do-brasil-com-a-venezuela-inspirou-o-famoso-filme-up-altas-aventuras\/","url":"https:\/\/www.correiobraziliense.com.br\/cbradar\/a-montanha-de-2-bilhoes-de-anos-a-2-810-metros-na-fronteira-do-brasil-com-a-venezuela-inspirou-o-famoso-filme-up-altas-aventuras\/","name":"A montanha de 2 bilh\u00f5es de anos a 2.810 metros na fronteira do Brasil com a Venezuela inspirou o famoso filme \u201cUp: Altas Aventuras\u201d - Correio Braziliense - Radar","isPartOf":{"@id":"https:\/\/www.correiobraziliense.com.br\/cbradar\/#website"},"primaryImageOfPage":{"@id":"https:\/\/www.correiobraziliense.com.br\/cbradar\/a-montanha-de-2-bilhoes-de-anos-a-2-810-metros-na-fronteira-do-brasil-com-a-venezuela-inspirou-o-famoso-filme-up-altas-aventuras\/#primaryimage"},"image":{"@id":"https:\/\/www.correiobraziliense.com.br\/cbradar\/a-montanha-de-2-bilhoes-de-anos-a-2-810-metros-na-fronteira-do-brasil-com-a-venezuela-inspirou-o-famoso-filme-up-altas-aventuras\/#primaryimage"},"thumbnailUrl":"https:\/\/www.correiobraziliense.com.br\/cbradar\/wp-content\/uploads\/2025\/12\/Uma-peninsula-de-areia-com-uma-vila-esquecida-com-dunas-de-salinas-que-parecem-neve.png","datePublished":"2026-03-16T10:55:00+00:00","author":{"@id":"https:\/\/www.correiobraziliense.com.br\/cbradar\/#\/schema\/person\/4053c651a9bfc785afc6f4cbc9032fd3"},"description":"A montanha de 2 bilh\u00f5es de anos a 2.810 metros na fronteira do Brasil com a Venezuela inspirou o famoso filme \u201cUp: Altas Aventuras\u201d","breadcrumb":{"@id":"https:\/\/www.correiobraziliense.com.br\/cbradar\/a-montanha-de-2-bilhoes-de-anos-a-2-810-metros-na-fronteira-do-brasil-com-a-venezuela-inspirou-o-famoso-filme-up-altas-aventuras\/#breadcrumb"},"inLanguage":"pt-BR","potentialAction":[{"@type":"ReadAction","target":["https:\/\/www.correiobraziliense.com.br\/cbradar\/a-montanha-de-2-bilhoes-de-anos-a-2-810-metros-na-fronteira-do-brasil-com-a-venezuela-inspirou-o-famoso-filme-up-altas-aventuras\/"]}]},{"@type":"ImageObject","inLanguage":"pt-BR","@id":"https:\/\/www.correiobraziliense.com.br\/cbradar\/a-montanha-de-2-bilhoes-de-anos-a-2-810-metros-na-fronteira-do-brasil-com-a-venezuela-inspirou-o-famoso-filme-up-altas-aventuras\/#primaryimage","url":"https:\/\/www.correiobraziliense.com.br\/cbradar\/wp-content\/uploads\/2025\/12\/Uma-peninsula-de-areia-com-uma-vila-esquecida-com-dunas-de-salinas-que-parecem-neve.png","contentUrl":"https:\/\/www.correiobraziliense.com.br\/cbradar\/wp-content\/uploads\/2025\/12\/Uma-peninsula-de-areia-com-uma-vila-esquecida-com-dunas-de-salinas-que-parecem-neve.png","width":1280,"height":720,"caption":"Monte Roraima exige guia credenciado, preparo f\u00edsico e travessia pela Venezuela, garantindo seguran\u00e7a em trilhas \u00edngremes e clima inst\u00e1vel.\u200b"},{"@type":"BreadcrumbList","@id":"https:\/\/www.correiobraziliense.com.br\/cbradar\/a-montanha-de-2-bilhoes-de-anos-a-2-810-metros-na-fronteira-do-brasil-com-a-venezuela-inspirou-o-famoso-filme-up-altas-aventuras\/#breadcrumb","itemListElement":[{"@type":"ListItem","position":1,"name":"In\u00edcio","item":"https:\/\/www.correiobraziliense.com.br\/cbradar\/"},{"@type":"ListItem","position":2,"name":"A montanha de 2 bilh\u00f5es de anos a 2.810 metros na fronteira do Brasil com a Venezuela inspirou o famoso filme \u201cUp: Altas Aventuras\u201d"}]},{"@type":"WebSite","@id":"https:\/\/www.correiobraziliense.com.br\/cbradar\/#website","url":"https:\/\/www.correiobraziliense.com.br\/cbradar\/","name":"Correio Braziliense - Radar","description":"Acompanhe as \u00faltimas not\u00edcias e fique bem informado sobre tudo o que acontece no Brasil e no mundo.","potentialAction":[{"@type":"SearchAction","target":{"@type":"EntryPoint","urlTemplate":"https:\/\/www.correiobraziliense.com.br\/cbradar\/?s={search_term_string}"},"query-input":{"@type":"PropertyValueSpecification","valueRequired":true,"valueName":"search_term_string"}}],"inLanguage":"pt-BR"},{"@type":"Person","@id":"https:\/\/www.correiobraziliense.com.br\/cbradar\/#\/schema\/person\/4053c651a9bfc785afc6f4cbc9032fd3","name":"Maura Pereira","image":{"@type":"ImageObject","inLanguage":"pt-BR","@id":"https:\/\/www.correiobraziliense.com.br\/cbradar\/#\/schema\/person\/image\/","url":"https:\/\/secure.gravatar.com\/avatar\/3effd6bdadfa447f15089c7f7144eaa6?s=96&d=mm&r=g","contentUrl":"https:\/\/secure.gravatar.com\/avatar\/3effd6bdadfa447f15089c7f7144eaa6?s=96&d=mm&r=g","caption":"Maura Pereira"},"sameAs":["https:\/\/www.correiobraziliense.com.br\/"],"url":"https:\/\/www.correiobraziliense.com.br\/cbradar\/author\/mauramyth\/"}]}},"_links":{"self":[{"href":"https:\/\/www.correiobraziliense.com.br\/cbradar\/wp-json\/wp\/v2\/posts\/209114","targetHints":{"allow":["GET"]}}],"collection":[{"href":"https:\/\/www.correiobraziliense.com.br\/cbradar\/wp-json\/wp\/v2\/posts"}],"about":[{"href":"https:\/\/www.correiobraziliense.com.br\/cbradar\/wp-json\/wp\/v2\/types\/post"}],"author":[{"embeddable":true,"href":"https:\/\/www.correiobraziliense.com.br\/cbradar\/wp-json\/wp\/v2\/users\/8"}],"replies":[{"embeddable":true,"href":"https:\/\/www.correiobraziliense.com.br\/cbradar\/wp-json\/wp\/v2\/comments?post=209114"}],"version-history":[{"count":7,"href":"https:\/\/www.correiobraziliense.com.br\/cbradar\/wp-json\/wp\/v2\/posts\/209114\/revisions"}],"predecessor-version":[{"id":209170,"href":"https:\/\/www.correiobraziliense.com.br\/cbradar\/wp-json\/wp\/v2\/posts\/209114\/revisions\/209170"}],"wp:featuredmedia":[{"embeddable":true,"href":"https:\/\/www.correiobraziliense.com.br\/cbradar\/wp-json\/wp\/v2\/media\/159787"}],"wp:attachment":[{"href":"https:\/\/www.correiobraziliense.com.br\/cbradar\/wp-json\/wp\/v2\/media?parent=209114"}],"wp:term":[{"taxonomy":"category","embeddable":true,"href":"https:\/\/www.correiobraziliense.com.br\/cbradar\/wp-json\/wp\/v2\/categories?post=209114"},{"taxonomy":"post_tag","embeddable":true,"href":"https:\/\/www.correiobraziliense.com.br\/cbradar\/wp-json\/wp\/v2\/tags?post=209114"}],"curies":[{"name":"wp","href":"https:\/\/api.w.org\/{rel}","templated":true}]}}