{"id":209116,"date":"2026-03-16T10:25:00","date_gmt":"2026-03-16T13:25:00","guid":{"rendered":"https:\/\/www.correiobraziliense.com.br\/cbradar\/?p=209116"},"modified":"2026-03-16T02:33:21","modified_gmt":"2026-03-16T05:33:21","slug":"a-vila-do-cacau-que-prosperou-com-o-chocolate-e-renasceu-com-o-surfe-guarda-mais-de-20-praias-cercadas-pela-mata-atlantica","status":"publish","type":"post","link":"https:\/\/www.correiobraziliense.com.br\/cbradar\/a-vila-do-cacau-que-prosperou-com-o-chocolate-e-renasceu-com-o-surfe-guarda-mais-de-20-praias-cercadas-pela-mata-atlantica\/","title":{"rendered":"A vila do cacau que prosperou com o chocolate e renasceu com o surfe guarda mais de 20 praias cercadas pela Mata Atl\u00e2ntica"},"content":{"rendered":"\n<p>Durante quase um s\u00e9culo, o porto de <strong>Itacar\u00e9<\/strong> escoou toneladas de cacau para o mundo. Quando a praga da vassoura-de-bruxa devastou as lavouras nos anos 1980, a vila no litoral sul da <strong>Bahia<\/strong> ficou em sil\u00eancio. A mata avan\u00e7ou de volta sobre os morros, as praias permaneceram selvagens e surfistas aventureiros encontraram ondas perfeitas onde antes atracavam barcos carregados de am\u00eandoas. Hoje, a cidade na <strong>Costa do Cacau<\/strong> \u00e9 um dos destinos de ecoturismo mais procurados do Brasil.<\/p>\n\n\n\n<h2 class=\"wp-block-heading\">O cacau que salvou a floresta sem querer<\/h2>\n\n\n\n<p>A hist\u00f3ria de Itacar\u00e9 come\u00e7a no s\u00e9culo XVIII, quando o jesu\u00edta <strong>Lu\u00eds da Gr\u00e3<\/strong> ergueu uma capela dedicada a <strong>S\u00e3o Miguel<\/strong> na foz do <strong>Rio de Contas<\/strong>. O povoado virou munic\u00edpio em <strong>1732<\/strong> e s\u00f3 recebeu o nome atual em <strong>1931<\/strong>. Antes da estrada, a bacia do Rio de Contas era terra de piratas e contrabandistas, ref\u00fagio de escravos fugitivos que formaram <a href=\"https:\/\/www.itacare.com.br\/itacare\/historia\/\" target=\"_blank\" rel=\"noreferrer noopener\"><strong>um dos primeiros quilombos do Brasil<\/strong><\/a>.<\/p>\n\n\n\n<p>O cacau chegou no fim do s\u00e9culo XIX e foi cultivado no sistema <strong>cabruca<\/strong>, uma t\u00e9cnica agroflorestal que planta o fruto sob a sombra das \u00e1rvores nativas. Enquanto outras regi\u00f5es desmatavam para cana e caf\u00e9, Itacar\u00e9 preservou sua cobertura de <strong>Mata Atl\u00e2ntica<\/strong>. Esse acaso ecol\u00f3gico \u00e9 a raz\u00e3o pela qual a floresta ainda avan\u00e7a sobre a areia em praias que parecem intocadas.<\/p>\n\n\n<div class=\"wp-block-image\">\n<figure class=\"aligncenter size-large\"><img decoding=\"async\" width=\"1024\" height=\"576\" src=\"https:\/\/www.correiobraziliense.com.br\/cbradar\/wp-content\/uploads\/2025\/12\/Itacare_1765409919223-1024x576.jpg\" alt=\"Com praias selvagens e cachoeiras, esse para\u00edso do Nordeste encanta com a Costa do Cacau e surpreende com chocolates incr\u00edveis\" class=\"wp-image-154080\" srcset=\"https:\/\/www.correiobraziliense.com.br\/cbradar\/wp-content\/uploads\/2025\/12\/Itacare_1765409919223-1024x576.jpg 1024w, https:\/\/www.correiobraziliense.com.br\/cbradar\/wp-content\/uploads\/2025\/12\/Itacare_1765409919223-300x169.jpg 300w, https:\/\/www.correiobraziliense.com.br\/cbradar\/wp-content\/uploads\/2025\/12\/Itacare_1765409919223-768x432.jpg 768w, https:\/\/www.correiobraziliense.com.br\/cbradar\/wp-content\/uploads\/2025\/12\/Itacare_1765409919223-750x422.jpg 750w, https:\/\/www.correiobraziliense.com.br\/cbradar\/wp-content\/uploads\/2025\/12\/Itacare_1765409919223-1140x641.jpg 1140w, https:\/\/www.correiobraziliense.com.br\/cbradar\/wp-content\/uploads\/2025\/12\/Itacare_1765409919223.jpg 1280w\" sizes=\"(max-width: 1024px) 100vw, 1024px\" \/><figcaption class=\"wp-element-caption\">Em Itacar\u00e9 o visitante encontra praias urbanas estruturadas, trilhas para praias selvagens e passeios em rios e cachoeiras. \/\/ Cr\u00e9ditos: depositphotos.com \/ Junot<\/figcaption><\/figure><\/div>\n\n\n<h2 class=\"wp-block-heading\">Quais s\u00e3o as melhores praias de Itacar\u00e9?<\/h2>\n\n\n\n<p><strong>S\u00e3o mais de 20 faixas de areia com personalidades distintas.<\/strong> As urbanas ficam a poucos passos do centro; as rurais exigem trilhas pela mata ou acesso de barco.<\/p>\n\n\n\n<ul class=\"wp-block-list\">\n<li><strong>Praia da Concha<\/strong>: a mais pr\u00f3xima do centro, formada pelo encontro do Rio de Contas com o mar. \u00c1guas calmas, quiosques e p\u00f4r do sol no <strong>Mirante da Ponta do Xar\u00e9u<\/strong>.<\/li>\n\n\n\n<li><strong>Tiririca<\/strong>: palco de etapas de campeonatos de surfe, com ondas consistentes o ano inteiro. Point de gente descolada.<\/li>\n\n\n\n<li><strong>Prainha<\/strong>: enseada protegida por morros cobertos de floresta, acess\u00edvel por trilha de 30 minutos. Considerada uma das mais bonitas da Costa do Cacau.<\/li>\n\n\n\n<li><strong>Jeribuca\u00e7u<\/strong>: cercada por mata virgem e emoldurada por rochas. Um rio de mesmo nome des\u00e1gua na areia, criando um cen\u00e1rio de postal.<\/li>\n\n\n\n<li><strong>Itacarezinho<\/strong>: faixa de mais de 3 km, ideal para caminhadas longas e observa\u00e7\u00e3o de tartarugas marinhas entre setembro e mar\u00e7o.<\/li>\n<\/ul>\n\n\n\n<p><strong>Entre a Mata Atl\u00e2ntica e a foz do Rio de Contas, este destino encanta pela harmonia com a natureza.<\/strong> O v\u00eddeo \u00e9 do canal <strong>Tesouros do Brasil<\/strong>, com mais de <strong>140 mil<\/strong> inscritos, e apresenta trilhas, praias urbanas e gastronomia local:<\/p>\n\n\n\n<figure class=\"wp-block-embed aligncenter is-type-video is-provider-youtube wp-block-embed-youtube wp-embed-aspect-16-9 wp-has-aspect-ratio\"><div class=\"wp-block-embed__wrapper\">\n<div class=\"jeg_video_container jeg_video_content\"><iframe loading=\"lazy\" title=\"ITACAR\u00c9, O SUL DA BAHIA \u00c9 APAIXONANTE! roteiro de 3 dias com praias, trilha, passeio de barco...\" width=\"500\" height=\"281\" src=\"https:\/\/www.youtube.com\/embed\/6RWXh3INIFE?feature=oembed\" frameborder=\"0\" allow=\"accelerometer; autoplay; clipboard-write; encrypted-media; gyroscope; picture-in-picture; web-share\" referrerpolicy=\"strict-origin-when-cross-origin\" allowfullscreen><\/iframe><\/div>\n<\/div><\/figure>\n\n\n\n<h2 class=\"wp-block-heading\">O que fazer al\u00e9m do mar na Costa do Cacau?<\/h2>\n\n\n\n<p>O relevo acidentado e os rios da regi\u00e3o multiplicam as op\u00e7\u00f5es de passeio. Trilhas, cachoeiras e esportes de aventura ocupam os dias de quem quer ir al\u00e9m da praia.<\/p>\n\n\n\n<ul class=\"wp-block-list\">\n<li><strong>Trilha das Quatro Praias<\/strong>: percurso de dificuldade m\u00e9dia pela Mata Atl\u00e2ntica que liga <strong>Engenhoca<\/strong>, <strong>Havaizinho<\/strong>, <strong>Camboinha<\/strong> e <strong>Itacarezinho<\/strong>. O passeio mais completo para combinar caminhada e banho de mar.<\/li>\n\n\n\n<li><strong>Cachoeira do Tiju\u00edpe<\/strong>: acesso f\u00e1cil pela <strong>BA-001<\/strong>, com piscina natural cercada por pedras e infraestrutura de restaurante.<\/li>\n\n\n\n<li><strong>Cachoeira do Cleandro<\/strong>: travessia de barco ou caiaque pelo mangue do Rio de Contas, passando por fazenda de cacau at\u00e9 tr\u00eas quedas d&#8217;\u00e1gua.<\/li>\n\n\n\n<li><strong>Rafting em Taboquinhas<\/strong>: corredeiras do Rio de Contas a 30 km do centro, com op\u00e7\u00e3o de visita \u00e0 <strong>Fazenda Vila Rosa<\/strong> para conhecer a produ\u00e7\u00e3o artesanal de chocolate.<\/li>\n\n\n\n<li><strong>Mirante de Serra Grande<\/strong>: \u00e0 beira da BA-001, oferece uma das vistas mais amplas do litoral baiano.<\/li>\n<\/ul>\n\n\n<div class=\"wp-block-image\">\n<figure class=\"aligncenter size-large\"><img decoding=\"async\" width=\"1024\" height=\"576\" src=\"https:\/\/www.correiobraziliense.com.br\/cbradar\/wp-content\/uploads\/2025\/12\/Itacare_1765409755629-1024x576.jpg\" alt=\"Com praias selvagens e cachoeiras, essa floresta tropical do Nordeste encanta com a Costa do Cacau e surpreende com chocolates incr\u00edveis\" class=\"wp-image-154073\" srcset=\"https:\/\/www.correiobraziliense.com.br\/cbradar\/wp-content\/uploads\/2025\/12\/Itacare_1765409755629-1024x576.jpg 1024w, https:\/\/www.correiobraziliense.com.br\/cbradar\/wp-content\/uploads\/2025\/12\/Itacare_1765409755629-300x169.jpg 300w, https:\/\/www.correiobraziliense.com.br\/cbradar\/wp-content\/uploads\/2025\/12\/Itacare_1765409755629-768x432.jpg 768w, https:\/\/www.correiobraziliense.com.br\/cbradar\/wp-content\/uploads\/2025\/12\/Itacare_1765409755629-750x422.jpg 750w, https:\/\/www.correiobraziliense.com.br\/cbradar\/wp-content\/uploads\/2025\/12\/Itacare_1765409755629-1140x641.jpg 1140w, https:\/\/www.correiobraziliense.com.br\/cbradar\/wp-content\/uploads\/2025\/12\/Itacare_1765409755629.jpg 1280w\" sizes=\"(max-width: 1024px) 100vw, 1024px\" \/><figcaption class=\"wp-element-caption\">Itacar\u00e9 combina Mata Atl\u00e2ntica, rios e litoral recortado, oferecendo praias de surf, trilhas, cachoeiras e ecoturismo. \/\/ Cr\u00e9ditos: depositphotos.com \/ PedroTruffi<\/figcaption><\/figure><\/div>\n\n\n<h2 class=\"wp-block-heading\">Onde comer entre o dend\u00ea e o cacau?<\/h2>\n\n\n\n<p>A <strong>Rua Pedro Longo<\/strong>, conhecida como <strong>Pituba<\/strong>, concentra a vida gastron\u00f4mica e noturna da cidade. De dia, os restaurantes servem moquecas caprichadas, bob\u00f3s de camar\u00e3o e peixes frescos. De noite, bares com m\u00fasica ao vivo e casas de forr\u00f3 p\u00e9-de-serra esquentam o centrinho at\u00e9 a madrugada.<\/p>\n\n\n\n<ul class=\"wp-block-list\">\n<li><strong>Moqueca e frutos do mar<\/strong>: o dend\u00ea \u00e9 protagonista nos restaurantes da Pituba e da orla. O <strong>Tia Deth<\/strong> \u00e9 refer\u00eancia entre moradores e turistas.<\/li>\n\n\n\n<li><strong>Acaraj\u00e9<\/strong>: frito na hora pelas baianas nas ruas do centro hist\u00f3rico.<\/li>\n\n\n\n<li><strong>Chocolate artesanal<\/strong>: a Fazenda Vila Rosa, na estrada Itacar\u00e9-Taboquinhas, oferece tour da colheita \u00e0 fabrica\u00e7\u00e3o. A caipirinha de cacau \u00e9 inven\u00e7\u00e3o local.<\/li>\n\n\n\n<li><strong>Tapioca e a\u00e7a\u00ed<\/strong>: presentes nos mercados e nas barraquinhas de praia o dia inteiro.<\/li>\n<\/ul>\n\n\n\n<p><strong>Leia tamb\u00e9m: <a href=\"https:\/\/www.correiobraziliense.com.br\/cbradar\/a-quarta-cidade-mais-antiga-do-brasil-tem-um-cristo-redentor-anterior-ao-do-rio-de-janeiro\/\" target=\"_blank\" rel=\"noreferrer noopener\">A quarta cidade mais antiga do Brasil tem um Cristo Redentor anterior ao do Rio de Janeiro.<\/a><\/strong><\/p>\n\n\n\n<h2 class=\"wp-block-heading\">Quando o clima favorece praias e trilhas em Itacar\u00e9?<\/h2>\n\n\n\n<p>O clima tropical \u00famido garante calor o ano inteiro, com temperatura m\u00e9dia de 25\u00b0C. N\u00e3o existe esta\u00e7\u00e3o completamente seca, mas a intensidade das chuvas varia.<\/p>\n\n\n\n<div class=\"google-auto-ads-ignore\" style=\"font-family: 'Segoe UI', Roboto, -apple-system, sans-serif; max-width: 850px; margin: 20px auto; box-sizing: border-box; background-color: #ffffff; -webkit-font-smoothing: antialiased; text-rendering: optimizeLegibility;\">\n    \n    <div style=\"background: #fffcfc; border-radius: 20px; overflow: hidden; border: 1px solid #bae6fd; display: flex; flex-direction: column; box-shadow: 0 4px 15px rgba(2, 132, 199, 0.05);\">\n        \n        <div style=\"background: linear-gradient(135deg, #38bdf8 0%, #0284c7 100%); padding: 20px 30px; text-align: left;\">\n            <div style=\"font-size: 24px; font-weight: 800; color: #ffffff; letter-spacing: -0.5px; line-height: 1.2;\">\n                Sazonalidade e condi\u00e7\u00f5es para atividades costeiras\n            <\/div>\n            <div style=\"font-size: 14px; color: #e0f2fe; margin-top: 4px; font-weight: 500; opacity: 0.9;\">\n                An\u00e1lise clim\u00e1tica detalhada para planejamento de roteiros de praias, surfe, ecoturismo e observa\u00e7\u00e3o da fauna\n            <\/div>\n        <\/div>\n\n        <div style=\"padding: 15px;\">\n            <div style=\"display: grid; width: 100%; grid-template-columns: 1fr 0.8fr 1.1fr 0.7fr 1.8fr; gap: 1px; background-color: #7dd3fc; border-radius: 12px; border: 1px solid #7dd3fc; overflow: hidden;\">\n                \n                <div style=\"background: #f0f9ff; padding: 10px; font-weight: 800; font-size: 11px; text-transform: uppercase; color: #0c4a6e; text-align: center;\">Per\u00edodo<\/div>\n                <div style=\"background: #f0f9ff; padding: 10px; font-weight: 800; font-size: 11px; text-transform: uppercase; color: #0c4a6e; text-align: center;\">Meses<\/div>\n                <div style=\"background: #f0f9ff; padding: 10px; font-weight: 800; font-size: 11px; text-transform: uppercase; color: #0c4a6e; text-align: center;\">Temperatura<\/div>\n                <div style=\"background: #f0f9ff; padding: 10px; font-weight: 800; font-size: 11px; text-transform: uppercase; color: #0c4a6e; text-align: center;\">Chuva<\/div>\n                <div style=\"background: #f0f9ff; padding: 10px; font-weight: 800; font-size: 11px; text-transform: uppercase; color: #0c4a6e; text-align: center;\">O que fazer<\/div>\n\n                <div style=\"background: #ffffff; padding: 12px; font-weight: 800; color: #0284c7; font-size: 14px; display: flex; align-items: center; justify-content: center; gap: 5px;\">\u2600\ufe0f Ver\u00e3o<\/div>\n                <div style=\"background: #ffffff; padding: 12px; font-size: 13px; color: #1e293b; font-weight: 600; display: flex; align-items: center; justify-content: center;\">Dez-Fev<\/div>\n                <div style=\"background: #ffffff; padding: 12px; display: flex; align-items: center; justify-content: center; gap: 6px;\">\n                    <span style=\"font-size: 13px; font-weight: 700; color: #1e293b;\">24-30\u00b0C<\/span>\n                <\/div>\n                <div style=\"background: #ffffff; padding: 12px; font-size: 13px; color: #4b5563; font-weight: 600; display: flex; align-items: center; justify-content: center;\">M\u00e9dia<\/div>\n                <div style=\"background: #ffffff; padding: 12px; font-size: 13px; line-height: 1.4; color: #1e293b; display: flex; align-items: center;\">Praias, trilhas ecol\u00f3gicas e vida noturna agitada.<\/div>\n\n                <div style=\"background: #f8fafc; padding: 12px; font-weight: 800; color: #0284c7; font-size: 14px; display: flex; align-items: center; justify-content: center; gap: 5px;\">\ud83c\udf42 Outono<\/div>\n                <div style=\"background: #f8fafc; padding: 12px; font-size: 13px; color: #1e293b; font-weight: 600; display: flex; align-items: center; justify-content: center;\">Mar-Mai<\/div>\n                <div style=\"background: #f8fafc; padding: 12px; display: flex; align-items: center; justify-content: center; gap: 6px;\">\n                    <span style=\"font-size: 13px; font-weight: 700; color: #1e293b;\">23-29\u00b0C<\/span>\n                <\/div>\n                <div style=\"background: #f8fafc; padding: 12px; font-size: 13px; color: #4b5563; font-weight: 600; display: flex; align-items: center; justify-content: center;\">Alta<\/div>\n                <div style=\"background: #f8fafc; padding: 12px; font-size: 13px; line-height: 1.4; color: #1e293b; display: flex; align-items: center;\">Cachoeiras com volume m\u00e1ximo e o in\u00edcio do surfe de outono.<\/div>\n\n                <div style=\"background: #ffffff; padding: 12px; font-weight: 800; color: #0284c7; font-size: 14px; display: flex; align-items: center; justify-content: center; gap: 5px;\">\ud83d\udc0b Inverno<\/div>\n                <div style=\"background: #ffffff; padding: 12px; font-size: 13px; color: #1e293b; font-weight: 600; display: flex; align-items: center; justify-content: center;\">Jun-Ago<\/div>\n                <div style=\"background: #ffffff; padding: 12px; display: flex; align-items: center; justify-content: center; gap: 6px;\">\n                    <span style=\"font-size: 13px; font-weight: 700; color: #1e293b;\">21-27\u00b0C<\/span>\n                <\/div>\n                <div style=\"background: #ffffff; padding: 12px; font-size: 13px; color: #4b5563; font-weight: 600; display: flex; align-items: center; justify-content: center;\">Alta<\/div>\n                <div style=\"background: #ffffff; padding: 12px; font-size: 13px; line-height: 1.4; color: #1e293b; display: flex; align-items: center;\">Melhor swell para surfe e observa\u00e7\u00e3o de baleias jubarte na costa.<\/div>\n\n                <div style=\"background: #f8fafc; padding: 12px; font-weight: 800; color: #0284c7; font-size: 14px; display: flex; align-items: center; justify-content: center; gap: 5px;\">\ud83d\udc22 Primavera<\/div>\n                <div style=\"background: #f8fafc; padding: 12px; font-size: 13px; color: #1e293b; font-weight: 600; display: flex; align-items: center; justify-content: center;\">Set-Nov<\/div>\n                <div style=\"background: #f8fafc; padding: 12px; display: flex; align-items: center; justify-content: center; gap: 6px;\">\n                    <span style=\"font-size: 13px; font-weight: 700; color: #1e293b;\">22-29\u00b0C<\/span>\n                <\/div>\n                <div style=\"background: #f8fafc; padding: 12px; font-size: 13px; color: #4b5563; font-weight: 600; display: flex; align-items: center; justify-content: center;\">Baixa<\/div>\n                <div style=\"background: #f8fafc; padding: 12px; font-size: 13px; line-height: 1.4; color: #1e293b; display: flex; align-items: center;\">Avistamento de tartarugas marinhas e dias de c\u00e9u aberto.<\/div>\n            <\/div>\n        <\/div>\n\n        <div style=\"padding: 10px 30px; background: #f0f9ff; border-top: 1px solid #bae6fd; font-size: 12px; color: #0c4a6e; font-style: italic; display: flex; align-items: center; gap: 8px; font-weight: 600;\">\n            <div style=\"width: 6px; height: 6px; background: #0284c7; border-radius: 50%;\"><\/div>\n            Dica: Inverno \u00e9 a \u00e9poca de ouro para o surfe com swells consistentes, enquanto a primavera oferece o melhor equil\u00edbrio para avistamento de fauna com tempo firme.\n        <\/div>\n        \n    <\/div>\n<\/div>\n\n\n\n<p><em>Temperaturas aproximadas. Consulte a previs\u00e3o atualizada no <a href=\"https:\/\/www.climatempo.com.br\/previsao-do-tempo\/cidade\/915\/itacare-ba\" target=\"_blank\" rel=\"noreferrer noopener\"><strong>Climatempo<\/strong><\/a>.<\/em><\/p>\n\n\n<div class=\"wp-block-image\">\n<figure class=\"aligncenter size-large\"><img decoding=\"async\" width=\"1024\" height=\"576\" src=\"https:\/\/www.correiobraziliense.com.br\/cbradar\/wp-content\/uploads\/2025\/12\/Itacare_1765409973492-1024x576.jpg\" alt=\"Com praias selvagens e cachoeiras, esse para\u00edso do Nordeste encanta com a Costa do Cacau e surpreende com chocolates incr\u00edveis\" class=\"wp-image-154085\" srcset=\"https:\/\/www.correiobraziliense.com.br\/cbradar\/wp-content\/uploads\/2025\/12\/Itacare_1765409973492-1024x576.jpg 1024w, https:\/\/www.correiobraziliense.com.br\/cbradar\/wp-content\/uploads\/2025\/12\/Itacare_1765409973492-300x169.jpg 300w, https:\/\/www.correiobraziliense.com.br\/cbradar\/wp-content\/uploads\/2025\/12\/Itacare_1765409973492-768x432.jpg 768w, https:\/\/www.correiobraziliense.com.br\/cbradar\/wp-content\/uploads\/2025\/12\/Itacare_1765409973492-750x422.jpg 750w, https:\/\/www.correiobraziliense.com.br\/cbradar\/wp-content\/uploads\/2025\/12\/Itacare_1765409973492-1140x641.jpg 1140w, https:\/\/www.correiobraziliense.com.br\/cbradar\/wp-content\/uploads\/2025\/12\/Itacare_1765409973492.jpg 1280w\" sizes=\"(max-width: 1024px) 100vw, 1024px\" \/><figcaption class=\"wp-element-caption\">Ruas charmosas, clima descontra\u00eddo e gastronomia t\u00edpica fazem de Itacar\u00e9 um destino leve e acolhedor o ano todo.\u200b \/\/ Cr\u00e9ditos: depositphotos.com \/ Cristian_Lourenco<\/figcaption><\/figure><\/div>\n\n\n<h2 class=\"wp-block-heading\">Como chegar a Itacar\u00e9 saindo de Salvador ou Ilh\u00e9us?<\/h2>\n\n\n\n<p>Itacar\u00e9 fica a 70 km ao norte de <strong>Ilh\u00e9us<\/strong> e a 260 km ao sul de <strong>Salvador<\/strong>. O aeroporto mais pr\u00f3ximo \u00e9 o de Ilh\u00e9us (<strong>Jorge Amado<\/strong>), que recebe voos de Salvador, S\u00e3o Paulo e Belo Horizonte. De Ilh\u00e9us, o trajeto pela <strong>BA-001<\/strong>, inaugurada em <strong>1998<\/strong> como a primeira estrada ecol\u00f3gica do pa\u00eds, leva cerca de 1h30 por uma serra coberta de Mata Atl\u00e2ntica. De Salvador, a viagem de carro dura aproximadamente 5 horas pela <strong>BR-101<\/strong> e depois pela BA-001. \u00d4nibus diretos tamb\u00e9m fazem o trajeto diariamente.<\/p>\n\n\n\n<h2 class=\"wp-block-heading\">A vila onde o isolamento virou presente<\/h2>\n\n\n\n<p><strong>O mesmo abandono que quase apagou Itacar\u00e9 do mapa foi o que preservou sua floresta, suas praias e o ritmo de vila de pescadores.<\/strong> A <a href=\"https:\/\/pt.wikipedia.org\/wiki\/Itacar%C3%A9\" target=\"_blank\" rel=\"noreferrer noopener\"><strong>APA Costa de Itacar\u00e9\/Serra Grande<\/strong><\/a>, criada em 1993, protege quase 63 mil hectares de mata, manguezais e praias que hoje sustentam o turismo como principal atividade econ\u00f4mica do munic\u00edpio.<\/p>\n\n\n\n<p>Voc\u00ea precisa percorrer as trilhas entre morros de Mata Atl\u00e2ntica, mergulhar numa cachoeira depois do surfe e terminar o dia com uma moqueca na Pituba, ouvindo o som do Rio de Contas encontrando o Atl\u00e2ntico.<\/p>\n","protected":false},"excerpt":{"rendered":"<p>Durante quase um s\u00e9culo, o porto de Itacar\u00e9 escoou toneladas de cacau para o mundo. Quando a praga da vassoura-de-bruxa devastou as lavouras nos anos 1980, a vila no litoral sul da Bahia ficou em sil\u00eancio. A mata avan\u00e7ou de volta sobre os morros, as praias permaneceram selvagens e surfistas aventureiros encontraram ondas perfeitas onde [&hellip;]<\/p>\n","protected":false},"author":8,"featured_media":190594,"comment_status":"open","ping_status":"open","sticky":false,"template":"","format":"standard","meta":{"_yoast_wpseo_focuskw":"vila do cacau","_yoast_wpseo_title":"","_yoast_wpseo_metadesc":"A antiga vila do cacau que prosperou com o chocolate renasceu com o surfe e hoje guarda mais de 20 praias cercadas por Mata Atl\u00e2ntica.","jnews-multi-image_gallery":[],"jnews_single_post":{"format":"standard"},"jnews_primary_category":[],"jnews_social_meta":[],"jnews_override_counter":[],"footnotes":""},"categories":[108,111],"tags":[483,12579],"class_list":["post-209116","post","type-post","status-publish","format-standard","has-post-thumbnail","hentry","category-cidades","category-turismo","tag-bahia","tag-itacare"],"yoast_head":"<!-- This site is optimized with the Yoast SEO plugin v24.6 - https:\/\/yoast.com\/wordpress\/plugins\/seo\/ -->\n<title>A vila do cacau que prosperou com o chocolate e renasceu com o surfe guarda mais de 20 praias cercadas pela Mata Atl\u00e2ntica - Correio Braziliense - Radar<\/title>\n<meta name=\"description\" content=\"A antiga vila do cacau que prosperou com o chocolate renasceu com o surfe e hoje guarda mais de 20 praias cercadas por Mata Atl\u00e2ntica.\" \/>\n<meta name=\"robots\" content=\"index, follow, max-snippet:-1, max-image-preview:large, max-video-preview:-1\" \/>\n<link rel=\"canonical\" href=\"https:\/\/www.correiobraziliense.com.br\/cbradar\/a-vila-do-cacau-que-prosperou-com-o-chocolate-e-renasceu-com-o-surfe-guarda-mais-de-20-praias-cercadas-pela-mata-atlantica\/\" \/>\n<meta property=\"og:locale\" content=\"pt_BR\" \/>\n<meta property=\"og:type\" content=\"article\" \/>\n<meta property=\"og:title\" content=\"A vila do cacau que prosperou com o chocolate e renasceu com o surfe guarda mais de 20 praias cercadas pela Mata Atl\u00e2ntica - Correio Braziliense - Radar\" \/>\n<meta property=\"og:description\" content=\"A antiga vila do cacau que prosperou com o chocolate renasceu com o surfe e hoje guarda mais de 20 praias cercadas por Mata Atl\u00e2ntica.\" \/>\n<meta property=\"og:url\" content=\"https:\/\/www.correiobraziliense.com.br\/cbradar\/a-vila-do-cacau-que-prosperou-com-o-chocolate-e-renasceu-com-o-surfe-guarda-mais-de-20-praias-cercadas-pela-mata-atlantica\/\" \/>\n<meta property=\"og:site_name\" content=\"Correio Braziliense - Radar\" \/>\n<meta property=\"article:published_time\" content=\"2026-03-16T13:25:00+00:00\" \/>\n<meta property=\"og:image\" content=\"https:\/\/www.correiobraziliense.com.br\/cbradar\/wp-content\/uploads\/2026\/02\/aaa-2026-02-10T060032.586.png\" \/>\n\t<meta property=\"og:image:width\" content=\"1280\" \/>\n\t<meta property=\"og:image:height\" content=\"720\" \/>\n\t<meta property=\"og:image:type\" content=\"image\/png\" \/>\n<meta name=\"author\" content=\"Maura Pereira\" \/>\n<meta name=\"twitter:card\" content=\"summary_large_image\" \/>\n<meta name=\"twitter:label1\" content=\"Escrito por\" \/>\n\t<meta name=\"twitter:data1\" content=\"Maura Pereira\" \/>\n\t<meta name=\"twitter:label2\" content=\"Est. tempo de leitura\" \/>\n\t<meta name=\"twitter:data2\" content=\"7 minutos\" \/>\n<!-- \/ Yoast SEO plugin. -->","yoast_head_json":{"title":"A vila do cacau que prosperou com o chocolate e renasceu com o surfe guarda mais de 20 praias cercadas pela Mata Atl\u00e2ntica - Correio Braziliense - Radar","description":"A antiga vila do cacau que prosperou com o chocolate renasceu com o surfe e hoje guarda mais de 20 praias cercadas por Mata Atl\u00e2ntica.","robots":{"index":"index","follow":"follow","max-snippet":"max-snippet:-1","max-image-preview":"max-image-preview:large","max-video-preview":"max-video-preview:-1"},"canonical":"https:\/\/www.correiobraziliense.com.br\/cbradar\/a-vila-do-cacau-que-prosperou-com-o-chocolate-e-renasceu-com-o-surfe-guarda-mais-de-20-praias-cercadas-pela-mata-atlantica\/","og_locale":"pt_BR","og_type":"article","og_title":"A vila do cacau que prosperou com o chocolate e renasceu com o surfe guarda mais de 20 praias cercadas pela Mata Atl\u00e2ntica - Correio Braziliense - Radar","og_description":"A antiga vila do cacau que prosperou com o chocolate renasceu com o surfe e hoje guarda mais de 20 praias cercadas por Mata Atl\u00e2ntica.","og_url":"https:\/\/www.correiobraziliense.com.br\/cbradar\/a-vila-do-cacau-que-prosperou-com-o-chocolate-e-renasceu-com-o-surfe-guarda-mais-de-20-praias-cercadas-pela-mata-atlantica\/","og_site_name":"Correio Braziliense - Radar","article_published_time":"2026-03-16T13:25:00+00:00","og_image":[{"width":1280,"height":720,"url":"https:\/\/www.correiobraziliense.com.br\/cbradar\/wp-content\/uploads\/2026\/02\/aaa-2026-02-10T060032.586.png","type":"image\/png"}],"author":"Maura Pereira","twitter_card":"summary_large_image","twitter_misc":{"Escrito por":"Maura Pereira","Est. tempo de leitura":"7 minutos"},"schema":{"@context":"https:\/\/schema.org","@graph":[{"@type":"WebPage","@id":"https:\/\/www.correiobraziliense.com.br\/cbradar\/a-vila-do-cacau-que-prosperou-com-o-chocolate-e-renasceu-com-o-surfe-guarda-mais-de-20-praias-cercadas-pela-mata-atlantica\/","url":"https:\/\/www.correiobraziliense.com.br\/cbradar\/a-vila-do-cacau-que-prosperou-com-o-chocolate-e-renasceu-com-o-surfe-guarda-mais-de-20-praias-cercadas-pela-mata-atlantica\/","name":"A vila do cacau que prosperou com o chocolate e renasceu com o surfe guarda mais de 20 praias cercadas pela Mata Atl\u00e2ntica - Correio Braziliense - Radar","isPartOf":{"@id":"https:\/\/www.correiobraziliense.com.br\/cbradar\/#website"},"primaryImageOfPage":{"@id":"https:\/\/www.correiobraziliense.com.br\/cbradar\/a-vila-do-cacau-que-prosperou-com-o-chocolate-e-renasceu-com-o-surfe-guarda-mais-de-20-praias-cercadas-pela-mata-atlantica\/#primaryimage"},"image":{"@id":"https:\/\/www.correiobraziliense.com.br\/cbradar\/a-vila-do-cacau-que-prosperou-com-o-chocolate-e-renasceu-com-o-surfe-guarda-mais-de-20-praias-cercadas-pela-mata-atlantica\/#primaryimage"},"thumbnailUrl":"https:\/\/www.correiobraziliense.com.br\/cbradar\/wp-content\/uploads\/2026\/02\/aaa-2026-02-10T060032.586.png","datePublished":"2026-03-16T13:25:00+00:00","author":{"@id":"https:\/\/www.correiobraziliense.com.br\/cbradar\/#\/schema\/person\/4053c651a9bfc785afc6f4cbc9032fd3"},"description":"A antiga vila do cacau que prosperou com o chocolate renasceu com o surfe e hoje guarda mais de 20 praias cercadas por Mata Atl\u00e2ntica.","breadcrumb":{"@id":"https:\/\/www.correiobraziliense.com.br\/cbradar\/a-vila-do-cacau-que-prosperou-com-o-chocolate-e-renasceu-com-o-surfe-guarda-mais-de-20-praias-cercadas-pela-mata-atlantica\/#breadcrumb"},"inLanguage":"pt-BR","potentialAction":[{"@type":"ReadAction","target":["https:\/\/www.correiobraziliense.com.br\/cbradar\/a-vila-do-cacau-que-prosperou-com-o-chocolate-e-renasceu-com-o-surfe-guarda-mais-de-20-praias-cercadas-pela-mata-atlantica\/"]}]},{"@type":"ImageObject","inLanguage":"pt-BR","@id":"https:\/\/www.correiobraziliense.com.br\/cbradar\/a-vila-do-cacau-que-prosperou-com-o-chocolate-e-renasceu-com-o-surfe-guarda-mais-de-20-praias-cercadas-pela-mata-atlantica\/#primaryimage","url":"https:\/\/www.correiobraziliense.com.br\/cbradar\/wp-content\/uploads\/2026\/02\/aaa-2026-02-10T060032.586.png","contentUrl":"https:\/\/www.correiobraziliense.com.br\/cbradar\/wp-content\/uploads\/2026\/02\/aaa-2026-02-10T060032.586.png","width":1280,"height":720,"caption":"Itacar\u00e9 preserva uma hist\u00f3ria rica que remonta ao per\u00edodo colonial, mesclada com a exuber\u00e2ncia natural da Costa do Cacau. \/ Imagem ilustrativa"},{"@type":"BreadcrumbList","@id":"https:\/\/www.correiobraziliense.com.br\/cbradar\/a-vila-do-cacau-que-prosperou-com-o-chocolate-e-renasceu-com-o-surfe-guarda-mais-de-20-praias-cercadas-pela-mata-atlantica\/#breadcrumb","itemListElement":[{"@type":"ListItem","position":1,"name":"In\u00edcio","item":"https:\/\/www.correiobraziliense.com.br\/cbradar\/"},{"@type":"ListItem","position":2,"name":"A vila do cacau que prosperou com o chocolate e renasceu com o surfe guarda mais de 20 praias cercadas pela Mata Atl\u00e2ntica"}]},{"@type":"WebSite","@id":"https:\/\/www.correiobraziliense.com.br\/cbradar\/#website","url":"https:\/\/www.correiobraziliense.com.br\/cbradar\/","name":"Correio Braziliense - Radar","description":"Acompanhe as \u00faltimas not\u00edcias e fique bem informado sobre tudo o que acontece no Brasil e no mundo.","potentialAction":[{"@type":"SearchAction","target":{"@type":"EntryPoint","urlTemplate":"https:\/\/www.correiobraziliense.com.br\/cbradar\/?s={search_term_string}"},"query-input":{"@type":"PropertyValueSpecification","valueRequired":true,"valueName":"search_term_string"}}],"inLanguage":"pt-BR"},{"@type":"Person","@id":"https:\/\/www.correiobraziliense.com.br\/cbradar\/#\/schema\/person\/4053c651a9bfc785afc6f4cbc9032fd3","name":"Maura Pereira","image":{"@type":"ImageObject","inLanguage":"pt-BR","@id":"https:\/\/www.correiobraziliense.com.br\/cbradar\/#\/schema\/person\/image\/","url":"https:\/\/secure.gravatar.com\/avatar\/3effd6bdadfa447f15089c7f7144eaa6?s=96&d=mm&r=g","contentUrl":"https:\/\/secure.gravatar.com\/avatar\/3effd6bdadfa447f15089c7f7144eaa6?s=96&d=mm&r=g","caption":"Maura Pereira"},"sameAs":["https:\/\/www.correiobraziliense.com.br\/"],"url":"https:\/\/www.correiobraziliense.com.br\/cbradar\/author\/mauramyth\/"}]}},"_links":{"self":[{"href":"https:\/\/www.correiobraziliense.com.br\/cbradar\/wp-json\/wp\/v2\/posts\/209116","targetHints":{"allow":["GET"]}}],"collection":[{"href":"https:\/\/www.correiobraziliense.com.br\/cbradar\/wp-json\/wp\/v2\/posts"}],"about":[{"href":"https:\/\/www.correiobraziliense.com.br\/cbradar\/wp-json\/wp\/v2\/types\/post"}],"author":[{"embeddable":true,"href":"https:\/\/www.correiobraziliense.com.br\/cbradar\/wp-json\/wp\/v2\/users\/8"}],"replies":[{"embeddable":true,"href":"https:\/\/www.correiobraziliense.com.br\/cbradar\/wp-json\/wp\/v2\/comments?post=209116"}],"version-history":[{"count":10,"href":"https:\/\/www.correiobraziliense.com.br\/cbradar\/wp-json\/wp\/v2\/posts\/209116\/revisions"}],"predecessor-version":[{"id":209185,"href":"https:\/\/www.correiobraziliense.com.br\/cbradar\/wp-json\/wp\/v2\/posts\/209116\/revisions\/209185"}],"wp:featuredmedia":[{"embeddable":true,"href":"https:\/\/www.correiobraziliense.com.br\/cbradar\/wp-json\/wp\/v2\/media\/190594"}],"wp:attachment":[{"href":"https:\/\/www.correiobraziliense.com.br\/cbradar\/wp-json\/wp\/v2\/media?parent=209116"}],"wp:term":[{"taxonomy":"category","embeddable":true,"href":"https:\/\/www.correiobraziliense.com.br\/cbradar\/wp-json\/wp\/v2\/categories?post=209116"},{"taxonomy":"post_tag","embeddable":true,"href":"https:\/\/www.correiobraziliense.com.br\/cbradar\/wp-json\/wp\/v2\/tags?post=209116"}],"curies":[{"name":"wp","href":"https:\/\/api.w.org\/{rel}","templated":true}]}}