{"id":209122,"date":"2026-03-16T08:25:00","date_gmt":"2026-03-16T11:25:00","guid":{"rendered":"https:\/\/www.correiobraziliense.com.br\/cbradar\/?p=209122"},"modified":"2026-03-16T02:22:39","modified_gmt":"2026-03-16T05:22:39","slug":"eleita-a-2a-melhor-para-morar-essa-capital-une-custo-de-vida-baixo-76-parques-e-a-melhor-gastronomia-do-pais-hoje","status":"publish","type":"post","link":"https:\/\/www.correiobraziliense.com.br\/cbradar\/eleita-a-2a-melhor-para-morar-essa-capital-une-custo-de-vida-baixo-76-parques-e-a-melhor-gastronomia-do-pais-hoje\/","title":{"rendered":"Eleita a 2\u00aa melhor para morar, essa capital une custo de vida baixo, 76 parques e a melhor gastronomia do pa\u00eds hoje"},"content":{"rendered":"\n<p>Em <strong>2009<\/strong>, uma lei municipal oficializou o que todo mineiro j\u00e1 sabia: <strong>Belo Horizonte<\/strong> \u00e9 a <strong>Capital Nacional dos Botecos<\/strong>. Dez anos depois, a <strong>UNESCO<\/strong> reconheceu a cidade como <strong>Cidade Criativa da Gastronomia<\/strong>. Entre um tropeiro e uma cerveja gelada, quem mora em <strong>BH<\/strong> vive numa capital planejada, cercada por montanhas e com 76 parques espalhados por seus bairros.<\/p>\n\n\n\n<h2 class=\"wp-block-heading\">Uma capital desenhada na prancheta com alma de interior<\/h2>\n\n\n\n<p>BH nasceu em <strong>1897<\/strong>, projetada pelo engenheiro <strong>Aar\u00e3o Reis<\/strong> com inspira\u00e7\u00e3o em <strong>Paris<\/strong>: avenidas largas, ruas em diagonal e pra\u00e7as generosas. Esse planejamento rendeu \u00e0 cidade o apelido de <strong>Cidade Jardim<\/strong> e explica por que a capital mineira acumula 10,7 milh\u00f5es de m\u00b2 de \u00e1reas verdes, distribu\u00eddos em parques que abrigam exemplares de <strong>Cerrado<\/strong>, <strong>Mata Atl\u00e2ntica<\/strong> e campos de altitude.<\/p>\n\n\n\n<p>A <strong>Serra do Curral<\/strong> emoldura o horizonte e funciona como term\u00f4metro do humor local: quando o p\u00f4r do sol pinta a serra de laranja, os belo-horizontinos sabem que o dia seguinte ser\u00e1 de c\u00e9u limpo. Essa conviv\u00eancia entre concreto e natureza \u00e9 o que faz BH parecer, ao mesmo tempo, metr\u00f3pole e cidade do interior.<\/p>\n\n\n<div class=\"wp-block-image\">\n<figure class=\"aligncenter size-large\"><img decoding=\"async\" width=\"1024\" height=\"576\" src=\"https:\/\/www.correiobraziliense.com.br\/cbradar\/wp-content\/uploads\/2025\/03\/belo-horizonte_1741057637038-1024x576.jpg\" alt=\"Eleita a 2\u00aa melhor para morar, essa capital une custo de vida baixo, 76 parques e a melhor gastronomia do pa\u00eds hoje\" class=\"wp-image-8694\" srcset=\"https:\/\/www.correiobraziliense.com.br\/cbradar\/wp-content\/uploads\/2025\/03\/belo-horizonte_1741057637038-1024x576.jpg 1024w, https:\/\/www.correiobraziliense.com.br\/cbradar\/wp-content\/uploads\/2025\/03\/belo-horizonte_1741057637038-300x169.jpg 300w, https:\/\/www.correiobraziliense.com.br\/cbradar\/wp-content\/uploads\/2025\/03\/belo-horizonte_1741057637038-768x432.jpg 768w, https:\/\/www.correiobraziliense.com.br\/cbradar\/wp-content\/uploads\/2025\/03\/belo-horizonte_1741057637038-750x422.jpg 750w, https:\/\/www.correiobraziliense.com.br\/cbradar\/wp-content\/uploads\/2025\/03\/belo-horizonte_1741057637038-1140x641.jpg 1140w, https:\/\/www.correiobraziliense.com.br\/cbradar\/wp-content\/uploads\/2025\/03\/belo-horizonte_1741057637038.jpg 1280w\" sizes=\"(max-width: 1024px) 100vw, 1024px\" \/><figcaption class=\"wp-element-caption\">Com planejamento urbano e mobilidade em expans\u00e3o, Belo Horizonte \u00e9 refer\u00eancia em gest\u00e3o municipal. \/\/ Cr\u00e9ditos: depositphotos.com \/ PedroTruffi<\/figcaption><\/figure><\/div>\n\n\n<h2 class=\"wp-block-heading\">Qual \u00e9 a qualidade de vida de quem mora em BH?<\/h2>\n\n\n\n<p>O <strong>\u00cdndice de Desenvolvimento Humano (IDH)<\/strong> de Belo Horizonte \u00e9 de <strong>0,810<\/strong>, classificado como &#8220;muito alto&#8221; pelo <strong>Programa das Na\u00e7\u00f5es Unidas para o Desenvolvimento (PNUD)<\/strong>. No ranking do <strong>\u00cdndice de Progresso Social (IPS) Brasil 2025<\/strong>, a capital ficou em <a href=\"https:\/\/diariodocomercio.com.br\/economia\/belo-horizonte-cai-duas-posicoes-qualidade-de-vida-entre-capitais\/\" target=\"_blank\" rel=\"noreferrer noopener\"><strong>5\u00ba lugar entre todas as capitais<\/strong><\/a>, com destaque em sa\u00fade, inclus\u00e3o digital e seguran\u00e7a urbana. Em levantamento da <strong>Gazeta do Povo<\/strong> publicado em 2026, BH apareceu como a 2\u00aa melhor capital do pa\u00eds para morar.<\/p>\n\n\n\n<p>A rede de sa\u00fade \u00e9 refer\u00eancia regional, com hospitais como a <strong>Santa Casa<\/strong> e o <strong>Hospital das Cl\u00ednicas da UFMG<\/strong>. Na educa\u00e7\u00e3o, a cidade concentra universidades reconhecidas nacionalmente e uma taxa de alfabetiza\u00e7\u00e3o acima da m\u00e9dia das capitais brasileiras. A cobertura de esgoto atende mais de 97% das resid\u00eancias.<\/p>\n\n\n\n<p>A capital mineira une a hospitalidade do interior com a infraestrutura de uma metr\u00f3pole vibrante. O v\u00eddeo \u00e9 do canal <strong>Coisas do Mundo<\/strong>, refer\u00eancia com mais de <strong>140 mil<\/strong> inscritos, e apresenta a Pampulha, o Mercado Central e o Mineir\u00e3o:<\/p>\n\n\n\n<figure class=\"wp-block-embed aligncenter is-type-video is-provider-youtube wp-block-embed-youtube wp-embed-aspect-16-9 wp-has-aspect-ratio\"><div class=\"wp-block-embed__wrapper\">\n<div class=\"jeg_video_container jeg_video_content\"><iframe loading=\"lazy\" title=\"BELO HORIZONTE (Minas Gerais). Conhe\u00e7a a capital que \u00e9 uma s\u00edntese de MG e do Brasil.\" width=\"500\" height=\"281\" src=\"https:\/\/www.youtube.com\/embed\/OQOT-FQQ2y0?feature=oembed\" frameborder=\"0\" allow=\"accelerometer; autoplay; clipboard-write; encrypted-media; gyroscope; picture-in-picture; web-share\" referrerpolicy=\"strict-origin-when-cross-origin\" allowfullscreen><\/iframe><\/div>\n<\/div><\/figure>\n\n\n\n<h2 class=\"wp-block-heading\">Quanto custa viver na capital mineira?<\/h2>\n\n\n\n<p>O custo de vida m\u00e9dio para uma pessoa em BH gira em torno de <strong>R$ 6.302 por m\u00eas<\/strong>, segundo dados do portal Expatistan de janeiro de 2026. O valor fica abaixo de <strong>S\u00e3o Paulo<\/strong> (R$ 7.995) e do <strong>Rio de Janeiro<\/strong> (R$ 6.579), o que posiciona a capital mineira num patamar intermedi\u00e1rio entre as grandes metr\u00f3poles do Sudeste. A cesta b\u00e1sica custa cerca de <strong>R$ 723<\/strong> (DIEESE, dez\/2025), a 10\u00aa entre as capitais. Os bairros variam bastante: <strong>Lourdes<\/strong> e <strong>Savassi<\/strong> concentram os im\u00f3veis mais valorizados, enquanto <strong>Buritis<\/strong> e <strong>Castelo<\/strong> oferecem boa infraestrutura com valores mais acess\u00edveis.<\/p>\n\n\n\n<h2 class=\"wp-block-heading\">O que o morador faz no tempo livre em Belo Horizonte?<\/h2>\n\n\n\n<p>O lazer em BH come\u00e7a nos parques e termina nos balc\u00f5es. Para quem busca ar livre, as op\u00e7\u00f5es n\u00e3o faltam.<\/p>\n\n\n\n<ul class=\"wp-block-list\">\n<li><strong>Lagoa da Pampulha<\/strong>: circuito de caminhada e ciclismo ao redor da lagoa, com vista para o <a href=\"https:\/\/portalbelohorizonte.com.br\/trade\/principais-atrativos\" target=\"_blank\" rel=\"noreferrer noopener\"><strong>Conjunto Arquitet\u00f4nico da Pampulha<\/strong><\/a>, Patrim\u00f4nio Mundial da UNESCO desde 2016, assinado por <strong>Oscar Niemeyer<\/strong> com jardins de <strong>Burle Marx<\/strong>.<\/li>\n\n\n\n<li><strong>Parque Municipal Am\u00e9rico Renn\u00e9 Giannetti<\/strong>: 182 mil m\u00b2 de \u00e1rea verde no centro, inaugurado junto com a capital em 1897. Lagos, coreto e teatro ao ar livre.<\/li>\n\n\n\n<li><strong>Parque das Mangabeiras<\/strong>: na Serra do Curral, um dos maiores parques urbanos da Am\u00e9rica Latina, com mirantes, trilhas e nascentes.<\/li>\n\n\n\n<li><strong>Pra\u00e7a da Liberdade e Circuito Cultural<\/strong>: 17 institui\u00e7\u00f5es culturais no entorno da pra\u00e7a centen\u00e1ria, incluindo museus, biblioteca e centro de arte.<\/li>\n\n\n\n<li><strong>Mercado Central<\/strong>: mais de 400 lojas em um quarteir\u00e3o, com queijos artesanais, cacha\u00e7as, temperos e o famoso sandu\u00edche de pernil.<\/li>\n<\/ul>\n\n\n<div class=\"wp-block-image\">\n<figure class=\"aligncenter size-large\"><img decoding=\"async\" width=\"1024\" height=\"576\" src=\"https:\/\/www.correiobraziliense.com.br\/cbradar\/wp-content\/uploads\/2025\/07\/Edicoes-61-1-1024x576.png\" alt=\"Eleita a 2\u00aa melhor para morar, essa capital une custo de vida baixo, 76 parques e a melhor gastronomia do pa\u00eds hoje\" class=\"wp-image-72486\" srcset=\"https:\/\/www.correiobraziliense.com.br\/cbradar\/wp-content\/uploads\/2025\/07\/Edicoes-61-1-1024x576.png 1024w, https:\/\/www.correiobraziliense.com.br\/cbradar\/wp-content\/uploads\/2025\/07\/Edicoes-61-1-300x169.png 300w, https:\/\/www.correiobraziliense.com.br\/cbradar\/wp-content\/uploads\/2025\/07\/Edicoes-61-1-768x432.png 768w, https:\/\/www.correiobraziliense.com.br\/cbradar\/wp-content\/uploads\/2025\/07\/Edicoes-61-1-750x422.png 750w, https:\/\/www.correiobraziliense.com.br\/cbradar\/wp-content\/uploads\/2025\/07\/Edicoes-61-1-1140x641.png 1140w, https:\/\/www.correiobraziliense.com.br\/cbradar\/wp-content\/uploads\/2025\/07\/Edicoes-61-1.png 1280w\" sizes=\"(max-width: 1024px) 100vw, 1024px\" \/><figcaption class=\"wp-element-caption\">Belo Horizonte est\u00e1 entre as capitais brasileiras com melhor \u00edndice de desenvolvimento humano do pa\u00eds. \/\/ Cr\u00e9ditos: Wikipedia<\/figcaption><\/figure><\/div>\n\n\n<h2 class=\"wp-block-heading\">Por que BH leva o t\u00edtulo de Capital dos Botecos?<\/h2>\n\n\n\n<p>Dados da <strong>Associa\u00e7\u00e3o Brasileira de Bares e Restaurantes (Abrasel)<\/strong> de 2023 apontam 178 bares para cada 100 mil habitantes em BH, mais que o dobro de S\u00e3o Paulo. A Prefeitura mapeou mais de 9.500 estabelecimentos na cidade. Essa cultura de boteco n\u00e3o \u00e9 apenas lazer: \u00e9 a pra\u00e7a p\u00fablica do mineiro, o lugar onde vizinhos se encontram, neg\u00f3cios s\u00e3o fechados e amizades se renovam toda sexta-feira ao som de um pagode ou samba no fundo do bar.<\/p>\n\n\n\n<p>A gastronomia vai do <strong>feij\u00e3o-tropeiro<\/strong> com torresmo ao <strong>frango com quiabo<\/strong> e angu, passando pelo <strong>p\u00e3o de queijo<\/strong> quente de padaria e a <strong>cerveja artesanal<\/strong> que cresce em dezenas de microcervejarias. Em novembro, o <strong>Festival de Comida di Buteco<\/strong> transforma a cidade inteira num concurso de petiscos.<\/p>\n\n\n\n<p><strong>Leia tamb\u00e9m: <a href=\"https:\/\/www.correiobraziliense.com.br\/cbradar\/a-quarta-cidade-mais-antiga-do-brasil-tem-um-cristo-redentor-anterior-ao-do-rio-de-janeiro\/\" target=\"_blank\" rel=\"noreferrer noopener\">A quarta cidade mais antiga do Brasil tem um Cristo Redentor anterior ao do Rio de Janeiro.<\/a><\/strong><\/p>\n\n\n\n<h2 class=\"wp-block-heading\">Quando o clima favorece o dia a dia na capital?<\/h2>\n\n\n\n<p>BH tem clima tropical de altitude, com esta\u00e7\u00f5es bem definidas. Os invernos s\u00e3o secos e agrad\u00e1veis, enquanto o ver\u00e3o traz chuvas concentradas no fim da tarde.<\/p>\n\n\n\n<div class=\"google-auto-ads-ignore\" style=\"font-family: 'Segoe UI', Roboto, -apple-system, sans-serif; max-width: 850px; margin: 20px auto; box-sizing: border-box; background-color: #ffffff; -webkit-font-smoothing: antialiased; text-rendering: optimizeLegibility;\">\n    \n    <div style=\"background: #fffcfc; border-radius: 20px; overflow: hidden; border: 1px solid #bae6fd; display: flex; flex-direction: column; box-shadow: 0 4px 15px rgba(2, 132, 199, 0.05);\">\n        \n        <div style=\"background: linear-gradient(135deg, #38bdf8 0%, #0284c7 100%); padding: 20px 30px; text-align: left;\">\n            <div style=\"font-size: 24px; font-weight: 800; color: #ffffff; letter-spacing: -0.5px; line-height: 1.2;\">\n                Sazonalidade e condi\u00e7\u00f5es para atividades\n            <\/div>\n            <div style=\"font-size: 14px; color: #e0f2fe; margin-top: 4px; font-weight: 500; opacity: 0.9;\">\n                An\u00e1lise clim\u00e1tica detalhada para planejamento de viagem e roteiros de lazer, cultura e gastronomia\n            <\/div>\n        <\/div>\n\n        <div style=\"padding: 15px;\">\n            <div style=\"display: grid; width: 100%; grid-template-columns: 0.8fr 0.7fr 1fr 0.7fr 1.8fr; gap: 1px; background-color: #7dd3fc; border-radius: 12px; border: 1px solid #7dd3fc; overflow: hidden;\">\n                \n                <div style=\"background: #f0f9ff; padding: 10px; font-weight: 800; font-size: 11px; text-transform: uppercase; color: #0c4a6e; text-align: center;\">Esta\u00e7\u00e3o<\/div>\n                <div style=\"background: #f0f9ff; padding: 10px; font-weight: 800; font-size: 11px; text-transform: uppercase; color: #0c4a6e; text-align: center;\">Meses<\/div>\n                <div style=\"background: #f0f9ff; padding: 10px; font-weight: 800; font-size: 11px; text-transform: uppercase; color: #0c4a6e; text-align: center;\">Temperatura<\/div>\n                <div style=\"background: #f0f9ff; padding: 10px; font-weight: 800; font-size: 11px; text-transform: uppercase; color: #0c4a6e; text-align: center;\">Chuva<\/div>\n                <div style=\"background: #f0f9ff; padding: 10px; font-weight: 800; font-size: 11px; text-transform: uppercase; color: #0c4a6e; text-align: center;\">O que fazer<\/div>\n\n                <div style=\"background: #ffffff; padding: 12px; font-weight: 800; color: #0284c7; font-size: 14px; display: flex; align-items: center; justify-content: center; gap: 5px;\">\u2600\ufe0f Ver\u00e3o<\/div>\n                <div style=\"background: #ffffff; padding: 12px; font-size: 13px; color: #1e293b; font-weight: 600; display: flex; align-items: center; justify-content: center;\">Dez-Fev<\/div>\n                <div style=\"background: #ffffff; padding: 12px; display: flex; align-items: center; justify-content: center; gap: 6px;\">\n                    <span style=\"font-size: 13px; font-weight: 700; color: #1e293b;\">18-30\u00b0C<\/span>\n                <\/div>\n                <div style=\"background: #ffffff; padding: 12px; font-size: 13px; color: #ef4444; font-weight: 600; display: flex; align-items: center; justify-content: center;\">Alta<\/div>\n                <div style=\"background: #ffffff; padding: 12px; font-size: 13px; line-height: 1.4; color: #1e293b; display: flex; align-items: center;\">Parques pela manh\u00e3, botecos e vida noturna \u00e0 noite.<\/div>\n\n                <div style=\"background: #f8fafc; padding: 12px; font-weight: 800; color: #0284c7; font-size: 14px; display: flex; align-items: center; justify-content: center; gap: 5px;\">\ud83c\udf42 Outono<\/div>\n                <div style=\"background: #f8fafc; padding: 12px; font-size: 13px; color: #1e293b; font-weight: 600; display: flex; align-items: center; justify-content: center;\">Mar-Mai<\/div>\n                <div style=\"background: #f8fafc; padding: 12px; display: flex; align-items: center; justify-content: center; gap: 6px;\">\n                    <span style=\"font-size: 13px; font-weight: 700; color: #1e293b;\">16-28\u00b0C<\/span>\n                <\/div>\n                <div style=\"background: #f8fafc; padding: 12px; font-size: 13px; color: #4b5563; font-weight: 600; display: flex; align-items: center; justify-content: center;\">M\u00e9dia<\/div>\n                <div style=\"background: #f8fafc; padding: 12px; font-size: 13px; line-height: 1.4; color: #1e293b; display: flex; align-items: center;\">Feiras gastron\u00f4micas e trilhas na natureza.<\/div>\n\n                <div style=\"background: #ffffff; padding: 12px; font-weight: 800; color: #0284c7; font-size: 14px; display: flex; align-items: center; justify-content: center; gap: 5px;\">\u2744\ufe0f Inverno<\/div>\n                <div style=\"background: #ffffff; padding: 12px; font-size: 13px; color: #1e293b; font-weight: 600; display: flex; align-items: center; justify-content: center;\">Jun-Ago<\/div>\n                <div style=\"background: #ffffff; padding: 12px; display: flex; align-items: center; justify-content: center; gap: 6px;\">\n                    <span style=\"font-size: 13px; font-weight: 700; color: #1e293b;\">12-25\u00b0C<\/span>\n                <\/div>\n                <div style=\"background: #ffffff; padding: 12px; font-size: 13px; color: #4b5563; font-weight: 600; display: flex; align-items: center; justify-content: center;\">Baixa<\/div>\n                <div style=\"background: #ffffff; padding: 12px; font-size: 13px; line-height: 1.4; color: #1e293b; display: flex; align-items: center;\">Mirantes, museus e o tradicional caf\u00e9 colonial.<\/div>\n\n                <div style=\"background: #f8fafc; padding: 12px; font-weight: 800; color: #0284c7; font-size: 14px; display: flex; align-items: center; justify-content: center; gap: 5px;\">\ud83c\udf3a Primavera<\/div>\n                <div style=\"background: #f8fafc; padding: 12px; font-size: 13px; color: #1e293b; font-weight: 600; display: flex; align-items: center; justify-content: center;\">Set-Nov<\/div>\n                <div style=\"background: #f8fafc; padding: 12px; display: flex; align-items: center; justify-content: center; gap: 6px;\">\n                    <span style=\"font-size: 13px; font-weight: 700; color: #1e293b;\">16-29\u00b0C<\/span>\n                <\/div>\n                <div style=\"background: #f8fafc; padding: 12px; font-size: 13px; color: #4b5563; font-weight: 600; display: flex; align-items: center; justify-content: center;\">M\u00e9dia<\/div>\n                <div style=\"background: #f8fafc; padding: 12px; font-size: 13px; line-height: 1.4; color: #1e293b; display: flex; align-items: center;\">Contempla\u00e7\u00e3o de Ip\u00eas floridos e eventos culturais.<\/div>\n            <\/div>\n        <\/div>\n\n        <div style=\"padding: 10px 30px; background: #f0f9ff; border-top: 1px solid #bae6fd; font-size: 12px; color: #0c4a6e; font-style: italic; display: flex; align-items: center; gap: 8px; font-weight: 600;\">\n            <div style=\"width: 6px; height: 6px; background: #0284c7; border-radius: 50%;\"><\/div>\n            Dica: O inverno \u00e9 o per\u00edodo ideal para quem busca experi\u00eancias gastron\u00f4micas reconfortantes e visitas a museus sem o calor excessivo.\n        <\/div>\n        \n    <\/div>\n<\/div>\n\n\n\n<p><em>Temperaturas aproximadas. Consulte a previs\u00e3o atualizada no <a href=\"https:\/\/www.climatempo.com.br\/previsao-do-tempo\/cidade\/222\/belohorizonte-mg\" target=\"_blank\" rel=\"noreferrer noopener\"><strong>Climatempo<\/strong><\/a>.<\/em><\/p>\n\n\n<div class=\"wp-block-image\">\n<figure class=\"aligncenter size-large\"><img decoding=\"async\" width=\"1024\" height=\"576\" src=\"https:\/\/www.correiobraziliense.com.br\/cbradar\/wp-content\/uploads\/2025\/02\/belo-horizonte_1740635154150-1024x576.jpg\" alt=\"Onde a tradi\u00e7\u00e3o do p\u00e3o de queijo encontra uma vida tranquila e de qualidade em uma das capitais planejadas mais desejadas do pa\u00eds\" class=\"wp-image-6698\" srcset=\"https:\/\/www.correiobraziliense.com.br\/cbradar\/wp-content\/uploads\/2025\/02\/belo-horizonte_1740635154150-1024x576.jpg 1024w, https:\/\/www.correiobraziliense.com.br\/cbradar\/wp-content\/uploads\/2025\/02\/belo-horizonte_1740635154150-300x169.jpg 300w, https:\/\/www.correiobraziliense.com.br\/cbradar\/wp-content\/uploads\/2025\/02\/belo-horizonte_1740635154150-768x432.jpg 768w, https:\/\/www.correiobraziliense.com.br\/cbradar\/wp-content\/uploads\/2025\/02\/belo-horizonte_1740635154150-750x422.jpg 750w, https:\/\/www.correiobraziliense.com.br\/cbradar\/wp-content\/uploads\/2025\/02\/belo-horizonte_1740635154150-1140x641.jpg 1140w, https:\/\/www.correiobraziliense.com.br\/cbradar\/wp-content\/uploads\/2025\/02\/belo-horizonte_1740635154150.jpg 1280w\" sizes=\"(max-width: 1024px) 100vw, 1024px\" \/><figcaption class=\"wp-element-caption\">Belo Horizonte cresce de forma sustent\u00e1vel e se destaca como polo econ\u00f4mico e tur\u00edstico de Minas Gerais. \/\/ Cr\u00e9ditos: depositphotos.com \/ losak.napior<\/figcaption><\/figure><\/div>\n\n\n<h2 class=\"wp-block-heading\">Como chegar e se locomover em Belo Horizonte?<\/h2>\n\n\n\n<p>O <strong>Aeroporto Internacional de Confins<\/strong> fica a 38 km do centro e recebe voos de todas as capitais brasileiras e de destinos internacionais. O <strong>Aeroporto da Pampulha<\/strong>, a 8 km do centro, opera voos regionais. Por terra, a <strong>BR-040<\/strong> liga BH ao <strong>Rio de Janeiro<\/strong> (434 km) e a <strong>Bras\u00edlia<\/strong> (716 km), enquanto a <strong>BR-381<\/strong> (Fern\u00e3o Dias) conecta a capital a <strong>S\u00e3o Paulo<\/strong> (586 km). Dentro da cidade, o sistema <strong>MOVE<\/strong> de BRT integra bairros e terminais, complementado por 108 km de ciclovias.<\/p>\n\n\n\n<h2 class=\"wp-block-heading\">A capital onde o balc\u00e3o do bar \u00e9 a pra\u00e7a do bairro<\/h2>\n\n\n\n<p>Belo Horizonte consegue algo raro entre as grandes capitais: manter o ritmo de metr\u00f3pole sem perder o h\u00e1bito de puxar cadeira na cal\u00e7ada e conversar com o vizinho. A combina\u00e7\u00e3o de IDH elevado, parques em cada canto e uma gastronomia que virou patrim\u00f4nio da UNESCO faz da cidade um lugar onde qualidade de vida se mede tamb\u00e9m em petiscos compartilhados e pores do sol na Serra do Curral.<\/p>\n\n\n\n<p>Voc\u00ea precisa experimentar morar em BH para entender por que o mineiro trocou a praia pelo balc\u00e3o e nunca se arrependeu.<\/p>\n","protected":false},"excerpt":{"rendered":"<p>Em 2009, uma lei municipal oficializou o que todo mineiro j\u00e1 sabia: Belo Horizonte \u00e9 a Capital Nacional dos Botecos. Dez anos depois, a UNESCO reconheceu a cidade como Cidade Criativa da Gastronomia. Entre um tropeiro e uma cerveja gelada, quem mora em BH vive numa capital planejada, cercada por montanhas e com 76 parques [&hellip;]<\/p>\n","protected":false},"author":8,"featured_media":193958,"comment_status":"open","ping_status":"open","sticky":false,"template":"","format":"standard","meta":{"_yoast_wpseo_focuskw":"melhor capital","_yoast_wpseo_title":"","_yoast_wpseo_metadesc":"Com 76 parques espalhados pela cidade, essa capital brasileira combina qualidade de vida, custo acess\u00edvel e \u00f3tima gastronomia.","jnews-multi-image_gallery":[],"jnews_single_post":{"format":"standard"},"jnews_primary_category":[],"jnews_social_meta":[],"jnews_override_counter":[],"footnotes":""},"categories":[108,111],"tags":[1213,388],"class_list":["post-209122","post","type-post","status-publish","format-standard","has-post-thumbnail","hentry","category-cidades","category-turismo","tag-belo-horizonte","tag-minas-gerais"],"yoast_head":"<!-- This site is optimized with the Yoast SEO plugin v24.6 - https:\/\/yoast.com\/wordpress\/plugins\/seo\/ -->\n<title>Eleita a 2\u00aa melhor para morar, essa capital une custo de vida baixo, 76 parques e a melhor gastronomia do pa\u00eds hoje - Correio Braziliense - Radar<\/title>\n<meta name=\"description\" content=\"Com 76 parques espalhados pela cidade, essa capital brasileira combina qualidade de vida, custo acess\u00edvel e \u00f3tima gastronomia.\" \/>\n<meta name=\"robots\" content=\"index, follow, max-snippet:-1, max-image-preview:large, max-video-preview:-1\" \/>\n<link rel=\"canonical\" href=\"https:\/\/www.correiobraziliense.com.br\/cbradar\/eleita-a-2a-melhor-para-morar-essa-capital-une-custo-de-vida-baixo-76-parques-e-a-melhor-gastronomia-do-pais-hoje\/\" \/>\n<meta property=\"og:locale\" content=\"pt_BR\" \/>\n<meta property=\"og:type\" content=\"article\" \/>\n<meta property=\"og:title\" content=\"Eleita a 2\u00aa melhor para morar, essa capital une custo de vida baixo, 76 parques e a melhor gastronomia do pa\u00eds hoje - Correio Braziliense - Radar\" \/>\n<meta property=\"og:description\" content=\"Com 76 parques espalhados pela cidade, essa capital brasileira combina qualidade de vida, custo acess\u00edvel e \u00f3tima gastronomia.\" \/>\n<meta property=\"og:url\" content=\"https:\/\/www.correiobraziliense.com.br\/cbradar\/eleita-a-2a-melhor-para-morar-essa-capital-une-custo-de-vida-baixo-76-parques-e-a-melhor-gastronomia-do-pais-hoje\/\" \/>\n<meta property=\"og:site_name\" content=\"Correio Braziliense - Radar\" \/>\n<meta property=\"article:published_time\" content=\"2026-03-16T11:25:00+00:00\" \/>\n<meta property=\"og:image\" content=\"https:\/\/www.correiobraziliense.com.br\/cbradar\/wp-content\/uploads\/2026\/02\/aaa-2026-02-15T035303.503.png\" \/>\n\t<meta property=\"og:image:width\" content=\"1280\" \/>\n\t<meta property=\"og:image:height\" content=\"720\" \/>\n\t<meta property=\"og:image:type\" content=\"image\/png\" \/>\n<meta name=\"author\" content=\"Maura Pereira\" \/>\n<meta name=\"twitter:card\" content=\"summary_large_image\" \/>\n<meta name=\"twitter:label1\" content=\"Escrito por\" \/>\n\t<meta name=\"twitter:data1\" content=\"Maura Pereira\" \/>\n\t<meta name=\"twitter:label2\" content=\"Est. tempo de leitura\" \/>\n\t<meta name=\"twitter:data2\" content=\"8 minutos\" \/>\n<!-- \/ Yoast SEO plugin. -->","yoast_head_json":{"title":"Eleita a 2\u00aa melhor para morar, essa capital une custo de vida baixo, 76 parques e a melhor gastronomia do pa\u00eds hoje - Correio Braziliense - Radar","description":"Com 76 parques espalhados pela cidade, essa capital brasileira combina qualidade de vida, custo acess\u00edvel e \u00f3tima gastronomia.","robots":{"index":"index","follow":"follow","max-snippet":"max-snippet:-1","max-image-preview":"max-image-preview:large","max-video-preview":"max-video-preview:-1"},"canonical":"https:\/\/www.correiobraziliense.com.br\/cbradar\/eleita-a-2a-melhor-para-morar-essa-capital-une-custo-de-vida-baixo-76-parques-e-a-melhor-gastronomia-do-pais-hoje\/","og_locale":"pt_BR","og_type":"article","og_title":"Eleita a 2\u00aa melhor para morar, essa capital une custo de vida baixo, 76 parques e a melhor gastronomia do pa\u00eds hoje - Correio Braziliense - Radar","og_description":"Com 76 parques espalhados pela cidade, essa capital brasileira combina qualidade de vida, custo acess\u00edvel e \u00f3tima gastronomia.","og_url":"https:\/\/www.correiobraziliense.com.br\/cbradar\/eleita-a-2a-melhor-para-morar-essa-capital-une-custo-de-vida-baixo-76-parques-e-a-melhor-gastronomia-do-pais-hoje\/","og_site_name":"Correio Braziliense - Radar","article_published_time":"2026-03-16T11:25:00+00:00","og_image":[{"width":1280,"height":720,"url":"https:\/\/www.correiobraziliense.com.br\/cbradar\/wp-content\/uploads\/2026\/02\/aaa-2026-02-15T035303.503.png","type":"image\/png"}],"author":"Maura Pereira","twitter_card":"summary_large_image","twitter_misc":{"Escrito por":"Maura Pereira","Est. tempo de leitura":"8 minutos"},"schema":{"@context":"https:\/\/schema.org","@graph":[{"@type":"WebPage","@id":"https:\/\/www.correiobraziliense.com.br\/cbradar\/eleita-a-2a-melhor-para-morar-essa-capital-une-custo-de-vida-baixo-76-parques-e-a-melhor-gastronomia-do-pais-hoje\/","url":"https:\/\/www.correiobraziliense.com.br\/cbradar\/eleita-a-2a-melhor-para-morar-essa-capital-une-custo-de-vida-baixo-76-parques-e-a-melhor-gastronomia-do-pais-hoje\/","name":"Eleita a 2\u00aa melhor para morar, essa capital une custo de vida baixo, 76 parques e a melhor gastronomia do pa\u00eds hoje - Correio Braziliense - Radar","isPartOf":{"@id":"https:\/\/www.correiobraziliense.com.br\/cbradar\/#website"},"primaryImageOfPage":{"@id":"https:\/\/www.correiobraziliense.com.br\/cbradar\/eleita-a-2a-melhor-para-morar-essa-capital-une-custo-de-vida-baixo-76-parques-e-a-melhor-gastronomia-do-pais-hoje\/#primaryimage"},"image":{"@id":"https:\/\/www.correiobraziliense.com.br\/cbradar\/eleita-a-2a-melhor-para-morar-essa-capital-une-custo-de-vida-baixo-76-parques-e-a-melhor-gastronomia-do-pais-hoje\/#primaryimage"},"thumbnailUrl":"https:\/\/www.correiobraziliense.com.br\/cbradar\/wp-content\/uploads\/2026\/02\/aaa-2026-02-15T035303.503.png","datePublished":"2026-03-16T11:25:00+00:00","author":{"@id":"https:\/\/www.correiobraziliense.com.br\/cbradar\/#\/schema\/person\/4053c651a9bfc785afc6f4cbc9032fd3"},"description":"Com 76 parques espalhados pela cidade, essa capital brasileira combina qualidade de vida, custo acess\u00edvel e \u00f3tima gastronomia.","breadcrumb":{"@id":"https:\/\/www.correiobraziliense.com.br\/cbradar\/eleita-a-2a-melhor-para-morar-essa-capital-une-custo-de-vida-baixo-76-parques-e-a-melhor-gastronomia-do-pais-hoje\/#breadcrumb"},"inLanguage":"pt-BR","potentialAction":[{"@type":"ReadAction","target":["https:\/\/www.correiobraziliense.com.br\/cbradar\/eleita-a-2a-melhor-para-morar-essa-capital-une-custo-de-vida-baixo-76-parques-e-a-melhor-gastronomia-do-pais-hoje\/"]}]},{"@type":"ImageObject","inLanguage":"pt-BR","@id":"https:\/\/www.correiobraziliense.com.br\/cbradar\/eleita-a-2a-melhor-para-morar-essa-capital-une-custo-de-vida-baixo-76-parques-e-a-melhor-gastronomia-do-pais-hoje\/#primaryimage","url":"https:\/\/www.correiobraziliense.com.br\/cbradar\/wp-content\/uploads\/2026\/02\/aaa-2026-02-15T035303.503.png","contentUrl":"https:\/\/www.correiobraziliense.com.br\/cbradar\/wp-content\/uploads\/2026\/02\/aaa-2026-02-15T035303.503.png","width":1280,"height":720,"caption":"Belo Horizonte foi a primeira cidade brasileira moderna planejada, fundada em 1897, desenhada com tra\u00e7ados geom\u00e9tricos inspirados em capitais europeias e americanas. \/ Imagem ilustrativa"},{"@type":"BreadcrumbList","@id":"https:\/\/www.correiobraziliense.com.br\/cbradar\/eleita-a-2a-melhor-para-morar-essa-capital-une-custo-de-vida-baixo-76-parques-e-a-melhor-gastronomia-do-pais-hoje\/#breadcrumb","itemListElement":[{"@type":"ListItem","position":1,"name":"In\u00edcio","item":"https:\/\/www.correiobraziliense.com.br\/cbradar\/"},{"@type":"ListItem","position":2,"name":"Eleita a 2\u00aa melhor para morar, essa capital une custo de vida baixo, 76 parques e a melhor gastronomia do pa\u00eds hoje"}]},{"@type":"WebSite","@id":"https:\/\/www.correiobraziliense.com.br\/cbradar\/#website","url":"https:\/\/www.correiobraziliense.com.br\/cbradar\/","name":"Correio Braziliense - Radar","description":"Acompanhe as \u00faltimas not\u00edcias e fique bem informado sobre tudo o que acontece no Brasil e no mundo.","potentialAction":[{"@type":"SearchAction","target":{"@type":"EntryPoint","urlTemplate":"https:\/\/www.correiobraziliense.com.br\/cbradar\/?s={search_term_string}"},"query-input":{"@type":"PropertyValueSpecification","valueRequired":true,"valueName":"search_term_string"}}],"inLanguage":"pt-BR"},{"@type":"Person","@id":"https:\/\/www.correiobraziliense.com.br\/cbradar\/#\/schema\/person\/4053c651a9bfc785afc6f4cbc9032fd3","name":"Maura Pereira","image":{"@type":"ImageObject","inLanguage":"pt-BR","@id":"https:\/\/www.correiobraziliense.com.br\/cbradar\/#\/schema\/person\/image\/","url":"https:\/\/secure.gravatar.com\/avatar\/3effd6bdadfa447f15089c7f7144eaa6?s=96&d=mm&r=g","contentUrl":"https:\/\/secure.gravatar.com\/avatar\/3effd6bdadfa447f15089c7f7144eaa6?s=96&d=mm&r=g","caption":"Maura Pereira"},"sameAs":["https:\/\/www.correiobraziliense.com.br\/"],"url":"https:\/\/www.correiobraziliense.com.br\/cbradar\/author\/mauramyth\/"}]}},"_links":{"self":[{"href":"https:\/\/www.correiobraziliense.com.br\/cbradar\/wp-json\/wp\/v2\/posts\/209122","targetHints":{"allow":["GET"]}}],"collection":[{"href":"https:\/\/www.correiobraziliense.com.br\/cbradar\/wp-json\/wp\/v2\/posts"}],"about":[{"href":"https:\/\/www.correiobraziliense.com.br\/cbradar\/wp-json\/wp\/v2\/types\/post"}],"author":[{"embeddable":true,"href":"https:\/\/www.correiobraziliense.com.br\/cbradar\/wp-json\/wp\/v2\/users\/8"}],"replies":[{"embeddable":true,"href":"https:\/\/www.correiobraziliense.com.br\/cbradar\/wp-json\/wp\/v2\/comments?post=209122"}],"version-history":[{"count":10,"href":"https:\/\/www.correiobraziliense.com.br\/cbradar\/wp-json\/wp\/v2\/posts\/209122\/revisions"}],"predecessor-version":[{"id":209178,"href":"https:\/\/www.correiobraziliense.com.br\/cbradar\/wp-json\/wp\/v2\/posts\/209122\/revisions\/209178"}],"wp:featuredmedia":[{"embeddable":true,"href":"https:\/\/www.correiobraziliense.com.br\/cbradar\/wp-json\/wp\/v2\/media\/193958"}],"wp:attachment":[{"href":"https:\/\/www.correiobraziliense.com.br\/cbradar\/wp-json\/wp\/v2\/media?parent=209122"}],"wp:term":[{"taxonomy":"category","embeddable":true,"href":"https:\/\/www.correiobraziliense.com.br\/cbradar\/wp-json\/wp\/v2\/categories?post=209122"},{"taxonomy":"post_tag","embeddable":true,"href":"https:\/\/www.correiobraziliense.com.br\/cbradar\/wp-json\/wp\/v2\/tags?post=209122"}],"curies":[{"name":"wp","href":"https:\/\/api.w.org\/{rel}","templated":true}]}}